{"id":7135,"date":"2023-05-17T21:39:29","date_gmt":"2023-05-17T21:39:29","guid":{"rendered":"https:\/\/kibrisdakik.com\/index.php\/2023\/05\/17\/bakan-oguz-sut-urunleri-imalatcilari-birligini-kabul-etti\/"},"modified":"2023-05-17T21:39:29","modified_gmt":"2023-05-17T21:39:29","slug":"bakan-oguz-sut-urunleri-imalatcilari-birligini-kabul-etti","status":"publish","type":"post","link":"https:\/\/kibrisdakik.com\/?p=7135","title":{"rendered":"Bakan O\u011fuz S\u00fct \u00dcr\u00fcnleri \u0130malat\u00e7\u0131lar\u0131 Birli\u011fi\u2019ni kabul etti"},"content":{"rendered":"<p><\/p>\n<div>\n<div class=\"mariselle-image-container center\">\n                <img width=\"1024\" height=\"768\" class=\"lazy-image\" alt=\"\" decoding=\"async\" loading=\"lazy\" sizes=\"auto, (max-width: 1024px) 100vw, 1024px\" src=\"https:\/\/brtk.net\/wp-content\/uploads\/2023\/05\/17\/347274747_1448986915945393_9089186131299737128_n-1024x768.jpg?ver=967f0839b7be8d5632362909d01aee2e\" srcset=\"https:\/\/brtk.net\/wp-content\/uploads\/2023\/05\/17\/347274747_1448986915945393_9089186131299737128_n-1024x768.jpg?ver=4fc1ed2b9eb22d81918a99feefbe13f5 1024w, https:\/\/brtk.net\/wp-content\/uploads\/2023\/05\/17\/347274747_1448986915945393_9089186131299737128_n-300x225.jpg?ver=967f0839b7be8d5632362909d01aee2e 300w, https:\/\/brtk.net\/wp-content\/uploads\/2023\/05\/17\/347274747_1448986915945393_9089186131299737128_n-768x576.jpg?ver=4fc1ed2b9eb22d81918a99feefbe13f5 768w, https:\/\/brtk.net\/wp-content\/uploads\/2023\/05\/17\/347274747_1448986915945393_9089186131299737128_n-1536x1152.jpg?ver=dad55d59924d7369d296e4910f900a13 1536w, https:\/\/brtk.net\/wp-content\/uploads\/2023\/05\/17\/347274747_1448986915945393_9089186131299737128_n.jpg?ver=967f0839b7be8d5632362909d01aee2e 2048w\"\/>                            <\/div>\n<p>Tar\u0131m ve Do\u011fal Kaynaklar Bakan\u0131 Dursun O\u011fuz, S\u00fct \u00dcreticileri Birli\u011fi Ba\u015fkan\u0131 Mahmut Erden ve beraberindeki heyeti kabul ederek, \u00fcreticilerin sorunlar\u0131 hakk\u0131nda neler yap\u0131labilece\u011fi konusunu ele ald\u0131.<\/p>\n<p>Toplant\u0131da, S\u00fct \u00dcr\u00fcnleri \u0130malat\u00e7\u0131lar\u0131 Birli\u011fi Ba\u015fkan\u0131 Mahmut Erden, imalat\u00e7\u0131lar\u0131n sorunlar\u0131n\u0131n g\u00fcn ge\u00e7tik\u00e7e artt\u0131\u011f\u0131n\u0131 belirterek, \u00fclkedeki ekonomiks\u0131k\u0131nt\u0131lardan dolay\u0131 imalat\u00e7\u0131lar\u0131n zor bir d\u00f6nemden ge\u00e7ti\u011fine i\u015fare etti.<\/p>\n<p>Ba\u015fkan Erden i\u00e7 ve d\u0131\u015f piyasada rekabet edebilirlik noktas\u0131nda s\u0131k\u0131nt\u0131lar ya\u015fand\u0131\u011f\u0131n\u0131 belirterek, \u015fu an fabrikalar\u0131n s\u00fct azl\u0131\u011f\u0131 nedeni ile \u00fc\u00e7te bir kapasitede \u00e7al\u0131\u015ft\u0131\u011f\u0131n\u0131 s\u00f6yledi.<\/p>\n<p>Erden konu\u015fmas\u0131nda 14 May\u0131s\u2019ta sona eren navlun deste\u011finin y\u0131l sonunakadar devam etmesi noktas\u0131nda gerekli \u00e7al\u0131\u015fmalar\u0131n yap\u0131lmas\u0131 i\u00e7in talepte de bulundu.<br \/>Tar\u0131m ve Do\u011fal Kaynaklar Bakan\u0131 Dursun O\u011fuz da \u00fclkede ya\u015fanan ekonomik sorunlar\u0131n fark\u0131nda olduklar\u0131n\u0131 ve t\u00fcm sekt\u00f6rlere e\u015fit duru\u015f sergilediklerinin alt\u0131n\u0131 \u00e7izdi. O\u011fuz, talepleri de\u011ferlendirerek b\u00fct\u00e7e \u00e7er\u00e7evesinde gerekli \u00e7al\u0131\u015fmalar\u0131 ba\u015flat\u0131laca\u011f\u0131n\u0131 s\u00f6yledi.<\/p>\n<\/p><\/div>\n<p><script async\n                    defer\n                    crossorigin=\"anonymous\"\n                    src=\"https:\/\/connect.facebook.net\/tr_TR\/sdk.js#xfbml=1&#038;version=v3.3\"\n            ><\/script><\/p>\n","protected":false},"excerpt":{"rendered":"<p>Tar\u0131m ve Do\u011fal Kaynaklar Bakan\u0131 Dursun O\u011fuz, S\u00fct \u00dcreticileri Birli\u011fi Ba\u015fkan\u0131 Mahmut Erden ve beraberindeki heyeti kabul ederek, \u00fcreticilerin sorunlar\u0131 hakk\u0131nda neler yap\u0131labilece\u011fi konusunu ele ald\u0131. Toplant\u0131da, S\u00fct \u00dcr\u00fcnleri \u0130malat\u00e7\u0131lar\u0131 Birli\u011fi Ba\u015fkan\u0131 Mahmut Erden, imalat\u00e7\u0131lar\u0131n sorunlar\u0131n\u0131n g\u00fcn ge\u00e7tik\u00e7e artt\u0131\u011f\u0131n\u0131 belirterek, \u00fclkedeki ekonomiks\u0131k\u0131nt\u0131lardan dolay\u0131 imalat\u00e7\u0131lar\u0131n zor bir d\u00f6nemden ge\u00e7ti\u011fine i\u015fare etti. Ba\u015fkan Erden i\u00e7 ve d\u0131\u015f<\/p>\n","protected":false},"author":1,"featured_media":7136,"comment_status":"open","ping_status":"open","sticky":false,"template":"","format":"standard","meta":{"footnotes":""},"categories":[1],"tags":[],"class_list":["post-7135","post","type-post","status-publish","format-standard","has-post-thumbnail","hentry","category-gundem"],"yoast_head":"<!-- This site is optimized with the Yoast SEO plugin v27.4 - https:\/\/yoast.com\/product\/yoast-seo-wordpress\/ -->\n<title>Bakan O\u011fuz S\u00fct \u00dcr\u00fcnleri \u0130malat\u00e7\u0131lar\u0131 Birli\u011fi\u2019ni kabul etti -<\/title>\n<meta name=\"robots\" content=\"index, follow, max-snippet:-1, max-image-preview:large, max-video-preview:-1\" \/>\n<link rel=\"canonical\" href=\"https:\/\/kibrisdakik.com\/?p=7135\" \/>\n<meta property=\"og:locale\" content=\"tr_TR\" \/>\n<meta property=\"og:type\" content=\"article\" \/>\n<meta property=\"og:title\" content=\"Bakan O\u011fuz S\u00fct \u00dcr\u00fcnleri \u0130malat\u00e7\u0131lar\u0131 Birli\u011fi\u2019ni kabul etti -\" \/>\n<meta property=\"og:description\" content=\"Tar\u0131m ve Do\u011fal Kaynaklar Bakan\u0131 Dursun O\u011fuz, S\u00fct \u00dcreticileri Birli\u011fi Ba\u015fkan\u0131 Mahmut Erden ve beraberindeki heyeti kabul ederek, \u00fcreticilerin sorunlar\u0131 hakk\u0131nda neler yap\u0131labilece\u011fi konusunu ele ald\u0131. Toplant\u0131da, S\u00fct \u00dcr\u00fcnleri \u0130malat\u00e7\u0131lar\u0131 Birli\u011fi Ba\u015fkan\u0131 Mahmut Erden, imalat\u00e7\u0131lar\u0131n sorunlar\u0131n\u0131n g\u00fcn ge\u00e7tik\u00e7e artt\u0131\u011f\u0131n\u0131 belirterek, \u00fclkedeki ekonomiks\u0131k\u0131nt\u0131lardan dolay\u0131 imalat\u00e7\u0131lar\u0131n zor bir d\u00f6nemden ge\u00e7ti\u011fine i\u015fare etti. Ba\u015fkan Erden i\u00e7 ve d\u0131\u015f\" \/>\n<meta property=\"og:url\" content=\"https:\/\/kibrisdakik.com\/?p=7135\" \/>\n<meta property=\"article:published_time\" content=\"2023-05-17T21:39:29+00:00\" \/>\n<meta property=\"og:image\" content=\"https:\/\/kibrisdakik.com\/wp-content\/uploads\/2023\/05\/347274747_1448986915945393_9089186131299737128_n-740x420.jpg\" \/>\n\t<meta property=\"og:image:width\" content=\"2048\" \/>\n\t<meta property=\"og:image:height\" content=\"1536\" \/>\n\t<meta property=\"og:image:type\" content=\"image\/jpeg\" \/>\n<meta name=\"author\" content=\"admin\" \/>\n<meta name=\"twitter:card\" content=\"summary_large_image\" \/>\n<meta name=\"twitter:label1\" content=\"Yazan:\" \/>\n\t<meta name=\"twitter:data1\" content=\"admin\" \/>\n\t<meta name=\"twitter:label2\" content=\"Tahmini okuma s\u00fcresi\" \/>\n\t<meta name=\"twitter:data2\" content=\"1 dakika\" \/>\n<script type=\"application\/ld+json\" class=\"yoast-schema-graph\">{\"@context\":\"https:\\\/\\\/schema.org\",\"@graph\":[{\"@type\":\"Article\",\"@id\":\"https:\\\/\\\/kibrisdakik.com\\\/?p=7135#article\",\"isPartOf\":{\"@id\":\"https:\\\/\\\/kibrisdakik.com\\\/?p=7135\"},\"author\":{\"name\":\"admin\",\"@id\":\"https:\\\/\\\/kibrisdakik.com\\\/#\\\/schema\\\/person\\\/9cd9d437bbb44f72b73ba127e06d8e79\"},\"headline\":\"Bakan O\u011fuz S\u00fct \u00dcr\u00fcnleri \u0130malat\u00e7\u0131lar\u0131 Birli\u011fi\u2019ni kabul etti\",\"datePublished\":\"2023-05-17T21:39:29+00:00\",\"mainEntityOfPage\":{\"@id\":\"https:\\\/\\\/kibrisdakik.com\\\/?p=7135\"},\"wordCount\":214,\"commentCount\":0,\"image\":{\"@id\":\"https:\\\/\\\/kibrisdakik.com\\\/?p=7135#primaryimage\"},\"thumbnailUrl\":\"https:\\\/\\\/kibrisdakik.com\\\/wp-content\\\/uploads\\\/2023\\\/05\\\/347274747_1448986915945393_9089186131299737128_n-740x420.jpg\",\"articleSection\":[\"G\u00fcndem\"],\"inLanguage\":\"tr\",\"potentialAction\":[{\"@type\":\"CommentAction\",\"name\":\"Comment\",\"target\":[\"https:\\\/\\\/kibrisdakik.com\\\/?p=7135#respond\"]}]},{\"@type\":\"WebPage\",\"@id\":\"https:\\\/\\\/kibrisdakik.com\\\/?p=7135\",\"url\":\"https:\\\/\\\/kibrisdakik.com\\\/?p=7135\",\"name\":\"Bakan O\u011fuz S\u00fct \u00dcr\u00fcnleri \u0130malat\u00e7\u0131lar\u0131 Birli\u011fi\u2019ni kabul etti -\",\"isPartOf\":{\"@id\":\"https:\\\/\\\/kibrisdakik.com\\\/#website\"},\"primaryImageOfPage\":{\"@id\":\"https:\\\/\\\/kibrisdakik.com\\\/?p=7135#primaryimage\"},\"image\":{\"@id\":\"https:\\\/\\\/kibrisdakik.com\\\/?p=7135#primaryimage\"},\"thumbnailUrl\":\"https:\\\/\\\/kibrisdakik.com\\\/wp-content\\\/uploads\\\/2023\\\/05\\\/347274747_1448986915945393_9089186131299737128_n-740x420.jpg\",\"datePublished\":\"2023-05-17T21:39:29+00:00\",\"author\":{\"@id\":\"https:\\\/\\\/kibrisdakik.com\\\/#\\\/schema\\\/person\\\/9cd9d437bbb44f72b73ba127e06d8e79\"},\"breadcrumb\":{\"@id\":\"https:\\\/\\\/kibrisdakik.com\\\/?p=7135#breadcrumb\"},\"inLanguage\":\"tr\",\"potentialAction\":[{\"@type\":\"ReadAction\",\"target\":[\"https:\\\/\\\/kibrisdakik.com\\\/?p=7135\"]}]},{\"@type\":\"ImageObject\",\"inLanguage\":\"tr\",\"@id\":\"https:\\\/\\\/kibrisdakik.com\\\/?p=7135#primaryimage\",\"url\":\"https:\\\/\\\/kibrisdakik.com\\\/wp-content\\\/uploads\\\/2023\\\/05\\\/347274747_1448986915945393_9089186131299737128_n-740x420.jpg\",\"contentUrl\":\"https:\\\/\\\/kibrisdakik.com\\\/wp-content\\\/uploads\\\/2023\\\/05\\\/347274747_1448986915945393_9089186131299737128_n-740x420.jpg\",\"width\":2048,\"height\":1536},{\"@type\":\"BreadcrumbList\",\"@id\":\"https:\\\/\\\/kibrisdakik.com\\\/?p=7135#breadcrumb\",\"itemListElement\":[{\"@type\":\"ListItem\",\"position\":1,\"name\":\"Home\",\"item\":\"https:\\\/\\\/kibrisdakik.com\\\/\"},{\"@type\":\"ListItem\",\"position\":2,\"name\":\"Bakan O\u011fuz S\u00fct \u00dcr\u00fcnleri \u0130malat\u00e7\u0131lar\u0131 Birli\u011fi\u2019ni kabul etti\"}]},{\"@type\":\"WebSite\",\"@id\":\"https:\\\/\\\/kibrisdakik.com\\\/#website\",\"url\":\"https:\\\/\\\/kibrisdakik.com\\\/\",\"name\":\"\",\"description\":\"Tam vaktinde haber\",\"potentialAction\":[{\"@type\":\"SearchAction\",\"target\":{\"@type\":\"EntryPoint\",\"urlTemplate\":\"https:\\\/\\\/kibrisdakik.com\\\/?s={search_term_string}\"},\"query-input\":{\"@type\":\"PropertyValueSpecification\",\"valueRequired\":true,\"valueName\":\"search_term_string\"}}],\"inLanguage\":\"tr\"},{\"@type\":\"Person\",\"@id\":\"https:\\\/\\\/kibrisdakik.com\\\/#\\\/schema\\\/person\\\/9cd9d437bbb44f72b73ba127e06d8e79\",\"name\":\"admin\",\"image\":{\"@type\":\"ImageObject\",\"inLanguage\":\"tr\",\"@id\":\"https:\\\/\\\/secure.gravatar.com\\\/avatar\\\/ccc17943b9d660506c869530f897617f7cb1c21a4bf30023f252596d83e1f007?s=96&d=mm&r=g\",\"url\":\"https:\\\/\\\/secure.gravatar.com\\\/avatar\\\/ccc17943b9d660506c869530f897617f7cb1c21a4bf30023f252596d83e1f007?s=96&d=mm&r=g\",\"contentUrl\":\"https:\\\/\\\/secure.gravatar.com\\\/avatar\\\/ccc17943b9d660506c869530f897617f7cb1c21a4bf30023f252596d83e1f007?s=96&d=mm&r=g\",\"caption\":\"admin\"},\"sameAs\":[\"https:\\\/\\\/kibrisdakik.com\"],\"url\":\"https:\\\/\\\/kibrisdakik.com\\\/?author=1\"}]}<\/script>\n<!-- \/ Yoast SEO plugin. -->","yoast_head_json":{"title":"Bakan O\u011fuz S\u00fct \u00dcr\u00fcnleri \u0130malat\u00e7\u0131lar\u0131 Birli\u011fi\u2019ni kabul etti -","robots":{"index":"index","follow":"follow","max-snippet":"max-snippet:-1","max-image-preview":"max-image-preview:large","max-video-preview":"max-video-preview:-1"},"canonical":"https:\/\/kibrisdakik.com\/?p=7135","og_locale":"tr_TR","og_type":"article","og_title":"Bakan O\u011fuz S\u00fct \u00dcr\u00fcnleri \u0130malat\u00e7\u0131lar\u0131 Birli\u011fi\u2019ni kabul etti -","og_description":"Tar\u0131m ve Do\u011fal Kaynaklar Bakan\u0131 Dursun O\u011fuz, S\u00fct \u00dcreticileri Birli\u011fi Ba\u015fkan\u0131 Mahmut Erden ve beraberindeki heyeti kabul ederek, \u00fcreticilerin sorunlar\u0131 hakk\u0131nda neler yap\u0131labilece\u011fi konusunu ele ald\u0131. Toplant\u0131da, S\u00fct \u00dcr\u00fcnleri \u0130malat\u00e7\u0131lar\u0131 Birli\u011fi Ba\u015fkan\u0131 Mahmut Erden, imalat\u00e7\u0131lar\u0131n sorunlar\u0131n\u0131n g\u00fcn ge\u00e7tik\u00e7e artt\u0131\u011f\u0131n\u0131 belirterek, \u00fclkedeki ekonomiks\u0131k\u0131nt\u0131lardan dolay\u0131 imalat\u00e7\u0131lar\u0131n zor bir d\u00f6nemden ge\u00e7ti\u011fine i\u015fare etti. Ba\u015fkan Erden i\u00e7 ve d\u0131\u015f","og_url":"https:\/\/kibrisdakik.com\/?p=7135","article_published_time":"2023-05-17T21:39:29+00:00","og_image":[{"width":2048,"height":1536,"url":"https:\/\/kibrisdakik.com\/wp-content\/uploads\/2023\/05\/347274747_1448986915945393_9089186131299737128_n-740x420.jpg","type":"image\/jpeg"}],"author":"admin","twitter_card":"summary_large_image","twitter_misc":{"Yazan:":"admin","Tahmini okuma s\u00fcresi":"1 dakika"},"schema":{"@context":"https:\/\/schema.org","@graph":[{"@type":"Article","@id":"https:\/\/kibrisdakik.com\/?p=7135#article","isPartOf":{"@id":"https:\/\/kibrisdakik.com\/?p=7135"},"author":{"name":"admin","@id":"https:\/\/kibrisdakik.com\/#\/schema\/person\/9cd9d437bbb44f72b73ba127e06d8e79"},"headline":"Bakan O\u011fuz S\u00fct \u00dcr\u00fcnleri \u0130malat\u00e7\u0131lar\u0131 Birli\u011fi\u2019ni kabul etti","datePublished":"2023-05-17T21:39:29+00:00","mainEntityOfPage":{"@id":"https:\/\/kibrisdakik.com\/?p=7135"},"wordCount":214,"commentCount":0,"image":{"@id":"https:\/\/kibrisdakik.com\/?p=7135#primaryimage"},"thumbnailUrl":"https:\/\/kibrisdakik.com\/wp-content\/uploads\/2023\/05\/347274747_1448986915945393_9089186131299737128_n-740x420.jpg","articleSection":["G\u00fcndem"],"inLanguage":"tr","potentialAction":[{"@type":"CommentAction","name":"Comment","target":["https:\/\/kibrisdakik.com\/?p=7135#respond"]}]},{"@type":"WebPage","@id":"https:\/\/kibrisdakik.com\/?p=7135","url":"https:\/\/kibrisdakik.com\/?p=7135","name":"Bakan O\u011fuz S\u00fct \u00dcr\u00fcnleri \u0130malat\u00e7\u0131lar\u0131 Birli\u011fi\u2019ni kabul etti -","isPartOf":{"@id":"https:\/\/kibrisdakik.com\/#website"},"primaryImageOfPage":{"@id":"https:\/\/kibrisdakik.com\/?p=7135#primaryimage"},"image":{"@id":"https:\/\/kibrisdakik.com\/?p=7135#primaryimage"},"thumbnailUrl":"https:\/\/kibrisdakik.com\/wp-content\/uploads\/2023\/05\/347274747_1448986915945393_9089186131299737128_n-740x420.jpg","datePublished":"2023-05-17T21:39:29+00:00","author":{"@id":"https:\/\/kibrisdakik.com\/#\/schema\/person\/9cd9d437bbb44f72b73ba127e06d8e79"},"breadcrumb":{"@id":"https:\/\/kibrisdakik.com\/?p=7135#breadcrumb"},"inLanguage":"tr","potentialAction":[{"@type":"ReadAction","target":["https:\/\/kibrisdakik.com\/?p=7135"]}]},{"@type":"ImageObject","inLanguage":"tr","@id":"https:\/\/kibrisdakik.com\/?p=7135#primaryimage","url":"https:\/\/kibrisdakik.com\/wp-content\/uploads\/2023\/05\/347274747_1448986915945393_9089186131299737128_n-740x420.jpg","contentUrl":"https:\/\/kibrisdakik.com\/wp-content\/uploads\/2023\/05\/347274747_1448986915945393_9089186131299737128_n-740x420.jpg","width":2048,"height":1536},{"@type":"BreadcrumbList","@id":"https:\/\/kibrisdakik.com\/?p=7135#breadcrumb","itemListElement":[{"@type":"ListItem","position":1,"name":"Home","item":"https:\/\/kibrisdakik.com\/"},{"@type":"ListItem","position":2,"name":"Bakan O\u011fuz S\u00fct \u00dcr\u00fcnleri \u0130malat\u00e7\u0131lar\u0131 Birli\u011fi\u2019ni kabul etti"}]},{"@type":"WebSite","@id":"https:\/\/kibrisdakik.com\/#website","url":"https:\/\/kibrisdakik.com\/","name":"","description":"Tam vaktinde haber","potentialAction":[{"@type":"SearchAction","target":{"@type":"EntryPoint","urlTemplate":"https:\/\/kibrisdakik.com\/?s={search_term_string}"},"query-input":{"@type":"PropertyValueSpecification","valueRequired":true,"valueName":"search_term_string"}}],"inLanguage":"tr"},{"@type":"Person","@id":"https:\/\/kibrisdakik.com\/#\/schema\/person\/9cd9d437bbb44f72b73ba127e06d8e79","name":"admin","image":{"@type":"ImageObject","inLanguage":"tr","@id":"https:\/\/secure.gravatar.com\/avatar\/ccc17943b9d660506c869530f897617f7cb1c21a4bf30023f252596d83e1f007?s=96&d=mm&r=g","url":"https:\/\/secure.gravatar.com\/avatar\/ccc17943b9d660506c869530f897617f7cb1c21a4bf30023f252596d83e1f007?s=96&d=mm&r=g","contentUrl":"https:\/\/secure.gravatar.com\/avatar\/ccc17943b9d660506c869530f897617f7cb1c21a4bf30023f252596d83e1f007?s=96&d=mm&r=g","caption":"admin"},"sameAs":["https:\/\/kibrisdakik.com"],"url":"https:\/\/kibrisdakik.com\/?author=1"}]}},"_links":{"self":[{"href":"https:\/\/kibrisdakik.com\/index.php?rest_route=\/wp\/v2\/posts\/7135","targetHints":{"allow":["GET"]}}],"collection":[{"href":"https:\/\/kibrisdakik.com\/index.php?rest_route=\/wp\/v2\/posts"}],"about":[{"href":"https:\/\/kibrisdakik.com\/index.php?rest_route=\/wp\/v2\/types\/post"}],"author":[{"embeddable":true,"href":"https:\/\/kibrisdakik.com\/index.php?rest_route=\/wp\/v2\/users\/1"}],"replies":[{"embeddable":true,"href":"https:\/\/kibrisdakik.com\/index.php?rest_route=%2Fwp%2Fv2%2Fcomments&post=7135"}],"version-history":[{"count":0,"href":"https:\/\/kibrisdakik.com\/index.php?rest_route=\/wp\/v2\/posts\/7135\/revisions"}],"wp:featuredmedia":[{"embeddable":true,"href":"https:\/\/kibrisdakik.com\/index.php?rest_route=\/wp\/v2\/media\/7136"}],"wp:attachment":[{"href":"https:\/\/kibrisdakik.com\/index.php?rest_route=%2Fwp%2Fv2%2Fmedia&parent=7135"}],"wp:term":[{"taxonomy":"category","embeddable":true,"href":"https:\/\/kibrisdakik.com\/index.php?rest_route=%2Fwp%2Fv2%2Fcategories&post=7135"},{"taxonomy":"post_tag","embeddable":true,"href":"https:\/\/kibrisdakik.com\/index.php?rest_route=%2Fwp%2Fv2%2Ftags&post=7135"}],"curies":[{"name":"wp","href":"https:\/\/api.w.org\/{rel}","templated":true}]}}