{"id":71352,"date":"2024-12-12T06:42:08","date_gmt":"2024-12-12T03:42:08","guid":{"rendered":"https:\/\/kibrisdakik.com\/index.php\/2024\/12\/12\/mecliste-bayindirlik-ve-ulastirma-bakanligi-ile-bthk-butceleri-kabul-edildi\/"},"modified":"2024-12-12T06:42:08","modified_gmt":"2024-12-12T03:42:08","slug":"mecliste-bayindirlik-ve-ulastirma-bakanligi-ile-bthk-butceleri-kabul-edildi","status":"publish","type":"post","link":"https:\/\/kibrisdakik.com\/?p=71352","title":{"rendered":"Meclis\u2019te Bay\u0131nd\u0131rl\u0131k ve Ula\u015ft\u0131rma Bakanl\u0131\u011f\u0131 ile BTHK b\u00fct\u00e7eleri kabul edildi"},"content":{"rendered":"<div>\n<div class=\"mariselle-image-container center\">\n                                            <\/div>\n<p>\u00a0<\/p>\n<p style=\"font-weight: 300;\"><span style=\"font-weight: 300 !important;\">Meclis Genel Kurulu\u2019nda, 3 milyar 247 milyon 384 bin TL\u2019lik Bay\u0131nd\u0131rl\u0131k ve Ula\u015ft\u0131rma Bakanl\u0131\u011f\u0131 b\u00fct\u00e7esi ile 298 milyon 120 bin TL\u2019lik Bilgi Teknolojileri ve Haberle\u015fme Kurumu b\u00fct\u00e7esi oy\u00e7oklu\u011fuyla kabul edildi.<\/span><\/p>\n<p style=\"font-weight: 300;\"><span style=\"font-weight: 300 !important;\">-\u00d6zuslu<\/span><\/p>\n<p style=\"font-weight: 300;\"><span style=\"font-weight: 300 !important;\">CTP Milletvekili Sami \u00d6zuslu, konu\u015fmas\u0131nda son 2 y\u0131lda trafikte \u00f6l\u00fcmlerde rekor \u00fczerine rekor k\u0131r\u0131ld\u0131\u011f\u0131n\u0131, ge\u00e7en y\u0131l boyunca 47; bu y\u0131l ise bug\u00fcne kadar yine 47 ki\u015finin hayat\u0131n\u0131 kaybetti\u011fini kaydetti.<\/span><\/p>\n<p style=\"font-weight: 300;\"><span style=\"font-weight: 300 !important;\">N\u00fcfusun ve ara\u00e7 miktar\u0131n\u0131n artt\u0131\u011f\u0131n\u0131 dile getiren \u00d6zuslu,\u00a0<\/span>ancak bunun\u00a0<span style=\"font-weight: 300 !important;\">trafik kazalar\u0131n\u0131n ve trafikte \u00f6l\u00fcmlerin art\u0131\u015f\u0131n\u0131 tek ba\u015f\u0131na a\u00e7\u0131klayamayaca\u011f\u0131n\u0131 belirtti.<\/span><\/p>\n<p style=\"font-weight: 300;\"><span style=\"font-weight: 300 !important;\">Avrupa Birli\u011fi\u2019nin trafik kazalar\u0131yla ilgili vizyonu hakk\u0131nda bilgi veren \u00d6zuslu, palyatif \u00e7\u00f6z\u00fcmler yerine bir vizyonla hareket etmek gerekti\u011fini kaydetti.<\/span><\/p>\n<p style=\"font-weight: 300;\"><span style=\"font-weight: 300 !important;\">Vizyon \u00e7al\u0131\u015fmas\u0131 yap\u0131lmas\u0131, altyap\u0131, trafik e\u011fitimi, ehliyet verme s\u00fcre\u00e7leri, ara\u00e7 muayenesi, sinyalizasyon, ayd\u0131nlatma gibi hususlar\u0131n dikkate al\u0131nmas\u0131 gerekti\u011fini belirten \u00d6zuslu, 2025 y\u0131l\u0131n\u0131n trafikte acil durum ilan edilmesi gerekti\u011fini ifade etti.<\/span><\/p>\n<p style=\"font-weight: 300;\"><span style=\"font-weight: 300 !important;\">Yollardaki ara\u00e7 say\u0131s\u0131n\u0131n belirlenmesi i\u00e7in yap\u0131lan \u00e7al\u0131\u015fmaya i\u015faret eden \u00d6zuslu, bu gibi verilerin art\u0131r\u0131lmas\u0131 ve s\u0131k\u0131\u015f\u0131k b\u00f6lgelerin rahatlat\u0131lmas\u0131 i\u00e7in \u00e7al\u0131\u015fma yap\u0131lmas\u0131 gerekti\u011fini anlatt\u0131.<\/span><\/p>\n<p style=\"font-weight: 300;\"><span style=\"font-weight: 300 !important;\">Yeri geldik\u00e7e h\u00fck\u00fcmete te\u015fekk\u00fcr ettiklerini de belirten \u00d6zuslu, engelli istihdam\u0131 yapt\u0131\u011f\u0131 i\u00e7in h\u00fck\u00fcmete te\u015fekk\u00fcr etti.<\/span><\/p>\n<p style=\"font-weight: 300;\"><span style=\"font-weight: 300 !important;\">-\u0130ncirli<\/span><\/p>\n<p style=\"font-weight: 300;\"><span style=\"font-weight: 300 !important;\">CTP Milletvekili S\u0131la Usar \u0130ncirli b\u00fct\u00e7e \u00fczerine yapt\u0131\u011f\u0131 konu\u015fmada, bakanl\u0131k b\u00fct\u00e7esinin yetersiz oldu\u011funu kaydetti.<\/span><\/p>\n<p style=\"font-weight: 300;\"><span style=\"font-weight: 300 !important;\">\u00dclkenin bak\u0131ms\u0131z ve sefil bir g\u00f6r\u00fcnt\u00fcde oldu\u011funu, yollar\u0131n\u0131n yetersiz ve karanl\u0131k oldu\u011funu ifade den \u0130ncirli, devlet kurumlar\u0131n\u0131n bir masa etraf\u0131nda oturup bunu \u00e7\u00f6zmesi gerekti\u011fini belirtti.<\/span><\/p>\n<p style=\"font-weight: 300;\"><span style=\"font-weight: 300 !important;\">\u00a0\u00dclkenin ciddi bir ula\u015f\u0131m krizinde oldu\u011funu ancak bakan\u0131n bununla ilgileniyor gibi g\u00f6r\u00fcnmedi\u011fini savunan\u00a0 \u0130ncirli, hem ya\u015fam hem ekonominin ula\u015f\u0131ma muhta\u00e7 oldu\u011funu vurgulad\u0131.<\/span><\/p>\n<p style=\"font-weight: 300;\"><span style=\"font-weight: 300 !important;\">Sava\u015ftan \u00e7\u0131kan bir \u00fclke olarak mevcut yollar in\u015fa edilmi\u015fken \u015fu an gerekli yol \u00e7al\u0131\u015fmalar\u0131n\u0131n yap\u0131lmad\u0131\u011f\u0131n\u0131, bunun kabul edilebilir olmad\u0131\u011f\u0131n\u0131 savunan \u0130ncirli, internet altyap\u0131s\u0131 i\u00e7in gerekli altyap\u0131n\u0131n hayata ge\u00e7mesini istedi.<\/span><\/p>\n<p style=\"font-weight: 300;\"><span style=\"font-weight: 300 !important;\">\u201cTrafik kazalar\u0131ndan \u00f6l\u00fcmler \u00f6nlenebilir\u201d diyen \u0130ncirli, devletin bu konuda sorumlulu\u011fu oldu\u011funu s\u00f6yledi. \u0130ncirli, yeni yollara da ihtiya\u00e7 oldu\u011funu ve kazalar\u0131n yo\u011fun oldu\u011fu yollarda s\u00fcr\u00fcc\u00fclerin g\u00fcvenli\u011fi i\u00e7in iyile\u015ftirmeler yap\u0131lmas\u0131 gerekti\u011fini ifade etti.<\/span><\/p>\n<p style=\"font-weight: 300;\"><span style=\"font-weight: 300 !important;\">-Bar\u00e7\u0131n<\/span><\/p>\n<p style=\"font-weight: 300;\"><span style=\"font-weight: 300 !important;\">CTP Milletvekili Devrim Bar\u00e7\u0131n ise Ara\u00e7 Kay\u0131t Dairesi\u2019nde yasaya ayk\u0131r\u0131 \u015fekilde 10 y\u0131l geriye d\u00f6n\u00fck muayene ve seyr\u00fcsefer har\u00e7lar\u0131n\u0131n \u00f6demesinin al\u0131nd\u0131\u011f\u0131n\u0131 ileri s\u00fcrd\u00fc.<\/span><\/p>\n<p style=\"font-weight: 300;\"><span style=\"font-weight: 300 !important;\">\u0130lgili yasa maddesine de\u011finen Bar\u00e7\u0131n, kayd\u0131 iptal edilen ara\u00e7lar\u0131n ancak yeniden kayd\u0131n\u0131 yapmas\u0131 ve \u00f6deme yapmas\u0131 sonras\u0131nda 10 y\u0131la kadar \u00f6deme yap\u0131labilece\u011fini ancak kay\u0131t iptalinin kald\u0131r\u0131ld\u0131\u011f\u0131n\u0131 savundu.<\/span><\/p>\n<p style=\"font-weight: 300;\"><span style=\"font-weight: 300 !important;\">Bar\u00e7\u0131n bu \u015fekilde vatanda\u015fa \u201cfaizini \u00f6dersen muayenesiz ara\u00e7 s\u00fcrebilirsin\u201d dendi\u011fini belirtti.<\/span><\/p>\n<p style=\"font-weight: 300;\"><span style=\"font-weight: 300 !important;\">-Baybars<\/span><\/p>\n<p style=\"font-weight: 300;\"><span style=\"font-weight: 300 !important;\">Ba\u011f\u0131ms\u0131z milletvekili Ay\u015feg\u00fcl Baybars, paras\u0131z yap\u0131lacak i\u015flerin de yap\u0131lmad\u0131\u011f\u0131n\u0131 s\u00f6yledi. \u201cSiz h\u00fck\u00fcmetin orta\u011f\u0131 olarak kamu maliyesi gelirlerini art\u0131rmak i\u00e7in herhangi bir ad\u0131m atmad\u0131n\u0131z\u201d diyen Baybars, \u00fclkedeki trafik g\u00fcvenli\u011finin sa\u011flanmas\u0131 i\u00e7in at\u0131lmas\u0131 gereken ad\u0131mlar oldu\u011funu s\u00f6yledi.<\/span><\/p>\n<p style=\"font-weight: 300;\"><span style=\"font-weight: 300 !important;\">Ercan Havaliman\u0131\u2019ndaki g\u00f6r\u00fcnt\u00fcn\u00fcn \u00fclkenin k\u00fclt\u00fcrel dokusuna uygun olmad\u0131\u011f\u0131n\u0131 dile getiren Baybars, casino giri\u015fi gibi giri\u015fler yap\u0131lmas\u0131n\u0131n \u00fclke imaj\u0131na zarar verdi\u011fini kaydetti.<\/span><\/p>\n<p style=\"font-weight: 300;\"><span style=\"font-weight: 300 !important;\">Ara\u00e7 muayene istasyonlar\u0131yla ilgili ihaleye \u00e7\u0131k\u0131laca\u011f\u0131n\u0131n s\u00f6ylendi\u011fini dile getiren Baybars, bu konuda hangi noktada olundu\u011funu sordu.<\/span><\/p>\n<p style=\"font-weight: 300;\"><span style=\"font-weight: 300 !important;\">Limanlar\u0131n \u00f6zelle\u015ftirilmesi ve liman i\u015f\u00e7ileri konusunda durumun ne oldu\u011funu da soran Baybars, plan\u0131n ne oldu\u011funu sordu.<\/span><\/p>\n<p style=\"font-weight: 300;\"><span style=\"font-weight: 300 !important;\">Baybars h\u00fck\u00fcmetin yol g\u00fcvenli\u011fi eylem plan\u0131n\u0131 da merak etti\u011fini dile getirdi.<\/span><\/p>\n<p style=\"font-weight: 300;\"><span style=\"font-weight: 300 !important;\">Fiber optik altyap\u0131s\u0131 konusunda bir konsorsiyumdan bahsedildi\u011fini s\u00f6yleyen Baybars, bu konunun da ne noktada oldu\u011funu sordu.<\/span><\/p>\n<p style=\"font-weight: 300;\"><span style=\"font-weight: 300 !important;\">-Ar\u0131kl\u0131<\/span><\/p>\n<p style=\"font-weight: 300;\"><span style=\"font-weight: 300 !important;\">\u00a0Bay\u0131nd\u0131rl\u0131k ve Ula\u015ft\u0131rma Bakan\u0131 Erhan Ar\u0131kl\u0131 ise, milletvekillerine yan\u0131t vermek \u00fczere k\u00fcrs\u00fcye \u00e7\u0131kt\u0131. Di\u011fer partilerin y\u0131llar boyu h\u00fck\u00fcmette oldu\u011funu dile getiren Ar\u0131kl\u0131 \u201cKronikle\u015fmi\u015f sorunlar\u0131n m\u00fcsebbibi hepimiziz\u201d dedi, bu sorunlardan sadece 3 y\u0131ll\u0131k h\u00fck\u00fcmetin sorumlu tutulamayaca\u011f\u0131n\u0131 kaydetti.<\/span><\/p>\n<p style=\"font-weight: 300;\"><span style=\"font-weight: 300 !important;\">Ar\u0131kl\u0131 mevcut b\u00fct\u00e7e ile hayallerindeki icraatlar\u0131 yapmalar\u0131n\u0131n m\u00fcmk\u00fcn olmad\u0131\u011f\u0131n\u0131 da dile getirdi.<\/span><\/p>\n<p style=\"font-weight: 300;\"><span style=\"font-weight: 300 !important;\">Karayollar\u0131nda kadro ve ara\u00e7 s\u0131k\u0131nt\u0131s\u0131na i\u015faret eden Ar\u0131kl\u0131, yap\u0131lan asfaltlama \u00e7al\u0131\u015fmalar\u0131na i\u015faret etti, \u201cToplam 6 bin 425 ton asfalt ald\u0131k\u201d dedi.<\/span><\/p>\n<p style=\"font-weight: 300;\"><span style=\"font-weight: 300 !important;\">\u201c10 y\u0131ll\u0131k muayene tamamen keyfi\u201d diyen Ar\u0131kl\u0131, bunun kendisine g\u00f6re de bir haks\u0131zl\u0131k oldu\u011funu ifade etti.<\/span><\/p>\n<p style=\"font-weight: 300;\"><span style=\"font-weight: 300 !important;\">\u00a0\u00d6nlerinde icraatlar i\u00e7in 2027\u2019ye kadar zaman oldu\u011funu ifade eden Ar\u0131kl\u0131, \u00e7\u0131kar\u0131lmas\u0131 gereken yasalar\u0131, gelir getirici faaliyetleri ele alacaklar\u0131n\u0131 kaydederek, bunun h\u00fck\u00fcmette kriz oldu\u011fu anlam\u0131na gelmeyece\u011fini dile getirdi.<\/span><\/p>\n<p style=\"font-weight: 300;\"><span style=\"font-weight: 300 !important;\">Sabit radar cezalar\u0131 konusunda yap\u0131lan ele\u015ftirilere de\u011finen Ar\u0131kl\u0131, konunun tamamen polisin uhdesinde oldu\u011funu kaydetti.<\/span><\/p>\n<p style=\"font-weight: 300;\"><span style=\"font-weight: 300 !important;\">Ercan\u2019da kumarhane tabelalar\u0131 olmad\u0131\u011f\u0131n\u0131, otel reklamlar\u0131 oldu\u011funu ve bundan al\u0131nan paran\u0131n y\u00fczde 48+KDV\u2019sinin devlete geldi\u011fini dile getiren Ar\u0131kl\u0131, \u201cNe yapal\u0131m kald\u0131ral\u0131m m\u0131?\u201d diye sordu.<\/span><\/p>\n<p style=\"font-weight: 300;\"><span style=\"font-weight: 300 !important;\">Ar\u0131kl\u0131, fiber optikle ilgili konsorsiyum kuruldu\u011funu, devletin cebinden para \u00e7\u0131kmadan bu projenin ger\u00e7ekle\u015ftirilece\u011fini anlatt\u0131<\/span><\/p>\n<p style=\"font-weight: 300;\"><span style=\"font-weight: 300 !important;\">Kuzey \u00e7evre yolunun nisanda bitece\u011fini dile getiren Ar\u0131kl\u0131, bunun i\u00e7in olan istimlak bedelinin TC taraf\u0131ndan \u00f6dendi\u011fini anlatt\u0131.<\/span><\/p>\n<p style=\"font-weight: 300;\"><span style=\"font-weight: 300 !important;\">Da\u011f yolu konusunda, ishale hatlar\u0131 ve istimlak problemi nedeniyle projeden vazge\u00e7ilmek zorunda kald\u0131klar\u0131n\u0131 dile getiren Ar\u0131kl\u0131, yolu birer metre geni\u015fleterek mevcut yolu geni\u015fletme yoluna gideceklerini dile getirdi.<\/span><\/p>\n<p style=\"font-weight: 300;\">Konu\u015fmalar\u0131n ard\u0131ndan\u00a0<span style=\"font-weight: 300 !important;\">3 milyar 247 milyon 384 bin TL\u2019lik Bay\u0131nd\u0131rl\u0131k ve Ula\u015ft\u0131rma Bakanl\u0131\u011f\u0131 b\u00fct\u00e7esi oy\u00e7oklu\u011fuyla kabul edildi.<\/span><\/p>\n<p style=\"font-weight: 300;\"><span style=\"font-weight: 300 !important;\">-BTHK b\u00fct\u00e7esi de kabul edildi<\/span><\/p>\n<p style=\"font-weight: 300;\"><span style=\"font-weight: 300 !important;\">Genel Kurul\u2019da 298 milyon 120 bin TL\u2019lik Bilgi Teknolojileri ve Haberle\u015fme Kurumu b\u00fct\u00e7esi de oy\u00e7oklu\u011fuyla kabul edildi.<\/span><\/p>\n<\/div>\n<p><script async\n                    defer\n                    crossorigin=\"anonymous\"\n                    src=\"https:\/\/connect.facebook.net\/tr_TR\/sdk.js#xfbml=1&#038;version=v3.3\"\n            ><\/script><\/p>\n","protected":false},"excerpt":{"rendered":"<p>\u00a0 Meclis Genel Kurulu\u2019nda, 3 milyar 247 milyon 384 bin TL\u2019lik Bay\u0131nd\u0131rl\u0131k ve Ula\u015ft\u0131rma Bakanl\u0131\u011f\u0131 b\u00fct\u00e7esi ile 298 milyon 120 bin TL\u2019lik Bilgi Teknolojileri ve Haberle\u015fme Kurumu b\u00fct\u00e7esi oy\u00e7oklu\u011fuyla kabul edildi. -\u00d6zuslu CTP Milletvekili Sami \u00d6zuslu, konu\u015fmas\u0131nda son 2 y\u0131lda trafikte \u00f6l\u00fcmlerde rekor \u00fczerine rekor k\u0131r\u0131ld\u0131\u011f\u0131n\u0131, ge\u00e7en y\u0131l boyunca 47; bu y\u0131l ise bug\u00fcne kadar<\/p>\n","protected":false},"author":1,"featured_media":71353,"comment_status":"open","ping_status":"open","sticky":false,"template":"","format":"standard","meta":{"footnotes":""},"categories":[81],"tags":[],"class_list":["post-71352","post","type-post","status-publish","format-standard","has-post-thumbnail","hentry","category-kibris"],"yoast_head":"<!-- This site is optimized with the Yoast SEO plugin v27.5 - https:\/\/yoast.com\/product\/yoast-seo-wordpress\/ -->\n<title>Meclis\u2019te Bay\u0131nd\u0131rl\u0131k ve Ula\u015ft\u0131rma Bakanl\u0131\u011f\u0131 ile BTHK b\u00fct\u00e7eleri kabul edildi -<\/title>\n<meta name=\"robots\" content=\"index, follow, max-snippet:-1, max-image-preview:large, max-video-preview:-1\" \/>\n<link rel=\"canonical\" href=\"https:\/\/kibrisdakik.com\/?p=71352\" \/>\n<meta property=\"og:locale\" content=\"tr_TR\" \/>\n<meta property=\"og:type\" content=\"article\" \/>\n<meta property=\"og:title\" content=\"Meclis\u2019te Bay\u0131nd\u0131rl\u0131k ve Ula\u015ft\u0131rma Bakanl\u0131\u011f\u0131 ile BTHK b\u00fct\u00e7eleri kabul edildi -\" \/>\n<meta property=\"og:description\" content=\"\u00a0 Meclis Genel Kurulu\u2019nda, 3 milyar 247 milyon 384 bin TL\u2019lik Bay\u0131nd\u0131rl\u0131k ve Ula\u015ft\u0131rma Bakanl\u0131\u011f\u0131 b\u00fct\u00e7esi ile 298 milyon 120 bin TL\u2019lik Bilgi Teknolojileri ve Haberle\u015fme Kurumu b\u00fct\u00e7esi oy\u00e7oklu\u011fuyla kabul edildi. -\u00d6zuslu CTP Milletvekili Sami \u00d6zuslu, konu\u015fmas\u0131nda son 2 y\u0131lda trafikte \u00f6l\u00fcmlerde rekor \u00fczerine rekor k\u0131r\u0131ld\u0131\u011f\u0131n\u0131, ge\u00e7en y\u0131l boyunca 47; bu y\u0131l ise bug\u00fcne kadar\" \/>\n<meta property=\"og:url\" content=\"https:\/\/kibrisdakik.com\/?p=71352\" \/>\n<meta property=\"article:published_time\" content=\"2024-12-12T03:42:08+00:00\" \/>\n<meta property=\"og:image\" content=\"https:\/\/kibrisdakik.com\/wp-content\/uploads\/2024\/12\/IMG-20241209-WA0023-740x420.jpg\" \/>\n\t<meta property=\"og:image:width\" content=\"1600\" \/>\n\t<meta property=\"og:image:height\" content=\"1066\" \/>\n\t<meta property=\"og:image:type\" content=\"image\/jpeg\" \/>\n<meta name=\"author\" content=\"admin\" \/>\n<meta name=\"twitter:card\" content=\"summary_large_image\" \/>\n<meta name=\"twitter:label1\" content=\"Yazan:\" \/>\n\t<meta name=\"twitter:data1\" content=\"admin\" \/>\n\t<meta name=\"twitter:label2\" content=\"Tahmini okuma s\u00fcresi\" \/>\n\t<meta name=\"twitter:data2\" content=\"5 dakika\" \/>\n<script type=\"application\/ld+json\" class=\"yoast-schema-graph\">{\"@context\":\"https:\\\/\\\/schema.org\",\"@graph\":[{\"@type\":\"Article\",\"@id\":\"https:\\\/\\\/kibrisdakik.com\\\/?p=71352#article\",\"isPartOf\":{\"@id\":\"https:\\\/\\\/kibrisdakik.com\\\/?p=71352\"},\"author\":{\"name\":\"admin\",\"@id\":\"https:\\\/\\\/kibrisdakik.com\\\/#\\\/schema\\\/person\\\/9cd9d437bbb44f72b73ba127e06d8e79\"},\"headline\":\"Meclis\u2019te Bay\u0131nd\u0131rl\u0131k ve Ula\u015ft\u0131rma Bakanl\u0131\u011f\u0131 ile BTHK b\u00fct\u00e7eleri kabul edildi\",\"datePublished\":\"2024-12-12T03:42:08+00:00\",\"mainEntityOfPage\":{\"@id\":\"https:\\\/\\\/kibrisdakik.com\\\/?p=71352\"},\"wordCount\":1075,\"commentCount\":0,\"image\":{\"@id\":\"https:\\\/\\\/kibrisdakik.com\\\/?p=71352#primaryimage\"},\"thumbnailUrl\":\"https:\\\/\\\/kibrisdakik.com\\\/wp-content\\\/uploads\\\/2024\\\/12\\\/IMG-20241209-WA0023-740x420.jpg\",\"articleSection\":[\"K\u0131br\u0131s\"],\"inLanguage\":\"tr\",\"potentialAction\":[{\"@type\":\"CommentAction\",\"name\":\"Comment\",\"target\":[\"https:\\\/\\\/kibrisdakik.com\\\/?p=71352#respond\"]}]},{\"@type\":\"WebPage\",\"@id\":\"https:\\\/\\\/kibrisdakik.com\\\/?p=71352\",\"url\":\"https:\\\/\\\/kibrisdakik.com\\\/?p=71352\",\"name\":\"Meclis\u2019te Bay\u0131nd\u0131rl\u0131k ve Ula\u015ft\u0131rma Bakanl\u0131\u011f\u0131 ile BTHK b\u00fct\u00e7eleri kabul edildi -\",\"isPartOf\":{\"@id\":\"https:\\\/\\\/kibrisdakik.com\\\/#website\"},\"primaryImageOfPage\":{\"@id\":\"https:\\\/\\\/kibrisdakik.com\\\/?p=71352#primaryimage\"},\"image\":{\"@id\":\"https:\\\/\\\/kibrisdakik.com\\\/?p=71352#primaryimage\"},\"thumbnailUrl\":\"https:\\\/\\\/kibrisdakik.com\\\/wp-content\\\/uploads\\\/2024\\\/12\\\/IMG-20241209-WA0023-740x420.jpg\",\"datePublished\":\"2024-12-12T03:42:08+00:00\",\"author\":{\"@id\":\"https:\\\/\\\/kibrisdakik.com\\\/#\\\/schema\\\/person\\\/9cd9d437bbb44f72b73ba127e06d8e79\"},\"breadcrumb\":{\"@id\":\"https:\\\/\\\/kibrisdakik.com\\\/?p=71352#breadcrumb\"},\"inLanguage\":\"tr\",\"potentialAction\":[{\"@type\":\"ReadAction\",\"target\":[\"https:\\\/\\\/kibrisdakik.com\\\/?p=71352\"]}]},{\"@type\":\"ImageObject\",\"inLanguage\":\"tr\",\"@id\":\"https:\\\/\\\/kibrisdakik.com\\\/?p=71352#primaryimage\",\"url\":\"https:\\\/\\\/kibrisdakik.com\\\/wp-content\\\/uploads\\\/2024\\\/12\\\/IMG-20241209-WA0023-740x420.jpg\",\"contentUrl\":\"https:\\\/\\\/kibrisdakik.com\\\/wp-content\\\/uploads\\\/2024\\\/12\\\/IMG-20241209-WA0023-740x420.jpg\",\"width\":1600,\"height\":1066},{\"@type\":\"BreadcrumbList\",\"@id\":\"https:\\\/\\\/kibrisdakik.com\\\/?p=71352#breadcrumb\",\"itemListElement\":[{\"@type\":\"ListItem\",\"position\":1,\"name\":\"Home\",\"item\":\"https:\\\/\\\/kibrisdakik.com\\\/\"},{\"@type\":\"ListItem\",\"position\":2,\"name\":\"Meclis\u2019te Bay\u0131nd\u0131rl\u0131k ve Ula\u015ft\u0131rma Bakanl\u0131\u011f\u0131 ile BTHK b\u00fct\u00e7eleri kabul edildi\"}]},{\"@type\":\"WebSite\",\"@id\":\"https:\\\/\\\/kibrisdakik.com\\\/#website\",\"url\":\"https:\\\/\\\/kibrisdakik.com\\\/\",\"name\":\"\",\"description\":\"Tam vaktinde haber\",\"potentialAction\":[{\"@type\":\"SearchAction\",\"target\":{\"@type\":\"EntryPoint\",\"urlTemplate\":\"https:\\\/\\\/kibrisdakik.com\\\/?s={search_term_string}\"},\"query-input\":{\"@type\":\"PropertyValueSpecification\",\"valueRequired\":true,\"valueName\":\"search_term_string\"}}],\"inLanguage\":\"tr\"},{\"@type\":\"Person\",\"@id\":\"https:\\\/\\\/kibrisdakik.com\\\/#\\\/schema\\\/person\\\/9cd9d437bbb44f72b73ba127e06d8e79\",\"name\":\"admin\",\"image\":{\"@type\":\"ImageObject\",\"inLanguage\":\"tr\",\"@id\":\"https:\\\/\\\/secure.gravatar.com\\\/avatar\\\/ccc17943b9d660506c869530f897617f7cb1c21a4bf30023f252596d83e1f007?s=96&d=mm&r=g\",\"url\":\"https:\\\/\\\/secure.gravatar.com\\\/avatar\\\/ccc17943b9d660506c869530f897617f7cb1c21a4bf30023f252596d83e1f007?s=96&d=mm&r=g\",\"contentUrl\":\"https:\\\/\\\/secure.gravatar.com\\\/avatar\\\/ccc17943b9d660506c869530f897617f7cb1c21a4bf30023f252596d83e1f007?s=96&d=mm&r=g\",\"caption\":\"admin\"},\"sameAs\":[\"https:\\\/\\\/kibrisdakik.com\"],\"url\":\"https:\\\/\\\/kibrisdakik.com\\\/?author=1\"}]}<\/script>\n<!-- \/ Yoast SEO plugin. -->","yoast_head_json":{"title":"Meclis\u2019te Bay\u0131nd\u0131rl\u0131k ve Ula\u015ft\u0131rma Bakanl\u0131\u011f\u0131 ile BTHK b\u00fct\u00e7eleri kabul edildi -","robots":{"index":"index","follow":"follow","max-snippet":"max-snippet:-1","max-image-preview":"max-image-preview:large","max-video-preview":"max-video-preview:-1"},"canonical":"https:\/\/kibrisdakik.com\/?p=71352","og_locale":"tr_TR","og_type":"article","og_title":"Meclis\u2019te Bay\u0131nd\u0131rl\u0131k ve Ula\u015ft\u0131rma Bakanl\u0131\u011f\u0131 ile BTHK b\u00fct\u00e7eleri kabul edildi -","og_description":"\u00a0 Meclis Genel Kurulu\u2019nda, 3 milyar 247 milyon 384 bin TL\u2019lik Bay\u0131nd\u0131rl\u0131k ve Ula\u015ft\u0131rma Bakanl\u0131\u011f\u0131 b\u00fct\u00e7esi ile 298 milyon 120 bin TL\u2019lik Bilgi Teknolojileri ve Haberle\u015fme Kurumu b\u00fct\u00e7esi oy\u00e7oklu\u011fuyla kabul edildi. -\u00d6zuslu CTP Milletvekili Sami \u00d6zuslu, konu\u015fmas\u0131nda son 2 y\u0131lda trafikte \u00f6l\u00fcmlerde rekor \u00fczerine rekor k\u0131r\u0131ld\u0131\u011f\u0131n\u0131, ge\u00e7en y\u0131l boyunca 47; bu y\u0131l ise bug\u00fcne kadar","og_url":"https:\/\/kibrisdakik.com\/?p=71352","article_published_time":"2024-12-12T03:42:08+00:00","og_image":[{"width":1600,"height":1066,"url":"https:\/\/kibrisdakik.com\/wp-content\/uploads\/2024\/12\/IMG-20241209-WA0023-740x420.jpg","type":"image\/jpeg"}],"author":"admin","twitter_card":"summary_large_image","twitter_misc":{"Yazan:":"admin","Tahmini okuma s\u00fcresi":"5 dakika"},"schema":{"@context":"https:\/\/schema.org","@graph":[{"@type":"Article","@id":"https:\/\/kibrisdakik.com\/?p=71352#article","isPartOf":{"@id":"https:\/\/kibrisdakik.com\/?p=71352"},"author":{"name":"admin","@id":"https:\/\/kibrisdakik.com\/#\/schema\/person\/9cd9d437bbb44f72b73ba127e06d8e79"},"headline":"Meclis\u2019te Bay\u0131nd\u0131rl\u0131k ve Ula\u015ft\u0131rma Bakanl\u0131\u011f\u0131 ile BTHK b\u00fct\u00e7eleri kabul edildi","datePublished":"2024-12-12T03:42:08+00:00","mainEntityOfPage":{"@id":"https:\/\/kibrisdakik.com\/?p=71352"},"wordCount":1075,"commentCount":0,"image":{"@id":"https:\/\/kibrisdakik.com\/?p=71352#primaryimage"},"thumbnailUrl":"https:\/\/kibrisdakik.com\/wp-content\/uploads\/2024\/12\/IMG-20241209-WA0023-740x420.jpg","articleSection":["K\u0131br\u0131s"],"inLanguage":"tr","potentialAction":[{"@type":"CommentAction","name":"Comment","target":["https:\/\/kibrisdakik.com\/?p=71352#respond"]}]},{"@type":"WebPage","@id":"https:\/\/kibrisdakik.com\/?p=71352","url":"https:\/\/kibrisdakik.com\/?p=71352","name":"Meclis\u2019te Bay\u0131nd\u0131rl\u0131k ve Ula\u015ft\u0131rma Bakanl\u0131\u011f\u0131 ile BTHK b\u00fct\u00e7eleri kabul edildi -","isPartOf":{"@id":"https:\/\/kibrisdakik.com\/#website"},"primaryImageOfPage":{"@id":"https:\/\/kibrisdakik.com\/?p=71352#primaryimage"},"image":{"@id":"https:\/\/kibrisdakik.com\/?p=71352#primaryimage"},"thumbnailUrl":"https:\/\/kibrisdakik.com\/wp-content\/uploads\/2024\/12\/IMG-20241209-WA0023-740x420.jpg","datePublished":"2024-12-12T03:42:08+00:00","author":{"@id":"https:\/\/kibrisdakik.com\/#\/schema\/person\/9cd9d437bbb44f72b73ba127e06d8e79"},"breadcrumb":{"@id":"https:\/\/kibrisdakik.com\/?p=71352#breadcrumb"},"inLanguage":"tr","potentialAction":[{"@type":"ReadAction","target":["https:\/\/kibrisdakik.com\/?p=71352"]}]},{"@type":"ImageObject","inLanguage":"tr","@id":"https:\/\/kibrisdakik.com\/?p=71352#primaryimage","url":"https:\/\/kibrisdakik.com\/wp-content\/uploads\/2024\/12\/IMG-20241209-WA0023-740x420.jpg","contentUrl":"https:\/\/kibrisdakik.com\/wp-content\/uploads\/2024\/12\/IMG-20241209-WA0023-740x420.jpg","width":1600,"height":1066},{"@type":"BreadcrumbList","@id":"https:\/\/kibrisdakik.com\/?p=71352#breadcrumb","itemListElement":[{"@type":"ListItem","position":1,"name":"Home","item":"https:\/\/kibrisdakik.com\/"},{"@type":"ListItem","position":2,"name":"Meclis\u2019te Bay\u0131nd\u0131rl\u0131k ve Ula\u015ft\u0131rma Bakanl\u0131\u011f\u0131 ile BTHK b\u00fct\u00e7eleri kabul edildi"}]},{"@type":"WebSite","@id":"https:\/\/kibrisdakik.com\/#website","url":"https:\/\/kibrisdakik.com\/","name":"","description":"Tam vaktinde haber","potentialAction":[{"@type":"SearchAction","target":{"@type":"EntryPoint","urlTemplate":"https:\/\/kibrisdakik.com\/?s={search_term_string}"},"query-input":{"@type":"PropertyValueSpecification","valueRequired":true,"valueName":"search_term_string"}}],"inLanguage":"tr"},{"@type":"Person","@id":"https:\/\/kibrisdakik.com\/#\/schema\/person\/9cd9d437bbb44f72b73ba127e06d8e79","name":"admin","image":{"@type":"ImageObject","inLanguage":"tr","@id":"https:\/\/secure.gravatar.com\/avatar\/ccc17943b9d660506c869530f897617f7cb1c21a4bf30023f252596d83e1f007?s=96&d=mm&r=g","url":"https:\/\/secure.gravatar.com\/avatar\/ccc17943b9d660506c869530f897617f7cb1c21a4bf30023f252596d83e1f007?s=96&d=mm&r=g","contentUrl":"https:\/\/secure.gravatar.com\/avatar\/ccc17943b9d660506c869530f897617f7cb1c21a4bf30023f252596d83e1f007?s=96&d=mm&r=g","caption":"admin"},"sameAs":["https:\/\/kibrisdakik.com"],"url":"https:\/\/kibrisdakik.com\/?author=1"}]}},"_links":{"self":[{"href":"https:\/\/kibrisdakik.com\/index.php?rest_route=\/wp\/v2\/posts\/71352","targetHints":{"allow":["GET"]}}],"collection":[{"href":"https:\/\/kibrisdakik.com\/index.php?rest_route=\/wp\/v2\/posts"}],"about":[{"href":"https:\/\/kibrisdakik.com\/index.php?rest_route=\/wp\/v2\/types\/post"}],"author":[{"embeddable":true,"href":"https:\/\/kibrisdakik.com\/index.php?rest_route=\/wp\/v2\/users\/1"}],"replies":[{"embeddable":true,"href":"https:\/\/kibrisdakik.com\/index.php?rest_route=%2Fwp%2Fv2%2Fcomments&post=71352"}],"version-history":[{"count":0,"href":"https:\/\/kibrisdakik.com\/index.php?rest_route=\/wp\/v2\/posts\/71352\/revisions"}],"wp:featuredmedia":[{"embeddable":true,"href":"https:\/\/kibrisdakik.com\/index.php?rest_route=\/wp\/v2\/media\/71353"}],"wp:attachment":[{"href":"https:\/\/kibrisdakik.com\/index.php?rest_route=%2Fwp%2Fv2%2Fmedia&parent=71352"}],"wp:term":[{"taxonomy":"category","embeddable":true,"href":"https:\/\/kibrisdakik.com\/index.php?rest_route=%2Fwp%2Fv2%2Fcategories&post=71352"},{"taxonomy":"post_tag","embeddable":true,"href":"https:\/\/kibrisdakik.com\/index.php?rest_route=%2Fwp%2Fv2%2Ftags&post=71352"}],"curies":[{"name":"wp","href":"https:\/\/api.w.org\/{rel}","templated":true}]}}