{"id":71382,"date":"2024-12-12T15:11:15","date_gmt":"2024-12-12T12:11:15","guid":{"rendered":"https:\/\/kibrisdakik.com\/index.php\/2024\/12\/12\/kadina-yonelik-siddetle-mucadelelefkosadaki-diren-cemberi-aniti-nakislarla-giydirildi\/"},"modified":"2024-12-12T15:11:15","modified_gmt":"2024-12-12T12:11:15","slug":"kadina-yonelik-siddetle-mucadelelefkosadaki-diren-cemberi-aniti-nakislarla-giydirildi","status":"publish","type":"post","link":"https:\/\/kibrisdakik.com\/?p=71382","title":{"rendered":"Kad\u0131na y\u00f6nelik \u015fiddetle m\u00fccadele;Lefko\u015fa\u2019daki \u201cDiren \u00c7emberi An\u0131t\u0131\u201d nak\u0131\u015flarla giydirildi"},"content":{"rendered":"<div>\n<div class=\"mariselle-image-container center\">\n                                            <\/div>\n<p>Avrupa Birli\u011fi Bilgi Merkezi ile Kad\u0131ndan Ya\u015fama Destek Derne\u011fi (KAYAD) taraf\u0131ndan y\u00fcr\u00fct\u00fclen Kad\u0131na Y\u00f6nelik \u015eiddete Kar\u015f\u0131 \u201cDeyip Ge\u00e7me!\u201d kampanyas\u0131 kapsam\u0131nda Lefko\u015fa\u2019daki Diren \u00c7emberi An\u0131t\u0131, bug\u00fcn renkli nak\u0131\u015flarla giydirildi.<\/p>\n<p>\u201c16 G\u00fcnl\u00fck Aktivizm Kampanyas\u0131\u201d \u00e7er\u00e7evesinde, kad\u0131na y\u00f6nelik \u015fiddetle m\u00fccadele, kad\u0131n haklar\u0131n\u0131n g\u00fc\u00e7lendirilmesi ve toplumsal fark\u0131ndal\u0131\u011f\u0131n art\u0131r\u0131lmas\u0131 hedefiyle ger\u00e7ekle\u015ftirilen etkinlikte kad\u0131na y\u00f6nelik \u015fiddetin insan haklar\u0131n\u0131n ciddi bir ihlali oldu\u011fu  ve ev i\u00e7i \u015fiddet ger\u00e7e\u011finin g\u00f6rmezden gelinmemesi gerekti\u011fi vurguland\u0131. Etkinlikte  KKTC\u2019de Ev \u0130\u00e7i \u015eiddet Yasas\u0131\u2019na duyulan gereksinimin de alt\u0131 \u00e7izildi.<\/p>\n<p>An\u0131ta giydirilen nak\u0131\u015flar, k\u0131rsal b\u00f6lgelerde d\u00fczenlenen \u201cEl \u0130\u015fi: G\u00fc\u00e7l\u00fc Kad\u0131nlar, G\u00fc\u00e7l\u00fc Hayatlar\u201d etkinlik serisi kapsam\u0131nda \u00fcretildi.<\/p>\n<p>Etkinlikte, Avrupa Komisyonu \u0130leti\u015fim Program M\u00fcd\u00fcr\u00fc Deniz Birinci, KAYAD Ba\u015fkan\u0131 Meral Ak\u0131nc\u0131, KAYAD g\u00f6n\u00fcll\u00fcs\u00fc Mine Atl\u0131 ve Lefko\u015fa T\u00fcrk Belediyesi Ba\u015fkan\u0131 Mehmet Harmanc\u0131, birer konu\u015fma yapt\u0131.<\/p>\n<p>\u2013 Birinci: \u201d Ev i\u00e7i \u015fiddet ger\u00e7e\u011fini g\u00f6rmezden gelmememiz gerekiyor\u201d<\/p>\n<p>Avrupa Komisyonu \u0130leti\u015fim Program M\u00fcd\u00fcr\u00fc Deniz Birinci, kad\u0131na y\u00f6nelik \u015fiddetle m\u00fccadele kampanyas\u0131 kapsam\u0131nda d\u00fczenlenen  etkinli\u011fin anlaml\u0131 oldu\u011funu vurgulad\u0131. <\/p>\n<p>\u201cDiren \u00c7emberi An\u0131t\u0131\u2019n\u0131 kad\u0131nlar\u0131m\u0131z\u0131n el eme\u011fiyle \u00fcrettikleri nak\u0131\u015flarla renklendiriyor, b\u00f6ylece kad\u0131na y\u00f6nelik \u015fiddetle m\u00fccadelede dayan\u0131\u015fma ve birli\u011fin g\u00fcc\u00fcn\u00fc sembolik bir bi\u00e7imde ortaya koyuyoruz.\u201d diyen Birinci, bu etkinli\u011fin KAYAD ile i\u015f birli\u011fiyle hayata ge\u00e7irdikleri \u201cDeyip Ge\u00e7me!\u201d kampanyas\u0131n\u0131n \u00f6nemli ad\u0131mlar\u0131ndan biri oldu\u011funu ifade etti.<\/p>\n<p>Birinci, \u201c16 g\u00fcn boyunca s\u00fcrd\u00fcrd\u00fc\u011f\u00fcm\u00fcz kampanyam\u0131z, toplumumuzda kad\u0131na y\u00f6nelik \u015fiddet konusunda sesimizi y\u00fckseltmemiz ve ev i\u00e7i \u015fiddet ger\u00e7e\u011fini g\u00f6rmezden gelmememiz gerekti\u011fini bir kez daha hat\u0131rlatt\u0131 hepimize.\u201d ifadelerine yer verdi.<\/p>\n<p>Diren \u00c7emberi An\u0131t\u0131\u2019n\u0131 renklendiren nak\u0131\u015flar\u0131n yaln\u0131zca \u201cbirer sanatsal dokunu\u015f de\u011fil, ayn\u0131 zamanda g\u00fc\u00e7l\u00fc bir toplumsal mesaj\u201d oldu\u011funun alt\u0131n\u0131 \u00e7izen Birinci, bu renkli motiflerin kad\u0131nlar\u0131n birle\u015fti\u011finde de\u011fi\u015fim yaratabilece\u011fine dair g\u00fc\u00e7l\u00fc bir vurgu oldu\u011funu s\u00f6yledi.<\/p>\n<div class=\"mariselle-image-container center\">\n                <img loading=\"lazy\" decoding=\"async\" width=\"2480\" height=\"1656\" class=\"lazy-image\" alt=\"\" sizes=\"auto, (max-width: 2480px) 100vw, 2480px\" src=\"https:\/\/brtk.net\/wp-content\/uploads\/2024\/12\/12\/1734002944211Diren-Cemberi-Aniti-nakislarla-giydirildi-5-so.jpg?ver=cc67d070ceaa6c06bd6be48abeb9c4ba\" srcset=\"https:\/\/brtk.net\/wp-content\/uploads\/2024\/12\/12\/1734002944211Diren-Cemberi-Aniti-nakislarla-giydirildi-5-so.jpg?ver=cc67d070ceaa6c06bd6be48abeb9c4ba 2480w, https:\/\/brtk.net\/wp-content\/uploads\/2024\/12\/12\/1734002944211Diren-Cemberi-Aniti-nakislarla-giydirildi-5-so-300x200.jpg?ver=a014c3df4e61235cdc6c374f3f88e2ba 300w, https:\/\/brtk.net\/wp-content\/uploads\/2024\/12\/12\/1734002944211Diren-Cemberi-Aniti-nakislarla-giydirildi-5-so-1024x684.jpg?ver=5fdc5b1e68932720bdf09d7e9f829803 1024w, https:\/\/brtk.net\/wp-content\/uploads\/2024\/12\/12\/1734002944211Diren-Cemberi-Aniti-nakislarla-giydirildi-5-so-768x513.jpg?ver=0da54c07dbab60eaa83674e8d2fb8ef5 768w, https:\/\/brtk.net\/wp-content\/uploads\/2024\/12\/12\/1734002944211Diren-Cemberi-Aniti-nakislarla-giydirildi-5-so-1536x1026.jpg?ver=3e2e6fe06d53c18ee7a0f697eaed326b 1536w, https:\/\/brtk.net\/wp-content\/uploads\/2024\/12\/12\/1734002944211Diren-Cemberi-Aniti-nakislarla-giydirildi-5-so-2048x1368.jpg?ver=90018dc714f95520ac925c2d48126e1e 2048w\"\/>                            <\/div>\n<p>Birinci, \u201cKad\u0131nlar birle\u015firse, d\u00fcnya de\u011fi\u015fir!\u201d mesaj\u0131n\u0131n hep birlikte seslerini y\u00fckseltmenin ve eyleme ge\u00e7menin ne denli etkili oldu\u011funu ifade etmesi a\u00e7\u0131s\u0131ndan son derece \u00f6nemli oldu\u011funu ifade etti.<\/p>\n<p>\u201cBu kampanya ve etkinlikler, toplumsal fark\u0131ndal\u0131\u011f\u0131 art\u0131rmak, Avrupa de\u011ferleri ekseninde kad\u0131nlar\u0131n haklar\u0131na sayg\u0131y\u0131 te\u015fvik etmek, kad\u0131na y\u00f6nelik \u015fiddetle m\u00fccadelede kal\u0131c\u0131 bir dayan\u0131\u015fma a\u011f\u0131 kurmak ve \u0130stanbul S\u00f6zle\u015fmesi\u2019nin K\u0131br\u0131s T\u00fcrk toplumu i\u00e7in de vazge\u00e7ilmez oldu\u011funu herkese hat\u0131rlatmak ad\u0131na at\u0131lm\u0131\u015f \u00f6nemli ad\u0131mlard\u0131r.\u201d diyen Birinci, eme\u011fi ge\u00e7en herkese ve t\u00fcm kat\u0131l\u0131mc\u0131lara te\u015fekk\u00fcrlerini sundu.<\/p>\n<p>\u2013 Ak\u0131nc\u0131<\/p>\n<p> KAYAD Ba\u015fkan\u0131 Meral Ak\u0131nc\u0131 da Diren \u00c7emberi An\u0131t\u0131 ile ilgili bir an\u0131s\u0131n\u0131 aktard\u0131 ve organizasyona katk\u0131 koyanlara te\u015fekk\u00fcr etti.<\/p>\n<p>Ak\u0131nc\u0131, Diren \u00c7emberi An\u0131t\u0131\u2019n\u0131n kar\u015f\u0131s\u0131nda bulunan ormanl\u0131k alan\u0131nda Kad\u0131na Kar\u015f\u0131 \u015eiddet Orman\u0131 oldu\u011funu s\u00f6yledi.<\/p>\n<p> \u2013 Atl\u0131: \u201cKad\u0131na y\u00f6nelik \u015fiddet toplumsal bir yara\u201d<\/p>\n<p> KAYAD g\u00f6n\u00fcll\u00fcs\u00fc Mine Atl\u0131 da bug\u00fcn burada hep birlikte toplumsal bir yara olan kad\u0131na y\u00f6nelik \u015fiddete kar\u015f\u0131 bir duru\u015f sergilediklerini aktard\u0131.<\/p>\n<p>Kad\u0131nlar\u0131n \u00fcretkenli\u011fi, eme\u011fi ve dayan\u0131\u015fmas\u0131n\u0131n bu \u015fiddet dolu yap\u0131ya ra\u011fmen hayat buldu\u011funu kaydeden Atl\u0131, \u201cHepimizin bildi\u011fi gibi, kad\u0131na y\u00f6nelik \u015fiddet yaln\u0131zca bireysel bir sorun de\u011fil; toplumsal bir mesele, insan haklar\u0131na y\u00f6nelik ciddi bir ihlaldir. Bu \u015fiddet, kad\u0131nlar\u0131n ya\u015famlar\u0131n\u0131, \u00f6zg\u00fcrl\u00fcklerini ve hayallerini k\u0131s\u0131tlamaya \u00e7al\u0131\u015f\u0131yor. Ancak biz kad\u0131nlar olarak, \u015fiddeti a\u015fan g\u00fcc\u00fcm\u00fcz\u00fc, yarat\u0131c\u0131 enerjimizi ve dayan\u0131\u015fmam\u0131z\u0131 her f\u0131rsatta g\u00f6steriyoruz.\u201d ifadelerini kulland\u0131.<\/p>\n<p>Atl\u0131, y\u0131llar \u00f6nce burada KAYAD ile birlikte bulunan payda\u015flar\u0131n\u0131n,  \u201c\u015eiddete Kar\u015f\u0131 Diren Projesi\u201d kapsam\u0131nda bu an\u0131t\u0131n kad\u0131na y\u00f6nelik \u015fiddetin g\u00f6r\u00fcn\u00fcrl\u00fc\u011f\u00fcn\u00fc art\u0131rmak i\u00e7in bir sembol olarak \u015fehrin merkezine yerle\u015fmesine vesile oldu\u011funu dile getirdi.<\/p>\n<p>-Ev \u0130\u00e7i \u015eiddet Yasas\u0131\u2026<\/p>\n<p>\u201cBug\u00fcn bu yap\u0131n\u0131n \u00fczerine dokudu\u011fumuz her bir ilmekte, emekle ve yarat\u0131c\u0131l\u0131kla kad\u0131na kar\u015f\u0131 \u015fiddetle m\u00fccadelemizin her daim devam edece\u011fini bir kez daha vurgulamaktay\u0131z. Bizler, kad\u0131nlar\u0131n g\u00fcc\u00fc, eme\u011fi ve birli\u011fiyle, \u015fiddetle m\u00fccadelede umut dolu bir gelecek in\u015fa edebilece\u011fimizi g\u00f6steriyoruz.\u201d diyen Atl\u0131, kad\u0131na kar\u015f\u0131 \u015fiddetle m\u00fccadelelerinin g\u00fcn ge\u00e7tik\u00e7e daha da g\u00fc\u00e7lenece\u011fini ve \u00fclkenin bir g\u00fcn ihtiyac\u0131 olan Ev \u0130\u00e7i \u015eiddet Yasas\u0131\u2019na kavu\u015faca\u011f\u0131n\u0131 dile getirdi.<\/p>\n<p>\u015eiddetsiz bir d\u00fcnya i\u00e7in durmaks\u0131z\u0131n \u00e7al\u0131\u015fmaya devam edeceklerini belirten Atl\u0131, birlikte g\u00fc\u00e7l\u00fc olduklar\u0131n\u0131 ve bu g\u00fc\u00e7le her t\u00fcrl\u00fc zorlu\u011fun \u00fcstesinden geleceklerini ifade etti.<\/p>\n<p> \u2013 Harmanc\u0131: \u201cAn\u0131t Lefko\u015fa\u2019n\u0131n kad\u0131na kar\u015f\u0131 \u015fiddete verdi\u011fi en temel mesajd\u0131r\u201d <\/p>\n<p>Lefko\u015fa T\u00fcrk Belediyesi Ba\u015fkan\u0131 Mehmet Harmanc\u0131 da Lefko\u015fa\u2019n\u0131n \u00fc\u00e7 ana giri\u015f noktas\u0131n\u0131n birinde bulunduklar\u0131n\u0131 belirtti.<\/p>\n<p>G\u00fcnde 50 bin arac\u0131n ge\u00e7ti\u011fi Diren \u00c7emberi An\u0131t\u0131\u2019n\u0131n kad\u0131na kar\u015f\u0131 y\u00f6nelik \u015fiddetle m\u00fccadelenin bir sembol\u00fc oldu\u011funu ifade eden Harmanc\u0131, bunun Lefko\u015fa\u2019n\u0131n payda\u015flar\u0131 ile kad\u0131na kar\u015f\u0131 \u015fiddete verdi\u011fi en temel mesaj oldu\u011funu s\u00f6yledi.<\/p>\n<p>\u201cBurada her g\u00fcn yer almaktad\u0131r ve her g\u00fcn bize hat\u0131rlatmaktad\u0131r. Bu konunun, hayat\u0131m\u0131z\u0131n temel g\u00fcndem maddelerinden biri olmas\u0131n\u0131 sa\u011flayan siz de\u011ferli temsilcilerine te\u015fekk\u00fcr ederim. Bu, bir medeniyet ve insanl\u0131k s\u0131nav\u0131d\u0131r, insan haklar\u0131 m\u00fccadelesidir.\u201d diyen Harmanc\u0131, bu m\u00fccadelenin her daim payda\u015f\u0131 olmaya devam edeceklerinin alt\u0131n\u0131 \u00e7izdi.<\/p>\n<\/p><\/div>\n<p><script async\n                    defer\n                    crossorigin=\"anonymous\"\n                    src=\"https:\/\/connect.facebook.net\/tr_TR\/sdk.js#xfbml=1&#038;version=v3.3\"\n            ><\/script><\/p>\n","protected":false},"excerpt":{"rendered":"<p>Avrupa Birli\u011fi Bilgi Merkezi ile Kad\u0131ndan Ya\u015fama Destek Derne\u011fi (KAYAD) taraf\u0131ndan y\u00fcr\u00fct\u00fclen Kad\u0131na Y\u00f6nelik \u015eiddete Kar\u015f\u0131 \u201cDeyip Ge\u00e7me!\u201d kampanyas\u0131 kapsam\u0131nda Lefko\u015fa\u2019daki Diren \u00c7emberi An\u0131t\u0131, bug\u00fcn renkli nak\u0131\u015flarla giydirildi. \u201c16 G\u00fcnl\u00fck Aktivizm Kampanyas\u0131\u201d \u00e7er\u00e7evesinde, kad\u0131na y\u00f6nelik \u015fiddetle m\u00fccadele, kad\u0131n haklar\u0131n\u0131n g\u00fc\u00e7lendirilmesi ve toplumsal fark\u0131ndal\u0131\u011f\u0131n art\u0131r\u0131lmas\u0131 hedefiyle ger\u00e7ekle\u015ftirilen etkinlikte kad\u0131na y\u00f6nelik \u015fiddetin insan haklar\u0131n\u0131n ciddi bir ihlali<\/p>\n","protected":false},"author":1,"featured_media":71383,"comment_status":"open","ping_status":"open","sticky":false,"template":"","format":"standard","meta":{"footnotes":""},"categories":[81],"tags":[],"class_list":["post-71382","post","type-post","status-publish","format-standard","has-post-thumbnail","hentry","category-kibris"],"yoast_head":"<!-- This site is optimized with the Yoast SEO plugin v27.4 - https:\/\/yoast.com\/product\/yoast-seo-wordpress\/ -->\n<title>Kad\u0131na y\u00f6nelik \u015fiddetle m\u00fccadele;Lefko\u015fa\u2019daki \u201cDiren \u00c7emberi An\u0131t\u0131\u201d nak\u0131\u015flarla giydirildi -<\/title>\n<meta name=\"robots\" content=\"index, follow, max-snippet:-1, max-image-preview:large, max-video-preview:-1\" \/>\n<link rel=\"canonical\" href=\"https:\/\/kibrisdakik.com\/?p=71382\" \/>\n<meta property=\"og:locale\" content=\"tr_TR\" \/>\n<meta property=\"og:type\" content=\"article\" \/>\n<meta property=\"og:title\" content=\"Kad\u0131na y\u00f6nelik \u015fiddetle m\u00fccadele;Lefko\u015fa\u2019daki \u201cDiren \u00c7emberi An\u0131t\u0131\u201d nak\u0131\u015flarla giydirildi -\" \/>\n<meta property=\"og:description\" content=\"Avrupa Birli\u011fi Bilgi Merkezi ile Kad\u0131ndan Ya\u015fama Destek Derne\u011fi (KAYAD) taraf\u0131ndan y\u00fcr\u00fct\u00fclen Kad\u0131na Y\u00f6nelik \u015eiddete Kar\u015f\u0131 \u201cDeyip Ge\u00e7me!\u201d kampanyas\u0131 kapsam\u0131nda Lefko\u015fa\u2019daki Diren \u00c7emberi An\u0131t\u0131, bug\u00fcn renkli nak\u0131\u015flarla giydirildi. \u201c16 G\u00fcnl\u00fck Aktivizm Kampanyas\u0131\u201d \u00e7er\u00e7evesinde, kad\u0131na y\u00f6nelik \u015fiddetle m\u00fccadele, kad\u0131n haklar\u0131n\u0131n g\u00fc\u00e7lendirilmesi ve toplumsal fark\u0131ndal\u0131\u011f\u0131n art\u0131r\u0131lmas\u0131 hedefiyle ger\u00e7ekle\u015ftirilen etkinlikte kad\u0131na y\u00f6nelik \u015fiddetin insan haklar\u0131n\u0131n ciddi bir ihlali\" \/>\n<meta property=\"og:url\" content=\"https:\/\/kibrisdakik.com\/?p=71382\" \/>\n<meta property=\"article:published_time\" content=\"2024-12-12T12:11:15+00:00\" \/>\n<meta property=\"og:image\" content=\"https:\/\/kibrisdakik.com\/wp-content\/uploads\/2024\/12\/1734002944210Diren-Cemberi-Aniti-nakislarla-giydirildi-4-so-740x420.jpg\" \/>\n\t<meta property=\"og:image:width\" content=\"2480\" \/>\n\t<meta property=\"og:image:height\" content=\"1656\" \/>\n\t<meta property=\"og:image:type\" content=\"image\/jpeg\" \/>\n<meta name=\"author\" content=\"admin\" \/>\n<meta name=\"twitter:card\" content=\"summary_large_image\" \/>\n<meta name=\"twitter:label1\" content=\"Yazan:\" \/>\n\t<meta name=\"twitter:data1\" content=\"admin\" \/>\n\t<meta name=\"twitter:label2\" content=\"Tahmini okuma s\u00fcresi\" \/>\n\t<meta name=\"twitter:data2\" content=\"5 dakika\" \/>\n<script type=\"application\/ld+json\" class=\"yoast-schema-graph\">{\"@context\":\"https:\\\/\\\/schema.org\",\"@graph\":[{\"@type\":\"Article\",\"@id\":\"https:\\\/\\\/kibrisdakik.com\\\/?p=71382#article\",\"isPartOf\":{\"@id\":\"https:\\\/\\\/kibrisdakik.com\\\/?p=71382\"},\"author\":{\"name\":\"admin\",\"@id\":\"https:\\\/\\\/kibrisdakik.com\\\/#\\\/schema\\\/person\\\/9cd9d437bbb44f72b73ba127e06d8e79\"},\"headline\":\"Kad\u0131na y\u00f6nelik \u015fiddetle m\u00fccadele;Lefko\u015fa\u2019daki \u201cDiren \u00c7emberi An\u0131t\u0131\u201d nak\u0131\u015flarla giydirildi\",\"datePublished\":\"2024-12-12T12:11:15+00:00\",\"mainEntityOfPage\":{\"@id\":\"https:\\\/\\\/kibrisdakik.com\\\/?p=71382\"},\"wordCount\":1046,\"commentCount\":0,\"image\":{\"@id\":\"https:\\\/\\\/kibrisdakik.com\\\/?p=71382#primaryimage\"},\"thumbnailUrl\":\"https:\\\/\\\/kibrisdakik.com\\\/wp-content\\\/uploads\\\/2024\\\/12\\\/1734002944210Diren-Cemberi-Aniti-nakislarla-giydirildi-4-so-740x420.jpg\",\"articleSection\":[\"K\u0131br\u0131s\"],\"inLanguage\":\"tr\",\"potentialAction\":[{\"@type\":\"CommentAction\",\"name\":\"Comment\",\"target\":[\"https:\\\/\\\/kibrisdakik.com\\\/?p=71382#respond\"]}]},{\"@type\":\"WebPage\",\"@id\":\"https:\\\/\\\/kibrisdakik.com\\\/?p=71382\",\"url\":\"https:\\\/\\\/kibrisdakik.com\\\/?p=71382\",\"name\":\"Kad\u0131na y\u00f6nelik \u015fiddetle m\u00fccadele;Lefko\u015fa\u2019daki \u201cDiren \u00c7emberi An\u0131t\u0131\u201d nak\u0131\u015flarla giydirildi -\",\"isPartOf\":{\"@id\":\"https:\\\/\\\/kibrisdakik.com\\\/#website\"},\"primaryImageOfPage\":{\"@id\":\"https:\\\/\\\/kibrisdakik.com\\\/?p=71382#primaryimage\"},\"image\":{\"@id\":\"https:\\\/\\\/kibrisdakik.com\\\/?p=71382#primaryimage\"},\"thumbnailUrl\":\"https:\\\/\\\/kibrisdakik.com\\\/wp-content\\\/uploads\\\/2024\\\/12\\\/1734002944210Diren-Cemberi-Aniti-nakislarla-giydirildi-4-so-740x420.jpg\",\"datePublished\":\"2024-12-12T12:11:15+00:00\",\"author\":{\"@id\":\"https:\\\/\\\/kibrisdakik.com\\\/#\\\/schema\\\/person\\\/9cd9d437bbb44f72b73ba127e06d8e79\"},\"breadcrumb\":{\"@id\":\"https:\\\/\\\/kibrisdakik.com\\\/?p=71382#breadcrumb\"},\"inLanguage\":\"tr\",\"potentialAction\":[{\"@type\":\"ReadAction\",\"target\":[\"https:\\\/\\\/kibrisdakik.com\\\/?p=71382\"]}]},{\"@type\":\"ImageObject\",\"inLanguage\":\"tr\",\"@id\":\"https:\\\/\\\/kibrisdakik.com\\\/?p=71382#primaryimage\",\"url\":\"https:\\\/\\\/kibrisdakik.com\\\/wp-content\\\/uploads\\\/2024\\\/12\\\/1734002944210Diren-Cemberi-Aniti-nakislarla-giydirildi-4-so-740x420.jpg\",\"contentUrl\":\"https:\\\/\\\/kibrisdakik.com\\\/wp-content\\\/uploads\\\/2024\\\/12\\\/1734002944210Diren-Cemberi-Aniti-nakislarla-giydirildi-4-so-740x420.jpg\",\"width\":2480,\"height\":1656},{\"@type\":\"BreadcrumbList\",\"@id\":\"https:\\\/\\\/kibrisdakik.com\\\/?p=71382#breadcrumb\",\"itemListElement\":[{\"@type\":\"ListItem\",\"position\":1,\"name\":\"Home\",\"item\":\"https:\\\/\\\/kibrisdakik.com\\\/\"},{\"@type\":\"ListItem\",\"position\":2,\"name\":\"Kad\u0131na y\u00f6nelik \u015fiddetle m\u00fccadele;Lefko\u015fa\u2019daki \u201cDiren \u00c7emberi An\u0131t\u0131\u201d nak\u0131\u015flarla giydirildi\"}]},{\"@type\":\"WebSite\",\"@id\":\"https:\\\/\\\/kibrisdakik.com\\\/#website\",\"url\":\"https:\\\/\\\/kibrisdakik.com\\\/\",\"name\":\"\",\"description\":\"Tam vaktinde haber\",\"potentialAction\":[{\"@type\":\"SearchAction\",\"target\":{\"@type\":\"EntryPoint\",\"urlTemplate\":\"https:\\\/\\\/kibrisdakik.com\\\/?s={search_term_string}\"},\"query-input\":{\"@type\":\"PropertyValueSpecification\",\"valueRequired\":true,\"valueName\":\"search_term_string\"}}],\"inLanguage\":\"tr\"},{\"@type\":\"Person\",\"@id\":\"https:\\\/\\\/kibrisdakik.com\\\/#\\\/schema\\\/person\\\/9cd9d437bbb44f72b73ba127e06d8e79\",\"name\":\"admin\",\"image\":{\"@type\":\"ImageObject\",\"inLanguage\":\"tr\",\"@id\":\"https:\\\/\\\/secure.gravatar.com\\\/avatar\\\/ccc17943b9d660506c869530f897617f7cb1c21a4bf30023f252596d83e1f007?s=96&d=mm&r=g\",\"url\":\"https:\\\/\\\/secure.gravatar.com\\\/avatar\\\/ccc17943b9d660506c869530f897617f7cb1c21a4bf30023f252596d83e1f007?s=96&d=mm&r=g\",\"contentUrl\":\"https:\\\/\\\/secure.gravatar.com\\\/avatar\\\/ccc17943b9d660506c869530f897617f7cb1c21a4bf30023f252596d83e1f007?s=96&d=mm&r=g\",\"caption\":\"admin\"},\"sameAs\":[\"https:\\\/\\\/kibrisdakik.com\"],\"url\":\"https:\\\/\\\/kibrisdakik.com\\\/?author=1\"}]}<\/script>\n<!-- \/ Yoast SEO plugin. -->","yoast_head_json":{"title":"Kad\u0131na y\u00f6nelik \u015fiddetle m\u00fccadele;Lefko\u015fa\u2019daki \u201cDiren \u00c7emberi An\u0131t\u0131\u201d nak\u0131\u015flarla giydirildi -","robots":{"index":"index","follow":"follow","max-snippet":"max-snippet:-1","max-image-preview":"max-image-preview:large","max-video-preview":"max-video-preview:-1"},"canonical":"https:\/\/kibrisdakik.com\/?p=71382","og_locale":"tr_TR","og_type":"article","og_title":"Kad\u0131na y\u00f6nelik \u015fiddetle m\u00fccadele;Lefko\u015fa\u2019daki \u201cDiren \u00c7emberi An\u0131t\u0131\u201d nak\u0131\u015flarla giydirildi -","og_description":"Avrupa Birli\u011fi Bilgi Merkezi ile Kad\u0131ndan Ya\u015fama Destek Derne\u011fi (KAYAD) taraf\u0131ndan y\u00fcr\u00fct\u00fclen Kad\u0131na Y\u00f6nelik \u015eiddete Kar\u015f\u0131 \u201cDeyip Ge\u00e7me!\u201d kampanyas\u0131 kapsam\u0131nda Lefko\u015fa\u2019daki Diren \u00c7emberi An\u0131t\u0131, bug\u00fcn renkli nak\u0131\u015flarla giydirildi. \u201c16 G\u00fcnl\u00fck Aktivizm Kampanyas\u0131\u201d \u00e7er\u00e7evesinde, kad\u0131na y\u00f6nelik \u015fiddetle m\u00fccadele, kad\u0131n haklar\u0131n\u0131n g\u00fc\u00e7lendirilmesi ve toplumsal fark\u0131ndal\u0131\u011f\u0131n art\u0131r\u0131lmas\u0131 hedefiyle ger\u00e7ekle\u015ftirilen etkinlikte kad\u0131na y\u00f6nelik \u015fiddetin insan haklar\u0131n\u0131n ciddi bir ihlali","og_url":"https:\/\/kibrisdakik.com\/?p=71382","article_published_time":"2024-12-12T12:11:15+00:00","og_image":[{"width":2480,"height":1656,"url":"https:\/\/kibrisdakik.com\/wp-content\/uploads\/2024\/12\/1734002944210Diren-Cemberi-Aniti-nakislarla-giydirildi-4-so-740x420.jpg","type":"image\/jpeg"}],"author":"admin","twitter_card":"summary_large_image","twitter_misc":{"Yazan:":"admin","Tahmini okuma s\u00fcresi":"5 dakika"},"schema":{"@context":"https:\/\/schema.org","@graph":[{"@type":"Article","@id":"https:\/\/kibrisdakik.com\/?p=71382#article","isPartOf":{"@id":"https:\/\/kibrisdakik.com\/?p=71382"},"author":{"name":"admin","@id":"https:\/\/kibrisdakik.com\/#\/schema\/person\/9cd9d437bbb44f72b73ba127e06d8e79"},"headline":"Kad\u0131na y\u00f6nelik \u015fiddetle m\u00fccadele;Lefko\u015fa\u2019daki \u201cDiren \u00c7emberi An\u0131t\u0131\u201d nak\u0131\u015flarla giydirildi","datePublished":"2024-12-12T12:11:15+00:00","mainEntityOfPage":{"@id":"https:\/\/kibrisdakik.com\/?p=71382"},"wordCount":1046,"commentCount":0,"image":{"@id":"https:\/\/kibrisdakik.com\/?p=71382#primaryimage"},"thumbnailUrl":"https:\/\/kibrisdakik.com\/wp-content\/uploads\/2024\/12\/1734002944210Diren-Cemberi-Aniti-nakislarla-giydirildi-4-so-740x420.jpg","articleSection":["K\u0131br\u0131s"],"inLanguage":"tr","potentialAction":[{"@type":"CommentAction","name":"Comment","target":["https:\/\/kibrisdakik.com\/?p=71382#respond"]}]},{"@type":"WebPage","@id":"https:\/\/kibrisdakik.com\/?p=71382","url":"https:\/\/kibrisdakik.com\/?p=71382","name":"Kad\u0131na y\u00f6nelik \u015fiddetle m\u00fccadele;Lefko\u015fa\u2019daki \u201cDiren \u00c7emberi An\u0131t\u0131\u201d nak\u0131\u015flarla giydirildi -","isPartOf":{"@id":"https:\/\/kibrisdakik.com\/#website"},"primaryImageOfPage":{"@id":"https:\/\/kibrisdakik.com\/?p=71382#primaryimage"},"image":{"@id":"https:\/\/kibrisdakik.com\/?p=71382#primaryimage"},"thumbnailUrl":"https:\/\/kibrisdakik.com\/wp-content\/uploads\/2024\/12\/1734002944210Diren-Cemberi-Aniti-nakislarla-giydirildi-4-so-740x420.jpg","datePublished":"2024-12-12T12:11:15+00:00","author":{"@id":"https:\/\/kibrisdakik.com\/#\/schema\/person\/9cd9d437bbb44f72b73ba127e06d8e79"},"breadcrumb":{"@id":"https:\/\/kibrisdakik.com\/?p=71382#breadcrumb"},"inLanguage":"tr","potentialAction":[{"@type":"ReadAction","target":["https:\/\/kibrisdakik.com\/?p=71382"]}]},{"@type":"ImageObject","inLanguage":"tr","@id":"https:\/\/kibrisdakik.com\/?p=71382#primaryimage","url":"https:\/\/kibrisdakik.com\/wp-content\/uploads\/2024\/12\/1734002944210Diren-Cemberi-Aniti-nakislarla-giydirildi-4-so-740x420.jpg","contentUrl":"https:\/\/kibrisdakik.com\/wp-content\/uploads\/2024\/12\/1734002944210Diren-Cemberi-Aniti-nakislarla-giydirildi-4-so-740x420.jpg","width":2480,"height":1656},{"@type":"BreadcrumbList","@id":"https:\/\/kibrisdakik.com\/?p=71382#breadcrumb","itemListElement":[{"@type":"ListItem","position":1,"name":"Home","item":"https:\/\/kibrisdakik.com\/"},{"@type":"ListItem","position":2,"name":"Kad\u0131na y\u00f6nelik \u015fiddetle m\u00fccadele;Lefko\u015fa\u2019daki \u201cDiren \u00c7emberi An\u0131t\u0131\u201d nak\u0131\u015flarla giydirildi"}]},{"@type":"WebSite","@id":"https:\/\/kibrisdakik.com\/#website","url":"https:\/\/kibrisdakik.com\/","name":"","description":"Tam vaktinde haber","potentialAction":[{"@type":"SearchAction","target":{"@type":"EntryPoint","urlTemplate":"https:\/\/kibrisdakik.com\/?s={search_term_string}"},"query-input":{"@type":"PropertyValueSpecification","valueRequired":true,"valueName":"search_term_string"}}],"inLanguage":"tr"},{"@type":"Person","@id":"https:\/\/kibrisdakik.com\/#\/schema\/person\/9cd9d437bbb44f72b73ba127e06d8e79","name":"admin","image":{"@type":"ImageObject","inLanguage":"tr","@id":"https:\/\/secure.gravatar.com\/avatar\/ccc17943b9d660506c869530f897617f7cb1c21a4bf30023f252596d83e1f007?s=96&d=mm&r=g","url":"https:\/\/secure.gravatar.com\/avatar\/ccc17943b9d660506c869530f897617f7cb1c21a4bf30023f252596d83e1f007?s=96&d=mm&r=g","contentUrl":"https:\/\/secure.gravatar.com\/avatar\/ccc17943b9d660506c869530f897617f7cb1c21a4bf30023f252596d83e1f007?s=96&d=mm&r=g","caption":"admin"},"sameAs":["https:\/\/kibrisdakik.com"],"url":"https:\/\/kibrisdakik.com\/?author=1"}]}},"_links":{"self":[{"href":"https:\/\/kibrisdakik.com\/index.php?rest_route=\/wp\/v2\/posts\/71382","targetHints":{"allow":["GET"]}}],"collection":[{"href":"https:\/\/kibrisdakik.com\/index.php?rest_route=\/wp\/v2\/posts"}],"about":[{"href":"https:\/\/kibrisdakik.com\/index.php?rest_route=\/wp\/v2\/types\/post"}],"author":[{"embeddable":true,"href":"https:\/\/kibrisdakik.com\/index.php?rest_route=\/wp\/v2\/users\/1"}],"replies":[{"embeddable":true,"href":"https:\/\/kibrisdakik.com\/index.php?rest_route=%2Fwp%2Fv2%2Fcomments&post=71382"}],"version-history":[{"count":0,"href":"https:\/\/kibrisdakik.com\/index.php?rest_route=\/wp\/v2\/posts\/71382\/revisions"}],"wp:featuredmedia":[{"embeddable":true,"href":"https:\/\/kibrisdakik.com\/index.php?rest_route=\/wp\/v2\/media\/71383"}],"wp:attachment":[{"href":"https:\/\/kibrisdakik.com\/index.php?rest_route=%2Fwp%2Fv2%2Fmedia&parent=71382"}],"wp:term":[{"taxonomy":"category","embeddable":true,"href":"https:\/\/kibrisdakik.com\/index.php?rest_route=%2Fwp%2Fv2%2Fcategories&post=71382"},{"taxonomy":"post_tag","embeddable":true,"href":"https:\/\/kibrisdakik.com\/index.php?rest_route=%2Fwp%2Fv2%2Ftags&post=71382"}],"curies":[{"name":"wp","href":"https:\/\/api.w.org\/{rel}","templated":true}]}}