{"id":71384,"date":"2024-12-12T17:08:36","date_gmt":"2024-12-12T14:08:36","guid":{"rendered":"https:\/\/kibrisdakik.com\/index.php\/2024\/12\/12\/ltb-dereboyu-yeni-yil-marketi-yarin-kuruluyor\/"},"modified":"2024-12-12T17:08:36","modified_gmt":"2024-12-12T14:08:36","slug":"ltb-dereboyu-yeni-yil-marketi-yarin-kuruluyor","status":"publish","type":"post","link":"https:\/\/kibrisdakik.com\/?p=71384","title":{"rendered":"LTB Dereboyu Yeni Y\u0131l Marketi yar\u0131n kuruluyor"},"content":{"rendered":"<div>\n<div class=\"mariselle-image-container center\">\n                                            <\/div>\n<p>Lefko\u015fa T\u00fcrk Belediyesi\u2019nin (LTB) Yeni Y\u0131l Marketi, Dereboyu\u2019nda 13-31 Aral\u0131k\u2019ta yer alacak.<\/p>\n<p>LTB\u2019den verilen bilgiye g\u00f6re, 31 Aral\u0131k\u2019a kadar devam edecek olan Dereboyu Yeni Y\u0131l Marketi Mehmet Akif Ersoy Caddesi\u2019nde trafik \u0131\u015f\u0131klar\u0131n\u0131n bulundu\u011fu alanda kurulacak.  Market her g\u00fcn 12.00 ile 20.00 aras\u0131nda faaliyette olacak.<\/p>\n<p>Markette, DJ performans\u0131, m\u00fczik dinletisi, Noel Baba\u2019yla hediye g\u00fcnleri, dans g\u00f6sterileri, konserler,  maskotlar yer alacak. LTB Dereboyu Yeni Y\u0131l Marketi, Radyo Juke i\u015f birli\u011finde, Er\u00fclk\u00fc S\u00fcpermarket, Brewart ve Carplus sponsorlu\u011funda yap\u0131l\u0131yor.<\/p>\n<p>LTB Dereboyu Yeni Y\u0131l Marketi Program\u0131:<\/p>\n<p>13 Aral\u0131k Cuma<\/p>\n<p>12.00 \u2013 16.00 Dj Altu\u011f<\/p>\n<p>16.00 \u2013 18.00 Radyo Juke Canl\u0131 Yay\u0131n 2 Y\u00fcz Program\u0131<\/p>\n<p>18.00 \u2013 19.00 Lefko\u015fa Belediye Orkestras\u0131 Latin Trio Dinletisi<\/p>\n<p>*Ark\u0131n Sayar (Solist) \u2013 *\u0130brahim \u00c7etiner(Gitar) \u2013 *M\u00fcn\u00fcr Akg\u00f6r (Trompet)<\/p>\n<p>16.00 \u2013 18.00 Noel Anne Ve Noel Baba<\/p>\n<p>16.00 \u2013 18.00 Kar Makinesi<\/p>\n<p>14 Aral\u0131k Cumartesi<\/p>\n<p>12.00-Dj, 16.00 18.00 \u2013 Noel Anne- Noel Baba, 19.00 \u2013 Berk \u00c7omuno\u011flu Konser<\/p>\n<p>15-16 Aral\u0131k \u2013 Yeni Y\u0131l Marketi Alan\u0131nda Dj Performans\u0131<\/p>\n<p>17-18 -19 Aral\u0131k \u2013 Mehmet Akif Caddesi \u00dczerinde Farkl\u0131 Noktalarda Dj Performanslar\u0131.<\/p>\n<p>18 Aral\u0131k Saat 19.00 \u2013 Dj Co\u015fkuner<\/p>\n<p>20 Aral\u0131k Cuma \u2013 12.00 \u2013 Dj, 16.00 \u2013 18.00 Noel Anne Ve Noel Baba, 17.00 \u2013 18.00 Lefko\u015fa Belediye Orkestras\u0131 Duo Dinleti Ark\u0131n Sayar \u2013 \u0130brahim \u00c7etiner<\/p>\n<p>21 Aral\u0131k Cumartesi \u2013 12.00 Dj, 16.00 \u2013 18.00 Noel Anne Ve Noel Baba, 19.00 \u2013 Reva  Konser<\/p>\n<p>22-23 Aral\u0131k \u2013  \u2013 Yeni Y\u0131l Marketi Alan\u0131nda Dj Performans\u0131<\/p>\n<p>24-25-26 Aral\u0131k \u2013 Mehmet Akif Caddesi \u00dczerinde Farkl\u0131 Noktalarda Dj Performanslar\u0131.<\/p>\n<p>25 Aral\u0131k Saat 19.00 \u2013 Dj Co\u015fkuner<\/p>\n<p> 27 Aral\u0131k Cuma \u2013 12.00 Dj, 16.00 18.00 \u2013 Noel Anne Noel Baba, 18.00-19.00 Re\u015fat Kortan \u2013 Ark\u0131n Sayar<\/p>\n<p> 28 Aral\u0131k Cumartesi \u2013 12.00 Dj, 14.00-16.00 Kumsal Park \u00c7ocuk Etkinlikleri<\/p>\n<p>16.00 18.00 \u2013 Noel Anne Noel Baba, 19.00 -20.30. Grup Ka\u0131ra \u0130nan\u00e7 Er\u015fen-H\u00fcseyin K\u0131rm\u0131z\u0131-Cahit Kurtafal\u0131 Ahmet Zilci- \u0130lker Er\u015fen-\u00c7a\u011fr\u0131 \u00c7erkez<\/p>\n<p>29-30-Aral\u0131k Yeni Y\u0131l Marketi Alan\u0131nda Dj Performans\u0131<\/p>\n<p>31 Aral\u0131k Sal\u0131 \u2013 16.00 18.00 Kar Makinesi, 16.00 18.00 \u2013 Noel Anne Noel Baba<\/p>\n<\/p><\/div>\n<p><script async\n                    defer\n                    crossorigin=\"anonymous\"\n                    src=\"https:\/\/connect.facebook.net\/tr_TR\/sdk.js#xfbml=1&#038;version=v3.3\"\n            ><\/script><\/p>\n","protected":false},"excerpt":{"rendered":"<p>Lefko\u015fa T\u00fcrk Belediyesi\u2019nin (LTB) Yeni Y\u0131l Marketi, Dereboyu\u2019nda 13-31 Aral\u0131k\u2019ta yer alacak. LTB\u2019den verilen bilgiye g\u00f6re, 31 Aral\u0131k\u2019a kadar devam edecek olan Dereboyu Yeni Y\u0131l Marketi Mehmet Akif Ersoy Caddesi\u2019nde trafik \u0131\u015f\u0131klar\u0131n\u0131n bulundu\u011fu alanda kurulacak. Market her g\u00fcn 12.00 ile 20.00 aras\u0131nda faaliyette olacak. Markette, DJ performans\u0131, m\u00fczik dinletisi, Noel Baba\u2019yla hediye g\u00fcnleri, dans g\u00f6sterileri,<\/p>\n","protected":false},"author":1,"featured_media":71385,"comment_status":"open","ping_status":"open","sticky":false,"template":"","format":"standard","meta":{"footnotes":""},"categories":[81],"tags":[],"class_list":["post-71384","post","type-post","status-publish","format-standard","has-post-thumbnail","hentry","category-kibris"],"yoast_head":"<!-- This site is optimized with the Yoast SEO plugin v27.5 - https:\/\/yoast.com\/product\/yoast-seo-wordpress\/ -->\n<title>LTB Dereboyu Yeni Y\u0131l Marketi yar\u0131n kuruluyor -<\/title>\n<meta name=\"robots\" content=\"index, follow, max-snippet:-1, max-image-preview:large, max-video-preview:-1\" \/>\n<link rel=\"canonical\" href=\"https:\/\/kibrisdakik.com\/?p=71384\" \/>\n<meta property=\"og:locale\" content=\"tr_TR\" \/>\n<meta property=\"og:type\" content=\"article\" \/>\n<meta property=\"og:title\" content=\"LTB Dereboyu Yeni Y\u0131l Marketi yar\u0131n kuruluyor -\" \/>\n<meta property=\"og:description\" content=\"Lefko\u015fa T\u00fcrk Belediyesi\u2019nin (LTB) Yeni Y\u0131l Marketi, Dereboyu\u2019nda 13-31 Aral\u0131k\u2019ta yer alacak. LTB\u2019den verilen bilgiye g\u00f6re, 31 Aral\u0131k\u2019a kadar devam edecek olan Dereboyu Yeni Y\u0131l Marketi Mehmet Akif Ersoy Caddesi\u2019nde trafik \u0131\u015f\u0131klar\u0131n\u0131n bulundu\u011fu alanda kurulacak. Market her g\u00fcn 12.00 ile 20.00 aras\u0131nda faaliyette olacak. Markette, DJ performans\u0131, m\u00fczik dinletisi, Noel Baba\u2019yla hediye g\u00fcnleri, dans g\u00f6sterileri,\" \/>\n<meta property=\"og:url\" content=\"https:\/\/kibrisdakik.com\/?p=71384\" \/>\n<meta property=\"article:published_time\" content=\"2024-12-12T14:08:36+00:00\" \/>\n<meta property=\"og:image\" content=\"https:\/\/kibrisdakik.com\/wp-content\/uploads\/2024\/12\/yym.webp-740x420.webp\" \/>\n\t<meta property=\"og:image:width\" content=\"1280\" \/>\n\t<meta property=\"og:image:height\" content=\"720\" \/>\n\t<meta property=\"og:image:type\" content=\"image\/webp\" \/>\n<meta name=\"author\" content=\"admin\" \/>\n<meta name=\"twitter:card\" content=\"summary_large_image\" \/>\n<meta name=\"twitter:label1\" content=\"Yazan:\" \/>\n\t<meta name=\"twitter:data1\" content=\"admin\" \/>\n\t<meta name=\"twitter:label2\" content=\"Tahmini okuma s\u00fcresi\" \/>\n\t<meta name=\"twitter:data2\" content=\"2 dakika\" \/>\n<script type=\"application\/ld+json\" class=\"yoast-schema-graph\">{\"@context\":\"https:\\\/\\\/schema.org\",\"@graph\":[{\"@type\":\"Article\",\"@id\":\"https:\\\/\\\/kibrisdakik.com\\\/?p=71384#article\",\"isPartOf\":{\"@id\":\"https:\\\/\\\/kibrisdakik.com\\\/?p=71384\"},\"author\":{\"name\":\"admin\",\"@id\":\"https:\\\/\\\/kibrisdakik.com\\\/#\\\/schema\\\/person\\\/9cd9d437bbb44f72b73ba127e06d8e79\"},\"headline\":\"LTB Dereboyu Yeni Y\u0131l Marketi yar\u0131n kuruluyor\",\"datePublished\":\"2024-12-12T14:08:36+00:00\",\"mainEntityOfPage\":{\"@id\":\"https:\\\/\\\/kibrisdakik.com\\\/?p=71384\"},\"wordCount\":327,\"commentCount\":0,\"image\":{\"@id\":\"https:\\\/\\\/kibrisdakik.com\\\/?p=71384#primaryimage\"},\"thumbnailUrl\":\"https:\\\/\\\/kibrisdakik.com\\\/wp-content\\\/uploads\\\/2024\\\/12\\\/yym.webp-740x420.webp\",\"articleSection\":[\"K\u0131br\u0131s\"],\"inLanguage\":\"tr\",\"potentialAction\":[{\"@type\":\"CommentAction\",\"name\":\"Comment\",\"target\":[\"https:\\\/\\\/kibrisdakik.com\\\/?p=71384#respond\"]}]},{\"@type\":\"WebPage\",\"@id\":\"https:\\\/\\\/kibrisdakik.com\\\/?p=71384\",\"url\":\"https:\\\/\\\/kibrisdakik.com\\\/?p=71384\",\"name\":\"LTB Dereboyu Yeni Y\u0131l Marketi yar\u0131n kuruluyor -\",\"isPartOf\":{\"@id\":\"https:\\\/\\\/kibrisdakik.com\\\/#website\"},\"primaryImageOfPage\":{\"@id\":\"https:\\\/\\\/kibrisdakik.com\\\/?p=71384#primaryimage\"},\"image\":{\"@id\":\"https:\\\/\\\/kibrisdakik.com\\\/?p=71384#primaryimage\"},\"thumbnailUrl\":\"https:\\\/\\\/kibrisdakik.com\\\/wp-content\\\/uploads\\\/2024\\\/12\\\/yym.webp-740x420.webp\",\"datePublished\":\"2024-12-12T14:08:36+00:00\",\"author\":{\"@id\":\"https:\\\/\\\/kibrisdakik.com\\\/#\\\/schema\\\/person\\\/9cd9d437bbb44f72b73ba127e06d8e79\"},\"breadcrumb\":{\"@id\":\"https:\\\/\\\/kibrisdakik.com\\\/?p=71384#breadcrumb\"},\"inLanguage\":\"tr\",\"potentialAction\":[{\"@type\":\"ReadAction\",\"target\":[\"https:\\\/\\\/kibrisdakik.com\\\/?p=71384\"]}]},{\"@type\":\"ImageObject\",\"inLanguage\":\"tr\",\"@id\":\"https:\\\/\\\/kibrisdakik.com\\\/?p=71384#primaryimage\",\"url\":\"https:\\\/\\\/kibrisdakik.com\\\/wp-content\\\/uploads\\\/2024\\\/12\\\/yym.webp-740x420.webp\",\"contentUrl\":\"https:\\\/\\\/kibrisdakik.com\\\/wp-content\\\/uploads\\\/2024\\\/12\\\/yym.webp-740x420.webp\",\"width\":1280,\"height\":720},{\"@type\":\"BreadcrumbList\",\"@id\":\"https:\\\/\\\/kibrisdakik.com\\\/?p=71384#breadcrumb\",\"itemListElement\":[{\"@type\":\"ListItem\",\"position\":1,\"name\":\"Home\",\"item\":\"https:\\\/\\\/kibrisdakik.com\\\/\"},{\"@type\":\"ListItem\",\"position\":2,\"name\":\"LTB Dereboyu Yeni Y\u0131l Marketi yar\u0131n kuruluyor\"}]},{\"@type\":\"WebSite\",\"@id\":\"https:\\\/\\\/kibrisdakik.com\\\/#website\",\"url\":\"https:\\\/\\\/kibrisdakik.com\\\/\",\"name\":\"\",\"description\":\"Tam vaktinde haber\",\"potentialAction\":[{\"@type\":\"SearchAction\",\"target\":{\"@type\":\"EntryPoint\",\"urlTemplate\":\"https:\\\/\\\/kibrisdakik.com\\\/?s={search_term_string}\"},\"query-input\":{\"@type\":\"PropertyValueSpecification\",\"valueRequired\":true,\"valueName\":\"search_term_string\"}}],\"inLanguage\":\"tr\"},{\"@type\":\"Person\",\"@id\":\"https:\\\/\\\/kibrisdakik.com\\\/#\\\/schema\\\/person\\\/9cd9d437bbb44f72b73ba127e06d8e79\",\"name\":\"admin\",\"image\":{\"@type\":\"ImageObject\",\"inLanguage\":\"tr\",\"@id\":\"https:\\\/\\\/secure.gravatar.com\\\/avatar\\\/ccc17943b9d660506c869530f897617f7cb1c21a4bf30023f252596d83e1f007?s=96&d=mm&r=g\",\"url\":\"https:\\\/\\\/secure.gravatar.com\\\/avatar\\\/ccc17943b9d660506c869530f897617f7cb1c21a4bf30023f252596d83e1f007?s=96&d=mm&r=g\",\"contentUrl\":\"https:\\\/\\\/secure.gravatar.com\\\/avatar\\\/ccc17943b9d660506c869530f897617f7cb1c21a4bf30023f252596d83e1f007?s=96&d=mm&r=g\",\"caption\":\"admin\"},\"sameAs\":[\"https:\\\/\\\/kibrisdakik.com\"],\"url\":\"https:\\\/\\\/kibrisdakik.com\\\/?author=1\"}]}<\/script>\n<!-- \/ Yoast SEO plugin. -->","yoast_head_json":{"title":"LTB Dereboyu Yeni Y\u0131l Marketi yar\u0131n kuruluyor -","robots":{"index":"index","follow":"follow","max-snippet":"max-snippet:-1","max-image-preview":"max-image-preview:large","max-video-preview":"max-video-preview:-1"},"canonical":"https:\/\/kibrisdakik.com\/?p=71384","og_locale":"tr_TR","og_type":"article","og_title":"LTB Dereboyu Yeni Y\u0131l Marketi yar\u0131n kuruluyor -","og_description":"Lefko\u015fa T\u00fcrk Belediyesi\u2019nin (LTB) Yeni Y\u0131l Marketi, Dereboyu\u2019nda 13-31 Aral\u0131k\u2019ta yer alacak. LTB\u2019den verilen bilgiye g\u00f6re, 31 Aral\u0131k\u2019a kadar devam edecek olan Dereboyu Yeni Y\u0131l Marketi Mehmet Akif Ersoy Caddesi\u2019nde trafik \u0131\u015f\u0131klar\u0131n\u0131n bulundu\u011fu alanda kurulacak. Market her g\u00fcn 12.00 ile 20.00 aras\u0131nda faaliyette olacak. Markette, DJ performans\u0131, m\u00fczik dinletisi, Noel Baba\u2019yla hediye g\u00fcnleri, dans g\u00f6sterileri,","og_url":"https:\/\/kibrisdakik.com\/?p=71384","article_published_time":"2024-12-12T14:08:36+00:00","og_image":[{"width":1280,"height":720,"url":"https:\/\/kibrisdakik.com\/wp-content\/uploads\/2024\/12\/yym.webp-740x420.webp","type":"image\/webp"}],"author":"admin","twitter_card":"summary_large_image","twitter_misc":{"Yazan:":"admin","Tahmini okuma s\u00fcresi":"2 dakika"},"schema":{"@context":"https:\/\/schema.org","@graph":[{"@type":"Article","@id":"https:\/\/kibrisdakik.com\/?p=71384#article","isPartOf":{"@id":"https:\/\/kibrisdakik.com\/?p=71384"},"author":{"name":"admin","@id":"https:\/\/kibrisdakik.com\/#\/schema\/person\/9cd9d437bbb44f72b73ba127e06d8e79"},"headline":"LTB Dereboyu Yeni Y\u0131l Marketi yar\u0131n kuruluyor","datePublished":"2024-12-12T14:08:36+00:00","mainEntityOfPage":{"@id":"https:\/\/kibrisdakik.com\/?p=71384"},"wordCount":327,"commentCount":0,"image":{"@id":"https:\/\/kibrisdakik.com\/?p=71384#primaryimage"},"thumbnailUrl":"https:\/\/kibrisdakik.com\/wp-content\/uploads\/2024\/12\/yym.webp-740x420.webp","articleSection":["K\u0131br\u0131s"],"inLanguage":"tr","potentialAction":[{"@type":"CommentAction","name":"Comment","target":["https:\/\/kibrisdakik.com\/?p=71384#respond"]}]},{"@type":"WebPage","@id":"https:\/\/kibrisdakik.com\/?p=71384","url":"https:\/\/kibrisdakik.com\/?p=71384","name":"LTB Dereboyu Yeni Y\u0131l Marketi yar\u0131n kuruluyor -","isPartOf":{"@id":"https:\/\/kibrisdakik.com\/#website"},"primaryImageOfPage":{"@id":"https:\/\/kibrisdakik.com\/?p=71384#primaryimage"},"image":{"@id":"https:\/\/kibrisdakik.com\/?p=71384#primaryimage"},"thumbnailUrl":"https:\/\/kibrisdakik.com\/wp-content\/uploads\/2024\/12\/yym.webp-740x420.webp","datePublished":"2024-12-12T14:08:36+00:00","author":{"@id":"https:\/\/kibrisdakik.com\/#\/schema\/person\/9cd9d437bbb44f72b73ba127e06d8e79"},"breadcrumb":{"@id":"https:\/\/kibrisdakik.com\/?p=71384#breadcrumb"},"inLanguage":"tr","potentialAction":[{"@type":"ReadAction","target":["https:\/\/kibrisdakik.com\/?p=71384"]}]},{"@type":"ImageObject","inLanguage":"tr","@id":"https:\/\/kibrisdakik.com\/?p=71384#primaryimage","url":"https:\/\/kibrisdakik.com\/wp-content\/uploads\/2024\/12\/yym.webp-740x420.webp","contentUrl":"https:\/\/kibrisdakik.com\/wp-content\/uploads\/2024\/12\/yym.webp-740x420.webp","width":1280,"height":720},{"@type":"BreadcrumbList","@id":"https:\/\/kibrisdakik.com\/?p=71384#breadcrumb","itemListElement":[{"@type":"ListItem","position":1,"name":"Home","item":"https:\/\/kibrisdakik.com\/"},{"@type":"ListItem","position":2,"name":"LTB Dereboyu Yeni Y\u0131l Marketi yar\u0131n kuruluyor"}]},{"@type":"WebSite","@id":"https:\/\/kibrisdakik.com\/#website","url":"https:\/\/kibrisdakik.com\/","name":"","description":"Tam vaktinde haber","potentialAction":[{"@type":"SearchAction","target":{"@type":"EntryPoint","urlTemplate":"https:\/\/kibrisdakik.com\/?s={search_term_string}"},"query-input":{"@type":"PropertyValueSpecification","valueRequired":true,"valueName":"search_term_string"}}],"inLanguage":"tr"},{"@type":"Person","@id":"https:\/\/kibrisdakik.com\/#\/schema\/person\/9cd9d437bbb44f72b73ba127e06d8e79","name":"admin","image":{"@type":"ImageObject","inLanguage":"tr","@id":"https:\/\/secure.gravatar.com\/avatar\/ccc17943b9d660506c869530f897617f7cb1c21a4bf30023f252596d83e1f007?s=96&d=mm&r=g","url":"https:\/\/secure.gravatar.com\/avatar\/ccc17943b9d660506c869530f897617f7cb1c21a4bf30023f252596d83e1f007?s=96&d=mm&r=g","contentUrl":"https:\/\/secure.gravatar.com\/avatar\/ccc17943b9d660506c869530f897617f7cb1c21a4bf30023f252596d83e1f007?s=96&d=mm&r=g","caption":"admin"},"sameAs":["https:\/\/kibrisdakik.com"],"url":"https:\/\/kibrisdakik.com\/?author=1"}]}},"_links":{"self":[{"href":"https:\/\/kibrisdakik.com\/index.php?rest_route=\/wp\/v2\/posts\/71384","targetHints":{"allow":["GET"]}}],"collection":[{"href":"https:\/\/kibrisdakik.com\/index.php?rest_route=\/wp\/v2\/posts"}],"about":[{"href":"https:\/\/kibrisdakik.com\/index.php?rest_route=\/wp\/v2\/types\/post"}],"author":[{"embeddable":true,"href":"https:\/\/kibrisdakik.com\/index.php?rest_route=\/wp\/v2\/users\/1"}],"replies":[{"embeddable":true,"href":"https:\/\/kibrisdakik.com\/index.php?rest_route=%2Fwp%2Fv2%2Fcomments&post=71384"}],"version-history":[{"count":0,"href":"https:\/\/kibrisdakik.com\/index.php?rest_route=\/wp\/v2\/posts\/71384\/revisions"}],"wp:featuredmedia":[{"embeddable":true,"href":"https:\/\/kibrisdakik.com\/index.php?rest_route=\/wp\/v2\/media\/71385"}],"wp:attachment":[{"href":"https:\/\/kibrisdakik.com\/index.php?rest_route=%2Fwp%2Fv2%2Fmedia&parent=71384"}],"wp:term":[{"taxonomy":"category","embeddable":true,"href":"https:\/\/kibrisdakik.com\/index.php?rest_route=%2Fwp%2Fv2%2Fcategories&post=71384"},{"taxonomy":"post_tag","embeddable":true,"href":"https:\/\/kibrisdakik.com\/index.php?rest_route=%2Fwp%2Fv2%2Ftags&post=71384"}],"curies":[{"name":"wp","href":"https:\/\/api.w.org\/{rel}","templated":true}]}}