{"id":71441,"date":"2024-12-13T14:19:49","date_gmt":"2024-12-13T11:19:49","guid":{"rendered":"https:\/\/kibrisdakik.com\/index.php\/2024\/12\/13\/magusada-yarin-insan-haklari-konusulacak\/"},"modified":"2024-12-13T14:19:49","modified_gmt":"2024-12-13T11:19:49","slug":"magusada-yarin-insan-haklari-konusulacak","status":"publish","type":"post","link":"https:\/\/kibrisdakik.com\/?p=71441","title":{"rendered":"Ma\u011fusa\u2019da yar\u0131n insan haklar\u0131 konu\u015fulacak"},"content":{"rendered":"<div>\n<div class=\"mariselle-image-container center\">\n                                            <\/div>\n<p>Gazima\u011fusa\u2019da yar\u0131n d\u00fczenlenecek etkinlikte insan haklar\u0131 konu\u015fulacak.<\/p>\n<p>\u0130nsan Haklar\u0131 Platformu\u2019nun, Ekor Elegance Hotel\u2019de yar\u0131n 09.00 \u2013 17.30 saatleri aras\u0131nda d\u00fczenleyece\u011fi ve 3 oturumda yap\u0131lacak \u201cDe\u011fi\u015fen D\u00fcnyada \u0130nsan Haklar\u0131 Konferans\u0131\u201dnda insan haklar\u0131 konusundaki g\u00fcncel tart\u0131\u015fmalar ele al\u0131nacak.<\/p>\n<p>Verilen bilgiye g\u00f6re, etkinlik \u0130nsan Haklar\u0131 Platformu Direkt\u00f6r\u00fc Derya Beyatl\u0131 ve Avrupa Komisyonu K\u0131br\u0131s \u00c7\u00f6z\u00fcm Destek Birimi Ba\u015fkan\u0131 Giulia Bertezzolu\u2019nun a\u00e7\u0131l\u0131\u015f konu\u015fmalar\u0131yla ba\u015flayacak, ard\u0131ndan \u00fclkeden ve yurt d\u0131\u015f\u0131ndan uzmanlar sunum yapacak.<\/p>\n<\/p><\/div>\n<p><script async\n                    defer\n                    crossorigin=\"anonymous\"\n                    src=\"https:\/\/connect.facebook.net\/tr_TR\/sdk.js#xfbml=1&#038;version=v3.3\"\n            ><\/script><\/p>\n","protected":false},"excerpt":{"rendered":"<p>Gazima\u011fusa\u2019da yar\u0131n d\u00fczenlenecek etkinlikte insan haklar\u0131 konu\u015fulacak. \u0130nsan Haklar\u0131 Platformu\u2019nun, Ekor Elegance Hotel\u2019de yar\u0131n 09.00 \u2013 17.30 saatleri aras\u0131nda d\u00fczenleyece\u011fi ve 3 oturumda yap\u0131lacak \u201cDe\u011fi\u015fen D\u00fcnyada \u0130nsan Haklar\u0131 Konferans\u0131\u201dnda insan haklar\u0131 konusundaki g\u00fcncel tart\u0131\u015fmalar ele al\u0131nacak. Verilen bilgiye g\u00f6re, etkinlik \u0130nsan Haklar\u0131 Platformu Direkt\u00f6r\u00fc Derya Beyatl\u0131 ve Avrupa Komisyonu K\u0131br\u0131s \u00c7\u00f6z\u00fcm Destek Birimi Ba\u015fkan\u0131 Giulia<\/p>\n","protected":false},"author":1,"featured_media":71442,"comment_status":"open","ping_status":"open","sticky":false,"template":"","format":"standard","meta":{"footnotes":""},"categories":[81],"tags":[],"class_list":["post-71441","post","type-post","status-publish","format-standard","has-post-thumbnail","hentry","category-kibris"],"yoast_head":"<!-- This site is optimized with the Yoast SEO plugin v27.4 - https:\/\/yoast.com\/product\/yoast-seo-wordpress\/ -->\n<title>Ma\u011fusa\u2019da yar\u0131n insan haklar\u0131 konu\u015fulacak -<\/title>\n<meta name=\"robots\" content=\"index, follow, max-snippet:-1, max-image-preview:large, max-video-preview:-1\" \/>\n<link rel=\"canonical\" href=\"https:\/\/kibrisdakik.com\/?p=71441\" \/>\n<meta property=\"og:locale\" content=\"tr_TR\" \/>\n<meta property=\"og:type\" content=\"article\" \/>\n<meta property=\"og:title\" content=\"Ma\u011fusa\u2019da yar\u0131n insan haklar\u0131 konu\u015fulacak -\" \/>\n<meta property=\"og:description\" content=\"Gazima\u011fusa\u2019da yar\u0131n d\u00fczenlenecek etkinlikte insan haklar\u0131 konu\u015fulacak. \u0130nsan Haklar\u0131 Platformu\u2019nun, Ekor Elegance Hotel\u2019de yar\u0131n 09.00 \u2013 17.30 saatleri aras\u0131nda d\u00fczenleyece\u011fi ve 3 oturumda yap\u0131lacak \u201cDe\u011fi\u015fen D\u00fcnyada \u0130nsan Haklar\u0131 Konferans\u0131\u201dnda insan haklar\u0131 konusundaki g\u00fcncel tart\u0131\u015fmalar ele al\u0131nacak. Verilen bilgiye g\u00f6re, etkinlik \u0130nsan Haklar\u0131 Platformu Direkt\u00f6r\u00fc Derya Beyatl\u0131 ve Avrupa Komisyonu K\u0131br\u0131s \u00c7\u00f6z\u00fcm Destek Birimi Ba\u015fkan\u0131 Giulia\" \/>\n<meta property=\"og:url\" content=\"https:\/\/kibrisdakik.com\/?p=71441\" \/>\n<meta property=\"article:published_time\" content=\"2024-12-13T11:19:49+00:00\" \/>\n<meta property=\"og:image\" content=\"https:\/\/kibrisdakik.com\/wp-content\/uploads\/2024\/12\/1734076680673INSAN-HAKLARI-740x420.jpg\" \/>\n\t<meta property=\"og:image:width\" content=\"2048\" \/>\n\t<meta property=\"og:image:height\" content=\"2048\" \/>\n\t<meta property=\"og:image:type\" content=\"image\/jpeg\" \/>\n<meta name=\"author\" content=\"admin\" \/>\n<meta name=\"twitter:card\" content=\"summary_large_image\" \/>\n<meta name=\"twitter:label1\" content=\"Yazan:\" \/>\n\t<meta name=\"twitter:data1\" content=\"admin\" \/>\n<script type=\"application\/ld+json\" class=\"yoast-schema-graph\">{\"@context\":\"https:\\\/\\\/schema.org\",\"@graph\":[{\"@type\":\"Article\",\"@id\":\"https:\\\/\\\/kibrisdakik.com\\\/?p=71441#article\",\"isPartOf\":{\"@id\":\"https:\\\/\\\/kibrisdakik.com\\\/?p=71441\"},\"author\":{\"name\":\"admin\",\"@id\":\"https:\\\/\\\/kibrisdakik.com\\\/#\\\/schema\\\/person\\\/9cd9d437bbb44f72b73ba127e06d8e79\"},\"headline\":\"Ma\u011fusa\u2019da yar\u0131n insan haklar\u0131 konu\u015fulacak\",\"datePublished\":\"2024-12-13T11:19:49+00:00\",\"mainEntityOfPage\":{\"@id\":\"https:\\\/\\\/kibrisdakik.com\\\/?p=71441\"},\"wordCount\":104,\"commentCount\":0,\"image\":{\"@id\":\"https:\\\/\\\/kibrisdakik.com\\\/?p=71441#primaryimage\"},\"thumbnailUrl\":\"https:\\\/\\\/kibrisdakik.com\\\/wp-content\\\/uploads\\\/2024\\\/12\\\/1734076680673INSAN-HAKLARI-740x420.jpg\",\"articleSection\":[\"K\u0131br\u0131s\"],\"inLanguage\":\"tr\",\"potentialAction\":[{\"@type\":\"CommentAction\",\"name\":\"Comment\",\"target\":[\"https:\\\/\\\/kibrisdakik.com\\\/?p=71441#respond\"]}]},{\"@type\":\"WebPage\",\"@id\":\"https:\\\/\\\/kibrisdakik.com\\\/?p=71441\",\"url\":\"https:\\\/\\\/kibrisdakik.com\\\/?p=71441\",\"name\":\"Ma\u011fusa\u2019da yar\u0131n insan haklar\u0131 konu\u015fulacak -\",\"isPartOf\":{\"@id\":\"https:\\\/\\\/kibrisdakik.com\\\/#website\"},\"primaryImageOfPage\":{\"@id\":\"https:\\\/\\\/kibrisdakik.com\\\/?p=71441#primaryimage\"},\"image\":{\"@id\":\"https:\\\/\\\/kibrisdakik.com\\\/?p=71441#primaryimage\"},\"thumbnailUrl\":\"https:\\\/\\\/kibrisdakik.com\\\/wp-content\\\/uploads\\\/2024\\\/12\\\/1734076680673INSAN-HAKLARI-740x420.jpg\",\"datePublished\":\"2024-12-13T11:19:49+00:00\",\"author\":{\"@id\":\"https:\\\/\\\/kibrisdakik.com\\\/#\\\/schema\\\/person\\\/9cd9d437bbb44f72b73ba127e06d8e79\"},\"breadcrumb\":{\"@id\":\"https:\\\/\\\/kibrisdakik.com\\\/?p=71441#breadcrumb\"},\"inLanguage\":\"tr\",\"potentialAction\":[{\"@type\":\"ReadAction\",\"target\":[\"https:\\\/\\\/kibrisdakik.com\\\/?p=71441\"]}]},{\"@type\":\"ImageObject\",\"inLanguage\":\"tr\",\"@id\":\"https:\\\/\\\/kibrisdakik.com\\\/?p=71441#primaryimage\",\"url\":\"https:\\\/\\\/kibrisdakik.com\\\/wp-content\\\/uploads\\\/2024\\\/12\\\/1734076680673INSAN-HAKLARI-740x420.jpg\",\"contentUrl\":\"https:\\\/\\\/kibrisdakik.com\\\/wp-content\\\/uploads\\\/2024\\\/12\\\/1734076680673INSAN-HAKLARI-740x420.jpg\",\"width\":2048,\"height\":2048},{\"@type\":\"BreadcrumbList\",\"@id\":\"https:\\\/\\\/kibrisdakik.com\\\/?p=71441#breadcrumb\",\"itemListElement\":[{\"@type\":\"ListItem\",\"position\":1,\"name\":\"Home\",\"item\":\"https:\\\/\\\/kibrisdakik.com\\\/\"},{\"@type\":\"ListItem\",\"position\":2,\"name\":\"Ma\u011fusa\u2019da yar\u0131n insan haklar\u0131 konu\u015fulacak\"}]},{\"@type\":\"WebSite\",\"@id\":\"https:\\\/\\\/kibrisdakik.com\\\/#website\",\"url\":\"https:\\\/\\\/kibrisdakik.com\\\/\",\"name\":\"\",\"description\":\"Tam vaktinde haber\",\"potentialAction\":[{\"@type\":\"SearchAction\",\"target\":{\"@type\":\"EntryPoint\",\"urlTemplate\":\"https:\\\/\\\/kibrisdakik.com\\\/?s={search_term_string}\"},\"query-input\":{\"@type\":\"PropertyValueSpecification\",\"valueRequired\":true,\"valueName\":\"search_term_string\"}}],\"inLanguage\":\"tr\"},{\"@type\":\"Person\",\"@id\":\"https:\\\/\\\/kibrisdakik.com\\\/#\\\/schema\\\/person\\\/9cd9d437bbb44f72b73ba127e06d8e79\",\"name\":\"admin\",\"image\":{\"@type\":\"ImageObject\",\"inLanguage\":\"tr\",\"@id\":\"https:\\\/\\\/secure.gravatar.com\\\/avatar\\\/ccc17943b9d660506c869530f897617f7cb1c21a4bf30023f252596d83e1f007?s=96&d=mm&r=g\",\"url\":\"https:\\\/\\\/secure.gravatar.com\\\/avatar\\\/ccc17943b9d660506c869530f897617f7cb1c21a4bf30023f252596d83e1f007?s=96&d=mm&r=g\",\"contentUrl\":\"https:\\\/\\\/secure.gravatar.com\\\/avatar\\\/ccc17943b9d660506c869530f897617f7cb1c21a4bf30023f252596d83e1f007?s=96&d=mm&r=g\",\"caption\":\"admin\"},\"sameAs\":[\"https:\\\/\\\/kibrisdakik.com\"],\"url\":\"https:\\\/\\\/kibrisdakik.com\\\/?author=1\"}]}<\/script>\n<!-- \/ Yoast SEO plugin. -->","yoast_head_json":{"title":"Ma\u011fusa\u2019da yar\u0131n insan haklar\u0131 konu\u015fulacak -","robots":{"index":"index","follow":"follow","max-snippet":"max-snippet:-1","max-image-preview":"max-image-preview:large","max-video-preview":"max-video-preview:-1"},"canonical":"https:\/\/kibrisdakik.com\/?p=71441","og_locale":"tr_TR","og_type":"article","og_title":"Ma\u011fusa\u2019da yar\u0131n insan haklar\u0131 konu\u015fulacak -","og_description":"Gazima\u011fusa\u2019da yar\u0131n d\u00fczenlenecek etkinlikte insan haklar\u0131 konu\u015fulacak. \u0130nsan Haklar\u0131 Platformu\u2019nun, Ekor Elegance Hotel\u2019de yar\u0131n 09.00 \u2013 17.30 saatleri aras\u0131nda d\u00fczenleyece\u011fi ve 3 oturumda yap\u0131lacak \u201cDe\u011fi\u015fen D\u00fcnyada \u0130nsan Haklar\u0131 Konferans\u0131\u201dnda insan haklar\u0131 konusundaki g\u00fcncel tart\u0131\u015fmalar ele al\u0131nacak. Verilen bilgiye g\u00f6re, etkinlik \u0130nsan Haklar\u0131 Platformu Direkt\u00f6r\u00fc Derya Beyatl\u0131 ve Avrupa Komisyonu K\u0131br\u0131s \u00c7\u00f6z\u00fcm Destek Birimi Ba\u015fkan\u0131 Giulia","og_url":"https:\/\/kibrisdakik.com\/?p=71441","article_published_time":"2024-12-13T11:19:49+00:00","og_image":[{"width":2048,"height":2048,"url":"https:\/\/kibrisdakik.com\/wp-content\/uploads\/2024\/12\/1734076680673INSAN-HAKLARI-740x420.jpg","type":"image\/jpeg"}],"author":"admin","twitter_card":"summary_large_image","twitter_misc":{"Yazan:":"admin"},"schema":{"@context":"https:\/\/schema.org","@graph":[{"@type":"Article","@id":"https:\/\/kibrisdakik.com\/?p=71441#article","isPartOf":{"@id":"https:\/\/kibrisdakik.com\/?p=71441"},"author":{"name":"admin","@id":"https:\/\/kibrisdakik.com\/#\/schema\/person\/9cd9d437bbb44f72b73ba127e06d8e79"},"headline":"Ma\u011fusa\u2019da yar\u0131n insan haklar\u0131 konu\u015fulacak","datePublished":"2024-12-13T11:19:49+00:00","mainEntityOfPage":{"@id":"https:\/\/kibrisdakik.com\/?p=71441"},"wordCount":104,"commentCount":0,"image":{"@id":"https:\/\/kibrisdakik.com\/?p=71441#primaryimage"},"thumbnailUrl":"https:\/\/kibrisdakik.com\/wp-content\/uploads\/2024\/12\/1734076680673INSAN-HAKLARI-740x420.jpg","articleSection":["K\u0131br\u0131s"],"inLanguage":"tr","potentialAction":[{"@type":"CommentAction","name":"Comment","target":["https:\/\/kibrisdakik.com\/?p=71441#respond"]}]},{"@type":"WebPage","@id":"https:\/\/kibrisdakik.com\/?p=71441","url":"https:\/\/kibrisdakik.com\/?p=71441","name":"Ma\u011fusa\u2019da yar\u0131n insan haklar\u0131 konu\u015fulacak -","isPartOf":{"@id":"https:\/\/kibrisdakik.com\/#website"},"primaryImageOfPage":{"@id":"https:\/\/kibrisdakik.com\/?p=71441#primaryimage"},"image":{"@id":"https:\/\/kibrisdakik.com\/?p=71441#primaryimage"},"thumbnailUrl":"https:\/\/kibrisdakik.com\/wp-content\/uploads\/2024\/12\/1734076680673INSAN-HAKLARI-740x420.jpg","datePublished":"2024-12-13T11:19:49+00:00","author":{"@id":"https:\/\/kibrisdakik.com\/#\/schema\/person\/9cd9d437bbb44f72b73ba127e06d8e79"},"breadcrumb":{"@id":"https:\/\/kibrisdakik.com\/?p=71441#breadcrumb"},"inLanguage":"tr","potentialAction":[{"@type":"ReadAction","target":["https:\/\/kibrisdakik.com\/?p=71441"]}]},{"@type":"ImageObject","inLanguage":"tr","@id":"https:\/\/kibrisdakik.com\/?p=71441#primaryimage","url":"https:\/\/kibrisdakik.com\/wp-content\/uploads\/2024\/12\/1734076680673INSAN-HAKLARI-740x420.jpg","contentUrl":"https:\/\/kibrisdakik.com\/wp-content\/uploads\/2024\/12\/1734076680673INSAN-HAKLARI-740x420.jpg","width":2048,"height":2048},{"@type":"BreadcrumbList","@id":"https:\/\/kibrisdakik.com\/?p=71441#breadcrumb","itemListElement":[{"@type":"ListItem","position":1,"name":"Home","item":"https:\/\/kibrisdakik.com\/"},{"@type":"ListItem","position":2,"name":"Ma\u011fusa\u2019da yar\u0131n insan haklar\u0131 konu\u015fulacak"}]},{"@type":"WebSite","@id":"https:\/\/kibrisdakik.com\/#website","url":"https:\/\/kibrisdakik.com\/","name":"","description":"Tam vaktinde haber","potentialAction":[{"@type":"SearchAction","target":{"@type":"EntryPoint","urlTemplate":"https:\/\/kibrisdakik.com\/?s={search_term_string}"},"query-input":{"@type":"PropertyValueSpecification","valueRequired":true,"valueName":"search_term_string"}}],"inLanguage":"tr"},{"@type":"Person","@id":"https:\/\/kibrisdakik.com\/#\/schema\/person\/9cd9d437bbb44f72b73ba127e06d8e79","name":"admin","image":{"@type":"ImageObject","inLanguage":"tr","@id":"https:\/\/secure.gravatar.com\/avatar\/ccc17943b9d660506c869530f897617f7cb1c21a4bf30023f252596d83e1f007?s=96&d=mm&r=g","url":"https:\/\/secure.gravatar.com\/avatar\/ccc17943b9d660506c869530f897617f7cb1c21a4bf30023f252596d83e1f007?s=96&d=mm&r=g","contentUrl":"https:\/\/secure.gravatar.com\/avatar\/ccc17943b9d660506c869530f897617f7cb1c21a4bf30023f252596d83e1f007?s=96&d=mm&r=g","caption":"admin"},"sameAs":["https:\/\/kibrisdakik.com"],"url":"https:\/\/kibrisdakik.com\/?author=1"}]}},"_links":{"self":[{"href":"https:\/\/kibrisdakik.com\/index.php?rest_route=\/wp\/v2\/posts\/71441","targetHints":{"allow":["GET"]}}],"collection":[{"href":"https:\/\/kibrisdakik.com\/index.php?rest_route=\/wp\/v2\/posts"}],"about":[{"href":"https:\/\/kibrisdakik.com\/index.php?rest_route=\/wp\/v2\/types\/post"}],"author":[{"embeddable":true,"href":"https:\/\/kibrisdakik.com\/index.php?rest_route=\/wp\/v2\/users\/1"}],"replies":[{"embeddable":true,"href":"https:\/\/kibrisdakik.com\/index.php?rest_route=%2Fwp%2Fv2%2Fcomments&post=71441"}],"version-history":[{"count":0,"href":"https:\/\/kibrisdakik.com\/index.php?rest_route=\/wp\/v2\/posts\/71441\/revisions"}],"wp:featuredmedia":[{"embeddable":true,"href":"https:\/\/kibrisdakik.com\/index.php?rest_route=\/wp\/v2\/media\/71442"}],"wp:attachment":[{"href":"https:\/\/kibrisdakik.com\/index.php?rest_route=%2Fwp%2Fv2%2Fmedia&parent=71441"}],"wp:term":[{"taxonomy":"category","embeddable":true,"href":"https:\/\/kibrisdakik.com\/index.php?rest_route=%2Fwp%2Fv2%2Fcategories&post=71441"},{"taxonomy":"post_tag","embeddable":true,"href":"https:\/\/kibrisdakik.com\/index.php?rest_route=%2Fwp%2Fv2%2Ftags&post=71441"}],"curies":[{"name":"wp","href":"https:\/\/api.w.org\/{rel}","templated":true}]}}