{"id":71467,"date":"2024-12-13T18:00:03","date_gmt":"2024-12-13T15:00:03","guid":{"rendered":"https:\/\/kibrisdakik.com\/index.php\/2024\/12\/13\/tc-cumhurbaskanligi-iletisim-baskani-altun-stratcom-summit-2024%e2%80%b3un-acilisinda-konustu\/"},"modified":"2024-12-13T18:00:03","modified_gmt":"2024-12-13T15:00:03","slug":"tc-cumhurbaskanligi-iletisim-baskani-altun-stratcom-summit-2024%e2%80%b3un-acilisinda-konustu","status":"publish","type":"post","link":"https:\/\/kibrisdakik.com\/?p=71467","title":{"rendered":"TC Cumhurba\u015fkanl\u0131\u011f\u0131 \u0130leti\u015fim Ba\u015fkan\u0131 Altun \u201cStratcom Summit 2024\u2033\u00fcn a\u00e7\u0131l\u0131\u015f\u0131nda konu\u015ftu"},"content":{"rendered":"<p><\/p>\n<div>\n<div class=\"mariselle-image-container center\">\n                <img loading=\"lazy\" decoding=\"async\" width=\"2560\" height=\"1707\" class=\"lazy-image\" alt=\"\" sizes=\"auto, (max-width: 2560px) 100vw, 2560px\" src=\"https:\/\/brtk.net\/wp-content\/uploads\/2024\/12\/13\/1734093386987AA-20241213-36471734-36471730-ULUSLARARASI_STRATEJIK_ILETISIM_ZIRVESI_2024-scaled.jpg?ver=bf0433f8efe4f3a1d52325eff3c1159f\" srcset=\"https:\/\/brtk.net\/wp-content\/uploads\/2024\/12\/13\/1734093386987AA-20241213-36471734-36471730-ULUSLARARASI_STRATEJIK_ILETISIM_ZIRVESI_2024-scaled.jpg?ver=bf0433f8efe4f3a1d52325eff3c1159f 2560w, https:\/\/brtk.net\/wp-content\/uploads\/2024\/12\/13\/1734093386987AA-20241213-36471734-36471730-ULUSLARARASI_STRATEJIK_ILETISIM_ZIRVESI_2024-300x200.jpg?ver=d96941dbb11f4ff82b207c404577074e 300w, https:\/\/brtk.net\/wp-content\/uploads\/2024\/12\/13\/1734093386987AA-20241213-36471734-36471730-ULUSLARARASI_STRATEJIK_ILETISIM_ZIRVESI_2024-1024x683.jpg?ver=46e8524d4c4ff49eb97936d87c5f447b 1024w, https:\/\/brtk.net\/wp-content\/uploads\/2024\/12\/13\/1734093386987AA-20241213-36471734-36471730-ULUSLARARASI_STRATEJIK_ILETISIM_ZIRVESI_2024-768x512.jpg?ver=46e8524d4c4ff49eb97936d87c5f447b 768w, https:\/\/brtk.net\/wp-content\/uploads\/2024\/12\/13\/1734093386987AA-20241213-36471734-36471730-ULUSLARARASI_STRATEJIK_ILETISIM_ZIRVESI_2024-1536x1024.jpg?ver=4cd457e2da817f41f9107310170fecb9 1536w, https:\/\/brtk.net\/wp-content\/uploads\/2024\/12\/13\/1734093386987AA-20241213-36471734-36471730-ULUSLARARASI_STRATEJIK_ILETISIM_ZIRVESI_2024-2048x1365.jpg?ver=f3ebc1dd34837fa8910f6caddf2ece89 2048w\"\/>                            <\/div>\n<p>TC Cumhurba\u015fkanl\u0131\u011f\u0131 \u0130leti\u015fim Ba\u015fkan\u0131 Fahrettin Altun, \u201cKrizlerin \u00e7\u00f6z\u00fcm\u00fcnde uzla\u015ft\u0131r\u0131c\u0131 ve istikrarla\u015ft\u0131r\u0131c\u0131 bir g\u00fc\u00e7 olarak T\u00fcrkiye, d\u00fcn oldu\u011fu gibi bug\u00fcn de b\u00f6lgesel ve k\u00fcresel sorunlar\u0131n \u00e7\u00f6z\u00fcm\u00fcnde g\u00fc\u00e7l\u00fc bir m\u00fcttefik, belirleyici bir akt\u00f6r ve k\u00fcresel sorunlar\u0131n \u00e7\u00f6z\u00fcm\u00fc noktas\u0131nda ger\u00e7ekten bir kutupba\u015f\u0131 olacakt\u0131r.\u201d dedi.<\/p>\n<p>Altun, Cumhurba\u015fkanl\u0131\u011f\u0131 \u0130leti\u015fim Ba\u015fkanl\u0131\u011f\u0131 taraf\u0131ndan Rixos Tersane \u0130stanbul\u2019da d\u00fczenlenen Uluslararas\u0131 Stratejik \u0130leti\u015fim Zirvesi 2024\u2019\u00fcn (Stratcom Summit 2024) a\u00e7\u0131l\u0131\u015f\u0131nda yapt\u0131\u011f\u0131 konu\u015fmada, Stratcom\u2019un stratejik ileti\u015fim alan\u0131nda k\u00fcresel \u00e7ekim merkezine d\u00f6n\u00fc\u015ft\u00fc\u011f\u00fcn\u00fc ve d\u00fcnyadaki stratejik ileti\u015fimin duayenlerinin bulu\u015fma noktalar\u0131ndan biri haline geldi\u011fini s\u00f6yledi.<\/p>\n<p>Forumun bu y\u0131lki temas\u0131n\u0131n \u201c\u0130leti\u015fimde Yapay Zeka: E\u011filimler, Tuzaklar ve D\u00f6n\u00fc\u015f\u00fcm\u201d oldu\u011funa i\u015faret eden Altun, yapay zekan\u0131n g\u00fcn\u00fcm\u00fcz\u00fcn ileti\u015fim eko-sisteminin yads\u0131namaz bir ger\u00e7e\u011fi oldu\u011funu, forumda bunun \u00fczerinde duracaklar\u0131n\u0131 ve analiz edeceklerini kaydetti.<\/p>\n<p>Yapay zeka teknolojilerine yap\u0131lan yat\u0131r\u0131mlar\u0131n g\u00fcnden g\u00fcne artt\u0131\u011f\u0131n\u0131 belirten Altun, k\u00fcresel teknoloji \u015firketleri, start-uplar, \u00fcniversiteler ve h\u00fck\u00fcmetlerin yapay zeka \u00e7al\u0131\u015fmalar\u0131na milyarlarca dolarl\u0131k fonlar ay\u0131rd\u0131\u011f\u0131n\u0131 kaydetti.<\/p>\n<p>Yapay zeka yat\u0131r\u0131mlar\u0131n\u0131n 200 milyar dolara yakla\u015ft\u0131\u011f\u0131n\u0131 ve bu yat\u0131r\u0131mlar\u0131n g\u00fcnden g\u00fcne artt\u0131\u011f\u0131na dikkati \u00e7eken Altun, sa\u011fl\u0131ktan finansa, e\u011fitimden e-ticarete, mal \u00fcretiminden askeri alanlara ve medya-ileti\u015fime kadar bir\u00e7ok sahada yapay zeka \u00e7al\u0131\u015fmalar\u0131n\u0131n h\u0131z kazand\u0131\u011f\u0131n\u0131 anlatt\u0131.<\/p>\n<p>Altun, ileti\u015fim ve medya sekt\u00f6r\u00fcne bak\u0131ld\u0131\u011f\u0131 zaman yapay zekan\u0131n b\u00fcy\u00fck veri analizinde, kullan\u0131c\u0131 deneyimlerinin \u00f6l\u00e7\u00fclmesinde ve i\u00e7erik \u00fcretimi konular\u0131nda yo\u011fun olarak kullan\u0131lmaya ba\u015flad\u0131\u011f\u0131n\u0131 kaydederek, \u015f\u00f6yle devam etti:<\/p>\n<p>\u201cBu s\u00fcrecin i\u00e7erisinde kullan\u0131c\u0131lar da var. Kullan\u0131c\u0131lar da giderek aktifle\u015fiyor. Yapay zeka modelleri ve yapay zeka ajanlar\u0131 marifetiyle s\u00fcrecin i\u00e7erisinde kullan\u0131c\u0131lar do\u011frudan rol almaya ba\u015flad\u0131. Yapay zeka taraf\u0131ndan \u00fcretilen sentetik i\u00e7eriklerin internet \u00fczerindeki varl\u0131\u011f\u0131 da g\u00fcnden g\u00fcne art\u0131yor ve bu i\u00e7eriklerle sentetik kimlikler, hatta sentetik medyalar, mecralar olu\u015fturuluyor. Yap\u0131lan ara\u015ft\u0131rmalar 2024 y\u0131l\u0131 itibar\u0131yla d\u00fcnya genelinde 500 milyondan fazla insan\u0131n, yapay zeka tabanl\u0131 uygulamalar\u0131 aktif olarak kulland\u0131\u011f\u0131n\u0131 ortaya koyuyor. Yine 2024 y\u0131l\u0131 itibar\u0131yla t\u00fcm dijital i\u00e7eriklerin yakla\u015f\u0131k y\u00fczde 15\u2019inin yapay zeka taraf\u0131ndan \u00fcretildi\u011fini g\u00f6r\u00fcyoruz, ki bu veri de son derece \u00e7arp\u0131c\u0131 bir veri olarak kar\u015f\u0131m\u0131zda bulunuyor.\u201d<\/p>\n<p>Bug\u00fcn, sadece ileti\u015fim ve bili\u015fim alan\u0131nda de\u011fil, hayat\u0131n her alan\u0131n\u0131 muhasara alt\u0131na alan bir yapay zeka teknolojisiyle ve bunun getirdi\u011fi d\u00f6n\u00fc\u015f\u00fcmlerle kar\u015f\u0131 kar\u015f\u0131ya olduklar\u0131na i\u015faret eden Altun, elbette ki her b\u00fcy\u00fck d\u00f6n\u00fc\u015f\u00fcm ve yol ayr\u0131m\u0131n\u0131n sanc\u0131l\u0131 oldu\u011funu kaydetti.<\/p>\n<p>Altun, yapay zekayla birlikte tan\u0131kl\u0131k ettikleri sistem d\u00f6n\u00fc\u015f\u00fcmlerinin bir yandan toplumsal alanda yeniden yap\u0131land\u0131rmalar\u0131 beraberinde getirdi\u011fini, \u00f6te yandan derin bir huzursuzluk ve hatta kaosa yol a\u00e7abildi\u011fini, en az\u0131ndan huzursuzluk ve kaos duygusunu y\u00fckseltti\u011fini dile getirdi.<\/p>\n<p>Hi\u00e7 ku\u015fkusuz her teknolojik yenilik gibi yapay zekan\u0131n da b\u00fcnyesinde f\u0131rsatlar\u0131, meydan okumalar\u0131, riskleri, tehditleri bar\u0131nd\u0131rd\u0131\u011f\u0131n\u0131 belirten Altun, bu f\u0131rsatlardan insanl\u0131\u011f\u0131n hayr\u0131na \u00e7\u0131kt\u0131lar \u00fcretmek ve riskleri de insanl\u0131k olarak y\u00f6netmek zorunda olduklar\u0131n\u0131 kaydetti.<\/p>\n<p>Altun, toplumsal s\u00fcre\u00e7lerden ba\u011f\u0131ms\u0131z bir teknolojiden s\u00f6z edilemeyece\u011fini, her yeni icad\u0131n, her bilimsel geli\u015fmenin toplumsal ger\u00e7ekliklerden ne\u015fet etti\u011fini dile getirdi.<\/p>\n<p>Teknolojinin \u00f6zne, insan\u0131n nesne oldu\u011fu bir anlay\u0131\u015f\u0131n tarih ve toplum kar\u015f\u0131t\u0131 bir teknolojik determinizm \u00fcretti\u011fine ve bunun sorunlu bir yakla\u015f\u0131m oldu\u011funa i\u015faret eden Altun, bu anlay\u0131\u015f\u0131n iki formunun oldu\u011funu, bunlardan birincisinin \u201cteknofobi\u201d, ikincisinin ise \u201cteknofili\u201d oldu\u011funu s\u00f6yledi.<\/p>\n<p>Altun, her iki anlay\u0131\u015f\u0131n da teknoloji-toplum, teknoloji-k\u00fclt\u00fcr ve teknoloji-insan ili\u015fkilerini a\u00e7\u0131klamaktan uzak oldu\u011funu belirterek, \u201cteknofobi\u201d ve \u201cteknofili\u201d anlay\u0131\u015flar\u0131 yerine insanl\u0131\u011f\u0131n tarihsel birikimini, k\u00fclt\u00fcrel zenginli\u011fini, toplumsal varolu\u015funu ve entelekt\u00fcel m\u00fcktesebat\u0131n\u0131 merkeze koyarak, cesur ve fakat ihtiyatl\u0131 bir yakla\u015f\u0131mla yapay zeka teknolojilerini ele almalar\u0131 gerekti\u011fini ifade etti.<\/p>\n<p>Bu s\u00fcrecin ciddi meydan okumalar\u0131 beraberinde getirdi\u011fini belirten Altun, yapay zeka ba\u015fta olmak \u00fczere, ileti\u015fim teknolojilerinde meydana gelen ba\u015f d\u00f6nd\u00fcr\u00fcc\u00fc geli\u015fmelerin sadece bilginin \u00fcretimini ve dola\u015f\u0131m h\u0131z\u0131n\u0131 etkilemedi\u011fini, ayn\u0131 zamanda sistematik dezenformasyonlar\u0131 ve mezenformasyon bombard\u0131man\u0131n\u0131 da derinle\u015ftirdi\u011fini dile getirdi.<\/p>\n<p>Altun, b\u00fct\u00fcn insanl\u0131\u011f\u0131 tehdit eden dezenformasyon ya\u011fmurunun, demokrasi krizlerine, bireysel \u00f6zg\u00fcrl\u00fcklerin k\u0131s\u0131tlanmas\u0131na, toplumsal korku ikliminin y\u00fckselmesine, bilgi kirlili\u011fine, siyasal, toplumsal kutupla\u015fmalara ve nefret s\u00f6ylemlerinin y\u00fckselmesine neden oldu\u011funu s\u00f6yledi.<\/p>\n<p>Dahas\u0131 dezenformasyonun bir hakikat krizini beraberinde getirdi\u011fini belirten Altun, hakikat krizinin temelinde, yalan\u0131n s\u0131radanla\u015fmas\u0131 ve hakikatin \u00f6nemsizle\u015fmesinin yer ald\u0131\u011f\u0131n\u0131 dile getirdi.<\/p>\n<p>\u2013 \u201cDaha etkili dezenformatif i\u00e7erikler \u00fcretiliyor\u201d<\/p>\n<p>Bu krizin mevcut yapay zeka teknolojileriyle daha da derinle\u015fti\u011fini vurgulayan Altun, \u015funlar\u0131 kaydetti:<\/p>\n<p>\u201cBug\u00fcn art\u0131k, sadece tek tu\u015fla an\u0131nda sentetik olarak tan\u0131mlanan i\u00e7erikler olu\u015fturulabiliyor ve bu i\u00e7erikler sosyal a\u011flar \u00fczerinden h\u0131zla yay\u0131l\u0131yor. Deepfake teknolojisi sayesinde, video ve ses kay\u0131tlar\u0131 kolayl\u0131kla ger\u00e7e\u011fe yak\u0131n \u015fekilde manip\u00fcle edilebiliyor, daha etkili dezenformatif i\u00e7erikler \u00fcretiliyor. Yapay zeka eliyle \u00fcretilen yalan ve dezenformatif i\u00e7erikler, ulusal d\u00fczlemde oldu\u011fu kadar uluslararas\u0131 d\u00fczlemde de toplumlar aras\u0131ndaki kutupla\u015fmay\u0131 derinle\u015ftiriyor, k\u00f6r\u00fckl\u00fcyor. Bunu f\u0131rsat bilen, tabiri caizse dijital nefret merkezleri, \u0131rk\u00e7\u0131l\u0131k, yabanc\u0131 kar\u015f\u0131tl\u0131\u011f\u0131, \u0130slam d\u00fc\u015fmanl\u0131\u011f\u0131, nefret s\u00f6ylemi gibi y\u0131k\u0131c\u0131 fikirlerle topluma yay\u0131yor, bu fikirlerle toplumlar ifsat edilmeye \u00e7al\u0131\u015f\u0131l\u0131yor.\u201d<\/p>\n<p>Yapay zeka teknolojilerinin, mevcut haliyle, ne yaz\u0131k ki hakl\u0131n\u0131n de\u011fil g\u00fc\u00e7l\u00fcn\u00fcn \u00e7\u0131karlar\u0131na g\u00f6re konumland\u0131r\u0131ld\u0131\u011f\u0131n\u0131 dile getiren Altun, \u201cYapay zeka teknolojileri, s\u0131n\u0131flar ve uluslararas\u0131ndaki adaletsizli\u011fi, k\u00fcresel adaletsizli\u011fi art\u0131r\u0131yor. Oysa ki g\u00fcn\u00fcm\u00fczdeki bili\u015fsel teknolojik ilerlemeler k\u00fc\u00e7\u00fck bir grubun, imtiyazl\u0131 bir grup giri\u015fimcinin, yat\u0131r\u0131mc\u0131n\u0131n zenginle\u015fmesine yahut k\u00fcresel s\u00f6m\u00fcr\u00fc ili\u015fkilerinin k\u00f6kle\u015ftirmesine hizmet etmemeli. Onun yerine insanlar\u0131n, toplumlar\u0131n, k\u00fclt\u00fcrlerin \u00f6zg\u00fcrle\u015fmesine, k\u00f6kle\u015fmesine hizmet etmeli. Biz buna inan\u0131yoruz ve diyoruz ki gelin hep birlikte bu platformlar vesilesiyle el birli\u011fiyle \u00e7al\u0131\u015fal\u0131m.\u201d ifadelerini kulland\u0131.<\/p>\n<p>Altun, bug\u00fcn d\u00fcnyan\u0131n, b\u00fct\u00fcn insanl\u0131\u011f\u0131n \u00e7ok ciddi krizlerle, meydan okumalarla kar\u015f\u0131 kar\u015f\u0131ya oldu\u011funu belirterek, \u201cSava\u015flardan d\u00fczensiz g\u00f6\u00e7lere, k\u00fcresel ter\u00f6rizmden soyk\u0131r\u0131m giri\u015fimlerine, iklim de\u011fi\u015fikli\u011finden g\u0131da krizlerine kadar son derece karma\u015f\u0131k sorunlar yuma\u011f\u0131yla kar\u015f\u0131 kar\u015f\u0131yay\u0131z. \u015eu da \u00e7ok a\u00e7\u0131k ki, bizim k\u00fcresel sorunlar kar\u015f\u0131s\u0131nda k\u00fcresel i\u015fbirliklerine ihtiyac\u0131m\u0131z var. Biz, T\u00fcrkiye olarak k\u00fcresel sorunlar kar\u015f\u0131s\u0131nda k\u00fcresel i\u015fbirlikleri geli\u015ftirme aray\u0131\u015f\u0131nday\u0131z, \u00e7abam\u0131z bu y\u00f6nde. Bu \u00e7er\u00e7evede t\u00fcm m\u00fcttefiklerimizle birlikte yeni \u0130\u015fbirli\u011fi alanlar\u0131 in\u015fa etmek i\u00e7in yo\u011fun bir \u00e7aba sarf ediyoruz.\u201d de\u011ferlendirmesinde bulundu.<\/p>\n<p>\u2013 \u201cT\u00fcrkiye\u2019nin d\u00fcnya siyasetine nas\u0131l etki etti\u011fini g\u00f6zler \u00f6n\u00fcne sermektedir\u201d<\/p>\n<p>Nitekim bu i\u015fbirli\u011fi anlay\u0131\u015f\u0131yla, b\u00f6lgede ve d\u00fcnyada cereyan eden kriz ve \u00e7at\u0131\u015fmalar\u0131n \u00e7\u00f6z\u00fcm\u00fcnde hep bar\u0131\u015ftan ve adaletin tesisinden yana bir tav\u0131r tak\u0131nd\u0131klar\u0131n\u0131 kaydeden Altun, \u015f\u00f6yle konu\u015ftu:<\/p>\n<p>\u201c\u0130ki g\u00fcn \u00f6nce Etiyopya ve Somali aras\u0131nda imzalanan Ankara Antla\u015fmas\u0131, \u00fclkemizin bu y\u00f6ndeki \u00e7al\u0131\u015fmalar\u0131n\u0131n, Cumhurba\u015fkan\u0131m\u0131z Say\u0131n Recep Tayyip Erdo\u011fan\u2019\u0131n bar\u0131\u015f diplomasinin en son ve somut \u00f6rneklerinden biri oldu\u011fu gibi ayn\u0131 zamanda T\u00fcrkiye\u2019nin d\u00fcnya siyasetine nas\u0131l etki etti\u011fini, sadece Orta Do\u011fu, Balkanlar, Kafkasya ve Karadeniz jeopoliti\u011fini de\u011fil, Afrika jeopoliti\u011fini de etkileyen \u00f6nemli bir k\u00fcresel oyuncu oldu\u011funu da g\u00f6zler \u00f6n\u00fcne sermektedir. T\u00fcrkiye\u2019nin uzla\u015ft\u0131r\u0131c\u0131 ve \u00e7\u00f6z\u00fcm odakl\u0131 yakla\u015f\u0131m\u0131, Afrika b\u00f6lgesinde, b\u00f6lgedeki istikrar\u0131n artmas\u0131na katk\u0131 sunmakta, ayn\u0131 zamanda k\u00fcresel d\u00fczeyde diplomatik etkinli\u011fini ve g\u00fcvenilirli\u011fini de peki\u015ftirmektedir. Bu \u00e7er\u00e7evede T\u00fcrkiye yine, Rusya-Ukrayna Sava\u015f\u0131\u2019nda, her iki tarafla yap\u0131c\u0131 diyalo\u011funu s\u00fcrd\u00fcrd\u00fc, s\u00fcrd\u00fcr\u00fcyor ve onurlu bir bar\u0131\u015f\u0131n kaybedeni olmaz yakla\u015f\u0131m\u0131yla, bu \u015fiarla hareket ediyor, b\u00f6lge, d\u00fcnya bar\u0131\u015f\u0131na katk\u0131 sa\u011flamaya gayret ediyor.\u201d<\/p>\n<p>Altun, Cumhurba\u015fkan\u0131 Erdo\u011fan\u2019\u0131n \u00f6nc\u00fcl\u00fck etti\u011fi Tah\u0131l Anla\u015fmas\u0131\u2019n\u0131n milyonlarca insan\u0131 etkileyecek a\u00e7l\u0131k tehdidinin bertaraf edilmesine vesile oldu\u011funu ve Cumhurba\u015fkan\u0131\u2019n\u0131n bu anla\u015fman\u0131n yeni formlar\u0131n\u0131 hayata ge\u00e7mesi i\u00e7in gayret sarf etmeye devam etti\u011fini belirterek, \u201cBir ba\u015fka kriz\u2026 Bug\u00fcn insanl\u0131\u011f\u0131n kanayan yaras\u0131 Gazze\u2019de s\u00fcrd\u00fcr\u00fclen soyk\u0131r\u0131m\u0131n son bulmas\u0131 i\u00e7in, insani yard\u0131mlar\u0131n yap\u0131labilmesi, \u015farts\u0131z ve s\u00fcrekli ate\u015fkesin tesis edilebilmesi i\u00e7in yine T\u00fcrkiye Say\u0131n Cumhurba\u015fkan\u0131m\u0131z\u0131n liderli\u011finde yo\u011fun diplomatik \u00e7abalar sarf ediyor. \u0130srail\u2019in sava\u015f su\u00e7lar\u0131 sebebiyle uluslararas\u0131 mahkemelerde yarg\u0131lanmas\u0131 ve \u0130srailli yetkililer aleyhinde kararlar \u00e7\u0131kart\u0131lmas\u0131 noktas\u0131nda da, sundu\u011fumuz delillerle s\u00fcrece katk\u0131da bulunuyoruz. Bu ba\u011flamda \u0130srail\u2019in Gazze\u2019de, Filistin\u2019de sebep oldu\u011fu zul\u00fcmleri perdelemek i\u00e7in ba\u015fvurdu\u011fu dezenformasyon y\u00f6ntemlerini bo\u015fa \u00e7\u0131karmaya, \u0130srail yalanlar\u0131n\u0131 ortaya sermeye y\u00f6nelik yo\u011fun \u00e7aba harcad\u0131k, harcamaya da devam ediyoruz.\u201d \u015feklinde konu\u015ftu.<\/p>\n<p>\u0130leti\u015fim Ba\u015fkan\u0131 Altun, s\u00f6zlerini \u015f\u00f6yle s\u00fcrd\u00fcrd\u00fc:<\/p>\n<p>\u201cYine son g\u00fcnlerde s\u0131cak geli\u015fmelere sahne olan Suriye\u2019de T\u00fcrkiye, Cumhurba\u015fkan\u0131m\u0131z Say\u0131n Recep Tayyip Erdo\u011fan\u2019\u0131n ifadesiyle, 13 y\u0131ld\u0131r tarihin do\u011fru taraf\u0131nda durmu\u015ftur. Bug\u00fcn, Say\u0131n Cumhurba\u015fkan\u0131m\u0131z\u0131n g\u00fc\u00e7l\u00fc liderli\u011fiyle Suriye\u2019de nas\u0131l tarihin do\u011fru taraf\u0131nda durdu\u011fumuz b\u00fct\u00fcn d\u00fcnya taraf\u0131ndan a\u00e7\u0131k ve net bir \u015fekilde g\u00f6r\u00fclm\u00fc\u015ft\u00fcr. \u00dclkemiz, milyonlarca Suriyeliye ev sahipli\u011fi yapm\u0131\u015f, Suriye\u2019de mazlumun yan\u0131nda, zaliminse kar\u015f\u0131s\u0131nda durmu\u015ftur. Bug\u00fcne kadar oldu\u011fu gibi bundan sonra da T\u00fcrkiye olarak Suriye\u2019nin ve Suriyeli karde\u015flerimizin bar\u0131\u015f ve huzur i\u00e7inde ya\u015famas\u0131 i\u00e7in elimizden geleni yapmaya devam edece\u011fiz. \u015eunu tekrar, g\u00fc\u00e7l\u00fc bir \u015fekilde vurgulamak istiyorum. Biz \u015funa inan\u0131yoruz, Suriye Suriyelilerindir. Suriye \u00fczerinde yap\u0131lacak siyasi, co\u011frafi ve etnik m\u00fchendislik giri\u015fimlerini d\u00fcn kabul etmedi\u011fimiz gibi bug\u00fcn de kabul etmiyoruz yar\u0131n da kabul etmeyece\u011fiz. 911 kilometre kara s\u0131n\u0131r\u0131m\u0131z, uzun y\u0131llara sari karde\u015flik ve kom\u015fuluk hukukumuz olan Suriye\u2019de adaletin, bar\u0131\u015f\u0131n, huzur ve refah\u0131n yan\u0131nda, emperyal giri\u015fimlerin, \u00fclkemizin g\u00fcvenli\u011fini tehdit eden ter\u00f6r yap\u0131lar\u0131n\u0131n net bir \u015fekilde kar\u015f\u0131s\u0131nda duraca\u011f\u0131z. \u0130stikrar\u0131n yan\u0131nda olaca\u011f\u0131z, ter\u00f6r\u00fcn kar\u015f\u0131s\u0131nda olaca\u011f\u0131z ve bu tavr\u0131m\u0131z\u0131 g\u00fc\u00e7l\u00fc bir \u015fekilde s\u00fcrd\u00fcrece\u011fiz. Krizlerin \u00e7\u00f6z\u00fcm\u00fcnde uzla\u015ft\u0131r\u0131c\u0131 ve istikrarla\u015ft\u0131r\u0131c\u0131 bir g\u00fc\u00e7 olarak T\u00fcrkiye, d\u00fcn oldu\u011fu gibi bug\u00fcn de b\u00f6lgesel ve k\u00fcresel sorunlar\u0131n \u00e7\u00f6z\u00fcm\u00fcnde g\u00fc\u00e7l\u00fc bir m\u00fcttefik, belirleyici bir akt\u00f6r ve k\u00fcresel sorunlar\u0131n \u00e7\u00f6z\u00fcm\u00fc noktas\u0131nda ger\u00e7ekten bir kutup ba\u015f\u0131 olacakt\u0131r.\u201d<\/p>\n<p>T\u00fcrkiye\u2019nin bunlar\u0131n yan\u0131nda yapay zeka alan\u0131nda da g\u00fc\u00e7l\u00fc yat\u0131r\u0131mlar yapt\u0131\u011f\u0131n\u0131 ve bu alanda da iddial\u0131 bir akt\u00f6r olarak \u00f6ne \u00e7\u0131kt\u0131\u011f\u0131n\u0131 dile getiren Altun, \u201cT\u00fcrkiye, \u00fcretti\u011fi Ulusal Yapay Zeka Stratejisi ile s\u00fcrd\u00fcr\u00fclebilir bir yapay zeka ekosistemiyle, k\u00fcresel \u00f6l\u00e7ekte de\u011fer \u00fcreten bir konuma gelme aray\u0131\u015f\u0131 i\u00e7erisindedir. Bu ba\u011flamda \u00fcretti\u011fimiz ulusal yapay zeka stratejisi, yapay zeka uzmanlar\u0131 yeti\u015ftirmek ve bu alanda istihdam\u0131 art\u0131rmak, ara\u015ft\u0131rma, giri\u015fimcilik ve yenilik\u00e7ili\u011fi desteklemek, kaliteli veriye ve teknik altyap\u0131ya eri\u015fim imkanlar\u0131n\u0131 geni\u015fletmek, sosyoekonomik uyumu h\u0131zland\u0131racak d\u00fczenlemeleri hayata ge\u00e7irmek, uluslararas\u0131 d\u00fczeyde i\u015fbirliklerini g\u00fc\u00e7lendirmek, yap\u0131sal ve i\u015f g\u00fcc\u00fc d\u00f6n\u00fc\u015f\u00fcm\u00fcn\u00fc h\u0131zland\u0131rmak ad\u0131na \u00e7ok ciddi hedefler ortaya koymu\u015ftur ve bu hedefleri hayata ge\u00e7irmek i\u00e7in yo\u011fun bir \u00e7aba sarf etmektedir.\u201d ifadelerini kulland\u0131.<\/p>\n<p>Altun, Ulusal Yapay Zeka Strateji Belgesi uygulama d\u00f6neminin sonu olan 2025 y\u0131l\u0131nda T\u00fcrkiye olarak, yapay zeka alan\u0131n\u0131n gayri safi yurt i\u00e7i has\u0131laya katk\u0131s\u0131n\u0131 y\u00fczde 5\u2019e y\u00fckseltmek, yerel ekosistemin geli\u015ftirdi\u011fi yapay zeka uygulamalar\u0131n\u0131n kamu al\u0131mlar\u0131nda \u00f6nceliklendirilerek ticarile\u015fmesine destek olmak, uluslararas\u0131 kurulu\u015flar\u0131n g\u00fcvenilir ve sorumlu yapay zeka ile s\u0131n\u0131r \u00f6tesi veri payla\u015f\u0131m\u0131 alan\u0131ndaki d\u00fczenleme \u00e7al\u0131\u015fmalar\u0131na ve standartla\u015fma s\u00fcre\u00e7lerine aktif olarak katk\u0131 vermek ile uluslararas\u0131 yapay zeka endekslerindeki s\u0131ralamalarda T\u00fcrkiye\u2019nin ilk 20 \u00fclke aras\u0131nda yer almas\u0131n\u0131 sa\u011flamak arzusunda olduklar\u0131n\u0131 s\u00f6yledi.<\/p>\n<p>\u2013 \u201c\u0130leti\u015fim Ba\u015fkanl\u0131\u011f\u0131, Anadolu Ajans\u0131, TRT ve Bas\u0131n \u0130lan Kurumu gibi kurumlar\u0131m\u0131zla dezenformasyonun de\u011fil, hakikatin h\u00fck\u00fcmferma olmas\u0131 i\u00e7in \u00e7al\u0131\u015f\u0131yoruz\u201d<\/p>\n<p>T\u00fcrkiye\u2019nin yapay zeka konusunda belirledi\u011fi strateji ve vizyonun, bu teknolojilerin sadece ekonomik ve ticari boyutuna odaklanmamakta oldu\u011funa i\u015faret eden Altun, s\u00f6zlerini \u015f\u00f6yle s\u00fcrd\u00fcrd\u00fc:<\/p>\n<p>\u201cYapay zeka stratejimiz, yapay zeka kaynakl\u0131 ya\u015fanan sosyoekonomik d\u00f6n\u00fc\u015f\u00fcmde toplumun, k\u00fclt\u00fcr\u00fcn ve insani de\u011ferlerin muhafazas\u0131n\u0131 da temin etmeyi i\u00e7ermektedir. Biz bir taraftan Say\u0131n Cumhurba\u015fkan\u0131m\u0131z liderli\u011finde k\u00fcresel adalet m\u00fccadelesi verirken, di\u011fer taraftan k\u00fcresel alanda bir hakikat m\u00fccadelesi veriyoruz ve bu hakikat m\u00fccadelesi i\u00e7erisinde adalet \u00e7a\u011fr\u0131s\u0131 yap\u0131yoruz. Nas\u0131l ki daha adil bir d\u00fcnya m\u00fcmk\u00fcn diyorsak, daha adil bir medya-ileti\u015fim ekosistemi de m\u00fcmk\u00fcnd\u00fcr diyoruz. Bunun i\u00e7in yapay zeka teknolojilerinin daha adil bir \u015fekilde kullan\u0131lmas\u0131 \u00e7a\u011fr\u0131s\u0131nda bulunuyoruz. Algoritmalar\u0131n daha adil bir \u015fekilde varl\u0131k g\u00f6stermesi \u00e7a\u011fr\u0131s\u0131 yap\u0131yoruz.\u201d<\/p>\n<p>Altun, T\u00fcrkiye\u2019nin her ge\u00e7en g\u00fcn \u00f6nem kazanan jeopolitik konumunu da siber g\u00fcc\u00fc art\u0131rarak geli\u015ftirme pe\u015finde olduklar\u0131n\u0131 ifade ederek \u201cBu s\u00fcre\u00e7te en \u00f6nemsedi\u011fimiz konulardan biri veri mahremiyetidir. Bu ba\u011flamda yapay zeka modellerinin h\u0131r\u00e7\u0131n veri politikalar\u0131na kar\u015f\u0131 kendi bulut stratejimizi tesis etmeye \u00e7al\u0131\u015f\u0131yoruz. Bu kapsamda, dezenformasyonla m\u00fccadeleyi kurumsalla\u015ft\u0131r\u0131yor, bunu bir politika alan\u0131 olarak belirliyoruz. Bu faaliyetlerimizle T\u00fcrkiye olarak, \u0130leti\u015fim Ba\u015fkanl\u0131\u011f\u0131, Anadolu Ajans\u0131, TRT ve Bas\u0131n \u0130lan Kurumu gibi kurumlar\u0131m\u0131zla yalan\u0131n ve dezenformasyonun de\u011fil, do\u011fru bilginin ve hakikatin h\u00fck\u00fcmferma olmas\u0131 i\u00e7in \u00e7al\u0131\u015f\u0131yoruz.\u201d diye konu\u015ftu.<\/p>\n<p>Fahrettin Altun, T\u00fcrkiye olarak, t\u00fcm bu \u00e7al\u0131\u015fmalar\u0131yla hem ulusal hem de uluslararas\u0131 d\u00fczlemde bir hakikat m\u00fccadelesi verdiklerini belirterek, \u015funlar\u0131 kaydetti:<\/p>\n<p>\u201cHakikat demokrasimizin de siyasal tahayy\u00fcl\u00fcm\u00fcz\u00fcn de h\u00fclasa m\u00fcreffeh ve adil bir gelecek tasavvurumuzun da temelidir. Hakikate sadakat olmadan, hakikati ileti\u015fimin ve uluslararas\u0131 sistemin merkezine koymadan bunlar\u0131n hi\u00e7birini yapamay\u0131z. T\u00fcrkiye olarak, Cumhurba\u015fkan\u0131m\u0131z Say\u0131n Recep Tayyip Erdo\u011fan\u2019\u0131n k\u00fcresel adalet m\u00fccadelesinden ald\u0131\u011f\u0131m\u0131z ilhamla, vicdan, adalet ve hakikati merkeze koyaca\u011f\u0131z ve bu yakla\u015f\u0131mda k\u00fcresel bir stratejik ileti\u015fim anlay\u0131\u015f\u0131n\u0131n kurumsalla\u015fmas\u0131 i\u00e7in elimizden gelen b\u00fct\u00fcn gayreti g\u00f6sterece\u011fiz.\u201d<\/p>\n<p>Altun, forumun k\u00fcresel hakikat ve adalet m\u00fccadelesine katk\u0131 sa\u011flamas\u0131n\u0131, insanl\u0131k i\u00e7in bar\u0131\u015f ve huzur getirmesini dileyerek kat\u0131l\u0131mc\u0131lara te\u015fekk\u00fcr etti.<\/p>\n<\/p><\/div>\n<p><script async\n                    defer\n                    crossorigin=\"anonymous\"\n                    src=\"https:\/\/connect.facebook.net\/tr_TR\/sdk.js#xfbml=1&#038;version=v3.3\"\n            ><\/script><\/p>\n","protected":false},"excerpt":{"rendered":"<p>TC Cumhurba\u015fkanl\u0131\u011f\u0131 \u0130leti\u015fim Ba\u015fkan\u0131 Fahrettin Altun, \u201cKrizlerin \u00e7\u00f6z\u00fcm\u00fcnde uzla\u015ft\u0131r\u0131c\u0131 ve istikrarla\u015ft\u0131r\u0131c\u0131 bir g\u00fc\u00e7 olarak T\u00fcrkiye, d\u00fcn oldu\u011fu gibi bug\u00fcn de b\u00f6lgesel ve k\u00fcresel sorunlar\u0131n \u00e7\u00f6z\u00fcm\u00fcnde g\u00fc\u00e7l\u00fc bir m\u00fcttefik, belirleyici bir akt\u00f6r ve k\u00fcresel sorunlar\u0131n \u00e7\u00f6z\u00fcm\u00fc noktas\u0131nda ger\u00e7ekten bir kutupba\u015f\u0131 olacakt\u0131r.\u201d dedi. Altun, Cumhurba\u015fkanl\u0131\u011f\u0131 \u0130leti\u015fim Ba\u015fkanl\u0131\u011f\u0131 taraf\u0131ndan Rixos Tersane \u0130stanbul\u2019da d\u00fczenlenen Uluslararas\u0131 Stratejik \u0130leti\u015fim Zirvesi 2024\u2019\u00fcn<\/p>\n","protected":false},"author":1,"featured_media":71468,"comment_status":"open","ping_status":"open","sticky":false,"template":"","format":"standard","meta":{"footnotes":""},"categories":[86],"tags":[],"class_list":["post-71467","post","type-post","status-publish","format-standard","has-post-thumbnail","hentry","category-turkiye"],"yoast_head":"<!-- This site is optimized with the Yoast SEO plugin v27.4 - https:\/\/yoast.com\/product\/yoast-seo-wordpress\/ -->\n<title>TC Cumhurba\u015fkanl\u0131\u011f\u0131 \u0130leti\u015fim Ba\u015fkan\u0131 Altun \u201cStratcom Summit 2024\u2033\u00fcn a\u00e7\u0131l\u0131\u015f\u0131nda konu\u015ftu -<\/title>\n<meta name=\"robots\" content=\"index, follow, max-snippet:-1, max-image-preview:large, max-video-preview:-1\" \/>\n<link rel=\"canonical\" href=\"https:\/\/kibrisdakik.com\/?p=71467\" \/>\n<meta property=\"og:locale\" content=\"tr_TR\" \/>\n<meta property=\"og:type\" content=\"article\" \/>\n<meta property=\"og:title\" content=\"TC Cumhurba\u015fkanl\u0131\u011f\u0131 \u0130leti\u015fim Ba\u015fkan\u0131 Altun \u201cStratcom Summit 2024\u2033\u00fcn a\u00e7\u0131l\u0131\u015f\u0131nda konu\u015ftu -\" \/>\n<meta property=\"og:description\" content=\"TC Cumhurba\u015fkanl\u0131\u011f\u0131 \u0130leti\u015fim Ba\u015fkan\u0131 Fahrettin Altun, \u201cKrizlerin \u00e7\u00f6z\u00fcm\u00fcnde uzla\u015ft\u0131r\u0131c\u0131 ve istikrarla\u015ft\u0131r\u0131c\u0131 bir g\u00fc\u00e7 olarak T\u00fcrkiye, d\u00fcn oldu\u011fu gibi bug\u00fcn de b\u00f6lgesel ve k\u00fcresel sorunlar\u0131n \u00e7\u00f6z\u00fcm\u00fcnde g\u00fc\u00e7l\u00fc bir m\u00fcttefik, belirleyici bir akt\u00f6r ve k\u00fcresel sorunlar\u0131n \u00e7\u00f6z\u00fcm\u00fc noktas\u0131nda ger\u00e7ekten bir kutupba\u015f\u0131 olacakt\u0131r.\u201d dedi. Altun, Cumhurba\u015fkanl\u0131\u011f\u0131 \u0130leti\u015fim Ba\u015fkanl\u0131\u011f\u0131 taraf\u0131ndan Rixos Tersane \u0130stanbul\u2019da d\u00fczenlenen Uluslararas\u0131 Stratejik \u0130leti\u015fim Zirvesi 2024\u2019\u00fcn\" \/>\n<meta property=\"og:url\" content=\"https:\/\/kibrisdakik.com\/?p=71467\" \/>\n<meta property=\"article:published_time\" content=\"2024-12-13T15:00:03+00:00\" \/>\n<meta property=\"og:image\" content=\"https:\/\/kibrisdakik.com\/wp-content\/uploads\/2024\/12\/1734093386987AA-20241213-36471734-36471730-ULUSLARARASI_STRATEJIK_ILETISIM_ZIRVESI_2024-scaled-740x420.jpg\" \/>\n\t<meta property=\"og:image:width\" content=\"2560\" \/>\n\t<meta property=\"og:image:height\" content=\"1707\" \/>\n\t<meta property=\"og:image:type\" content=\"image\/jpeg\" \/>\n<meta name=\"author\" content=\"admin\" \/>\n<meta name=\"twitter:card\" content=\"summary_large_image\" \/>\n<meta name=\"twitter:label1\" content=\"Yazan:\" \/>\n\t<meta name=\"twitter:data1\" content=\"admin\" \/>\n\t<meta name=\"twitter:label2\" content=\"Tahmini okuma s\u00fcresi\" \/>\n\t<meta name=\"twitter:data2\" content=\"14 dakika\" \/>\n<script type=\"application\/ld+json\" class=\"yoast-schema-graph\">{\"@context\":\"https:\\\/\\\/schema.org\",\"@graph\":[{\"@type\":\"Article\",\"@id\":\"https:\\\/\\\/kibrisdakik.com\\\/?p=71467#article\",\"isPartOf\":{\"@id\":\"https:\\\/\\\/kibrisdakik.com\\\/?p=71467\"},\"author\":{\"name\":\"admin\",\"@id\":\"https:\\\/\\\/kibrisdakik.com\\\/#\\\/schema\\\/person\\\/9cd9d437bbb44f72b73ba127e06d8e79\"},\"headline\":\"TC Cumhurba\u015fkanl\u0131\u011f\u0131 \u0130leti\u015fim Ba\u015fkan\u0131 Altun \u201cStratcom Summit 2024\u2033\u00fcn a\u00e7\u0131l\u0131\u015f\u0131nda konu\u015ftu\",\"datePublished\":\"2024-12-13T15:00:03+00:00\",\"mainEntityOfPage\":{\"@id\":\"https:\\\/\\\/kibrisdakik.com\\\/?p=71467\"},\"wordCount\":2753,\"commentCount\":0,\"image\":{\"@id\":\"https:\\\/\\\/kibrisdakik.com\\\/?p=71467#primaryimage\"},\"thumbnailUrl\":\"https:\\\/\\\/kibrisdakik.com\\\/wp-content\\\/uploads\\\/2024\\\/12\\\/1734093386987AA-20241213-36471734-36471730-ULUSLARARASI_STRATEJIK_ILETISIM_ZIRVESI_2024-scaled-740x420.jpg\",\"articleSection\":[\"T\u00fcrkiye\"],\"inLanguage\":\"tr\",\"potentialAction\":[{\"@type\":\"CommentAction\",\"name\":\"Comment\",\"target\":[\"https:\\\/\\\/kibrisdakik.com\\\/?p=71467#respond\"]}]},{\"@type\":\"WebPage\",\"@id\":\"https:\\\/\\\/kibrisdakik.com\\\/?p=71467\",\"url\":\"https:\\\/\\\/kibrisdakik.com\\\/?p=71467\",\"name\":\"TC Cumhurba\u015fkanl\u0131\u011f\u0131 \u0130leti\u015fim Ba\u015fkan\u0131 Altun \u201cStratcom Summit 2024\u2033\u00fcn a\u00e7\u0131l\u0131\u015f\u0131nda konu\u015ftu -\",\"isPartOf\":{\"@id\":\"https:\\\/\\\/kibrisdakik.com\\\/#website\"},\"primaryImageOfPage\":{\"@id\":\"https:\\\/\\\/kibrisdakik.com\\\/?p=71467#primaryimage\"},\"image\":{\"@id\":\"https:\\\/\\\/kibrisdakik.com\\\/?p=71467#primaryimage\"},\"thumbnailUrl\":\"https:\\\/\\\/kibrisdakik.com\\\/wp-content\\\/uploads\\\/2024\\\/12\\\/1734093386987AA-20241213-36471734-36471730-ULUSLARARASI_STRATEJIK_ILETISIM_ZIRVESI_2024-scaled-740x420.jpg\",\"datePublished\":\"2024-12-13T15:00:03+00:00\",\"author\":{\"@id\":\"https:\\\/\\\/kibrisdakik.com\\\/#\\\/schema\\\/person\\\/9cd9d437bbb44f72b73ba127e06d8e79\"},\"breadcrumb\":{\"@id\":\"https:\\\/\\\/kibrisdakik.com\\\/?p=71467#breadcrumb\"},\"inLanguage\":\"tr\",\"potentialAction\":[{\"@type\":\"ReadAction\",\"target\":[\"https:\\\/\\\/kibrisdakik.com\\\/?p=71467\"]}]},{\"@type\":\"ImageObject\",\"inLanguage\":\"tr\",\"@id\":\"https:\\\/\\\/kibrisdakik.com\\\/?p=71467#primaryimage\",\"url\":\"https:\\\/\\\/kibrisdakik.com\\\/wp-content\\\/uploads\\\/2024\\\/12\\\/1734093386987AA-20241213-36471734-36471730-ULUSLARARASI_STRATEJIK_ILETISIM_ZIRVESI_2024-scaled-740x420.jpg\",\"contentUrl\":\"https:\\\/\\\/kibrisdakik.com\\\/wp-content\\\/uploads\\\/2024\\\/12\\\/1734093386987AA-20241213-36471734-36471730-ULUSLARARASI_STRATEJIK_ILETISIM_ZIRVESI_2024-scaled-740x420.jpg\",\"width\":2560,\"height\":1707},{\"@type\":\"BreadcrumbList\",\"@id\":\"https:\\\/\\\/kibrisdakik.com\\\/?p=71467#breadcrumb\",\"itemListElement\":[{\"@type\":\"ListItem\",\"position\":1,\"name\":\"Home\",\"item\":\"https:\\\/\\\/kibrisdakik.com\\\/\"},{\"@type\":\"ListItem\",\"position\":2,\"name\":\"TC Cumhurba\u015fkanl\u0131\u011f\u0131 \u0130leti\u015fim Ba\u015fkan\u0131 Altun \u201cStratcom Summit 2024\u2033\u00fcn a\u00e7\u0131l\u0131\u015f\u0131nda konu\u015ftu\"}]},{\"@type\":\"WebSite\",\"@id\":\"https:\\\/\\\/kibrisdakik.com\\\/#website\",\"url\":\"https:\\\/\\\/kibrisdakik.com\\\/\",\"name\":\"\",\"description\":\"Tam vaktinde haber\",\"potentialAction\":[{\"@type\":\"SearchAction\",\"target\":{\"@type\":\"EntryPoint\",\"urlTemplate\":\"https:\\\/\\\/kibrisdakik.com\\\/?s={search_term_string}\"},\"query-input\":{\"@type\":\"PropertyValueSpecification\",\"valueRequired\":true,\"valueName\":\"search_term_string\"}}],\"inLanguage\":\"tr\"},{\"@type\":\"Person\",\"@id\":\"https:\\\/\\\/kibrisdakik.com\\\/#\\\/schema\\\/person\\\/9cd9d437bbb44f72b73ba127e06d8e79\",\"name\":\"admin\",\"image\":{\"@type\":\"ImageObject\",\"inLanguage\":\"tr\",\"@id\":\"https:\\\/\\\/secure.gravatar.com\\\/avatar\\\/ccc17943b9d660506c869530f897617f7cb1c21a4bf30023f252596d83e1f007?s=96&d=mm&r=g\",\"url\":\"https:\\\/\\\/secure.gravatar.com\\\/avatar\\\/ccc17943b9d660506c869530f897617f7cb1c21a4bf30023f252596d83e1f007?s=96&d=mm&r=g\",\"contentUrl\":\"https:\\\/\\\/secure.gravatar.com\\\/avatar\\\/ccc17943b9d660506c869530f897617f7cb1c21a4bf30023f252596d83e1f007?s=96&d=mm&r=g\",\"caption\":\"admin\"},\"sameAs\":[\"https:\\\/\\\/kibrisdakik.com\"],\"url\":\"https:\\\/\\\/kibrisdakik.com\\\/?author=1\"}]}<\/script>\n<!-- \/ Yoast SEO plugin. -->","yoast_head_json":{"title":"TC Cumhurba\u015fkanl\u0131\u011f\u0131 \u0130leti\u015fim Ba\u015fkan\u0131 Altun \u201cStratcom Summit 2024\u2033\u00fcn a\u00e7\u0131l\u0131\u015f\u0131nda konu\u015ftu -","robots":{"index":"index","follow":"follow","max-snippet":"max-snippet:-1","max-image-preview":"max-image-preview:large","max-video-preview":"max-video-preview:-1"},"canonical":"https:\/\/kibrisdakik.com\/?p=71467","og_locale":"tr_TR","og_type":"article","og_title":"TC Cumhurba\u015fkanl\u0131\u011f\u0131 \u0130leti\u015fim Ba\u015fkan\u0131 Altun \u201cStratcom Summit 2024\u2033\u00fcn a\u00e7\u0131l\u0131\u015f\u0131nda konu\u015ftu -","og_description":"TC Cumhurba\u015fkanl\u0131\u011f\u0131 \u0130leti\u015fim Ba\u015fkan\u0131 Fahrettin Altun, \u201cKrizlerin \u00e7\u00f6z\u00fcm\u00fcnde uzla\u015ft\u0131r\u0131c\u0131 ve istikrarla\u015ft\u0131r\u0131c\u0131 bir g\u00fc\u00e7 olarak T\u00fcrkiye, d\u00fcn oldu\u011fu gibi bug\u00fcn de b\u00f6lgesel ve k\u00fcresel sorunlar\u0131n \u00e7\u00f6z\u00fcm\u00fcnde g\u00fc\u00e7l\u00fc bir m\u00fcttefik, belirleyici bir akt\u00f6r ve k\u00fcresel sorunlar\u0131n \u00e7\u00f6z\u00fcm\u00fc noktas\u0131nda ger\u00e7ekten bir kutupba\u015f\u0131 olacakt\u0131r.\u201d dedi. Altun, Cumhurba\u015fkanl\u0131\u011f\u0131 \u0130leti\u015fim Ba\u015fkanl\u0131\u011f\u0131 taraf\u0131ndan Rixos Tersane \u0130stanbul\u2019da d\u00fczenlenen Uluslararas\u0131 Stratejik \u0130leti\u015fim Zirvesi 2024\u2019\u00fcn","og_url":"https:\/\/kibrisdakik.com\/?p=71467","article_published_time":"2024-12-13T15:00:03+00:00","og_image":[{"width":2560,"height":1707,"url":"https:\/\/kibrisdakik.com\/wp-content\/uploads\/2024\/12\/1734093386987AA-20241213-36471734-36471730-ULUSLARARASI_STRATEJIK_ILETISIM_ZIRVESI_2024-scaled-740x420.jpg","type":"image\/jpeg"}],"author":"admin","twitter_card":"summary_large_image","twitter_misc":{"Yazan:":"admin","Tahmini okuma s\u00fcresi":"14 dakika"},"schema":{"@context":"https:\/\/schema.org","@graph":[{"@type":"Article","@id":"https:\/\/kibrisdakik.com\/?p=71467#article","isPartOf":{"@id":"https:\/\/kibrisdakik.com\/?p=71467"},"author":{"name":"admin","@id":"https:\/\/kibrisdakik.com\/#\/schema\/person\/9cd9d437bbb44f72b73ba127e06d8e79"},"headline":"TC Cumhurba\u015fkanl\u0131\u011f\u0131 \u0130leti\u015fim Ba\u015fkan\u0131 Altun \u201cStratcom Summit 2024\u2033\u00fcn a\u00e7\u0131l\u0131\u015f\u0131nda konu\u015ftu","datePublished":"2024-12-13T15:00:03+00:00","mainEntityOfPage":{"@id":"https:\/\/kibrisdakik.com\/?p=71467"},"wordCount":2753,"commentCount":0,"image":{"@id":"https:\/\/kibrisdakik.com\/?p=71467#primaryimage"},"thumbnailUrl":"https:\/\/kibrisdakik.com\/wp-content\/uploads\/2024\/12\/1734093386987AA-20241213-36471734-36471730-ULUSLARARASI_STRATEJIK_ILETISIM_ZIRVESI_2024-scaled-740x420.jpg","articleSection":["T\u00fcrkiye"],"inLanguage":"tr","potentialAction":[{"@type":"CommentAction","name":"Comment","target":["https:\/\/kibrisdakik.com\/?p=71467#respond"]}]},{"@type":"WebPage","@id":"https:\/\/kibrisdakik.com\/?p=71467","url":"https:\/\/kibrisdakik.com\/?p=71467","name":"TC Cumhurba\u015fkanl\u0131\u011f\u0131 \u0130leti\u015fim Ba\u015fkan\u0131 Altun \u201cStratcom Summit 2024\u2033\u00fcn a\u00e7\u0131l\u0131\u015f\u0131nda konu\u015ftu -","isPartOf":{"@id":"https:\/\/kibrisdakik.com\/#website"},"primaryImageOfPage":{"@id":"https:\/\/kibrisdakik.com\/?p=71467#primaryimage"},"image":{"@id":"https:\/\/kibrisdakik.com\/?p=71467#primaryimage"},"thumbnailUrl":"https:\/\/kibrisdakik.com\/wp-content\/uploads\/2024\/12\/1734093386987AA-20241213-36471734-36471730-ULUSLARARASI_STRATEJIK_ILETISIM_ZIRVESI_2024-scaled-740x420.jpg","datePublished":"2024-12-13T15:00:03+00:00","author":{"@id":"https:\/\/kibrisdakik.com\/#\/schema\/person\/9cd9d437bbb44f72b73ba127e06d8e79"},"breadcrumb":{"@id":"https:\/\/kibrisdakik.com\/?p=71467#breadcrumb"},"inLanguage":"tr","potentialAction":[{"@type":"ReadAction","target":["https:\/\/kibrisdakik.com\/?p=71467"]}]},{"@type":"ImageObject","inLanguage":"tr","@id":"https:\/\/kibrisdakik.com\/?p=71467#primaryimage","url":"https:\/\/kibrisdakik.com\/wp-content\/uploads\/2024\/12\/1734093386987AA-20241213-36471734-36471730-ULUSLARARASI_STRATEJIK_ILETISIM_ZIRVESI_2024-scaled-740x420.jpg","contentUrl":"https:\/\/kibrisdakik.com\/wp-content\/uploads\/2024\/12\/1734093386987AA-20241213-36471734-36471730-ULUSLARARASI_STRATEJIK_ILETISIM_ZIRVESI_2024-scaled-740x420.jpg","width":2560,"height":1707},{"@type":"BreadcrumbList","@id":"https:\/\/kibrisdakik.com\/?p=71467#breadcrumb","itemListElement":[{"@type":"ListItem","position":1,"name":"Home","item":"https:\/\/kibrisdakik.com\/"},{"@type":"ListItem","position":2,"name":"TC Cumhurba\u015fkanl\u0131\u011f\u0131 \u0130leti\u015fim Ba\u015fkan\u0131 Altun \u201cStratcom Summit 2024\u2033\u00fcn a\u00e7\u0131l\u0131\u015f\u0131nda konu\u015ftu"}]},{"@type":"WebSite","@id":"https:\/\/kibrisdakik.com\/#website","url":"https:\/\/kibrisdakik.com\/","name":"","description":"Tam vaktinde haber","potentialAction":[{"@type":"SearchAction","target":{"@type":"EntryPoint","urlTemplate":"https:\/\/kibrisdakik.com\/?s={search_term_string}"},"query-input":{"@type":"PropertyValueSpecification","valueRequired":true,"valueName":"search_term_string"}}],"inLanguage":"tr"},{"@type":"Person","@id":"https:\/\/kibrisdakik.com\/#\/schema\/person\/9cd9d437bbb44f72b73ba127e06d8e79","name":"admin","image":{"@type":"ImageObject","inLanguage":"tr","@id":"https:\/\/secure.gravatar.com\/avatar\/ccc17943b9d660506c869530f897617f7cb1c21a4bf30023f252596d83e1f007?s=96&d=mm&r=g","url":"https:\/\/secure.gravatar.com\/avatar\/ccc17943b9d660506c869530f897617f7cb1c21a4bf30023f252596d83e1f007?s=96&d=mm&r=g","contentUrl":"https:\/\/secure.gravatar.com\/avatar\/ccc17943b9d660506c869530f897617f7cb1c21a4bf30023f252596d83e1f007?s=96&d=mm&r=g","caption":"admin"},"sameAs":["https:\/\/kibrisdakik.com"],"url":"https:\/\/kibrisdakik.com\/?author=1"}]}},"_links":{"self":[{"href":"https:\/\/kibrisdakik.com\/index.php?rest_route=\/wp\/v2\/posts\/71467","targetHints":{"allow":["GET"]}}],"collection":[{"href":"https:\/\/kibrisdakik.com\/index.php?rest_route=\/wp\/v2\/posts"}],"about":[{"href":"https:\/\/kibrisdakik.com\/index.php?rest_route=\/wp\/v2\/types\/post"}],"author":[{"embeddable":true,"href":"https:\/\/kibrisdakik.com\/index.php?rest_route=\/wp\/v2\/users\/1"}],"replies":[{"embeddable":true,"href":"https:\/\/kibrisdakik.com\/index.php?rest_route=%2Fwp%2Fv2%2Fcomments&post=71467"}],"version-history":[{"count":0,"href":"https:\/\/kibrisdakik.com\/index.php?rest_route=\/wp\/v2\/posts\/71467\/revisions"}],"wp:featuredmedia":[{"embeddable":true,"href":"https:\/\/kibrisdakik.com\/index.php?rest_route=\/wp\/v2\/media\/71468"}],"wp:attachment":[{"href":"https:\/\/kibrisdakik.com\/index.php?rest_route=%2Fwp%2Fv2%2Fmedia&parent=71467"}],"wp:term":[{"taxonomy":"category","embeddable":true,"href":"https:\/\/kibrisdakik.com\/index.php?rest_route=%2Fwp%2Fv2%2Fcategories&post=71467"},{"taxonomy":"post_tag","embeddable":true,"href":"https:\/\/kibrisdakik.com\/index.php?rest_route=%2Fwp%2Fv2%2Ftags&post=71467"}],"curies":[{"name":"wp","href":"https:\/\/api.w.org\/{rel}","templated":true}]}}