{"id":71505,"date":"2024-12-14T11:52:21","date_gmt":"2024-12-14T08:52:21","guid":{"rendered":"https:\/\/kibrisdakik.com\/index.php\/2024\/12\/14\/cagdas-gazeteciler-dernegi-bursa-subesinden-sampiyon-melekleri-yasatma-dernegine-odul\/"},"modified":"2024-12-14T11:52:21","modified_gmt":"2024-12-14T08:52:21","slug":"cagdas-gazeteciler-dernegi-bursa-subesinden-sampiyon-melekleri-yasatma-dernegine-odul","status":"publish","type":"post","link":"https:\/\/kibrisdakik.com\/?p=71505","title":{"rendered":"\u00c7a\u011fda\u015f Gazeteciler Derne\u011fi Bursa \u015eubesi\u2019nden \u015eampiyon Melekleri Ya\u015fatma Derne\u011fi\u2019ne \u00f6d\u00fcl"},"content":{"rendered":"<div>\n<div class=\"mariselle-image-container none\">\n                                            <\/div>\n<p class=\"p1\"><span class=\"s1\">\u00c7a\u011fda\u015f Gazeteciler Derne\u011fi Bursa \u015eubesi, 35. Kurulu\u015f Y\u0131ld\u00f6n\u00fcm\u00fc etkinlikleri \u00e7er\u00e7evesinde, \u015eampiyon Melekleri Ya\u015fatma Derne\u011fi\u2019ne \u201c2024 Y\u0131l\u0131 Hukuk \u00d6d\u00fcl\u00fc\u201d verdi.\u00a0<\/span><\/p>\n<p class=\"p1\"><span class=\"s1\">Ailelerin verdi\u011fi hukuk m\u00fccadelesi nedeniyle verilen \u00f6d\u00fcl\u00fc, aileler ad\u0131na\u00a0<\/span>\u015eampiyon Melekleri Ya\u015fatma Derne\u011fi\u00a0<span class=\"Apple-converted-space\">\u00a0<\/span>Ba\u015fkan\u0131 Ru\u015fen Y\u00fccesoylu Karakaya ve dernek \u00fcyesi Ay\u015fe G\u00fcler Ak\u0131n ald\u0131.<\/p>\n<p class=\"p1\"><span class=\"s1\">Dernekten verilen bilgiye g\u00f6re, Bursa\u2019da d\u00fcn ak\u015fam ger\u00e7ekle\u015ftirilen etkinlikte konu\u015fan \u015eampiyon Melekleri Ya\u015fatma Derne\u011fi\u00a0<span class=\"Apple-converted-space\">\u00a0<\/span>Ba\u015fkan\u0131 Ru\u015fen Y\u00fccesoylu Karakaya, etkinli\u011fe\u00a0<\/span>\u015eampiyon Melekleri Ya\u015fatma Derne\u011fi ad\u0131na kat\u0131ld\u0131klar\u0131n\u0131 belirterek, \u201cBurada bulunmaktan onur duyuyoruz.\u201d dedi.<\/p>\n<p class=\"p1\"><span class=\"s1\">\u00d6d\u00fcllendirilen adalet m\u00fccadelesinin, ne yaz\u0131k ki tarifsiz bir ac\u0131n\u0131n ve unutulmas\u0131 imk\u00e2ns\u0131z bir trajedinin ard\u0131ndan ba\u015flad\u0131\u011f\u0131n\u0131 ifade eden Karakaya \u015f\u00f6yle konu\u015ftu:\u00a0<\/span><\/p>\n<p class=\"p1\"><span class=\"s1\">\u201c6 \u015eubat 2023 depreminde, ahlaks\u0131zl\u0131\u011f\u0131n ve sorumsuzlu\u011fun bir araya geldi\u011fi \u0130sias Otel\u2019in enkaz\u0131nda evlatlar\u0131m\u0131z\u0131, \u00f6\u011fretmenlerimizi, rehber dostlar\u0131m\u0131z\u0131 ve ailelerimizi kaybettik. O g\u00fcnden beri tek bir s\u00f6z verdik: Sevdiklerimiz i\u00e7in adalet sa\u011flanana kadar bu m\u00fccadeleden vazge\u00e7meyece\u011fiz.\u201d<\/span><\/p>\n<p class=\"p1\"><span class=\"s1\">Bu \u00f6d\u00fcl\u00fcn, yaln\u0131zca \u015eampiyon Meleklerin\u00a0<span class=\"Apple-converted-space\">\u00a0<\/span>de\u011fil, onlar\u0131n aileleri, arkada\u015flar\u0131 ve hak<\/span>\u00a0aray\u0131\u015f\u0131 i\u00e7indeki t\u00fcm insanlar\u0131 temsil etti\u011fini ifade eden Karakaya, \u201cBiz\u00a0<span class=\"Apple-converted-space\">\u00a0<\/span>bu yola \u00e7\u0131kt\u0131\u011f\u0131m\u0131zda biliyorduk ki adalet aramak yaln\u0131zca hukuki bir s\u00fcre\u00e7 de\u011fildir. Adalet, ayn\u0131 zamanda toplumsal bir vicdan, bir dayan\u0131\u015fma ve ahlaki bir duru\u015f gerektirir. \u0130\u015fte bu sebeple, bug\u00fcnk\u00fc \u00f6d\u00fcl, sadece bizim de\u011fil, adaletin pe\u015finden giden herkesin \u00f6d\u00fcl\u00fcd\u00fcr.\u201d dedi.<\/p>\n<p class=\"p1\"><span class=\"s1\">Karakaya, verdikleri adalet\u00a0<span class=\"Apple-converted-space\">\u00a0<\/span>m\u00fccadelesinin, sadece kaybettikleri\u00a0<span class=\"Apple-converted-space\">\u00a0<\/span>canlar i\u00e7in olmad\u0131\u011f\u0131n\u0131 yineleyerek, m\u00fccadelelerinin gelecekte hi\u00e7bir \u00e7ocu\u011fun, hi\u00e7bir annenin ve baban\u0131n, rant u\u011fruna yap\u0131lan binalarda hayat\u0131n\u0131 kaybetmemesi\u00a0<span class=\"Apple-converted-space\">\u00a0<\/span>i\u00e7in emsal te\u015fkil etmesi amac\u0131yla verildi\u011fini s\u00f6yledi.\u00a0<\/span><\/p>\n<p class=\"p1\"><span class=\"s1\">T\u00fcrkiye gibi deprem ger\u00e7e\u011fiyle ya\u015fayan bir \u00fclkede, yap\u0131 g\u00fcvenli\u011finin bir l\u00fcks de\u011fil, zorunluluk oldu\u011funu her platformda dile getirdiklerini ve getirmeye devam ettiklerini ifade eden Karakaya, \u201c\u00c7\u00fcnk\u00fc insan hayat\u0131 paradan, \u00e7\u0131kar ili\u015fkilerinden ve k\u0131sa vadeli kazan\u00e7 hesaplar\u0131ndan daha de\u011ferlidir.\u201d dedi.\u00a0<\/span><\/p>\n<p class=\"p1\"><span class=\"s1\">\u00a0-\u201cYaln\u0131zca\u00a0<span class=\"Apple-converted-space\">\u00a0<\/span>birlikte hareket edersek adaleti sa\u011flayabilir, yaln\u0131zca dayan\u0131\u015fmayla gelecek nesillere daha g\u00fcvenli bir d\u00fcnya b\u0131rakabiliriz\u201d<\/span><\/p>\n<p class=\"p1\"><span class=\"s1\">Karakaya s\u00f6zlerini \u015f\u00f6yle s\u00fcrd\u00fcrd\u00fc:\u00a0<\/span><\/p>\n<p class=\"p1\"><span class=\"s1\">\u201cBu zorlu s\u00fcre\u00e7te hep birlikte hareket ederek, ne kadar g\u00fc\u00e7l\u00fc oldu\u011fumuzu g\u00f6rd\u00fck. Biz, yaln\u0131zca kay\u0131plar\u0131m\u0131z i\u00e7in yas tutmad\u0131k; onlar\u0131n isimlerini e\u011fitim, spor ve dayan\u0131\u015fma projeleriyle ya\u015fatma kararl\u0131l\u0131\u011f\u0131 g\u00f6sterdik. \u015eampiyon Meleklerimiz i\u00e7in burslar sa\u011flad\u0131k, bir e\u011fitim kamp\u00fcs\u00fc in\u015fa etme hayali kurduk ve topluma fayda sa\u011flayacak projeler \u00fcrettik. Bu \u00f6d\u00fcl, bu m\u00fccadeleye omuz veren her bir bireye aittir.\u00a0<\/span>Bug\u00fcn bu \u00f6d\u00fcl\u00fc al\u0131rken, bize destek olan t\u00fcm dava arkada\u015flar\u0131m\u0131za, bas\u0131n mensuplar\u0131na ve bu m\u00fccadeleye \u0131\u015f\u0131k tutan sizlere bir kez daha te\u015fekk\u00fcr ediyorum. \u00c7\u00fcnk\u00fc yaln\u0131zca birlikte hareket edersek adaleti sa\u011flayabilir, yaln\u0131zca dayan\u0131\u015fmayla gelecek nesillere daha g\u00fcvenli bir d\u00fcnya b\u0131rakabiliriz.\u201d<\/p>\n<p class=\"p1\"><span class=\"s1\">M\u00fccadelelerinin devam edece\u011fini, \u00e7\u00fcnk\u00fc adalet aray\u0131\u015flar\u0131n\u0131n ayn\u0131 zamanda insanl\u0131k onurunun savunusu oldu\u011funu vurgulayan Karakaya, \u201cEvlatlar\u0131m\u0131za, \u00f6\u011fretmenlerimize ve t\u00fcm sevdiklerimize bir s\u00f6z verdik: Unutmayaca\u011f\u0131z ve unutturmayaca\u011f\u0131z.\u201d dedi.\u00a0<\/span><\/p>\n<p class=\"p1\"><span class=\"s1\">Karakaya, adalet m\u00fccadelelerine destek olan herkese te\u015fekk\u00fcr etti.<\/span><\/p>\n<p>\u00a0<\/p>\n<p>\u00a0<\/p>\n<\/p><\/div>\n<p><script async\n                    defer\n                    crossorigin=\"anonymous\"\n                    src=\"https:\/\/connect.facebook.net\/tr_TR\/sdk.js#xfbml=1&#038;version=v3.3\"\n            ><\/script><\/p>\n","protected":false},"excerpt":{"rendered":"<p>\u00c7a\u011fda\u015f Gazeteciler Derne\u011fi Bursa \u015eubesi, 35. Kurulu\u015f Y\u0131ld\u00f6n\u00fcm\u00fc etkinlikleri \u00e7er\u00e7evesinde, \u015eampiyon Melekleri Ya\u015fatma Derne\u011fi\u2019ne \u201c2024 Y\u0131l\u0131 Hukuk \u00d6d\u00fcl\u00fc\u201d verdi.\u00a0 Ailelerin verdi\u011fi hukuk m\u00fccadelesi nedeniyle verilen \u00f6d\u00fcl\u00fc, aileler ad\u0131na\u00a0\u015eampiyon Melekleri Ya\u015fatma Derne\u011fi\u00a0\u00a0Ba\u015fkan\u0131 Ru\u015fen Y\u00fccesoylu Karakaya ve dernek \u00fcyesi Ay\u015fe G\u00fcler Ak\u0131n ald\u0131. Dernekten verilen bilgiye g\u00f6re, Bursa\u2019da d\u00fcn ak\u015fam ger\u00e7ekle\u015ftirilen etkinlikte konu\u015fan \u015eampiyon Melekleri Ya\u015fatma Derne\u011fi\u00a0\u00a0Ba\u015fkan\u0131<\/p>\n","protected":false},"author":1,"featured_media":71506,"comment_status":"open","ping_status":"open","sticky":false,"template":"","format":"standard","meta":{"footnotes":""},"categories":[81],"tags":[],"class_list":["post-71505","post","type-post","status-publish","format-standard","has-post-thumbnail","hentry","category-kibris"],"yoast_head":"<!-- This site is optimized with the Yoast SEO plugin v27.4 - https:\/\/yoast.com\/product\/yoast-seo-wordpress\/ -->\n<title>\u00c7a\u011fda\u015f Gazeteciler Derne\u011fi Bursa \u015eubesi\u2019nden \u015eampiyon Melekleri Ya\u015fatma Derne\u011fi\u2019ne \u00f6d\u00fcl -<\/title>\n<meta name=\"robots\" content=\"index, follow, max-snippet:-1, max-image-preview:large, max-video-preview:-1\" \/>\n<link rel=\"canonical\" href=\"https:\/\/kibrisdakik.com\/?p=71505\" \/>\n<meta property=\"og:locale\" content=\"tr_TR\" \/>\n<meta property=\"og:type\" content=\"article\" \/>\n<meta property=\"og:title\" content=\"\u00c7a\u011fda\u015f Gazeteciler Derne\u011fi Bursa \u015eubesi\u2019nden \u015eampiyon Melekleri Ya\u015fatma Derne\u011fi\u2019ne \u00f6d\u00fcl -\" \/>\n<meta property=\"og:description\" content=\"\u00c7a\u011fda\u015f Gazeteciler Derne\u011fi Bursa \u015eubesi, 35. Kurulu\u015f Y\u0131ld\u00f6n\u00fcm\u00fc etkinlikleri \u00e7er\u00e7evesinde, \u015eampiyon Melekleri Ya\u015fatma Derne\u011fi\u2019ne \u201c2024 Y\u0131l\u0131 Hukuk \u00d6d\u00fcl\u00fc\u201d verdi.\u00a0 Ailelerin verdi\u011fi hukuk m\u00fccadelesi nedeniyle verilen \u00f6d\u00fcl\u00fc, aileler ad\u0131na\u00a0\u015eampiyon Melekleri Ya\u015fatma Derne\u011fi\u00a0\u00a0Ba\u015fkan\u0131 Ru\u015fen Y\u00fccesoylu Karakaya ve dernek \u00fcyesi Ay\u015fe G\u00fcler Ak\u0131n ald\u0131. Dernekten verilen bilgiye g\u00f6re, Bursa\u2019da d\u00fcn ak\u015fam ger\u00e7ekle\u015ftirilen etkinlikte konu\u015fan \u015eampiyon Melekleri Ya\u015fatma Derne\u011fi\u00a0\u00a0Ba\u015fkan\u0131\" \/>\n<meta property=\"og:url\" content=\"https:\/\/kibrisdakik.com\/?p=71505\" \/>\n<meta property=\"article:published_time\" content=\"2024-12-14T08:52:21+00:00\" \/>\n<meta property=\"og:image\" content=\"https:\/\/kibrisdakik.com\/wp-content\/uploads\/2024\/12\/Cagdas-Gazeteciler-Dernegi-Bursa-Subesinden-Sampiyon-Melekleri-Yasatma-Dernegine-odul-740x420.jpeg\" \/>\n\t<meta property=\"og:image:width\" content=\"929\" \/>\n\t<meta property=\"og:image:height\" content=\"590\" \/>\n\t<meta property=\"og:image:type\" content=\"image\/jpeg\" \/>\n<meta name=\"author\" content=\"admin\" \/>\n<meta name=\"twitter:card\" content=\"summary_large_image\" \/>\n<meta name=\"twitter:label1\" content=\"Yazan:\" \/>\n\t<meta name=\"twitter:data1\" content=\"admin\" \/>\n\t<meta name=\"twitter:label2\" content=\"Tahmini okuma s\u00fcresi\" \/>\n\t<meta name=\"twitter:data2\" content=\"3 dakika\" \/>\n<script type=\"application\/ld+json\" class=\"yoast-schema-graph\">{\"@context\":\"https:\\\/\\\/schema.org\",\"@graph\":[{\"@type\":\"Article\",\"@id\":\"https:\\\/\\\/kibrisdakik.com\\\/?p=71505#article\",\"isPartOf\":{\"@id\":\"https:\\\/\\\/kibrisdakik.com\\\/?p=71505\"},\"author\":{\"name\":\"admin\",\"@id\":\"https:\\\/\\\/kibrisdakik.com\\\/#\\\/schema\\\/person\\\/9cd9d437bbb44f72b73ba127e06d8e79\"},\"headline\":\"\u00c7a\u011fda\u015f Gazeteciler Derne\u011fi Bursa \u015eubesi\u2019nden \u015eampiyon Melekleri Ya\u015fatma Derne\u011fi\u2019ne \u00f6d\u00fcl\",\"datePublished\":\"2024-12-14T08:52:21+00:00\",\"mainEntityOfPage\":{\"@id\":\"https:\\\/\\\/kibrisdakik.com\\\/?p=71505\"},\"wordCount\":615,\"commentCount\":0,\"image\":{\"@id\":\"https:\\\/\\\/kibrisdakik.com\\\/?p=71505#primaryimage\"},\"thumbnailUrl\":\"https:\\\/\\\/kibrisdakik.com\\\/wp-content\\\/uploads\\\/2024\\\/12\\\/Cagdas-Gazeteciler-Dernegi-Bursa-Subesinden-Sampiyon-Melekleri-Yasatma-Dernegine-odul-740x420.jpeg\",\"articleSection\":[\"K\u0131br\u0131s\"],\"inLanguage\":\"tr\",\"potentialAction\":[{\"@type\":\"CommentAction\",\"name\":\"Comment\",\"target\":[\"https:\\\/\\\/kibrisdakik.com\\\/?p=71505#respond\"]}]},{\"@type\":\"WebPage\",\"@id\":\"https:\\\/\\\/kibrisdakik.com\\\/?p=71505\",\"url\":\"https:\\\/\\\/kibrisdakik.com\\\/?p=71505\",\"name\":\"\u00c7a\u011fda\u015f Gazeteciler Derne\u011fi Bursa \u015eubesi\u2019nden \u015eampiyon Melekleri Ya\u015fatma Derne\u011fi\u2019ne \u00f6d\u00fcl -\",\"isPartOf\":{\"@id\":\"https:\\\/\\\/kibrisdakik.com\\\/#website\"},\"primaryImageOfPage\":{\"@id\":\"https:\\\/\\\/kibrisdakik.com\\\/?p=71505#primaryimage\"},\"image\":{\"@id\":\"https:\\\/\\\/kibrisdakik.com\\\/?p=71505#primaryimage\"},\"thumbnailUrl\":\"https:\\\/\\\/kibrisdakik.com\\\/wp-content\\\/uploads\\\/2024\\\/12\\\/Cagdas-Gazeteciler-Dernegi-Bursa-Subesinden-Sampiyon-Melekleri-Yasatma-Dernegine-odul-740x420.jpeg\",\"datePublished\":\"2024-12-14T08:52:21+00:00\",\"author\":{\"@id\":\"https:\\\/\\\/kibrisdakik.com\\\/#\\\/schema\\\/person\\\/9cd9d437bbb44f72b73ba127e06d8e79\"},\"breadcrumb\":{\"@id\":\"https:\\\/\\\/kibrisdakik.com\\\/?p=71505#breadcrumb\"},\"inLanguage\":\"tr\",\"potentialAction\":[{\"@type\":\"ReadAction\",\"target\":[\"https:\\\/\\\/kibrisdakik.com\\\/?p=71505\"]}]},{\"@type\":\"ImageObject\",\"inLanguage\":\"tr\",\"@id\":\"https:\\\/\\\/kibrisdakik.com\\\/?p=71505#primaryimage\",\"url\":\"https:\\\/\\\/kibrisdakik.com\\\/wp-content\\\/uploads\\\/2024\\\/12\\\/Cagdas-Gazeteciler-Dernegi-Bursa-Subesinden-Sampiyon-Melekleri-Yasatma-Dernegine-odul-740x420.jpeg\",\"contentUrl\":\"https:\\\/\\\/kibrisdakik.com\\\/wp-content\\\/uploads\\\/2024\\\/12\\\/Cagdas-Gazeteciler-Dernegi-Bursa-Subesinden-Sampiyon-Melekleri-Yasatma-Dernegine-odul-740x420.jpeg\",\"width\":929,\"height\":590},{\"@type\":\"BreadcrumbList\",\"@id\":\"https:\\\/\\\/kibrisdakik.com\\\/?p=71505#breadcrumb\",\"itemListElement\":[{\"@type\":\"ListItem\",\"position\":1,\"name\":\"Home\",\"item\":\"https:\\\/\\\/kibrisdakik.com\\\/\"},{\"@type\":\"ListItem\",\"position\":2,\"name\":\"\u00c7a\u011fda\u015f Gazeteciler Derne\u011fi Bursa \u015eubesi\u2019nden \u015eampiyon Melekleri Ya\u015fatma Derne\u011fi\u2019ne \u00f6d\u00fcl\"}]},{\"@type\":\"WebSite\",\"@id\":\"https:\\\/\\\/kibrisdakik.com\\\/#website\",\"url\":\"https:\\\/\\\/kibrisdakik.com\\\/\",\"name\":\"\",\"description\":\"Tam vaktinde haber\",\"potentialAction\":[{\"@type\":\"SearchAction\",\"target\":{\"@type\":\"EntryPoint\",\"urlTemplate\":\"https:\\\/\\\/kibrisdakik.com\\\/?s={search_term_string}\"},\"query-input\":{\"@type\":\"PropertyValueSpecification\",\"valueRequired\":true,\"valueName\":\"search_term_string\"}}],\"inLanguage\":\"tr\"},{\"@type\":\"Person\",\"@id\":\"https:\\\/\\\/kibrisdakik.com\\\/#\\\/schema\\\/person\\\/9cd9d437bbb44f72b73ba127e06d8e79\",\"name\":\"admin\",\"image\":{\"@type\":\"ImageObject\",\"inLanguage\":\"tr\",\"@id\":\"https:\\\/\\\/secure.gravatar.com\\\/avatar\\\/ccc17943b9d660506c869530f897617f7cb1c21a4bf30023f252596d83e1f007?s=96&d=mm&r=g\",\"url\":\"https:\\\/\\\/secure.gravatar.com\\\/avatar\\\/ccc17943b9d660506c869530f897617f7cb1c21a4bf30023f252596d83e1f007?s=96&d=mm&r=g\",\"contentUrl\":\"https:\\\/\\\/secure.gravatar.com\\\/avatar\\\/ccc17943b9d660506c869530f897617f7cb1c21a4bf30023f252596d83e1f007?s=96&d=mm&r=g\",\"caption\":\"admin\"},\"sameAs\":[\"https:\\\/\\\/kibrisdakik.com\"],\"url\":\"https:\\\/\\\/kibrisdakik.com\\\/?author=1\"}]}<\/script>\n<!-- \/ Yoast SEO plugin. -->","yoast_head_json":{"title":"\u00c7a\u011fda\u015f Gazeteciler Derne\u011fi Bursa \u015eubesi\u2019nden \u015eampiyon Melekleri Ya\u015fatma Derne\u011fi\u2019ne \u00f6d\u00fcl -","robots":{"index":"index","follow":"follow","max-snippet":"max-snippet:-1","max-image-preview":"max-image-preview:large","max-video-preview":"max-video-preview:-1"},"canonical":"https:\/\/kibrisdakik.com\/?p=71505","og_locale":"tr_TR","og_type":"article","og_title":"\u00c7a\u011fda\u015f Gazeteciler Derne\u011fi Bursa \u015eubesi\u2019nden \u015eampiyon Melekleri Ya\u015fatma Derne\u011fi\u2019ne \u00f6d\u00fcl -","og_description":"\u00c7a\u011fda\u015f Gazeteciler Derne\u011fi Bursa \u015eubesi, 35. Kurulu\u015f Y\u0131ld\u00f6n\u00fcm\u00fc etkinlikleri \u00e7er\u00e7evesinde, \u015eampiyon Melekleri Ya\u015fatma Derne\u011fi\u2019ne \u201c2024 Y\u0131l\u0131 Hukuk \u00d6d\u00fcl\u00fc\u201d verdi.\u00a0 Ailelerin verdi\u011fi hukuk m\u00fccadelesi nedeniyle verilen \u00f6d\u00fcl\u00fc, aileler ad\u0131na\u00a0\u015eampiyon Melekleri Ya\u015fatma Derne\u011fi\u00a0\u00a0Ba\u015fkan\u0131 Ru\u015fen Y\u00fccesoylu Karakaya ve dernek \u00fcyesi Ay\u015fe G\u00fcler Ak\u0131n ald\u0131. Dernekten verilen bilgiye g\u00f6re, Bursa\u2019da d\u00fcn ak\u015fam ger\u00e7ekle\u015ftirilen etkinlikte konu\u015fan \u015eampiyon Melekleri Ya\u015fatma Derne\u011fi\u00a0\u00a0Ba\u015fkan\u0131","og_url":"https:\/\/kibrisdakik.com\/?p=71505","article_published_time":"2024-12-14T08:52:21+00:00","og_image":[{"width":929,"height":590,"url":"https:\/\/kibrisdakik.com\/wp-content\/uploads\/2024\/12\/Cagdas-Gazeteciler-Dernegi-Bursa-Subesinden-Sampiyon-Melekleri-Yasatma-Dernegine-odul-740x420.jpeg","type":"image\/jpeg"}],"author":"admin","twitter_card":"summary_large_image","twitter_misc":{"Yazan:":"admin","Tahmini okuma s\u00fcresi":"3 dakika"},"schema":{"@context":"https:\/\/schema.org","@graph":[{"@type":"Article","@id":"https:\/\/kibrisdakik.com\/?p=71505#article","isPartOf":{"@id":"https:\/\/kibrisdakik.com\/?p=71505"},"author":{"name":"admin","@id":"https:\/\/kibrisdakik.com\/#\/schema\/person\/9cd9d437bbb44f72b73ba127e06d8e79"},"headline":"\u00c7a\u011fda\u015f Gazeteciler Derne\u011fi Bursa \u015eubesi\u2019nden \u015eampiyon Melekleri Ya\u015fatma Derne\u011fi\u2019ne \u00f6d\u00fcl","datePublished":"2024-12-14T08:52:21+00:00","mainEntityOfPage":{"@id":"https:\/\/kibrisdakik.com\/?p=71505"},"wordCount":615,"commentCount":0,"image":{"@id":"https:\/\/kibrisdakik.com\/?p=71505#primaryimage"},"thumbnailUrl":"https:\/\/kibrisdakik.com\/wp-content\/uploads\/2024\/12\/Cagdas-Gazeteciler-Dernegi-Bursa-Subesinden-Sampiyon-Melekleri-Yasatma-Dernegine-odul-740x420.jpeg","articleSection":["K\u0131br\u0131s"],"inLanguage":"tr","potentialAction":[{"@type":"CommentAction","name":"Comment","target":["https:\/\/kibrisdakik.com\/?p=71505#respond"]}]},{"@type":"WebPage","@id":"https:\/\/kibrisdakik.com\/?p=71505","url":"https:\/\/kibrisdakik.com\/?p=71505","name":"\u00c7a\u011fda\u015f Gazeteciler Derne\u011fi Bursa \u015eubesi\u2019nden \u015eampiyon Melekleri Ya\u015fatma Derne\u011fi\u2019ne \u00f6d\u00fcl -","isPartOf":{"@id":"https:\/\/kibrisdakik.com\/#website"},"primaryImageOfPage":{"@id":"https:\/\/kibrisdakik.com\/?p=71505#primaryimage"},"image":{"@id":"https:\/\/kibrisdakik.com\/?p=71505#primaryimage"},"thumbnailUrl":"https:\/\/kibrisdakik.com\/wp-content\/uploads\/2024\/12\/Cagdas-Gazeteciler-Dernegi-Bursa-Subesinden-Sampiyon-Melekleri-Yasatma-Dernegine-odul-740x420.jpeg","datePublished":"2024-12-14T08:52:21+00:00","author":{"@id":"https:\/\/kibrisdakik.com\/#\/schema\/person\/9cd9d437bbb44f72b73ba127e06d8e79"},"breadcrumb":{"@id":"https:\/\/kibrisdakik.com\/?p=71505#breadcrumb"},"inLanguage":"tr","potentialAction":[{"@type":"ReadAction","target":["https:\/\/kibrisdakik.com\/?p=71505"]}]},{"@type":"ImageObject","inLanguage":"tr","@id":"https:\/\/kibrisdakik.com\/?p=71505#primaryimage","url":"https:\/\/kibrisdakik.com\/wp-content\/uploads\/2024\/12\/Cagdas-Gazeteciler-Dernegi-Bursa-Subesinden-Sampiyon-Melekleri-Yasatma-Dernegine-odul-740x420.jpeg","contentUrl":"https:\/\/kibrisdakik.com\/wp-content\/uploads\/2024\/12\/Cagdas-Gazeteciler-Dernegi-Bursa-Subesinden-Sampiyon-Melekleri-Yasatma-Dernegine-odul-740x420.jpeg","width":929,"height":590},{"@type":"BreadcrumbList","@id":"https:\/\/kibrisdakik.com\/?p=71505#breadcrumb","itemListElement":[{"@type":"ListItem","position":1,"name":"Home","item":"https:\/\/kibrisdakik.com\/"},{"@type":"ListItem","position":2,"name":"\u00c7a\u011fda\u015f Gazeteciler Derne\u011fi Bursa \u015eubesi\u2019nden \u015eampiyon Melekleri Ya\u015fatma Derne\u011fi\u2019ne \u00f6d\u00fcl"}]},{"@type":"WebSite","@id":"https:\/\/kibrisdakik.com\/#website","url":"https:\/\/kibrisdakik.com\/","name":"","description":"Tam vaktinde haber","potentialAction":[{"@type":"SearchAction","target":{"@type":"EntryPoint","urlTemplate":"https:\/\/kibrisdakik.com\/?s={search_term_string}"},"query-input":{"@type":"PropertyValueSpecification","valueRequired":true,"valueName":"search_term_string"}}],"inLanguage":"tr"},{"@type":"Person","@id":"https:\/\/kibrisdakik.com\/#\/schema\/person\/9cd9d437bbb44f72b73ba127e06d8e79","name":"admin","image":{"@type":"ImageObject","inLanguage":"tr","@id":"https:\/\/secure.gravatar.com\/avatar\/ccc17943b9d660506c869530f897617f7cb1c21a4bf30023f252596d83e1f007?s=96&d=mm&r=g","url":"https:\/\/secure.gravatar.com\/avatar\/ccc17943b9d660506c869530f897617f7cb1c21a4bf30023f252596d83e1f007?s=96&d=mm&r=g","contentUrl":"https:\/\/secure.gravatar.com\/avatar\/ccc17943b9d660506c869530f897617f7cb1c21a4bf30023f252596d83e1f007?s=96&d=mm&r=g","caption":"admin"},"sameAs":["https:\/\/kibrisdakik.com"],"url":"https:\/\/kibrisdakik.com\/?author=1"}]}},"_links":{"self":[{"href":"https:\/\/kibrisdakik.com\/index.php?rest_route=\/wp\/v2\/posts\/71505","targetHints":{"allow":["GET"]}}],"collection":[{"href":"https:\/\/kibrisdakik.com\/index.php?rest_route=\/wp\/v2\/posts"}],"about":[{"href":"https:\/\/kibrisdakik.com\/index.php?rest_route=\/wp\/v2\/types\/post"}],"author":[{"embeddable":true,"href":"https:\/\/kibrisdakik.com\/index.php?rest_route=\/wp\/v2\/users\/1"}],"replies":[{"embeddable":true,"href":"https:\/\/kibrisdakik.com\/index.php?rest_route=%2Fwp%2Fv2%2Fcomments&post=71505"}],"version-history":[{"count":0,"href":"https:\/\/kibrisdakik.com\/index.php?rest_route=\/wp\/v2\/posts\/71505\/revisions"}],"wp:featuredmedia":[{"embeddable":true,"href":"https:\/\/kibrisdakik.com\/index.php?rest_route=\/wp\/v2\/media\/71506"}],"wp:attachment":[{"href":"https:\/\/kibrisdakik.com\/index.php?rest_route=%2Fwp%2Fv2%2Fmedia&parent=71505"}],"wp:term":[{"taxonomy":"category","embeddable":true,"href":"https:\/\/kibrisdakik.com\/index.php?rest_route=%2Fwp%2Fv2%2Fcategories&post=71505"},{"taxonomy":"post_tag","embeddable":true,"href":"https:\/\/kibrisdakik.com\/index.php?rest_route=%2Fwp%2Fv2%2Ftags&post=71505"}],"curies":[{"name":"wp","href":"https:\/\/api.w.org\/{rel}","templated":true}]}}