{"id":71566,"date":"2024-12-15T10:53:27","date_gmt":"2024-12-15T07:53:27","guid":{"rendered":"https:\/\/kibrisdakik.com\/index.php\/2024\/12\/15\/cumhurbaskani-tatar-sehit-ailelerini-ziyaret-ettikibris-turkunun-ozgurluk-ve-varolus-mucadelesi-ile-kurdugu-kktcde-sehitlerin-payi-buyuk\/"},"modified":"2024-12-15T10:53:27","modified_gmt":"2024-12-15T07:53:27","slug":"cumhurbaskani-tatar-sehit-ailelerini-ziyaret-ettikibris-turkunun-ozgurluk-ve-varolus-mucadelesi-ile-kurdugu-kktcde-sehitlerin-payi-buyuk","status":"publish","type":"post","link":"https:\/\/kibrisdakik.com\/?p=71566","title":{"rendered":"Cumhurba\u015fkan\u0131 Tatar, \u015fehit ailelerini ziyaret etti:\u201dK\u0131br\u0131s T\u00fcrk\u00fc\u2019n\u00fcn \u00f6zg\u00fcrl\u00fck ve varolu\u015f m\u00fccadelesi ile kurdu\u011fu KKTC\u2019de \u015fehitlerin pay\u0131 b\u00fcy\u00fck\u201d"},"content":{"rendered":"<div>\n<div class=\"mariselle-image-container center\">\n                                            <\/div>\n<p> Cumhurba\u015fkan\u0131 Ersin Tatar, \u015eehit  Co\u015fkun Mavrali, \u015eehit Hasan H\u00fcseyin ve \u015eehit  Turgut H\u00fcseyin\u2019in ailelerini ziyaret etti.<\/p>\n<p>Cumhurba\u015fkan\u0131 Ersin Tatar, ziyaretlerde yapt\u0131\u011f\u0131 konu\u015fmada, K\u0131br\u0131s T\u00fcrk\u00fc\u2019n\u00fcn \u00f6zg\u00fcrl\u00fck ve varolu\u015f m\u00fccadelesi ile kurdu\u011fu Kuzey K\u0131br\u0131s T\u00fcrk Cumhuriyeti\u2019nde \u015fehitlerin pay\u0131n\u0131n b\u00fcy\u00fck oldu\u011funu s\u00f6yledi.<\/p>\n<p>Cumhurba\u015fkanl\u0131\u011f\u0131\u2019ndan verilen bilgiye g\u00f6re, Tatar, K\u0131br\u0131s T\u00fcrk\u00fc\u2019n\u00fcn bar\u0131\u015f, huzur ve g\u00fcven i\u00e7inde ya\u015famas\u0131n\u0131 \u015fehitlere bor\u00e7lu oldu\u011funa dikkat \u00e7ekerek, \u015fehitlere Allah\u2019tan rahmet diledi.<\/p>\n<p>\u015eehit ailelerinin b\u00fcy\u00fck ac\u0131lar \u00e7ekti\u011fini ve fedakarl\u0131klar g\u00f6sterdi\u011fini ifade eden Cumhurba\u015fkan\u0131 Tatar, \u015fehit ailelerinin \u00e7ok \u00f6nemli ve de\u011ferli oldu\u011funu vurgulad\u0131.<\/p>\n<p>Devlet olarak \u015fehit yak\u0131nlar\u0131n\u0131n yan\u0131nda olman\u0131n \u015fehitlere olan bir vefa borcu oldu\u011funu anlatan Cumhurba\u015fkan\u0131 Tatar, \u201c\u015eehitlerimizi unutmay\u0131z ve unutturmay\u0131z\u201d dedi.<\/p>\n<\/p><\/div>\n<p><script async\n                    defer\n                    crossorigin=\"anonymous\"\n                    src=\"https:\/\/connect.facebook.net\/tr_TR\/sdk.js#xfbml=1&#038;version=v3.3\"\n            ><\/script><\/p>\n","protected":false},"excerpt":{"rendered":"<p>Cumhurba\u015fkan\u0131 Ersin Tatar, \u015eehit Co\u015fkun Mavrali, \u015eehit Hasan H\u00fcseyin ve \u015eehit Turgut H\u00fcseyin\u2019in ailelerini ziyaret etti. Cumhurba\u015fkan\u0131 Ersin Tatar, ziyaretlerde yapt\u0131\u011f\u0131 konu\u015fmada, K\u0131br\u0131s T\u00fcrk\u00fc\u2019n\u00fcn \u00f6zg\u00fcrl\u00fck ve varolu\u015f m\u00fccadelesi ile kurdu\u011fu Kuzey K\u0131br\u0131s T\u00fcrk Cumhuriyeti\u2019nde \u015fehitlerin pay\u0131n\u0131n b\u00fcy\u00fck oldu\u011funu s\u00f6yledi. Cumhurba\u015fkanl\u0131\u011f\u0131\u2019ndan verilen bilgiye g\u00f6re, Tatar, K\u0131br\u0131s T\u00fcrk\u00fc\u2019n\u00fcn bar\u0131\u015f, huzur ve g\u00fcven i\u00e7inde ya\u015famas\u0131n\u0131 \u015fehitlere bor\u00e7lu oldu\u011funa<\/p>\n","protected":false},"author":1,"featured_media":71567,"comment_status":"open","ping_status":"open","sticky":false,"template":"","format":"standard","meta":{"footnotes":""},"categories":[81],"tags":[],"class_list":["post-71566","post","type-post","status-publish","format-standard","has-post-thumbnail","hentry","category-kibris"],"yoast_head":"<!-- This site is optimized with the Yoast SEO plugin v27.4 - https:\/\/yoast.com\/product\/yoast-seo-wordpress\/ -->\n<title>Cumhurba\u015fkan\u0131 Tatar, \u015fehit ailelerini ziyaret etti:\u201dK\u0131br\u0131s T\u00fcrk\u00fc\u2019n\u00fcn \u00f6zg\u00fcrl\u00fck ve varolu\u015f m\u00fccadelesi ile kurdu\u011fu KKTC\u2019de \u015fehitlerin pay\u0131 b\u00fcy\u00fck\u201d -<\/title>\n<meta name=\"robots\" content=\"index, follow, max-snippet:-1, max-image-preview:large, max-video-preview:-1\" \/>\n<link rel=\"canonical\" href=\"https:\/\/kibrisdakik.com\/?p=71566\" \/>\n<meta property=\"og:locale\" content=\"tr_TR\" \/>\n<meta property=\"og:type\" content=\"article\" \/>\n<meta property=\"og:title\" content=\"Cumhurba\u015fkan\u0131 Tatar, \u015fehit ailelerini ziyaret etti:\u201dK\u0131br\u0131s T\u00fcrk\u00fc\u2019n\u00fcn \u00f6zg\u00fcrl\u00fck ve varolu\u015f m\u00fccadelesi ile kurdu\u011fu KKTC\u2019de \u015fehitlerin pay\u0131 b\u00fcy\u00fck\u201d -\" \/>\n<meta property=\"og:description\" content=\"Cumhurba\u015fkan\u0131 Ersin Tatar, \u015eehit Co\u015fkun Mavrali, \u015eehit Hasan H\u00fcseyin ve \u015eehit Turgut H\u00fcseyin\u2019in ailelerini ziyaret etti. Cumhurba\u015fkan\u0131 Ersin Tatar, ziyaretlerde yapt\u0131\u011f\u0131 konu\u015fmada, K\u0131br\u0131s T\u00fcrk\u00fc\u2019n\u00fcn \u00f6zg\u00fcrl\u00fck ve varolu\u015f m\u00fccadelesi ile kurdu\u011fu Kuzey K\u0131br\u0131s T\u00fcrk Cumhuriyeti\u2019nde \u015fehitlerin pay\u0131n\u0131n b\u00fcy\u00fck oldu\u011funu s\u00f6yledi. Cumhurba\u015fkanl\u0131\u011f\u0131\u2019ndan verilen bilgiye g\u00f6re, Tatar, K\u0131br\u0131s T\u00fcrk\u00fc\u2019n\u00fcn bar\u0131\u015f, huzur ve g\u00fcven i\u00e7inde ya\u015famas\u0131n\u0131 \u015fehitlere bor\u00e7lu oldu\u011funa\" \/>\n<meta property=\"og:url\" content=\"https:\/\/kibrisdakik.com\/?p=71566\" \/>\n<meta property=\"article:published_time\" content=\"2024-12-15T07:53:27+00:00\" \/>\n<meta property=\"og:image\" content=\"https:\/\/kibrisdakik.com\/wp-content\/uploads\/2024\/12\/1734247427184TATAR-SEHIT-AILELERINI-ZIYARET-9-740x420.jpg\" \/>\n\t<meta property=\"og:image:width\" content=\"1600\" \/>\n\t<meta property=\"og:image:height\" content=\"650\" \/>\n\t<meta property=\"og:image:type\" content=\"image\/jpeg\" \/>\n<meta name=\"author\" content=\"admin\" \/>\n<meta name=\"twitter:card\" content=\"summary_large_image\" \/>\n<meta name=\"twitter:label1\" content=\"Yazan:\" \/>\n\t<meta name=\"twitter:data1\" content=\"admin\" \/>\n\t<meta name=\"twitter:label2\" content=\"Tahmini okuma s\u00fcresi\" \/>\n\t<meta name=\"twitter:data2\" content=\"1 dakika\" \/>\n<script type=\"application\/ld+json\" class=\"yoast-schema-graph\">{\"@context\":\"https:\\\/\\\/schema.org\",\"@graph\":[{\"@type\":\"Article\",\"@id\":\"https:\\\/\\\/kibrisdakik.com\\\/?p=71566#article\",\"isPartOf\":{\"@id\":\"https:\\\/\\\/kibrisdakik.com\\\/?p=71566\"},\"author\":{\"name\":\"admin\",\"@id\":\"https:\\\/\\\/kibrisdakik.com\\\/#\\\/schema\\\/person\\\/9cd9d437bbb44f72b73ba127e06d8e79\"},\"headline\":\"Cumhurba\u015fkan\u0131 Tatar, \u015fehit ailelerini ziyaret etti:\u201dK\u0131br\u0131s T\u00fcrk\u00fc\u2019n\u00fcn \u00f6zg\u00fcrl\u00fck ve varolu\u015f m\u00fccadelesi ile kurdu\u011fu KKTC\u2019de \u015fehitlerin pay\u0131 b\u00fcy\u00fck\u201d\",\"datePublished\":\"2024-12-15T07:53:27+00:00\",\"mainEntityOfPage\":{\"@id\":\"https:\\\/\\\/kibrisdakik.com\\\/?p=71566\"},\"wordCount\":192,\"commentCount\":0,\"image\":{\"@id\":\"https:\\\/\\\/kibrisdakik.com\\\/?p=71566#primaryimage\"},\"thumbnailUrl\":\"https:\\\/\\\/kibrisdakik.com\\\/wp-content\\\/uploads\\\/2024\\\/12\\\/1734247427184TATAR-SEHIT-AILELERINI-ZIYARET-9-740x420.jpg\",\"articleSection\":[\"K\u0131br\u0131s\"],\"inLanguage\":\"tr\",\"potentialAction\":[{\"@type\":\"CommentAction\",\"name\":\"Comment\",\"target\":[\"https:\\\/\\\/kibrisdakik.com\\\/?p=71566#respond\"]}]},{\"@type\":\"WebPage\",\"@id\":\"https:\\\/\\\/kibrisdakik.com\\\/?p=71566\",\"url\":\"https:\\\/\\\/kibrisdakik.com\\\/?p=71566\",\"name\":\"Cumhurba\u015fkan\u0131 Tatar, \u015fehit ailelerini ziyaret etti:\u201dK\u0131br\u0131s T\u00fcrk\u00fc\u2019n\u00fcn \u00f6zg\u00fcrl\u00fck ve varolu\u015f m\u00fccadelesi ile kurdu\u011fu KKTC\u2019de \u015fehitlerin pay\u0131 b\u00fcy\u00fck\u201d -\",\"isPartOf\":{\"@id\":\"https:\\\/\\\/kibrisdakik.com\\\/#website\"},\"primaryImageOfPage\":{\"@id\":\"https:\\\/\\\/kibrisdakik.com\\\/?p=71566#primaryimage\"},\"image\":{\"@id\":\"https:\\\/\\\/kibrisdakik.com\\\/?p=71566#primaryimage\"},\"thumbnailUrl\":\"https:\\\/\\\/kibrisdakik.com\\\/wp-content\\\/uploads\\\/2024\\\/12\\\/1734247427184TATAR-SEHIT-AILELERINI-ZIYARET-9-740x420.jpg\",\"datePublished\":\"2024-12-15T07:53:27+00:00\",\"author\":{\"@id\":\"https:\\\/\\\/kibrisdakik.com\\\/#\\\/schema\\\/person\\\/9cd9d437bbb44f72b73ba127e06d8e79\"},\"breadcrumb\":{\"@id\":\"https:\\\/\\\/kibrisdakik.com\\\/?p=71566#breadcrumb\"},\"inLanguage\":\"tr\",\"potentialAction\":[{\"@type\":\"ReadAction\",\"target\":[\"https:\\\/\\\/kibrisdakik.com\\\/?p=71566\"]}]},{\"@type\":\"ImageObject\",\"inLanguage\":\"tr\",\"@id\":\"https:\\\/\\\/kibrisdakik.com\\\/?p=71566#primaryimage\",\"url\":\"https:\\\/\\\/kibrisdakik.com\\\/wp-content\\\/uploads\\\/2024\\\/12\\\/1734247427184TATAR-SEHIT-AILELERINI-ZIYARET-9-740x420.jpg\",\"contentUrl\":\"https:\\\/\\\/kibrisdakik.com\\\/wp-content\\\/uploads\\\/2024\\\/12\\\/1734247427184TATAR-SEHIT-AILELERINI-ZIYARET-9-740x420.jpg\",\"width\":1600,\"height\":650},{\"@type\":\"BreadcrumbList\",\"@id\":\"https:\\\/\\\/kibrisdakik.com\\\/?p=71566#breadcrumb\",\"itemListElement\":[{\"@type\":\"ListItem\",\"position\":1,\"name\":\"Home\",\"item\":\"https:\\\/\\\/kibrisdakik.com\\\/\"},{\"@type\":\"ListItem\",\"position\":2,\"name\":\"Cumhurba\u015fkan\u0131 Tatar, \u015fehit ailelerini ziyaret etti:\u201dK\u0131br\u0131s T\u00fcrk\u00fc\u2019n\u00fcn \u00f6zg\u00fcrl\u00fck ve varolu\u015f m\u00fccadelesi ile kurdu\u011fu KKTC\u2019de \u015fehitlerin pay\u0131 b\u00fcy\u00fck\u201d\"}]},{\"@type\":\"WebSite\",\"@id\":\"https:\\\/\\\/kibrisdakik.com\\\/#website\",\"url\":\"https:\\\/\\\/kibrisdakik.com\\\/\",\"name\":\"\",\"description\":\"Tam vaktinde haber\",\"potentialAction\":[{\"@type\":\"SearchAction\",\"target\":{\"@type\":\"EntryPoint\",\"urlTemplate\":\"https:\\\/\\\/kibrisdakik.com\\\/?s={search_term_string}\"},\"query-input\":{\"@type\":\"PropertyValueSpecification\",\"valueRequired\":true,\"valueName\":\"search_term_string\"}}],\"inLanguage\":\"tr\"},{\"@type\":\"Person\",\"@id\":\"https:\\\/\\\/kibrisdakik.com\\\/#\\\/schema\\\/person\\\/9cd9d437bbb44f72b73ba127e06d8e79\",\"name\":\"admin\",\"image\":{\"@type\":\"ImageObject\",\"inLanguage\":\"tr\",\"@id\":\"https:\\\/\\\/secure.gravatar.com\\\/avatar\\\/ccc17943b9d660506c869530f897617f7cb1c21a4bf30023f252596d83e1f007?s=96&d=mm&r=g\",\"url\":\"https:\\\/\\\/secure.gravatar.com\\\/avatar\\\/ccc17943b9d660506c869530f897617f7cb1c21a4bf30023f252596d83e1f007?s=96&d=mm&r=g\",\"contentUrl\":\"https:\\\/\\\/secure.gravatar.com\\\/avatar\\\/ccc17943b9d660506c869530f897617f7cb1c21a4bf30023f252596d83e1f007?s=96&d=mm&r=g\",\"caption\":\"admin\"},\"sameAs\":[\"https:\\\/\\\/kibrisdakik.com\"],\"url\":\"https:\\\/\\\/kibrisdakik.com\\\/?author=1\"}]}<\/script>\n<!-- \/ Yoast SEO plugin. -->","yoast_head_json":{"title":"Cumhurba\u015fkan\u0131 Tatar, \u015fehit ailelerini ziyaret etti:\u201dK\u0131br\u0131s T\u00fcrk\u00fc\u2019n\u00fcn \u00f6zg\u00fcrl\u00fck ve varolu\u015f m\u00fccadelesi ile kurdu\u011fu KKTC\u2019de \u015fehitlerin pay\u0131 b\u00fcy\u00fck\u201d -","robots":{"index":"index","follow":"follow","max-snippet":"max-snippet:-1","max-image-preview":"max-image-preview:large","max-video-preview":"max-video-preview:-1"},"canonical":"https:\/\/kibrisdakik.com\/?p=71566","og_locale":"tr_TR","og_type":"article","og_title":"Cumhurba\u015fkan\u0131 Tatar, \u015fehit ailelerini ziyaret etti:\u201dK\u0131br\u0131s T\u00fcrk\u00fc\u2019n\u00fcn \u00f6zg\u00fcrl\u00fck ve varolu\u015f m\u00fccadelesi ile kurdu\u011fu KKTC\u2019de \u015fehitlerin pay\u0131 b\u00fcy\u00fck\u201d -","og_description":"Cumhurba\u015fkan\u0131 Ersin Tatar, \u015eehit Co\u015fkun Mavrali, \u015eehit Hasan H\u00fcseyin ve \u015eehit Turgut H\u00fcseyin\u2019in ailelerini ziyaret etti. Cumhurba\u015fkan\u0131 Ersin Tatar, ziyaretlerde yapt\u0131\u011f\u0131 konu\u015fmada, K\u0131br\u0131s T\u00fcrk\u00fc\u2019n\u00fcn \u00f6zg\u00fcrl\u00fck ve varolu\u015f m\u00fccadelesi ile kurdu\u011fu Kuzey K\u0131br\u0131s T\u00fcrk Cumhuriyeti\u2019nde \u015fehitlerin pay\u0131n\u0131n b\u00fcy\u00fck oldu\u011funu s\u00f6yledi. Cumhurba\u015fkanl\u0131\u011f\u0131\u2019ndan verilen bilgiye g\u00f6re, Tatar, K\u0131br\u0131s T\u00fcrk\u00fc\u2019n\u00fcn bar\u0131\u015f, huzur ve g\u00fcven i\u00e7inde ya\u015famas\u0131n\u0131 \u015fehitlere bor\u00e7lu oldu\u011funa","og_url":"https:\/\/kibrisdakik.com\/?p=71566","article_published_time":"2024-12-15T07:53:27+00:00","og_image":[{"width":1600,"height":650,"url":"https:\/\/kibrisdakik.com\/wp-content\/uploads\/2024\/12\/1734247427184TATAR-SEHIT-AILELERINI-ZIYARET-9-740x420.jpg","type":"image\/jpeg"}],"author":"admin","twitter_card":"summary_large_image","twitter_misc":{"Yazan:":"admin","Tahmini okuma s\u00fcresi":"1 dakika"},"schema":{"@context":"https:\/\/schema.org","@graph":[{"@type":"Article","@id":"https:\/\/kibrisdakik.com\/?p=71566#article","isPartOf":{"@id":"https:\/\/kibrisdakik.com\/?p=71566"},"author":{"name":"admin","@id":"https:\/\/kibrisdakik.com\/#\/schema\/person\/9cd9d437bbb44f72b73ba127e06d8e79"},"headline":"Cumhurba\u015fkan\u0131 Tatar, \u015fehit ailelerini ziyaret etti:\u201dK\u0131br\u0131s T\u00fcrk\u00fc\u2019n\u00fcn \u00f6zg\u00fcrl\u00fck ve varolu\u015f m\u00fccadelesi ile kurdu\u011fu KKTC\u2019de \u015fehitlerin pay\u0131 b\u00fcy\u00fck\u201d","datePublished":"2024-12-15T07:53:27+00:00","mainEntityOfPage":{"@id":"https:\/\/kibrisdakik.com\/?p=71566"},"wordCount":192,"commentCount":0,"image":{"@id":"https:\/\/kibrisdakik.com\/?p=71566#primaryimage"},"thumbnailUrl":"https:\/\/kibrisdakik.com\/wp-content\/uploads\/2024\/12\/1734247427184TATAR-SEHIT-AILELERINI-ZIYARET-9-740x420.jpg","articleSection":["K\u0131br\u0131s"],"inLanguage":"tr","potentialAction":[{"@type":"CommentAction","name":"Comment","target":["https:\/\/kibrisdakik.com\/?p=71566#respond"]}]},{"@type":"WebPage","@id":"https:\/\/kibrisdakik.com\/?p=71566","url":"https:\/\/kibrisdakik.com\/?p=71566","name":"Cumhurba\u015fkan\u0131 Tatar, \u015fehit ailelerini ziyaret etti:\u201dK\u0131br\u0131s T\u00fcrk\u00fc\u2019n\u00fcn \u00f6zg\u00fcrl\u00fck ve varolu\u015f m\u00fccadelesi ile kurdu\u011fu KKTC\u2019de \u015fehitlerin pay\u0131 b\u00fcy\u00fck\u201d -","isPartOf":{"@id":"https:\/\/kibrisdakik.com\/#website"},"primaryImageOfPage":{"@id":"https:\/\/kibrisdakik.com\/?p=71566#primaryimage"},"image":{"@id":"https:\/\/kibrisdakik.com\/?p=71566#primaryimage"},"thumbnailUrl":"https:\/\/kibrisdakik.com\/wp-content\/uploads\/2024\/12\/1734247427184TATAR-SEHIT-AILELERINI-ZIYARET-9-740x420.jpg","datePublished":"2024-12-15T07:53:27+00:00","author":{"@id":"https:\/\/kibrisdakik.com\/#\/schema\/person\/9cd9d437bbb44f72b73ba127e06d8e79"},"breadcrumb":{"@id":"https:\/\/kibrisdakik.com\/?p=71566#breadcrumb"},"inLanguage":"tr","potentialAction":[{"@type":"ReadAction","target":["https:\/\/kibrisdakik.com\/?p=71566"]}]},{"@type":"ImageObject","inLanguage":"tr","@id":"https:\/\/kibrisdakik.com\/?p=71566#primaryimage","url":"https:\/\/kibrisdakik.com\/wp-content\/uploads\/2024\/12\/1734247427184TATAR-SEHIT-AILELERINI-ZIYARET-9-740x420.jpg","contentUrl":"https:\/\/kibrisdakik.com\/wp-content\/uploads\/2024\/12\/1734247427184TATAR-SEHIT-AILELERINI-ZIYARET-9-740x420.jpg","width":1600,"height":650},{"@type":"BreadcrumbList","@id":"https:\/\/kibrisdakik.com\/?p=71566#breadcrumb","itemListElement":[{"@type":"ListItem","position":1,"name":"Home","item":"https:\/\/kibrisdakik.com\/"},{"@type":"ListItem","position":2,"name":"Cumhurba\u015fkan\u0131 Tatar, \u015fehit ailelerini ziyaret etti:\u201dK\u0131br\u0131s T\u00fcrk\u00fc\u2019n\u00fcn \u00f6zg\u00fcrl\u00fck ve varolu\u015f m\u00fccadelesi ile kurdu\u011fu KKTC\u2019de \u015fehitlerin pay\u0131 b\u00fcy\u00fck\u201d"}]},{"@type":"WebSite","@id":"https:\/\/kibrisdakik.com\/#website","url":"https:\/\/kibrisdakik.com\/","name":"","description":"Tam vaktinde haber","potentialAction":[{"@type":"SearchAction","target":{"@type":"EntryPoint","urlTemplate":"https:\/\/kibrisdakik.com\/?s={search_term_string}"},"query-input":{"@type":"PropertyValueSpecification","valueRequired":true,"valueName":"search_term_string"}}],"inLanguage":"tr"},{"@type":"Person","@id":"https:\/\/kibrisdakik.com\/#\/schema\/person\/9cd9d437bbb44f72b73ba127e06d8e79","name":"admin","image":{"@type":"ImageObject","inLanguage":"tr","@id":"https:\/\/secure.gravatar.com\/avatar\/ccc17943b9d660506c869530f897617f7cb1c21a4bf30023f252596d83e1f007?s=96&d=mm&r=g","url":"https:\/\/secure.gravatar.com\/avatar\/ccc17943b9d660506c869530f897617f7cb1c21a4bf30023f252596d83e1f007?s=96&d=mm&r=g","contentUrl":"https:\/\/secure.gravatar.com\/avatar\/ccc17943b9d660506c869530f897617f7cb1c21a4bf30023f252596d83e1f007?s=96&d=mm&r=g","caption":"admin"},"sameAs":["https:\/\/kibrisdakik.com"],"url":"https:\/\/kibrisdakik.com\/?author=1"}]}},"_links":{"self":[{"href":"https:\/\/kibrisdakik.com\/index.php?rest_route=\/wp\/v2\/posts\/71566","targetHints":{"allow":["GET"]}}],"collection":[{"href":"https:\/\/kibrisdakik.com\/index.php?rest_route=\/wp\/v2\/posts"}],"about":[{"href":"https:\/\/kibrisdakik.com\/index.php?rest_route=\/wp\/v2\/types\/post"}],"author":[{"embeddable":true,"href":"https:\/\/kibrisdakik.com\/index.php?rest_route=\/wp\/v2\/users\/1"}],"replies":[{"embeddable":true,"href":"https:\/\/kibrisdakik.com\/index.php?rest_route=%2Fwp%2Fv2%2Fcomments&post=71566"}],"version-history":[{"count":0,"href":"https:\/\/kibrisdakik.com\/index.php?rest_route=\/wp\/v2\/posts\/71566\/revisions"}],"wp:featuredmedia":[{"embeddable":true,"href":"https:\/\/kibrisdakik.com\/index.php?rest_route=\/wp\/v2\/media\/71567"}],"wp:attachment":[{"href":"https:\/\/kibrisdakik.com\/index.php?rest_route=%2Fwp%2Fv2%2Fmedia&parent=71566"}],"wp:term":[{"taxonomy":"category","embeddable":true,"href":"https:\/\/kibrisdakik.com\/index.php?rest_route=%2Fwp%2Fv2%2Fcategories&post=71566"},{"taxonomy":"post_tag","embeddable":true,"href":"https:\/\/kibrisdakik.com\/index.php?rest_route=%2Fwp%2Fv2%2Ftags&post=71566"}],"curies":[{"name":"wp","href":"https:\/\/api.w.org\/{rel}","templated":true}]}}