{"id":71583,"date":"2024-12-15T16:25:16","date_gmt":"2024-12-15T13:25:16","guid":{"rendered":"https:\/\/kibrisdakik.com\/index.php\/2024\/12\/15\/altun-kibrista-60-yil-suren-sonucsuz-muzakerelerin-ardindan-turkler-federasyon-modelinden-rizalarini-cekti\/"},"modified":"2024-12-15T16:25:16","modified_gmt":"2024-12-15T13:25:16","slug":"altun-kibrista-60-yil-suren-sonucsuz-muzakerelerin-ardindan-turkler-federasyon-modelinden-rizalarini-cekti","status":"publish","type":"post","link":"https:\/\/kibrisdakik.com\/?p=71583","title":{"rendered":"Altun: \u201cK\u0131br\u0131s\u2019ta 60 y\u0131l s\u00fcren sonu\u00e7suz m\u00fczakerelerin ard\u0131ndan T\u00fcrkler federasyon modelinden r\u0131zalar\u0131n\u0131 \u00e7ekti\u201d"},"content":{"rendered":"<p><\/p>\n<div>\n<div class=\"mariselle-image-container center\">\n                <img loading=\"lazy\" decoding=\"async\" width=\"1200\" height=\"675\" class=\"lazy-image\" alt=\"\" sizes=\"auto, (max-width: 1200px) 100vw, 1200px\" src=\"https:\/\/brtk.net\/wp-content\/uploads\/2024\/10\/08\/fahrettin-altundan-dunyay-853_2-41.webp?ver=9abef72426b05988e7a3b1134564fd84\" srcset=\"https:\/\/brtk.net\/wp-content\/uploads\/2024\/10\/08\/fahrettin-altundan-dunyay-853_2-41.webp?ver=9abef72426b05988e7a3b1134564fd84 1200w, https:\/\/brtk.net\/wp-content\/uploads\/2024\/10\/08\/fahrettin-altundan-dunyay-853_2-41-300x169.webp?ver=a9cf99a00e4cd599b5b5173f7d407922 300w, https:\/\/brtk.net\/wp-content\/uploads\/2024\/10\/08\/fahrettin-altundan-dunyay-853_2-41-1024x576.webp?ver=3b053361d686630a06ae0214d8cc85d1 1024w, https:\/\/brtk.net\/wp-content\/uploads\/2024\/10\/08\/fahrettin-altundan-dunyay-853_2-41-768x432.webp?ver=3b053361d686630a06ae0214d8cc85d1 768w\"\/>                            <\/div>\n<p>TC Cumhurba\u015fkanl\u0131\u011f\u0131 \u0130leti\u015fim Ba\u015fkan\u0131 Fahrettin Altun, K\u0131br\u0131s\u2019ta 60 y\u0131l s\u00fcren sonu\u00e7suz m\u00fczakerelerin ard\u0131ndan T\u00fcrklerin, modas\u0131 ge\u00e7mi\u015f ve ya\u015famas\u0131 olanaks\u0131z federasyon modelinden r\u0131zalar\u0131n\u0131 \u00e7ekti\u011fini ifade etti.<\/p>\n<p>Altun, Yunan gazetesi Ta Nea\u2019n\u0131n, T\u00fcrkiye-Yunanistan ikili ili\u015fkilerine y\u00f6nelik sorular\u0131n\u0131 yan\u0131tlad\u0131.<\/p>\n<p>TC Cumhurba\u015fkanl\u0131\u011f\u0131 \u0130leti\u015fim Ba\u015fkan\u0131 Fahrettin Altun, T\u00fcrkiye\u2019nin, K\u0131br\u0131s\u2019ta iki b\u00f6lgeli, iki toplumlu bir federasyon i\u00e7in BM taraf\u0131ndan belirlenen parametreleri kabul etmek i\u00e7in ne talep etti\u011finin sorulmas\u0131 \u00fczerine, federasyonun temelinde takriben 60 y\u0131l s\u00fcren sonu\u00e7suz m\u00fczakerelerin ard\u0131ndan T\u00fcrklerin, modas\u0131 ge\u00e7mi\u015f ve ya\u015famas\u0131 olanaks\u0131z federasyon modelinden r\u0131zalar\u0131n\u0131 \u00e7ekti\u011fini ifade etti.<\/p>\n<p>Altun, BM\u2019nin ve uluslararas\u0131 toplumun, art\u0131k her iki taraf\u0131n da r\u0131zas\u0131n\u0131 almayan bir \u00e7\u00f6z\u00fcm modelinde me\u015fru olarak \u0131srar etmesinin m\u00fcmk\u00fcn olmad\u0131\u011f\u0131n\u0131 kayda ge\u00e7irdi\u011fini an\u0131msatt\u0131.<\/p>\n<p>-\u201cNihayetinde sahadaki ger\u00e7e\u011fi kabul etmenin zaman\u0131 gelmi\u015ftir\u201d<\/p>\n<p>Fahrettin Altun, \u201cNihayetinde sahadaki ger\u00e7e\u011fi kabul etmenin zaman\u0131 gelmi\u015ftir. Bu ger\u00e7ek, K\u0131br\u0131s Adas\u0131\u2019nda iki ayr\u0131 halk ve iki ayr\u0131 devlet oldu\u011fudur. Tarih, bize ancak bu temelde bir \u00e7\u00f6z\u00fcm\u00fcn ba\u015far\u0131l\u0131 olabilece\u011fini hi\u00e7bir \u015f\u00fcpheye yer b\u0131rakmayacak \u015fekilde g\u00f6stermi\u015ftir. Ne K\u0131br\u0131sl\u0131 T\u00fcrkler ne de T\u00fcrkiye, bir 60 y\u0131l\u0131 daha heba etmek istemektedir.\u201d diye konu\u015ftu.<\/p>\n<p>Altun, \u201cT\u00fcrkiye ile Yunanistan aras\u0131nda kar\u015f\u0131l\u0131kl\u0131 anlay\u0131\u015f\u0131 te\u015fvik etmek, ticaret f\u0131rsatlar\u0131n\u0131 geni\u015fletmek, halklar aras\u0131 ba\u011flar\u0131 derinle\u015ftirmek ve ortak refah i\u00e7in gayret g\u00f6stermek herkesin yarar\u0131na olacakt\u0131r.\u201d dedi.<\/p>\n<p>\u0130ki \u00fclke aras\u0131ndaki anlay\u0131\u015f g\u00f6sterilmesi gereken meselelere ili\u015fkin bir soru \u00fczerine, k\u00fclt\u00fcrel miraslar\u0131n muhafazas\u0131n\u0131n daha fazla i\u015fbirli\u011fi ve empati gerektirdi\u011fini belirten Altun, Parthenon mermerlerinin Yunanistan\u2019a iadesi hususunda T\u00fcrkiye taraf\u0131ndan verilen deste\u011fin bu a\u00e7\u0131dan \u00f6nemli bir \u00f6rnek te\u015fkil etti\u011fini ifade etti.<\/p>\n<p>Bir ba\u015fka \u00f6rne\u011fin de Ege denizi oldu\u011funa i\u015faret eden Altun, \u201cYunan kamuoyunun, Ege\u2019nin bir Yunan g\u00f6l\u00fc olmad\u0131\u011f\u0131n\u0131, T\u00fcrkiye\u2019nin de bu denizi uzun bir k\u0131y\u0131 \u015feridiyle payla\u015ft\u0131\u011f\u0131n\u0131, Ege Denizi\u2019yle ilgili me\u015fru haklara ve hayati \u00e7\u0131karlara sahip oldu\u011funu anlamas\u0131 s\u00fcre\u00e7 i\u00e7in faydal\u0131 olacakt\u0131r.\u201d diye konu\u015ftu.<\/p>\n<p>Altun, b\u00f6ylesi bir anlay\u0131\u015f\u0131n, Ege\u2019deki t\u00fcm sorunlar\u0131n uluslararas\u0131 hukuka uygun olarak bar\u0131\u015f\u00e7\u0131l bir \u015fekilde \u00e7\u00f6z\u00fclmesine de katk\u0131 sunabilece\u011fini vurgulad\u0131.<\/p>\n<p>Yunanistan\u2019da ya\u015fayan T\u00fcrk az\u0131nl\u0131\u011f\u0131na y\u00f6nelik muamele hususunda da kar\u015f\u0131l\u0131kl\u0131 anlay\u0131\u015f\u0131n geli\u015ftirilmesi gerekti\u011finin alt\u0131n\u0131 \u00e7izen Altun, \u201cT\u00fcrk az\u0131nl\u0131\u011f\u0131, t\u0131pk\u0131 T\u00fcrkiye\u2019deki Yunan az\u0131nl\u0131\u011f\u0131n\u0131n sahip oldu\u011fu \u00f6zg\u00fcrl\u00fcklere benzer \u015fekilde, se\u00e7ilmi\u015f dini liderlerinin resmen tan\u0131nmas\u0131n\u0131 ve etnik kimliklerini herhangi bir yasal veya idari tepki korkusu olmaks\u0131z\u0131n ifade edebilme \u00f6zg\u00fcrl\u00fc\u011f\u00fc istemektedir. T\u00fcrk-Yunan Medya Forumu gibi giri\u015fimlerin, halklar\u0131m\u0131z aras\u0131nda daha g\u00fc\u00e7l\u00fc ba\u011flar ve anlay\u0131\u015f in\u015fa edilmesinde hayati bir rol oynayabilece\u011finden eminim.\u201d de\u011ferlendirmesinde bulundu.<\/p>\n<p>\u201c\u0130kili ili\u015fkilerdeki diyalog ve \u2018sakin sular\u2019 g\u00f6r\u00fcnt\u00fcs\u00fc, Yunanistan ve T\u00fcrkiye h\u00fck\u00fcmetleri \u00fczerindeki i\u00e7 bask\u0131 nedeniyle bozulabilir mi?\u201d sorusu \u00fczerine Fahrettin Altun, \u201ci\u00e7 bask\u0131\u201d ifadesiyle T\u00fcrkiye ile Yunanistan aras\u0131ndaki gerginli\u011fin s\u00fcrd\u00fcr\u00fclmesinden \u00e7\u0131kar sa\u011flayan \u00e7evrelerin kastedildi\u011fini s\u00f6yledi.<\/p>\n<p>S\u00fcregelen diyalo\u011fun ve i\u015fbirli\u011finin, bu \u00e7evreleri etkisiz k\u0131lma potansiyeline sahip oldu\u011funa kati bir bi\u00e7imde inand\u0131\u011f\u0131n\u0131 belirten Altun, gelecek nesillerin refah\u0131n\u0131n, ikili ili\u015fkilerin g\u00fc\u00e7lendirilmesine ba\u011fl\u0131 oldu\u011funu kaydetti. Altun, \u201cKar\u015f\u0131l\u0131kl\u0131 anlay\u0131\u015f\u0131 te\u015fvik etmek, ticaret f\u0131rsatlar\u0131n\u0131 geni\u015fletmek, halklar aras\u0131 ba\u011flar\u0131 derinle\u015ftirmek ve ortak refah i\u00e7in gayret g\u00f6stermek herkesin yarar\u0131na olacakt\u0131r. Bu hedeflere \u00f6ncelik vermek suretiyle, bu ilerlemeyi sekteye u\u011fratmak isteyenlerin, i\u015fbirli\u011fi ve bar\u0131\u015fa giden yolu engelleyemeyecek \u015fekilde saf d\u0131\u015f\u0131 kalmalar\u0131n\u0131 sa\u011flayabiliriz.\u201d dedi.<\/p>\n<p>\u2013 \u201cS\u00f6z konusu Yunanistan ile ili\u015fkilerin derinle\u015ftirilmesi oldu\u011funda, bizim i\u00e7in s\u0131n\u0131r yoktur\u201d<\/p>\n<p>Fahrettin Altun, gelecek y\u0131l Ankara\u2019da ger\u00e7ekle\u015fecek 6. Y\u00fcksek D\u00fczeyli \u0130\u015fbirli\u011fi Konseyinden (YD\u0130K) beklentilerin neler oldu\u011fu sorusu \u00fczerine Altun, YD\u0130K\u2019in ikili ili\u015fkilerdeki olumlu ivmeyi daha da h\u0131zland\u0131rma f\u0131rsat\u0131 sunaca\u011f\u0131n\u0131 belirtti.<\/p>\n<p>Bu toplant\u0131lar\u0131n, her iki taraf\u0131n hemen hemen t\u00fcm bakanl\u0131klar\u0131n\u0131 ilgilendiren geni\u015f bir konu yelpazesini kapsad\u0131\u011f\u0131na i\u015faret eden Altun, son iki y\u0131ld\u0131r d\u00fczenli olarak bir araya gelen liderlerin yan\u0131 s\u0131ra bir\u00e7ok bakan\u0131n\u0131n da mevkida\u015flar\u0131yla mevcut ve potansiyel i\u015fbirli\u011fi alanlar\u0131n\u0131 ele alma imkan\u0131 bulaca\u011f\u0131n\u0131 bildirdi.<\/p>\n<p>\u201cT\u00fcrk-Yunan ili\u015fkilerinin geli\u015fme d\u00fczeyine ili\u015fkin ula\u015fmak istedi\u011finiz \u00e7\u0131ta nedir?\u201d sorusuna Altun, \u201cCevap basit, b\u00f6yle bir \u00e7\u0131ta yok. S\u00f6z konusu Yunanistan ile ili\u015fkilerin derinle\u015ftirilmesi oldu\u011funda, bizim i\u00e7in s\u0131n\u0131r yoktur.\u201d yan\u0131t\u0131n\u0131 verdi.<\/p>\n<p>\u2013 \u201cT\u00fcrkiye ve Yunanistan, ayn\u0131 co\u011frafyay\u0131 payla\u015fan iki kom\u015fu \u00fclkedir\u201d<\/p>\n<p>Yunanistan ve T\u00fcrkiye\u2019nin Avrupa G\u00fcvenlik ve \u0130\u015fbirli\u011fi Te\u015fkilat\u0131\u2019na ortak aday g\u00f6stermesine ili\u015fkin bir sorusuna kar\u015f\u0131l\u0131k Altun, \u015funlar\u0131 kaydetti:<\/p>\n<p>\u201cAG\u0130T\u2019te Genel Sekreterlik ve Demokratik Kurumlar ve \u0130nsan Haklar\u0131 Ofisi Direkt\u00f6rl\u00fc\u011f\u00fc g\u00f6revlerine ortak aday g\u00f6stermemizin ba\u015far\u0131yla sonu\u00e7lanmas\u0131n\u0131n iki hususu a\u00e7\u0131k\u00e7a ortaya koydu\u011funa inan\u0131yorum. Bunlardan birincisi, b\u00f6lgesel ve uluslararas\u0131 platformlarda T\u00fcrk-Yunan i\u015fbirli\u011fi ve dayan\u0131\u015fmas\u0131 i\u00e7in b\u00fcy\u00fck bir potansiyel oldu\u011fudur. \u0130kincisi ise bu i\u015fbirli\u011fi ve ortak \u00e7al\u0131\u015fmalar\u0131n uluslararas\u0131 toplum taraf\u0131ndan b\u00fcy\u00fck takdirle kar\u015f\u0131land\u0131\u011f\u0131d\u0131r. Esas itibar\u0131yla, bu gayet do\u011fal bir durumdur. T\u00fcrkiye ve Yunanistan, ayn\u0131 co\u011frafyay\u0131 payla\u015fan iki kom\u015fu \u00fclkedir. Bizler hem Akdeniz hem de Avrupa halklar\u0131y\u0131z. NATO m\u00fcttefikiyiz. G\u00fcnl\u00fck hayatlar\u0131m\u0131zda benzer al\u0131\u015fkanl\u0131klara sahibiz. Belirli konularda \u00e7\u00f6z\u00fcmlenmemi\u015f farkl\u0131l\u0131klar\u0131m\u0131z olmakla birlikte, her iki \u00fclkenin kar\u015f\u0131la\u015ft\u0131\u011f\u0131 zorluklar ile b\u00f6lgemiz ve \u00f6tesindeki \u00e7\u0131karlar\u0131m\u0131z b\u00fcy\u00fck oranda \u00f6rt\u00fc\u015fmektedir. \u0130\u015fbirli\u011fi, oda\u011f\u0131m\u0131z\u0131 ihtilaflar\u0131m\u0131zdan uzakla\u015ft\u0131r\u0131p ortak hedeflerimize y\u00f6neltmemizi sa\u011flar. Kar\u015f\u0131l\u0131kl\u0131 ekonomik ili\u015fkilerimizi geli\u015ftirmek gibi her iki taraf a\u00e7\u0131s\u0131ndan faydal\u0131 oldu\u011fu a\u015fikar bir amac\u0131n yan\u0131 s\u0131ra, i\u015fbirli\u011fimizi art\u0131rma konusunda akla gelen di\u011fer alanlar aras\u0131nda, iklim de\u011fi\u015fikli\u011fi, ter\u00f6rizm ve d\u00fczensiz g\u00f6\u00e7le m\u00fccadele, ortak giri\u015fimlerden do\u011fabilecek sinerjiler yoluyla her iki \u00fclkenin halihaz\u0131rdaki geni\u015f turizm potansiyelini geni\u015fletmek, bilimsel projeleri, ara\u015ft\u0131rma ve geli\u015ftirme faaliyetlerini ortakla\u015fa takip etmek vb. say\u0131labilir. Son d\u00f6nemde AG\u0130T\u2019te elde etti\u011fimiz ba\u015far\u0131dan da faydalanarak, ilgili uluslararas\u0131 ve b\u00f6lgesel \u00f6rg\u00fctler kapsam\u0131nda bu alanlarda birlikte \u00e7al\u0131\u015fabilece\u011fimizi ve \u00e7al\u0131\u015faca\u011f\u0131m\u0131z\u0131 s\u00f6ylemeye elbette gerek yok.\u201d\u200b\u200b\u200b\u200b\u200b\u200b\u200b<\/p>\n<\/p><\/div>\n<p><script async\n                    defer\n                    crossorigin=\"anonymous\"\n                    src=\"https:\/\/connect.facebook.net\/tr_TR\/sdk.js#xfbml=1&#038;version=v3.3\"\n            ><\/script><\/p>\n","protected":false},"excerpt":{"rendered":"<p>TC Cumhurba\u015fkanl\u0131\u011f\u0131 \u0130leti\u015fim Ba\u015fkan\u0131 Fahrettin Altun, K\u0131br\u0131s\u2019ta 60 y\u0131l s\u00fcren sonu\u00e7suz m\u00fczakerelerin ard\u0131ndan T\u00fcrklerin, modas\u0131 ge\u00e7mi\u015f ve ya\u015famas\u0131 olanaks\u0131z federasyon modelinden r\u0131zalar\u0131n\u0131 \u00e7ekti\u011fini ifade etti. Altun, Yunan gazetesi Ta Nea\u2019n\u0131n, T\u00fcrkiye-Yunanistan ikili ili\u015fkilerine y\u00f6nelik sorular\u0131n\u0131 yan\u0131tlad\u0131. TC Cumhurba\u015fkanl\u0131\u011f\u0131 \u0130leti\u015fim Ba\u015fkan\u0131 Fahrettin Altun, T\u00fcrkiye\u2019nin, K\u0131br\u0131s\u2019ta iki b\u00f6lgeli, iki toplumlu bir federasyon i\u00e7in BM taraf\u0131ndan belirlenen parametreleri<\/p>\n","protected":false},"author":1,"featured_media":66211,"comment_status":"open","ping_status":"open","sticky":false,"template":"","format":"standard","meta":{"footnotes":""},"categories":[86],"tags":[],"class_list":["post-71583","post","type-post","status-publish","format-standard","has-post-thumbnail","hentry","category-turkiye"],"yoast_head":"<!-- This site is optimized with the Yoast SEO plugin v27.5 - https:\/\/yoast.com\/product\/yoast-seo-wordpress\/ -->\n<title>Altun: \u201cK\u0131br\u0131s\u2019ta 60 y\u0131l s\u00fcren sonu\u00e7suz m\u00fczakerelerin ard\u0131ndan T\u00fcrkler federasyon modelinden r\u0131zalar\u0131n\u0131 \u00e7ekti\u201d -<\/title>\n<meta name=\"robots\" content=\"index, follow, max-snippet:-1, max-image-preview:large, max-video-preview:-1\" \/>\n<link rel=\"canonical\" href=\"https:\/\/kibrisdakik.com\/?p=71583\" \/>\n<meta property=\"og:locale\" content=\"tr_TR\" \/>\n<meta property=\"og:type\" content=\"article\" \/>\n<meta property=\"og:title\" content=\"Altun: \u201cK\u0131br\u0131s\u2019ta 60 y\u0131l s\u00fcren sonu\u00e7suz m\u00fczakerelerin ard\u0131ndan T\u00fcrkler federasyon modelinden r\u0131zalar\u0131n\u0131 \u00e7ekti\u201d -\" \/>\n<meta property=\"og:description\" content=\"TC Cumhurba\u015fkanl\u0131\u011f\u0131 \u0130leti\u015fim Ba\u015fkan\u0131 Fahrettin Altun, K\u0131br\u0131s\u2019ta 60 y\u0131l s\u00fcren sonu\u00e7suz m\u00fczakerelerin ard\u0131ndan T\u00fcrklerin, modas\u0131 ge\u00e7mi\u015f ve ya\u015famas\u0131 olanaks\u0131z federasyon modelinden r\u0131zalar\u0131n\u0131 \u00e7ekti\u011fini ifade etti. Altun, Yunan gazetesi Ta Nea\u2019n\u0131n, T\u00fcrkiye-Yunanistan ikili ili\u015fkilerine y\u00f6nelik sorular\u0131n\u0131 yan\u0131tlad\u0131. TC Cumhurba\u015fkanl\u0131\u011f\u0131 \u0130leti\u015fim Ba\u015fkan\u0131 Fahrettin Altun, T\u00fcrkiye\u2019nin, K\u0131br\u0131s\u2019ta iki b\u00f6lgeli, iki toplumlu bir federasyon i\u00e7in BM taraf\u0131ndan belirlenen parametreleri\" \/>\n<meta property=\"og:url\" content=\"https:\/\/kibrisdakik.com\/?p=71583\" \/>\n<meta property=\"article:published_time\" content=\"2024-12-15T13:25:16+00:00\" \/>\n<meta property=\"og:image\" content=\"https:\/\/kibrisdakik.com\/wp-content\/uploads\/2024\/10\/fahrettin-altundan-dunyay-853_2-41.webp-740x420.webp\" \/>\n\t<meta property=\"og:image:width\" content=\"1200\" \/>\n\t<meta property=\"og:image:height\" content=\"675\" \/>\n\t<meta property=\"og:image:type\" content=\"image\/webp\" \/>\n<meta name=\"author\" content=\"admin\" \/>\n<meta name=\"twitter:card\" content=\"summary_large_image\" \/>\n<meta name=\"twitter:label1\" content=\"Yazan:\" \/>\n\t<meta name=\"twitter:data1\" content=\"admin\" \/>\n\t<meta name=\"twitter:label2\" content=\"Tahmini okuma s\u00fcresi\" \/>\n\t<meta name=\"twitter:data2\" content=\"6 dakika\" \/>\n<script type=\"application\/ld+json\" class=\"yoast-schema-graph\">{\"@context\":\"https:\\\/\\\/schema.org\",\"@graph\":[{\"@type\":\"Article\",\"@id\":\"https:\\\/\\\/kibrisdakik.com\\\/?p=71583#article\",\"isPartOf\":{\"@id\":\"https:\\\/\\\/kibrisdakik.com\\\/?p=71583\"},\"author\":{\"name\":\"admin\",\"@id\":\"https:\\\/\\\/kibrisdakik.com\\\/#\\\/schema\\\/person\\\/9cd9d437bbb44f72b73ba127e06d8e79\"},\"headline\":\"Altun: \u201cK\u0131br\u0131s\u2019ta 60 y\u0131l s\u00fcren sonu\u00e7suz m\u00fczakerelerin ard\u0131ndan T\u00fcrkler federasyon modelinden r\u0131zalar\u0131n\u0131 \u00e7ekti\u201d\",\"datePublished\":\"2024-12-15T13:25:16+00:00\",\"mainEntityOfPage\":{\"@id\":\"https:\\\/\\\/kibrisdakik.com\\\/?p=71583\"},\"wordCount\":1239,\"commentCount\":0,\"image\":{\"@id\":\"https:\\\/\\\/kibrisdakik.com\\\/?p=71583#primaryimage\"},\"thumbnailUrl\":\"https:\\\/\\\/kibrisdakik.com\\\/wp-content\\\/uploads\\\/2024\\\/10\\\/fahrettin-altundan-dunyay-853_2-41.webp-740x420.webp\",\"articleSection\":[\"T\u00fcrkiye\"],\"inLanguage\":\"tr\",\"potentialAction\":[{\"@type\":\"CommentAction\",\"name\":\"Comment\",\"target\":[\"https:\\\/\\\/kibrisdakik.com\\\/?p=71583#respond\"]}]},{\"@type\":\"WebPage\",\"@id\":\"https:\\\/\\\/kibrisdakik.com\\\/?p=71583\",\"url\":\"https:\\\/\\\/kibrisdakik.com\\\/?p=71583\",\"name\":\"Altun: \u201cK\u0131br\u0131s\u2019ta 60 y\u0131l s\u00fcren sonu\u00e7suz m\u00fczakerelerin ard\u0131ndan T\u00fcrkler federasyon modelinden r\u0131zalar\u0131n\u0131 \u00e7ekti\u201d -\",\"isPartOf\":{\"@id\":\"https:\\\/\\\/kibrisdakik.com\\\/#website\"},\"primaryImageOfPage\":{\"@id\":\"https:\\\/\\\/kibrisdakik.com\\\/?p=71583#primaryimage\"},\"image\":{\"@id\":\"https:\\\/\\\/kibrisdakik.com\\\/?p=71583#primaryimage\"},\"thumbnailUrl\":\"https:\\\/\\\/kibrisdakik.com\\\/wp-content\\\/uploads\\\/2024\\\/10\\\/fahrettin-altundan-dunyay-853_2-41.webp-740x420.webp\",\"datePublished\":\"2024-12-15T13:25:16+00:00\",\"author\":{\"@id\":\"https:\\\/\\\/kibrisdakik.com\\\/#\\\/schema\\\/person\\\/9cd9d437bbb44f72b73ba127e06d8e79\"},\"breadcrumb\":{\"@id\":\"https:\\\/\\\/kibrisdakik.com\\\/?p=71583#breadcrumb\"},\"inLanguage\":\"tr\",\"potentialAction\":[{\"@type\":\"ReadAction\",\"target\":[\"https:\\\/\\\/kibrisdakik.com\\\/?p=71583\"]}]},{\"@type\":\"ImageObject\",\"inLanguage\":\"tr\",\"@id\":\"https:\\\/\\\/kibrisdakik.com\\\/?p=71583#primaryimage\",\"url\":\"https:\\\/\\\/kibrisdakik.com\\\/wp-content\\\/uploads\\\/2024\\\/10\\\/fahrettin-altundan-dunyay-853_2-41.webp-740x420.webp\",\"contentUrl\":\"https:\\\/\\\/kibrisdakik.com\\\/wp-content\\\/uploads\\\/2024\\\/10\\\/fahrettin-altundan-dunyay-853_2-41.webp-740x420.webp\",\"width\":1200,\"height\":675},{\"@type\":\"BreadcrumbList\",\"@id\":\"https:\\\/\\\/kibrisdakik.com\\\/?p=71583#breadcrumb\",\"itemListElement\":[{\"@type\":\"ListItem\",\"position\":1,\"name\":\"Home\",\"item\":\"https:\\\/\\\/kibrisdakik.com\\\/\"},{\"@type\":\"ListItem\",\"position\":2,\"name\":\"Altun: \u201cK\u0131br\u0131s\u2019ta 60 y\u0131l s\u00fcren sonu\u00e7suz m\u00fczakerelerin ard\u0131ndan T\u00fcrkler federasyon modelinden r\u0131zalar\u0131n\u0131 \u00e7ekti\u201d\"}]},{\"@type\":\"WebSite\",\"@id\":\"https:\\\/\\\/kibrisdakik.com\\\/#website\",\"url\":\"https:\\\/\\\/kibrisdakik.com\\\/\",\"name\":\"\",\"description\":\"Tam vaktinde haber\",\"potentialAction\":[{\"@type\":\"SearchAction\",\"target\":{\"@type\":\"EntryPoint\",\"urlTemplate\":\"https:\\\/\\\/kibrisdakik.com\\\/?s={search_term_string}\"},\"query-input\":{\"@type\":\"PropertyValueSpecification\",\"valueRequired\":true,\"valueName\":\"search_term_string\"}}],\"inLanguage\":\"tr\"},{\"@type\":\"Person\",\"@id\":\"https:\\\/\\\/kibrisdakik.com\\\/#\\\/schema\\\/person\\\/9cd9d437bbb44f72b73ba127e06d8e79\",\"name\":\"admin\",\"image\":{\"@type\":\"ImageObject\",\"inLanguage\":\"tr\",\"@id\":\"https:\\\/\\\/secure.gravatar.com\\\/avatar\\\/ccc17943b9d660506c869530f897617f7cb1c21a4bf30023f252596d83e1f007?s=96&d=mm&r=g\",\"url\":\"https:\\\/\\\/secure.gravatar.com\\\/avatar\\\/ccc17943b9d660506c869530f897617f7cb1c21a4bf30023f252596d83e1f007?s=96&d=mm&r=g\",\"contentUrl\":\"https:\\\/\\\/secure.gravatar.com\\\/avatar\\\/ccc17943b9d660506c869530f897617f7cb1c21a4bf30023f252596d83e1f007?s=96&d=mm&r=g\",\"caption\":\"admin\"},\"sameAs\":[\"https:\\\/\\\/kibrisdakik.com\"],\"url\":\"https:\\\/\\\/kibrisdakik.com\\\/?author=1\"}]}<\/script>\n<!-- \/ Yoast SEO plugin. -->","yoast_head_json":{"title":"Altun: \u201cK\u0131br\u0131s\u2019ta 60 y\u0131l s\u00fcren sonu\u00e7suz m\u00fczakerelerin ard\u0131ndan T\u00fcrkler federasyon modelinden r\u0131zalar\u0131n\u0131 \u00e7ekti\u201d -","robots":{"index":"index","follow":"follow","max-snippet":"max-snippet:-1","max-image-preview":"max-image-preview:large","max-video-preview":"max-video-preview:-1"},"canonical":"https:\/\/kibrisdakik.com\/?p=71583","og_locale":"tr_TR","og_type":"article","og_title":"Altun: \u201cK\u0131br\u0131s\u2019ta 60 y\u0131l s\u00fcren sonu\u00e7suz m\u00fczakerelerin ard\u0131ndan T\u00fcrkler federasyon modelinden r\u0131zalar\u0131n\u0131 \u00e7ekti\u201d -","og_description":"TC Cumhurba\u015fkanl\u0131\u011f\u0131 \u0130leti\u015fim Ba\u015fkan\u0131 Fahrettin Altun, K\u0131br\u0131s\u2019ta 60 y\u0131l s\u00fcren sonu\u00e7suz m\u00fczakerelerin ard\u0131ndan T\u00fcrklerin, modas\u0131 ge\u00e7mi\u015f ve ya\u015famas\u0131 olanaks\u0131z federasyon modelinden r\u0131zalar\u0131n\u0131 \u00e7ekti\u011fini ifade etti. Altun, Yunan gazetesi Ta Nea\u2019n\u0131n, T\u00fcrkiye-Yunanistan ikili ili\u015fkilerine y\u00f6nelik sorular\u0131n\u0131 yan\u0131tlad\u0131. TC Cumhurba\u015fkanl\u0131\u011f\u0131 \u0130leti\u015fim Ba\u015fkan\u0131 Fahrettin Altun, T\u00fcrkiye\u2019nin, K\u0131br\u0131s\u2019ta iki b\u00f6lgeli, iki toplumlu bir federasyon i\u00e7in BM taraf\u0131ndan belirlenen parametreleri","og_url":"https:\/\/kibrisdakik.com\/?p=71583","article_published_time":"2024-12-15T13:25:16+00:00","og_image":[{"width":1200,"height":675,"url":"https:\/\/kibrisdakik.com\/wp-content\/uploads\/2024\/10\/fahrettin-altundan-dunyay-853_2-41.webp-740x420.webp","type":"image\/webp"}],"author":"admin","twitter_card":"summary_large_image","twitter_misc":{"Yazan:":"admin","Tahmini okuma s\u00fcresi":"6 dakika"},"schema":{"@context":"https:\/\/schema.org","@graph":[{"@type":"Article","@id":"https:\/\/kibrisdakik.com\/?p=71583#article","isPartOf":{"@id":"https:\/\/kibrisdakik.com\/?p=71583"},"author":{"name":"admin","@id":"https:\/\/kibrisdakik.com\/#\/schema\/person\/9cd9d437bbb44f72b73ba127e06d8e79"},"headline":"Altun: \u201cK\u0131br\u0131s\u2019ta 60 y\u0131l s\u00fcren sonu\u00e7suz m\u00fczakerelerin ard\u0131ndan T\u00fcrkler federasyon modelinden r\u0131zalar\u0131n\u0131 \u00e7ekti\u201d","datePublished":"2024-12-15T13:25:16+00:00","mainEntityOfPage":{"@id":"https:\/\/kibrisdakik.com\/?p=71583"},"wordCount":1239,"commentCount":0,"image":{"@id":"https:\/\/kibrisdakik.com\/?p=71583#primaryimage"},"thumbnailUrl":"https:\/\/kibrisdakik.com\/wp-content\/uploads\/2024\/10\/fahrettin-altundan-dunyay-853_2-41.webp-740x420.webp","articleSection":["T\u00fcrkiye"],"inLanguage":"tr","potentialAction":[{"@type":"CommentAction","name":"Comment","target":["https:\/\/kibrisdakik.com\/?p=71583#respond"]}]},{"@type":"WebPage","@id":"https:\/\/kibrisdakik.com\/?p=71583","url":"https:\/\/kibrisdakik.com\/?p=71583","name":"Altun: \u201cK\u0131br\u0131s\u2019ta 60 y\u0131l s\u00fcren sonu\u00e7suz m\u00fczakerelerin ard\u0131ndan T\u00fcrkler federasyon modelinden r\u0131zalar\u0131n\u0131 \u00e7ekti\u201d -","isPartOf":{"@id":"https:\/\/kibrisdakik.com\/#website"},"primaryImageOfPage":{"@id":"https:\/\/kibrisdakik.com\/?p=71583#primaryimage"},"image":{"@id":"https:\/\/kibrisdakik.com\/?p=71583#primaryimage"},"thumbnailUrl":"https:\/\/kibrisdakik.com\/wp-content\/uploads\/2024\/10\/fahrettin-altundan-dunyay-853_2-41.webp-740x420.webp","datePublished":"2024-12-15T13:25:16+00:00","author":{"@id":"https:\/\/kibrisdakik.com\/#\/schema\/person\/9cd9d437bbb44f72b73ba127e06d8e79"},"breadcrumb":{"@id":"https:\/\/kibrisdakik.com\/?p=71583#breadcrumb"},"inLanguage":"tr","potentialAction":[{"@type":"ReadAction","target":["https:\/\/kibrisdakik.com\/?p=71583"]}]},{"@type":"ImageObject","inLanguage":"tr","@id":"https:\/\/kibrisdakik.com\/?p=71583#primaryimage","url":"https:\/\/kibrisdakik.com\/wp-content\/uploads\/2024\/10\/fahrettin-altundan-dunyay-853_2-41.webp-740x420.webp","contentUrl":"https:\/\/kibrisdakik.com\/wp-content\/uploads\/2024\/10\/fahrettin-altundan-dunyay-853_2-41.webp-740x420.webp","width":1200,"height":675},{"@type":"BreadcrumbList","@id":"https:\/\/kibrisdakik.com\/?p=71583#breadcrumb","itemListElement":[{"@type":"ListItem","position":1,"name":"Home","item":"https:\/\/kibrisdakik.com\/"},{"@type":"ListItem","position":2,"name":"Altun: \u201cK\u0131br\u0131s\u2019ta 60 y\u0131l s\u00fcren sonu\u00e7suz m\u00fczakerelerin ard\u0131ndan T\u00fcrkler federasyon modelinden r\u0131zalar\u0131n\u0131 \u00e7ekti\u201d"}]},{"@type":"WebSite","@id":"https:\/\/kibrisdakik.com\/#website","url":"https:\/\/kibrisdakik.com\/","name":"","description":"Tam vaktinde haber","potentialAction":[{"@type":"SearchAction","target":{"@type":"EntryPoint","urlTemplate":"https:\/\/kibrisdakik.com\/?s={search_term_string}"},"query-input":{"@type":"PropertyValueSpecification","valueRequired":true,"valueName":"search_term_string"}}],"inLanguage":"tr"},{"@type":"Person","@id":"https:\/\/kibrisdakik.com\/#\/schema\/person\/9cd9d437bbb44f72b73ba127e06d8e79","name":"admin","image":{"@type":"ImageObject","inLanguage":"tr","@id":"https:\/\/secure.gravatar.com\/avatar\/ccc17943b9d660506c869530f897617f7cb1c21a4bf30023f252596d83e1f007?s=96&d=mm&r=g","url":"https:\/\/secure.gravatar.com\/avatar\/ccc17943b9d660506c869530f897617f7cb1c21a4bf30023f252596d83e1f007?s=96&d=mm&r=g","contentUrl":"https:\/\/secure.gravatar.com\/avatar\/ccc17943b9d660506c869530f897617f7cb1c21a4bf30023f252596d83e1f007?s=96&d=mm&r=g","caption":"admin"},"sameAs":["https:\/\/kibrisdakik.com"],"url":"https:\/\/kibrisdakik.com\/?author=1"}]}},"_links":{"self":[{"href":"https:\/\/kibrisdakik.com\/index.php?rest_route=\/wp\/v2\/posts\/71583","targetHints":{"allow":["GET"]}}],"collection":[{"href":"https:\/\/kibrisdakik.com\/index.php?rest_route=\/wp\/v2\/posts"}],"about":[{"href":"https:\/\/kibrisdakik.com\/index.php?rest_route=\/wp\/v2\/types\/post"}],"author":[{"embeddable":true,"href":"https:\/\/kibrisdakik.com\/index.php?rest_route=\/wp\/v2\/users\/1"}],"replies":[{"embeddable":true,"href":"https:\/\/kibrisdakik.com\/index.php?rest_route=%2Fwp%2Fv2%2Fcomments&post=71583"}],"version-history":[{"count":0,"href":"https:\/\/kibrisdakik.com\/index.php?rest_route=\/wp\/v2\/posts\/71583\/revisions"}],"wp:featuredmedia":[{"embeddable":true,"href":"https:\/\/kibrisdakik.com\/index.php?rest_route=\/wp\/v2\/media\/66211"}],"wp:attachment":[{"href":"https:\/\/kibrisdakik.com\/index.php?rest_route=%2Fwp%2Fv2%2Fmedia&parent=71583"}],"wp:term":[{"taxonomy":"category","embeddable":true,"href":"https:\/\/kibrisdakik.com\/index.php?rest_route=%2Fwp%2Fv2%2Fcategories&post=71583"},{"taxonomy":"post_tag","embeddable":true,"href":"https:\/\/kibrisdakik.com\/index.php?rest_route=%2Fwp%2Fv2%2Ftags&post=71583"}],"curies":[{"name":"wp","href":"https:\/\/api.w.org\/{rel}","templated":true}]}}