{"id":71602,"date":"2024-12-15T10:08:34","date_gmt":"2024-12-15T07:08:34","guid":{"rendered":"https:\/\/kibrisdakik.com\/index.php\/2024\/12\/15\/gazzedeki-hukumet-israilin-deyr-el-belah-belediye-baskanini-oldurmesi-savas-sucudur\/"},"modified":"2024-12-15T10:08:34","modified_gmt":"2024-12-15T07:08:34","slug":"gazzedeki-hukumet-israilin-deyr-el-belah-belediye-baskanini-oldurmesi-savas-sucudur","status":"publish","type":"post","link":"https:\/\/kibrisdakik.com\/?p=71602","title":{"rendered":"Gazze\u2019deki h\u00fck\u00fcmet: \u0130srail\u2019in Deyr el-Belah Belediye Ba\u015fkan\u0131n\u0131 \u00f6ld\u00fcrmesi sava\u015f su\u00e7udur"},"content":{"rendered":"<p><\/p>\n<div>\n<div class=\"mariselle-image-container center\">\n                <img loading=\"lazy\" decoding=\"async\" width=\"800\" height=\"450\" class=\"lazy-image\" alt=\"\" sizes=\"auto, (max-width: 800px) 100vw, 800px\" src=\"https:\/\/brtk.net\/wp-content\/uploads\/2024\/12\/15\/gazze-2309146_1.jpg?ver=492d995264a4cc87b6b2cb4ec24873c8\" srcset=\"https:\/\/brtk.net\/wp-content\/uploads\/2024\/12\/15\/gazze-2309146_1.jpg?ver=492d995264a4cc87b6b2cb4ec24873c8 800w, https:\/\/brtk.net\/wp-content\/uploads\/2024\/12\/15\/gazze-2309146_1-300x169.jpg?ver=1e347d4d31e5cb2b148e324d3111108f 300w, https:\/\/brtk.net\/wp-content\/uploads\/2024\/12\/15\/gazze-2309146_1-768x432.jpg?ver=1e347d4d31e5cb2b148e324d3111108f 768w\"\/>                            <\/div>\n<p>Gazze\u2019deki Filistin h\u00fck\u00fcmeti, i\u015fgalci \u0130srail\u2019in Gazze \u015eeridi\u2019nin orta kesimindeki Deyr el-Belah Belediyesi binas\u0131na d\u00fczenledi\u011fi hava sald\u0131r\u0131s\u0131nda Belediye Ba\u015fkan\u0131 Diyab el-Cerv\u2019u \u00f6ld\u00fcrmesini \u201csivillere kar\u015f\u0131 i\u015flenmi\u015f bir sava\u015f su\u00e7u\u201d olarak nitelendirdi.<\/p>\n<p>Gazze\u2019deki Filistin h\u00fck\u00fcmetinin medya ofisinden yap\u0131lan yaz\u0131l\u0131 a\u00e7\u0131klamada, \u201cDeyr el-Belah belediye ba\u015fkan\u0131na \u00f6ld\u00fcrerek sava\u015f su\u00e7u i\u015fleyen \u0130srail i\u015fgal ordusunu en g\u00fc\u00e7l\u00fc ifadelerle k\u0131n\u0131yoruz.\u201d ifadesine yer verildi.<\/p>\n<p>A\u00e7\u0131klamada, d\u00fcnyan\u0131n t\u00fcm belediyelerine, korkak i\u015fgalin ula\u015ft\u0131\u011f\u0131 su\u00e7 ve yozla\u015fma d\u00fczeyini g\u00f6steren bu menfur su\u00e7u k\u0131namalar\u0131 \u00e7a\u011fr\u0131s\u0131nda bulunularak, \u201cBelediye ba\u015fkan\u0131na, \u00e7al\u0131\u015fanlar\u0131na ve vatanda\u015flara y\u00f6nelik suikast, sivil \u015fahsiyetleri koruyan uluslararas\u0131 yasalar\u0131n a\u00e7\u0131k bir ihlalidir.\u201d denildi.<\/p>\n<p>A\u00e7\u0131klamada, bunun, \u0130srail\u2019in Filistin halk\u0131na kar\u015f\u0131 7 Ekim 2023\u2019ten beri i\u015fledi\u011fi kas\u0131tl\u0131 su\u00e7lar\u0131n yeni bir b\u00f6l\u00fcm\u00fcn\u00fc temsil etti\u011fi dile getirildi.<\/p>\n<p>\u0130srail\u2019in bug\u00fcn Deyr el-Belah Belediyesi binas\u0131na d\u00fczenledi\u011fi hava sald\u0131r\u0131s\u0131nda Belediye Ba\u015fkan\u0131 Diyab el-Cerv\u2019un yan\u0131 s\u0131ra 10 Filistinli hayat\u0131n\u0131 kaybetmi\u015fti.<\/p>\n<p>Belediye Ba\u015fkan\u0131 Cerv, \u0130srail\u2019in 7 Ekim 2023\u2019ten bu yana Gazze \u015eeridi\u2019nde \u00f6ld\u00fcrd\u00fc\u011f\u00fc 4\u2019\u00fcnc\u00fc belediye ba\u015fkan\u0131 olmu\u015ftu.<\/p>\n<p>\u0130srail daha \u00f6nce de Nusayrat Belediye Ba\u015fkan\u0131 \u0130yad el-Megari, El-Magazi Belediye Ba\u015fkan\u0131 Hatim el-Gamri ve Ez-Zehra Belediye Ba\u015fkan\u0131 Mervan Hamed\u2019i \u00f6ld\u00fcrm\u00fc\u015ft\u00fc.<\/p>\n<p>Katil \u2060\u0130srail\u2019in Gazze\u2019yi i\u015fgalinde 7 Ekim sonras\u0131<br \/>Hamas\u2019\u0131n silahl\u0131 kanad\u0131 \u0130zzeddin el-Kassam Tugaylar\u0131, \u201cFilistinlilere ve ba\u015fta Mescid-i Aksa olmak \u00fczere kutsal de\u011ferlere y\u00f6nelik s\u00fcrekli ihlallere kar\u015f\u0131l\u0131k verme\u201d gerek\u00e7esiyle \u0130srail\u2019e 7 Ekim 2023\u2019te kapsaml\u0131 sald\u0131r\u0131 d\u00fczenledi.<\/p>\n<p>\u0130\u015fgalci \u0130srail, 7 Ekim\u2019deki sald\u0131r\u0131larda 1200 \u0130sraillinin \u00f6ld\u00fc\u011f\u00fcn\u00fc, 5 bin 132 ki\u015finin de yaraland\u0131\u011f\u0131n\u0131 a\u00e7\u0131klad\u0131.<\/p>\n<p>Soyk\u0131r\u0131mc\u0131 \u0130srail\u2019in 7 Ekim\u2019den bu yana Gazze \u015eeridi\u2019ne d\u00fczenledi\u011fi sald\u0131r\u0131larda yakla\u015f\u0131k 17 bin 492\u2019si \u00e7ocuk, 11 bin 979\u2019u kad\u0131n olmak \u00fczere 44 bin 930 Filistinli \u00f6ld\u00fc, 106 bin 624 ki\u015fi yaraland\u0131.<\/p>\n<p>Enkaz alt\u0131nda halen binlerce \u00f6l\u00fc oldu\u011fu bildirilirken, halk\u0131n s\u0131\u011f\u0131nd\u0131\u011f\u0131 hastane ve e\u011fitim kurumlar\u0131 hedef al\u0131narak sivil altyap\u0131 da tahrip ediliyor.<\/p>\n<p>\u0130srail ordusu, Gazze \u015eeridi\u2019ne sald\u0131r\u0131lar\u0131n\u0131n ba\u015flad\u0131\u011f\u0131 7 Ekim\u2019den bu yana 380\u2019i karadan i\u015fgal s\u00fcrecinde olmak \u00fczere 808 askerinin \u00f6ld\u00fc\u011f\u00fcn\u00fc duyurdu.<\/p>\n<p>\u00c7at\u0131\u015fmalara 24 Kas\u0131m 2023\u2019te 4 g\u00fcnl\u00fc\u011f\u00fcne verilen ve daha sonra 3 g\u00fcn daha uzat\u0131lan \u201cinsani ara\u201dda 81 \u0130srailli ve 240 Filistinli esir kar\u015f\u0131l\u0131kl\u0131 serbest b\u0131rak\u0131ld\u0131. \u00d6te yandan \u0130srail, binlerce Filistinliyi al\u0131koyup hapsetmeye devam etti.<\/p>\n<p>\u0130\u015fgal alt\u0131ndaki Bat\u0131 \u015eeria ve Do\u011fu Kud\u00fcs\u2019te de 7 Ekim 2023\u2019ten bu yana \u0130srail askerleri ile Filistin topraklar\u0131n\u0131 gasbeden \u0130sraillilerin sald\u0131r\u0131lar\u0131nda 167\u2019si \u00e7ocuk 811 Filistinli hayat\u0131n\u0131 kaybetti.<\/p>\n<\/p><\/div>\n<p><script async\n                    defer\n                    crossorigin=\"anonymous\"\n                    src=\"https:\/\/connect.facebook.net\/tr_TR\/sdk.js#xfbml=1&#038;version=v3.3\"\n            ><\/script><\/p>\n","protected":false},"excerpt":{"rendered":"<p>Gazze\u2019deki Filistin h\u00fck\u00fcmeti, i\u015fgalci \u0130srail\u2019in Gazze \u015eeridi\u2019nin orta kesimindeki Deyr el-Belah Belediyesi binas\u0131na d\u00fczenledi\u011fi hava sald\u0131r\u0131s\u0131nda Belediye Ba\u015fkan\u0131 Diyab el-Cerv\u2019u \u00f6ld\u00fcrmesini \u201csivillere kar\u015f\u0131 i\u015flenmi\u015f bir sava\u015f su\u00e7u\u201d olarak nitelendirdi. Gazze\u2019deki Filistin h\u00fck\u00fcmetinin medya ofisinden yap\u0131lan yaz\u0131l\u0131 a\u00e7\u0131klamada, \u201cDeyr el-Belah belediye ba\u015fkan\u0131na \u00f6ld\u00fcrerek sava\u015f su\u00e7u i\u015fleyen \u0130srail i\u015fgal ordusunu en g\u00fc\u00e7l\u00fc ifadelerle k\u0131n\u0131yoruz.\u201d ifadesine yer verildi.<\/p>\n","protected":false},"author":1,"featured_media":71603,"comment_status":"open","ping_status":"open","sticky":false,"template":"","format":"standard","meta":{"footnotes":""},"categories":[1],"tags":[],"class_list":["post-71602","post","type-post","status-publish","format-standard","has-post-thumbnail","hentry","category-gundem"],"yoast_head":"<!-- This site is optimized with the Yoast SEO plugin v28.3 - https:\/\/yoast.com\/product\/yoast-seo-wordpress\/ -->\n<title>Gazze\u2019deki h\u00fck\u00fcmet: \u0130srail\u2019in Deyr el-Belah Belediye Ba\u015fkan\u0131n\u0131 \u00f6ld\u00fcrmesi sava\u015f su\u00e7udur -<\/title>\n<meta name=\"robots\" content=\"index, follow, max-snippet:-1, max-image-preview:large, max-video-preview:-1\" \/>\n<link rel=\"canonical\" href=\"https:\/\/kibrisdakik.com\/?p=71602\" \/>\n<meta property=\"og:locale\" content=\"tr_TR\" \/>\n<meta property=\"og:type\" content=\"article\" \/>\n<meta property=\"og:title\" content=\"Gazze\u2019deki h\u00fck\u00fcmet: \u0130srail\u2019in Deyr el-Belah Belediye Ba\u015fkan\u0131n\u0131 \u00f6ld\u00fcrmesi sava\u015f su\u00e7udur -\" \/>\n<meta property=\"og:description\" content=\"Gazze\u2019deki Filistin h\u00fck\u00fcmeti, i\u015fgalci \u0130srail\u2019in Gazze \u015eeridi\u2019nin orta kesimindeki Deyr el-Belah Belediyesi binas\u0131na d\u00fczenledi\u011fi hava sald\u0131r\u0131s\u0131nda Belediye Ba\u015fkan\u0131 Diyab el-Cerv\u2019u \u00f6ld\u00fcrmesini \u201csivillere kar\u015f\u0131 i\u015flenmi\u015f bir sava\u015f su\u00e7u\u201d olarak nitelendirdi. Gazze\u2019deki Filistin h\u00fck\u00fcmetinin medya ofisinden yap\u0131lan yaz\u0131l\u0131 a\u00e7\u0131klamada, \u201cDeyr el-Belah belediye ba\u015fkan\u0131na \u00f6ld\u00fcrerek sava\u015f su\u00e7u i\u015fleyen \u0130srail i\u015fgal ordusunu en g\u00fc\u00e7l\u00fc ifadelerle k\u0131n\u0131yoruz.\u201d ifadesine yer verildi.\" \/>\n<meta property=\"og:url\" content=\"https:\/\/kibrisdakik.com\/?p=71602\" \/>\n<meta property=\"article:published_time\" content=\"2024-12-15T07:08:34+00:00\" \/>\n<meta property=\"og:image\" content=\"https:\/\/kibrisdakik.com\/wp-content\/uploads\/2024\/12\/gazze-2309146_1-740x420.jpg\" \/>\n\t<meta property=\"og:image:width\" content=\"800\" \/>\n\t<meta property=\"og:image:height\" content=\"450\" \/>\n\t<meta property=\"og:image:type\" content=\"image\/jpeg\" \/>\n<meta name=\"author\" content=\"admin\" \/>\n<meta name=\"twitter:card\" content=\"summary_large_image\" \/>\n<meta name=\"twitter:label1\" content=\"Yazan:\" \/>\n\t<meta name=\"twitter:data1\" content=\"admin\" \/>\n\t<meta name=\"twitter:label2\" content=\"Tahmini okuma s\u00fcresi\" \/>\n\t<meta name=\"twitter:data2\" content=\"2 dakika\" \/>\n<script type=\"application\/ld+json\" class=\"yoast-schema-graph\">{\"@context\":\"https:\\\/\\\/schema.org\",\"@graph\":[{\"@type\":\"Article\",\"@id\":\"https:\\\/\\\/kibrisdakik.com\\\/?p=71602#article\",\"isPartOf\":{\"@id\":\"https:\\\/\\\/kibrisdakik.com\\\/?p=71602\"},\"author\":{\"name\":\"admin\",\"@id\":\"https:\\\/\\\/kibrisdakik.com\\\/#\\\/schema\\\/person\\\/9cd9d437bbb44f72b73ba127e06d8e79\"},\"headline\":\"Gazze\u2019deki h\u00fck\u00fcmet: \u0130srail\u2019in Deyr el-Belah Belediye Ba\u015fkan\u0131n\u0131 \u00f6ld\u00fcrmesi sava\u015f su\u00e7udur\",\"datePublished\":\"2024-12-15T07:08:34+00:00\",\"mainEntityOfPage\":{\"@id\":\"https:\\\/\\\/kibrisdakik.com\\\/?p=71602\"},\"wordCount\":501,\"commentCount\":0,\"publisher\":{\"@id\":\"https:\\\/\\\/kibrisdakik.com\\\/#organization\"},\"image\":{\"@id\":\"https:\\\/\\\/kibrisdakik.com\\\/?p=71602#primaryimage\"},\"thumbnailUrl\":\"https:\\\/\\\/kibrisdakik.com\\\/wp-content\\\/uploads\\\/2024\\\/12\\\/gazze-2309146_1-740x420.jpg\",\"articleSection\":[\"G\u00fcndem\"],\"inLanguage\":\"tr\",\"potentialAction\":[{\"@type\":\"CommentAction\",\"name\":\"Comment\",\"target\":[\"https:\\\/\\\/kibrisdakik.com\\\/?p=71602#respond\"]}]},{\"@type\":\"WebPage\",\"@id\":\"https:\\\/\\\/kibrisdakik.com\\\/?p=71602\",\"url\":\"https:\\\/\\\/kibrisdakik.com\\\/?p=71602\",\"name\":\"Gazze\u2019deki h\u00fck\u00fcmet: \u0130srail\u2019in Deyr el-Belah Belediye Ba\u015fkan\u0131n\u0131 \u00f6ld\u00fcrmesi sava\u015f su\u00e7udur -\",\"isPartOf\":{\"@id\":\"https:\\\/\\\/kibrisdakik.com\\\/#website\"},\"primaryImageOfPage\":{\"@id\":\"https:\\\/\\\/kibrisdakik.com\\\/?p=71602#primaryimage\"},\"image\":{\"@id\":\"https:\\\/\\\/kibrisdakik.com\\\/?p=71602#primaryimage\"},\"thumbnailUrl\":\"https:\\\/\\\/kibrisdakik.com\\\/wp-content\\\/uploads\\\/2024\\\/12\\\/gazze-2309146_1-740x420.jpg\",\"datePublished\":\"2024-12-15T07:08:34+00:00\",\"breadcrumb\":{\"@id\":\"https:\\\/\\\/kibrisdakik.com\\\/?p=71602#breadcrumb\"},\"inLanguage\":\"tr\",\"potentialAction\":[{\"@type\":\"ReadAction\",\"target\":[\"https:\\\/\\\/kibrisdakik.com\\\/?p=71602\"]}]},{\"@type\":\"ImageObject\",\"inLanguage\":\"tr\",\"@id\":\"https:\\\/\\\/kibrisdakik.com\\\/?p=71602#primaryimage\",\"url\":\"https:\\\/\\\/kibrisdakik.com\\\/wp-content\\\/uploads\\\/2024\\\/12\\\/gazze-2309146_1-740x420.jpg\",\"contentUrl\":\"https:\\\/\\\/kibrisdakik.com\\\/wp-content\\\/uploads\\\/2024\\\/12\\\/gazze-2309146_1-740x420.jpg\",\"width\":800,\"height\":450},{\"@type\":\"BreadcrumbList\",\"@id\":\"https:\\\/\\\/kibrisdakik.com\\\/?p=71602#breadcrumb\",\"itemListElement\":[{\"@type\":\"ListItem\",\"position\":1,\"name\":\"Home\",\"item\":\"https:\\\/\\\/kibrisdakik.com\\\/\"},{\"@type\":\"ListItem\",\"position\":2,\"name\":\"Gazze\u2019deki h\u00fck\u00fcmet: \u0130srail\u2019in Deyr el-Belah Belediye Ba\u015fkan\u0131n\u0131 \u00f6ld\u00fcrmesi sava\u015f su\u00e7udur\"}]},{\"@type\":\"WebSite\",\"@id\":\"https:\\\/\\\/kibrisdakik.com\\\/#website\",\"url\":\"https:\\\/\\\/kibrisdakik.com\\\/\",\"name\":\"K\u0131br\u0131s Dakik\",\"description\":\"Tam vaktinde haber\",\"publisher\":{\"@id\":\"https:\\\/\\\/kibrisdakik.com\\\/#organization\"},\"potentialAction\":[{\"@type\":\"SearchAction\",\"target\":{\"@type\":\"EntryPoint\",\"urlTemplate\":\"https:\\\/\\\/kibrisdakik.com\\\/?s={search_term_string}\"},\"query-input\":{\"@type\":\"PropertyValueSpecification\",\"valueRequired\":true,\"valueName\":\"search_term_string\"}}],\"inLanguage\":\"tr\"},{\"@type\":\"Organization\",\"@id\":\"https:\\\/\\\/kibrisdakik.com\\\/#organization\",\"name\":\"K\u0131br\u0131s Dakik\",\"url\":\"https:\\\/\\\/kibrisdakik.com\\\/\",\"logo\":{\"@type\":\"ImageObject\",\"inLanguage\":\"tr\",\"@id\":\"https:\\\/\\\/kibrisdakik.com\\\/#\\\/schema\\\/logo\\\/image\\\/\",\"url\":\"https:\\\/\\\/kibrisdakik.com\\\/wp-content\\\/uploads\\\/2025\\\/10\\\/cropped-WhatsApp-Image-2025-10-02-at-12.58.31.jpeg\",\"contentUrl\":\"https:\\\/\\\/kibrisdakik.com\\\/wp-content\\\/uploads\\\/2025\\\/10\\\/cropped-WhatsApp-Image-2025-10-02-at-12.58.31.jpeg\",\"width\":1237,\"height\":190,\"caption\":\"K\u0131br\u0131s Dakik\"},\"image\":{\"@id\":\"https:\\\/\\\/kibrisdakik.com\\\/#\\\/schema\\\/logo\\\/image\\\/\"}},{\"@type\":\"Person\",\"@id\":\"https:\\\/\\\/kibrisdakik.com\\\/#\\\/schema\\\/person\\\/9cd9d437bbb44f72b73ba127e06d8e79\",\"name\":\"admin\",\"image\":{\"@type\":\"ImageObject\",\"inLanguage\":\"tr\",\"@id\":\"https:\\\/\\\/secure.gravatar.com\\\/avatar\\\/ccc17943b9d660506c869530f897617f7cb1c21a4bf30023f252596d83e1f007?s=96&d=mm&r=g\",\"url\":\"https:\\\/\\\/secure.gravatar.com\\\/avatar\\\/ccc17943b9d660506c869530f897617f7cb1c21a4bf30023f252596d83e1f007?s=96&d=mm&r=g\",\"contentUrl\":\"https:\\\/\\\/secure.gravatar.com\\\/avatar\\\/ccc17943b9d660506c869530f897617f7cb1c21a4bf30023f252596d83e1f007?s=96&d=mm&r=g\",\"caption\":\"admin\"},\"sameAs\":[\"https:\\\/\\\/kibrisdakik.com\"],\"url\":\"https:\\\/\\\/kibrisdakik.com\\\/?author=1\"}]}<\/script>\n<!-- \/ Yoast SEO plugin. -->","yoast_head_json":{"title":"Gazze\u2019deki h\u00fck\u00fcmet: \u0130srail\u2019in Deyr el-Belah Belediye Ba\u015fkan\u0131n\u0131 \u00f6ld\u00fcrmesi sava\u015f su\u00e7udur -","robots":{"index":"index","follow":"follow","max-snippet":"max-snippet:-1","max-image-preview":"max-image-preview:large","max-video-preview":"max-video-preview:-1"},"canonical":"https:\/\/kibrisdakik.com\/?p=71602","og_locale":"tr_TR","og_type":"article","og_title":"Gazze\u2019deki h\u00fck\u00fcmet: \u0130srail\u2019in Deyr el-Belah Belediye Ba\u015fkan\u0131n\u0131 \u00f6ld\u00fcrmesi sava\u015f su\u00e7udur -","og_description":"Gazze\u2019deki Filistin h\u00fck\u00fcmeti, i\u015fgalci \u0130srail\u2019in Gazze \u015eeridi\u2019nin orta kesimindeki Deyr el-Belah Belediyesi binas\u0131na d\u00fczenledi\u011fi hava sald\u0131r\u0131s\u0131nda Belediye Ba\u015fkan\u0131 Diyab el-Cerv\u2019u \u00f6ld\u00fcrmesini \u201csivillere kar\u015f\u0131 i\u015flenmi\u015f bir sava\u015f su\u00e7u\u201d olarak nitelendirdi. Gazze\u2019deki Filistin h\u00fck\u00fcmetinin medya ofisinden yap\u0131lan yaz\u0131l\u0131 a\u00e7\u0131klamada, \u201cDeyr el-Belah belediye ba\u015fkan\u0131na \u00f6ld\u00fcrerek sava\u015f su\u00e7u i\u015fleyen \u0130srail i\u015fgal ordusunu en g\u00fc\u00e7l\u00fc ifadelerle k\u0131n\u0131yoruz.\u201d ifadesine yer verildi.","og_url":"https:\/\/kibrisdakik.com\/?p=71602","article_published_time":"2024-12-15T07:08:34+00:00","og_image":[{"width":800,"height":450,"url":"https:\/\/kibrisdakik.com\/wp-content\/uploads\/2024\/12\/gazze-2309146_1-740x420.jpg","type":"image\/jpeg"}],"author":"admin","twitter_card":"summary_large_image","twitter_misc":{"Yazan:":"admin","Tahmini okuma s\u00fcresi":"2 dakika"},"schema":{"@context":"https:\/\/schema.org","@graph":[{"@type":"Article","@id":"https:\/\/kibrisdakik.com\/?p=71602#article","isPartOf":{"@id":"https:\/\/kibrisdakik.com\/?p=71602"},"author":{"name":"admin","@id":"https:\/\/kibrisdakik.com\/#\/schema\/person\/9cd9d437bbb44f72b73ba127e06d8e79"},"headline":"Gazze\u2019deki h\u00fck\u00fcmet: \u0130srail\u2019in Deyr el-Belah Belediye Ba\u015fkan\u0131n\u0131 \u00f6ld\u00fcrmesi sava\u015f su\u00e7udur","datePublished":"2024-12-15T07:08:34+00:00","mainEntityOfPage":{"@id":"https:\/\/kibrisdakik.com\/?p=71602"},"wordCount":501,"commentCount":0,"publisher":{"@id":"https:\/\/kibrisdakik.com\/#organization"},"image":{"@id":"https:\/\/kibrisdakik.com\/?p=71602#primaryimage"},"thumbnailUrl":"https:\/\/kibrisdakik.com\/wp-content\/uploads\/2024\/12\/gazze-2309146_1-740x420.jpg","articleSection":["G\u00fcndem"],"inLanguage":"tr","potentialAction":[{"@type":"CommentAction","name":"Comment","target":["https:\/\/kibrisdakik.com\/?p=71602#respond"]}]},{"@type":"WebPage","@id":"https:\/\/kibrisdakik.com\/?p=71602","url":"https:\/\/kibrisdakik.com\/?p=71602","name":"Gazze\u2019deki h\u00fck\u00fcmet: \u0130srail\u2019in Deyr el-Belah Belediye Ba\u015fkan\u0131n\u0131 \u00f6ld\u00fcrmesi sava\u015f su\u00e7udur -","isPartOf":{"@id":"https:\/\/kibrisdakik.com\/#website"},"primaryImageOfPage":{"@id":"https:\/\/kibrisdakik.com\/?p=71602#primaryimage"},"image":{"@id":"https:\/\/kibrisdakik.com\/?p=71602#primaryimage"},"thumbnailUrl":"https:\/\/kibrisdakik.com\/wp-content\/uploads\/2024\/12\/gazze-2309146_1-740x420.jpg","datePublished":"2024-12-15T07:08:34+00:00","breadcrumb":{"@id":"https:\/\/kibrisdakik.com\/?p=71602#breadcrumb"},"inLanguage":"tr","potentialAction":[{"@type":"ReadAction","target":["https:\/\/kibrisdakik.com\/?p=71602"]}]},{"@type":"ImageObject","inLanguage":"tr","@id":"https:\/\/kibrisdakik.com\/?p=71602#primaryimage","url":"https:\/\/kibrisdakik.com\/wp-content\/uploads\/2024\/12\/gazze-2309146_1-740x420.jpg","contentUrl":"https:\/\/kibrisdakik.com\/wp-content\/uploads\/2024\/12\/gazze-2309146_1-740x420.jpg","width":800,"height":450},{"@type":"BreadcrumbList","@id":"https:\/\/kibrisdakik.com\/?p=71602#breadcrumb","itemListElement":[{"@type":"ListItem","position":1,"name":"Home","item":"https:\/\/kibrisdakik.com\/"},{"@type":"ListItem","position":2,"name":"Gazze\u2019deki h\u00fck\u00fcmet: \u0130srail\u2019in Deyr el-Belah Belediye Ba\u015fkan\u0131n\u0131 \u00f6ld\u00fcrmesi sava\u015f su\u00e7udur"}]},{"@type":"WebSite","@id":"https:\/\/kibrisdakik.com\/#website","url":"https:\/\/kibrisdakik.com\/","name":"K\u0131br\u0131s Dakik","description":"Tam vaktinde haber","publisher":{"@id":"https:\/\/kibrisdakik.com\/#organization"},"potentialAction":[{"@type":"SearchAction","target":{"@type":"EntryPoint","urlTemplate":"https:\/\/kibrisdakik.com\/?s={search_term_string}"},"query-input":{"@type":"PropertyValueSpecification","valueRequired":true,"valueName":"search_term_string"}}],"inLanguage":"tr"},{"@type":"Organization","@id":"https:\/\/kibrisdakik.com\/#organization","name":"K\u0131br\u0131s Dakik","url":"https:\/\/kibrisdakik.com\/","logo":{"@type":"ImageObject","inLanguage":"tr","@id":"https:\/\/kibrisdakik.com\/#\/schema\/logo\/image\/","url":"https:\/\/kibrisdakik.com\/wp-content\/uploads\/2025\/10\/cropped-WhatsApp-Image-2025-10-02-at-12.58.31.jpeg","contentUrl":"https:\/\/kibrisdakik.com\/wp-content\/uploads\/2025\/10\/cropped-WhatsApp-Image-2025-10-02-at-12.58.31.jpeg","width":1237,"height":190,"caption":"K\u0131br\u0131s Dakik"},"image":{"@id":"https:\/\/kibrisdakik.com\/#\/schema\/logo\/image\/"}},{"@type":"Person","@id":"https:\/\/kibrisdakik.com\/#\/schema\/person\/9cd9d437bbb44f72b73ba127e06d8e79","name":"admin","image":{"@type":"ImageObject","inLanguage":"tr","@id":"https:\/\/secure.gravatar.com\/avatar\/ccc17943b9d660506c869530f897617f7cb1c21a4bf30023f252596d83e1f007?s=96&d=mm&r=g","url":"https:\/\/secure.gravatar.com\/avatar\/ccc17943b9d660506c869530f897617f7cb1c21a4bf30023f252596d83e1f007?s=96&d=mm&r=g","contentUrl":"https:\/\/secure.gravatar.com\/avatar\/ccc17943b9d660506c869530f897617f7cb1c21a4bf30023f252596d83e1f007?s=96&d=mm&r=g","caption":"admin"},"sameAs":["https:\/\/kibrisdakik.com"],"url":"https:\/\/kibrisdakik.com\/?author=1"}]}},"_links":{"self":[{"href":"https:\/\/kibrisdakik.com\/index.php?rest_route=\/wp\/v2\/posts\/71602","targetHints":{"allow":["GET"]}}],"collection":[{"href":"https:\/\/kibrisdakik.com\/index.php?rest_route=\/wp\/v2\/posts"}],"about":[{"href":"https:\/\/kibrisdakik.com\/index.php?rest_route=\/wp\/v2\/types\/post"}],"author":[{"embeddable":true,"href":"https:\/\/kibrisdakik.com\/index.php?rest_route=\/wp\/v2\/users\/1"}],"replies":[{"embeddable":true,"href":"https:\/\/kibrisdakik.com\/index.php?rest_route=%2Fwp%2Fv2%2Fcomments&post=71602"}],"version-history":[{"count":0,"href":"https:\/\/kibrisdakik.com\/index.php?rest_route=\/wp\/v2\/posts\/71602\/revisions"}],"wp:featuredmedia":[{"embeddable":true,"href":"https:\/\/kibrisdakik.com\/index.php?rest_route=\/wp\/v2\/media\/71603"}],"wp:attachment":[{"href":"https:\/\/kibrisdakik.com\/index.php?rest_route=%2Fwp%2Fv2%2Fmedia&parent=71602"}],"wp:term":[{"taxonomy":"category","embeddable":true,"href":"https:\/\/kibrisdakik.com\/index.php?rest_route=%2Fwp%2Fv2%2Fcategories&post=71602"},{"taxonomy":"post_tag","embeddable":true,"href":"https:\/\/kibrisdakik.com\/index.php?rest_route=%2Fwp%2Fv2%2Ftags&post=71602"}],"curies":[{"name":"wp","href":"https:\/\/api.w.org\/{rel}","templated":true}]}}