{"id":71627,"date":"2024-12-16T15:20:04","date_gmt":"2024-12-16T12:20:04","guid":{"rendered":"https:\/\/kibrisdakik.com\/index.php\/2024\/12\/16\/meclis-genel-kurulunda-tasinmaz-mal-edinme-yabancilar-yasa-gucunde-kararname-tartisildi\/"},"modified":"2024-12-16T15:20:04","modified_gmt":"2024-12-16T12:20:04","slug":"meclis-genel-kurulunda-tasinmaz-mal-edinme-yabancilar-yasa-gucunde-kararname-tartisildi","status":"publish","type":"post","link":"https:\/\/kibrisdakik.com\/?p=71627","title":{"rendered":"Meclis Genel Kurulu\u2019nda \u201cTa\u015f\u0131nmaz Mal Edinme (Yabanc\u0131lar) Yasa G\u00fcc\u00fcnde Kararname\u201d tart\u0131\u015f\u0131ld\u0131"},"content":{"rendered":"<div>\n<div class=\"mariselle-image-container center\">\n                                            <\/div>\n<p>Cumhuriyet Meclisi Genel Kurulu\u2019nda \u201cTa\u015f\u0131nmaz Mal Edinme ve Uzun Vadeli Kiralama (Yabanc\u0131lar) (De\u011fi\u015fiklik) Yasas\u0131n\u0131n Ge\u00e7ici 1\u2019inci Maddesinin (4)\u2019\u00fcnc\u00fc F\u0131kras\u0131nda Belirtilen 60 (Altm\u0131\u015f) \u0130\u015f G\u00fcn\u00fc S\u00fcrenin Uzat\u0131lmas\u0131 Hakk\u0131nda Yasa G\u00fcc\u00fcnde Kararname\u201d tart\u0131\u015f\u0131ld\u0131.<\/p>\n<p>B\u00fct\u00e7e g\u00f6r\u00fc\u015fmelerinin ikinci haftas\u0131n\u0131n ilk g\u00fcn\u00fc olan bug\u00fcn, Meclis Ba\u015fkan\u0131 Ziya \u00d6zt\u00fcrkler ba\u015fkanl\u0131\u011f\u0131ndaki toplant\u0131da ilk olarak bug\u00fcnk\u00fc g\u00fcndemde bulunan A\u00d6A, LA\u00dc ve DA\u00dc\u2019n\u00fcn b\u00fct\u00e7elerinin \u00fc\u00e7\u00fcnc\u00fc g\u00f6r\u00fc\u015fmelerinin bug\u00fcnk\u00fc birle\u015fimde yap\u0131labilmesine ili\u015fkin tezkereler onayland\u0131. <\/p>\n<p>Daha sonra Meclis \u0130\u00e7 T\u00fcz\u00fc\u011f\u00fc\u2019n\u00fcn 62\u2019nci maddesi taht\u0131nda s\u00f6z alan CTP Genel Ba\u015fkan\u0131 Tufan Erh\u00fcrman, Yabanc\u0131lara M\u00fclk Sat\u0131\u015f\u0131yla \u0130lgili Yasa G\u00fcc\u00fcnde Kararname hakk\u0131nda endi\u015felerini dile getirdi.<\/p>\n<p>Cumartesi ak\u015fama do\u011fru \u00e7\u0131kan kararnameden h\u00fck\u00fcmet partilerine mensup ka\u00e7 milletvekilinin haberi oldu\u011funu soran Erh\u00fcrman, h\u00fck\u00fcmete y\u00f6nelik ele\u015ftirilerde bulunarak, h\u00fck\u00fcmetin piyasada yabanc\u0131 yat\u0131r\u0131mc\u0131ya y\u00f6nelik ciddi g\u00fcvensizlik yaratt\u0131\u011f\u0131n\u0131, yabanc\u0131 yat\u0131r\u0131mc\u0131n\u0131n elindeki mallar\u0131 d\u00fc\u015f\u00fck fiyattan sat\u0131\u015fa \u00e7\u0131kard\u0131\u011f\u0131n\u0131, in\u015faat sekt\u00f6r\u00fcn\u00fc kayba u\u011fratt\u0131\u011f\u0131n\u0131 s\u00f6yledi.<\/p>\n<p>Erh\u00fcrman, yap sat sekt\u00f6r\u00fcnde yerli yat\u0131r\u0131mc\u0131y\u0131 korumak amac\u0131yla yap\u0131ld\u0131\u011f\u0131 s\u00f6ylenen yasan\u0131n, \u015fimdi de\u011fi\u015ftirilmeye \u00e7al\u0131\u015f\u0131ld\u0131\u011f\u0131n\u0131, ortakl\u0131k oranlar\u0131n\u0131n eklendi\u011fini ve in\u015faat sekt\u00f6r\u00fcn\u00fcn riske at\u0131ld\u0131\u011f\u0131n\u0131 kaydetti.<\/p>\n<p>Memleketin her alanda bitirilme noktas\u0131na getirildi\u011fini savunan Erh\u00fcrman, sorunun topra\u011f\u0131n m\u00fclkiyetin el de\u011fi\u015ftirmesiyken, \u015fimdi de bu kararname ile sermayenin de el de\u011fi\u015ftirme noktas\u0131na getirildi\u011fini belirtti.<\/p>\n<p>Erh\u00fcrman, yabanc\u0131 yap sat\u00e7\u0131ya vatanda\u015fl\u0131k verildi\u011fini ama bu y\u00fczde 49 ortakl\u0131k yap\u0131s\u0131yla yap sat\u00e7\u0131l\u0131k i\u00e7in vatanda\u015fl\u0131\u011fa gerek olmad\u0131\u011f\u0131n\u0131 ifade ederek, h\u00fck\u00fcmeti, \u00fclkeyi bitirmek i\u00e7in \u00e7al\u0131\u015fmakla su\u00e7lad\u0131.<\/p>\n<p>Cumartesi gecesi yay\u0131mlanan yasa g\u00fcc\u00fcnde kararnameye y\u00f6nelik sert ele\u015ftirilerde bulunan Erh\u00fcrman, \u201cNe yapt\u0131\u011f\u0131n\u0131z\u0131 bilmiyorsunuz, bu hamlelerle \u00fclkeyi ekonomiyi bilinmeyen bir yere savurdunuz, yurtsuzla\u015ft\u0131rd\u0131n\u0131z, anlam\u0131yorsunuz, gaile yok, nefesime yaz\u0131k, \u00e7ekin gidin art\u0131k, yetti\u201d ifadelerini kulland\u0131.<\/p>\n<p>Ba\u011f\u0131ms\u0131z Milletvekili Ay\u015feg\u00fcl Baybars da, us\u00fcl hakk\u0131nda s\u00f6z isteyerek, h\u00fck\u00fcmetin, Anayasa\u2019ya ba\u011fl\u0131 oldu\u011funu ancak Meclis \u00e7al\u0131\u015fmalar\u0131na \u00f6nem vermedi\u011fini, kendini Anayasa \u00fczerinde g\u00f6rd\u00fc\u011f\u00fcn\u00fc ve kararnameler \u00e7\u0131kard\u0131\u011f\u0131n\u0131 kaydetti, h\u00fck\u00fcmeti ele\u015ftirdi.  <\/p>\n<p>\u0130\u00e7i\u015fleri Bakan\u0131 Dursun O\u011fuz da, bu yasan\u0131n ge\u00e7ti\u011fi g\u00fcnden \u00e7ok tart\u0131\u015f\u0131ld\u0131\u011f\u0131n\u0131, i\u015f insan\u0131 Simon Aykut ve di\u011fer ki\u015filerin tutukland\u0131\u011f\u0131n\u0131, KKTC\u2019nin hedef yap\u0131ld\u0131\u011f\u0131n\u0131, sekt\u00f6rden de \u00e7ok \u015fikayet geldi\u011fini anlatt\u0131.<\/p>\n<p>O\u011fuz, in\u015faat sekt\u00f6r\u00fcnde 100 milyon strelin kay\u0131p oldu\u011funu ancak bu yasayla kay\u0131plar\u0131n sisteme girece\u011fini, TMK\u2019n\u0131n i\u015fin i\u00e7inde oldu\u011funu, devletin maliyenin alacaklar\u0131 oldu\u011funu anlatt\u0131. Bakan O\u011fuz, \u00fclke i\u00e7in b\u00fcy\u00fck ekonomik \u00f6nemi bulunan sekt\u00f6rde panik ve daralma oldu\u011funu, a\u00e7\u0131l\u0131m i\u00e7in de bu ad\u0131m\u0131 att\u0131klar\u0131n\u0131 s\u00f6yledi.<\/p>\n<p>CTP Girne Milletvekili Ongun Talat da, \u201cele\u015ftirildi\u201d diye bir bakan\u0131n k\u00fcrs\u00fcden ka\u00e7mamas\u0131 gerekti\u011fini ifade ederek, kararname ile neyin s\u00fcresinin uzat\u0131ld\u0131\u011f\u0131n\u0131 sordu.<\/p>\n<p>Talat, s\u00f6zle\u015fmelerin s\u00fcresinin uzat\u0131ld\u0131\u011f\u0131n\u0131 ancak kararname ile sekt\u00f6r\u00fcn de\u011fil, elinde bir \u00e7ok s\u00f6zle\u015fme tutan ne oldu\u011fu bilinmeyen ki\u015filerin \u00e7\u0131kar\u0131na ad\u0131m at\u0131ld\u0131\u011f\u0131n\u0131 savundu. Talat, h\u00fck\u00fcmetin yasa tan\u0131mad\u0131\u011f\u0131n\u0131 ifade ederek, Meclis\u2019in yetkisinin gasp edildi\u011fini s\u00f6yledi. Talat, neden bu yasa g\u00fcc\u00fcnde kararnamenin cumartesi g\u00fcn\u00fc yay\u0131mland\u0131\u011f\u0131n\u0131 sordu.<\/p>\n<p>O\u011fuz, yeniden s\u00f6z alarak, bu yasan\u0131n g\u00fcnlerce ele al\u0131nd\u0131\u011f\u0131n\u0131, sorunlar\u0131n de\u011ferlendirildi\u011fini ifade ederek, yasa ve Rumlar\u0131n giri\u015fimlerinden dolay\u0131 panik havas\u0131 olu\u015ftu\u011funu, eldeki dairelerin daha ucuza sat\u0131\u015fa \u00e7\u0131kmas\u0131ndan dolay\u0131 rekabet edebilir olmad\u0131\u011f\u0131 \u015fikayetlerini de\u011ferlendirdiklerini kaydetti.<\/p>\n<p>Devletin de bin daireden alaca\u011f\u0131 oldu\u011funu ancak bu say\u0131n\u0131n y\u00fckselece\u011fini ifade eden O\u011fuz, yasan\u0131n da devletin bu alacaklar\u0131n\u0131 almak ve kay\u0131t alt\u0131na almak amac\u0131yla yap\u0131ld\u0131\u011f\u0131n\u0131 s\u00f6yledi.<\/p>\n<p>Sekt\u00f6r\u00fcn yabanc\u0131lara a\u00e7\u0131lmas\u0131n\u0131n da in\u015faat sekt\u00f6r\u00fcne destek anlam\u0131nda oldu\u011funu anlatan O\u011fuz, bu ad\u0131mlar\u0131 sekt\u00f6rden ald\u0131klar\u0131 g\u00f6r\u00fc\u015flerle att\u0131klar\u0131n\u0131 kaydetti.<\/p>\n<p>Bu s\u0131rada Tufan Erh\u00fcrman da, in\u015faat sekt\u00f6r\u00fcn\u00fcn 7 ay \u00f6nce yabanc\u0131ya kar\u015f\u0131 oldu\u011funu ancak bug\u00fcn y\u00fczde 49\u2019u neden istedi\u011fini ve bu a\u00e7\u0131l\u0131m\u0131n neden yasa ile de\u011fil de Cumartesi g\u00fcn\u00fc alel acele bir kararname ile yap\u0131ld\u0131\u011f\u0131 sordu.<\/p>\n<p>O\u011fuz ise, sekt\u00f6r\u00fcn \u201cpiyasa darald\u0131, yabanc\u0131lar bask\u0131lardan \u00f6n\u00fcn\u00fc g\u00f6remiyor, \u00e7ok say\u0131da proje var, bittik art\u0131k\u201d dedi\u011fini ve acil a\u00e7\u0131l\u0131m istedi\u011fini kaydetti, s\u00fcreci anlatt\u0131.<\/p>\n<p>Tufan Erh\u00fcrman da, yeniden k\u00fcrs\u00fcden s\u00f6z alarak, h\u00fck\u00fcmetin, yasa yerine kararname \u00e7\u0131karmas\u0131n\u0131 ele\u015ftirdi, bu konuda h\u00fck\u00fcmeti \u00e7ok kez uyard\u0131klar\u0131n\u0131 kaydetti. Ancak \u00f6ng\u00f6r\u00fcs\u00fczl\u00fc\u011f\u00fcn bug\u00fcn sekt\u00f6r\u00fc bu noktaya getirdi\u011fini belirten Erh\u00fcrman, h\u00fck\u00fcmetin \u201cd\u00fcnya umrunda olmad\u0131\u011f\u0131n\u0131\u201d kaydetti.<\/p>\n<p>Erh\u00fcrman, in\u015faat sekt\u00f6r\u00fcn\u00fcn d\u00fcn y\u00fczde 1 bile yabanc\u0131 ortak istemem derken, bug\u00fcn y\u00fczde 49 ortak istedi\u011fini ifade ederek, sekt\u00f6r\u00fcn bu yasa ile 7 ayda batma noktas\u0131na getirildi\u011fini s\u00f6yledi.<\/p>\n<p>\u201cKendi satt\u0131klar\u0131m\u0131z bize rakip oldu\u201d \u015fikayetlerinin yarat\u0131lan g\u00fcvensizlik \u00fczerine ortaya \u00e7\u0131kt\u0131\u011f\u0131n\u0131 ve bu d\u00fczenlemenin bunu de\u011fi\u015ftirmeyece\u011fini belirten Erh\u00fcrman, yabanc\u0131 yat\u0131r\u0131mc\u0131ya g\u00fcvenin, uluslararas\u0131 hukuk ile verilebilece\u011fini kaydetti.<\/p>\n<p>Erh\u00fcrman, sanayi, in\u015faat ve t\u00fcm ekonomik alanlarda \u00fclkenin k\u00f6t\u00fc y\u00f6netildi\u011fini ifade ederek, Meclis\u2019in yetkisinin gasp edildi\u011fini belirtti ve \u201cBu zihniyet gitmedik\u00e7e bu halk nefes alamayacakt\u0131r\u201d dedi.<\/p>\n<\/p><\/div>\n<p><script async\n                    defer\n                    crossorigin=\"anonymous\"\n                    src=\"https:\/\/connect.facebook.net\/tr_TR\/sdk.js#xfbml=1&#038;version=v3.3\"\n            ><\/script><\/p>\n","protected":false},"excerpt":{"rendered":"<p>Cumhuriyet Meclisi Genel Kurulu\u2019nda \u201cTa\u015f\u0131nmaz Mal Edinme ve Uzun Vadeli Kiralama (Yabanc\u0131lar) (De\u011fi\u015fiklik) Yasas\u0131n\u0131n Ge\u00e7ici 1\u2019inci Maddesinin (4)\u2019\u00fcnc\u00fc F\u0131kras\u0131nda Belirtilen 60 (Altm\u0131\u015f) \u0130\u015f G\u00fcn\u00fc S\u00fcrenin Uzat\u0131lmas\u0131 Hakk\u0131nda Yasa G\u00fcc\u00fcnde Kararname\u201d tart\u0131\u015f\u0131ld\u0131. B\u00fct\u00e7e g\u00f6r\u00fc\u015fmelerinin ikinci haftas\u0131n\u0131n ilk g\u00fcn\u00fc olan bug\u00fcn, Meclis Ba\u015fkan\u0131 Ziya \u00d6zt\u00fcrkler ba\u015fkanl\u0131\u011f\u0131ndaki toplant\u0131da ilk olarak bug\u00fcnk\u00fc g\u00fcndemde bulunan A\u00d6A, LA\u00dc ve DA\u00dc\u2019n\u00fcn b\u00fct\u00e7elerinin<\/p>\n","protected":false},"author":1,"featured_media":71628,"comment_status":"open","ping_status":"open","sticky":false,"template":"","format":"standard","meta":{"footnotes":""},"categories":[81],"tags":[],"class_list":["post-71627","post","type-post","status-publish","format-standard","has-post-thumbnail","hentry","category-kibris"],"yoast_head":"<!-- This site is optimized with the Yoast SEO plugin v27.4 - https:\/\/yoast.com\/product\/yoast-seo-wordpress\/ -->\n<title>Meclis Genel Kurulu\u2019nda \u201cTa\u015f\u0131nmaz Mal Edinme (Yabanc\u0131lar) Yasa G\u00fcc\u00fcnde Kararname\u201d tart\u0131\u015f\u0131ld\u0131 -<\/title>\n<meta name=\"robots\" content=\"index, follow, max-snippet:-1, max-image-preview:large, max-video-preview:-1\" \/>\n<link rel=\"canonical\" href=\"https:\/\/kibrisdakik.com\/?p=71627\" \/>\n<meta property=\"og:locale\" content=\"tr_TR\" \/>\n<meta property=\"og:type\" content=\"article\" \/>\n<meta property=\"og:title\" content=\"Meclis Genel Kurulu\u2019nda \u201cTa\u015f\u0131nmaz Mal Edinme (Yabanc\u0131lar) Yasa G\u00fcc\u00fcnde Kararname\u201d tart\u0131\u015f\u0131ld\u0131 -\" \/>\n<meta property=\"og:description\" content=\"Cumhuriyet Meclisi Genel Kurulu\u2019nda \u201cTa\u015f\u0131nmaz Mal Edinme ve Uzun Vadeli Kiralama (Yabanc\u0131lar) (De\u011fi\u015fiklik) Yasas\u0131n\u0131n Ge\u00e7ici 1\u2019inci Maddesinin (4)\u2019\u00fcnc\u00fc F\u0131kras\u0131nda Belirtilen 60 (Altm\u0131\u015f) \u0130\u015f G\u00fcn\u00fc S\u00fcrenin Uzat\u0131lmas\u0131 Hakk\u0131nda Yasa G\u00fcc\u00fcnde Kararname\u201d tart\u0131\u015f\u0131ld\u0131. B\u00fct\u00e7e g\u00f6r\u00fc\u015fmelerinin ikinci haftas\u0131n\u0131n ilk g\u00fcn\u00fc olan bug\u00fcn, Meclis Ba\u015fkan\u0131 Ziya \u00d6zt\u00fcrkler ba\u015fkanl\u0131\u011f\u0131ndaki toplant\u0131da ilk olarak bug\u00fcnk\u00fc g\u00fcndemde bulunan A\u00d6A, LA\u00dc ve DA\u00dc\u2019n\u00fcn b\u00fct\u00e7elerinin\" \/>\n<meta property=\"og:url\" content=\"https:\/\/kibrisdakik.com\/?p=71627\" \/>\n<meta property=\"article:published_time\" content=\"2024-12-16T12:20:04+00:00\" \/>\n<meta property=\"og:image\" content=\"https:\/\/kibrisdakik.com\/wp-content\/uploads\/2024\/12\/1734347296053MECLIS-GENEL-740x420.jpg\" \/>\n\t<meta property=\"og:image:width\" content=\"1600\" \/>\n\t<meta property=\"og:image:height\" content=\"1066\" \/>\n\t<meta property=\"og:image:type\" content=\"image\/jpeg\" \/>\n<meta name=\"author\" content=\"admin\" \/>\n<meta name=\"twitter:card\" content=\"summary_large_image\" \/>\n<meta name=\"twitter:label1\" content=\"Yazan:\" \/>\n\t<meta name=\"twitter:data1\" content=\"admin\" \/>\n\t<meta name=\"twitter:label2\" content=\"Tahmini okuma s\u00fcresi\" \/>\n\t<meta name=\"twitter:data2\" content=\"5 dakika\" \/>\n<script type=\"application\/ld+json\" class=\"yoast-schema-graph\">{\"@context\":\"https:\\\/\\\/schema.org\",\"@graph\":[{\"@type\":\"Article\",\"@id\":\"https:\\\/\\\/kibrisdakik.com\\\/?p=71627#article\",\"isPartOf\":{\"@id\":\"https:\\\/\\\/kibrisdakik.com\\\/?p=71627\"},\"author\":{\"name\":\"admin\",\"@id\":\"https:\\\/\\\/kibrisdakik.com\\\/#\\\/schema\\\/person\\\/9cd9d437bbb44f72b73ba127e06d8e79\"},\"headline\":\"Meclis Genel Kurulu\u2019nda \u201cTa\u015f\u0131nmaz Mal Edinme (Yabanc\u0131lar) Yasa G\u00fcc\u00fcnde Kararname\u201d tart\u0131\u015f\u0131ld\u0131\",\"datePublished\":\"2024-12-16T12:20:04+00:00\",\"mainEntityOfPage\":{\"@id\":\"https:\\\/\\\/kibrisdakik.com\\\/?p=71627\"},\"wordCount\":1063,\"commentCount\":0,\"image\":{\"@id\":\"https:\\\/\\\/kibrisdakik.com\\\/?p=71627#primaryimage\"},\"thumbnailUrl\":\"https:\\\/\\\/kibrisdakik.com\\\/wp-content\\\/uploads\\\/2024\\\/12\\\/1734347296053MECLIS-GENEL-740x420.jpg\",\"articleSection\":[\"K\u0131br\u0131s\"],\"inLanguage\":\"tr\",\"potentialAction\":[{\"@type\":\"CommentAction\",\"name\":\"Comment\",\"target\":[\"https:\\\/\\\/kibrisdakik.com\\\/?p=71627#respond\"]}]},{\"@type\":\"WebPage\",\"@id\":\"https:\\\/\\\/kibrisdakik.com\\\/?p=71627\",\"url\":\"https:\\\/\\\/kibrisdakik.com\\\/?p=71627\",\"name\":\"Meclis Genel Kurulu\u2019nda \u201cTa\u015f\u0131nmaz Mal Edinme (Yabanc\u0131lar) Yasa G\u00fcc\u00fcnde Kararname\u201d tart\u0131\u015f\u0131ld\u0131 -\",\"isPartOf\":{\"@id\":\"https:\\\/\\\/kibrisdakik.com\\\/#website\"},\"primaryImageOfPage\":{\"@id\":\"https:\\\/\\\/kibrisdakik.com\\\/?p=71627#primaryimage\"},\"image\":{\"@id\":\"https:\\\/\\\/kibrisdakik.com\\\/?p=71627#primaryimage\"},\"thumbnailUrl\":\"https:\\\/\\\/kibrisdakik.com\\\/wp-content\\\/uploads\\\/2024\\\/12\\\/1734347296053MECLIS-GENEL-740x420.jpg\",\"datePublished\":\"2024-12-16T12:20:04+00:00\",\"author\":{\"@id\":\"https:\\\/\\\/kibrisdakik.com\\\/#\\\/schema\\\/person\\\/9cd9d437bbb44f72b73ba127e06d8e79\"},\"breadcrumb\":{\"@id\":\"https:\\\/\\\/kibrisdakik.com\\\/?p=71627#breadcrumb\"},\"inLanguage\":\"tr\",\"potentialAction\":[{\"@type\":\"ReadAction\",\"target\":[\"https:\\\/\\\/kibrisdakik.com\\\/?p=71627\"]}]},{\"@type\":\"ImageObject\",\"inLanguage\":\"tr\",\"@id\":\"https:\\\/\\\/kibrisdakik.com\\\/?p=71627#primaryimage\",\"url\":\"https:\\\/\\\/kibrisdakik.com\\\/wp-content\\\/uploads\\\/2024\\\/12\\\/1734347296053MECLIS-GENEL-740x420.jpg\",\"contentUrl\":\"https:\\\/\\\/kibrisdakik.com\\\/wp-content\\\/uploads\\\/2024\\\/12\\\/1734347296053MECLIS-GENEL-740x420.jpg\",\"width\":1600,\"height\":1066},{\"@type\":\"BreadcrumbList\",\"@id\":\"https:\\\/\\\/kibrisdakik.com\\\/?p=71627#breadcrumb\",\"itemListElement\":[{\"@type\":\"ListItem\",\"position\":1,\"name\":\"Home\",\"item\":\"https:\\\/\\\/kibrisdakik.com\\\/\"},{\"@type\":\"ListItem\",\"position\":2,\"name\":\"Meclis Genel Kurulu\u2019nda \u201cTa\u015f\u0131nmaz Mal Edinme (Yabanc\u0131lar) Yasa G\u00fcc\u00fcnde Kararname\u201d tart\u0131\u015f\u0131ld\u0131\"}]},{\"@type\":\"WebSite\",\"@id\":\"https:\\\/\\\/kibrisdakik.com\\\/#website\",\"url\":\"https:\\\/\\\/kibrisdakik.com\\\/\",\"name\":\"\",\"description\":\"Tam vaktinde haber\",\"potentialAction\":[{\"@type\":\"SearchAction\",\"target\":{\"@type\":\"EntryPoint\",\"urlTemplate\":\"https:\\\/\\\/kibrisdakik.com\\\/?s={search_term_string}\"},\"query-input\":{\"@type\":\"PropertyValueSpecification\",\"valueRequired\":true,\"valueName\":\"search_term_string\"}}],\"inLanguage\":\"tr\"},{\"@type\":\"Person\",\"@id\":\"https:\\\/\\\/kibrisdakik.com\\\/#\\\/schema\\\/person\\\/9cd9d437bbb44f72b73ba127e06d8e79\",\"name\":\"admin\",\"image\":{\"@type\":\"ImageObject\",\"inLanguage\":\"tr\",\"@id\":\"https:\\\/\\\/secure.gravatar.com\\\/avatar\\\/ccc17943b9d660506c869530f897617f7cb1c21a4bf30023f252596d83e1f007?s=96&d=mm&r=g\",\"url\":\"https:\\\/\\\/secure.gravatar.com\\\/avatar\\\/ccc17943b9d660506c869530f897617f7cb1c21a4bf30023f252596d83e1f007?s=96&d=mm&r=g\",\"contentUrl\":\"https:\\\/\\\/secure.gravatar.com\\\/avatar\\\/ccc17943b9d660506c869530f897617f7cb1c21a4bf30023f252596d83e1f007?s=96&d=mm&r=g\",\"caption\":\"admin\"},\"sameAs\":[\"https:\\\/\\\/kibrisdakik.com\"],\"url\":\"https:\\\/\\\/kibrisdakik.com\\\/?author=1\"}]}<\/script>\n<!-- \/ Yoast SEO plugin. -->","yoast_head_json":{"title":"Meclis Genel Kurulu\u2019nda \u201cTa\u015f\u0131nmaz Mal Edinme (Yabanc\u0131lar) Yasa G\u00fcc\u00fcnde Kararname\u201d tart\u0131\u015f\u0131ld\u0131 -","robots":{"index":"index","follow":"follow","max-snippet":"max-snippet:-1","max-image-preview":"max-image-preview:large","max-video-preview":"max-video-preview:-1"},"canonical":"https:\/\/kibrisdakik.com\/?p=71627","og_locale":"tr_TR","og_type":"article","og_title":"Meclis Genel Kurulu\u2019nda \u201cTa\u015f\u0131nmaz Mal Edinme (Yabanc\u0131lar) Yasa G\u00fcc\u00fcnde Kararname\u201d tart\u0131\u015f\u0131ld\u0131 -","og_description":"Cumhuriyet Meclisi Genel Kurulu\u2019nda \u201cTa\u015f\u0131nmaz Mal Edinme ve Uzun Vadeli Kiralama (Yabanc\u0131lar) (De\u011fi\u015fiklik) Yasas\u0131n\u0131n Ge\u00e7ici 1\u2019inci Maddesinin (4)\u2019\u00fcnc\u00fc F\u0131kras\u0131nda Belirtilen 60 (Altm\u0131\u015f) \u0130\u015f G\u00fcn\u00fc S\u00fcrenin Uzat\u0131lmas\u0131 Hakk\u0131nda Yasa G\u00fcc\u00fcnde Kararname\u201d tart\u0131\u015f\u0131ld\u0131. B\u00fct\u00e7e g\u00f6r\u00fc\u015fmelerinin ikinci haftas\u0131n\u0131n ilk g\u00fcn\u00fc olan bug\u00fcn, Meclis Ba\u015fkan\u0131 Ziya \u00d6zt\u00fcrkler ba\u015fkanl\u0131\u011f\u0131ndaki toplant\u0131da ilk olarak bug\u00fcnk\u00fc g\u00fcndemde bulunan A\u00d6A, LA\u00dc ve DA\u00dc\u2019n\u00fcn b\u00fct\u00e7elerinin","og_url":"https:\/\/kibrisdakik.com\/?p=71627","article_published_time":"2024-12-16T12:20:04+00:00","og_image":[{"width":1600,"height":1066,"url":"https:\/\/kibrisdakik.com\/wp-content\/uploads\/2024\/12\/1734347296053MECLIS-GENEL-740x420.jpg","type":"image\/jpeg"}],"author":"admin","twitter_card":"summary_large_image","twitter_misc":{"Yazan:":"admin","Tahmini okuma s\u00fcresi":"5 dakika"},"schema":{"@context":"https:\/\/schema.org","@graph":[{"@type":"Article","@id":"https:\/\/kibrisdakik.com\/?p=71627#article","isPartOf":{"@id":"https:\/\/kibrisdakik.com\/?p=71627"},"author":{"name":"admin","@id":"https:\/\/kibrisdakik.com\/#\/schema\/person\/9cd9d437bbb44f72b73ba127e06d8e79"},"headline":"Meclis Genel Kurulu\u2019nda \u201cTa\u015f\u0131nmaz Mal Edinme (Yabanc\u0131lar) Yasa G\u00fcc\u00fcnde Kararname\u201d tart\u0131\u015f\u0131ld\u0131","datePublished":"2024-12-16T12:20:04+00:00","mainEntityOfPage":{"@id":"https:\/\/kibrisdakik.com\/?p=71627"},"wordCount":1063,"commentCount":0,"image":{"@id":"https:\/\/kibrisdakik.com\/?p=71627#primaryimage"},"thumbnailUrl":"https:\/\/kibrisdakik.com\/wp-content\/uploads\/2024\/12\/1734347296053MECLIS-GENEL-740x420.jpg","articleSection":["K\u0131br\u0131s"],"inLanguage":"tr","potentialAction":[{"@type":"CommentAction","name":"Comment","target":["https:\/\/kibrisdakik.com\/?p=71627#respond"]}]},{"@type":"WebPage","@id":"https:\/\/kibrisdakik.com\/?p=71627","url":"https:\/\/kibrisdakik.com\/?p=71627","name":"Meclis Genel Kurulu\u2019nda \u201cTa\u015f\u0131nmaz Mal Edinme (Yabanc\u0131lar) Yasa G\u00fcc\u00fcnde Kararname\u201d tart\u0131\u015f\u0131ld\u0131 -","isPartOf":{"@id":"https:\/\/kibrisdakik.com\/#website"},"primaryImageOfPage":{"@id":"https:\/\/kibrisdakik.com\/?p=71627#primaryimage"},"image":{"@id":"https:\/\/kibrisdakik.com\/?p=71627#primaryimage"},"thumbnailUrl":"https:\/\/kibrisdakik.com\/wp-content\/uploads\/2024\/12\/1734347296053MECLIS-GENEL-740x420.jpg","datePublished":"2024-12-16T12:20:04+00:00","author":{"@id":"https:\/\/kibrisdakik.com\/#\/schema\/person\/9cd9d437bbb44f72b73ba127e06d8e79"},"breadcrumb":{"@id":"https:\/\/kibrisdakik.com\/?p=71627#breadcrumb"},"inLanguage":"tr","potentialAction":[{"@type":"ReadAction","target":["https:\/\/kibrisdakik.com\/?p=71627"]}]},{"@type":"ImageObject","inLanguage":"tr","@id":"https:\/\/kibrisdakik.com\/?p=71627#primaryimage","url":"https:\/\/kibrisdakik.com\/wp-content\/uploads\/2024\/12\/1734347296053MECLIS-GENEL-740x420.jpg","contentUrl":"https:\/\/kibrisdakik.com\/wp-content\/uploads\/2024\/12\/1734347296053MECLIS-GENEL-740x420.jpg","width":1600,"height":1066},{"@type":"BreadcrumbList","@id":"https:\/\/kibrisdakik.com\/?p=71627#breadcrumb","itemListElement":[{"@type":"ListItem","position":1,"name":"Home","item":"https:\/\/kibrisdakik.com\/"},{"@type":"ListItem","position":2,"name":"Meclis Genel Kurulu\u2019nda \u201cTa\u015f\u0131nmaz Mal Edinme (Yabanc\u0131lar) Yasa G\u00fcc\u00fcnde Kararname\u201d tart\u0131\u015f\u0131ld\u0131"}]},{"@type":"WebSite","@id":"https:\/\/kibrisdakik.com\/#website","url":"https:\/\/kibrisdakik.com\/","name":"","description":"Tam vaktinde haber","potentialAction":[{"@type":"SearchAction","target":{"@type":"EntryPoint","urlTemplate":"https:\/\/kibrisdakik.com\/?s={search_term_string}"},"query-input":{"@type":"PropertyValueSpecification","valueRequired":true,"valueName":"search_term_string"}}],"inLanguage":"tr"},{"@type":"Person","@id":"https:\/\/kibrisdakik.com\/#\/schema\/person\/9cd9d437bbb44f72b73ba127e06d8e79","name":"admin","image":{"@type":"ImageObject","inLanguage":"tr","@id":"https:\/\/secure.gravatar.com\/avatar\/ccc17943b9d660506c869530f897617f7cb1c21a4bf30023f252596d83e1f007?s=96&d=mm&r=g","url":"https:\/\/secure.gravatar.com\/avatar\/ccc17943b9d660506c869530f897617f7cb1c21a4bf30023f252596d83e1f007?s=96&d=mm&r=g","contentUrl":"https:\/\/secure.gravatar.com\/avatar\/ccc17943b9d660506c869530f897617f7cb1c21a4bf30023f252596d83e1f007?s=96&d=mm&r=g","caption":"admin"},"sameAs":["https:\/\/kibrisdakik.com"],"url":"https:\/\/kibrisdakik.com\/?author=1"}]}},"_links":{"self":[{"href":"https:\/\/kibrisdakik.com\/index.php?rest_route=\/wp\/v2\/posts\/71627","targetHints":{"allow":["GET"]}}],"collection":[{"href":"https:\/\/kibrisdakik.com\/index.php?rest_route=\/wp\/v2\/posts"}],"about":[{"href":"https:\/\/kibrisdakik.com\/index.php?rest_route=\/wp\/v2\/types\/post"}],"author":[{"embeddable":true,"href":"https:\/\/kibrisdakik.com\/index.php?rest_route=\/wp\/v2\/users\/1"}],"replies":[{"embeddable":true,"href":"https:\/\/kibrisdakik.com\/index.php?rest_route=%2Fwp%2Fv2%2Fcomments&post=71627"}],"version-history":[{"count":0,"href":"https:\/\/kibrisdakik.com\/index.php?rest_route=\/wp\/v2\/posts\/71627\/revisions"}],"wp:featuredmedia":[{"embeddable":true,"href":"https:\/\/kibrisdakik.com\/index.php?rest_route=\/wp\/v2\/media\/71628"}],"wp:attachment":[{"href":"https:\/\/kibrisdakik.com\/index.php?rest_route=%2Fwp%2Fv2%2Fmedia&parent=71627"}],"wp:term":[{"taxonomy":"category","embeddable":true,"href":"https:\/\/kibrisdakik.com\/index.php?rest_route=%2Fwp%2Fv2%2Fcategories&post=71627"},{"taxonomy":"post_tag","embeddable":true,"href":"https:\/\/kibrisdakik.com\/index.php?rest_route=%2Fwp%2Fv2%2Ftags&post=71627"}],"curies":[{"name":"wp","href":"https:\/\/api.w.org\/{rel}","templated":true}]}}