{"id":7164,"date":"2023-05-18T11:57:42","date_gmt":"2023-05-18T11:57:42","guid":{"rendered":"https:\/\/kibrisdakik.com\/index.php\/2023\/05\/18\/ktoeos-magusada-grev-ve-eylem-yapti\/"},"modified":"2023-05-18T11:57:42","modified_gmt":"2023-05-18T11:57:42","slug":"ktoeos-magusada-grev-ve-eylem-yapti","status":"publish","type":"post","link":"https:\/\/kibrisdakik.com\/?p=7164","title":{"rendered":"KTOE\u00d6S Ma\u011fusa\u2019da grev ve eylem yapt\u0131"},"content":{"rendered":"<p><\/p>\n<div>\n<div class=\"mariselle-image-container center\">\n                <img width=\"1600\" height=\"847\" class=\"lazy-image\" alt=\"\" decoding=\"async\" loading=\"lazy\" sizes=\"auto, (max-width: 1600px) 100vw, 1600px\" src=\"https:\/\/brtk.net\/wp-content\/uploads\/2023\/05\/18\/fc13ddd9-0b80-4211-9f49-a1028871481b.jpg?ver=8ad3c47d7c36f6d22a87e118dfaab98b\" srcset=\"https:\/\/brtk.net\/wp-content\/uploads\/2023\/05\/18\/fc13ddd9-0b80-4211-9f49-a1028871481b.jpg?ver=8ad3c47d7c36f6d22a87e118dfaab98b 1600w, https:\/\/brtk.net\/wp-content\/uploads\/2023\/05\/18\/fc13ddd9-0b80-4211-9f49-a1028871481b-300x159.jpg?ver=8ad3c47d7c36f6d22a87e118dfaab98b 300w, https:\/\/brtk.net\/wp-content\/uploads\/2023\/05\/18\/fc13ddd9-0b80-4211-9f49-a1028871481b-1024x542.jpg?ver=1ceef0d5153b808251e054521d00566a 1024w, https:\/\/brtk.net\/wp-content\/uploads\/2023\/05\/18\/fc13ddd9-0b80-4211-9f49-a1028871481b-768x407.jpg?ver=1ceef0d5153b808251e054521d00566a 768w, https:\/\/brtk.net\/wp-content\/uploads\/2023\/05\/18\/fc13ddd9-0b80-4211-9f49-a1028871481b-1536x813.jpg?ver=1ceef0d5153b808251e054521d00566a 1536w\"\/>                            <\/div>\n<p>\nK\u0131br\u0131s T\u00fcrk Orta E\u011fitim \u00d6\u011fretmenler Sendikas\u0131 Gazima\u011fusa\u2019da \u00f6rg\u00fctl\u00fc bulundu\u011fu okullarda grev yapt\u0131.<\/p>\n<p>Doktor Faz\u0131l K\u00fc\u00e7\u00fck End\u00fcstri Meslek Lisesi ile Nam\u0131k Kemal Lisesi\u2019nde yap\u0131lan bas\u0131n a\u00e7\u0131klamalar\u0131n\u0131n ard\u0131ndan sloganlar ve d\u00fcd\u00fckler e\u015fli\u011finde Zafer An\u0131t\u0131\u2019na y\u00fcr\u00fcy\u00fc\u015f ger\u00e7ekle\u015ftirildi ve burada da bas\u0131na a\u00e7\u0131klamas\u0131 yap\u0131ld\u0131.<\/p>\n<div class=\"mariselle-image-container center\">\n                <img width=\"1600\" height=\"687\" class=\"lazy-image\" alt=\"\" decoding=\"async\" loading=\"lazy\" sizes=\"auto, (max-width: 1600px) 100vw, 1600px\" src=\"https:\/\/brtk.net\/wp-content\/uploads\/2023\/05\/18\/78cc3fab-75f8-4731-a366-a05db663c6e6.jpg?ver=494bcf6223f0786752bdba8e7d4e99de\" srcset=\"https:\/\/brtk.net\/wp-content\/uploads\/2023\/05\/18\/78cc3fab-75f8-4731-a366-a05db663c6e6.jpg?ver=494bcf6223f0786752bdba8e7d4e99de 1600w, https:\/\/brtk.net\/wp-content\/uploads\/2023\/05\/18\/78cc3fab-75f8-4731-a366-a05db663c6e6-300x129.jpg?ver=4730a89e95fa247a545407b262a981c5 300w, https:\/\/brtk.net\/wp-content\/uploads\/2023\/05\/18\/78cc3fab-75f8-4731-a366-a05db663c6e6-1024x440.jpg?ver=4730a89e95fa247a545407b262a981c5 1024w, https:\/\/brtk.net\/wp-content\/uploads\/2023\/05\/18\/78cc3fab-75f8-4731-a366-a05db663c6e6-768x330.jpg?ver=4730a89e95fa247a545407b262a981c5 768w, https:\/\/brtk.net\/wp-content\/uploads\/2023\/05\/18\/78cc3fab-75f8-4731-a366-a05db663c6e6-1536x660.jpg?ver=1acc913f40e0f803413b306c94118ea4 1536w\"\/>                            <\/div>\n<p>Nam\u0131k Kemal Lisesi\u2019nde yer alan eyleme Okul Aile Birli\u011fi de destek verdi. Okul Aile Birli\u011fi Ba\u015fkan\u0131 Ark\u0131n K\u00f6seo\u011flu eylem s\u0131ras\u0131nda yapt\u0131\u011f\u0131 a\u00e7\u0131klamada \u00e7ok uzun s\u00fcredir okulla ilgili sorunlar\u0131n devam etti\u011fini dile getirerek, okulun yeni binaya ta\u015f\u0131nmas\u0131na kars\u0131n sorunlar\u0131n \u00e7\u00f6z\u00fcmlenmedi\u011fini s\u00f6yledi..<br \/>K\u00f6seo\u011flu, okul aile birli\u011fi olarak sorunlar\u0131n \u00e7\u00f6z\u00fcm\u00fc noktas\u0131nda sendikan\u0131n eylemlerinedestek vereceklerini kaydetti.<\/p>\n<p>K\u0131br\u0131s T\u00fcrk Orta E\u011fitim \u00d6\u011fretmenler Sendikas\u0131 Ba\u015fkan\u0131 Selma Eylem de yapt\u0131\u011f\u0131 a\u00e7\u0131klamalarda, Doktor Faz\u0131l K\u00fc\u00e7\u00fck End\u00fcstri Meslek Lisesi\u2019nin i\u00e7ler ac\u0131s\u0131 bir durumda oldu\u011funu, binan\u0131n \u00e7\u0131plak g\u00f6zle bile bak\u0131ld\u0131\u011f\u0131nda depreme dayan\u0131ks\u0131z oldu\u011funun g\u00f6r\u00fcld\u00fc\u011f\u00fcn\u00fc s\u00f6yledi.<\/p>\n<p>Nam\u0131k Kemal Lisesi\u2019nin de depreme dayan\u0131ks\u0131z oldu\u011funun tespit edilmesinin ard\u0131ndan \u00f6\u011frencilerin 3 hafta e\u011fitim alamad\u0131klar\u0131n\u0131 belirten Eylem, e\u011fitim bakanl\u0131\u011f\u0131n\u0131n 3 haftan\u0131n ard\u0131ndan \u00f6\u011frencileri \u00e7ad\u0131ra mahkum etti\u011fini kaydetti..<\/p>\n<p>\u00d6\u011fretmenlerin \u00e7ad\u0131rda e\u011fitim verdikten sonra, ara\u00e7lar\u0131na oturup online ders verdiklerini dile getiren Eylem, bu s\u00fcrece e\u011fitim bakanl\u0131\u011f\u0131n\u0131n kay\u0131ts\u0131z kald\u0131\u011f\u0131n\u0131 iddia etti.<\/p>\n<p>Okullarda hala karot testlerinin yap\u0131lmad\u0131\u011f\u0131n\u0131 \u00f6ne s\u00fcren Eylem, e\u011fitimde bir \u00e7ok s\u0131k\u0131nt\u0131 oldu\u011funu ve \u00fcst\u00fcn\u00fcn \u00f6rt\u00fcld\u00fc\u011f\u00fcn\u00fc de iddia etti.<br \/>Sendika ba\u015fkan\u0131 Eylem,sorunlar \u00e7\u00f6z\u00fcmlenene kadar eytlemlerine devam etme kararl\u0131l\u0131\u011f\u0131n\u0131 da yineledi. <\/p>\n<p>Eylem, \u201cGerekirse e\u011fitimde hi\u00e7bir \u015fey yap\u0131lmayacak. Gerekirse notlar, gerekirse karneler, diplomalar verilmeyecek. Hatta gerekirse eyl\u00fcl ay\u0131nda okullar a\u00e7\u0131lmayacak\u201d ifadelerini kulland\u0131.<\/p>\n<p>  Eylem olays\u0131z bir \u015fekilde sona erdi.<\/p>\n<p>brt<\/p>\n<\/p><\/div>\n<p><script async\n                    defer\n                    crossorigin=\"anonymous\"\n                    src=\"https:\/\/connect.facebook.net\/tr_TR\/sdk.js#xfbml=1&#038;version=v3.3\"\n            ><\/script><\/p>\n","protected":false},"excerpt":{"rendered":"<p>K\u0131br\u0131s T\u00fcrk Orta E\u011fitim \u00d6\u011fretmenler Sendikas\u0131 Gazima\u011fusa\u2019da \u00f6rg\u00fctl\u00fc bulundu\u011fu okullarda grev yapt\u0131. Doktor Faz\u0131l K\u00fc\u00e7\u00fck End\u00fcstri Meslek Lisesi ile Nam\u0131k Kemal Lisesi\u2019nde yap\u0131lan bas\u0131n a\u00e7\u0131klamalar\u0131n\u0131n ard\u0131ndan sloganlar ve d\u00fcd\u00fckler e\u015fli\u011finde Zafer An\u0131t\u0131\u2019na y\u00fcr\u00fcy\u00fc\u015f ger\u00e7ekle\u015ftirildi ve burada da bas\u0131na a\u00e7\u0131klamas\u0131 yap\u0131ld\u0131. Nam\u0131k Kemal Lisesi\u2019nde yer alan eyleme Okul Aile Birli\u011fi de destek verdi. Okul Aile Birli\u011fi<\/p>\n","protected":false},"author":1,"featured_media":7165,"comment_status":"open","ping_status":"open","sticky":false,"template":"","format":"standard","meta":{"footnotes":""},"categories":[1],"tags":[],"class_list":["post-7164","post","type-post","status-publish","format-standard","has-post-thumbnail","hentry","category-gundem"],"yoast_head":"<!-- This site is optimized with the Yoast SEO plugin v27.4 - https:\/\/yoast.com\/product\/yoast-seo-wordpress\/ -->\n<title>KTOE\u00d6S Ma\u011fusa\u2019da grev ve eylem yapt\u0131 -<\/title>\n<meta name=\"robots\" content=\"index, follow, max-snippet:-1, max-image-preview:large, max-video-preview:-1\" \/>\n<link rel=\"canonical\" href=\"https:\/\/kibrisdakik.com\/?p=7164\" \/>\n<meta property=\"og:locale\" content=\"tr_TR\" \/>\n<meta property=\"og:type\" content=\"article\" \/>\n<meta property=\"og:title\" content=\"KTOE\u00d6S Ma\u011fusa\u2019da grev ve eylem yapt\u0131 -\" \/>\n<meta property=\"og:description\" content=\"K\u0131br\u0131s T\u00fcrk Orta E\u011fitim \u00d6\u011fretmenler Sendikas\u0131 Gazima\u011fusa\u2019da \u00f6rg\u00fctl\u00fc bulundu\u011fu okullarda grev yapt\u0131. Doktor Faz\u0131l K\u00fc\u00e7\u00fck End\u00fcstri Meslek Lisesi ile Nam\u0131k Kemal Lisesi\u2019nde yap\u0131lan bas\u0131n a\u00e7\u0131klamalar\u0131n\u0131n ard\u0131ndan sloganlar ve d\u00fcd\u00fckler e\u015fli\u011finde Zafer An\u0131t\u0131\u2019na y\u00fcr\u00fcy\u00fc\u015f ger\u00e7ekle\u015ftirildi ve burada da bas\u0131na a\u00e7\u0131klamas\u0131 yap\u0131ld\u0131. Nam\u0131k Kemal Lisesi\u2019nde yer alan eyleme Okul Aile Birli\u011fi de destek verdi. Okul Aile Birli\u011fi\" \/>\n<meta property=\"og:url\" content=\"https:\/\/kibrisdakik.com\/?p=7164\" \/>\n<meta property=\"article:published_time\" content=\"2023-05-18T11:57:42+00:00\" \/>\n<meta property=\"og:image\" content=\"https:\/\/kibrisdakik.com\/wp-content\/uploads\/2023\/05\/fc13ddd9-0b80-4211-9f49-a1028871481b-740x420.jpg\" \/>\n\t<meta property=\"og:image:width\" content=\"1600\" \/>\n\t<meta property=\"og:image:height\" content=\"847\" \/>\n\t<meta property=\"og:image:type\" content=\"image\/jpeg\" \/>\n<meta name=\"author\" content=\"admin\" \/>\n<meta name=\"twitter:card\" content=\"summary_large_image\" \/>\n<meta name=\"twitter:label1\" content=\"Yazan:\" \/>\n\t<meta name=\"twitter:data1\" content=\"admin\" \/>\n\t<meta name=\"twitter:label2\" content=\"Tahmini okuma s\u00fcresi\" \/>\n\t<meta name=\"twitter:data2\" content=\"2 dakika\" \/>\n<script type=\"application\/ld+json\" class=\"yoast-schema-graph\">{\"@context\":\"https:\\\/\\\/schema.org\",\"@graph\":[{\"@type\":\"Article\",\"@id\":\"https:\\\/\\\/kibrisdakik.com\\\/?p=7164#article\",\"isPartOf\":{\"@id\":\"https:\\\/\\\/kibrisdakik.com\\\/?p=7164\"},\"author\":{\"name\":\"admin\",\"@id\":\"https:\\\/\\\/kibrisdakik.com\\\/#\\\/schema\\\/person\\\/9cd9d437bbb44f72b73ba127e06d8e79\"},\"headline\":\"KTOE\u00d6S Ma\u011fusa\u2019da grev ve eylem yapt\u0131\",\"datePublished\":\"2023-05-18T11:57:42+00:00\",\"mainEntityOfPage\":{\"@id\":\"https:\\\/\\\/kibrisdakik.com\\\/?p=7164\"},\"wordCount\":371,\"commentCount\":0,\"image\":{\"@id\":\"https:\\\/\\\/kibrisdakik.com\\\/?p=7164#primaryimage\"},\"thumbnailUrl\":\"https:\\\/\\\/kibrisdakik.com\\\/wp-content\\\/uploads\\\/2023\\\/05\\\/fc13ddd9-0b80-4211-9f49-a1028871481b-740x420.jpg\",\"articleSection\":[\"G\u00fcndem\"],\"inLanguage\":\"tr\",\"potentialAction\":[{\"@type\":\"CommentAction\",\"name\":\"Comment\",\"target\":[\"https:\\\/\\\/kibrisdakik.com\\\/?p=7164#respond\"]}]},{\"@type\":\"WebPage\",\"@id\":\"https:\\\/\\\/kibrisdakik.com\\\/?p=7164\",\"url\":\"https:\\\/\\\/kibrisdakik.com\\\/?p=7164\",\"name\":\"KTOE\u00d6S Ma\u011fusa\u2019da grev ve eylem yapt\u0131 -\",\"isPartOf\":{\"@id\":\"https:\\\/\\\/kibrisdakik.com\\\/#website\"},\"primaryImageOfPage\":{\"@id\":\"https:\\\/\\\/kibrisdakik.com\\\/?p=7164#primaryimage\"},\"image\":{\"@id\":\"https:\\\/\\\/kibrisdakik.com\\\/?p=7164#primaryimage\"},\"thumbnailUrl\":\"https:\\\/\\\/kibrisdakik.com\\\/wp-content\\\/uploads\\\/2023\\\/05\\\/fc13ddd9-0b80-4211-9f49-a1028871481b-740x420.jpg\",\"datePublished\":\"2023-05-18T11:57:42+00:00\",\"author\":{\"@id\":\"https:\\\/\\\/kibrisdakik.com\\\/#\\\/schema\\\/person\\\/9cd9d437bbb44f72b73ba127e06d8e79\"},\"breadcrumb\":{\"@id\":\"https:\\\/\\\/kibrisdakik.com\\\/?p=7164#breadcrumb\"},\"inLanguage\":\"tr\",\"potentialAction\":[{\"@type\":\"ReadAction\",\"target\":[\"https:\\\/\\\/kibrisdakik.com\\\/?p=7164\"]}]},{\"@type\":\"ImageObject\",\"inLanguage\":\"tr\",\"@id\":\"https:\\\/\\\/kibrisdakik.com\\\/?p=7164#primaryimage\",\"url\":\"https:\\\/\\\/kibrisdakik.com\\\/wp-content\\\/uploads\\\/2023\\\/05\\\/fc13ddd9-0b80-4211-9f49-a1028871481b-740x420.jpg\",\"contentUrl\":\"https:\\\/\\\/kibrisdakik.com\\\/wp-content\\\/uploads\\\/2023\\\/05\\\/fc13ddd9-0b80-4211-9f49-a1028871481b-740x420.jpg\",\"width\":1600,\"height\":847},{\"@type\":\"BreadcrumbList\",\"@id\":\"https:\\\/\\\/kibrisdakik.com\\\/?p=7164#breadcrumb\",\"itemListElement\":[{\"@type\":\"ListItem\",\"position\":1,\"name\":\"Home\",\"item\":\"https:\\\/\\\/kibrisdakik.com\\\/\"},{\"@type\":\"ListItem\",\"position\":2,\"name\":\"KTOE\u00d6S Ma\u011fusa\u2019da grev ve eylem yapt\u0131\"}]},{\"@type\":\"WebSite\",\"@id\":\"https:\\\/\\\/kibrisdakik.com\\\/#website\",\"url\":\"https:\\\/\\\/kibrisdakik.com\\\/\",\"name\":\"\",\"description\":\"Tam vaktinde haber\",\"potentialAction\":[{\"@type\":\"SearchAction\",\"target\":{\"@type\":\"EntryPoint\",\"urlTemplate\":\"https:\\\/\\\/kibrisdakik.com\\\/?s={search_term_string}\"},\"query-input\":{\"@type\":\"PropertyValueSpecification\",\"valueRequired\":true,\"valueName\":\"search_term_string\"}}],\"inLanguage\":\"tr\"},{\"@type\":\"Person\",\"@id\":\"https:\\\/\\\/kibrisdakik.com\\\/#\\\/schema\\\/person\\\/9cd9d437bbb44f72b73ba127e06d8e79\",\"name\":\"admin\",\"image\":{\"@type\":\"ImageObject\",\"inLanguage\":\"tr\",\"@id\":\"https:\\\/\\\/secure.gravatar.com\\\/avatar\\\/ccc17943b9d660506c869530f897617f7cb1c21a4bf30023f252596d83e1f007?s=96&d=mm&r=g\",\"url\":\"https:\\\/\\\/secure.gravatar.com\\\/avatar\\\/ccc17943b9d660506c869530f897617f7cb1c21a4bf30023f252596d83e1f007?s=96&d=mm&r=g\",\"contentUrl\":\"https:\\\/\\\/secure.gravatar.com\\\/avatar\\\/ccc17943b9d660506c869530f897617f7cb1c21a4bf30023f252596d83e1f007?s=96&d=mm&r=g\",\"caption\":\"admin\"},\"sameAs\":[\"https:\\\/\\\/kibrisdakik.com\"],\"url\":\"https:\\\/\\\/kibrisdakik.com\\\/?author=1\"}]}<\/script>\n<!-- \/ Yoast SEO plugin. -->","yoast_head_json":{"title":"KTOE\u00d6S Ma\u011fusa\u2019da grev ve eylem yapt\u0131 -","robots":{"index":"index","follow":"follow","max-snippet":"max-snippet:-1","max-image-preview":"max-image-preview:large","max-video-preview":"max-video-preview:-1"},"canonical":"https:\/\/kibrisdakik.com\/?p=7164","og_locale":"tr_TR","og_type":"article","og_title":"KTOE\u00d6S Ma\u011fusa\u2019da grev ve eylem yapt\u0131 -","og_description":"K\u0131br\u0131s T\u00fcrk Orta E\u011fitim \u00d6\u011fretmenler Sendikas\u0131 Gazima\u011fusa\u2019da \u00f6rg\u00fctl\u00fc bulundu\u011fu okullarda grev yapt\u0131. Doktor Faz\u0131l K\u00fc\u00e7\u00fck End\u00fcstri Meslek Lisesi ile Nam\u0131k Kemal Lisesi\u2019nde yap\u0131lan bas\u0131n a\u00e7\u0131klamalar\u0131n\u0131n ard\u0131ndan sloganlar ve d\u00fcd\u00fckler e\u015fli\u011finde Zafer An\u0131t\u0131\u2019na y\u00fcr\u00fcy\u00fc\u015f ger\u00e7ekle\u015ftirildi ve burada da bas\u0131na a\u00e7\u0131klamas\u0131 yap\u0131ld\u0131. Nam\u0131k Kemal Lisesi\u2019nde yer alan eyleme Okul Aile Birli\u011fi de destek verdi. Okul Aile Birli\u011fi","og_url":"https:\/\/kibrisdakik.com\/?p=7164","article_published_time":"2023-05-18T11:57:42+00:00","og_image":[{"width":1600,"height":847,"url":"https:\/\/kibrisdakik.com\/wp-content\/uploads\/2023\/05\/fc13ddd9-0b80-4211-9f49-a1028871481b-740x420.jpg","type":"image\/jpeg"}],"author":"admin","twitter_card":"summary_large_image","twitter_misc":{"Yazan:":"admin","Tahmini okuma s\u00fcresi":"2 dakika"},"schema":{"@context":"https:\/\/schema.org","@graph":[{"@type":"Article","@id":"https:\/\/kibrisdakik.com\/?p=7164#article","isPartOf":{"@id":"https:\/\/kibrisdakik.com\/?p=7164"},"author":{"name":"admin","@id":"https:\/\/kibrisdakik.com\/#\/schema\/person\/9cd9d437bbb44f72b73ba127e06d8e79"},"headline":"KTOE\u00d6S Ma\u011fusa\u2019da grev ve eylem yapt\u0131","datePublished":"2023-05-18T11:57:42+00:00","mainEntityOfPage":{"@id":"https:\/\/kibrisdakik.com\/?p=7164"},"wordCount":371,"commentCount":0,"image":{"@id":"https:\/\/kibrisdakik.com\/?p=7164#primaryimage"},"thumbnailUrl":"https:\/\/kibrisdakik.com\/wp-content\/uploads\/2023\/05\/fc13ddd9-0b80-4211-9f49-a1028871481b-740x420.jpg","articleSection":["G\u00fcndem"],"inLanguage":"tr","potentialAction":[{"@type":"CommentAction","name":"Comment","target":["https:\/\/kibrisdakik.com\/?p=7164#respond"]}]},{"@type":"WebPage","@id":"https:\/\/kibrisdakik.com\/?p=7164","url":"https:\/\/kibrisdakik.com\/?p=7164","name":"KTOE\u00d6S Ma\u011fusa\u2019da grev ve eylem yapt\u0131 -","isPartOf":{"@id":"https:\/\/kibrisdakik.com\/#website"},"primaryImageOfPage":{"@id":"https:\/\/kibrisdakik.com\/?p=7164#primaryimage"},"image":{"@id":"https:\/\/kibrisdakik.com\/?p=7164#primaryimage"},"thumbnailUrl":"https:\/\/kibrisdakik.com\/wp-content\/uploads\/2023\/05\/fc13ddd9-0b80-4211-9f49-a1028871481b-740x420.jpg","datePublished":"2023-05-18T11:57:42+00:00","author":{"@id":"https:\/\/kibrisdakik.com\/#\/schema\/person\/9cd9d437bbb44f72b73ba127e06d8e79"},"breadcrumb":{"@id":"https:\/\/kibrisdakik.com\/?p=7164#breadcrumb"},"inLanguage":"tr","potentialAction":[{"@type":"ReadAction","target":["https:\/\/kibrisdakik.com\/?p=7164"]}]},{"@type":"ImageObject","inLanguage":"tr","@id":"https:\/\/kibrisdakik.com\/?p=7164#primaryimage","url":"https:\/\/kibrisdakik.com\/wp-content\/uploads\/2023\/05\/fc13ddd9-0b80-4211-9f49-a1028871481b-740x420.jpg","contentUrl":"https:\/\/kibrisdakik.com\/wp-content\/uploads\/2023\/05\/fc13ddd9-0b80-4211-9f49-a1028871481b-740x420.jpg","width":1600,"height":847},{"@type":"BreadcrumbList","@id":"https:\/\/kibrisdakik.com\/?p=7164#breadcrumb","itemListElement":[{"@type":"ListItem","position":1,"name":"Home","item":"https:\/\/kibrisdakik.com\/"},{"@type":"ListItem","position":2,"name":"KTOE\u00d6S Ma\u011fusa\u2019da grev ve eylem yapt\u0131"}]},{"@type":"WebSite","@id":"https:\/\/kibrisdakik.com\/#website","url":"https:\/\/kibrisdakik.com\/","name":"","description":"Tam vaktinde haber","potentialAction":[{"@type":"SearchAction","target":{"@type":"EntryPoint","urlTemplate":"https:\/\/kibrisdakik.com\/?s={search_term_string}"},"query-input":{"@type":"PropertyValueSpecification","valueRequired":true,"valueName":"search_term_string"}}],"inLanguage":"tr"},{"@type":"Person","@id":"https:\/\/kibrisdakik.com\/#\/schema\/person\/9cd9d437bbb44f72b73ba127e06d8e79","name":"admin","image":{"@type":"ImageObject","inLanguage":"tr","@id":"https:\/\/secure.gravatar.com\/avatar\/ccc17943b9d660506c869530f897617f7cb1c21a4bf30023f252596d83e1f007?s=96&d=mm&r=g","url":"https:\/\/secure.gravatar.com\/avatar\/ccc17943b9d660506c869530f897617f7cb1c21a4bf30023f252596d83e1f007?s=96&d=mm&r=g","contentUrl":"https:\/\/secure.gravatar.com\/avatar\/ccc17943b9d660506c869530f897617f7cb1c21a4bf30023f252596d83e1f007?s=96&d=mm&r=g","caption":"admin"},"sameAs":["https:\/\/kibrisdakik.com"],"url":"https:\/\/kibrisdakik.com\/?author=1"}]}},"_links":{"self":[{"href":"https:\/\/kibrisdakik.com\/index.php?rest_route=\/wp\/v2\/posts\/7164","targetHints":{"allow":["GET"]}}],"collection":[{"href":"https:\/\/kibrisdakik.com\/index.php?rest_route=\/wp\/v2\/posts"}],"about":[{"href":"https:\/\/kibrisdakik.com\/index.php?rest_route=\/wp\/v2\/types\/post"}],"author":[{"embeddable":true,"href":"https:\/\/kibrisdakik.com\/index.php?rest_route=\/wp\/v2\/users\/1"}],"replies":[{"embeddable":true,"href":"https:\/\/kibrisdakik.com\/index.php?rest_route=%2Fwp%2Fv2%2Fcomments&post=7164"}],"version-history":[{"count":0,"href":"https:\/\/kibrisdakik.com\/index.php?rest_route=\/wp\/v2\/posts\/7164\/revisions"}],"wp:featuredmedia":[{"embeddable":true,"href":"https:\/\/kibrisdakik.com\/index.php?rest_route=\/wp\/v2\/media\/7165"}],"wp:attachment":[{"href":"https:\/\/kibrisdakik.com\/index.php?rest_route=%2Fwp%2Fv2%2Fmedia&parent=7164"}],"wp:term":[{"taxonomy":"category","embeddable":true,"href":"https:\/\/kibrisdakik.com\/index.php?rest_route=%2Fwp%2Fv2%2Fcategories&post=7164"},{"taxonomy":"post_tag","embeddable":true,"href":"https:\/\/kibrisdakik.com\/index.php?rest_route=%2Fwp%2Fv2%2Ftags&post=7164"}],"curies":[{"name":"wp","href":"https:\/\/api.w.org\/{rel}","templated":true}]}}