{"id":71650,"date":"2024-12-16T18:32:48","date_gmt":"2024-12-16T15:32:48","guid":{"rendered":"https:\/\/kibrisdakik.com\/index.php\/2024\/12\/16\/bakan-ertugruloglu-starmerin-kibris-ziyaretine-iliskin-elestiride-bulundu\/"},"modified":"2024-12-16T18:32:48","modified_gmt":"2024-12-16T15:32:48","slug":"bakan-ertugruloglu-starmerin-kibris-ziyaretine-iliskin-elestiride-bulundu","status":"publish","type":"post","link":"https:\/\/kibrisdakik.com\/?p=71650","title":{"rendered":"Bakan Ertu\u011frulo\u011flu, Starmer\u2019in K\u0131br\u0131s ziyaretine ili\u015fkin ele\u015ftiride bulundu"},"content":{"rendered":"<div>\n<div class=\"mariselle-image-container center\">\n                                            <\/div>\n<p>\nD\u0131\u015fi\u015fleri Bakan\u0131 Tahsin Ertu\u011frulo\u011flu, \u0130ngiltere Ba\u015fbakan\u0131 Keir Starmer\u2019in G\u00fcney K\u0131br\u0131s Rum Y\u00f6netimi\u2019ne yapt\u0131\u011f\u0131 ziyareti NTV\u2019ye de\u011ferlendirdi.<\/p>\n<p>Bakan Ertu\u011frulo\u011flu, \u201cVay efendim niye Rumla gitti konu\u015ftu da bize gelmedi. Bu benim i\u00e7in bir \u015fikayet konusu de\u011fil. \u0130ngiliz Ba\u015fbakan\u0131 iyi de gelmedi\u201d dedi.<\/p>\n<p>Ertu\u011frulo\u011flu, \u0130ngiltere\u2019nin bu ziyareti ile garant\u00f6r \u00fclke konumuna g\u00f6lge d\u00fc\u015f\u00fcrd\u00fc\u011f\u00fcn\u00fc belirterek, \u201cK\u0131br\u0131s T\u00fcrk halk\u0131na en b\u00fcy\u00fck haks\u0131zl\u0131\u011f\u0131 ilk g\u00fcnden itibaren bug\u00fcne kadar yapan bir \u00fclke varsa o da \u0130ngiltere\u2019dir\u201d dedi.<\/p>\n<p>\u0130ngiltere\u2019nin garant\u00f6r \u00fclkelerden birisi olmas\u0131na ra\u011fmen hi\u00e7bir zaman garant\u00f6rl\u00fc\u011f\u00fcn gereklerini yerine getirmedi\u011fine dikkati \u00e7eken Bakan Ertu\u011frulo\u011flu, K\u0131br\u0131s Cumhuriyeti\u2019ndeki ortakl\u0131\u011f\u0131n bozulmas\u0131n\u0131n ard\u0131ndan, Rumlar\u0131n K\u0131br\u0131s Cumhuriyeti ad\u0131 alt\u0131nda tan\u0131nmas\u0131na kap\u0131y\u0131 a\u00e7an ve bunu sa\u011flayan\u0131n \u0130ngiltere oldu\u011funu s\u00f6yledi.<\/p>\n<p>Bakan Ertu\u011frulo\u011flu, Amerika Birle\u015fik Devletleri\u2019nin G\u00fcney K\u0131br\u0131s Rum Y\u00f6netimi\u2019ne deste\u011fini de \u015fu s\u00f6zlerle de\u011ferlendirdi:<\/p>\n<p>\u201cAmerika\u2019n\u0131n Do\u011fu Akdeniz\u2019e \u00e7\u00f6kmesi G\u00fcney K\u0131br\u0131s\u2019a konu\u015flanmas\u0131 G\u00fcney K\u0131br\u0131s\u2019a uygulad\u0131\u011f\u0131 silah ambargosunu sonland\u0131rmas\u0131 askerlerine e\u011fitim vermesi onlarla ortak tatbikat yapmas\u0131 in\u015fallah bu Amerikan deste\u011finden \u015f\u0131mar\u0131k ba\u015f\u0131 d\u00f6nmez ve bir \u00e7\u0131lg\u0131nl\u0131\u011f\u0131 yeltenmez, yapabilirler.\u201d<\/p>\n<p>Bakan Ertu\u011frulo\u011flu, Ada\u2019daki bar\u0131\u015f ortam\u0131n\u0131n s\u00fcrmesinde en b\u00fcy\u00fck deste\u011fin T\u00fcrkiye oldu\u011funun da alt\u0131n\u0131 \u00e7izdi.<\/p>\n<p>Bakan Ertu\u011frulo\u011flu T\u00fcrkiye\u2019nin KKTC\u2019ye deste\u011fi ile ilgili \u201cAte\u015f \u00e7emberinin i\u00e7erisinde ya\u015fayan Kuzey K\u0131br\u0131s T\u00fcrk Cumhuriyeti.. Oraya gitseniz oradaki g\u00fcnl\u00fck ya\u015fam\u0131 bir tecr\u00fcbe etseniz sanki hi\u00e7 etraf\u0131m\u0131zda bir ate\u015f \u00e7embeyi yokmu\u015f gibi hissedersiniz kendinizi.. Bunun bir tek nedeni vard\u0131r; Adadaki T\u00fcrk askerinin mevcudiyeti ve anavatan\u0131 T\u00fcrkiye\u2019nin g\u00fc\u00e7l\u00fc bir devlet olmas\u0131\u201d diye konu\u015ftu.<\/p>\n<\/p><\/div>\n<p><script async\n                    defer\n                    crossorigin=\"anonymous\"\n                    src=\"https:\/\/connect.facebook.net\/tr_TR\/sdk.js#xfbml=1&#038;version=v3.3\"\n            ><\/script><\/p>\n","protected":false},"excerpt":{"rendered":"<p>D\u0131\u015fi\u015fleri Bakan\u0131 Tahsin Ertu\u011frulo\u011flu, \u0130ngiltere Ba\u015fbakan\u0131 Keir Starmer\u2019in G\u00fcney K\u0131br\u0131s Rum Y\u00f6netimi\u2019ne yapt\u0131\u011f\u0131 ziyareti NTV\u2019ye de\u011ferlendirdi. Bakan Ertu\u011frulo\u011flu, \u201cVay efendim niye Rumla gitti konu\u015ftu da bize gelmedi. Bu benim i\u00e7in bir \u015fikayet konusu de\u011fil. \u0130ngiliz Ba\u015fbakan\u0131 iyi de gelmedi\u201d dedi. Ertu\u011frulo\u011flu, \u0130ngiltere\u2019nin bu ziyareti ile garant\u00f6r \u00fclke konumuna g\u00f6lge d\u00fc\u015f\u00fcrd\u00fc\u011f\u00fcn\u00fc belirterek, \u201cK\u0131br\u0131s T\u00fcrk halk\u0131na en<\/p>\n","protected":false},"author":1,"featured_media":68059,"comment_status":"open","ping_status":"open","sticky":false,"template":"","format":"standard","meta":{"footnotes":""},"categories":[81],"tags":[],"class_list":["post-71650","post","type-post","status-publish","format-standard","has-post-thumbnail","hentry","category-kibris"],"yoast_head":"<!-- This site is optimized with the Yoast SEO plugin v27.5 - https:\/\/yoast.com\/product\/yoast-seo-wordpress\/ -->\n<title>Bakan Ertu\u011frulo\u011flu, Starmer\u2019in K\u0131br\u0131s ziyaretine ili\u015fkin ele\u015ftiride bulundu -<\/title>\n<meta name=\"robots\" content=\"index, follow, max-snippet:-1, max-image-preview:large, max-video-preview:-1\" \/>\n<link rel=\"canonical\" href=\"https:\/\/kibrisdakik.com\/?p=71650\" \/>\n<meta property=\"og:locale\" content=\"tr_TR\" \/>\n<meta property=\"og:type\" content=\"article\" \/>\n<meta property=\"og:title\" content=\"Bakan Ertu\u011frulo\u011flu, Starmer\u2019in K\u0131br\u0131s ziyaretine ili\u015fkin ele\u015ftiride bulundu -\" \/>\n<meta property=\"og:description\" content=\"D\u0131\u015fi\u015fleri Bakan\u0131 Tahsin Ertu\u011frulo\u011flu, \u0130ngiltere Ba\u015fbakan\u0131 Keir Starmer\u2019in G\u00fcney K\u0131br\u0131s Rum Y\u00f6netimi\u2019ne yapt\u0131\u011f\u0131 ziyareti NTV\u2019ye de\u011ferlendirdi. Bakan Ertu\u011frulo\u011flu, \u201cVay efendim niye Rumla gitti konu\u015ftu da bize gelmedi. Bu benim i\u00e7in bir \u015fikayet konusu de\u011fil. \u0130ngiliz Ba\u015fbakan\u0131 iyi de gelmedi\u201d dedi. Ertu\u011frulo\u011flu, \u0130ngiltere\u2019nin bu ziyareti ile garant\u00f6r \u00fclke konumuna g\u00f6lge d\u00fc\u015f\u00fcrd\u00fc\u011f\u00fcn\u00fc belirterek, \u201cK\u0131br\u0131s T\u00fcrk halk\u0131na en\" \/>\n<meta property=\"og:url\" content=\"https:\/\/kibrisdakik.com\/?p=71650\" \/>\n<meta property=\"article:published_time\" content=\"2024-12-16T15:32:48+00:00\" \/>\n<meta property=\"og:image\" content=\"https:\/\/kibrisdakik.com\/wp-content\/uploads\/2024\/10\/tahsin-ertugruloglu22-740x420.jpg\" \/>\n\t<meta property=\"og:image:width\" content=\"840\" \/>\n\t<meta property=\"og:image:height\" content=\"560\" \/>\n\t<meta property=\"og:image:type\" content=\"image\/jpeg\" \/>\n<meta name=\"author\" content=\"admin\" \/>\n<meta name=\"twitter:card\" content=\"summary_large_image\" \/>\n<meta name=\"twitter:label1\" content=\"Yazan:\" \/>\n\t<meta name=\"twitter:data1\" content=\"admin\" \/>\n\t<meta name=\"twitter:label2\" content=\"Tahmini okuma s\u00fcresi\" \/>\n\t<meta name=\"twitter:data2\" content=\"2 dakika\" \/>\n<script type=\"application\/ld+json\" class=\"yoast-schema-graph\">{\"@context\":\"https:\\\/\\\/schema.org\",\"@graph\":[{\"@type\":\"Article\",\"@id\":\"https:\\\/\\\/kibrisdakik.com\\\/?p=71650#article\",\"isPartOf\":{\"@id\":\"https:\\\/\\\/kibrisdakik.com\\\/?p=71650\"},\"author\":{\"name\":\"admin\",\"@id\":\"https:\\\/\\\/kibrisdakik.com\\\/#\\\/schema\\\/person\\\/9cd9d437bbb44f72b73ba127e06d8e79\"},\"headline\":\"Bakan Ertu\u011frulo\u011flu, Starmer\u2019in K\u0131br\u0131s ziyaretine ili\u015fkin ele\u015ftiride bulundu\",\"datePublished\":\"2024-12-16T15:32:48+00:00\",\"mainEntityOfPage\":{\"@id\":\"https:\\\/\\\/kibrisdakik.com\\\/?p=71650\"},\"wordCount\":363,\"commentCount\":0,\"image\":{\"@id\":\"https:\\\/\\\/kibrisdakik.com\\\/?p=71650#primaryimage\"},\"thumbnailUrl\":\"https:\\\/\\\/kibrisdakik.com\\\/wp-content\\\/uploads\\\/2024\\\/10\\\/tahsin-ertugruloglu22-740x420.jpg\",\"articleSection\":[\"K\u0131br\u0131s\"],\"inLanguage\":\"tr\",\"potentialAction\":[{\"@type\":\"CommentAction\",\"name\":\"Comment\",\"target\":[\"https:\\\/\\\/kibrisdakik.com\\\/?p=71650#respond\"]}]},{\"@type\":\"WebPage\",\"@id\":\"https:\\\/\\\/kibrisdakik.com\\\/?p=71650\",\"url\":\"https:\\\/\\\/kibrisdakik.com\\\/?p=71650\",\"name\":\"Bakan Ertu\u011frulo\u011flu, Starmer\u2019in K\u0131br\u0131s ziyaretine ili\u015fkin ele\u015ftiride bulundu -\",\"isPartOf\":{\"@id\":\"https:\\\/\\\/kibrisdakik.com\\\/#website\"},\"primaryImageOfPage\":{\"@id\":\"https:\\\/\\\/kibrisdakik.com\\\/?p=71650#primaryimage\"},\"image\":{\"@id\":\"https:\\\/\\\/kibrisdakik.com\\\/?p=71650#primaryimage\"},\"thumbnailUrl\":\"https:\\\/\\\/kibrisdakik.com\\\/wp-content\\\/uploads\\\/2024\\\/10\\\/tahsin-ertugruloglu22-740x420.jpg\",\"datePublished\":\"2024-12-16T15:32:48+00:00\",\"author\":{\"@id\":\"https:\\\/\\\/kibrisdakik.com\\\/#\\\/schema\\\/person\\\/9cd9d437bbb44f72b73ba127e06d8e79\"},\"breadcrumb\":{\"@id\":\"https:\\\/\\\/kibrisdakik.com\\\/?p=71650#breadcrumb\"},\"inLanguage\":\"tr\",\"potentialAction\":[{\"@type\":\"ReadAction\",\"target\":[\"https:\\\/\\\/kibrisdakik.com\\\/?p=71650\"]}]},{\"@type\":\"ImageObject\",\"inLanguage\":\"tr\",\"@id\":\"https:\\\/\\\/kibrisdakik.com\\\/?p=71650#primaryimage\",\"url\":\"https:\\\/\\\/kibrisdakik.com\\\/wp-content\\\/uploads\\\/2024\\\/10\\\/tahsin-ertugruloglu22-740x420.jpg\",\"contentUrl\":\"https:\\\/\\\/kibrisdakik.com\\\/wp-content\\\/uploads\\\/2024\\\/10\\\/tahsin-ertugruloglu22-740x420.jpg\",\"width\":840,\"height\":560},{\"@type\":\"BreadcrumbList\",\"@id\":\"https:\\\/\\\/kibrisdakik.com\\\/?p=71650#breadcrumb\",\"itemListElement\":[{\"@type\":\"ListItem\",\"position\":1,\"name\":\"Home\",\"item\":\"https:\\\/\\\/kibrisdakik.com\\\/\"},{\"@type\":\"ListItem\",\"position\":2,\"name\":\"Bakan Ertu\u011frulo\u011flu, Starmer\u2019in K\u0131br\u0131s ziyaretine ili\u015fkin ele\u015ftiride bulundu\"}]},{\"@type\":\"WebSite\",\"@id\":\"https:\\\/\\\/kibrisdakik.com\\\/#website\",\"url\":\"https:\\\/\\\/kibrisdakik.com\\\/\",\"name\":\"\",\"description\":\"Tam vaktinde haber\",\"potentialAction\":[{\"@type\":\"SearchAction\",\"target\":{\"@type\":\"EntryPoint\",\"urlTemplate\":\"https:\\\/\\\/kibrisdakik.com\\\/?s={search_term_string}\"},\"query-input\":{\"@type\":\"PropertyValueSpecification\",\"valueRequired\":true,\"valueName\":\"search_term_string\"}}],\"inLanguage\":\"tr\"},{\"@type\":\"Person\",\"@id\":\"https:\\\/\\\/kibrisdakik.com\\\/#\\\/schema\\\/person\\\/9cd9d437bbb44f72b73ba127e06d8e79\",\"name\":\"admin\",\"image\":{\"@type\":\"ImageObject\",\"inLanguage\":\"tr\",\"@id\":\"https:\\\/\\\/secure.gravatar.com\\\/avatar\\\/ccc17943b9d660506c869530f897617f7cb1c21a4bf30023f252596d83e1f007?s=96&d=mm&r=g\",\"url\":\"https:\\\/\\\/secure.gravatar.com\\\/avatar\\\/ccc17943b9d660506c869530f897617f7cb1c21a4bf30023f252596d83e1f007?s=96&d=mm&r=g\",\"contentUrl\":\"https:\\\/\\\/secure.gravatar.com\\\/avatar\\\/ccc17943b9d660506c869530f897617f7cb1c21a4bf30023f252596d83e1f007?s=96&d=mm&r=g\",\"caption\":\"admin\"},\"sameAs\":[\"https:\\\/\\\/kibrisdakik.com\"],\"url\":\"https:\\\/\\\/kibrisdakik.com\\\/?author=1\"}]}<\/script>\n<!-- \/ Yoast SEO plugin. -->","yoast_head_json":{"title":"Bakan Ertu\u011frulo\u011flu, Starmer\u2019in K\u0131br\u0131s ziyaretine ili\u015fkin ele\u015ftiride bulundu -","robots":{"index":"index","follow":"follow","max-snippet":"max-snippet:-1","max-image-preview":"max-image-preview:large","max-video-preview":"max-video-preview:-1"},"canonical":"https:\/\/kibrisdakik.com\/?p=71650","og_locale":"tr_TR","og_type":"article","og_title":"Bakan Ertu\u011frulo\u011flu, Starmer\u2019in K\u0131br\u0131s ziyaretine ili\u015fkin ele\u015ftiride bulundu -","og_description":"D\u0131\u015fi\u015fleri Bakan\u0131 Tahsin Ertu\u011frulo\u011flu, \u0130ngiltere Ba\u015fbakan\u0131 Keir Starmer\u2019in G\u00fcney K\u0131br\u0131s Rum Y\u00f6netimi\u2019ne yapt\u0131\u011f\u0131 ziyareti NTV\u2019ye de\u011ferlendirdi. Bakan Ertu\u011frulo\u011flu, \u201cVay efendim niye Rumla gitti konu\u015ftu da bize gelmedi. Bu benim i\u00e7in bir \u015fikayet konusu de\u011fil. \u0130ngiliz Ba\u015fbakan\u0131 iyi de gelmedi\u201d dedi. Ertu\u011frulo\u011flu, \u0130ngiltere\u2019nin bu ziyareti ile garant\u00f6r \u00fclke konumuna g\u00f6lge d\u00fc\u015f\u00fcrd\u00fc\u011f\u00fcn\u00fc belirterek, \u201cK\u0131br\u0131s T\u00fcrk halk\u0131na en","og_url":"https:\/\/kibrisdakik.com\/?p=71650","article_published_time":"2024-12-16T15:32:48+00:00","og_image":[{"width":840,"height":560,"url":"https:\/\/kibrisdakik.com\/wp-content\/uploads\/2024\/10\/tahsin-ertugruloglu22-740x420.jpg","type":"image\/jpeg"}],"author":"admin","twitter_card":"summary_large_image","twitter_misc":{"Yazan:":"admin","Tahmini okuma s\u00fcresi":"2 dakika"},"schema":{"@context":"https:\/\/schema.org","@graph":[{"@type":"Article","@id":"https:\/\/kibrisdakik.com\/?p=71650#article","isPartOf":{"@id":"https:\/\/kibrisdakik.com\/?p=71650"},"author":{"name":"admin","@id":"https:\/\/kibrisdakik.com\/#\/schema\/person\/9cd9d437bbb44f72b73ba127e06d8e79"},"headline":"Bakan Ertu\u011frulo\u011flu, Starmer\u2019in K\u0131br\u0131s ziyaretine ili\u015fkin ele\u015ftiride bulundu","datePublished":"2024-12-16T15:32:48+00:00","mainEntityOfPage":{"@id":"https:\/\/kibrisdakik.com\/?p=71650"},"wordCount":363,"commentCount":0,"image":{"@id":"https:\/\/kibrisdakik.com\/?p=71650#primaryimage"},"thumbnailUrl":"https:\/\/kibrisdakik.com\/wp-content\/uploads\/2024\/10\/tahsin-ertugruloglu22-740x420.jpg","articleSection":["K\u0131br\u0131s"],"inLanguage":"tr","potentialAction":[{"@type":"CommentAction","name":"Comment","target":["https:\/\/kibrisdakik.com\/?p=71650#respond"]}]},{"@type":"WebPage","@id":"https:\/\/kibrisdakik.com\/?p=71650","url":"https:\/\/kibrisdakik.com\/?p=71650","name":"Bakan Ertu\u011frulo\u011flu, Starmer\u2019in K\u0131br\u0131s ziyaretine ili\u015fkin ele\u015ftiride bulundu -","isPartOf":{"@id":"https:\/\/kibrisdakik.com\/#website"},"primaryImageOfPage":{"@id":"https:\/\/kibrisdakik.com\/?p=71650#primaryimage"},"image":{"@id":"https:\/\/kibrisdakik.com\/?p=71650#primaryimage"},"thumbnailUrl":"https:\/\/kibrisdakik.com\/wp-content\/uploads\/2024\/10\/tahsin-ertugruloglu22-740x420.jpg","datePublished":"2024-12-16T15:32:48+00:00","author":{"@id":"https:\/\/kibrisdakik.com\/#\/schema\/person\/9cd9d437bbb44f72b73ba127e06d8e79"},"breadcrumb":{"@id":"https:\/\/kibrisdakik.com\/?p=71650#breadcrumb"},"inLanguage":"tr","potentialAction":[{"@type":"ReadAction","target":["https:\/\/kibrisdakik.com\/?p=71650"]}]},{"@type":"ImageObject","inLanguage":"tr","@id":"https:\/\/kibrisdakik.com\/?p=71650#primaryimage","url":"https:\/\/kibrisdakik.com\/wp-content\/uploads\/2024\/10\/tahsin-ertugruloglu22-740x420.jpg","contentUrl":"https:\/\/kibrisdakik.com\/wp-content\/uploads\/2024\/10\/tahsin-ertugruloglu22-740x420.jpg","width":840,"height":560},{"@type":"BreadcrumbList","@id":"https:\/\/kibrisdakik.com\/?p=71650#breadcrumb","itemListElement":[{"@type":"ListItem","position":1,"name":"Home","item":"https:\/\/kibrisdakik.com\/"},{"@type":"ListItem","position":2,"name":"Bakan Ertu\u011frulo\u011flu, Starmer\u2019in K\u0131br\u0131s ziyaretine ili\u015fkin ele\u015ftiride bulundu"}]},{"@type":"WebSite","@id":"https:\/\/kibrisdakik.com\/#website","url":"https:\/\/kibrisdakik.com\/","name":"","description":"Tam vaktinde haber","potentialAction":[{"@type":"SearchAction","target":{"@type":"EntryPoint","urlTemplate":"https:\/\/kibrisdakik.com\/?s={search_term_string}"},"query-input":{"@type":"PropertyValueSpecification","valueRequired":true,"valueName":"search_term_string"}}],"inLanguage":"tr"},{"@type":"Person","@id":"https:\/\/kibrisdakik.com\/#\/schema\/person\/9cd9d437bbb44f72b73ba127e06d8e79","name":"admin","image":{"@type":"ImageObject","inLanguage":"tr","@id":"https:\/\/secure.gravatar.com\/avatar\/ccc17943b9d660506c869530f897617f7cb1c21a4bf30023f252596d83e1f007?s=96&d=mm&r=g","url":"https:\/\/secure.gravatar.com\/avatar\/ccc17943b9d660506c869530f897617f7cb1c21a4bf30023f252596d83e1f007?s=96&d=mm&r=g","contentUrl":"https:\/\/secure.gravatar.com\/avatar\/ccc17943b9d660506c869530f897617f7cb1c21a4bf30023f252596d83e1f007?s=96&d=mm&r=g","caption":"admin"},"sameAs":["https:\/\/kibrisdakik.com"],"url":"https:\/\/kibrisdakik.com\/?author=1"}]}},"_links":{"self":[{"href":"https:\/\/kibrisdakik.com\/index.php?rest_route=\/wp\/v2\/posts\/71650","targetHints":{"allow":["GET"]}}],"collection":[{"href":"https:\/\/kibrisdakik.com\/index.php?rest_route=\/wp\/v2\/posts"}],"about":[{"href":"https:\/\/kibrisdakik.com\/index.php?rest_route=\/wp\/v2\/types\/post"}],"author":[{"embeddable":true,"href":"https:\/\/kibrisdakik.com\/index.php?rest_route=\/wp\/v2\/users\/1"}],"replies":[{"embeddable":true,"href":"https:\/\/kibrisdakik.com\/index.php?rest_route=%2Fwp%2Fv2%2Fcomments&post=71650"}],"version-history":[{"count":0,"href":"https:\/\/kibrisdakik.com\/index.php?rest_route=\/wp\/v2\/posts\/71650\/revisions"}],"wp:featuredmedia":[{"embeddable":true,"href":"https:\/\/kibrisdakik.com\/index.php?rest_route=\/wp\/v2\/media\/68059"}],"wp:attachment":[{"href":"https:\/\/kibrisdakik.com\/index.php?rest_route=%2Fwp%2Fv2%2Fmedia&parent=71650"}],"wp:term":[{"taxonomy":"category","embeddable":true,"href":"https:\/\/kibrisdakik.com\/index.php?rest_route=%2Fwp%2Fv2%2Fcategories&post=71650"},{"taxonomy":"post_tag","embeddable":true,"href":"https:\/\/kibrisdakik.com\/index.php?rest_route=%2Fwp%2Fv2%2Ftags&post=71650"}],"curies":[{"name":"wp","href":"https:\/\/api.w.org\/{rel}","templated":true}]}}