{"id":71694,"date":"2024-12-17T11:22:00","date_gmt":"2024-12-17T08:22:00","guid":{"rendered":"https:\/\/kibrisdakik.com\/index.php\/2024\/12\/17\/ozturklersendikalar-arasi-isbirliklerini-onemsiyoruz\/"},"modified":"2024-12-17T11:22:00","modified_gmt":"2024-12-17T08:22:00","slug":"ozturklersendikalar-arasi-isbirliklerini-onemsiyoruz","status":"publish","type":"post","link":"https:\/\/kibrisdakik.com\/?p=71694","title":{"rendered":"\u00d6zt\u00fcrkler:Sendikalar aras\u0131 i\u015fbirliklerini \u00f6nemsiyoruz"},"content":{"rendered":"<p><\/p>\n<div>\n<div class=\"mariselle-image-container center\">\n                <img loading=\"lazy\" decoding=\"async\" width=\"2560\" height=\"1706\" class=\"lazy-image\" alt=\"\" sizes=\"auto, (max-width: 2560px) 100vw, 2560px\" src=\"https:\/\/brtk.net\/wp-content\/uploads\/2024\/12\/17\/swljrsqkjs.jpeg?ver=0def4799a147e80c4106b238659ea3a6\" srcset=\"https:\/\/brtk.net\/wp-content\/uploads\/2024\/12\/17\/swljrsqkjs.jpeg?ver=0def4799a147e80c4106b238659ea3a6 2560w, https:\/\/brtk.net\/wp-content\/uploads\/2024\/12\/17\/swljrsqkjs-300x200.jpeg?ver=0def4799a147e80c4106b238659ea3a6 300w, https:\/\/brtk.net\/wp-content\/uploads\/2024\/12\/17\/swljrsqkjs-1024x682.jpeg?ver=f2abde9e048de7b1608bc9d3ba718b31 1024w, https:\/\/brtk.net\/wp-content\/uploads\/2024\/12\/17\/swljrsqkjs-768x512.jpeg?ver=bdf3a8fae33b8e94acfd6ce0d4fd2ff0 768w, https:\/\/brtk.net\/wp-content\/uploads\/2024\/12\/17\/swljrsqkjs-1536x1024.jpeg?ver=8bca9ab497fc1a669ff872c1727e7c84 1536w, https:\/\/brtk.net\/wp-content\/uploads\/2024\/12\/17\/swljrsqkjs-2048x1365.jpeg?ver=70c551d9139fa983419e494a447cbb94 2048w\"\/>                            <\/div>\n<p>Cumhuriyet Meclisi Ba\u015fkan\u0131 Ziya \u00d6zt\u00fcrkler, T\u00fcrkiye Memur Sendikalar\u0131 Konfederasyonu (Memur-Sen) heyetini kabul etti.<\/p>\n<p>Meclisten yap\u0131lan a\u00e7\u0131klamada g\u00f6re, Memur-Sen ve E\u011fitim Bir-Sen Genel Ba\u015fkan\u0131 Ali Yal\u00e7\u0131n, i\u015f birli\u011fi yapmak ve \u00e7e\u015fitli temaslarda bulunmak \u00fczere KKTC\u2019ye geldiklerini belirtti.<\/p>\n<p>Cumhuriyet Meclisi Ba\u015fkan\u0131 Ziya \u00d6zt\u00fcrkler, sendika faaliyetlerinin \u00f6nemine dikkat \u00e7ekerek, sendikalar\u0131n en \u00f6nemli \u00f6zelliklerinden birinin \u00fclkesini korumak ve \u00e7al\u0131\u015fanlar\u0131n\u0131n haklar\u0131n\u0131 savunmak oldu\u011funu s\u00f6yledi.<\/p>\n<p>\u00d6zt\u00fcrkler, \u201c\u00c7al\u0131\u015fanlar\u0131n daha iyi bir ortamda \u00e7al\u0131\u015fabilmesi ve \u00f6zl\u00fck haklar\u0131n\u0131 savunmak i\u00e7in sendikalar\u0131n etkin olmas\u0131 gerekmektedir. Anavatan\u0131m\u0131z T\u00fcrkiye Cumhuriyeti ile Kuzey K\u0131br\u0131s T\u00fcrk Cumhuriyeti aras\u0131nda kurulacak i\u015f birlikleri her zaman bize g\u00fc\u00e7 katm\u0131\u015ft\u0131r\u201d dedi.<\/p>\n<p>Sendikalar\u0131n demokratik toplumlar\u0131n vazge\u00e7ilmez unsurlar\u0131 oldu\u011funu ve kamu \u00e7al\u0131\u015fanlar\u0131n\u0131n haklar\u0131n\u0131n korunmas\u0131 ve geli\u015ftirilmesinde \u00f6nemli bir rol oynad\u0131\u011f\u0131n\u0131 belirten \u00d6zt\u00fcrkler, sendikalar aras\u0131 i\u015f birliklerinin, kamu \u00e7al\u0131\u015fanlar\u0131n\u0131n haklar\u0131n\u0131 savunma ve geli\u015ftirme \u00e7abalar\u0131n\u0131n bir par\u00e7as\u0131 oldu\u011funu vurgulad\u0131.<\/p>\n<p>T\u00fcrkiye B\u00fcy\u00fck Millet Meclisi Ba\u015fkan\u0131 Numan Kurtulmu\u015f ve T\u00fcrkiye Cumhuriyeti Cumhurba\u015fkan\u0131 Yard\u0131mc\u0131s\u0131 Cevdet Y\u0131lmaz ile ger\u00e7ekle\u015ftirdi\u011fi resmi temaslara de\u011finen \u00d6zt\u00fcrkler, \u201cKuzey K\u0131br\u0131s T\u00fcrk Cumhuriyeti\u2019nin daha ileriye gitmesi ve daha g\u00fczel g\u00fcnler g\u00f6rmesi i\u00e7in tam desteklerini beyan etmi\u015flerdir\u201d dedi.<\/p>\n<p>\u00d6zt\u00fcrkler, T\u00fcrkiye Cumhuriyeti Cumhurba\u015fkan\u0131 Recep Tayyip Erdo\u011fan\u2019\u0131n destekleriyle KKTC\u2019nin T\u00fcrk Devletleri Te\u015fkilat\u0131\u2019na g\u00f6zlemci \u00fcye olarak kat\u0131ld\u0131\u011f\u0131n\u0131 ve bu \u00fcyeli\u011fin daim \u00fcyeli\u011fe d\u00f6n\u00fc\u015fmesini umduklar\u0131n\u0131 ifade etti.<\/p>\n<p>Konu\u015fmalar\u0131n ard\u0131ndan  hediye teatisinde bulunuldu.<\/p>\n<\/p><\/div>\n<p><script async\n                    defer\n                    crossorigin=\"anonymous\"\n                    src=\"https:\/\/connect.facebook.net\/tr_TR\/sdk.js#xfbml=1&#038;version=v3.3\"\n            ><\/script><\/p>\n","protected":false},"excerpt":{"rendered":"<p>Cumhuriyet Meclisi Ba\u015fkan\u0131 Ziya \u00d6zt\u00fcrkler, T\u00fcrkiye Memur Sendikalar\u0131 Konfederasyonu (Memur-Sen) heyetini kabul etti. Meclisten yap\u0131lan a\u00e7\u0131klamada g\u00f6re, Memur-Sen ve E\u011fitim Bir-Sen Genel Ba\u015fkan\u0131 Ali Yal\u00e7\u0131n, i\u015f birli\u011fi yapmak ve \u00e7e\u015fitli temaslarda bulunmak \u00fczere KKTC\u2019ye geldiklerini belirtti. Cumhuriyet Meclisi Ba\u015fkan\u0131 Ziya \u00d6zt\u00fcrkler, sendika faaliyetlerinin \u00f6nemine dikkat \u00e7ekerek, sendikalar\u0131n en \u00f6nemli \u00f6zelliklerinden birinin \u00fclkesini korumak ve \u00e7al\u0131\u015fanlar\u0131n\u0131n<\/p>\n","protected":false},"author":1,"featured_media":71695,"comment_status":"open","ping_status":"open","sticky":false,"template":"","format":"standard","meta":{"footnotes":""},"categories":[86],"tags":[],"class_list":["post-71694","post","type-post","status-publish","format-standard","has-post-thumbnail","hentry","category-turkiye"],"yoast_head":"<!-- This site is optimized with the Yoast SEO plugin v27.4 - https:\/\/yoast.com\/product\/yoast-seo-wordpress\/ -->\n<title>\u00d6zt\u00fcrkler:Sendikalar aras\u0131 i\u015fbirliklerini \u00f6nemsiyoruz -<\/title>\n<meta name=\"robots\" content=\"index, follow, max-snippet:-1, max-image-preview:large, max-video-preview:-1\" \/>\n<link rel=\"canonical\" href=\"https:\/\/kibrisdakik.com\/?p=71694\" \/>\n<meta property=\"og:locale\" content=\"tr_TR\" \/>\n<meta property=\"og:type\" content=\"article\" \/>\n<meta property=\"og:title\" content=\"\u00d6zt\u00fcrkler:Sendikalar aras\u0131 i\u015fbirliklerini \u00f6nemsiyoruz -\" \/>\n<meta property=\"og:description\" content=\"Cumhuriyet Meclisi Ba\u015fkan\u0131 Ziya \u00d6zt\u00fcrkler, T\u00fcrkiye Memur Sendikalar\u0131 Konfederasyonu (Memur-Sen) heyetini kabul etti. Meclisten yap\u0131lan a\u00e7\u0131klamada g\u00f6re, Memur-Sen ve E\u011fitim Bir-Sen Genel Ba\u015fkan\u0131 Ali Yal\u00e7\u0131n, i\u015f birli\u011fi yapmak ve \u00e7e\u015fitli temaslarda bulunmak \u00fczere KKTC\u2019ye geldiklerini belirtti. Cumhuriyet Meclisi Ba\u015fkan\u0131 Ziya \u00d6zt\u00fcrkler, sendika faaliyetlerinin \u00f6nemine dikkat \u00e7ekerek, sendikalar\u0131n en \u00f6nemli \u00f6zelliklerinden birinin \u00fclkesini korumak ve \u00e7al\u0131\u015fanlar\u0131n\u0131n\" \/>\n<meta property=\"og:url\" content=\"https:\/\/kibrisdakik.com\/?p=71694\" \/>\n<meta property=\"article:published_time\" content=\"2024-12-17T08:22:00+00:00\" \/>\n<meta property=\"og:image\" content=\"https:\/\/kibrisdakik.com\/wp-content\/uploads\/2024\/12\/swljrsqkjs-740x420.jpeg\" \/>\n\t<meta property=\"og:image:width\" content=\"2560\" \/>\n\t<meta property=\"og:image:height\" content=\"1706\" \/>\n\t<meta property=\"og:image:type\" content=\"image\/jpeg\" \/>\n<meta name=\"author\" content=\"admin\" \/>\n<meta name=\"twitter:card\" content=\"summary_large_image\" \/>\n<meta name=\"twitter:label1\" content=\"Yazan:\" \/>\n\t<meta name=\"twitter:data1\" content=\"admin\" \/>\n\t<meta name=\"twitter:label2\" content=\"Tahmini okuma s\u00fcresi\" \/>\n\t<meta name=\"twitter:data2\" content=\"1 dakika\" \/>\n<script type=\"application\/ld+json\" class=\"yoast-schema-graph\">{\"@context\":\"https:\\\/\\\/schema.org\",\"@graph\":[{\"@type\":\"Article\",\"@id\":\"https:\\\/\\\/kibrisdakik.com\\\/?p=71694#article\",\"isPartOf\":{\"@id\":\"https:\\\/\\\/kibrisdakik.com\\\/?p=71694\"},\"author\":{\"name\":\"admin\",\"@id\":\"https:\\\/\\\/kibrisdakik.com\\\/#\\\/schema\\\/person\\\/9cd9d437bbb44f72b73ba127e06d8e79\"},\"headline\":\"\u00d6zt\u00fcrkler:Sendikalar aras\u0131 i\u015fbirliklerini \u00f6nemsiyoruz\",\"datePublished\":\"2024-12-17T08:22:00+00:00\",\"mainEntityOfPage\":{\"@id\":\"https:\\\/\\\/kibrisdakik.com\\\/?p=71694\"},\"wordCount\":304,\"commentCount\":0,\"image\":{\"@id\":\"https:\\\/\\\/kibrisdakik.com\\\/?p=71694#primaryimage\"},\"thumbnailUrl\":\"https:\\\/\\\/kibrisdakik.com\\\/wp-content\\\/uploads\\\/2024\\\/12\\\/swljrsqkjs-740x420.jpeg\",\"articleSection\":[\"T\u00fcrkiye\"],\"inLanguage\":\"tr\",\"potentialAction\":[{\"@type\":\"CommentAction\",\"name\":\"Comment\",\"target\":[\"https:\\\/\\\/kibrisdakik.com\\\/?p=71694#respond\"]}]},{\"@type\":\"WebPage\",\"@id\":\"https:\\\/\\\/kibrisdakik.com\\\/?p=71694\",\"url\":\"https:\\\/\\\/kibrisdakik.com\\\/?p=71694\",\"name\":\"\u00d6zt\u00fcrkler:Sendikalar aras\u0131 i\u015fbirliklerini \u00f6nemsiyoruz -\",\"isPartOf\":{\"@id\":\"https:\\\/\\\/kibrisdakik.com\\\/#website\"},\"primaryImageOfPage\":{\"@id\":\"https:\\\/\\\/kibrisdakik.com\\\/?p=71694#primaryimage\"},\"image\":{\"@id\":\"https:\\\/\\\/kibrisdakik.com\\\/?p=71694#primaryimage\"},\"thumbnailUrl\":\"https:\\\/\\\/kibrisdakik.com\\\/wp-content\\\/uploads\\\/2024\\\/12\\\/swljrsqkjs-740x420.jpeg\",\"datePublished\":\"2024-12-17T08:22:00+00:00\",\"author\":{\"@id\":\"https:\\\/\\\/kibrisdakik.com\\\/#\\\/schema\\\/person\\\/9cd9d437bbb44f72b73ba127e06d8e79\"},\"breadcrumb\":{\"@id\":\"https:\\\/\\\/kibrisdakik.com\\\/?p=71694#breadcrumb\"},\"inLanguage\":\"tr\",\"potentialAction\":[{\"@type\":\"ReadAction\",\"target\":[\"https:\\\/\\\/kibrisdakik.com\\\/?p=71694\"]}]},{\"@type\":\"ImageObject\",\"inLanguage\":\"tr\",\"@id\":\"https:\\\/\\\/kibrisdakik.com\\\/?p=71694#primaryimage\",\"url\":\"https:\\\/\\\/kibrisdakik.com\\\/wp-content\\\/uploads\\\/2024\\\/12\\\/swljrsqkjs-740x420.jpeg\",\"contentUrl\":\"https:\\\/\\\/kibrisdakik.com\\\/wp-content\\\/uploads\\\/2024\\\/12\\\/swljrsqkjs-740x420.jpeg\",\"width\":2560,\"height\":1706},{\"@type\":\"BreadcrumbList\",\"@id\":\"https:\\\/\\\/kibrisdakik.com\\\/?p=71694#breadcrumb\",\"itemListElement\":[{\"@type\":\"ListItem\",\"position\":1,\"name\":\"Home\",\"item\":\"https:\\\/\\\/kibrisdakik.com\\\/\"},{\"@type\":\"ListItem\",\"position\":2,\"name\":\"\u00d6zt\u00fcrkler:Sendikalar aras\u0131 i\u015fbirliklerini \u00f6nemsiyoruz\"}]},{\"@type\":\"WebSite\",\"@id\":\"https:\\\/\\\/kibrisdakik.com\\\/#website\",\"url\":\"https:\\\/\\\/kibrisdakik.com\\\/\",\"name\":\"\",\"description\":\"Tam vaktinde haber\",\"potentialAction\":[{\"@type\":\"SearchAction\",\"target\":{\"@type\":\"EntryPoint\",\"urlTemplate\":\"https:\\\/\\\/kibrisdakik.com\\\/?s={search_term_string}\"},\"query-input\":{\"@type\":\"PropertyValueSpecification\",\"valueRequired\":true,\"valueName\":\"search_term_string\"}}],\"inLanguage\":\"tr\"},{\"@type\":\"Person\",\"@id\":\"https:\\\/\\\/kibrisdakik.com\\\/#\\\/schema\\\/person\\\/9cd9d437bbb44f72b73ba127e06d8e79\",\"name\":\"admin\",\"image\":{\"@type\":\"ImageObject\",\"inLanguage\":\"tr\",\"@id\":\"https:\\\/\\\/secure.gravatar.com\\\/avatar\\\/ccc17943b9d660506c869530f897617f7cb1c21a4bf30023f252596d83e1f007?s=96&d=mm&r=g\",\"url\":\"https:\\\/\\\/secure.gravatar.com\\\/avatar\\\/ccc17943b9d660506c869530f897617f7cb1c21a4bf30023f252596d83e1f007?s=96&d=mm&r=g\",\"contentUrl\":\"https:\\\/\\\/secure.gravatar.com\\\/avatar\\\/ccc17943b9d660506c869530f897617f7cb1c21a4bf30023f252596d83e1f007?s=96&d=mm&r=g\",\"caption\":\"admin\"},\"sameAs\":[\"https:\\\/\\\/kibrisdakik.com\"],\"url\":\"https:\\\/\\\/kibrisdakik.com\\\/?author=1\"}]}<\/script>\n<!-- \/ Yoast SEO plugin. -->","yoast_head_json":{"title":"\u00d6zt\u00fcrkler:Sendikalar aras\u0131 i\u015fbirliklerini \u00f6nemsiyoruz -","robots":{"index":"index","follow":"follow","max-snippet":"max-snippet:-1","max-image-preview":"max-image-preview:large","max-video-preview":"max-video-preview:-1"},"canonical":"https:\/\/kibrisdakik.com\/?p=71694","og_locale":"tr_TR","og_type":"article","og_title":"\u00d6zt\u00fcrkler:Sendikalar aras\u0131 i\u015fbirliklerini \u00f6nemsiyoruz -","og_description":"Cumhuriyet Meclisi Ba\u015fkan\u0131 Ziya \u00d6zt\u00fcrkler, T\u00fcrkiye Memur Sendikalar\u0131 Konfederasyonu (Memur-Sen) heyetini kabul etti. Meclisten yap\u0131lan a\u00e7\u0131klamada g\u00f6re, Memur-Sen ve E\u011fitim Bir-Sen Genel Ba\u015fkan\u0131 Ali Yal\u00e7\u0131n, i\u015f birli\u011fi yapmak ve \u00e7e\u015fitli temaslarda bulunmak \u00fczere KKTC\u2019ye geldiklerini belirtti. Cumhuriyet Meclisi Ba\u015fkan\u0131 Ziya \u00d6zt\u00fcrkler, sendika faaliyetlerinin \u00f6nemine dikkat \u00e7ekerek, sendikalar\u0131n en \u00f6nemli \u00f6zelliklerinden birinin \u00fclkesini korumak ve \u00e7al\u0131\u015fanlar\u0131n\u0131n","og_url":"https:\/\/kibrisdakik.com\/?p=71694","article_published_time":"2024-12-17T08:22:00+00:00","og_image":[{"width":2560,"height":1706,"url":"https:\/\/kibrisdakik.com\/wp-content\/uploads\/2024\/12\/swljrsqkjs-740x420.jpeg","type":"image\/jpeg"}],"author":"admin","twitter_card":"summary_large_image","twitter_misc":{"Yazan:":"admin","Tahmini okuma s\u00fcresi":"1 dakika"},"schema":{"@context":"https:\/\/schema.org","@graph":[{"@type":"Article","@id":"https:\/\/kibrisdakik.com\/?p=71694#article","isPartOf":{"@id":"https:\/\/kibrisdakik.com\/?p=71694"},"author":{"name":"admin","@id":"https:\/\/kibrisdakik.com\/#\/schema\/person\/9cd9d437bbb44f72b73ba127e06d8e79"},"headline":"\u00d6zt\u00fcrkler:Sendikalar aras\u0131 i\u015fbirliklerini \u00f6nemsiyoruz","datePublished":"2024-12-17T08:22:00+00:00","mainEntityOfPage":{"@id":"https:\/\/kibrisdakik.com\/?p=71694"},"wordCount":304,"commentCount":0,"image":{"@id":"https:\/\/kibrisdakik.com\/?p=71694#primaryimage"},"thumbnailUrl":"https:\/\/kibrisdakik.com\/wp-content\/uploads\/2024\/12\/swljrsqkjs-740x420.jpeg","articleSection":["T\u00fcrkiye"],"inLanguage":"tr","potentialAction":[{"@type":"CommentAction","name":"Comment","target":["https:\/\/kibrisdakik.com\/?p=71694#respond"]}]},{"@type":"WebPage","@id":"https:\/\/kibrisdakik.com\/?p=71694","url":"https:\/\/kibrisdakik.com\/?p=71694","name":"\u00d6zt\u00fcrkler:Sendikalar aras\u0131 i\u015fbirliklerini \u00f6nemsiyoruz -","isPartOf":{"@id":"https:\/\/kibrisdakik.com\/#website"},"primaryImageOfPage":{"@id":"https:\/\/kibrisdakik.com\/?p=71694#primaryimage"},"image":{"@id":"https:\/\/kibrisdakik.com\/?p=71694#primaryimage"},"thumbnailUrl":"https:\/\/kibrisdakik.com\/wp-content\/uploads\/2024\/12\/swljrsqkjs-740x420.jpeg","datePublished":"2024-12-17T08:22:00+00:00","author":{"@id":"https:\/\/kibrisdakik.com\/#\/schema\/person\/9cd9d437bbb44f72b73ba127e06d8e79"},"breadcrumb":{"@id":"https:\/\/kibrisdakik.com\/?p=71694#breadcrumb"},"inLanguage":"tr","potentialAction":[{"@type":"ReadAction","target":["https:\/\/kibrisdakik.com\/?p=71694"]}]},{"@type":"ImageObject","inLanguage":"tr","@id":"https:\/\/kibrisdakik.com\/?p=71694#primaryimage","url":"https:\/\/kibrisdakik.com\/wp-content\/uploads\/2024\/12\/swljrsqkjs-740x420.jpeg","contentUrl":"https:\/\/kibrisdakik.com\/wp-content\/uploads\/2024\/12\/swljrsqkjs-740x420.jpeg","width":2560,"height":1706},{"@type":"BreadcrumbList","@id":"https:\/\/kibrisdakik.com\/?p=71694#breadcrumb","itemListElement":[{"@type":"ListItem","position":1,"name":"Home","item":"https:\/\/kibrisdakik.com\/"},{"@type":"ListItem","position":2,"name":"\u00d6zt\u00fcrkler:Sendikalar aras\u0131 i\u015fbirliklerini \u00f6nemsiyoruz"}]},{"@type":"WebSite","@id":"https:\/\/kibrisdakik.com\/#website","url":"https:\/\/kibrisdakik.com\/","name":"","description":"Tam vaktinde haber","potentialAction":[{"@type":"SearchAction","target":{"@type":"EntryPoint","urlTemplate":"https:\/\/kibrisdakik.com\/?s={search_term_string}"},"query-input":{"@type":"PropertyValueSpecification","valueRequired":true,"valueName":"search_term_string"}}],"inLanguage":"tr"},{"@type":"Person","@id":"https:\/\/kibrisdakik.com\/#\/schema\/person\/9cd9d437bbb44f72b73ba127e06d8e79","name":"admin","image":{"@type":"ImageObject","inLanguage":"tr","@id":"https:\/\/secure.gravatar.com\/avatar\/ccc17943b9d660506c869530f897617f7cb1c21a4bf30023f252596d83e1f007?s=96&d=mm&r=g","url":"https:\/\/secure.gravatar.com\/avatar\/ccc17943b9d660506c869530f897617f7cb1c21a4bf30023f252596d83e1f007?s=96&d=mm&r=g","contentUrl":"https:\/\/secure.gravatar.com\/avatar\/ccc17943b9d660506c869530f897617f7cb1c21a4bf30023f252596d83e1f007?s=96&d=mm&r=g","caption":"admin"},"sameAs":["https:\/\/kibrisdakik.com"],"url":"https:\/\/kibrisdakik.com\/?author=1"}]}},"_links":{"self":[{"href":"https:\/\/kibrisdakik.com\/index.php?rest_route=\/wp\/v2\/posts\/71694","targetHints":{"allow":["GET"]}}],"collection":[{"href":"https:\/\/kibrisdakik.com\/index.php?rest_route=\/wp\/v2\/posts"}],"about":[{"href":"https:\/\/kibrisdakik.com\/index.php?rest_route=\/wp\/v2\/types\/post"}],"author":[{"embeddable":true,"href":"https:\/\/kibrisdakik.com\/index.php?rest_route=\/wp\/v2\/users\/1"}],"replies":[{"embeddable":true,"href":"https:\/\/kibrisdakik.com\/index.php?rest_route=%2Fwp%2Fv2%2Fcomments&post=71694"}],"version-history":[{"count":0,"href":"https:\/\/kibrisdakik.com\/index.php?rest_route=\/wp\/v2\/posts\/71694\/revisions"}],"wp:featuredmedia":[{"embeddable":true,"href":"https:\/\/kibrisdakik.com\/index.php?rest_route=\/wp\/v2\/media\/71695"}],"wp:attachment":[{"href":"https:\/\/kibrisdakik.com\/index.php?rest_route=%2Fwp%2Fv2%2Fmedia&parent=71694"}],"wp:term":[{"taxonomy":"category","embeddable":true,"href":"https:\/\/kibrisdakik.com\/index.php?rest_route=%2Fwp%2Fv2%2Fcategories&post=71694"},{"taxonomy":"post_tag","embeddable":true,"href":"https:\/\/kibrisdakik.com\/index.php?rest_route=%2Fwp%2Fv2%2Ftags&post=71694"}],"curies":[{"name":"wp","href":"https:\/\/api.w.org\/{rel}","templated":true}]}}