{"id":71710,"date":"2024-12-17T15:41:56","date_gmt":"2024-12-17T12:41:56","guid":{"rendered":"https:\/\/kibrisdakik.com\/index.php\/2024\/12\/17\/basbakan-ustelden-odemelere-iliskin-onemli-aciklama-13-maaslar-ve-uretici-odemeleri-zamaninda-yapilacak\/"},"modified":"2024-12-17T15:41:56","modified_gmt":"2024-12-17T12:41:56","slug":"basbakan-ustelden-odemelere-iliskin-onemli-aciklama-13-maaslar-ve-uretici-odemeleri-zamaninda-yapilacak","status":"publish","type":"post","link":"https:\/\/kibrisdakik.com\/?p=71710","title":{"rendered":"Ba\u015fbakan \u00dcstel\u2019den \u00f6demelere ili\u015fkin \u00f6nemli a\u00e7\u0131klama: \u201913. maa\u015flar ve \u00fcretici \u00f6demeleri zaman\u0131nda yap\u0131lacak\u2019"},"content":{"rendered":"<div>\n<div class=\"mariselle-image-container center\">\n                                            <\/div>\n<p>Ba\u015fbakan \u00dcnal \u00dcstel, h\u00fck\u00fcmetin \u00e7al\u0131\u015fanlar ve \u00fcreticiler i\u00e7in taahh\u00fct etti\u011fi t\u00fcm \u00f6demeleri zaman\u0131nda ger\u00e7ekle\u015ftirece\u011fini a\u00e7\u0131klad\u0131. Kamu \u00e7al\u0131\u015fanlar\u0131 ve emeklilerinin 13. maa\u015flar\u0131 ile \u00fcreticilere yap\u0131lacak \u00f6demelerin detaylar\u0131n\u0131 payla\u015fan \u00dcstel, toplamda 5 milyar 371 milyon TL\u2019lik ek kayna\u011f\u0131n ekonomiye kazand\u0131r\u0131laca\u011f\u0131n\u0131 belirtti.<\/p>\n<p>\u00dcstel, kamu \u00e7al\u0131\u015fanlar\u0131 ve emeklilerinin 13. maa\u015flar\u0131n\u0131n 24 ve 25 Aral\u0131k tarihlerinde \u00f6denece\u011fini vurgularken, narenciye ve bu\u011fday \u00fcreticilerine y\u00f6nelik destek \u00f6demelerinin de planland\u0131\u011f\u0131 \u015fekilde yap\u0131laca\u011f\u0131n\u0131 ifade etti.<\/p>\n<p>Ba\u015fbakan \u00dcnal \u00dcstel\u2019in a\u00e7\u0131klamas\u0131n\u0131n tamam\u0131 \u015f\u00f6yle:<\/p>\n<p>\u201cH\u00fck\u00fcmetimizi kurdu\u011fumuz g\u00fcnden bug\u00fcne, ya\u015fanan t\u00fcm d\u0131\u015f kaynakl\u0131 ekonomik s\u0131k\u0131nt\u0131lara ra\u011fmen, \u00e7al\u0131\u015fanlar\u0131m\u0131z\u0131 ve \u00fcretenlerimizi ma\u011fdur etmemek, onlar\u0131 enflasyona ezdirmemek, refah seviyelerini korumak ve emeklerinin kar\u015f\u0131l\u0131\u011f\u0131n\u0131 almalar\u0131 ad\u0131na elimizden gelen t\u00fcm \u00e7abay\u0131 ortaya koydu\u011fumuz halk\u0131m\u0131z\u0131n takdirindedir.<\/p>\n<p>H\u00fck\u00fcmetimiz kamu alacaklar\u0131, krediler, hibeler ve desteklerle ilgili halka verdi\u011fi taahh\u00fctleri hem tutar hem de zaman olarak yerine getirmeye devam ediyor.<\/p>\n<p>Bu d\u00f6nem i\u00e7erisinde gerek sigortal\u0131 gerekse kamu \u00e7al\u0131\u015fan ve emeklilerimizin maa\u015flar\u0131 veya 13. Maa\u015flar\u0131 ile alakal\u0131 ak\u0131llar\u0131na hi\u00e7bir soru i\u015fareti d\u00fc\u015f\u00fcrmedik, acaba dedirtmedik. Y\u0131l\u0131n sonuna geldi\u011fimiz bu d\u00f6nemde, ortaya koydu\u011fumuz duru\u015fu yine bozmuyoruz.<\/p>\n<p>\u2013           Kamu \u00e7al\u0131\u015fanlar\u0131m\u0131z\u0131n ve kamu emeklilerimizin toplam 3 Milyar 277 milyon lira tutar\u0131ndaki 13. Maa\u015flar\u0131n\u0131 olmas\u0131 gerekti\u011fi \u015fekilde 24 Aral\u0131k tarihinde \u00f6d\u00fcyoruz.<\/p>\n<p>\u2013           45 bin 287 Sosyal Sigorta emeklimizin 1 milyar 778 milyon TL tutar\u0131ndaki 13.maa\u015f \u00f6demelerini 25 Aral\u0131k tarihinde ger\u00e7ekle\u015ftiriyoruz.<\/p>\n<p>13. Maa\u015flar\u0131n yan\u0131nda;<\/p>\n<p>\u00dcreticilerimizi de ma\u011fdur etmeyece\u011fiz ve onlar\u0131n hep yan\u0131nda duraca\u011f\u0131z s\u00f6z\u00fcm\u00fcze sahip \u00e7\u0131karak, 2023-2024 Narenciye sezonunda \u00fcr\u00fcn\u00fc dal\u0131nda kalan 619 \u00fcreticimize, 27 Bin 416 Ton \u00fcr\u00fcn\u00fc kar\u015f\u0131l\u0131\u011f\u0131nda toplam 164 Milyon 219 Bin TL\u2019lik tutar\u0131 18 Aral\u0131k 2024 tarihinde \u00f6d\u00fcyoruz.<\/p>\n<p>Ayr\u0131ca, 2024 y\u0131l\u0131 i\u00e7erisinde 542 \u00fcreticimizden al\u0131nan toplam 14 bin 413 Ton Bu\u011fday \u00fcr\u00fcn\u00fcn\u00fcn kar\u015f\u0131l\u0131\u011f\u0131 olan 152 Milyon 682 tutar\u0131ndaki bedeli de 19 Aral\u0131k 2024 tarihinde  \u00fcreticilerimize \u00f6demeye ba\u015fl\u0131yoruz.<\/p>\n<p>De\u011ferli karde\u015flerim;<\/p>\n<p>Yakla\u015f\u0131k bir haftal\u0131k bir s\u00fcre i\u00e7erisinde, rutin maa\u015f ve di\u011fer \u00f6demelerinin haricinde, yakla\u015f\u0131k 5 milyar 371 milyonluk ek bir kayna\u011f\u0131 ekonominin dola\u015f\u0131ma sokmu\u015f olaca\u011f\u0131z. Bu da ekonomimizin \u00e7arklar\u0131n\u0131n sa\u011fl\u0131kl\u0131 ve g\u00fc\u00e7l\u00fc bir \u015fekilde d\u00f6nmeye devam etmesine ayr\u0131ca katk\u0131 sa\u011flayacakt\u0131r.<\/p>\n<p>Bu vesileyle, yaratt\u0131\u011f\u0131m\u0131z ve sa\u011flad\u0131\u011f\u0131m\u0131z kaynaklarla bir kez daha vatanda\u015flar\u0131m\u0131z\u0131n al\u0131n terlerinin kar\u015f\u0131l\u0131\u011f\u0131 olan alacaklar\u0131n\u0131 zaman\u0131nda ve eksiksiz \u015fekilde \u00f6demekten duydu\u011fumuz memnuniyeti sizlerle payla\u015f\u0131yor, t\u00fcm halk\u0131m\u0131za en i\u00e7ten sayg\u0131lar\u0131m\u0131 sunuyorum.\u201d<\/p>\n<\/p><\/div>\n<p><script async\n                    defer\n                    crossorigin=\"anonymous\"\n                    src=\"https:\/\/connect.facebook.net\/tr_TR\/sdk.js#xfbml=1&#038;version=v3.3\"\n            ><\/script><\/p>\n","protected":false},"excerpt":{"rendered":"<p>Ba\u015fbakan \u00dcnal \u00dcstel, h\u00fck\u00fcmetin \u00e7al\u0131\u015fanlar ve \u00fcreticiler i\u00e7in taahh\u00fct etti\u011fi t\u00fcm \u00f6demeleri zaman\u0131nda ger\u00e7ekle\u015ftirece\u011fini a\u00e7\u0131klad\u0131. Kamu \u00e7al\u0131\u015fanlar\u0131 ve emeklilerinin 13. maa\u015flar\u0131 ile \u00fcreticilere yap\u0131lacak \u00f6demelerin detaylar\u0131n\u0131 payla\u015fan \u00dcstel, toplamda 5 milyar 371 milyon TL\u2019lik ek kayna\u011f\u0131n ekonomiye kazand\u0131r\u0131laca\u011f\u0131n\u0131 belirtti. \u00dcstel, kamu \u00e7al\u0131\u015fanlar\u0131 ve emeklilerinin 13. maa\u015flar\u0131n\u0131n 24 ve 25 Aral\u0131k tarihlerinde \u00f6denece\u011fini vurgularken, narenciye ve<\/p>\n","protected":false},"author":1,"featured_media":66220,"comment_status":"open","ping_status":"open","sticky":false,"template":"","format":"standard","meta":{"footnotes":""},"categories":[81],"tags":[],"class_list":["post-71710","post","type-post","status-publish","format-standard","has-post-thumbnail","hentry","category-kibris"],"yoast_head":"<!-- This site is optimized with the Yoast SEO plugin v27.5 - https:\/\/yoast.com\/product\/yoast-seo-wordpress\/ -->\n<title>Ba\u015fbakan \u00dcstel\u2019den \u00f6demelere ili\u015fkin \u00f6nemli a\u00e7\u0131klama: \u201913. maa\u015flar ve \u00fcretici \u00f6demeleri zaman\u0131nda yap\u0131lacak\u2019 -<\/title>\n<meta name=\"robots\" content=\"index, follow, max-snippet:-1, max-image-preview:large, max-video-preview:-1\" \/>\n<link rel=\"canonical\" href=\"https:\/\/kibrisdakik.com\/?p=71710\" \/>\n<meta property=\"og:locale\" content=\"tr_TR\" \/>\n<meta property=\"og:type\" content=\"article\" \/>\n<meta property=\"og:title\" content=\"Ba\u015fbakan \u00dcstel\u2019den \u00f6demelere ili\u015fkin \u00f6nemli a\u00e7\u0131klama: \u201913. maa\u015flar ve \u00fcretici \u00f6demeleri zaman\u0131nda yap\u0131lacak\u2019 -\" \/>\n<meta property=\"og:description\" content=\"Ba\u015fbakan \u00dcnal \u00dcstel, h\u00fck\u00fcmetin \u00e7al\u0131\u015fanlar ve \u00fcreticiler i\u00e7in taahh\u00fct etti\u011fi t\u00fcm \u00f6demeleri zaman\u0131nda ger\u00e7ekle\u015ftirece\u011fini a\u00e7\u0131klad\u0131. Kamu \u00e7al\u0131\u015fanlar\u0131 ve emeklilerinin 13. maa\u015flar\u0131 ile \u00fcreticilere yap\u0131lacak \u00f6demelerin detaylar\u0131n\u0131 payla\u015fan \u00dcstel, toplamda 5 milyar 371 milyon TL\u2019lik ek kayna\u011f\u0131n ekonomiye kazand\u0131r\u0131laca\u011f\u0131n\u0131 belirtti. \u00dcstel, kamu \u00e7al\u0131\u015fanlar\u0131 ve emeklilerinin 13. maa\u015flar\u0131n\u0131n 24 ve 25 Aral\u0131k tarihlerinde \u00f6denece\u011fini vurgularken, narenciye ve\" \/>\n<meta property=\"og:url\" content=\"https:\/\/kibrisdakik.com\/?p=71710\" \/>\n<meta property=\"article:published_time\" content=\"2024-12-17T12:41:56+00:00\" \/>\n<meta property=\"og:image\" content=\"https:\/\/kibrisdakik.com\/wp-content\/uploads\/2024\/10\/ustel-new-24-740x420.jpg\" \/>\n\t<meta property=\"og:image:width\" content=\"1466\" \/>\n\t<meta property=\"og:image:height\" content=\"508\" \/>\n\t<meta property=\"og:image:type\" content=\"image\/jpeg\" \/>\n<meta name=\"author\" content=\"admin\" \/>\n<meta name=\"twitter:card\" content=\"summary_large_image\" \/>\n<meta name=\"twitter:label1\" content=\"Yazan:\" \/>\n\t<meta name=\"twitter:data1\" content=\"admin\" \/>\n\t<meta name=\"twitter:label2\" content=\"Tahmini okuma s\u00fcresi\" \/>\n\t<meta name=\"twitter:data2\" content=\"2 dakika\" \/>\n<script type=\"application\/ld+json\" class=\"yoast-schema-graph\">{\"@context\":\"https:\\\/\\\/schema.org\",\"@graph\":[{\"@type\":\"Article\",\"@id\":\"https:\\\/\\\/kibrisdakik.com\\\/?p=71710#article\",\"isPartOf\":{\"@id\":\"https:\\\/\\\/kibrisdakik.com\\\/?p=71710\"},\"author\":{\"name\":\"admin\",\"@id\":\"https:\\\/\\\/kibrisdakik.com\\\/#\\\/schema\\\/person\\\/9cd9d437bbb44f72b73ba127e06d8e79\"},\"headline\":\"Ba\u015fbakan \u00dcstel\u2019den \u00f6demelere ili\u015fkin \u00f6nemli a\u00e7\u0131klama: \u201913. maa\u015flar ve \u00fcretici \u00f6demeleri zaman\u0131nda yap\u0131lacak\u2019\",\"datePublished\":\"2024-12-17T12:41:56+00:00\",\"mainEntityOfPage\":{\"@id\":\"https:\\\/\\\/kibrisdakik.com\\\/?p=71710\"},\"wordCount\":493,\"commentCount\":0,\"image\":{\"@id\":\"https:\\\/\\\/kibrisdakik.com\\\/?p=71710#primaryimage\"},\"thumbnailUrl\":\"https:\\\/\\\/kibrisdakik.com\\\/wp-content\\\/uploads\\\/2024\\\/10\\\/ustel-new-24-740x420.jpg\",\"articleSection\":[\"K\u0131br\u0131s\"],\"inLanguage\":\"tr\",\"potentialAction\":[{\"@type\":\"CommentAction\",\"name\":\"Comment\",\"target\":[\"https:\\\/\\\/kibrisdakik.com\\\/?p=71710#respond\"]}]},{\"@type\":\"WebPage\",\"@id\":\"https:\\\/\\\/kibrisdakik.com\\\/?p=71710\",\"url\":\"https:\\\/\\\/kibrisdakik.com\\\/?p=71710\",\"name\":\"Ba\u015fbakan \u00dcstel\u2019den \u00f6demelere ili\u015fkin \u00f6nemli a\u00e7\u0131klama: \u201913. maa\u015flar ve \u00fcretici \u00f6demeleri zaman\u0131nda yap\u0131lacak\u2019 -\",\"isPartOf\":{\"@id\":\"https:\\\/\\\/kibrisdakik.com\\\/#website\"},\"primaryImageOfPage\":{\"@id\":\"https:\\\/\\\/kibrisdakik.com\\\/?p=71710#primaryimage\"},\"image\":{\"@id\":\"https:\\\/\\\/kibrisdakik.com\\\/?p=71710#primaryimage\"},\"thumbnailUrl\":\"https:\\\/\\\/kibrisdakik.com\\\/wp-content\\\/uploads\\\/2024\\\/10\\\/ustel-new-24-740x420.jpg\",\"datePublished\":\"2024-12-17T12:41:56+00:00\",\"author\":{\"@id\":\"https:\\\/\\\/kibrisdakik.com\\\/#\\\/schema\\\/person\\\/9cd9d437bbb44f72b73ba127e06d8e79\"},\"breadcrumb\":{\"@id\":\"https:\\\/\\\/kibrisdakik.com\\\/?p=71710#breadcrumb\"},\"inLanguage\":\"tr\",\"potentialAction\":[{\"@type\":\"ReadAction\",\"target\":[\"https:\\\/\\\/kibrisdakik.com\\\/?p=71710\"]}]},{\"@type\":\"ImageObject\",\"inLanguage\":\"tr\",\"@id\":\"https:\\\/\\\/kibrisdakik.com\\\/?p=71710#primaryimage\",\"url\":\"https:\\\/\\\/kibrisdakik.com\\\/wp-content\\\/uploads\\\/2024\\\/10\\\/ustel-new-24-740x420.jpg\",\"contentUrl\":\"https:\\\/\\\/kibrisdakik.com\\\/wp-content\\\/uploads\\\/2024\\\/10\\\/ustel-new-24-740x420.jpg\",\"width\":1466,\"height\":508},{\"@type\":\"BreadcrumbList\",\"@id\":\"https:\\\/\\\/kibrisdakik.com\\\/?p=71710#breadcrumb\",\"itemListElement\":[{\"@type\":\"ListItem\",\"position\":1,\"name\":\"Home\",\"item\":\"https:\\\/\\\/kibrisdakik.com\\\/\"},{\"@type\":\"ListItem\",\"position\":2,\"name\":\"Ba\u015fbakan \u00dcstel\u2019den \u00f6demelere ili\u015fkin \u00f6nemli a\u00e7\u0131klama: \u201913. maa\u015flar ve \u00fcretici \u00f6demeleri zaman\u0131nda yap\u0131lacak\u2019\"}]},{\"@type\":\"WebSite\",\"@id\":\"https:\\\/\\\/kibrisdakik.com\\\/#website\",\"url\":\"https:\\\/\\\/kibrisdakik.com\\\/\",\"name\":\"\",\"description\":\"Tam vaktinde haber\",\"potentialAction\":[{\"@type\":\"SearchAction\",\"target\":{\"@type\":\"EntryPoint\",\"urlTemplate\":\"https:\\\/\\\/kibrisdakik.com\\\/?s={search_term_string}\"},\"query-input\":{\"@type\":\"PropertyValueSpecification\",\"valueRequired\":true,\"valueName\":\"search_term_string\"}}],\"inLanguage\":\"tr\"},{\"@type\":\"Person\",\"@id\":\"https:\\\/\\\/kibrisdakik.com\\\/#\\\/schema\\\/person\\\/9cd9d437bbb44f72b73ba127e06d8e79\",\"name\":\"admin\",\"image\":{\"@type\":\"ImageObject\",\"inLanguage\":\"tr\",\"@id\":\"https:\\\/\\\/secure.gravatar.com\\\/avatar\\\/ccc17943b9d660506c869530f897617f7cb1c21a4bf30023f252596d83e1f007?s=96&d=mm&r=g\",\"url\":\"https:\\\/\\\/secure.gravatar.com\\\/avatar\\\/ccc17943b9d660506c869530f897617f7cb1c21a4bf30023f252596d83e1f007?s=96&d=mm&r=g\",\"contentUrl\":\"https:\\\/\\\/secure.gravatar.com\\\/avatar\\\/ccc17943b9d660506c869530f897617f7cb1c21a4bf30023f252596d83e1f007?s=96&d=mm&r=g\",\"caption\":\"admin\"},\"sameAs\":[\"https:\\\/\\\/kibrisdakik.com\"],\"url\":\"https:\\\/\\\/kibrisdakik.com\\\/?author=1\"}]}<\/script>\n<!-- \/ Yoast SEO plugin. -->","yoast_head_json":{"title":"Ba\u015fbakan \u00dcstel\u2019den \u00f6demelere ili\u015fkin \u00f6nemli a\u00e7\u0131klama: \u201913. maa\u015flar ve \u00fcretici \u00f6demeleri zaman\u0131nda yap\u0131lacak\u2019 -","robots":{"index":"index","follow":"follow","max-snippet":"max-snippet:-1","max-image-preview":"max-image-preview:large","max-video-preview":"max-video-preview:-1"},"canonical":"https:\/\/kibrisdakik.com\/?p=71710","og_locale":"tr_TR","og_type":"article","og_title":"Ba\u015fbakan \u00dcstel\u2019den \u00f6demelere ili\u015fkin \u00f6nemli a\u00e7\u0131klama: \u201913. maa\u015flar ve \u00fcretici \u00f6demeleri zaman\u0131nda yap\u0131lacak\u2019 -","og_description":"Ba\u015fbakan \u00dcnal \u00dcstel, h\u00fck\u00fcmetin \u00e7al\u0131\u015fanlar ve \u00fcreticiler i\u00e7in taahh\u00fct etti\u011fi t\u00fcm \u00f6demeleri zaman\u0131nda ger\u00e7ekle\u015ftirece\u011fini a\u00e7\u0131klad\u0131. Kamu \u00e7al\u0131\u015fanlar\u0131 ve emeklilerinin 13. maa\u015flar\u0131 ile \u00fcreticilere yap\u0131lacak \u00f6demelerin detaylar\u0131n\u0131 payla\u015fan \u00dcstel, toplamda 5 milyar 371 milyon TL\u2019lik ek kayna\u011f\u0131n ekonomiye kazand\u0131r\u0131laca\u011f\u0131n\u0131 belirtti. \u00dcstel, kamu \u00e7al\u0131\u015fanlar\u0131 ve emeklilerinin 13. maa\u015flar\u0131n\u0131n 24 ve 25 Aral\u0131k tarihlerinde \u00f6denece\u011fini vurgularken, narenciye ve","og_url":"https:\/\/kibrisdakik.com\/?p=71710","article_published_time":"2024-12-17T12:41:56+00:00","og_image":[{"width":1466,"height":508,"url":"https:\/\/kibrisdakik.com\/wp-content\/uploads\/2024\/10\/ustel-new-24-740x420.jpg","type":"image\/jpeg"}],"author":"admin","twitter_card":"summary_large_image","twitter_misc":{"Yazan:":"admin","Tahmini okuma s\u00fcresi":"2 dakika"},"schema":{"@context":"https:\/\/schema.org","@graph":[{"@type":"Article","@id":"https:\/\/kibrisdakik.com\/?p=71710#article","isPartOf":{"@id":"https:\/\/kibrisdakik.com\/?p=71710"},"author":{"name":"admin","@id":"https:\/\/kibrisdakik.com\/#\/schema\/person\/9cd9d437bbb44f72b73ba127e06d8e79"},"headline":"Ba\u015fbakan \u00dcstel\u2019den \u00f6demelere ili\u015fkin \u00f6nemli a\u00e7\u0131klama: \u201913. maa\u015flar ve \u00fcretici \u00f6demeleri zaman\u0131nda yap\u0131lacak\u2019","datePublished":"2024-12-17T12:41:56+00:00","mainEntityOfPage":{"@id":"https:\/\/kibrisdakik.com\/?p=71710"},"wordCount":493,"commentCount":0,"image":{"@id":"https:\/\/kibrisdakik.com\/?p=71710#primaryimage"},"thumbnailUrl":"https:\/\/kibrisdakik.com\/wp-content\/uploads\/2024\/10\/ustel-new-24-740x420.jpg","articleSection":["K\u0131br\u0131s"],"inLanguage":"tr","potentialAction":[{"@type":"CommentAction","name":"Comment","target":["https:\/\/kibrisdakik.com\/?p=71710#respond"]}]},{"@type":"WebPage","@id":"https:\/\/kibrisdakik.com\/?p=71710","url":"https:\/\/kibrisdakik.com\/?p=71710","name":"Ba\u015fbakan \u00dcstel\u2019den \u00f6demelere ili\u015fkin \u00f6nemli a\u00e7\u0131klama: \u201913. maa\u015flar ve \u00fcretici \u00f6demeleri zaman\u0131nda yap\u0131lacak\u2019 -","isPartOf":{"@id":"https:\/\/kibrisdakik.com\/#website"},"primaryImageOfPage":{"@id":"https:\/\/kibrisdakik.com\/?p=71710#primaryimage"},"image":{"@id":"https:\/\/kibrisdakik.com\/?p=71710#primaryimage"},"thumbnailUrl":"https:\/\/kibrisdakik.com\/wp-content\/uploads\/2024\/10\/ustel-new-24-740x420.jpg","datePublished":"2024-12-17T12:41:56+00:00","author":{"@id":"https:\/\/kibrisdakik.com\/#\/schema\/person\/9cd9d437bbb44f72b73ba127e06d8e79"},"breadcrumb":{"@id":"https:\/\/kibrisdakik.com\/?p=71710#breadcrumb"},"inLanguage":"tr","potentialAction":[{"@type":"ReadAction","target":["https:\/\/kibrisdakik.com\/?p=71710"]}]},{"@type":"ImageObject","inLanguage":"tr","@id":"https:\/\/kibrisdakik.com\/?p=71710#primaryimage","url":"https:\/\/kibrisdakik.com\/wp-content\/uploads\/2024\/10\/ustel-new-24-740x420.jpg","contentUrl":"https:\/\/kibrisdakik.com\/wp-content\/uploads\/2024\/10\/ustel-new-24-740x420.jpg","width":1466,"height":508},{"@type":"BreadcrumbList","@id":"https:\/\/kibrisdakik.com\/?p=71710#breadcrumb","itemListElement":[{"@type":"ListItem","position":1,"name":"Home","item":"https:\/\/kibrisdakik.com\/"},{"@type":"ListItem","position":2,"name":"Ba\u015fbakan \u00dcstel\u2019den \u00f6demelere ili\u015fkin \u00f6nemli a\u00e7\u0131klama: \u201913. maa\u015flar ve \u00fcretici \u00f6demeleri zaman\u0131nda yap\u0131lacak\u2019"}]},{"@type":"WebSite","@id":"https:\/\/kibrisdakik.com\/#website","url":"https:\/\/kibrisdakik.com\/","name":"","description":"Tam vaktinde haber","potentialAction":[{"@type":"SearchAction","target":{"@type":"EntryPoint","urlTemplate":"https:\/\/kibrisdakik.com\/?s={search_term_string}"},"query-input":{"@type":"PropertyValueSpecification","valueRequired":true,"valueName":"search_term_string"}}],"inLanguage":"tr"},{"@type":"Person","@id":"https:\/\/kibrisdakik.com\/#\/schema\/person\/9cd9d437bbb44f72b73ba127e06d8e79","name":"admin","image":{"@type":"ImageObject","inLanguage":"tr","@id":"https:\/\/secure.gravatar.com\/avatar\/ccc17943b9d660506c869530f897617f7cb1c21a4bf30023f252596d83e1f007?s=96&d=mm&r=g","url":"https:\/\/secure.gravatar.com\/avatar\/ccc17943b9d660506c869530f897617f7cb1c21a4bf30023f252596d83e1f007?s=96&d=mm&r=g","contentUrl":"https:\/\/secure.gravatar.com\/avatar\/ccc17943b9d660506c869530f897617f7cb1c21a4bf30023f252596d83e1f007?s=96&d=mm&r=g","caption":"admin"},"sameAs":["https:\/\/kibrisdakik.com"],"url":"https:\/\/kibrisdakik.com\/?author=1"}]}},"_links":{"self":[{"href":"https:\/\/kibrisdakik.com\/index.php?rest_route=\/wp\/v2\/posts\/71710","targetHints":{"allow":["GET"]}}],"collection":[{"href":"https:\/\/kibrisdakik.com\/index.php?rest_route=\/wp\/v2\/posts"}],"about":[{"href":"https:\/\/kibrisdakik.com\/index.php?rest_route=\/wp\/v2\/types\/post"}],"author":[{"embeddable":true,"href":"https:\/\/kibrisdakik.com\/index.php?rest_route=\/wp\/v2\/users\/1"}],"replies":[{"embeddable":true,"href":"https:\/\/kibrisdakik.com\/index.php?rest_route=%2Fwp%2Fv2%2Fcomments&post=71710"}],"version-history":[{"count":0,"href":"https:\/\/kibrisdakik.com\/index.php?rest_route=\/wp\/v2\/posts\/71710\/revisions"}],"wp:featuredmedia":[{"embeddable":true,"href":"https:\/\/kibrisdakik.com\/index.php?rest_route=\/wp\/v2\/media\/66220"}],"wp:attachment":[{"href":"https:\/\/kibrisdakik.com\/index.php?rest_route=%2Fwp%2Fv2%2Fmedia&parent=71710"}],"wp:term":[{"taxonomy":"category","embeddable":true,"href":"https:\/\/kibrisdakik.com\/index.php?rest_route=%2Fwp%2Fv2%2Fcategories&post=71710"},{"taxonomy":"post_tag","embeddable":true,"href":"https:\/\/kibrisdakik.com\/index.php?rest_route=%2Fwp%2Fv2%2Ftags&post=71710"}],"curies":[{"name":"wp","href":"https:\/\/api.w.org\/{rel}","templated":true}]}}