{"id":71755,"date":"2024-12-18T06:42:20","date_gmt":"2024-12-18T03:42:20","guid":{"rendered":"https:\/\/kibrisdakik.com\/index.php\/2024\/12\/18\/mecliste-calisma-bakanligi-butcesi-gorusmeleri-suruyor\/"},"modified":"2024-12-18T06:42:20","modified_gmt":"2024-12-18T03:42:20","slug":"mecliste-calisma-bakanligi-butcesi-gorusmeleri-suruyor","status":"publish","type":"post","link":"https:\/\/kibrisdakik.com\/?p=71755","title":{"rendered":"Meclis\u2019te \u00c7al\u0131\u015fma Bakanl\u0131\u011f\u0131 b\u00fct\u00e7esi g\u00f6r\u00fc\u015fmeleri s\u00fcr\u00fcyor"},"content":{"rendered":"<div>\n<div class=\"mariselle-image-container center\">\n                                            <\/div>\n<p>Cumhuriyet Meclisi Genel Kurulu\u2019nda gece yar\u0131s\u0131 itibar\u0131yla \u00c7al\u0131\u015fma ve Sosyal G\u00fcvenlik Bakanl\u0131\u011f\u0131\u2019n\u0131n 5 milyar 430 milyon 161 bin TL\u2019lik b\u00fct\u00e7esinin g\u00f6r\u00fc\u015f\u00fclmesine devam ediliyor.<\/p>\n<p>-Birinci<\/p>\n<p>CTP Milletvekili Ceyhun Birinci, \u00c7al\u0131\u015fma ve Sosyal G\u00fcvenlik Bakanl\u0131\u011f\u0131\u2019n\u0131n b\u00fct\u00e7esinde yap\u0131lan art\u0131\u015f\u0131n yetersizli\u011fine i\u015faret ederek bu rakamla bu b\u00fct\u00e7eyle sosyal devlet hizmetlerini yerine getirme imkan olmad\u0131\u011f\u0131n\u0131 kaydetti.<\/p>\n<p>Bu b\u00fct\u00e7enin sorunlar\u0131 d\u00fczeltecek d\u00fczeyde olmad\u0131\u011f\u0131n\u0131 dile getiren Birinci, n\u00fcfus say\u0131m\u0131 yapmadan hizmet vermenin de m\u00fcmk\u00fcn olmad\u0131\u011f\u0131n\u0131 belirtti.<\/p>\n<p>Birinci, sosyal sorunlar nedeniyle su\u00e7 oran\u0131n artt\u0131\u011f\u0131n\u0131 ve bu sorunlar\u0131n t\u00fcm alanlara yans\u0131d\u0131\u011f\u0131n\u0131 kaydederek, t\u00fcm kamu hizmetlerinde ciddi sorunlar ya\u015fand\u0131\u011f\u0131n\u0131 ve bir planlama yap\u0131lmamas\u0131 halinde \u00e7a\u011fda\u015f bir \u00e7al\u0131\u015fma alan\u0131n\u0131n olmad\u0131\u011f\u0131n\u0131 s\u00f6yledi.<\/p>\n<p>Gen\u00e7lerin g\u00f6\u00e7 etti\u011fini ve yanl\u0131\u015f politikalardan dolay\u0131 insanlar\u0131n ba\u015fka yerlerde \u00e7al\u0131\u015fma imkanlar\u0131 arad\u0131\u011f\u0131n\u0131 dile getiren Birinci, i\u015f sa\u011fl\u0131\u011f\u0131 ve g\u00fcvenli\u011finin kontrollerde yetersiz kald\u0131\u011f\u0131n\u0131 belirtti.<\/p>\n<p>-\u00d6zuslu<\/p>\n<p>Daha sonra s\u00f6z alan CTP Milletvekili Sami \u00d6zuslu konu\u015fmas\u0131na, \u201c\u00dclkede insanlar\u0131n al\u0131m g\u00fc\u00e7lerinin giderek geri gitti\u011fini, gelir u\u00e7urumlar\u0131n\u0131n b\u00fcy\u00fcd\u00fc\u011f\u00fcn\u00fc, a\u00e7l\u0131k s\u0131n\u0131r\u0131n\u0131n 27 bin, yoksulluk s\u0131n\u0131r\u0131n\u0131n 70 bin TL\u2019ye y\u00fckseldi\u011fini hat\u0131rlamakta fayda var.\u201d diyerek ba\u015flad\u0131.<\/p>\n<p>Aktif \u00e7al\u0131\u015fan n\u00fcfusun 170-180 bin civar\u0131nda oldu\u011funu kaydeden \u00d6zuslu, 25 bin civar\u0131nda \u00e7al\u0131\u015fan\u0131n sendikal\u0131 oldu\u011funu ve sendikala\u015fma oran\u0131n\u0131n y\u00fczde 6.8\u2019e denk geldi\u011fini ifade etti.<\/p>\n<p>\u00c7e\u015fitli \u00fclkelerdeki sendikala\u015fma oranlar\u0131ndan \u00f6rnekler veren \u00d6zuslu, en y\u00fcksek sendikala\u015fman\u0131n y\u00fczde 91 ile \u0130zlanda\u2019da oldu\u011funu bildirdi.<\/p>\n<p>\u00d6zuslu, KKTC\u2019nin, sendikala\u015fmada y\u00fczde 7.2 ile diplerde olan Madaskar\u2019dan bile geride kald\u0131\u011f\u0131n\u0131 s\u00f6yledi.<\/p>\n<p>Yerel istihdam\u0131 te\u015fvik rakamlar\u0131n\u0131n geni\u015f sekt\u00f6rlere yay\u0131ld\u0131\u011f\u0131n\u0131 dile getiren \u00d6zuslu, te\u015fvik sisteminin i\u015fe yarad\u0131\u011f\u0131n\u0131n g\u00f6r\u00fcld\u00fc\u011f\u00fcn\u00fc s\u00f6yleyerek, \u201cGelin bu i\u015fi bir t\u0131k daha yukar\u0131ya \u00e7\u0131karal\u0131m. Yerel i\u015f g\u00fcc\u00fcn\u00fc destekleme fonunda, Madagaskar\u2019\u0131n alt\u0131nda olan sendikala\u015fma oran\u0131ndaki k\u00f6t\u00fc gidi\u015fat\u0131 tersine \u00e7evirelim. Sendikala\u015fmay\u0131 te\u015fvik edelim\u201d ifadelerini kulland\u0131. <\/p>\n<p>\u00c7al\u0131\u015fma Bakan\u0131\u2019ndan, bas\u0131n sekt\u00f6r\u00fcndeki gibi gibi fondan yararlanman\u0131n ko\u015fulu olarak sendikala\u015fmay\u0131 te\u015fvik etmesini isteyen \u00d6zuslu, \u201cY\u00fczde 6.8 sendikala\u015fma oran\u0131, utan\u0131lacak bir \u015feydir.\u201d diye konu\u015ftu.<\/p>\n<p>Re\u00e7ete olaylar\u0131nda ya\u015fananlar\u0131 b\u00fcy\u00fck bir hata olarak g\u00f6rd\u00fc\u011f\u00fcn\u00fc dile getiren \u00d6zuslu, \u00fclkenin en g\u00f6zde olmas\u0131 gereken \u00f6zellikle \u00f6zel \u00fcniversitelerde prim \u00f6demelerinde ciddi s\u0131k\u0131nt\u0131lar oldu\u011funu ve bu konular\u0131n E\u011fitim Bakanl\u0131\u011f\u0131 ile \u00e7al\u0131\u015fmas\u0131 gerekti\u011fini belirtti.<\/p>\n<p>\u00d6zuslu, \u00f6zel sekt\u00f6rdeki akademik kadronun maa\u015f d\u00fczenlemesinin A\u00d6A\u2019daki d\u00fczenlemeye g\u00f6re yap\u0131lmas\u0131n\u0131 istedi.<\/p>\n<p>\u201cBir\u00e7ok insan akademiyi, hatta \u00fclkeyi terk ediyor. Akademisyenlerin k\u00fcst\u00fc\u011f\u00fc bir s\u00fcre\u00e7ten ge\u00e7iyoruz. Bu konuya bak\u0131lmal\u0131d\u0131r\u201d diyen \u00d6zuslu, maa\u015flar\u0131n yukar\u0131 \u00e7ekilmesi gerekti\u011fini vurgulad\u0131.  <\/p>\n<p>\u00d6zuslu, dulluk, yoksulluk, sigorta emekli maa\u015flar\u0131n\u0131n da daha ya\u015fanabilir hale getirilmesinin nas\u0131l sa\u011flanabilece\u011fine hep birlikte bak\u0131lmas\u0131n\u0131 \u00f6nerdi.<\/p>\n<\/p><\/div>\n<p><script async\n                    defer\n                    crossorigin=\"anonymous\"\n                    src=\"https:\/\/connect.facebook.net\/tr_TR\/sdk.js#xfbml=1&#038;version=v3.3\"\n            ><\/script><\/p>\n","protected":false},"excerpt":{"rendered":"<p>Cumhuriyet Meclisi Genel Kurulu\u2019nda gece yar\u0131s\u0131 itibar\u0131yla \u00c7al\u0131\u015fma ve Sosyal G\u00fcvenlik Bakanl\u0131\u011f\u0131\u2019n\u0131n 5 milyar 430 milyon 161 bin TL\u2019lik b\u00fct\u00e7esinin g\u00f6r\u00fc\u015f\u00fclmesine devam ediliyor. -Birinci CTP Milletvekili Ceyhun Birinci, \u00c7al\u0131\u015fma ve Sosyal G\u00fcvenlik Bakanl\u0131\u011f\u0131\u2019n\u0131n b\u00fct\u00e7esinde yap\u0131lan art\u0131\u015f\u0131n yetersizli\u011fine i\u015faret ederek bu rakamla bu b\u00fct\u00e7eyle sosyal devlet hizmetlerini yerine getirme imkan olmad\u0131\u011f\u0131n\u0131 kaydetti. Bu b\u00fct\u00e7enin sorunlar\u0131 d\u00fczeltecek<\/p>\n","protected":false},"author":1,"featured_media":71732,"comment_status":"open","ping_status":"open","sticky":false,"template":"","format":"standard","meta":{"footnotes":""},"categories":[81],"tags":[],"class_list":["post-71755","post","type-post","status-publish","format-standard","has-post-thumbnail","hentry","category-kibris"],"yoast_head":"<!-- This site is optimized with the Yoast SEO plugin v27.4 - https:\/\/yoast.com\/product\/yoast-seo-wordpress\/ -->\n<title>Meclis\u2019te \u00c7al\u0131\u015fma Bakanl\u0131\u011f\u0131 b\u00fct\u00e7esi g\u00f6r\u00fc\u015fmeleri s\u00fcr\u00fcyor -<\/title>\n<meta name=\"robots\" content=\"index, follow, max-snippet:-1, max-image-preview:large, max-video-preview:-1\" \/>\n<link rel=\"canonical\" href=\"https:\/\/kibrisdakik.com\/?p=71755\" \/>\n<meta property=\"og:locale\" content=\"tr_TR\" \/>\n<meta property=\"og:type\" content=\"article\" \/>\n<meta property=\"og:title\" content=\"Meclis\u2019te \u00c7al\u0131\u015fma Bakanl\u0131\u011f\u0131 b\u00fct\u00e7esi g\u00f6r\u00fc\u015fmeleri s\u00fcr\u00fcyor -\" \/>\n<meta property=\"og:description\" content=\"Cumhuriyet Meclisi Genel Kurulu\u2019nda gece yar\u0131s\u0131 itibar\u0131yla \u00c7al\u0131\u015fma ve Sosyal G\u00fcvenlik Bakanl\u0131\u011f\u0131\u2019n\u0131n 5 milyar 430 milyon 161 bin TL\u2019lik b\u00fct\u00e7esinin g\u00f6r\u00fc\u015f\u00fclmesine devam ediliyor. -Birinci CTP Milletvekili Ceyhun Birinci, \u00c7al\u0131\u015fma ve Sosyal G\u00fcvenlik Bakanl\u0131\u011f\u0131\u2019n\u0131n b\u00fct\u00e7esinde yap\u0131lan art\u0131\u015f\u0131n yetersizli\u011fine i\u015faret ederek bu rakamla bu b\u00fct\u00e7eyle sosyal devlet hizmetlerini yerine getirme imkan olmad\u0131\u011f\u0131n\u0131 kaydetti. Bu b\u00fct\u00e7enin sorunlar\u0131 d\u00fczeltecek\" \/>\n<meta property=\"og:url\" content=\"https:\/\/kibrisdakik.com\/?p=71755\" \/>\n<meta property=\"article:published_time\" content=\"2024-12-18T03:42:20+00:00\" \/>\n<meta property=\"og:image\" content=\"https:\/\/kibrisdakik.com\/wp-content\/uploads\/2024\/12\/1734371811311MECLIS-GENEL-2-740x420.jpg\" \/>\n\t<meta property=\"og:image:width\" content=\"1600\" \/>\n\t<meta property=\"og:image:height\" content=\"1066\" \/>\n\t<meta property=\"og:image:type\" content=\"image\/jpeg\" \/>\n<meta name=\"author\" content=\"admin\" \/>\n<meta name=\"twitter:card\" content=\"summary_large_image\" \/>\n<meta name=\"twitter:label1\" content=\"Yazan:\" \/>\n\t<meta name=\"twitter:data1\" content=\"admin\" \/>\n\t<meta name=\"twitter:label2\" content=\"Tahmini okuma s\u00fcresi\" \/>\n\t<meta name=\"twitter:data2\" content=\"3 dakika\" \/>\n<script type=\"application\/ld+json\" class=\"yoast-schema-graph\">{\"@context\":\"https:\\\/\\\/schema.org\",\"@graph\":[{\"@type\":\"Article\",\"@id\":\"https:\\\/\\\/kibrisdakik.com\\\/?p=71755#article\",\"isPartOf\":{\"@id\":\"https:\\\/\\\/kibrisdakik.com\\\/?p=71755\"},\"author\":{\"name\":\"admin\",\"@id\":\"https:\\\/\\\/kibrisdakik.com\\\/#\\\/schema\\\/person\\\/9cd9d437bbb44f72b73ba127e06d8e79\"},\"headline\":\"Meclis\u2019te \u00c7al\u0131\u015fma Bakanl\u0131\u011f\u0131 b\u00fct\u00e7esi g\u00f6r\u00fc\u015fmeleri s\u00fcr\u00fcyor\",\"datePublished\":\"2024-12-18T03:42:20+00:00\",\"mainEntityOfPage\":{\"@id\":\"https:\\\/\\\/kibrisdakik.com\\\/?p=71755\"},\"wordCount\":571,\"commentCount\":0,\"image\":{\"@id\":\"https:\\\/\\\/kibrisdakik.com\\\/?p=71755#primaryimage\"},\"thumbnailUrl\":\"https:\\\/\\\/kibrisdakik.com\\\/wp-content\\\/uploads\\\/2024\\\/12\\\/1734371811311MECLIS-GENEL-2-740x420.jpg\",\"articleSection\":[\"K\u0131br\u0131s\"],\"inLanguage\":\"tr\",\"potentialAction\":[{\"@type\":\"CommentAction\",\"name\":\"Comment\",\"target\":[\"https:\\\/\\\/kibrisdakik.com\\\/?p=71755#respond\"]}]},{\"@type\":\"WebPage\",\"@id\":\"https:\\\/\\\/kibrisdakik.com\\\/?p=71755\",\"url\":\"https:\\\/\\\/kibrisdakik.com\\\/?p=71755\",\"name\":\"Meclis\u2019te \u00c7al\u0131\u015fma Bakanl\u0131\u011f\u0131 b\u00fct\u00e7esi g\u00f6r\u00fc\u015fmeleri s\u00fcr\u00fcyor -\",\"isPartOf\":{\"@id\":\"https:\\\/\\\/kibrisdakik.com\\\/#website\"},\"primaryImageOfPage\":{\"@id\":\"https:\\\/\\\/kibrisdakik.com\\\/?p=71755#primaryimage\"},\"image\":{\"@id\":\"https:\\\/\\\/kibrisdakik.com\\\/?p=71755#primaryimage\"},\"thumbnailUrl\":\"https:\\\/\\\/kibrisdakik.com\\\/wp-content\\\/uploads\\\/2024\\\/12\\\/1734371811311MECLIS-GENEL-2-740x420.jpg\",\"datePublished\":\"2024-12-18T03:42:20+00:00\",\"author\":{\"@id\":\"https:\\\/\\\/kibrisdakik.com\\\/#\\\/schema\\\/person\\\/9cd9d437bbb44f72b73ba127e06d8e79\"},\"breadcrumb\":{\"@id\":\"https:\\\/\\\/kibrisdakik.com\\\/?p=71755#breadcrumb\"},\"inLanguage\":\"tr\",\"potentialAction\":[{\"@type\":\"ReadAction\",\"target\":[\"https:\\\/\\\/kibrisdakik.com\\\/?p=71755\"]}]},{\"@type\":\"ImageObject\",\"inLanguage\":\"tr\",\"@id\":\"https:\\\/\\\/kibrisdakik.com\\\/?p=71755#primaryimage\",\"url\":\"https:\\\/\\\/kibrisdakik.com\\\/wp-content\\\/uploads\\\/2024\\\/12\\\/1734371811311MECLIS-GENEL-2-740x420.jpg\",\"contentUrl\":\"https:\\\/\\\/kibrisdakik.com\\\/wp-content\\\/uploads\\\/2024\\\/12\\\/1734371811311MECLIS-GENEL-2-740x420.jpg\",\"width\":1600,\"height\":1066},{\"@type\":\"BreadcrumbList\",\"@id\":\"https:\\\/\\\/kibrisdakik.com\\\/?p=71755#breadcrumb\",\"itemListElement\":[{\"@type\":\"ListItem\",\"position\":1,\"name\":\"Home\",\"item\":\"https:\\\/\\\/kibrisdakik.com\\\/\"},{\"@type\":\"ListItem\",\"position\":2,\"name\":\"Meclis\u2019te \u00c7al\u0131\u015fma Bakanl\u0131\u011f\u0131 b\u00fct\u00e7esi g\u00f6r\u00fc\u015fmeleri s\u00fcr\u00fcyor\"}]},{\"@type\":\"WebSite\",\"@id\":\"https:\\\/\\\/kibrisdakik.com\\\/#website\",\"url\":\"https:\\\/\\\/kibrisdakik.com\\\/\",\"name\":\"\",\"description\":\"Tam vaktinde haber\",\"potentialAction\":[{\"@type\":\"SearchAction\",\"target\":{\"@type\":\"EntryPoint\",\"urlTemplate\":\"https:\\\/\\\/kibrisdakik.com\\\/?s={search_term_string}\"},\"query-input\":{\"@type\":\"PropertyValueSpecification\",\"valueRequired\":true,\"valueName\":\"search_term_string\"}}],\"inLanguage\":\"tr\"},{\"@type\":\"Person\",\"@id\":\"https:\\\/\\\/kibrisdakik.com\\\/#\\\/schema\\\/person\\\/9cd9d437bbb44f72b73ba127e06d8e79\",\"name\":\"admin\",\"image\":{\"@type\":\"ImageObject\",\"inLanguage\":\"tr\",\"@id\":\"https:\\\/\\\/secure.gravatar.com\\\/avatar\\\/ccc17943b9d660506c869530f897617f7cb1c21a4bf30023f252596d83e1f007?s=96&d=mm&r=g\",\"url\":\"https:\\\/\\\/secure.gravatar.com\\\/avatar\\\/ccc17943b9d660506c869530f897617f7cb1c21a4bf30023f252596d83e1f007?s=96&d=mm&r=g\",\"contentUrl\":\"https:\\\/\\\/secure.gravatar.com\\\/avatar\\\/ccc17943b9d660506c869530f897617f7cb1c21a4bf30023f252596d83e1f007?s=96&d=mm&r=g\",\"caption\":\"admin\"},\"sameAs\":[\"https:\\\/\\\/kibrisdakik.com\"],\"url\":\"https:\\\/\\\/kibrisdakik.com\\\/?author=1\"}]}<\/script>\n<!-- \/ Yoast SEO plugin. -->","yoast_head_json":{"title":"Meclis\u2019te \u00c7al\u0131\u015fma Bakanl\u0131\u011f\u0131 b\u00fct\u00e7esi g\u00f6r\u00fc\u015fmeleri s\u00fcr\u00fcyor -","robots":{"index":"index","follow":"follow","max-snippet":"max-snippet:-1","max-image-preview":"max-image-preview:large","max-video-preview":"max-video-preview:-1"},"canonical":"https:\/\/kibrisdakik.com\/?p=71755","og_locale":"tr_TR","og_type":"article","og_title":"Meclis\u2019te \u00c7al\u0131\u015fma Bakanl\u0131\u011f\u0131 b\u00fct\u00e7esi g\u00f6r\u00fc\u015fmeleri s\u00fcr\u00fcyor -","og_description":"Cumhuriyet Meclisi Genel Kurulu\u2019nda gece yar\u0131s\u0131 itibar\u0131yla \u00c7al\u0131\u015fma ve Sosyal G\u00fcvenlik Bakanl\u0131\u011f\u0131\u2019n\u0131n 5 milyar 430 milyon 161 bin TL\u2019lik b\u00fct\u00e7esinin g\u00f6r\u00fc\u015f\u00fclmesine devam ediliyor. -Birinci CTP Milletvekili Ceyhun Birinci, \u00c7al\u0131\u015fma ve Sosyal G\u00fcvenlik Bakanl\u0131\u011f\u0131\u2019n\u0131n b\u00fct\u00e7esinde yap\u0131lan art\u0131\u015f\u0131n yetersizli\u011fine i\u015faret ederek bu rakamla bu b\u00fct\u00e7eyle sosyal devlet hizmetlerini yerine getirme imkan olmad\u0131\u011f\u0131n\u0131 kaydetti. Bu b\u00fct\u00e7enin sorunlar\u0131 d\u00fczeltecek","og_url":"https:\/\/kibrisdakik.com\/?p=71755","article_published_time":"2024-12-18T03:42:20+00:00","og_image":[{"width":1600,"height":1066,"url":"https:\/\/kibrisdakik.com\/wp-content\/uploads\/2024\/12\/1734371811311MECLIS-GENEL-2-740x420.jpg","type":"image\/jpeg"}],"author":"admin","twitter_card":"summary_large_image","twitter_misc":{"Yazan:":"admin","Tahmini okuma s\u00fcresi":"3 dakika"},"schema":{"@context":"https:\/\/schema.org","@graph":[{"@type":"Article","@id":"https:\/\/kibrisdakik.com\/?p=71755#article","isPartOf":{"@id":"https:\/\/kibrisdakik.com\/?p=71755"},"author":{"name":"admin","@id":"https:\/\/kibrisdakik.com\/#\/schema\/person\/9cd9d437bbb44f72b73ba127e06d8e79"},"headline":"Meclis\u2019te \u00c7al\u0131\u015fma Bakanl\u0131\u011f\u0131 b\u00fct\u00e7esi g\u00f6r\u00fc\u015fmeleri s\u00fcr\u00fcyor","datePublished":"2024-12-18T03:42:20+00:00","mainEntityOfPage":{"@id":"https:\/\/kibrisdakik.com\/?p=71755"},"wordCount":571,"commentCount":0,"image":{"@id":"https:\/\/kibrisdakik.com\/?p=71755#primaryimage"},"thumbnailUrl":"https:\/\/kibrisdakik.com\/wp-content\/uploads\/2024\/12\/1734371811311MECLIS-GENEL-2-740x420.jpg","articleSection":["K\u0131br\u0131s"],"inLanguage":"tr","potentialAction":[{"@type":"CommentAction","name":"Comment","target":["https:\/\/kibrisdakik.com\/?p=71755#respond"]}]},{"@type":"WebPage","@id":"https:\/\/kibrisdakik.com\/?p=71755","url":"https:\/\/kibrisdakik.com\/?p=71755","name":"Meclis\u2019te \u00c7al\u0131\u015fma Bakanl\u0131\u011f\u0131 b\u00fct\u00e7esi g\u00f6r\u00fc\u015fmeleri s\u00fcr\u00fcyor -","isPartOf":{"@id":"https:\/\/kibrisdakik.com\/#website"},"primaryImageOfPage":{"@id":"https:\/\/kibrisdakik.com\/?p=71755#primaryimage"},"image":{"@id":"https:\/\/kibrisdakik.com\/?p=71755#primaryimage"},"thumbnailUrl":"https:\/\/kibrisdakik.com\/wp-content\/uploads\/2024\/12\/1734371811311MECLIS-GENEL-2-740x420.jpg","datePublished":"2024-12-18T03:42:20+00:00","author":{"@id":"https:\/\/kibrisdakik.com\/#\/schema\/person\/9cd9d437bbb44f72b73ba127e06d8e79"},"breadcrumb":{"@id":"https:\/\/kibrisdakik.com\/?p=71755#breadcrumb"},"inLanguage":"tr","potentialAction":[{"@type":"ReadAction","target":["https:\/\/kibrisdakik.com\/?p=71755"]}]},{"@type":"ImageObject","inLanguage":"tr","@id":"https:\/\/kibrisdakik.com\/?p=71755#primaryimage","url":"https:\/\/kibrisdakik.com\/wp-content\/uploads\/2024\/12\/1734371811311MECLIS-GENEL-2-740x420.jpg","contentUrl":"https:\/\/kibrisdakik.com\/wp-content\/uploads\/2024\/12\/1734371811311MECLIS-GENEL-2-740x420.jpg","width":1600,"height":1066},{"@type":"BreadcrumbList","@id":"https:\/\/kibrisdakik.com\/?p=71755#breadcrumb","itemListElement":[{"@type":"ListItem","position":1,"name":"Home","item":"https:\/\/kibrisdakik.com\/"},{"@type":"ListItem","position":2,"name":"Meclis\u2019te \u00c7al\u0131\u015fma Bakanl\u0131\u011f\u0131 b\u00fct\u00e7esi g\u00f6r\u00fc\u015fmeleri s\u00fcr\u00fcyor"}]},{"@type":"WebSite","@id":"https:\/\/kibrisdakik.com\/#website","url":"https:\/\/kibrisdakik.com\/","name":"","description":"Tam vaktinde haber","potentialAction":[{"@type":"SearchAction","target":{"@type":"EntryPoint","urlTemplate":"https:\/\/kibrisdakik.com\/?s={search_term_string}"},"query-input":{"@type":"PropertyValueSpecification","valueRequired":true,"valueName":"search_term_string"}}],"inLanguage":"tr"},{"@type":"Person","@id":"https:\/\/kibrisdakik.com\/#\/schema\/person\/9cd9d437bbb44f72b73ba127e06d8e79","name":"admin","image":{"@type":"ImageObject","inLanguage":"tr","@id":"https:\/\/secure.gravatar.com\/avatar\/ccc17943b9d660506c869530f897617f7cb1c21a4bf30023f252596d83e1f007?s=96&d=mm&r=g","url":"https:\/\/secure.gravatar.com\/avatar\/ccc17943b9d660506c869530f897617f7cb1c21a4bf30023f252596d83e1f007?s=96&d=mm&r=g","contentUrl":"https:\/\/secure.gravatar.com\/avatar\/ccc17943b9d660506c869530f897617f7cb1c21a4bf30023f252596d83e1f007?s=96&d=mm&r=g","caption":"admin"},"sameAs":["https:\/\/kibrisdakik.com"],"url":"https:\/\/kibrisdakik.com\/?author=1"}]}},"_links":{"self":[{"href":"https:\/\/kibrisdakik.com\/index.php?rest_route=\/wp\/v2\/posts\/71755","targetHints":{"allow":["GET"]}}],"collection":[{"href":"https:\/\/kibrisdakik.com\/index.php?rest_route=\/wp\/v2\/posts"}],"about":[{"href":"https:\/\/kibrisdakik.com\/index.php?rest_route=\/wp\/v2\/types\/post"}],"author":[{"embeddable":true,"href":"https:\/\/kibrisdakik.com\/index.php?rest_route=\/wp\/v2\/users\/1"}],"replies":[{"embeddable":true,"href":"https:\/\/kibrisdakik.com\/index.php?rest_route=%2Fwp%2Fv2%2Fcomments&post=71755"}],"version-history":[{"count":0,"href":"https:\/\/kibrisdakik.com\/index.php?rest_route=\/wp\/v2\/posts\/71755\/revisions"}],"wp:featuredmedia":[{"embeddable":true,"href":"https:\/\/kibrisdakik.com\/index.php?rest_route=\/wp\/v2\/media\/71732"}],"wp:attachment":[{"href":"https:\/\/kibrisdakik.com\/index.php?rest_route=%2Fwp%2Fv2%2Fmedia&parent=71755"}],"wp:term":[{"taxonomy":"category","embeddable":true,"href":"https:\/\/kibrisdakik.com\/index.php?rest_route=%2Fwp%2Fv2%2Fcategories&post=71755"},{"taxonomy":"post_tag","embeddable":true,"href":"https:\/\/kibrisdakik.com\/index.php?rest_route=%2Fwp%2Fv2%2Ftags&post=71755"}],"curies":[{"name":"wp","href":"https:\/\/api.w.org\/{rel}","templated":true}]}}