{"id":71777,"date":"2024-12-18T12:33:47","date_gmt":"2024-12-18T09:33:47","guid":{"rendered":"https:\/\/kibrisdakik.com\/index.php\/2024\/12\/18\/avrupa-birligi-kayip-sahislar-komitesine-26-milyon-euro-bagisladi\/"},"modified":"2024-12-18T12:33:47","modified_gmt":"2024-12-18T09:33:47","slug":"avrupa-birligi-kayip-sahislar-komitesine-26-milyon-euro-bagisladi","status":"publish","type":"post","link":"https:\/\/kibrisdakik.com\/?p=71777","title":{"rendered":"Avrupa Birli\u011fi, Kay\u0131p \u015eah\u0131slar Komitesi\u2019ne 2,6 milyon euro ba\u011f\u0131\u015flad\u0131"},"content":{"rendered":"<div>\n<div class=\"mariselle-image-container center\">\n                                            <\/div>\n<p>Avrupa Birli\u011fi (AB) Kay\u0131p \u015eah\u0131slar Komitesi\u2019ne (K\u015eK) 2,6 milyon euro ba\u011f\u0131\u015f yapt\u0131.<\/p>\n<p>K\u015eK taraf\u0131ndan yap\u0131lan a\u00e7\u0131klamada, bu ba\u011f\u0131\u015f\u0131n Avrupa Birli\u011fi\u2019nin 2007\u2019den beri K\u015eK\u2019ya sa\u011flad\u0131\u011f\u0131 toplam mali yard\u0131m\u0131 41,1 milyon euro\u2019ya y\u00fckseltti\u011fi ve Avrupa Birli\u011fi\u2019nin K\u015eK projesine en b\u00fcy\u00fck mali katk\u0131y\u0131 sa\u011flayan destek\u00e7i olmas\u0131n\u0131 sa\u011flad\u0131\u011f\u0131 kaydedildi.<\/p>\n<p>A\u00e7\u0131klamada, bu ba\u011f\u0131\u015flar\u0131n Komite\u2019nin 2025 y\u0131l\u0131nda kay\u0131p \u015fah\u0131slar\u0131n kal\u0131nt\u0131lar\u0131n\u0131n tespit edilmesi, ailelerine iade edilmesi ve uzun y\u0131llard\u0131r aileleri etkileyen belirsizli\u011fin sona erdirilmesi amac\u0131na katk\u0131da bulunaca\u011f\u0131 belirtildi.<\/p>\n<\/p><\/div>\n<p><script async\n                    defer\n                    crossorigin=\"anonymous\"\n                    src=\"https:\/\/connect.facebook.net\/tr_TR\/sdk.js#xfbml=1&#038;version=v3.3\"\n            ><\/script><\/p>\n","protected":false},"excerpt":{"rendered":"<p>Avrupa Birli\u011fi (AB) Kay\u0131p \u015eah\u0131slar Komitesi\u2019ne (K\u015eK) 2,6 milyon euro ba\u011f\u0131\u015f yapt\u0131. K\u015eK taraf\u0131ndan yap\u0131lan a\u00e7\u0131klamada, bu ba\u011f\u0131\u015f\u0131n Avrupa Birli\u011fi\u2019nin 2007\u2019den beri K\u015eK\u2019ya sa\u011flad\u0131\u011f\u0131 toplam mali yard\u0131m\u0131 41,1 milyon euro\u2019ya y\u00fckseltti\u011fi ve Avrupa Birli\u011fi\u2019nin K\u015eK projesine en b\u00fcy\u00fck mali katk\u0131y\u0131 sa\u011flayan destek\u00e7i olmas\u0131n\u0131 sa\u011flad\u0131\u011f\u0131 kaydedildi. A\u00e7\u0131klamada, bu ba\u011f\u0131\u015flar\u0131n Komite\u2019nin 2025 y\u0131l\u0131nda kay\u0131p \u015fah\u0131slar\u0131n kal\u0131nt\u0131lar\u0131n\u0131n tespit<\/p>\n","protected":false},"author":1,"featured_media":45067,"comment_status":"open","ping_status":"open","sticky":false,"template":"","format":"standard","meta":{"footnotes":""},"categories":[81],"tags":[],"class_list":["post-71777","post","type-post","status-publish","format-standard","has-post-thumbnail","hentry","category-kibris"],"yoast_head":"<!-- This site is optimized with the Yoast SEO plugin v27.4 - https:\/\/yoast.com\/product\/yoast-seo-wordpress\/ -->\n<title>Avrupa Birli\u011fi, Kay\u0131p \u015eah\u0131slar Komitesi\u2019ne 2,6 milyon euro ba\u011f\u0131\u015flad\u0131 -<\/title>\n<meta name=\"robots\" content=\"index, follow, max-snippet:-1, max-image-preview:large, max-video-preview:-1\" \/>\n<link rel=\"canonical\" href=\"https:\/\/kibrisdakik.com\/?p=71777\" \/>\n<meta property=\"og:locale\" content=\"tr_TR\" \/>\n<meta property=\"og:type\" content=\"article\" \/>\n<meta property=\"og:title\" content=\"Avrupa Birli\u011fi, Kay\u0131p \u015eah\u0131slar Komitesi\u2019ne 2,6 milyon euro ba\u011f\u0131\u015flad\u0131 -\" \/>\n<meta property=\"og:description\" content=\"Avrupa Birli\u011fi (AB) Kay\u0131p \u015eah\u0131slar Komitesi\u2019ne (K\u015eK) 2,6 milyon euro ba\u011f\u0131\u015f yapt\u0131. K\u015eK taraf\u0131ndan yap\u0131lan a\u00e7\u0131klamada, bu ba\u011f\u0131\u015f\u0131n Avrupa Birli\u011fi\u2019nin 2007\u2019den beri K\u015eK\u2019ya sa\u011flad\u0131\u011f\u0131 toplam mali yard\u0131m\u0131 41,1 milyon euro\u2019ya y\u00fckseltti\u011fi ve Avrupa Birli\u011fi\u2019nin K\u015eK projesine en b\u00fcy\u00fck mali katk\u0131y\u0131 sa\u011flayan destek\u00e7i olmas\u0131n\u0131 sa\u011flad\u0131\u011f\u0131 kaydedildi. A\u00e7\u0131klamada, bu ba\u011f\u0131\u015flar\u0131n Komite\u2019nin 2025 y\u0131l\u0131nda kay\u0131p \u015fah\u0131slar\u0131n kal\u0131nt\u0131lar\u0131n\u0131n tespit\" \/>\n<meta property=\"og:url\" content=\"https:\/\/kibrisdakik.com\/?p=71777\" \/>\n<meta property=\"article:published_time\" content=\"2024-12-18T09:33:47+00:00\" \/>\n<meta property=\"og:image\" content=\"https:\/\/kibrisdakik.com\/wp-content\/uploads\/2024\/06\/ksk-740x383.png\" \/>\n\t<meta property=\"og:image:width\" content=\"775\" \/>\n\t<meta property=\"og:image:height\" content=\"383\" \/>\n\t<meta property=\"og:image:type\" content=\"image\/png\" \/>\n<meta name=\"author\" content=\"admin\" \/>\n<meta name=\"twitter:card\" content=\"summary_large_image\" \/>\n<meta name=\"twitter:label1\" content=\"Yazan:\" \/>\n\t<meta name=\"twitter:data1\" content=\"admin\" \/>\n\t<meta name=\"twitter:label2\" content=\"Tahmini okuma s\u00fcresi\" \/>\n\t<meta name=\"twitter:data2\" content=\"1 dakika\" \/>\n<script type=\"application\/ld+json\" class=\"yoast-schema-graph\">{\"@context\":\"https:\\\/\\\/schema.org\",\"@graph\":[{\"@type\":\"Article\",\"@id\":\"https:\\\/\\\/kibrisdakik.com\\\/?p=71777#article\",\"isPartOf\":{\"@id\":\"https:\\\/\\\/kibrisdakik.com\\\/?p=71777\"},\"author\":{\"name\":\"admin\",\"@id\":\"https:\\\/\\\/kibrisdakik.com\\\/#\\\/schema\\\/person\\\/9cd9d437bbb44f72b73ba127e06d8e79\"},\"headline\":\"Avrupa Birli\u011fi, Kay\u0131p \u015eah\u0131slar Komitesi\u2019ne 2,6 milyon euro ba\u011f\u0131\u015flad\u0131\",\"datePublished\":\"2024-12-18T09:33:47+00:00\",\"mainEntityOfPage\":{\"@id\":\"https:\\\/\\\/kibrisdakik.com\\\/?p=71777\"},\"wordCount\":128,\"commentCount\":0,\"image\":{\"@id\":\"https:\\\/\\\/kibrisdakik.com\\\/?p=71777#primaryimage\"},\"thumbnailUrl\":\"https:\\\/\\\/kibrisdakik.com\\\/wp-content\\\/uploads\\\/2024\\\/06\\\/ksk-740x383.png\",\"articleSection\":[\"K\u0131br\u0131s\"],\"inLanguage\":\"tr\",\"potentialAction\":[{\"@type\":\"CommentAction\",\"name\":\"Comment\",\"target\":[\"https:\\\/\\\/kibrisdakik.com\\\/?p=71777#respond\"]}]},{\"@type\":\"WebPage\",\"@id\":\"https:\\\/\\\/kibrisdakik.com\\\/?p=71777\",\"url\":\"https:\\\/\\\/kibrisdakik.com\\\/?p=71777\",\"name\":\"Avrupa Birli\u011fi, Kay\u0131p \u015eah\u0131slar Komitesi\u2019ne 2,6 milyon euro ba\u011f\u0131\u015flad\u0131 -\",\"isPartOf\":{\"@id\":\"https:\\\/\\\/kibrisdakik.com\\\/#website\"},\"primaryImageOfPage\":{\"@id\":\"https:\\\/\\\/kibrisdakik.com\\\/?p=71777#primaryimage\"},\"image\":{\"@id\":\"https:\\\/\\\/kibrisdakik.com\\\/?p=71777#primaryimage\"},\"thumbnailUrl\":\"https:\\\/\\\/kibrisdakik.com\\\/wp-content\\\/uploads\\\/2024\\\/06\\\/ksk-740x383.png\",\"datePublished\":\"2024-12-18T09:33:47+00:00\",\"author\":{\"@id\":\"https:\\\/\\\/kibrisdakik.com\\\/#\\\/schema\\\/person\\\/9cd9d437bbb44f72b73ba127e06d8e79\"},\"breadcrumb\":{\"@id\":\"https:\\\/\\\/kibrisdakik.com\\\/?p=71777#breadcrumb\"},\"inLanguage\":\"tr\",\"potentialAction\":[{\"@type\":\"ReadAction\",\"target\":[\"https:\\\/\\\/kibrisdakik.com\\\/?p=71777\"]}]},{\"@type\":\"ImageObject\",\"inLanguage\":\"tr\",\"@id\":\"https:\\\/\\\/kibrisdakik.com\\\/?p=71777#primaryimage\",\"url\":\"https:\\\/\\\/kibrisdakik.com\\\/wp-content\\\/uploads\\\/2024\\\/06\\\/ksk-740x383.png\",\"contentUrl\":\"https:\\\/\\\/kibrisdakik.com\\\/wp-content\\\/uploads\\\/2024\\\/06\\\/ksk-740x383.png\",\"width\":775,\"height\":383},{\"@type\":\"BreadcrumbList\",\"@id\":\"https:\\\/\\\/kibrisdakik.com\\\/?p=71777#breadcrumb\",\"itemListElement\":[{\"@type\":\"ListItem\",\"position\":1,\"name\":\"Home\",\"item\":\"https:\\\/\\\/kibrisdakik.com\\\/\"},{\"@type\":\"ListItem\",\"position\":2,\"name\":\"Avrupa Birli\u011fi, Kay\u0131p \u015eah\u0131slar Komitesi\u2019ne 2,6 milyon euro ba\u011f\u0131\u015flad\u0131\"}]},{\"@type\":\"WebSite\",\"@id\":\"https:\\\/\\\/kibrisdakik.com\\\/#website\",\"url\":\"https:\\\/\\\/kibrisdakik.com\\\/\",\"name\":\"\",\"description\":\"Tam vaktinde haber\",\"potentialAction\":[{\"@type\":\"SearchAction\",\"target\":{\"@type\":\"EntryPoint\",\"urlTemplate\":\"https:\\\/\\\/kibrisdakik.com\\\/?s={search_term_string}\"},\"query-input\":{\"@type\":\"PropertyValueSpecification\",\"valueRequired\":true,\"valueName\":\"search_term_string\"}}],\"inLanguage\":\"tr\"},{\"@type\":\"Person\",\"@id\":\"https:\\\/\\\/kibrisdakik.com\\\/#\\\/schema\\\/person\\\/9cd9d437bbb44f72b73ba127e06d8e79\",\"name\":\"admin\",\"image\":{\"@type\":\"ImageObject\",\"inLanguage\":\"tr\",\"@id\":\"https:\\\/\\\/secure.gravatar.com\\\/avatar\\\/ccc17943b9d660506c869530f897617f7cb1c21a4bf30023f252596d83e1f007?s=96&d=mm&r=g\",\"url\":\"https:\\\/\\\/secure.gravatar.com\\\/avatar\\\/ccc17943b9d660506c869530f897617f7cb1c21a4bf30023f252596d83e1f007?s=96&d=mm&r=g\",\"contentUrl\":\"https:\\\/\\\/secure.gravatar.com\\\/avatar\\\/ccc17943b9d660506c869530f897617f7cb1c21a4bf30023f252596d83e1f007?s=96&d=mm&r=g\",\"caption\":\"admin\"},\"sameAs\":[\"https:\\\/\\\/kibrisdakik.com\"],\"url\":\"https:\\\/\\\/kibrisdakik.com\\\/?author=1\"}]}<\/script>\n<!-- \/ Yoast SEO plugin. -->","yoast_head_json":{"title":"Avrupa Birli\u011fi, Kay\u0131p \u015eah\u0131slar Komitesi\u2019ne 2,6 milyon euro ba\u011f\u0131\u015flad\u0131 -","robots":{"index":"index","follow":"follow","max-snippet":"max-snippet:-1","max-image-preview":"max-image-preview:large","max-video-preview":"max-video-preview:-1"},"canonical":"https:\/\/kibrisdakik.com\/?p=71777","og_locale":"tr_TR","og_type":"article","og_title":"Avrupa Birli\u011fi, Kay\u0131p \u015eah\u0131slar Komitesi\u2019ne 2,6 milyon euro ba\u011f\u0131\u015flad\u0131 -","og_description":"Avrupa Birli\u011fi (AB) Kay\u0131p \u015eah\u0131slar Komitesi\u2019ne (K\u015eK) 2,6 milyon euro ba\u011f\u0131\u015f yapt\u0131. K\u015eK taraf\u0131ndan yap\u0131lan a\u00e7\u0131klamada, bu ba\u011f\u0131\u015f\u0131n Avrupa Birli\u011fi\u2019nin 2007\u2019den beri K\u015eK\u2019ya sa\u011flad\u0131\u011f\u0131 toplam mali yard\u0131m\u0131 41,1 milyon euro\u2019ya y\u00fckseltti\u011fi ve Avrupa Birli\u011fi\u2019nin K\u015eK projesine en b\u00fcy\u00fck mali katk\u0131y\u0131 sa\u011flayan destek\u00e7i olmas\u0131n\u0131 sa\u011flad\u0131\u011f\u0131 kaydedildi. A\u00e7\u0131klamada, bu ba\u011f\u0131\u015flar\u0131n Komite\u2019nin 2025 y\u0131l\u0131nda kay\u0131p \u015fah\u0131slar\u0131n kal\u0131nt\u0131lar\u0131n\u0131n tespit","og_url":"https:\/\/kibrisdakik.com\/?p=71777","article_published_time":"2024-12-18T09:33:47+00:00","og_image":[{"width":775,"height":383,"url":"https:\/\/kibrisdakik.com\/wp-content\/uploads\/2024\/06\/ksk-740x383.png","type":"image\/png"}],"author":"admin","twitter_card":"summary_large_image","twitter_misc":{"Yazan:":"admin","Tahmini okuma s\u00fcresi":"1 dakika"},"schema":{"@context":"https:\/\/schema.org","@graph":[{"@type":"Article","@id":"https:\/\/kibrisdakik.com\/?p=71777#article","isPartOf":{"@id":"https:\/\/kibrisdakik.com\/?p=71777"},"author":{"name":"admin","@id":"https:\/\/kibrisdakik.com\/#\/schema\/person\/9cd9d437bbb44f72b73ba127e06d8e79"},"headline":"Avrupa Birli\u011fi, Kay\u0131p \u015eah\u0131slar Komitesi\u2019ne 2,6 milyon euro ba\u011f\u0131\u015flad\u0131","datePublished":"2024-12-18T09:33:47+00:00","mainEntityOfPage":{"@id":"https:\/\/kibrisdakik.com\/?p=71777"},"wordCount":128,"commentCount":0,"image":{"@id":"https:\/\/kibrisdakik.com\/?p=71777#primaryimage"},"thumbnailUrl":"https:\/\/kibrisdakik.com\/wp-content\/uploads\/2024\/06\/ksk-740x383.png","articleSection":["K\u0131br\u0131s"],"inLanguage":"tr","potentialAction":[{"@type":"CommentAction","name":"Comment","target":["https:\/\/kibrisdakik.com\/?p=71777#respond"]}]},{"@type":"WebPage","@id":"https:\/\/kibrisdakik.com\/?p=71777","url":"https:\/\/kibrisdakik.com\/?p=71777","name":"Avrupa Birli\u011fi, Kay\u0131p \u015eah\u0131slar Komitesi\u2019ne 2,6 milyon euro ba\u011f\u0131\u015flad\u0131 -","isPartOf":{"@id":"https:\/\/kibrisdakik.com\/#website"},"primaryImageOfPage":{"@id":"https:\/\/kibrisdakik.com\/?p=71777#primaryimage"},"image":{"@id":"https:\/\/kibrisdakik.com\/?p=71777#primaryimage"},"thumbnailUrl":"https:\/\/kibrisdakik.com\/wp-content\/uploads\/2024\/06\/ksk-740x383.png","datePublished":"2024-12-18T09:33:47+00:00","author":{"@id":"https:\/\/kibrisdakik.com\/#\/schema\/person\/9cd9d437bbb44f72b73ba127e06d8e79"},"breadcrumb":{"@id":"https:\/\/kibrisdakik.com\/?p=71777#breadcrumb"},"inLanguage":"tr","potentialAction":[{"@type":"ReadAction","target":["https:\/\/kibrisdakik.com\/?p=71777"]}]},{"@type":"ImageObject","inLanguage":"tr","@id":"https:\/\/kibrisdakik.com\/?p=71777#primaryimage","url":"https:\/\/kibrisdakik.com\/wp-content\/uploads\/2024\/06\/ksk-740x383.png","contentUrl":"https:\/\/kibrisdakik.com\/wp-content\/uploads\/2024\/06\/ksk-740x383.png","width":775,"height":383},{"@type":"BreadcrumbList","@id":"https:\/\/kibrisdakik.com\/?p=71777#breadcrumb","itemListElement":[{"@type":"ListItem","position":1,"name":"Home","item":"https:\/\/kibrisdakik.com\/"},{"@type":"ListItem","position":2,"name":"Avrupa Birli\u011fi, Kay\u0131p \u015eah\u0131slar Komitesi\u2019ne 2,6 milyon euro ba\u011f\u0131\u015flad\u0131"}]},{"@type":"WebSite","@id":"https:\/\/kibrisdakik.com\/#website","url":"https:\/\/kibrisdakik.com\/","name":"","description":"Tam vaktinde haber","potentialAction":[{"@type":"SearchAction","target":{"@type":"EntryPoint","urlTemplate":"https:\/\/kibrisdakik.com\/?s={search_term_string}"},"query-input":{"@type":"PropertyValueSpecification","valueRequired":true,"valueName":"search_term_string"}}],"inLanguage":"tr"},{"@type":"Person","@id":"https:\/\/kibrisdakik.com\/#\/schema\/person\/9cd9d437bbb44f72b73ba127e06d8e79","name":"admin","image":{"@type":"ImageObject","inLanguage":"tr","@id":"https:\/\/secure.gravatar.com\/avatar\/ccc17943b9d660506c869530f897617f7cb1c21a4bf30023f252596d83e1f007?s=96&d=mm&r=g","url":"https:\/\/secure.gravatar.com\/avatar\/ccc17943b9d660506c869530f897617f7cb1c21a4bf30023f252596d83e1f007?s=96&d=mm&r=g","contentUrl":"https:\/\/secure.gravatar.com\/avatar\/ccc17943b9d660506c869530f897617f7cb1c21a4bf30023f252596d83e1f007?s=96&d=mm&r=g","caption":"admin"},"sameAs":["https:\/\/kibrisdakik.com"],"url":"https:\/\/kibrisdakik.com\/?author=1"}]}},"_links":{"self":[{"href":"https:\/\/kibrisdakik.com\/index.php?rest_route=\/wp\/v2\/posts\/71777","targetHints":{"allow":["GET"]}}],"collection":[{"href":"https:\/\/kibrisdakik.com\/index.php?rest_route=\/wp\/v2\/posts"}],"about":[{"href":"https:\/\/kibrisdakik.com\/index.php?rest_route=\/wp\/v2\/types\/post"}],"author":[{"embeddable":true,"href":"https:\/\/kibrisdakik.com\/index.php?rest_route=\/wp\/v2\/users\/1"}],"replies":[{"embeddable":true,"href":"https:\/\/kibrisdakik.com\/index.php?rest_route=%2Fwp%2Fv2%2Fcomments&post=71777"}],"version-history":[{"count":0,"href":"https:\/\/kibrisdakik.com\/index.php?rest_route=\/wp\/v2\/posts\/71777\/revisions"}],"wp:featuredmedia":[{"embeddable":true,"href":"https:\/\/kibrisdakik.com\/index.php?rest_route=\/wp\/v2\/media\/45067"}],"wp:attachment":[{"href":"https:\/\/kibrisdakik.com\/index.php?rest_route=%2Fwp%2Fv2%2Fmedia&parent=71777"}],"wp:term":[{"taxonomy":"category","embeddable":true,"href":"https:\/\/kibrisdakik.com\/index.php?rest_route=%2Fwp%2Fv2%2Fcategories&post=71777"},{"taxonomy":"post_tag","embeddable":true,"href":"https:\/\/kibrisdakik.com\/index.php?rest_route=%2Fwp%2Fv2%2Ftags&post=71777"}],"curies":[{"name":"wp","href":"https:\/\/api.w.org\/{rel}","templated":true}]}}