{"id":71796,"date":"2024-12-18T15:11:41","date_gmt":"2024-12-18T12:11:41","guid":{"rendered":"https:\/\/kibrisdakik.com\/index.php\/2024\/12\/18\/ktsoyerli-mali-haftasini-bu-yil-buruk-bir-sekilde-karsiliyoruz\/"},"modified":"2024-12-18T15:11:41","modified_gmt":"2024-12-18T12:11:41","slug":"ktsoyerli-mali-haftasini-bu-yil-buruk-bir-sekilde-karsiliyoruz","status":"publish","type":"post","link":"https:\/\/kibrisdakik.com\/?p=71796","title":{"rendered":"KTSO:Yerli Mal\u0131 Haftas\u0131\u2019n\u0131, bu y\u0131l buruk bir \u015fekilde kar\u015f\u0131l\u0131yoruz"},"content":{"rendered":"<div>\n<div class=\"mariselle-image-container center\">\n                                            <\/div>\n<p>K\u0131br\u0131s T\u00fcrk Sanayi Odas\u0131 (KTSO), her y\u0131l aral\u0131k ay\u0131n\u0131n ikinci haftas\u0131nda kutlanan Yerli Mal\u0131 Haftas\u0131\u2019n\u0131 bu y\u0131l buruk bir \u015fekilde kutlad\u0131klar\u0131n\u0131 belirterek, sorunlar\u0131n\u0131 aktard\u0131.<\/p>\n<p>KTSO\u2019dan yap\u0131lan a\u00e7\u0131klamada, her y\u0131l aral\u0131k ay\u0131n\u0131n ikinci haftas\u0131nda, 12-18 Aral\u0131k tarihleri aras\u0131nda kutlanan Yerli Mal\u0131 Haftas\u0131\u2019n\u0131n yerli \u00fcretimi te\u015fvik etmek ve topluma yerli mal\u0131 kullanman\u0131n \u00f6nemini anlatmak amac\u0131n\u0131 ta\u015f\u0131d\u0131\u011f\u0131 belirtildi.<\/p>\n<p>\u201cAncak Sanayi Odas\u0131 olarak, her y\u0131l yerli \u00fcretimin \u00f6nemini vurgulamak ve yerel \u00fcreticilerimizi desteklemek amac\u0131yla kutlad\u0131\u011f\u0131m\u0131z Yerli Mal\u0131 Haftas\u0131\u2019n\u0131, bu y\u0131l ne yaz\u0131k ki buruk bir \u015fekilde kar\u015f\u0131l\u0131yoruz. <\/p>\n<p>Yerli \u00fcretimin s\u00fcrd\u00fcr\u00fclebilirli\u011fi, sanayimizin g\u00fc\u00e7lenmesi ve ekonomiye katk\u0131 sa\u011flanmas\u0131 a\u00e7\u0131s\u0131ndan stratejik \u00f6neme sahip olan bir\u00e7ok sorun, makamlar\u0131n ilgisizli\u011fi nedeniyle maalesef \u00e7\u00f6z\u00fcme kavu\u015fmam\u0131\u015ft\u0131r.\u201d denilen a\u00e7\u0131klamada, yerli \u00fcreticilerin artan maliyetler, enerji fiyatlar\u0131ndaki y\u00fckseklik, ithal \u00fcr\u00fcnlerle adil olmayan rekabet ko\u015fullar\u0131 ve finansmana eri\u015fimdeki g\u00fc\u00e7l\u00fckler gibi pek \u00e7ok zorlukla m\u00fccadele etti\u011fi vurguland\u0131. <\/p>\n<p>A\u00e7\u0131klamada, bu sorunlar\u0131n \u00e7\u00f6z\u00fcm\u00fc i\u00e7in gerekli ad\u0131mlar\u0131n at\u0131lmad\u0131\u011f\u0131 da ifade edilerek, yetkililere \u00e7a\u011fr\u0131da bulunuldu.<br \/>A\u00e7\u0131klamada, \u201cE\u011fer bu sorunlar \u00e7\u00f6z\u00fclmezse, sadece sanayimiz de\u011fil, ayn\u0131 zamanda \u00fclkemiz ekonomisi da zarar g\u00f6recektir. Bu \u00f6nemli haftay\u0131 buruk bir \u015fekilde kutlarken, yerli \u00fcreticilerimizin her zaman yan\u0131nda oldu\u011fumuzu bir kez daha ifade ediyor ve t\u00fcm halk\u0131m\u0131z\u0131 yerli mal\u0131 kullanmaya davet ediyoruz. Hep birlikte yerli \u00fcretime sahip \u00e7\u0131karak, sanayimizi ve ekonomimizi daha g\u00fc\u00e7l\u00fc bir gelece\u011fe ta\u015f\u0131yabiliriz.\u201d ifadelerine yer verildi.<\/p>\n<\/p><\/div>\n<p><script async\n                    defer\n                    crossorigin=\"anonymous\"\n                    src=\"https:\/\/connect.facebook.net\/tr_TR\/sdk.js#xfbml=1&#038;version=v3.3\"\n            ><\/script><\/p>\n","protected":false},"excerpt":{"rendered":"<p>K\u0131br\u0131s T\u00fcrk Sanayi Odas\u0131 (KTSO), her y\u0131l aral\u0131k ay\u0131n\u0131n ikinci haftas\u0131nda kutlanan Yerli Mal\u0131 Haftas\u0131\u2019n\u0131 bu y\u0131l buruk bir \u015fekilde kutlad\u0131klar\u0131n\u0131 belirterek, sorunlar\u0131n\u0131 aktard\u0131. KTSO\u2019dan yap\u0131lan a\u00e7\u0131klamada, her y\u0131l aral\u0131k ay\u0131n\u0131n ikinci haftas\u0131nda, 12-18 Aral\u0131k tarihleri aras\u0131nda kutlanan Yerli Mal\u0131 Haftas\u0131\u2019n\u0131n yerli \u00fcretimi te\u015fvik etmek ve topluma yerli mal\u0131 kullanman\u0131n \u00f6nemini anlatmak amac\u0131n\u0131 ta\u015f\u0131d\u0131\u011f\u0131 belirtildi.<\/p>\n","protected":false},"author":1,"featured_media":71797,"comment_status":"open","ping_status":"open","sticky":false,"template":"","format":"standard","meta":{"footnotes":""},"categories":[81],"tags":[],"class_list":["post-71796","post","type-post","status-publish","format-standard","has-post-thumbnail","hentry","category-kibris"],"yoast_head":"<!-- This site is optimized with the Yoast SEO plugin v27.4 - https:\/\/yoast.com\/product\/yoast-seo-wordpress\/ -->\n<title>KTSO:Yerli Mal\u0131 Haftas\u0131\u2019n\u0131, bu y\u0131l buruk bir \u015fekilde kar\u015f\u0131l\u0131yoruz -<\/title>\n<meta name=\"robots\" content=\"index, follow, max-snippet:-1, max-image-preview:large, max-video-preview:-1\" \/>\n<link rel=\"canonical\" href=\"https:\/\/kibrisdakik.com\/?p=71796\" \/>\n<meta property=\"og:locale\" content=\"tr_TR\" \/>\n<meta property=\"og:type\" content=\"article\" \/>\n<meta property=\"og:title\" content=\"KTSO:Yerli Mal\u0131 Haftas\u0131\u2019n\u0131, bu y\u0131l buruk bir \u015fekilde kar\u015f\u0131l\u0131yoruz -\" \/>\n<meta property=\"og:description\" content=\"K\u0131br\u0131s T\u00fcrk Sanayi Odas\u0131 (KTSO), her y\u0131l aral\u0131k ay\u0131n\u0131n ikinci haftas\u0131nda kutlanan Yerli Mal\u0131 Haftas\u0131\u2019n\u0131 bu y\u0131l buruk bir \u015fekilde kutlad\u0131klar\u0131n\u0131 belirterek, sorunlar\u0131n\u0131 aktard\u0131. KTSO\u2019dan yap\u0131lan a\u00e7\u0131klamada, her y\u0131l aral\u0131k ay\u0131n\u0131n ikinci haftas\u0131nda, 12-18 Aral\u0131k tarihleri aras\u0131nda kutlanan Yerli Mal\u0131 Haftas\u0131\u2019n\u0131n yerli \u00fcretimi te\u015fvik etmek ve topluma yerli mal\u0131 kullanman\u0131n \u00f6nemini anlatmak amac\u0131n\u0131 ta\u015f\u0131d\u0131\u011f\u0131 belirtildi.\" \/>\n<meta property=\"og:url\" content=\"https:\/\/kibrisdakik.com\/?p=71796\" \/>\n<meta property=\"article:published_time\" content=\"2024-12-18T12:11:41+00:00\" \/>\n<meta property=\"og:image\" content=\"https:\/\/kibrisdakik.com\/wp-content\/uploads\/2024\/12\/ktso6-740x420.jpg\" \/>\n\t<meta property=\"og:image:width\" content=\"1998\" \/>\n\t<meta property=\"og:image:height\" content=\"970\" \/>\n\t<meta property=\"og:image:type\" content=\"image\/jpeg\" \/>\n<meta name=\"author\" content=\"admin\" \/>\n<meta name=\"twitter:card\" content=\"summary_large_image\" \/>\n<meta name=\"twitter:label1\" content=\"Yazan:\" \/>\n\t<meta name=\"twitter:data1\" content=\"admin\" \/>\n\t<meta name=\"twitter:label2\" content=\"Tahmini okuma s\u00fcresi\" \/>\n\t<meta name=\"twitter:data2\" content=\"1 dakika\" \/>\n<script type=\"application\/ld+json\" class=\"yoast-schema-graph\">{\"@context\":\"https:\\\/\\\/schema.org\",\"@graph\":[{\"@type\":\"Article\",\"@id\":\"https:\\\/\\\/kibrisdakik.com\\\/?p=71796#article\",\"isPartOf\":{\"@id\":\"https:\\\/\\\/kibrisdakik.com\\\/?p=71796\"},\"author\":{\"name\":\"admin\",\"@id\":\"https:\\\/\\\/kibrisdakik.com\\\/#\\\/schema\\\/person\\\/9cd9d437bbb44f72b73ba127e06d8e79\"},\"headline\":\"KTSO:Yerli Mal\u0131 Haftas\u0131\u2019n\u0131, bu y\u0131l buruk bir \u015fekilde kar\u015f\u0131l\u0131yoruz\",\"datePublished\":\"2024-12-18T12:11:41+00:00\",\"mainEntityOfPage\":{\"@id\":\"https:\\\/\\\/kibrisdakik.com\\\/?p=71796\"},\"wordCount\":302,\"commentCount\":0,\"image\":{\"@id\":\"https:\\\/\\\/kibrisdakik.com\\\/?p=71796#primaryimage\"},\"thumbnailUrl\":\"https:\\\/\\\/kibrisdakik.com\\\/wp-content\\\/uploads\\\/2024\\\/12\\\/ktso6-740x420.jpg\",\"articleSection\":[\"K\u0131br\u0131s\"],\"inLanguage\":\"tr\",\"potentialAction\":[{\"@type\":\"CommentAction\",\"name\":\"Comment\",\"target\":[\"https:\\\/\\\/kibrisdakik.com\\\/?p=71796#respond\"]}]},{\"@type\":\"WebPage\",\"@id\":\"https:\\\/\\\/kibrisdakik.com\\\/?p=71796\",\"url\":\"https:\\\/\\\/kibrisdakik.com\\\/?p=71796\",\"name\":\"KTSO:Yerli Mal\u0131 Haftas\u0131\u2019n\u0131, bu y\u0131l buruk bir \u015fekilde kar\u015f\u0131l\u0131yoruz -\",\"isPartOf\":{\"@id\":\"https:\\\/\\\/kibrisdakik.com\\\/#website\"},\"primaryImageOfPage\":{\"@id\":\"https:\\\/\\\/kibrisdakik.com\\\/?p=71796#primaryimage\"},\"image\":{\"@id\":\"https:\\\/\\\/kibrisdakik.com\\\/?p=71796#primaryimage\"},\"thumbnailUrl\":\"https:\\\/\\\/kibrisdakik.com\\\/wp-content\\\/uploads\\\/2024\\\/12\\\/ktso6-740x420.jpg\",\"datePublished\":\"2024-12-18T12:11:41+00:00\",\"author\":{\"@id\":\"https:\\\/\\\/kibrisdakik.com\\\/#\\\/schema\\\/person\\\/9cd9d437bbb44f72b73ba127e06d8e79\"},\"breadcrumb\":{\"@id\":\"https:\\\/\\\/kibrisdakik.com\\\/?p=71796#breadcrumb\"},\"inLanguage\":\"tr\",\"potentialAction\":[{\"@type\":\"ReadAction\",\"target\":[\"https:\\\/\\\/kibrisdakik.com\\\/?p=71796\"]}]},{\"@type\":\"ImageObject\",\"inLanguage\":\"tr\",\"@id\":\"https:\\\/\\\/kibrisdakik.com\\\/?p=71796#primaryimage\",\"url\":\"https:\\\/\\\/kibrisdakik.com\\\/wp-content\\\/uploads\\\/2024\\\/12\\\/ktso6-740x420.jpg\",\"contentUrl\":\"https:\\\/\\\/kibrisdakik.com\\\/wp-content\\\/uploads\\\/2024\\\/12\\\/ktso6-740x420.jpg\",\"width\":1998,\"height\":970},{\"@type\":\"BreadcrumbList\",\"@id\":\"https:\\\/\\\/kibrisdakik.com\\\/?p=71796#breadcrumb\",\"itemListElement\":[{\"@type\":\"ListItem\",\"position\":1,\"name\":\"Home\",\"item\":\"https:\\\/\\\/kibrisdakik.com\\\/\"},{\"@type\":\"ListItem\",\"position\":2,\"name\":\"KTSO:Yerli Mal\u0131 Haftas\u0131\u2019n\u0131, bu y\u0131l buruk bir \u015fekilde kar\u015f\u0131l\u0131yoruz\"}]},{\"@type\":\"WebSite\",\"@id\":\"https:\\\/\\\/kibrisdakik.com\\\/#website\",\"url\":\"https:\\\/\\\/kibrisdakik.com\\\/\",\"name\":\"\",\"description\":\"Tam vaktinde haber\",\"potentialAction\":[{\"@type\":\"SearchAction\",\"target\":{\"@type\":\"EntryPoint\",\"urlTemplate\":\"https:\\\/\\\/kibrisdakik.com\\\/?s={search_term_string}\"},\"query-input\":{\"@type\":\"PropertyValueSpecification\",\"valueRequired\":true,\"valueName\":\"search_term_string\"}}],\"inLanguage\":\"tr\"},{\"@type\":\"Person\",\"@id\":\"https:\\\/\\\/kibrisdakik.com\\\/#\\\/schema\\\/person\\\/9cd9d437bbb44f72b73ba127e06d8e79\",\"name\":\"admin\",\"image\":{\"@type\":\"ImageObject\",\"inLanguage\":\"tr\",\"@id\":\"https:\\\/\\\/secure.gravatar.com\\\/avatar\\\/ccc17943b9d660506c869530f897617f7cb1c21a4bf30023f252596d83e1f007?s=96&d=mm&r=g\",\"url\":\"https:\\\/\\\/secure.gravatar.com\\\/avatar\\\/ccc17943b9d660506c869530f897617f7cb1c21a4bf30023f252596d83e1f007?s=96&d=mm&r=g\",\"contentUrl\":\"https:\\\/\\\/secure.gravatar.com\\\/avatar\\\/ccc17943b9d660506c869530f897617f7cb1c21a4bf30023f252596d83e1f007?s=96&d=mm&r=g\",\"caption\":\"admin\"},\"sameAs\":[\"https:\\\/\\\/kibrisdakik.com\"],\"url\":\"https:\\\/\\\/kibrisdakik.com\\\/?author=1\"}]}<\/script>\n<!-- \/ Yoast SEO plugin. -->","yoast_head_json":{"title":"KTSO:Yerli Mal\u0131 Haftas\u0131\u2019n\u0131, bu y\u0131l buruk bir \u015fekilde kar\u015f\u0131l\u0131yoruz -","robots":{"index":"index","follow":"follow","max-snippet":"max-snippet:-1","max-image-preview":"max-image-preview:large","max-video-preview":"max-video-preview:-1"},"canonical":"https:\/\/kibrisdakik.com\/?p=71796","og_locale":"tr_TR","og_type":"article","og_title":"KTSO:Yerli Mal\u0131 Haftas\u0131\u2019n\u0131, bu y\u0131l buruk bir \u015fekilde kar\u015f\u0131l\u0131yoruz -","og_description":"K\u0131br\u0131s T\u00fcrk Sanayi Odas\u0131 (KTSO), her y\u0131l aral\u0131k ay\u0131n\u0131n ikinci haftas\u0131nda kutlanan Yerli Mal\u0131 Haftas\u0131\u2019n\u0131 bu y\u0131l buruk bir \u015fekilde kutlad\u0131klar\u0131n\u0131 belirterek, sorunlar\u0131n\u0131 aktard\u0131. KTSO\u2019dan yap\u0131lan a\u00e7\u0131klamada, her y\u0131l aral\u0131k ay\u0131n\u0131n ikinci haftas\u0131nda, 12-18 Aral\u0131k tarihleri aras\u0131nda kutlanan Yerli Mal\u0131 Haftas\u0131\u2019n\u0131n yerli \u00fcretimi te\u015fvik etmek ve topluma yerli mal\u0131 kullanman\u0131n \u00f6nemini anlatmak amac\u0131n\u0131 ta\u015f\u0131d\u0131\u011f\u0131 belirtildi.","og_url":"https:\/\/kibrisdakik.com\/?p=71796","article_published_time":"2024-12-18T12:11:41+00:00","og_image":[{"width":1998,"height":970,"url":"https:\/\/kibrisdakik.com\/wp-content\/uploads\/2024\/12\/ktso6-740x420.jpg","type":"image\/jpeg"}],"author":"admin","twitter_card":"summary_large_image","twitter_misc":{"Yazan:":"admin","Tahmini okuma s\u00fcresi":"1 dakika"},"schema":{"@context":"https:\/\/schema.org","@graph":[{"@type":"Article","@id":"https:\/\/kibrisdakik.com\/?p=71796#article","isPartOf":{"@id":"https:\/\/kibrisdakik.com\/?p=71796"},"author":{"name":"admin","@id":"https:\/\/kibrisdakik.com\/#\/schema\/person\/9cd9d437bbb44f72b73ba127e06d8e79"},"headline":"KTSO:Yerli Mal\u0131 Haftas\u0131\u2019n\u0131, bu y\u0131l buruk bir \u015fekilde kar\u015f\u0131l\u0131yoruz","datePublished":"2024-12-18T12:11:41+00:00","mainEntityOfPage":{"@id":"https:\/\/kibrisdakik.com\/?p=71796"},"wordCount":302,"commentCount":0,"image":{"@id":"https:\/\/kibrisdakik.com\/?p=71796#primaryimage"},"thumbnailUrl":"https:\/\/kibrisdakik.com\/wp-content\/uploads\/2024\/12\/ktso6-740x420.jpg","articleSection":["K\u0131br\u0131s"],"inLanguage":"tr","potentialAction":[{"@type":"CommentAction","name":"Comment","target":["https:\/\/kibrisdakik.com\/?p=71796#respond"]}]},{"@type":"WebPage","@id":"https:\/\/kibrisdakik.com\/?p=71796","url":"https:\/\/kibrisdakik.com\/?p=71796","name":"KTSO:Yerli Mal\u0131 Haftas\u0131\u2019n\u0131, bu y\u0131l buruk bir \u015fekilde kar\u015f\u0131l\u0131yoruz -","isPartOf":{"@id":"https:\/\/kibrisdakik.com\/#website"},"primaryImageOfPage":{"@id":"https:\/\/kibrisdakik.com\/?p=71796#primaryimage"},"image":{"@id":"https:\/\/kibrisdakik.com\/?p=71796#primaryimage"},"thumbnailUrl":"https:\/\/kibrisdakik.com\/wp-content\/uploads\/2024\/12\/ktso6-740x420.jpg","datePublished":"2024-12-18T12:11:41+00:00","author":{"@id":"https:\/\/kibrisdakik.com\/#\/schema\/person\/9cd9d437bbb44f72b73ba127e06d8e79"},"breadcrumb":{"@id":"https:\/\/kibrisdakik.com\/?p=71796#breadcrumb"},"inLanguage":"tr","potentialAction":[{"@type":"ReadAction","target":["https:\/\/kibrisdakik.com\/?p=71796"]}]},{"@type":"ImageObject","inLanguage":"tr","@id":"https:\/\/kibrisdakik.com\/?p=71796#primaryimage","url":"https:\/\/kibrisdakik.com\/wp-content\/uploads\/2024\/12\/ktso6-740x420.jpg","contentUrl":"https:\/\/kibrisdakik.com\/wp-content\/uploads\/2024\/12\/ktso6-740x420.jpg","width":1998,"height":970},{"@type":"BreadcrumbList","@id":"https:\/\/kibrisdakik.com\/?p=71796#breadcrumb","itemListElement":[{"@type":"ListItem","position":1,"name":"Home","item":"https:\/\/kibrisdakik.com\/"},{"@type":"ListItem","position":2,"name":"KTSO:Yerli Mal\u0131 Haftas\u0131\u2019n\u0131, bu y\u0131l buruk bir \u015fekilde kar\u015f\u0131l\u0131yoruz"}]},{"@type":"WebSite","@id":"https:\/\/kibrisdakik.com\/#website","url":"https:\/\/kibrisdakik.com\/","name":"","description":"Tam vaktinde haber","potentialAction":[{"@type":"SearchAction","target":{"@type":"EntryPoint","urlTemplate":"https:\/\/kibrisdakik.com\/?s={search_term_string}"},"query-input":{"@type":"PropertyValueSpecification","valueRequired":true,"valueName":"search_term_string"}}],"inLanguage":"tr"},{"@type":"Person","@id":"https:\/\/kibrisdakik.com\/#\/schema\/person\/9cd9d437bbb44f72b73ba127e06d8e79","name":"admin","image":{"@type":"ImageObject","inLanguage":"tr","@id":"https:\/\/secure.gravatar.com\/avatar\/ccc17943b9d660506c869530f897617f7cb1c21a4bf30023f252596d83e1f007?s=96&d=mm&r=g","url":"https:\/\/secure.gravatar.com\/avatar\/ccc17943b9d660506c869530f897617f7cb1c21a4bf30023f252596d83e1f007?s=96&d=mm&r=g","contentUrl":"https:\/\/secure.gravatar.com\/avatar\/ccc17943b9d660506c869530f897617f7cb1c21a4bf30023f252596d83e1f007?s=96&d=mm&r=g","caption":"admin"},"sameAs":["https:\/\/kibrisdakik.com"],"url":"https:\/\/kibrisdakik.com\/?author=1"}]}},"_links":{"self":[{"href":"https:\/\/kibrisdakik.com\/index.php?rest_route=\/wp\/v2\/posts\/71796","targetHints":{"allow":["GET"]}}],"collection":[{"href":"https:\/\/kibrisdakik.com\/index.php?rest_route=\/wp\/v2\/posts"}],"about":[{"href":"https:\/\/kibrisdakik.com\/index.php?rest_route=\/wp\/v2\/types\/post"}],"author":[{"embeddable":true,"href":"https:\/\/kibrisdakik.com\/index.php?rest_route=\/wp\/v2\/users\/1"}],"replies":[{"embeddable":true,"href":"https:\/\/kibrisdakik.com\/index.php?rest_route=%2Fwp%2Fv2%2Fcomments&post=71796"}],"version-history":[{"count":0,"href":"https:\/\/kibrisdakik.com\/index.php?rest_route=\/wp\/v2\/posts\/71796\/revisions"}],"wp:featuredmedia":[{"embeddable":true,"href":"https:\/\/kibrisdakik.com\/index.php?rest_route=\/wp\/v2\/media\/71797"}],"wp:attachment":[{"href":"https:\/\/kibrisdakik.com\/index.php?rest_route=%2Fwp%2Fv2%2Fmedia&parent=71796"}],"wp:term":[{"taxonomy":"category","embeddable":true,"href":"https:\/\/kibrisdakik.com\/index.php?rest_route=%2Fwp%2Fv2%2Fcategories&post=71796"},{"taxonomy":"post_tag","embeddable":true,"href":"https:\/\/kibrisdakik.com\/index.php?rest_route=%2Fwp%2Fv2%2Ftags&post=71796"}],"curies":[{"name":"wp","href":"https:\/\/api.w.org\/{rel}","templated":true}]}}