{"id":71803,"date":"2024-12-18T15:31:51","date_gmt":"2024-12-18T12:31:51","guid":{"rendered":"https:\/\/kibrisdakik.com\/index.php\/2024\/12\/18\/mecliste-bugun-sayistay-mahkemeler-yodak-ve-saglik-bakanligi-butceleri-gorusulecek\/"},"modified":"2024-12-18T15:31:51","modified_gmt":"2024-12-18T12:31:51","slug":"mecliste-bugun-sayistay-mahkemeler-yodak-ve-saglik-bakanligi-butceleri-gorusulecek","status":"publish","type":"post","link":"https:\/\/kibrisdakik.com\/?p=71803","title":{"rendered":"Meclis\u2019te bug\u00fcn Say\u0131\u015ftay, Mahkemeler, Y\u00d6DAK ve Sa\u011fl\u0131k Bakanl\u0131\u011f\u0131 b\u00fct\u00e7eleri g\u00f6r\u00fc\u015f\u00fclecek"},"content":{"rendered":"<div>\n<div class=\"mariselle-image-container center\">\n                                            <\/div>\n<p>\nCumhuriyet Meclisi Genel Kurulu, 2025 Mali Y\u0131l\u0131 Merkezi Devlet Y\u00f6netimi B\u00fct\u00e7e Yasa Tasar\u0131s\u0131 \u00fczerindeki g\u00f6r\u00fc\u015fmelerine devam etmek \u00fczere saat 13.00\u2019te topland\u0131.<\/p>\n<p>Meclis Ba\u015fkan\u0131 Ziya \u00d6zt\u00fcrkler ba\u015fkanl\u0131\u011f\u0131nda toplanan Genel Kurul\u2019un bug\u00fcnk\u00fc g\u00fcndeminde Say\u0131\u015ftay, Mahkemeler, Y\u00fcksek\u00f6\u011fretim Planlama, Denetleme, Akreditasyon ve Koordinasyon Kurulu (Y\u00d6DAK) ve Sa\u011fl\u0131k Bakanl\u0131\u011f\u0131 b\u00fct\u00e7eleri bulunuyor.<\/p>\n<p>Genel Kurul\u2019da s\u0131ras\u0131yla 140 milyon 133 bin 900 TL\u2019lik Say\u0131\u015ftay Ba\u015fkanl\u0131\u011f\u0131 b\u00fct\u00e7esi, 927 milyon 978 bin 300 TL\u2019lik Mahkemeler b\u00fct\u00e7esi, 62 milyon 871 bin TL\u2019lik Y\u00d6DAK b\u00fct\u00e7esi ve 12 milyar 859 milyon 721 bin TL\u2019lik Sa\u011fl\u0131k Bakanl\u0131\u011f\u0131 b\u00fct\u00e7esi ele al\u0131nacak.<\/p>\n<\/p><\/div>\n<p><script async\n                    defer\n                    crossorigin=\"anonymous\"\n                    src=\"https:\/\/connect.facebook.net\/tr_TR\/sdk.js#xfbml=1&#038;version=v3.3\"\n            ><\/script><\/p>\n","protected":false},"excerpt":{"rendered":"<p>Cumhuriyet Meclisi Genel Kurulu, 2025 Mali Y\u0131l\u0131 Merkezi Devlet Y\u00f6netimi B\u00fct\u00e7e Yasa Tasar\u0131s\u0131 \u00fczerindeki g\u00f6r\u00fc\u015fmelerine devam etmek \u00fczere saat 13.00\u2019te topland\u0131. Meclis Ba\u015fkan\u0131 Ziya \u00d6zt\u00fcrkler ba\u015fkanl\u0131\u011f\u0131nda toplanan Genel Kurul\u2019un bug\u00fcnk\u00fc g\u00fcndeminde Say\u0131\u015ftay, Mahkemeler, Y\u00fcksek\u00f6\u011fretim Planlama, Denetleme, Akreditasyon ve Koordinasyon Kurulu (Y\u00d6DAK) ve Sa\u011fl\u0131k Bakanl\u0131\u011f\u0131 b\u00fct\u00e7eleri bulunuyor. Genel Kurul\u2019da s\u0131ras\u0131yla 140 milyon 133 bin 900 TL\u2019lik<\/p>\n","protected":false},"author":1,"featured_media":71804,"comment_status":"open","ping_status":"open","sticky":false,"template":"","format":"standard","meta":{"footnotes":""},"categories":[81],"tags":[],"class_list":["post-71803","post","type-post","status-publish","format-standard","has-post-thumbnail","hentry","category-kibris"],"yoast_head":"<!-- This site is optimized with the Yoast SEO plugin v27.5 - https:\/\/yoast.com\/product\/yoast-seo-wordpress\/ -->\n<title>Meclis\u2019te bug\u00fcn Say\u0131\u015ftay, Mahkemeler, Y\u00d6DAK ve Sa\u011fl\u0131k Bakanl\u0131\u011f\u0131 b\u00fct\u00e7eleri g\u00f6r\u00fc\u015f\u00fclecek -<\/title>\n<meta name=\"robots\" content=\"index, follow, max-snippet:-1, max-image-preview:large, max-video-preview:-1\" \/>\n<link rel=\"canonical\" href=\"https:\/\/kibrisdakik.com\/?p=71803\" \/>\n<meta property=\"og:locale\" content=\"tr_TR\" \/>\n<meta property=\"og:type\" content=\"article\" \/>\n<meta property=\"og:title\" content=\"Meclis\u2019te bug\u00fcn Say\u0131\u015ftay, Mahkemeler, Y\u00d6DAK ve Sa\u011fl\u0131k Bakanl\u0131\u011f\u0131 b\u00fct\u00e7eleri g\u00f6r\u00fc\u015f\u00fclecek -\" \/>\n<meta property=\"og:description\" content=\"Cumhuriyet Meclisi Genel Kurulu, 2025 Mali Y\u0131l\u0131 Merkezi Devlet Y\u00f6netimi B\u00fct\u00e7e Yasa Tasar\u0131s\u0131 \u00fczerindeki g\u00f6r\u00fc\u015fmelerine devam etmek \u00fczere saat 13.00\u2019te topland\u0131. Meclis Ba\u015fkan\u0131 Ziya \u00d6zt\u00fcrkler ba\u015fkanl\u0131\u011f\u0131nda toplanan Genel Kurul\u2019un bug\u00fcnk\u00fc g\u00fcndeminde Say\u0131\u015ftay, Mahkemeler, Y\u00fcksek\u00f6\u011fretim Planlama, Denetleme, Akreditasyon ve Koordinasyon Kurulu (Y\u00d6DAK) ve Sa\u011fl\u0131k Bakanl\u0131\u011f\u0131 b\u00fct\u00e7eleri bulunuyor. Genel Kurul\u2019da s\u0131ras\u0131yla 140 milyon 133 bin 900 TL\u2019lik\" \/>\n<meta property=\"og:url\" content=\"https:\/\/kibrisdakik.com\/?p=71803\" \/>\n<meta property=\"article:published_time\" content=\"2024-12-18T12:31:51+00:00\" \/>\n<meta property=\"og:image\" content=\"https:\/\/kibrisdakik.com\/wp-content\/uploads\/2024\/12\/1734519944832MECLIS-GENEL-740x420.jpg\" \/>\n\t<meta property=\"og:image:width\" content=\"1600\" \/>\n\t<meta property=\"og:image:height\" content=\"1066\" \/>\n\t<meta property=\"og:image:type\" content=\"image\/jpeg\" \/>\n<meta name=\"author\" content=\"admin\" \/>\n<meta name=\"twitter:card\" content=\"summary_large_image\" \/>\n<meta name=\"twitter:label1\" content=\"Yazan:\" \/>\n\t<meta name=\"twitter:data1\" content=\"admin\" \/>\n\t<meta name=\"twitter:label2\" content=\"Tahmini okuma s\u00fcresi\" \/>\n\t<meta name=\"twitter:data2\" content=\"1 dakika\" \/>\n<script type=\"application\/ld+json\" class=\"yoast-schema-graph\">{\"@context\":\"https:\\\/\\\/schema.org\",\"@graph\":[{\"@type\":\"Article\",\"@id\":\"https:\\\/\\\/kibrisdakik.com\\\/?p=71803#article\",\"isPartOf\":{\"@id\":\"https:\\\/\\\/kibrisdakik.com\\\/?p=71803\"},\"author\":{\"name\":\"admin\",\"@id\":\"https:\\\/\\\/kibrisdakik.com\\\/#\\\/schema\\\/person\\\/9cd9d437bbb44f72b73ba127e06d8e79\"},\"headline\":\"Meclis\u2019te bug\u00fcn Say\u0131\u015ftay, Mahkemeler, Y\u00d6DAK ve Sa\u011fl\u0131k Bakanl\u0131\u011f\u0131 b\u00fct\u00e7eleri g\u00f6r\u00fc\u015f\u00fclecek\",\"datePublished\":\"2024-12-18T12:31:51+00:00\",\"mainEntityOfPage\":{\"@id\":\"https:\\\/\\\/kibrisdakik.com\\\/?p=71803\"},\"wordCount\":137,\"commentCount\":0,\"image\":{\"@id\":\"https:\\\/\\\/kibrisdakik.com\\\/?p=71803#primaryimage\"},\"thumbnailUrl\":\"https:\\\/\\\/kibrisdakik.com\\\/wp-content\\\/uploads\\\/2024\\\/12\\\/1734519944832MECLIS-GENEL-740x420.jpg\",\"articleSection\":[\"K\u0131br\u0131s\"],\"inLanguage\":\"tr\",\"potentialAction\":[{\"@type\":\"CommentAction\",\"name\":\"Comment\",\"target\":[\"https:\\\/\\\/kibrisdakik.com\\\/?p=71803#respond\"]}]},{\"@type\":\"WebPage\",\"@id\":\"https:\\\/\\\/kibrisdakik.com\\\/?p=71803\",\"url\":\"https:\\\/\\\/kibrisdakik.com\\\/?p=71803\",\"name\":\"Meclis\u2019te bug\u00fcn Say\u0131\u015ftay, Mahkemeler, Y\u00d6DAK ve Sa\u011fl\u0131k Bakanl\u0131\u011f\u0131 b\u00fct\u00e7eleri g\u00f6r\u00fc\u015f\u00fclecek -\",\"isPartOf\":{\"@id\":\"https:\\\/\\\/kibrisdakik.com\\\/#website\"},\"primaryImageOfPage\":{\"@id\":\"https:\\\/\\\/kibrisdakik.com\\\/?p=71803#primaryimage\"},\"image\":{\"@id\":\"https:\\\/\\\/kibrisdakik.com\\\/?p=71803#primaryimage\"},\"thumbnailUrl\":\"https:\\\/\\\/kibrisdakik.com\\\/wp-content\\\/uploads\\\/2024\\\/12\\\/1734519944832MECLIS-GENEL-740x420.jpg\",\"datePublished\":\"2024-12-18T12:31:51+00:00\",\"author\":{\"@id\":\"https:\\\/\\\/kibrisdakik.com\\\/#\\\/schema\\\/person\\\/9cd9d437bbb44f72b73ba127e06d8e79\"},\"breadcrumb\":{\"@id\":\"https:\\\/\\\/kibrisdakik.com\\\/?p=71803#breadcrumb\"},\"inLanguage\":\"tr\",\"potentialAction\":[{\"@type\":\"ReadAction\",\"target\":[\"https:\\\/\\\/kibrisdakik.com\\\/?p=71803\"]}]},{\"@type\":\"ImageObject\",\"inLanguage\":\"tr\",\"@id\":\"https:\\\/\\\/kibrisdakik.com\\\/?p=71803#primaryimage\",\"url\":\"https:\\\/\\\/kibrisdakik.com\\\/wp-content\\\/uploads\\\/2024\\\/12\\\/1734519944832MECLIS-GENEL-740x420.jpg\",\"contentUrl\":\"https:\\\/\\\/kibrisdakik.com\\\/wp-content\\\/uploads\\\/2024\\\/12\\\/1734519944832MECLIS-GENEL-740x420.jpg\",\"width\":1600,\"height\":1066},{\"@type\":\"BreadcrumbList\",\"@id\":\"https:\\\/\\\/kibrisdakik.com\\\/?p=71803#breadcrumb\",\"itemListElement\":[{\"@type\":\"ListItem\",\"position\":1,\"name\":\"Home\",\"item\":\"https:\\\/\\\/kibrisdakik.com\\\/\"},{\"@type\":\"ListItem\",\"position\":2,\"name\":\"Meclis\u2019te bug\u00fcn Say\u0131\u015ftay, Mahkemeler, Y\u00d6DAK ve Sa\u011fl\u0131k Bakanl\u0131\u011f\u0131 b\u00fct\u00e7eleri g\u00f6r\u00fc\u015f\u00fclecek\"}]},{\"@type\":\"WebSite\",\"@id\":\"https:\\\/\\\/kibrisdakik.com\\\/#website\",\"url\":\"https:\\\/\\\/kibrisdakik.com\\\/\",\"name\":\"\",\"description\":\"Tam vaktinde haber\",\"potentialAction\":[{\"@type\":\"SearchAction\",\"target\":{\"@type\":\"EntryPoint\",\"urlTemplate\":\"https:\\\/\\\/kibrisdakik.com\\\/?s={search_term_string}\"},\"query-input\":{\"@type\":\"PropertyValueSpecification\",\"valueRequired\":true,\"valueName\":\"search_term_string\"}}],\"inLanguage\":\"tr\"},{\"@type\":\"Person\",\"@id\":\"https:\\\/\\\/kibrisdakik.com\\\/#\\\/schema\\\/person\\\/9cd9d437bbb44f72b73ba127e06d8e79\",\"name\":\"admin\",\"image\":{\"@type\":\"ImageObject\",\"inLanguage\":\"tr\",\"@id\":\"https:\\\/\\\/secure.gravatar.com\\\/avatar\\\/ccc17943b9d660506c869530f897617f7cb1c21a4bf30023f252596d83e1f007?s=96&d=mm&r=g\",\"url\":\"https:\\\/\\\/secure.gravatar.com\\\/avatar\\\/ccc17943b9d660506c869530f897617f7cb1c21a4bf30023f252596d83e1f007?s=96&d=mm&r=g\",\"contentUrl\":\"https:\\\/\\\/secure.gravatar.com\\\/avatar\\\/ccc17943b9d660506c869530f897617f7cb1c21a4bf30023f252596d83e1f007?s=96&d=mm&r=g\",\"caption\":\"admin\"},\"sameAs\":[\"https:\\\/\\\/kibrisdakik.com\"],\"url\":\"https:\\\/\\\/kibrisdakik.com\\\/?author=1\"}]}<\/script>\n<!-- \/ Yoast SEO plugin. -->","yoast_head_json":{"title":"Meclis\u2019te bug\u00fcn Say\u0131\u015ftay, Mahkemeler, Y\u00d6DAK ve Sa\u011fl\u0131k Bakanl\u0131\u011f\u0131 b\u00fct\u00e7eleri g\u00f6r\u00fc\u015f\u00fclecek -","robots":{"index":"index","follow":"follow","max-snippet":"max-snippet:-1","max-image-preview":"max-image-preview:large","max-video-preview":"max-video-preview:-1"},"canonical":"https:\/\/kibrisdakik.com\/?p=71803","og_locale":"tr_TR","og_type":"article","og_title":"Meclis\u2019te bug\u00fcn Say\u0131\u015ftay, Mahkemeler, Y\u00d6DAK ve Sa\u011fl\u0131k Bakanl\u0131\u011f\u0131 b\u00fct\u00e7eleri g\u00f6r\u00fc\u015f\u00fclecek -","og_description":"Cumhuriyet Meclisi Genel Kurulu, 2025 Mali Y\u0131l\u0131 Merkezi Devlet Y\u00f6netimi B\u00fct\u00e7e Yasa Tasar\u0131s\u0131 \u00fczerindeki g\u00f6r\u00fc\u015fmelerine devam etmek \u00fczere saat 13.00\u2019te topland\u0131. Meclis Ba\u015fkan\u0131 Ziya \u00d6zt\u00fcrkler ba\u015fkanl\u0131\u011f\u0131nda toplanan Genel Kurul\u2019un bug\u00fcnk\u00fc g\u00fcndeminde Say\u0131\u015ftay, Mahkemeler, Y\u00fcksek\u00f6\u011fretim Planlama, Denetleme, Akreditasyon ve Koordinasyon Kurulu (Y\u00d6DAK) ve Sa\u011fl\u0131k Bakanl\u0131\u011f\u0131 b\u00fct\u00e7eleri bulunuyor. Genel Kurul\u2019da s\u0131ras\u0131yla 140 milyon 133 bin 900 TL\u2019lik","og_url":"https:\/\/kibrisdakik.com\/?p=71803","article_published_time":"2024-12-18T12:31:51+00:00","og_image":[{"width":1600,"height":1066,"url":"https:\/\/kibrisdakik.com\/wp-content\/uploads\/2024\/12\/1734519944832MECLIS-GENEL-740x420.jpg","type":"image\/jpeg"}],"author":"admin","twitter_card":"summary_large_image","twitter_misc":{"Yazan:":"admin","Tahmini okuma s\u00fcresi":"1 dakika"},"schema":{"@context":"https:\/\/schema.org","@graph":[{"@type":"Article","@id":"https:\/\/kibrisdakik.com\/?p=71803#article","isPartOf":{"@id":"https:\/\/kibrisdakik.com\/?p=71803"},"author":{"name":"admin","@id":"https:\/\/kibrisdakik.com\/#\/schema\/person\/9cd9d437bbb44f72b73ba127e06d8e79"},"headline":"Meclis\u2019te bug\u00fcn Say\u0131\u015ftay, Mahkemeler, Y\u00d6DAK ve Sa\u011fl\u0131k Bakanl\u0131\u011f\u0131 b\u00fct\u00e7eleri g\u00f6r\u00fc\u015f\u00fclecek","datePublished":"2024-12-18T12:31:51+00:00","mainEntityOfPage":{"@id":"https:\/\/kibrisdakik.com\/?p=71803"},"wordCount":137,"commentCount":0,"image":{"@id":"https:\/\/kibrisdakik.com\/?p=71803#primaryimage"},"thumbnailUrl":"https:\/\/kibrisdakik.com\/wp-content\/uploads\/2024\/12\/1734519944832MECLIS-GENEL-740x420.jpg","articleSection":["K\u0131br\u0131s"],"inLanguage":"tr","potentialAction":[{"@type":"CommentAction","name":"Comment","target":["https:\/\/kibrisdakik.com\/?p=71803#respond"]}]},{"@type":"WebPage","@id":"https:\/\/kibrisdakik.com\/?p=71803","url":"https:\/\/kibrisdakik.com\/?p=71803","name":"Meclis\u2019te bug\u00fcn Say\u0131\u015ftay, Mahkemeler, Y\u00d6DAK ve Sa\u011fl\u0131k Bakanl\u0131\u011f\u0131 b\u00fct\u00e7eleri g\u00f6r\u00fc\u015f\u00fclecek -","isPartOf":{"@id":"https:\/\/kibrisdakik.com\/#website"},"primaryImageOfPage":{"@id":"https:\/\/kibrisdakik.com\/?p=71803#primaryimage"},"image":{"@id":"https:\/\/kibrisdakik.com\/?p=71803#primaryimage"},"thumbnailUrl":"https:\/\/kibrisdakik.com\/wp-content\/uploads\/2024\/12\/1734519944832MECLIS-GENEL-740x420.jpg","datePublished":"2024-12-18T12:31:51+00:00","author":{"@id":"https:\/\/kibrisdakik.com\/#\/schema\/person\/9cd9d437bbb44f72b73ba127e06d8e79"},"breadcrumb":{"@id":"https:\/\/kibrisdakik.com\/?p=71803#breadcrumb"},"inLanguage":"tr","potentialAction":[{"@type":"ReadAction","target":["https:\/\/kibrisdakik.com\/?p=71803"]}]},{"@type":"ImageObject","inLanguage":"tr","@id":"https:\/\/kibrisdakik.com\/?p=71803#primaryimage","url":"https:\/\/kibrisdakik.com\/wp-content\/uploads\/2024\/12\/1734519944832MECLIS-GENEL-740x420.jpg","contentUrl":"https:\/\/kibrisdakik.com\/wp-content\/uploads\/2024\/12\/1734519944832MECLIS-GENEL-740x420.jpg","width":1600,"height":1066},{"@type":"BreadcrumbList","@id":"https:\/\/kibrisdakik.com\/?p=71803#breadcrumb","itemListElement":[{"@type":"ListItem","position":1,"name":"Home","item":"https:\/\/kibrisdakik.com\/"},{"@type":"ListItem","position":2,"name":"Meclis\u2019te bug\u00fcn Say\u0131\u015ftay, Mahkemeler, Y\u00d6DAK ve Sa\u011fl\u0131k Bakanl\u0131\u011f\u0131 b\u00fct\u00e7eleri g\u00f6r\u00fc\u015f\u00fclecek"}]},{"@type":"WebSite","@id":"https:\/\/kibrisdakik.com\/#website","url":"https:\/\/kibrisdakik.com\/","name":"","description":"Tam vaktinde haber","potentialAction":[{"@type":"SearchAction","target":{"@type":"EntryPoint","urlTemplate":"https:\/\/kibrisdakik.com\/?s={search_term_string}"},"query-input":{"@type":"PropertyValueSpecification","valueRequired":true,"valueName":"search_term_string"}}],"inLanguage":"tr"},{"@type":"Person","@id":"https:\/\/kibrisdakik.com\/#\/schema\/person\/9cd9d437bbb44f72b73ba127e06d8e79","name":"admin","image":{"@type":"ImageObject","inLanguage":"tr","@id":"https:\/\/secure.gravatar.com\/avatar\/ccc17943b9d660506c869530f897617f7cb1c21a4bf30023f252596d83e1f007?s=96&d=mm&r=g","url":"https:\/\/secure.gravatar.com\/avatar\/ccc17943b9d660506c869530f897617f7cb1c21a4bf30023f252596d83e1f007?s=96&d=mm&r=g","contentUrl":"https:\/\/secure.gravatar.com\/avatar\/ccc17943b9d660506c869530f897617f7cb1c21a4bf30023f252596d83e1f007?s=96&d=mm&r=g","caption":"admin"},"sameAs":["https:\/\/kibrisdakik.com"],"url":"https:\/\/kibrisdakik.com\/?author=1"}]}},"_links":{"self":[{"href":"https:\/\/kibrisdakik.com\/index.php?rest_route=\/wp\/v2\/posts\/71803","targetHints":{"allow":["GET"]}}],"collection":[{"href":"https:\/\/kibrisdakik.com\/index.php?rest_route=\/wp\/v2\/posts"}],"about":[{"href":"https:\/\/kibrisdakik.com\/index.php?rest_route=\/wp\/v2\/types\/post"}],"author":[{"embeddable":true,"href":"https:\/\/kibrisdakik.com\/index.php?rest_route=\/wp\/v2\/users\/1"}],"replies":[{"embeddable":true,"href":"https:\/\/kibrisdakik.com\/index.php?rest_route=%2Fwp%2Fv2%2Fcomments&post=71803"}],"version-history":[{"count":0,"href":"https:\/\/kibrisdakik.com\/index.php?rest_route=\/wp\/v2\/posts\/71803\/revisions"}],"wp:featuredmedia":[{"embeddable":true,"href":"https:\/\/kibrisdakik.com\/index.php?rest_route=\/wp\/v2\/media\/71804"}],"wp:attachment":[{"href":"https:\/\/kibrisdakik.com\/index.php?rest_route=%2Fwp%2Fv2%2Fmedia&parent=71803"}],"wp:term":[{"taxonomy":"category","embeddable":true,"href":"https:\/\/kibrisdakik.com\/index.php?rest_route=%2Fwp%2Fv2%2Fcategories&post=71803"},{"taxonomy":"post_tag","embeddable":true,"href":"https:\/\/kibrisdakik.com\/index.php?rest_route=%2Fwp%2Fv2%2Ftags&post=71803"}],"curies":[{"name":"wp","href":"https:\/\/api.w.org\/{rel}","templated":true}]}}