{"id":71811,"date":"2024-12-18T16:04:41","date_gmt":"2024-12-18T13:04:41","guid":{"rendered":"https:\/\/kibrisdakik.com\/index.php\/2024\/12\/18\/genel-kurulda-2025-yili-sayistay-baskanligi-ve-mahkemeler-butcesi-kabul-edildi\/"},"modified":"2024-12-18T16:04:41","modified_gmt":"2024-12-18T13:04:41","slug":"genel-kurulda-2025-yili-sayistay-baskanligi-ve-mahkemeler-butcesi-kabul-edildi","status":"publish","type":"post","link":"https:\/\/kibrisdakik.com\/?p=71811","title":{"rendered":"Genel Kurul\u2019da 2025 y\u0131l\u0131 Say\u0131\u015ftay Ba\u015fkanl\u0131\u011f\u0131 ve Mahkemeler b\u00fct\u00e7esi kabul edildi"},"content":{"rendered":"<div>\n<div class=\"mariselle-image-container center\">\n                                            <\/div>\n<p>Cumhuriyet Meclisi Genel Kurulu\u2019nda 140 milyon 133 bin 900 TL\u2019lik Say\u0131\u015ftay Ba\u015fkanl\u0131\u011f\u0131 b\u00fct\u00e7esi ile 927 milyon 978 bin 300 TL\u2019lik Mahkemeler b\u00fct\u00e7esi kabul edildi.<br \/>Genel Kurul\u2019da bug\u00fcn ilk olarak Say\u0131\u015ftay Ba\u015fkanl\u0131\u011f\u0131 b\u00fct\u00e7esi ele al\u0131nd\u0131. <\/p>\n<p>Say\u0131\u015ftay b\u00fct\u00e7esi \u00fczerine milletvekillerinin konu\u015fmalar\u0131ndan \u00f6nce Y\u00fcksek\u00f6\u011fretim Planlama, Denetleme, Akreditasyon ve Koordinasyon Kurulu\u2019nun (Y\u00d6DAK) 2025 Mali Y\u0131l\u0131 B\u00fct\u00e7e Tasar\u0131s\u0131\u2019n\u0131n \u00fc\u00e7\u00fcnc\u00fc g\u00f6r\u00fc\u015fmesinin tezkeresi oylanarak, kabul edildi. <\/p>\n<p>Say\u0131\u015ftay Ba\u015fkanl\u0131\u011f\u0131 b\u00fct\u00e7esiyle ilgili ilk s\u00f6z\u00fc alan Cumhuriyet\u00e7i T\u00fcrk Partisi (CTP) Milletvekili ve Meclis Say\u0131\u015ftay Komitesi Ba\u015fkan\u0131 Teberr\u00fcken Ulu\u00e7ay, Say\u0131\u015ftay Ba\u015fkanl\u0131\u011f\u0131 \u00e7al\u0131\u015fmalar\u0131 hakk\u0131nda bilgi vererek, ihtiya\u00e7lar\u0131na dikkat \u00e7ekti. <\/p>\n<p>Meclis Say\u0131\u015ftay Komitesi\u2019nin Say\u0131\u015ftay taraf\u0131ndan iletilen raporlar\u0131 de\u011ferlendirdi\u011fini kaydeden Ulu\u00e7ay, bu de\u011ferlendirmeler ve \u00f6nerilerin Genel Kurul\u2019a, kamuoyuna, ilgili Bakanl\u0131k ve daireye iletildi\u011fini belirtti, b\u00fct\u00e7e g\u00f6r\u00fc\u015fmelerinin ard\u0131ndan Komite\u2019nin raporlar \u00fczerinde \u00e7al\u0131\u015fmaya devam edece\u011fini s\u00f6yledi.<\/p>\n<p>Ulu\u00e7ay, g\u00fcndeme al\u0131nan raporlara baz\u0131 \u00f6rnekler vererek, \u00f6zellikle K\u0131b-Tek\u2019te ihtiya\u00e7 duyulan malzemelerin al\u0131m s\u00fcrecine ili\u015fkin gerekli ad\u0131mlar\u0131n at\u0131lmas\u0131nda  K\u0131b-Tek\u2019in sahip oldu\u011fu bilgi, birikim ve kapasiteye g\u00f6re hareket edilmesinin sonu\u00e7lar\u0131na dikkat \u00e7ekti, bu kapsamda at\u0131labilecek ad\u0131mlar\u0131 s\u0131ralad\u0131.<\/p>\n<p>Say\u0131\u015ftay\u2019\u0131n denetimleri yaparken personel ve ara\u00e7 gere\u00e7 ihtiyac\u0131 duydu\u011funa dikkat \u00e7eken Ulu\u00e7ay, sa\u011fl\u0131kl\u0131 denetim yap\u0131lmas\u0131 ve zaman\u0131n daha iyi kullan\u0131lmas\u0131 i\u00e7in personel say\u0131s\u0131n\u0131n art\u0131r\u0131lmas\u0131 gerekti\u011fini kaydetti.<br \/>18 milyar kusurluk b\u00fct\u00e7e a\u00e7\u0131\u011f\u0131na i\u015faret eden Ulu\u00e7ay, bu noktada tasarrufun \u00f6nemini vurgulad\u0131, Say\u0131\u015ftay\u2019\u0131n denetimlerine daha fazla ihtiya\u00e7 duyuldu\u011fu bir d\u00f6neme girildi\u011fini  belirtti, \u201cVar g\u00fcc\u00fcm\u00fczle onlara bu imkan\u0131 vermemiz gerekiyor.\u201d dedi.<\/p>\n<p>Milletvekili Ulu\u00e7ay, \u201cTasarruf tedbirleri \u00e7er\u00e7evesinde harcanan her bir kuru\u015fun daha a\u00e7\u0131k ve \u015feffaf olarak hesab\u0131n\u0131n verilmesi ad\u0131na Say\u0131\u015ftay\u2019a olan ihtiyac\u0131m\u0131z g\u00fcnden g\u00fcne artmaktad\u0131r. Cumhuriyet Meclisi\u2019ne d\u00fc\u015fen g\u00f6rev Say\u0131\u015ftay\u2019\u0131n daha verimli denetim yap\u0131lmas\u0131 i\u00e7in ihtiya\u00e7 duydu\u011fu, personel, ara\u00e7 ve gerece bir an \u00f6nce kavu\u015fturulmas\u0131d\u0131r.\u201d dedi. <\/p>\n<p>CTP Milletvekili Sami \u00d6zuslu da, Say\u0131\u015ftay gibi \u00f6nemli bir kurumun etkinli\u011fini art\u0131rman\u0131n g\u00f6revleri oldu\u011funu kaydetti.<\/p>\n<p>\u00c7e\u015fitli kamu kurumlar\u0131nda ya\u015fanan ve toplumun devlete olan g\u00fcvenini sarsan olaylar\u0131n a\u00e7\u0131kl\u0131\u011fa kavu\u015fmas\u0131 ve usuls\u00fczl\u00fcklerin ortaya \u00e7\u0131kar\u0131lmas\u0131n\u0131n son derece \u00f6nemli oldu\u011funu kaydeden \u00d6zuslu, Say\u0131\u015ftay\u2019\u0131n personel eksikli\u011fine i\u015faret ederek, \u201cSay\u0131\u015ftay Yasas\u0131\u2019nda 89 denet\u00e7i kadrosu var. 89 kadronun \u015fu an itibar\u0131yla 35\u2019i doludur. 20 de m\u00fcnhal a\u00e7\u0131ld\u0131. 55 m\u00fcnhali ancak dolacak. Neredeyse y\u00fczde 40\u2019\u0131 yine bo\u015f durumda kalacak.\u201d dedi.<\/p>\n<p>Kamuya ba\u011fl\u0131 250 kurumun d\u00fczenli bir \u015fekilde denetlenmesinin bu kadroyla m\u00fcmk\u00fcn olamayaca\u011f\u0131n\u0131 savunan \u00d6zuslu, denetimlerin daha \u00e7ok ihbar \u00fczerine ya da performansa y\u00f6nelik yap\u0131ld\u0131\u011f\u0131n\u0131 belirtti, \u201cyeterince denetim yap\u0131lamad\u0131\u011f\u0131n\u0131n a\u00e7\u0131k ve net oldu\u011funu\u201d s\u00f6yledi. \u00d6zuslu, h\u00fck\u00fcmet yetkililerine \u201cdenetimden ka\u00e7mak i\u00e7in mi bu kadrolar\u0131n doldurulmad\u0131\u011f\u0131n\u0131\u201d sordu.<\/p>\n<p>\u2018Yeterli kaynak yoktur\u2019 denildi\u011finde  Cumhurba\u015fkanl\u0131\u011f\u0131 Yerle\u015fkesi\u2019nin  masraflar\u0131n\u0131 hat\u0131rlatmaya devam edece\u011fini s\u00f6yleyen \u00d6zuslu, Komite\u2019de de tart\u0131\u015f\u0131lan Say\u0131\u015ftay\u2019\u0131n ara\u00e7 eksikli\u011finin alt\u0131n\u0131 \u00e7izdi. <\/p>\n<p>Maliye Bakan\u0131 \u00d6zdemir Berova da, yerinden s\u00f6z alarak, hi\u00e7bir d\u00f6nemde olmad\u0131\u011f\u0131 kadar kurumlar\u0131n te\u015fkilat yasalar\u0131n\u0131n izin verdi\u011fi \u015fekilde personel alma \u00e7abas\u0131 i\u00e7erisinde olduklar\u0131n\u0131 kaydetti. Ara\u00e7lardaki s\u0131k\u0131nt\u0131lar\u0131n fark\u0131nda olduklar\u0131n\u0131 belirten Bakan Berova, b\u00fct\u00e7eye ara\u00e7 ihalesi i\u00e7in yeterli kayna\u011f\u0131n konuldu\u011funu belirtti. <\/p>\n<p> \u201cGeciken adaletin adalet olmad\u0131\u011f\u0131 gibi, geciken denetim de denetim de\u011fildir.\u201d diyen \u00d6zuslu, ge\u00e7mi\u015ften gelen raporlar \u00fczerine yap\u0131lan de\u011ferlendirmelerde ortaya \u00e7\u0131kan s\u0131k\u0131nt\u0131lar\u0131 payla\u015ft\u0131.<\/p>\n<p>Milletvekili \u00d6zuslu, Say\u0131\u015ftay Komitesi\u2019ne gelen performans raporlar\u0131na da de\u011finerek, \u0130la\u00e7 Eczac\u0131l\u0131k Dairesi\u2019ne yaz\u0131lan bir rapora \u00f6rnek verdi, rapor ad\u0131ndan \u00f6nemli iyile\u015ftirmeler ya\u015fand\u0131\u011f\u0131na dikkat \u00e7ekti, bu gibi uyar\u0131c\u0131 nitelikte olan yap\u0131c\u0131 \u00e7al\u0131\u015fmalar\u0131n b\u00fcy\u00fck \u00f6nem arz etti\u011fini ifade etti. <\/p>\n<p>Ercan Havaliman\u0131, deprem paralar\u0131, K\u0131b-Tek gibi konularda \u00e7al\u0131\u015fmalar\u0131n \u00f6nemli oldu\u011funu s\u00f6yleyen \u00d6zuslu, \u00f6zellikle trafik radarlar\u0131na ili\u015fkin Say\u0131\u015ftay raporunun bir an \u00f6nce tamamlanmas\u0131 \u00e7a\u011fr\u0131s\u0131nda bulundu.<br \/>B\u00fct\u00e7enin i\u00e7erisinde bulunan yurt d\u0131\u015f\u0131 yolluklar\u0131n\u0131n bir amac\u0131n\u0131n da KKTC temsilciliklerinin denetimi oldu\u011funu ve bu kaleme ait b\u00fct\u00e7enin 1,1 milyon TL\u2019ye art\u0131r\u0131ld\u0131\u011f\u0131n\u0131 kaydeden \u00d6zuslu, temsilciliklere ait denetimlere ait uzun y\u0131llard\u0131r bir rapora eri\u015filemedi\u011fini savundu.<\/p>\n<p>CTP Milletvekili Salahi \u015eahiner de, denetimden sorumlu anayasal kurum olan Say\u0131\u015ftay\u2019a \u201cdenetim yapma\u201d diyen bir b\u00fct\u00e7e oldu\u011funu savundu.<\/p>\n<p>250\u2019ye yak\u0131n kuruma yap\u0131lmas\u0131 gereken rutin denetimler oldu\u011funu kaydeden \u015eahiner, mevcut 35 ki\u015fiyle bunun yap\u0131lamayaca\u011f\u0131n\u0131, y\u0131l i\u00e7erisinde al\u0131nacak 20 yeni personelin de etkin denetimler i\u00e7in yeterli olmayaca\u011f\u0131n\u0131 \u00f6ne s\u00fcrd\u00fc.<\/p>\n<p>2024 y\u0131l\u0131ndaki baz\u0131 gazete ba\u015fl\u0131klar\u0131na dikkat \u00e7eken \u015eahiner, Ba\u015fsavc\u0131l\u0131\u011fa iletilmesi gereken onlarca konu oldu\u011funu savundu. \u015eahiner, raporlarda devletin milyarlarca zarara u\u011frat\u0131ld\u0131\u011f\u0131 tespit edilen baz\u0131 dosyalar\u0131n ise bir t\u00fcrl\u00fc sonu\u00e7lanamad\u0131\u011f\u0131n\u0131 \u00f6ne s\u00fcrd\u00fc.<\/p>\n<p>Milletvekili \u015eahiner, \u201c2025 y\u0131l\u0131ndaki b\u00fct\u00e7e a\u00e7\u0131\u011f\u0131, Say\u0131\u015ftay\u2019\u0131n zaman\u0131nda devreye girebilme ve devleti uyarma yetene\u011fi olmamas\u0131ndan kaynaklanmaktad\u0131r.\u201d dedi. Say\u0131\u015ftay\u2019\u0131n bilgi ve belge taleplerinin sa\u011flanmamas\u0131n\u0131n da bir su\u00e7 oldu\u011funu hat\u0131rlatan \u015eahiner, at\u0131lacak hatal\u0131 ad\u0131mlar\u0131n \u00f6nceden tespit edilmesinin en \u00e7ok h\u00fck\u00fcmete yaraca\u011f\u0131n\u0131 kaydetti.<\/p>\n<p>Konu\u015fmalar\u0131n ard\u0131ndan Say\u0131\u015ftay Ba\u015fkanl\u0131\u011f\u0131 b\u00fct\u00e7esi oylanarak, oy birli\u011fiyle kabul edildi. Ard\u0131ndan Mahkemeler b\u00fct\u00e7esi  oylanarak, oy birli\u011fiyle kabul edildi.<\/p>\n<\/p><\/div>\n<p><script async\n                    defer\n                    crossorigin=\"anonymous\"\n                    src=\"https:\/\/connect.facebook.net\/tr_TR\/sdk.js#xfbml=1&#038;version=v3.3\"\n            ><\/script><\/p>\n","protected":false},"excerpt":{"rendered":"<p>Cumhuriyet Meclisi Genel Kurulu\u2019nda 140 milyon 133 bin 900 TL\u2019lik Say\u0131\u015ftay Ba\u015fkanl\u0131\u011f\u0131 b\u00fct\u00e7esi ile 927 milyon 978 bin 300 TL\u2019lik Mahkemeler b\u00fct\u00e7esi kabul edildi.Genel Kurul\u2019da bug\u00fcn ilk olarak Say\u0131\u015ftay Ba\u015fkanl\u0131\u011f\u0131 b\u00fct\u00e7esi ele al\u0131nd\u0131. Say\u0131\u015ftay b\u00fct\u00e7esi \u00fczerine milletvekillerinin konu\u015fmalar\u0131ndan \u00f6nce Y\u00fcksek\u00f6\u011fretim Planlama, Denetleme, Akreditasyon ve Koordinasyon Kurulu\u2019nun (Y\u00d6DAK) 2025 Mali Y\u0131l\u0131 B\u00fct\u00e7e Tasar\u0131s\u0131\u2019n\u0131n \u00fc\u00e7\u00fcnc\u00fc g\u00f6r\u00fc\u015fmesinin tezkeresi<\/p>\n","protected":false},"author":1,"featured_media":71812,"comment_status":"open","ping_status":"open","sticky":false,"template":"","format":"standard","meta":{"footnotes":""},"categories":[81],"tags":[],"class_list":["post-71811","post","type-post","status-publish","format-standard","has-post-thumbnail","hentry","category-kibris"],"yoast_head":"<!-- This site is optimized with the Yoast SEO plugin v27.5 - https:\/\/yoast.com\/product\/yoast-seo-wordpress\/ -->\n<title>Genel Kurul\u2019da 2025 y\u0131l\u0131 Say\u0131\u015ftay Ba\u015fkanl\u0131\u011f\u0131 ve Mahkemeler b\u00fct\u00e7esi kabul edildi -<\/title>\n<meta name=\"robots\" content=\"index, follow, max-snippet:-1, max-image-preview:large, max-video-preview:-1\" \/>\n<link rel=\"canonical\" href=\"https:\/\/kibrisdakik.com\/?p=71811\" \/>\n<meta property=\"og:locale\" content=\"tr_TR\" \/>\n<meta property=\"og:type\" content=\"article\" \/>\n<meta property=\"og:title\" content=\"Genel Kurul\u2019da 2025 y\u0131l\u0131 Say\u0131\u015ftay Ba\u015fkanl\u0131\u011f\u0131 ve Mahkemeler b\u00fct\u00e7esi kabul edildi -\" \/>\n<meta property=\"og:description\" content=\"Cumhuriyet Meclisi Genel Kurulu\u2019nda 140 milyon 133 bin 900 TL\u2019lik Say\u0131\u015ftay Ba\u015fkanl\u0131\u011f\u0131 b\u00fct\u00e7esi ile 927 milyon 978 bin 300 TL\u2019lik Mahkemeler b\u00fct\u00e7esi kabul edildi.Genel Kurul\u2019da bug\u00fcn ilk olarak Say\u0131\u015ftay Ba\u015fkanl\u0131\u011f\u0131 b\u00fct\u00e7esi ele al\u0131nd\u0131. Say\u0131\u015ftay b\u00fct\u00e7esi \u00fczerine milletvekillerinin konu\u015fmalar\u0131ndan \u00f6nce Y\u00fcksek\u00f6\u011fretim Planlama, Denetleme, Akreditasyon ve Koordinasyon Kurulu\u2019nun (Y\u00d6DAK) 2025 Mali Y\u0131l\u0131 B\u00fct\u00e7e Tasar\u0131s\u0131\u2019n\u0131n \u00fc\u00e7\u00fcnc\u00fc g\u00f6r\u00fc\u015fmesinin tezkeresi\" \/>\n<meta property=\"og:url\" content=\"https:\/\/kibrisdakik.com\/?p=71811\" \/>\n<meta property=\"article:published_time\" content=\"2024-12-18T13:04:41+00:00\" \/>\n<meta property=\"og:image\" content=\"https:\/\/kibrisdakik.com\/wp-content\/uploads\/2024\/12\/1734524963578meclis-740x420.jpg\" \/>\n\t<meta property=\"og:image:width\" content=\"1600\" \/>\n\t<meta property=\"og:image:height\" content=\"1066\" \/>\n\t<meta property=\"og:image:type\" content=\"image\/jpeg\" \/>\n<meta name=\"author\" content=\"admin\" \/>\n<meta name=\"twitter:card\" content=\"summary_large_image\" \/>\n<meta name=\"twitter:label1\" content=\"Yazan:\" \/>\n\t<meta name=\"twitter:data1\" content=\"admin\" \/>\n\t<meta name=\"twitter:label2\" content=\"Tahmini okuma s\u00fcresi\" \/>\n\t<meta name=\"twitter:data2\" content=\"5 dakika\" \/>\n<script type=\"application\/ld+json\" class=\"yoast-schema-graph\">{\"@context\":\"https:\\\/\\\/schema.org\",\"@graph\":[{\"@type\":\"Article\",\"@id\":\"https:\\\/\\\/kibrisdakik.com\\\/?p=71811#article\",\"isPartOf\":{\"@id\":\"https:\\\/\\\/kibrisdakik.com\\\/?p=71811\"},\"author\":{\"name\":\"admin\",\"@id\":\"https:\\\/\\\/kibrisdakik.com\\\/#\\\/schema\\\/person\\\/9cd9d437bbb44f72b73ba127e06d8e79\"},\"headline\":\"Genel Kurul\u2019da 2025 y\u0131l\u0131 Say\u0131\u015ftay Ba\u015fkanl\u0131\u011f\u0131 ve Mahkemeler b\u00fct\u00e7esi kabul edildi\",\"datePublished\":\"2024-12-18T13:04:41+00:00\",\"mainEntityOfPage\":{\"@id\":\"https:\\\/\\\/kibrisdakik.com\\\/?p=71811\"},\"wordCount\":1040,\"commentCount\":0,\"image\":{\"@id\":\"https:\\\/\\\/kibrisdakik.com\\\/?p=71811#primaryimage\"},\"thumbnailUrl\":\"https:\\\/\\\/kibrisdakik.com\\\/wp-content\\\/uploads\\\/2024\\\/12\\\/1734524963578meclis-740x420.jpg\",\"articleSection\":[\"K\u0131br\u0131s\"],\"inLanguage\":\"tr\",\"potentialAction\":[{\"@type\":\"CommentAction\",\"name\":\"Comment\",\"target\":[\"https:\\\/\\\/kibrisdakik.com\\\/?p=71811#respond\"]}]},{\"@type\":\"WebPage\",\"@id\":\"https:\\\/\\\/kibrisdakik.com\\\/?p=71811\",\"url\":\"https:\\\/\\\/kibrisdakik.com\\\/?p=71811\",\"name\":\"Genel Kurul\u2019da 2025 y\u0131l\u0131 Say\u0131\u015ftay Ba\u015fkanl\u0131\u011f\u0131 ve Mahkemeler b\u00fct\u00e7esi kabul edildi -\",\"isPartOf\":{\"@id\":\"https:\\\/\\\/kibrisdakik.com\\\/#website\"},\"primaryImageOfPage\":{\"@id\":\"https:\\\/\\\/kibrisdakik.com\\\/?p=71811#primaryimage\"},\"image\":{\"@id\":\"https:\\\/\\\/kibrisdakik.com\\\/?p=71811#primaryimage\"},\"thumbnailUrl\":\"https:\\\/\\\/kibrisdakik.com\\\/wp-content\\\/uploads\\\/2024\\\/12\\\/1734524963578meclis-740x420.jpg\",\"datePublished\":\"2024-12-18T13:04:41+00:00\",\"author\":{\"@id\":\"https:\\\/\\\/kibrisdakik.com\\\/#\\\/schema\\\/person\\\/9cd9d437bbb44f72b73ba127e06d8e79\"},\"breadcrumb\":{\"@id\":\"https:\\\/\\\/kibrisdakik.com\\\/?p=71811#breadcrumb\"},\"inLanguage\":\"tr\",\"potentialAction\":[{\"@type\":\"ReadAction\",\"target\":[\"https:\\\/\\\/kibrisdakik.com\\\/?p=71811\"]}]},{\"@type\":\"ImageObject\",\"inLanguage\":\"tr\",\"@id\":\"https:\\\/\\\/kibrisdakik.com\\\/?p=71811#primaryimage\",\"url\":\"https:\\\/\\\/kibrisdakik.com\\\/wp-content\\\/uploads\\\/2024\\\/12\\\/1734524963578meclis-740x420.jpg\",\"contentUrl\":\"https:\\\/\\\/kibrisdakik.com\\\/wp-content\\\/uploads\\\/2024\\\/12\\\/1734524963578meclis-740x420.jpg\",\"width\":1600,\"height\":1066},{\"@type\":\"BreadcrumbList\",\"@id\":\"https:\\\/\\\/kibrisdakik.com\\\/?p=71811#breadcrumb\",\"itemListElement\":[{\"@type\":\"ListItem\",\"position\":1,\"name\":\"Home\",\"item\":\"https:\\\/\\\/kibrisdakik.com\\\/\"},{\"@type\":\"ListItem\",\"position\":2,\"name\":\"Genel Kurul\u2019da 2025 y\u0131l\u0131 Say\u0131\u015ftay Ba\u015fkanl\u0131\u011f\u0131 ve Mahkemeler b\u00fct\u00e7esi kabul edildi\"}]},{\"@type\":\"WebSite\",\"@id\":\"https:\\\/\\\/kibrisdakik.com\\\/#website\",\"url\":\"https:\\\/\\\/kibrisdakik.com\\\/\",\"name\":\"\",\"description\":\"Tam vaktinde haber\",\"potentialAction\":[{\"@type\":\"SearchAction\",\"target\":{\"@type\":\"EntryPoint\",\"urlTemplate\":\"https:\\\/\\\/kibrisdakik.com\\\/?s={search_term_string}\"},\"query-input\":{\"@type\":\"PropertyValueSpecification\",\"valueRequired\":true,\"valueName\":\"search_term_string\"}}],\"inLanguage\":\"tr\"},{\"@type\":\"Person\",\"@id\":\"https:\\\/\\\/kibrisdakik.com\\\/#\\\/schema\\\/person\\\/9cd9d437bbb44f72b73ba127e06d8e79\",\"name\":\"admin\",\"image\":{\"@type\":\"ImageObject\",\"inLanguage\":\"tr\",\"@id\":\"https:\\\/\\\/secure.gravatar.com\\\/avatar\\\/ccc17943b9d660506c869530f897617f7cb1c21a4bf30023f252596d83e1f007?s=96&d=mm&r=g\",\"url\":\"https:\\\/\\\/secure.gravatar.com\\\/avatar\\\/ccc17943b9d660506c869530f897617f7cb1c21a4bf30023f252596d83e1f007?s=96&d=mm&r=g\",\"contentUrl\":\"https:\\\/\\\/secure.gravatar.com\\\/avatar\\\/ccc17943b9d660506c869530f897617f7cb1c21a4bf30023f252596d83e1f007?s=96&d=mm&r=g\",\"caption\":\"admin\"},\"sameAs\":[\"https:\\\/\\\/kibrisdakik.com\"],\"url\":\"https:\\\/\\\/kibrisdakik.com\\\/?author=1\"}]}<\/script>\n<!-- \/ Yoast SEO plugin. -->","yoast_head_json":{"title":"Genel Kurul\u2019da 2025 y\u0131l\u0131 Say\u0131\u015ftay Ba\u015fkanl\u0131\u011f\u0131 ve Mahkemeler b\u00fct\u00e7esi kabul edildi -","robots":{"index":"index","follow":"follow","max-snippet":"max-snippet:-1","max-image-preview":"max-image-preview:large","max-video-preview":"max-video-preview:-1"},"canonical":"https:\/\/kibrisdakik.com\/?p=71811","og_locale":"tr_TR","og_type":"article","og_title":"Genel Kurul\u2019da 2025 y\u0131l\u0131 Say\u0131\u015ftay Ba\u015fkanl\u0131\u011f\u0131 ve Mahkemeler b\u00fct\u00e7esi kabul edildi -","og_description":"Cumhuriyet Meclisi Genel Kurulu\u2019nda 140 milyon 133 bin 900 TL\u2019lik Say\u0131\u015ftay Ba\u015fkanl\u0131\u011f\u0131 b\u00fct\u00e7esi ile 927 milyon 978 bin 300 TL\u2019lik Mahkemeler b\u00fct\u00e7esi kabul edildi.Genel Kurul\u2019da bug\u00fcn ilk olarak Say\u0131\u015ftay Ba\u015fkanl\u0131\u011f\u0131 b\u00fct\u00e7esi ele al\u0131nd\u0131. Say\u0131\u015ftay b\u00fct\u00e7esi \u00fczerine milletvekillerinin konu\u015fmalar\u0131ndan \u00f6nce Y\u00fcksek\u00f6\u011fretim Planlama, Denetleme, Akreditasyon ve Koordinasyon Kurulu\u2019nun (Y\u00d6DAK) 2025 Mali Y\u0131l\u0131 B\u00fct\u00e7e Tasar\u0131s\u0131\u2019n\u0131n \u00fc\u00e7\u00fcnc\u00fc g\u00f6r\u00fc\u015fmesinin tezkeresi","og_url":"https:\/\/kibrisdakik.com\/?p=71811","article_published_time":"2024-12-18T13:04:41+00:00","og_image":[{"width":1600,"height":1066,"url":"https:\/\/kibrisdakik.com\/wp-content\/uploads\/2024\/12\/1734524963578meclis-740x420.jpg","type":"image\/jpeg"}],"author":"admin","twitter_card":"summary_large_image","twitter_misc":{"Yazan:":"admin","Tahmini okuma s\u00fcresi":"5 dakika"},"schema":{"@context":"https:\/\/schema.org","@graph":[{"@type":"Article","@id":"https:\/\/kibrisdakik.com\/?p=71811#article","isPartOf":{"@id":"https:\/\/kibrisdakik.com\/?p=71811"},"author":{"name":"admin","@id":"https:\/\/kibrisdakik.com\/#\/schema\/person\/9cd9d437bbb44f72b73ba127e06d8e79"},"headline":"Genel Kurul\u2019da 2025 y\u0131l\u0131 Say\u0131\u015ftay Ba\u015fkanl\u0131\u011f\u0131 ve Mahkemeler b\u00fct\u00e7esi kabul edildi","datePublished":"2024-12-18T13:04:41+00:00","mainEntityOfPage":{"@id":"https:\/\/kibrisdakik.com\/?p=71811"},"wordCount":1040,"commentCount":0,"image":{"@id":"https:\/\/kibrisdakik.com\/?p=71811#primaryimage"},"thumbnailUrl":"https:\/\/kibrisdakik.com\/wp-content\/uploads\/2024\/12\/1734524963578meclis-740x420.jpg","articleSection":["K\u0131br\u0131s"],"inLanguage":"tr","potentialAction":[{"@type":"CommentAction","name":"Comment","target":["https:\/\/kibrisdakik.com\/?p=71811#respond"]}]},{"@type":"WebPage","@id":"https:\/\/kibrisdakik.com\/?p=71811","url":"https:\/\/kibrisdakik.com\/?p=71811","name":"Genel Kurul\u2019da 2025 y\u0131l\u0131 Say\u0131\u015ftay Ba\u015fkanl\u0131\u011f\u0131 ve Mahkemeler b\u00fct\u00e7esi kabul edildi -","isPartOf":{"@id":"https:\/\/kibrisdakik.com\/#website"},"primaryImageOfPage":{"@id":"https:\/\/kibrisdakik.com\/?p=71811#primaryimage"},"image":{"@id":"https:\/\/kibrisdakik.com\/?p=71811#primaryimage"},"thumbnailUrl":"https:\/\/kibrisdakik.com\/wp-content\/uploads\/2024\/12\/1734524963578meclis-740x420.jpg","datePublished":"2024-12-18T13:04:41+00:00","author":{"@id":"https:\/\/kibrisdakik.com\/#\/schema\/person\/9cd9d437bbb44f72b73ba127e06d8e79"},"breadcrumb":{"@id":"https:\/\/kibrisdakik.com\/?p=71811#breadcrumb"},"inLanguage":"tr","potentialAction":[{"@type":"ReadAction","target":["https:\/\/kibrisdakik.com\/?p=71811"]}]},{"@type":"ImageObject","inLanguage":"tr","@id":"https:\/\/kibrisdakik.com\/?p=71811#primaryimage","url":"https:\/\/kibrisdakik.com\/wp-content\/uploads\/2024\/12\/1734524963578meclis-740x420.jpg","contentUrl":"https:\/\/kibrisdakik.com\/wp-content\/uploads\/2024\/12\/1734524963578meclis-740x420.jpg","width":1600,"height":1066},{"@type":"BreadcrumbList","@id":"https:\/\/kibrisdakik.com\/?p=71811#breadcrumb","itemListElement":[{"@type":"ListItem","position":1,"name":"Home","item":"https:\/\/kibrisdakik.com\/"},{"@type":"ListItem","position":2,"name":"Genel Kurul\u2019da 2025 y\u0131l\u0131 Say\u0131\u015ftay Ba\u015fkanl\u0131\u011f\u0131 ve Mahkemeler b\u00fct\u00e7esi kabul edildi"}]},{"@type":"WebSite","@id":"https:\/\/kibrisdakik.com\/#website","url":"https:\/\/kibrisdakik.com\/","name":"","description":"Tam vaktinde haber","potentialAction":[{"@type":"SearchAction","target":{"@type":"EntryPoint","urlTemplate":"https:\/\/kibrisdakik.com\/?s={search_term_string}"},"query-input":{"@type":"PropertyValueSpecification","valueRequired":true,"valueName":"search_term_string"}}],"inLanguage":"tr"},{"@type":"Person","@id":"https:\/\/kibrisdakik.com\/#\/schema\/person\/9cd9d437bbb44f72b73ba127e06d8e79","name":"admin","image":{"@type":"ImageObject","inLanguage":"tr","@id":"https:\/\/secure.gravatar.com\/avatar\/ccc17943b9d660506c869530f897617f7cb1c21a4bf30023f252596d83e1f007?s=96&d=mm&r=g","url":"https:\/\/secure.gravatar.com\/avatar\/ccc17943b9d660506c869530f897617f7cb1c21a4bf30023f252596d83e1f007?s=96&d=mm&r=g","contentUrl":"https:\/\/secure.gravatar.com\/avatar\/ccc17943b9d660506c869530f897617f7cb1c21a4bf30023f252596d83e1f007?s=96&d=mm&r=g","caption":"admin"},"sameAs":["https:\/\/kibrisdakik.com"],"url":"https:\/\/kibrisdakik.com\/?author=1"}]}},"_links":{"self":[{"href":"https:\/\/kibrisdakik.com\/index.php?rest_route=\/wp\/v2\/posts\/71811","targetHints":{"allow":["GET"]}}],"collection":[{"href":"https:\/\/kibrisdakik.com\/index.php?rest_route=\/wp\/v2\/posts"}],"about":[{"href":"https:\/\/kibrisdakik.com\/index.php?rest_route=\/wp\/v2\/types\/post"}],"author":[{"embeddable":true,"href":"https:\/\/kibrisdakik.com\/index.php?rest_route=\/wp\/v2\/users\/1"}],"replies":[{"embeddable":true,"href":"https:\/\/kibrisdakik.com\/index.php?rest_route=%2Fwp%2Fv2%2Fcomments&post=71811"}],"version-history":[{"count":0,"href":"https:\/\/kibrisdakik.com\/index.php?rest_route=\/wp\/v2\/posts\/71811\/revisions"}],"wp:featuredmedia":[{"embeddable":true,"href":"https:\/\/kibrisdakik.com\/index.php?rest_route=\/wp\/v2\/media\/71812"}],"wp:attachment":[{"href":"https:\/\/kibrisdakik.com\/index.php?rest_route=%2Fwp%2Fv2%2Fmedia&parent=71811"}],"wp:term":[{"taxonomy":"category","embeddable":true,"href":"https:\/\/kibrisdakik.com\/index.php?rest_route=%2Fwp%2Fv2%2Fcategories&post=71811"},{"taxonomy":"post_tag","embeddable":true,"href":"https:\/\/kibrisdakik.com\/index.php?rest_route=%2Fwp%2Fv2%2Ftags&post=71811"}],"curies":[{"name":"wp","href":"https:\/\/api.w.org\/{rel}","templated":true}]}}