{"id":71846,"date":"2024-12-18T19:10:02","date_gmt":"2024-12-18T16:10:02","guid":{"rendered":"https:\/\/kibrisdakik.com\/index.php\/2024\/12\/18\/basbakan-ustelbrtknin-kktcnin-mucadelesinde-buyuk-bir-yeri-var\/"},"modified":"2024-12-18T19:10:02","modified_gmt":"2024-12-18T16:10:02","slug":"basbakan-ustelbrtknin-kktcnin-mucadelesinde-buyuk-bir-yeri-var","status":"publish","type":"post","link":"https:\/\/kibrisdakik.com\/?p=71846","title":{"rendered":"Ba\u015fbakan \u00dcstel:BRTK\u2019n\u0131n KKTC\u2019nin m\u00fccadelesinde b\u00fcy\u00fck bir yeri var"},"content":{"rendered":"<div>\n<div class=\"mariselle-image-container center\">\n                                            <\/div>\n<p>Bayrak Radyo Televizyon Kurumu (BRTK) M\u00fcd\u00fcr\u00fc Meryem \u00d6zkurt ile Y\u00f6netim Kurulu Ba\u015fkan\u0131 \u00d6zdemir Tokel BRT\u2019nin 61\u2019inci kurulu\u015f y\u0131ld\u00f6n\u00fcm\u00fc dolay\u0131s\u0131yla  Ba\u015fbakan \u00dcnal \u00dcstel\u2019i Meclis\u2019te ziyaret etti.<\/p>\n<p> \tZiyarette konu\u015fan Meryem \u00d6zkurt, Ba\u015fbakan \u00dcnal \u00dcstel\u2019i 27 Aral\u0131k\u2019ta ger\u00e7ekle\u015ftirilecek olan resepsiyona davet etti.<\/p>\n<p> \tBa\u015fbakan \u00dcnal \u00dcstel de, Bayrak Radyo Televizyon Kurumu\u2019nun Kuzey K\u0131br\u0131s T\u00fcrk Cumhuriyeti\u2019nin m\u00fccadelesinde b\u00fcy\u00fck bir yeri oldu\u011funa vurgu yapt\u0131. <\/p>\n<p> \t\u00dcstel, \u201cKKTC\u2019de ya\u015fanan t\u00fcm hadisiler BRT taraf\u0131ndan t\u00fcm d\u00fcnyaya aktar\u0131l\u0131yor. Bu bizim i\u00e7in gurur ve onur vericidir\u201d ifadesini kulland\u0131.<\/p>\n<\/p><\/div>\n<p><script async\n                    defer\n                    crossorigin=\"anonymous\"\n                    src=\"https:\/\/connect.facebook.net\/tr_TR\/sdk.js#xfbml=1&#038;version=v3.3\"\n            ><\/script><\/p>\n","protected":false},"excerpt":{"rendered":"<p>Bayrak Radyo Televizyon Kurumu (BRTK) M\u00fcd\u00fcr\u00fc Meryem \u00d6zkurt ile Y\u00f6netim Kurulu Ba\u015fkan\u0131 \u00d6zdemir Tokel BRT\u2019nin 61\u2019inci kurulu\u015f y\u0131ld\u00f6n\u00fcm\u00fc dolay\u0131s\u0131yla Ba\u015fbakan \u00dcnal \u00dcstel\u2019i Meclis\u2019te ziyaret etti. Ziyarette konu\u015fan Meryem \u00d6zkurt, Ba\u015fbakan \u00dcnal \u00dcstel\u2019i 27 Aral\u0131k\u2019ta ger\u00e7ekle\u015ftirilecek olan resepsiyona davet etti. Ba\u015fbakan \u00dcnal \u00dcstel de, Bayrak Radyo Televizyon Kurumu\u2019nun Kuzey K\u0131br\u0131s T\u00fcrk Cumhuriyeti\u2019nin m\u00fccadelesinde b\u00fcy\u00fck bir yeri<\/p>\n","protected":false},"author":1,"featured_media":70653,"comment_status":"open","ping_status":"open","sticky":false,"template":"","format":"standard","meta":{"footnotes":""},"categories":[81],"tags":[],"class_list":["post-71846","post","type-post","status-publish","format-standard","has-post-thumbnail","hentry","category-kibris"],"yoast_head":"<!-- This site is optimized with the Yoast SEO plugin v27.4 - https:\/\/yoast.com\/product\/yoast-seo-wordpress\/ -->\n<title>Ba\u015fbakan \u00dcstel:BRTK\u2019n\u0131n KKTC\u2019nin m\u00fccadelesinde b\u00fcy\u00fck bir yeri var -<\/title>\n<meta name=\"robots\" content=\"index, follow, max-snippet:-1, max-image-preview:large, max-video-preview:-1\" \/>\n<link rel=\"canonical\" href=\"https:\/\/kibrisdakik.com\/?p=71846\" \/>\n<meta property=\"og:locale\" content=\"tr_TR\" \/>\n<meta property=\"og:type\" content=\"article\" \/>\n<meta property=\"og:title\" content=\"Ba\u015fbakan \u00dcstel:BRTK\u2019n\u0131n KKTC\u2019nin m\u00fccadelesinde b\u00fcy\u00fck bir yeri var -\" \/>\n<meta property=\"og:description\" content=\"Bayrak Radyo Televizyon Kurumu (BRTK) M\u00fcd\u00fcr\u00fc Meryem \u00d6zkurt ile Y\u00f6netim Kurulu Ba\u015fkan\u0131 \u00d6zdemir Tokel BRT\u2019nin 61\u2019inci kurulu\u015f y\u0131ld\u00f6n\u00fcm\u00fc dolay\u0131s\u0131yla Ba\u015fbakan \u00dcnal \u00dcstel\u2019i Meclis\u2019te ziyaret etti. Ziyarette konu\u015fan Meryem \u00d6zkurt, Ba\u015fbakan \u00dcnal \u00dcstel\u2019i 27 Aral\u0131k\u2019ta ger\u00e7ekle\u015ftirilecek olan resepsiyona davet etti. Ba\u015fbakan \u00dcnal \u00dcstel de, Bayrak Radyo Televizyon Kurumu\u2019nun Kuzey K\u0131br\u0131s T\u00fcrk Cumhuriyeti\u2019nin m\u00fccadelesinde b\u00fcy\u00fck bir yeri\" \/>\n<meta property=\"og:url\" content=\"https:\/\/kibrisdakik.com\/?p=71846\" \/>\n<meta property=\"article:published_time\" content=\"2024-12-18T16:10:02+00:00\" \/>\n<meta property=\"og:image\" content=\"https:\/\/kibrisdakik.com\/wp-content\/uploads\/2024\/12\/ustel-brt-740x420.jpg\" \/>\n\t<meta property=\"og:image:width\" content=\"999\" \/>\n\t<meta property=\"og:image:height\" content=\"621\" \/>\n\t<meta property=\"og:image:type\" content=\"image\/jpeg\" \/>\n<meta name=\"author\" content=\"admin\" \/>\n<meta name=\"twitter:card\" content=\"summary_large_image\" \/>\n<meta name=\"twitter:label1\" content=\"Yazan:\" \/>\n\t<meta name=\"twitter:data1\" content=\"admin\" \/>\n\t<meta name=\"twitter:label2\" content=\"Tahmini okuma s\u00fcresi\" \/>\n\t<meta name=\"twitter:data2\" content=\"1 dakika\" \/>\n<script type=\"application\/ld+json\" class=\"yoast-schema-graph\">{\"@context\":\"https:\\\/\\\/schema.org\",\"@graph\":[{\"@type\":\"Article\",\"@id\":\"https:\\\/\\\/kibrisdakik.com\\\/?p=71846#article\",\"isPartOf\":{\"@id\":\"https:\\\/\\\/kibrisdakik.com\\\/?p=71846\"},\"author\":{\"name\":\"admin\",\"@id\":\"https:\\\/\\\/kibrisdakik.com\\\/#\\\/schema\\\/person\\\/9cd9d437bbb44f72b73ba127e06d8e79\"},\"headline\":\"Ba\u015fbakan \u00dcstel:BRTK\u2019n\u0131n KKTC\u2019nin m\u00fccadelesinde b\u00fcy\u00fck bir yeri var\",\"datePublished\":\"2024-12-18T16:10:02+00:00\",\"mainEntityOfPage\":{\"@id\":\"https:\\\/\\\/kibrisdakik.com\\\/?p=71846\"},\"wordCount\":131,\"commentCount\":0,\"image\":{\"@id\":\"https:\\\/\\\/kibrisdakik.com\\\/?p=71846#primaryimage\"},\"thumbnailUrl\":\"https:\\\/\\\/kibrisdakik.com\\\/wp-content\\\/uploads\\\/2024\\\/12\\\/ustel-brt-740x420.jpg\",\"articleSection\":[\"K\u0131br\u0131s\"],\"inLanguage\":\"tr\",\"potentialAction\":[{\"@type\":\"CommentAction\",\"name\":\"Comment\",\"target\":[\"https:\\\/\\\/kibrisdakik.com\\\/?p=71846#respond\"]}]},{\"@type\":\"WebPage\",\"@id\":\"https:\\\/\\\/kibrisdakik.com\\\/?p=71846\",\"url\":\"https:\\\/\\\/kibrisdakik.com\\\/?p=71846\",\"name\":\"Ba\u015fbakan \u00dcstel:BRTK\u2019n\u0131n KKTC\u2019nin m\u00fccadelesinde b\u00fcy\u00fck bir yeri var -\",\"isPartOf\":{\"@id\":\"https:\\\/\\\/kibrisdakik.com\\\/#website\"},\"primaryImageOfPage\":{\"@id\":\"https:\\\/\\\/kibrisdakik.com\\\/?p=71846#primaryimage\"},\"image\":{\"@id\":\"https:\\\/\\\/kibrisdakik.com\\\/?p=71846#primaryimage\"},\"thumbnailUrl\":\"https:\\\/\\\/kibrisdakik.com\\\/wp-content\\\/uploads\\\/2024\\\/12\\\/ustel-brt-740x420.jpg\",\"datePublished\":\"2024-12-18T16:10:02+00:00\",\"author\":{\"@id\":\"https:\\\/\\\/kibrisdakik.com\\\/#\\\/schema\\\/person\\\/9cd9d437bbb44f72b73ba127e06d8e79\"},\"breadcrumb\":{\"@id\":\"https:\\\/\\\/kibrisdakik.com\\\/?p=71846#breadcrumb\"},\"inLanguage\":\"tr\",\"potentialAction\":[{\"@type\":\"ReadAction\",\"target\":[\"https:\\\/\\\/kibrisdakik.com\\\/?p=71846\"]}]},{\"@type\":\"ImageObject\",\"inLanguage\":\"tr\",\"@id\":\"https:\\\/\\\/kibrisdakik.com\\\/?p=71846#primaryimage\",\"url\":\"https:\\\/\\\/kibrisdakik.com\\\/wp-content\\\/uploads\\\/2024\\\/12\\\/ustel-brt-740x420.jpg\",\"contentUrl\":\"https:\\\/\\\/kibrisdakik.com\\\/wp-content\\\/uploads\\\/2024\\\/12\\\/ustel-brt-740x420.jpg\",\"width\":999,\"height\":621},{\"@type\":\"BreadcrumbList\",\"@id\":\"https:\\\/\\\/kibrisdakik.com\\\/?p=71846#breadcrumb\",\"itemListElement\":[{\"@type\":\"ListItem\",\"position\":1,\"name\":\"Home\",\"item\":\"https:\\\/\\\/kibrisdakik.com\\\/\"},{\"@type\":\"ListItem\",\"position\":2,\"name\":\"Ba\u015fbakan \u00dcstel:BRTK\u2019n\u0131n KKTC\u2019nin m\u00fccadelesinde b\u00fcy\u00fck bir yeri var\"}]},{\"@type\":\"WebSite\",\"@id\":\"https:\\\/\\\/kibrisdakik.com\\\/#website\",\"url\":\"https:\\\/\\\/kibrisdakik.com\\\/\",\"name\":\"\",\"description\":\"Tam vaktinde haber\",\"potentialAction\":[{\"@type\":\"SearchAction\",\"target\":{\"@type\":\"EntryPoint\",\"urlTemplate\":\"https:\\\/\\\/kibrisdakik.com\\\/?s={search_term_string}\"},\"query-input\":{\"@type\":\"PropertyValueSpecification\",\"valueRequired\":true,\"valueName\":\"search_term_string\"}}],\"inLanguage\":\"tr\"},{\"@type\":\"Person\",\"@id\":\"https:\\\/\\\/kibrisdakik.com\\\/#\\\/schema\\\/person\\\/9cd9d437bbb44f72b73ba127e06d8e79\",\"name\":\"admin\",\"image\":{\"@type\":\"ImageObject\",\"inLanguage\":\"tr\",\"@id\":\"https:\\\/\\\/secure.gravatar.com\\\/avatar\\\/ccc17943b9d660506c869530f897617f7cb1c21a4bf30023f252596d83e1f007?s=96&d=mm&r=g\",\"url\":\"https:\\\/\\\/secure.gravatar.com\\\/avatar\\\/ccc17943b9d660506c869530f897617f7cb1c21a4bf30023f252596d83e1f007?s=96&d=mm&r=g\",\"contentUrl\":\"https:\\\/\\\/secure.gravatar.com\\\/avatar\\\/ccc17943b9d660506c869530f897617f7cb1c21a4bf30023f252596d83e1f007?s=96&d=mm&r=g\",\"caption\":\"admin\"},\"sameAs\":[\"https:\\\/\\\/kibrisdakik.com\"],\"url\":\"https:\\\/\\\/kibrisdakik.com\\\/?author=1\"}]}<\/script>\n<!-- \/ Yoast SEO plugin. -->","yoast_head_json":{"title":"Ba\u015fbakan \u00dcstel:BRTK\u2019n\u0131n KKTC\u2019nin m\u00fccadelesinde b\u00fcy\u00fck bir yeri var -","robots":{"index":"index","follow":"follow","max-snippet":"max-snippet:-1","max-image-preview":"max-image-preview:large","max-video-preview":"max-video-preview:-1"},"canonical":"https:\/\/kibrisdakik.com\/?p=71846","og_locale":"tr_TR","og_type":"article","og_title":"Ba\u015fbakan \u00dcstel:BRTK\u2019n\u0131n KKTC\u2019nin m\u00fccadelesinde b\u00fcy\u00fck bir yeri var -","og_description":"Bayrak Radyo Televizyon Kurumu (BRTK) M\u00fcd\u00fcr\u00fc Meryem \u00d6zkurt ile Y\u00f6netim Kurulu Ba\u015fkan\u0131 \u00d6zdemir Tokel BRT\u2019nin 61\u2019inci kurulu\u015f y\u0131ld\u00f6n\u00fcm\u00fc dolay\u0131s\u0131yla Ba\u015fbakan \u00dcnal \u00dcstel\u2019i Meclis\u2019te ziyaret etti. Ziyarette konu\u015fan Meryem \u00d6zkurt, Ba\u015fbakan \u00dcnal \u00dcstel\u2019i 27 Aral\u0131k\u2019ta ger\u00e7ekle\u015ftirilecek olan resepsiyona davet etti. Ba\u015fbakan \u00dcnal \u00dcstel de, Bayrak Radyo Televizyon Kurumu\u2019nun Kuzey K\u0131br\u0131s T\u00fcrk Cumhuriyeti\u2019nin m\u00fccadelesinde b\u00fcy\u00fck bir yeri","og_url":"https:\/\/kibrisdakik.com\/?p=71846","article_published_time":"2024-12-18T16:10:02+00:00","og_image":[{"width":999,"height":621,"url":"https:\/\/kibrisdakik.com\/wp-content\/uploads\/2024\/12\/ustel-brt-740x420.jpg","type":"image\/jpeg"}],"author":"admin","twitter_card":"summary_large_image","twitter_misc":{"Yazan:":"admin","Tahmini okuma s\u00fcresi":"1 dakika"},"schema":{"@context":"https:\/\/schema.org","@graph":[{"@type":"Article","@id":"https:\/\/kibrisdakik.com\/?p=71846#article","isPartOf":{"@id":"https:\/\/kibrisdakik.com\/?p=71846"},"author":{"name":"admin","@id":"https:\/\/kibrisdakik.com\/#\/schema\/person\/9cd9d437bbb44f72b73ba127e06d8e79"},"headline":"Ba\u015fbakan \u00dcstel:BRTK\u2019n\u0131n KKTC\u2019nin m\u00fccadelesinde b\u00fcy\u00fck bir yeri var","datePublished":"2024-12-18T16:10:02+00:00","mainEntityOfPage":{"@id":"https:\/\/kibrisdakik.com\/?p=71846"},"wordCount":131,"commentCount":0,"image":{"@id":"https:\/\/kibrisdakik.com\/?p=71846#primaryimage"},"thumbnailUrl":"https:\/\/kibrisdakik.com\/wp-content\/uploads\/2024\/12\/ustel-brt-740x420.jpg","articleSection":["K\u0131br\u0131s"],"inLanguage":"tr","potentialAction":[{"@type":"CommentAction","name":"Comment","target":["https:\/\/kibrisdakik.com\/?p=71846#respond"]}]},{"@type":"WebPage","@id":"https:\/\/kibrisdakik.com\/?p=71846","url":"https:\/\/kibrisdakik.com\/?p=71846","name":"Ba\u015fbakan \u00dcstel:BRTK\u2019n\u0131n KKTC\u2019nin m\u00fccadelesinde b\u00fcy\u00fck bir yeri var -","isPartOf":{"@id":"https:\/\/kibrisdakik.com\/#website"},"primaryImageOfPage":{"@id":"https:\/\/kibrisdakik.com\/?p=71846#primaryimage"},"image":{"@id":"https:\/\/kibrisdakik.com\/?p=71846#primaryimage"},"thumbnailUrl":"https:\/\/kibrisdakik.com\/wp-content\/uploads\/2024\/12\/ustel-brt-740x420.jpg","datePublished":"2024-12-18T16:10:02+00:00","author":{"@id":"https:\/\/kibrisdakik.com\/#\/schema\/person\/9cd9d437bbb44f72b73ba127e06d8e79"},"breadcrumb":{"@id":"https:\/\/kibrisdakik.com\/?p=71846#breadcrumb"},"inLanguage":"tr","potentialAction":[{"@type":"ReadAction","target":["https:\/\/kibrisdakik.com\/?p=71846"]}]},{"@type":"ImageObject","inLanguage":"tr","@id":"https:\/\/kibrisdakik.com\/?p=71846#primaryimage","url":"https:\/\/kibrisdakik.com\/wp-content\/uploads\/2024\/12\/ustel-brt-740x420.jpg","contentUrl":"https:\/\/kibrisdakik.com\/wp-content\/uploads\/2024\/12\/ustel-brt-740x420.jpg","width":999,"height":621},{"@type":"BreadcrumbList","@id":"https:\/\/kibrisdakik.com\/?p=71846#breadcrumb","itemListElement":[{"@type":"ListItem","position":1,"name":"Home","item":"https:\/\/kibrisdakik.com\/"},{"@type":"ListItem","position":2,"name":"Ba\u015fbakan \u00dcstel:BRTK\u2019n\u0131n KKTC\u2019nin m\u00fccadelesinde b\u00fcy\u00fck bir yeri var"}]},{"@type":"WebSite","@id":"https:\/\/kibrisdakik.com\/#website","url":"https:\/\/kibrisdakik.com\/","name":"","description":"Tam vaktinde haber","potentialAction":[{"@type":"SearchAction","target":{"@type":"EntryPoint","urlTemplate":"https:\/\/kibrisdakik.com\/?s={search_term_string}"},"query-input":{"@type":"PropertyValueSpecification","valueRequired":true,"valueName":"search_term_string"}}],"inLanguage":"tr"},{"@type":"Person","@id":"https:\/\/kibrisdakik.com\/#\/schema\/person\/9cd9d437bbb44f72b73ba127e06d8e79","name":"admin","image":{"@type":"ImageObject","inLanguage":"tr","@id":"https:\/\/secure.gravatar.com\/avatar\/ccc17943b9d660506c869530f897617f7cb1c21a4bf30023f252596d83e1f007?s=96&d=mm&r=g","url":"https:\/\/secure.gravatar.com\/avatar\/ccc17943b9d660506c869530f897617f7cb1c21a4bf30023f252596d83e1f007?s=96&d=mm&r=g","contentUrl":"https:\/\/secure.gravatar.com\/avatar\/ccc17943b9d660506c869530f897617f7cb1c21a4bf30023f252596d83e1f007?s=96&d=mm&r=g","caption":"admin"},"sameAs":["https:\/\/kibrisdakik.com"],"url":"https:\/\/kibrisdakik.com\/?author=1"}]}},"_links":{"self":[{"href":"https:\/\/kibrisdakik.com\/index.php?rest_route=\/wp\/v2\/posts\/71846","targetHints":{"allow":["GET"]}}],"collection":[{"href":"https:\/\/kibrisdakik.com\/index.php?rest_route=\/wp\/v2\/posts"}],"about":[{"href":"https:\/\/kibrisdakik.com\/index.php?rest_route=\/wp\/v2\/types\/post"}],"author":[{"embeddable":true,"href":"https:\/\/kibrisdakik.com\/index.php?rest_route=\/wp\/v2\/users\/1"}],"replies":[{"embeddable":true,"href":"https:\/\/kibrisdakik.com\/index.php?rest_route=%2Fwp%2Fv2%2Fcomments&post=71846"}],"version-history":[{"count":0,"href":"https:\/\/kibrisdakik.com\/index.php?rest_route=\/wp\/v2\/posts\/71846\/revisions"}],"wp:featuredmedia":[{"embeddable":true,"href":"https:\/\/kibrisdakik.com\/index.php?rest_route=\/wp\/v2\/media\/70653"}],"wp:attachment":[{"href":"https:\/\/kibrisdakik.com\/index.php?rest_route=%2Fwp%2Fv2%2Fmedia&parent=71846"}],"wp:term":[{"taxonomy":"category","embeddable":true,"href":"https:\/\/kibrisdakik.com\/index.php?rest_route=%2Fwp%2Fv2%2Fcategories&post=71846"},{"taxonomy":"post_tag","embeddable":true,"href":"https:\/\/kibrisdakik.com\/index.php?rest_route=%2Fwp%2Fv2%2Ftags&post=71846"}],"curies":[{"name":"wp","href":"https:\/\/api.w.org\/{rel}","templated":true}]}}