{"id":71854,"date":"2024-12-18T21:23:35","date_gmt":"2024-12-18T18:23:35","guid":{"rendered":"https:\/\/kibrisdakik.com\/index.php\/2024\/12\/18\/mecliste-saglik-bakanligi-butcesi-uzerine-gorusme-suruyor\/"},"modified":"2024-12-18T21:23:35","modified_gmt":"2024-12-18T18:23:35","slug":"mecliste-saglik-bakanligi-butcesi-uzerine-gorusme-suruyor","status":"publish","type":"post","link":"https:\/\/kibrisdakik.com\/?p=71854","title":{"rendered":"Meclis\u2019te Sa\u011fl\u0131k Bakanl\u0131\u011f\u0131 b\u00fct\u00e7esi \u00fczerine g\u00f6r\u00fc\u015fme s\u00fcr\u00fcyor"},"content":{"rendered":"<div>\n<div class=\"mariselle-image-container center\">\n                                            <\/div>\n<p>Cumhuriyet Meclisi Genel Kurulu\u2019nda 12 milyar 859 milyon 721 bin TL\u2019lik Sa\u011fl\u0131k Bakanl\u0131\u011f\u0131 b\u00fct\u00e7esi g\u00f6r\u00fc\u015f\u00fcl\u00fcyor.<\/p>\n<p>Meclis Genel Kurulu\u2019nda Sa\u011fl\u0131k Bakanl\u0131\u011f\u0131 b\u00fct\u00e7esi \u00fczerine g\u00f6r\u00fc\u015fmelerde CTP Milletvekili Filiz Besim\u2019in ard\u0131ndan UBP Milletvekili ve Eski Sa\u011fl\u0131k Bakan\u0131 \u0130zlem G\u00fcr\u00e7a\u011f Altu\u011fra s\u00f6z ald\u0131.<\/p>\n<p>UBP Milletvekili \u0130zlem G\u00fcr\u00e7a\u011f Altu\u011fra, kendisinin a\u015f\u0131y\u0131 kald\u0131rd\u0131\u011f\u0131 ele\u015ftirisini yan\u0131tlad\u0131\u011f\u0131 konu\u015fmas\u0131nda, a\u015f\u0131y\u0131 kald\u0131rmad\u0131\u011f\u0131n\u0131, sadece pandemi d\u00f6neminde a\u015f\u0131n\u0131n d\u0131\u015far\u0131 \u00e7\u0131kmas\u0131na olanak sa\u011flad\u0131\u011f\u0131n\u0131 s\u00f6yledi. \u015eu anda da a\u015f\u0131lar\u0131n hastaneler ve sa\u011fl\u0131k ocaklar\u0131nda d\u00fczenli yap\u0131ld\u0131\u011f\u0131n\u0131 kaydeden Altu\u011fra, bununla ilgili otomasyonun da oldu\u011funu belirtti.<\/p>\n<p>Yeniden s\u00f6z alan Filiz Besim, \u015fu anda da a\u015f\u0131ya ula\u015f\u0131m konusunda s\u0131k\u0131nt\u0131 oldu\u011funu kaydetti. A\u015f\u0131 takip sisteminin b\u00fct\u00fcn \u00e7ocuk doktorlar\u0131n\u0131n ba\u011fland\u0131\u011f\u0131 bir sistem oldu\u011funu s\u00f6yleyen Besim, bunun \u00e7ocu\u011fun g\u00fcvenli\u011fi i\u00e7in \u00f6nemli bir konu oldu\u011funu kaydetti.<\/p>\n<p>CTP Milletvekili Ceyhun Birinci, b\u00fct\u00e7eye ili\u015fkin konu\u015fmas\u0131nda, ge\u00e7en y\u0131lki b\u00fct\u00e7e g\u00f6r\u00fc\u015fmelerinde konu\u015fulan sorunlar\u0131n yeniden konu\u015fuldu\u011funa i\u015faret ederek, kanser hastalar\u0131n\u0131n k\u00fcrlerinin ila\u00e7 eksikli\u011finden dolay\u0131 uygulanamad\u0131\u011f\u0131n\u0131 s\u00f6yledi.<\/p>\n<p>\u00dclkede ciddi bir n\u00fcfus art\u0131\u015f\u0131 oldu\u011funu ancak buna uygun planlama yap\u0131lmad\u0131\u011f\u0131n\u0131 belirten Birinci, hasta transferlerine ayr\u0131lan paya i\u015faret ederek, bunun 2025 y\u0131l\u0131nda sa\u011fl\u0131\u011fa yat\u0131r\u0131m\u0131n d\u00fc\u015f\u00fcn\u00fclmedi\u011finin i\u015fareti olarak de\u011ferlendirdi. Birinci, Bakanl\u0131k b\u00fct\u00e7esinin onda birinin hasta transferlerine ayr\u0131ld\u0131\u011f\u0131n\u0131 da ekledi.<\/p>\n<p>Yeni Girne Hastanesi\u2019nde yatak kapasitesinin 116\u2019ya indirildi\u011fini ve bunun yeterli olmad\u0131\u011f\u0131n\u0131 s\u00f6yleyen Birinci, yatak kapasitesinin d\u00fc\u015f\u00fcr\u00fclmesinin nedenini sordu. Birinci, Yeni Girne Hastanesi\u2019nin a\u00e7\u0131laca\u011f\u0131na inanmad\u0131\u011f\u0131n\u0131 da belirtti.<\/p>\n<p>Palyatif tedbirlerle sa\u011fl\u0131k hizmeti verilemeyece\u011fini de vurgulayan Birinci, ayr\u0131lan b\u00fct\u00e7e ile kamu hastanelerini geli\u015ftirmenin m\u00fcmk\u00fcn olmad\u0131\u011f\u0131n\u0131 kaydetti. Birinci, \u00fclkede insanlar\u0131n ya\u015fad\u0131\u011f\u0131 stresler dolay\u0131s\u0131yla da hastal\u0131klar\u0131n\u0131n n\u00fcksetti\u011fini s\u00f6yledi.<\/p>\n<p>Sa\u011fl\u0131k personelinin yetersiz olanaklarla hizmet vermeye \u00e7al\u0131\u015ft\u0131\u011f\u0131n\u0131 anlatan Birinci, sa\u011fl\u0131k hizmetlerinin \u00f6nemine vurgu yapt\u0131. Sa\u011fl\u0131k sisteminin de\u011fi\u015fmesi, n\u00fcfusun planlanmas\u0131 gerekti\u011fini anlatan Birinci, sa\u011fl\u0131kta kaliteli hizmet i\u00e7in sa\u011fl\u0131\u011fa b\u00fct\u00e7eden daha fazla pay ayr\u0131lmas\u0131 ve sa\u011fl\u0131k altyap\u0131s\u0131yla personelinin g\u00fc\u00e7lendirilmesi gerekti\u011fini belirtti.<\/p>\n<p>Rehabilite edici sa\u011fl\u0131k sistemlerine a\u011f\u0131rl\u0131k verilmesi, d\u00fczg\u00fcn g\u0131da denetimleri yap\u0131lmas\u0131, halk\u0131n bilgilendirilmesi, erken tan\u0131 taramalar\u0131n\u0131n yap\u0131lmas\u0131 ve ila\u00e7 takip sisteminin olu\u015fturulmas\u0131 gerekti\u011fini kaydeden Birinci, \u201cBiz \u015fu anda tedavi edici hekimli\u011fe a\u011f\u0131rl\u0131\u011f\u0131 verdik ki bu \u00e7ok yanl\u0131\u015f. Koruyucu tedbirlere a\u011f\u0131rl\u0131\u011f\u0131 vermemiz gerekir.\u201d dedi.<\/p>\n<p>Temel sa\u011fl\u0131k ve yatakl\u0131 tedaviye daha fazla b\u00fct\u00e7e ayr\u0131lmas\u0131 beklentisini dile getiren Birinci, sa\u011fl\u0131k taramalar\u0131n\u0131n \u00f6nemine de\u011findi. Birinci, erken tan\u0131 taramalar\u0131 i\u00e7in gerekli altyap\u0131n\u0131n olu\u015fturulmas\u0131 gerekti\u011fini de s\u00f6yledi.<\/p>\n<p>Hi\u00e7bir hastanede \u015fu anda diyabet merkezi olmad\u0131\u011f\u0131n\u0131, t\u00fcm diyabet merkezlerinin kapand\u0131\u011f\u0131n\u0131 anlatan Birinci, bu merkezlerin kurulmas\u0131 gerekti\u011fini belirtti. Kanserle ilgili yeterli istatistiki bilgi olmamas\u0131n\u0131 ele\u015ftiren Birinci, \u201cKanser taramalar\u0131 \u00e7ok \u00f6nemli.\u201d dedi.<\/p>\n<p>Yeni, modern, \u00e7a\u011fda\u015f hastanelerin hayata ge\u00e7mesi gerekti\u011fini belirten Birinci, mevcut hastanelerdeki s\u0131k\u0131nt\u0131lara de\u011findi.<\/p>\n<p>Uyu\u015fturucu ba\u011f\u0131ml\u0131l\u0131\u011f\u0131yla m\u00fccadelede gerekli \u00e7al\u0131\u015fmalar\u0131n tamamlanmas\u0131 gerekti\u011fini belirten Birinci, b\u00fct\u00e7ede bu konuyla ilgili b\u00fct\u00e7e ayr\u0131lmamas\u0131n\u0131 ele\u015ftirdi.<\/p>\n<p>Sa\u011fl\u0131k ocaklar\u0131n\u0131n da g\u00fc\u00e7lendirilmesi gerekti\u011fini s\u00f6yleyen Birinci, basit i\u015flemlerin buralarda yap\u0131lmas\u0131 gerekti\u011fini kaydetti.<\/p>\n<p>Birinci, hematoloji, gastroenteroloji gibi \u00f6zellikle \u00fcst ihtisas alanlarda hekim eksikli\u011fi oldu\u011funu kaydederek, bunlar\u0131n planlanmas\u0131 gerekti\u011fini s\u00f6yledi.<\/p>\n<p>Her acil serviste acil t\u0131p uzman\u0131 olmad\u0131\u011f\u0131n\u0131 ama olmas\u0131 gerekti\u011fini, pratisyen hekimlerin acillerde ve servislerde n\u00f6bet tuttu\u011funu belirten Birinci, asistan hekimlerin sorunlar\u0131n\u0131n \u00e7\u00f6z\u00fclmedi\u011fini savundu ve bunu ele\u015ftirdi.<\/p>\n<p>112 Acil Servisi\u2019nde \u015fu an ciddi s\u0131k\u0131nt\u0131lar ya\u015fand\u0131\u011f\u0131n\u0131 kaydeden Birinci, Girne b\u00f6lgesinde bir y\u0131lda ka\u00e7 ambulans \u00e7a\u011fr\u0131s\u0131 yap\u0131ld\u0131\u011f\u0131na ili\u015fkin bir \u00e7al\u0131\u015fma yap\u0131lmas\u0131n\u0131 istedi. \u00c7ok fazla ambulans \u00e7a\u011fr\u0131s\u0131 yap\u0131ld\u0131\u011f\u0131n\u0131 s\u00f6yleyen Birinci, her ambulansta bir de hekim gitmesi gerekti\u011fini vurgulad\u0131.<\/p>\n<p>Acil servislerdeki s\u0131k\u0131nt\u0131 ve eksiklikleri de sayan Birinci, acil servislere yap\u0131lan m\u00fcracaat rakamlar\u0131n\u0131 payla\u015ft\u0131 ve buralar\u0131n kendi kendini \u00e7eviren yerler haline \u00e7evrilmesinin \u00f6nemine vurgu yapt\u0131. Birinci, acil servislerde triyaj sistemi olmamas\u0131n\u0131 da ele\u015ftirdi.<\/p>\n<p>Birinci, Burhan Nalbanto\u011flu Devlet Hastanesi\u2019ne PET-CT cihaz\u0131 neden al\u0131nmad\u0131\u011f\u0131n\u0131 ve PET-CT i\u00e7in yap\u0131lan sevklere bir y\u0131lda ne kadar \u00f6dendi\u011fini sordu.<\/p>\n<p>Birinci, konu\u015fmas\u0131n\u0131n sonunda bir kanser hastas\u0131n\u0131n kendisine iletti\u011fi mektubu okudu.<\/p>\n<p>Ba\u011f\u0131ms\u0131z Milletvekili Jale Refik Rogers da Sa\u011fl\u0131k Bakanl\u0131\u011f\u0131 b\u00fct\u00e7esi \u00fczerine s\u00f6z alarak konu\u015ftu. Bina sorunlar\u0131na de\u011finen Rogers, n\u00fcfus art\u0131\u015f\u0131yla birlikte sa\u011fl\u0131ktaki uzmanla\u015fman\u0131n da artt\u0131\u011f\u0131n\u0131 ancak halk\u0131n sa\u011fl\u0131\u011fa eri\u015fiminde s\u0131k\u0131nt\u0131lar\u0131n devam etti\u011fini s\u00f6yledi.<\/p>\n<p>Halk\u0131n poliklinik, ameliyat hizmetlerine ula\u015fmas\u0131ndaki s\u0131k\u0131nt\u0131lar\u0131n irdelenmesi gerekti\u011fini kaydeden Rogers, sevklerin maliyetlerine de de\u011findi.<\/p>\n<p>Geli\u015fmi\u015f \u00fclkelerde HIV pozitif say\u0131s\u0131 d\u00fc\u015ferken Kuzey K\u0131br\u0131s\u2019ta artt\u0131\u011f\u0131n\u0131 s\u00f6yleyen Rogers, vatanda\u015f olmayan HIV pozitif ki\u015filerin \u00fclkeden deport edilmesini ele\u015ftirdi.<\/p>\n<p>Koruyucu sa\u011fl\u0131k hizmetlerinin \u00f6nemine vurgu yapan Rogers, Erken Tan\u0131 Birimi\u2019nde yeterli hastaya ula\u015f\u0131lamad\u0131\u011f\u0131n\u0131, bu birimin g\u00fc\u00e7lendirilmesi gerekti\u011fini kaydetti. Rogers, kanser kay\u0131t\u00e7\u0131l\u0131\u011f\u0131n\u0131n da g\u00fc\u00e7lendirilmesi gerekti\u011fini belirtti.<\/p>\n<p>Re\u00e7etelerle ilgili sorunlara da de\u011finen Rogers, ye\u015fil re\u00e7etelerin online sisteme konulmas\u0131 gerekti\u011fini s\u00f6yledi. Yenido\u011fan Birimi\u2019nde ya\u015fanan \u201calkoll\u00fc mama\u201d krizinden de bahseden Rogers, standarttan uzak her yap\u0131n\u0131n b\u00fcy\u00fck riskler bar\u0131nd\u0131rd\u0131\u011f\u0131n\u0131 vurgulad\u0131.<\/p>\n<p>Hem\u015fire eksikli\u011finin hi\u00e7 bitmedi\u011fini kaydeden Rogers, haz\u0131rlanan yasayla hasta bak\u0131c\u0131 kadrosunun da olu\u015fturuldu\u011funu belirtti. \u0130la\u00e7 Eczac\u0131l\u0131k Dairesi\u2019nde uzun zamand\u0131r ihtiya\u00e7 olan otomasyonun yava\u015f yava\u015f olu\u015ftu\u011funu belirten Rogers, dairenin raf ve envanter sistemine sahip olmamas\u0131n\u0131 ele\u015ftirdi. Rogers, ila\u00e7 ihalelerinin neden yeteri kadar yap\u0131lamad\u0131\u011f\u0131n\u0131 da sordu.<\/p>\n<p>Ya\u015fl\u0131 bak\u0131m\u0131yla ilgili ciddi s\u0131k\u0131nt\u0131lar oldu\u011funu kaydeden Rogers, bu konuda Sa\u011fl\u0131k Bakanl\u0131\u011f\u0131\u2019n\u0131n ne yapaca\u011f\u0131n\u0131 sordu.  Rogers, Ruh Sa\u011fl\u0131\u011f\u0131 Yasas\u0131\u2019n\u0131n da g\u00fcncellenmesi gerekti\u011fini s\u00f6yledi.<\/p>\n<p>T\u00fcp bebek merkezlerinin \u00fclkenin sa\u011fl\u0131k turizminin ciddi bir par\u00e7as\u0131 oldu\u011funu belirten Rogers, Sa\u011fl\u0131k Bakanl\u0131\u011f\u0131\u2019n\u0131n bu alanda eksiklikleri oldu\u011funu kaydetti.<\/p>\n<\/p><\/div>\n<p><script async\n                    defer\n                    crossorigin=\"anonymous\"\n                    src=\"https:\/\/connect.facebook.net\/tr_TR\/sdk.js#xfbml=1&#038;version=v3.3\"\n            ><\/script><\/p>\n","protected":false},"excerpt":{"rendered":"<p>Cumhuriyet Meclisi Genel Kurulu\u2019nda 12 milyar 859 milyon 721 bin TL\u2019lik Sa\u011fl\u0131k Bakanl\u0131\u011f\u0131 b\u00fct\u00e7esi g\u00f6r\u00fc\u015f\u00fcl\u00fcyor. Meclis Genel Kurulu\u2019nda Sa\u011fl\u0131k Bakanl\u0131\u011f\u0131 b\u00fct\u00e7esi \u00fczerine g\u00f6r\u00fc\u015fmelerde CTP Milletvekili Filiz Besim\u2019in ard\u0131ndan UBP Milletvekili ve Eski Sa\u011fl\u0131k Bakan\u0131 \u0130zlem G\u00fcr\u00e7a\u011f Altu\u011fra s\u00f6z ald\u0131. UBP Milletvekili \u0130zlem G\u00fcr\u00e7a\u011f Altu\u011fra, kendisinin a\u015f\u0131y\u0131 kald\u0131rd\u0131\u011f\u0131 ele\u015ftirisini yan\u0131tlad\u0131\u011f\u0131 konu\u015fmas\u0131nda, a\u015f\u0131y\u0131 kald\u0131rmad\u0131\u011f\u0131n\u0131, sadece pandemi d\u00f6neminde<\/p>\n","protected":false},"author":1,"featured_media":71855,"comment_status":"open","ping_status":"open","sticky":false,"template":"","format":"standard","meta":{"footnotes":""},"categories":[81],"tags":[],"class_list":["post-71854","post","type-post","status-publish","format-standard","has-post-thumbnail","hentry","category-kibris"],"yoast_head":"<!-- This site is optimized with the Yoast SEO plugin v28.3 - https:\/\/yoast.com\/product\/yoast-seo-wordpress\/ -->\n<title>Meclis\u2019te Sa\u011fl\u0131k Bakanl\u0131\u011f\u0131 b\u00fct\u00e7esi \u00fczerine g\u00f6r\u00fc\u015fme s\u00fcr\u00fcyor -<\/title>\n<meta name=\"robots\" content=\"index, follow, max-snippet:-1, max-image-preview:large, max-video-preview:-1\" \/>\n<link rel=\"canonical\" href=\"https:\/\/kibrisdakik.com\/?p=71854\" \/>\n<meta property=\"og:locale\" content=\"tr_TR\" \/>\n<meta property=\"og:type\" content=\"article\" \/>\n<meta property=\"og:title\" content=\"Meclis\u2019te Sa\u011fl\u0131k Bakanl\u0131\u011f\u0131 b\u00fct\u00e7esi \u00fczerine g\u00f6r\u00fc\u015fme s\u00fcr\u00fcyor -\" \/>\n<meta property=\"og:description\" content=\"Cumhuriyet Meclisi Genel Kurulu\u2019nda 12 milyar 859 milyon 721 bin TL\u2019lik Sa\u011fl\u0131k Bakanl\u0131\u011f\u0131 b\u00fct\u00e7esi g\u00f6r\u00fc\u015f\u00fcl\u00fcyor. Meclis Genel Kurulu\u2019nda Sa\u011fl\u0131k Bakanl\u0131\u011f\u0131 b\u00fct\u00e7esi \u00fczerine g\u00f6r\u00fc\u015fmelerde CTP Milletvekili Filiz Besim\u2019in ard\u0131ndan UBP Milletvekili ve Eski Sa\u011fl\u0131k Bakan\u0131 \u0130zlem G\u00fcr\u00e7a\u011f Altu\u011fra s\u00f6z ald\u0131. UBP Milletvekili \u0130zlem G\u00fcr\u00e7a\u011f Altu\u011fra, kendisinin a\u015f\u0131y\u0131 kald\u0131rd\u0131\u011f\u0131 ele\u015ftirisini yan\u0131tlad\u0131\u011f\u0131 konu\u015fmas\u0131nda, a\u015f\u0131y\u0131 kald\u0131rmad\u0131\u011f\u0131n\u0131, sadece pandemi d\u00f6neminde\" \/>\n<meta property=\"og:url\" content=\"https:\/\/kibrisdakik.com\/?p=71854\" \/>\n<meta property=\"article:published_time\" content=\"2024-12-18T18:23:35+00:00\" \/>\n<meta property=\"og:image\" content=\"https:\/\/kibrisdakik.com\/wp-content\/uploads\/2024\/12\/a1-740x420.jpg\" \/>\n\t<meta property=\"og:image:width\" content=\"1600\" \/>\n\t<meta property=\"og:image:height\" content=\"1066\" \/>\n\t<meta property=\"og:image:type\" content=\"image\/jpeg\" \/>\n<meta name=\"author\" content=\"admin\" \/>\n<meta name=\"twitter:card\" content=\"summary_large_image\" \/>\n<meta name=\"twitter:label1\" content=\"Yazan:\" \/>\n\t<meta name=\"twitter:data1\" content=\"admin\" \/>\n\t<meta name=\"twitter:label2\" content=\"Tahmini okuma s\u00fcresi\" \/>\n\t<meta name=\"twitter:data2\" content=\"6 dakika\" \/>\n<script type=\"application\/ld+json\" class=\"yoast-schema-graph\">{\"@context\":\"https:\\\/\\\/schema.org\",\"@graph\":[{\"@type\":\"Article\",\"@id\":\"https:\\\/\\\/kibrisdakik.com\\\/?p=71854#article\",\"isPartOf\":{\"@id\":\"https:\\\/\\\/kibrisdakik.com\\\/?p=71854\"},\"author\":{\"name\":\"admin\",\"@id\":\"https:\\\/\\\/kibrisdakik.com\\\/#\\\/schema\\\/person\\\/9cd9d437bbb44f72b73ba127e06d8e79\"},\"headline\":\"Meclis\u2019te Sa\u011fl\u0131k Bakanl\u0131\u011f\u0131 b\u00fct\u00e7esi \u00fczerine g\u00f6r\u00fc\u015fme s\u00fcr\u00fcyor\",\"datePublished\":\"2024-12-18T18:23:35+00:00\",\"mainEntityOfPage\":{\"@id\":\"https:\\\/\\\/kibrisdakik.com\\\/?p=71854\"},\"wordCount\":1199,\"commentCount\":0,\"publisher\":{\"@id\":\"https:\\\/\\\/kibrisdakik.com\\\/#organization\"},\"image\":{\"@id\":\"https:\\\/\\\/kibrisdakik.com\\\/?p=71854#primaryimage\"},\"thumbnailUrl\":\"https:\\\/\\\/kibrisdakik.com\\\/wp-content\\\/uploads\\\/2024\\\/12\\\/a1-740x420.jpg\",\"articleSection\":[\"K\u0131br\u0131s\"],\"inLanguage\":\"tr\",\"potentialAction\":[{\"@type\":\"CommentAction\",\"name\":\"Comment\",\"target\":[\"https:\\\/\\\/kibrisdakik.com\\\/?p=71854#respond\"]}]},{\"@type\":\"WebPage\",\"@id\":\"https:\\\/\\\/kibrisdakik.com\\\/?p=71854\",\"url\":\"https:\\\/\\\/kibrisdakik.com\\\/?p=71854\",\"name\":\"Meclis\u2019te Sa\u011fl\u0131k Bakanl\u0131\u011f\u0131 b\u00fct\u00e7esi \u00fczerine g\u00f6r\u00fc\u015fme s\u00fcr\u00fcyor -\",\"isPartOf\":{\"@id\":\"https:\\\/\\\/kibrisdakik.com\\\/#website\"},\"primaryImageOfPage\":{\"@id\":\"https:\\\/\\\/kibrisdakik.com\\\/?p=71854#primaryimage\"},\"image\":{\"@id\":\"https:\\\/\\\/kibrisdakik.com\\\/?p=71854#primaryimage\"},\"thumbnailUrl\":\"https:\\\/\\\/kibrisdakik.com\\\/wp-content\\\/uploads\\\/2024\\\/12\\\/a1-740x420.jpg\",\"datePublished\":\"2024-12-18T18:23:35+00:00\",\"breadcrumb\":{\"@id\":\"https:\\\/\\\/kibrisdakik.com\\\/?p=71854#breadcrumb\"},\"inLanguage\":\"tr\",\"potentialAction\":[{\"@type\":\"ReadAction\",\"target\":[\"https:\\\/\\\/kibrisdakik.com\\\/?p=71854\"]}]},{\"@type\":\"ImageObject\",\"inLanguage\":\"tr\",\"@id\":\"https:\\\/\\\/kibrisdakik.com\\\/?p=71854#primaryimage\",\"url\":\"https:\\\/\\\/kibrisdakik.com\\\/wp-content\\\/uploads\\\/2024\\\/12\\\/a1-740x420.jpg\",\"contentUrl\":\"https:\\\/\\\/kibrisdakik.com\\\/wp-content\\\/uploads\\\/2024\\\/12\\\/a1-740x420.jpg\",\"width\":1600,\"height\":1066},{\"@type\":\"BreadcrumbList\",\"@id\":\"https:\\\/\\\/kibrisdakik.com\\\/?p=71854#breadcrumb\",\"itemListElement\":[{\"@type\":\"ListItem\",\"position\":1,\"name\":\"Home\",\"item\":\"https:\\\/\\\/kibrisdakik.com\\\/\"},{\"@type\":\"ListItem\",\"position\":2,\"name\":\"Meclis\u2019te Sa\u011fl\u0131k Bakanl\u0131\u011f\u0131 b\u00fct\u00e7esi \u00fczerine g\u00f6r\u00fc\u015fme s\u00fcr\u00fcyor\"}]},{\"@type\":\"WebSite\",\"@id\":\"https:\\\/\\\/kibrisdakik.com\\\/#website\",\"url\":\"https:\\\/\\\/kibrisdakik.com\\\/\",\"name\":\"K\u0131br\u0131s Dakik\",\"description\":\"Tam vaktinde haber\",\"publisher\":{\"@id\":\"https:\\\/\\\/kibrisdakik.com\\\/#organization\"},\"potentialAction\":[{\"@type\":\"SearchAction\",\"target\":{\"@type\":\"EntryPoint\",\"urlTemplate\":\"https:\\\/\\\/kibrisdakik.com\\\/?s={search_term_string}\"},\"query-input\":{\"@type\":\"PropertyValueSpecification\",\"valueRequired\":true,\"valueName\":\"search_term_string\"}}],\"inLanguage\":\"tr\"},{\"@type\":\"Organization\",\"@id\":\"https:\\\/\\\/kibrisdakik.com\\\/#organization\",\"name\":\"K\u0131br\u0131s Dakik\",\"url\":\"https:\\\/\\\/kibrisdakik.com\\\/\",\"logo\":{\"@type\":\"ImageObject\",\"inLanguage\":\"tr\",\"@id\":\"https:\\\/\\\/kibrisdakik.com\\\/#\\\/schema\\\/logo\\\/image\\\/\",\"url\":\"https:\\\/\\\/kibrisdakik.com\\\/wp-content\\\/uploads\\\/2025\\\/10\\\/cropped-WhatsApp-Image-2025-10-02-at-12.58.31.jpeg\",\"contentUrl\":\"https:\\\/\\\/kibrisdakik.com\\\/wp-content\\\/uploads\\\/2025\\\/10\\\/cropped-WhatsApp-Image-2025-10-02-at-12.58.31.jpeg\",\"width\":1237,\"height\":190,\"caption\":\"K\u0131br\u0131s Dakik\"},\"image\":{\"@id\":\"https:\\\/\\\/kibrisdakik.com\\\/#\\\/schema\\\/logo\\\/image\\\/\"}},{\"@type\":\"Person\",\"@id\":\"https:\\\/\\\/kibrisdakik.com\\\/#\\\/schema\\\/person\\\/9cd9d437bbb44f72b73ba127e06d8e79\",\"name\":\"admin\",\"image\":{\"@type\":\"ImageObject\",\"inLanguage\":\"tr\",\"@id\":\"https:\\\/\\\/secure.gravatar.com\\\/avatar\\\/ccc17943b9d660506c869530f897617f7cb1c21a4bf30023f252596d83e1f007?s=96&d=mm&r=g\",\"url\":\"https:\\\/\\\/secure.gravatar.com\\\/avatar\\\/ccc17943b9d660506c869530f897617f7cb1c21a4bf30023f252596d83e1f007?s=96&d=mm&r=g\",\"contentUrl\":\"https:\\\/\\\/secure.gravatar.com\\\/avatar\\\/ccc17943b9d660506c869530f897617f7cb1c21a4bf30023f252596d83e1f007?s=96&d=mm&r=g\",\"caption\":\"admin\"},\"sameAs\":[\"https:\\\/\\\/kibrisdakik.com\"],\"url\":\"https:\\\/\\\/kibrisdakik.com\\\/?author=1\"}]}<\/script>\n<!-- \/ Yoast SEO plugin. -->","yoast_head_json":{"title":"Meclis\u2019te Sa\u011fl\u0131k Bakanl\u0131\u011f\u0131 b\u00fct\u00e7esi \u00fczerine g\u00f6r\u00fc\u015fme s\u00fcr\u00fcyor -","robots":{"index":"index","follow":"follow","max-snippet":"max-snippet:-1","max-image-preview":"max-image-preview:large","max-video-preview":"max-video-preview:-1"},"canonical":"https:\/\/kibrisdakik.com\/?p=71854","og_locale":"tr_TR","og_type":"article","og_title":"Meclis\u2019te Sa\u011fl\u0131k Bakanl\u0131\u011f\u0131 b\u00fct\u00e7esi \u00fczerine g\u00f6r\u00fc\u015fme s\u00fcr\u00fcyor -","og_description":"Cumhuriyet Meclisi Genel Kurulu\u2019nda 12 milyar 859 milyon 721 bin TL\u2019lik Sa\u011fl\u0131k Bakanl\u0131\u011f\u0131 b\u00fct\u00e7esi g\u00f6r\u00fc\u015f\u00fcl\u00fcyor. Meclis Genel Kurulu\u2019nda Sa\u011fl\u0131k Bakanl\u0131\u011f\u0131 b\u00fct\u00e7esi \u00fczerine g\u00f6r\u00fc\u015fmelerde CTP Milletvekili Filiz Besim\u2019in ard\u0131ndan UBP Milletvekili ve Eski Sa\u011fl\u0131k Bakan\u0131 \u0130zlem G\u00fcr\u00e7a\u011f Altu\u011fra s\u00f6z ald\u0131. UBP Milletvekili \u0130zlem G\u00fcr\u00e7a\u011f Altu\u011fra, kendisinin a\u015f\u0131y\u0131 kald\u0131rd\u0131\u011f\u0131 ele\u015ftirisini yan\u0131tlad\u0131\u011f\u0131 konu\u015fmas\u0131nda, a\u015f\u0131y\u0131 kald\u0131rmad\u0131\u011f\u0131n\u0131, sadece pandemi d\u00f6neminde","og_url":"https:\/\/kibrisdakik.com\/?p=71854","article_published_time":"2024-12-18T18:23:35+00:00","og_image":[{"width":1600,"height":1066,"url":"https:\/\/kibrisdakik.com\/wp-content\/uploads\/2024\/12\/a1-740x420.jpg","type":"image\/jpeg"}],"author":"admin","twitter_card":"summary_large_image","twitter_misc":{"Yazan:":"admin","Tahmini okuma s\u00fcresi":"6 dakika"},"schema":{"@context":"https:\/\/schema.org","@graph":[{"@type":"Article","@id":"https:\/\/kibrisdakik.com\/?p=71854#article","isPartOf":{"@id":"https:\/\/kibrisdakik.com\/?p=71854"},"author":{"name":"admin","@id":"https:\/\/kibrisdakik.com\/#\/schema\/person\/9cd9d437bbb44f72b73ba127e06d8e79"},"headline":"Meclis\u2019te Sa\u011fl\u0131k Bakanl\u0131\u011f\u0131 b\u00fct\u00e7esi \u00fczerine g\u00f6r\u00fc\u015fme s\u00fcr\u00fcyor","datePublished":"2024-12-18T18:23:35+00:00","mainEntityOfPage":{"@id":"https:\/\/kibrisdakik.com\/?p=71854"},"wordCount":1199,"commentCount":0,"publisher":{"@id":"https:\/\/kibrisdakik.com\/#organization"},"image":{"@id":"https:\/\/kibrisdakik.com\/?p=71854#primaryimage"},"thumbnailUrl":"https:\/\/kibrisdakik.com\/wp-content\/uploads\/2024\/12\/a1-740x420.jpg","articleSection":["K\u0131br\u0131s"],"inLanguage":"tr","potentialAction":[{"@type":"CommentAction","name":"Comment","target":["https:\/\/kibrisdakik.com\/?p=71854#respond"]}]},{"@type":"WebPage","@id":"https:\/\/kibrisdakik.com\/?p=71854","url":"https:\/\/kibrisdakik.com\/?p=71854","name":"Meclis\u2019te Sa\u011fl\u0131k Bakanl\u0131\u011f\u0131 b\u00fct\u00e7esi \u00fczerine g\u00f6r\u00fc\u015fme s\u00fcr\u00fcyor -","isPartOf":{"@id":"https:\/\/kibrisdakik.com\/#website"},"primaryImageOfPage":{"@id":"https:\/\/kibrisdakik.com\/?p=71854#primaryimage"},"image":{"@id":"https:\/\/kibrisdakik.com\/?p=71854#primaryimage"},"thumbnailUrl":"https:\/\/kibrisdakik.com\/wp-content\/uploads\/2024\/12\/a1-740x420.jpg","datePublished":"2024-12-18T18:23:35+00:00","breadcrumb":{"@id":"https:\/\/kibrisdakik.com\/?p=71854#breadcrumb"},"inLanguage":"tr","potentialAction":[{"@type":"ReadAction","target":["https:\/\/kibrisdakik.com\/?p=71854"]}]},{"@type":"ImageObject","inLanguage":"tr","@id":"https:\/\/kibrisdakik.com\/?p=71854#primaryimage","url":"https:\/\/kibrisdakik.com\/wp-content\/uploads\/2024\/12\/a1-740x420.jpg","contentUrl":"https:\/\/kibrisdakik.com\/wp-content\/uploads\/2024\/12\/a1-740x420.jpg","width":1600,"height":1066},{"@type":"BreadcrumbList","@id":"https:\/\/kibrisdakik.com\/?p=71854#breadcrumb","itemListElement":[{"@type":"ListItem","position":1,"name":"Home","item":"https:\/\/kibrisdakik.com\/"},{"@type":"ListItem","position":2,"name":"Meclis\u2019te Sa\u011fl\u0131k Bakanl\u0131\u011f\u0131 b\u00fct\u00e7esi \u00fczerine g\u00f6r\u00fc\u015fme s\u00fcr\u00fcyor"}]},{"@type":"WebSite","@id":"https:\/\/kibrisdakik.com\/#website","url":"https:\/\/kibrisdakik.com\/","name":"K\u0131br\u0131s Dakik","description":"Tam vaktinde haber","publisher":{"@id":"https:\/\/kibrisdakik.com\/#organization"},"potentialAction":[{"@type":"SearchAction","target":{"@type":"EntryPoint","urlTemplate":"https:\/\/kibrisdakik.com\/?s={search_term_string}"},"query-input":{"@type":"PropertyValueSpecification","valueRequired":true,"valueName":"search_term_string"}}],"inLanguage":"tr"},{"@type":"Organization","@id":"https:\/\/kibrisdakik.com\/#organization","name":"K\u0131br\u0131s Dakik","url":"https:\/\/kibrisdakik.com\/","logo":{"@type":"ImageObject","inLanguage":"tr","@id":"https:\/\/kibrisdakik.com\/#\/schema\/logo\/image\/","url":"https:\/\/kibrisdakik.com\/wp-content\/uploads\/2025\/10\/cropped-WhatsApp-Image-2025-10-02-at-12.58.31.jpeg","contentUrl":"https:\/\/kibrisdakik.com\/wp-content\/uploads\/2025\/10\/cropped-WhatsApp-Image-2025-10-02-at-12.58.31.jpeg","width":1237,"height":190,"caption":"K\u0131br\u0131s Dakik"},"image":{"@id":"https:\/\/kibrisdakik.com\/#\/schema\/logo\/image\/"}},{"@type":"Person","@id":"https:\/\/kibrisdakik.com\/#\/schema\/person\/9cd9d437bbb44f72b73ba127e06d8e79","name":"admin","image":{"@type":"ImageObject","inLanguage":"tr","@id":"https:\/\/secure.gravatar.com\/avatar\/ccc17943b9d660506c869530f897617f7cb1c21a4bf30023f252596d83e1f007?s=96&d=mm&r=g","url":"https:\/\/secure.gravatar.com\/avatar\/ccc17943b9d660506c869530f897617f7cb1c21a4bf30023f252596d83e1f007?s=96&d=mm&r=g","contentUrl":"https:\/\/secure.gravatar.com\/avatar\/ccc17943b9d660506c869530f897617f7cb1c21a4bf30023f252596d83e1f007?s=96&d=mm&r=g","caption":"admin"},"sameAs":["https:\/\/kibrisdakik.com"],"url":"https:\/\/kibrisdakik.com\/?author=1"}]}},"_links":{"self":[{"href":"https:\/\/kibrisdakik.com\/index.php?rest_route=\/wp\/v2\/posts\/71854","targetHints":{"allow":["GET"]}}],"collection":[{"href":"https:\/\/kibrisdakik.com\/index.php?rest_route=\/wp\/v2\/posts"}],"about":[{"href":"https:\/\/kibrisdakik.com\/index.php?rest_route=\/wp\/v2\/types\/post"}],"author":[{"embeddable":true,"href":"https:\/\/kibrisdakik.com\/index.php?rest_route=\/wp\/v2\/users\/1"}],"replies":[{"embeddable":true,"href":"https:\/\/kibrisdakik.com\/index.php?rest_route=%2Fwp%2Fv2%2Fcomments&post=71854"}],"version-history":[{"count":0,"href":"https:\/\/kibrisdakik.com\/index.php?rest_route=\/wp\/v2\/posts\/71854\/revisions"}],"wp:featuredmedia":[{"embeddable":true,"href":"https:\/\/kibrisdakik.com\/index.php?rest_route=\/wp\/v2\/media\/71855"}],"wp:attachment":[{"href":"https:\/\/kibrisdakik.com\/index.php?rest_route=%2Fwp%2Fv2%2Fmedia&parent=71854"}],"wp:term":[{"taxonomy":"category","embeddable":true,"href":"https:\/\/kibrisdakik.com\/index.php?rest_route=%2Fwp%2Fv2%2Fcategories&post=71854"},{"taxonomy":"post_tag","embeddable":true,"href":"https:\/\/kibrisdakik.com\/index.php?rest_route=%2Fwp%2Fv2%2Ftags&post=71854"}],"curies":[{"name":"wp","href":"https:\/\/api.w.org\/{rel}","templated":true}]}}