{"id":71858,"date":"2024-12-18T15:04:31","date_gmt":"2024-12-18T12:04:31","guid":{"rendered":"https:\/\/kibrisdakik.com\/index.php\/2024\/12\/18\/israil-basinina-gore-netanyahu-suriyedeki-isgalin-2025-sonuna-kadar-surdurulmesi-emri-verdi\/"},"modified":"2024-12-18T15:04:31","modified_gmt":"2024-12-18T12:04:31","slug":"israil-basinina-gore-netanyahu-suriyedeki-isgalin-2025-sonuna-kadar-surdurulmesi-emri-verdi","status":"publish","type":"post","link":"https:\/\/kibrisdakik.com\/?p=71858","title":{"rendered":"\u0130srail bas\u0131n\u0131na g\u00f6re, Netanyahu Suriye\u2019deki i\u015fgalin 2025 sonuna kadar s\u00fcrd\u00fcr\u00fclmesi emri verdi"},"content":{"rendered":"<p><\/p>\n<div>\n<div class=\"mariselle-image-container center\">\n                <img loading=\"lazy\" decoding=\"async\" width=\"864\" height=\"486\" class=\"lazy-image\" alt=\"\" sizes=\"auto, (max-width: 864px) 100vw, 864px\" src=\"https:\/\/brtk.net\/wp-content\/uploads\/2024\/12\/18\/1734517579721israil.jpg?ver=4353ffbfebdc1cd31f4c001ef2f00388\" srcset=\"https:\/\/brtk.net\/wp-content\/uploads\/2024\/12\/18\/1734517579721israil.jpg?ver=4353ffbfebdc1cd31f4c001ef2f00388 864w, https:\/\/brtk.net\/wp-content\/uploads\/2024\/12\/18\/1734517579721israil-300x169.jpg?ver=baa2e7c3886bb03c0c15458222b4d07a 300w, https:\/\/brtk.net\/wp-content\/uploads\/2024\/12\/18\/1734517579721israil-768x432.jpg?ver=baa2e7c3886bb03c0c15458222b4d07a 768w\"\/>                            <\/div>\n<p>Kanal 12 televizyonunda yer alan haberde, Netanyahu\u2019nun d\u00fcn gitti\u011fi Hermon Da\u011f\u0131\u2019ndaki tampon b\u00f6lgede \u0130srail ordusuna baz\u0131 talimatlar verdi\u011fi belirtildi. <\/p>\n<p>Netanyahu\u2019nun orduya Hermon Da\u011f\u0131\u2019ndaki tampon b\u00f6lgede i\u015fgalin 2025 sonuna kadar s\u00fcrd\u00fcr\u00fclmesi talimat\u0131 verdi\u011fi ifade edildi. <\/p>\n<p>\u0130srail Ba\u015fbakan\u0131, d\u00fcn Savunma Bakan\u0131 Yisrael Katz ve Genelkurmay Ba\u015fkan\u0131 Herzi Halevi\u2019yle birlikte 7 Aral\u0131k sonras\u0131 i\u015fgal edilen Hermon Da\u011f\u0131\u2019ndaki tampon b\u00f6lgeye gitmi\u015fti. <\/p>\n<p>Ba\u015fbakanl\u0131k Bas\u0131n Ofisinden yap\u0131lan a\u00e7\u0131klamada, Netanyahu\u2019nun burada \u0130srail ordusunun Hermon Da\u011f\u0131\u2019nda tampon b\u00f6lgedeki i\u015fgalinin \u201cgelece\u011fine y\u00f6nelik y\u00f6nergeleri belirledi\u011fi\u201d belirtilmi\u015f ancak detay verilmemi\u015fti.<\/p>\n<p>Netanyahu, Hermon Da\u011f\u0131\u2019ndaki tampon b\u00f6lgede yapt\u0131\u011f\u0131 a\u00e7\u0131klamada, buradaki i\u015fgalin \u201c\u0130srail\u2019in g\u00fcvenli\u011fini sa\u011flayacak d\u00fczenleme bulunana kadar\u201d s\u00fcrece\u011fini belirtmi\u015fti.<\/p>\n<\/p><\/div>\n<p><script async\n                    defer\n                    crossorigin=\"anonymous\"\n                    src=\"https:\/\/connect.facebook.net\/tr_TR\/sdk.js#xfbml=1&#038;version=v3.3\"\n            ><\/script><\/p>\n","protected":false},"excerpt":{"rendered":"<p>Kanal 12 televizyonunda yer alan haberde, Netanyahu\u2019nun d\u00fcn gitti\u011fi Hermon Da\u011f\u0131\u2019ndaki tampon b\u00f6lgede \u0130srail ordusuna baz\u0131 talimatlar verdi\u011fi belirtildi. Netanyahu\u2019nun orduya Hermon Da\u011f\u0131\u2019ndaki tampon b\u00f6lgede i\u015fgalin 2025 sonuna kadar s\u00fcrd\u00fcr\u00fclmesi talimat\u0131 verdi\u011fi ifade edildi. \u0130srail Ba\u015fbakan\u0131, d\u00fcn Savunma Bakan\u0131 Yisrael Katz ve Genelkurmay Ba\u015fkan\u0131 Herzi Halevi\u2019yle birlikte 7 Aral\u0131k sonras\u0131 i\u015fgal edilen Hermon Da\u011f\u0131\u2019ndaki tampon<\/p>\n","protected":false},"author":1,"featured_media":71859,"comment_status":"open","ping_status":"open","sticky":false,"template":"","format":"standard","meta":{"footnotes":""},"categories":[1],"tags":[],"class_list":["post-71858","post","type-post","status-publish","format-standard","has-post-thumbnail","hentry","category-gundem"],"yoast_head":"<!-- This site is optimized with the Yoast SEO plugin v27.5 - https:\/\/yoast.com\/product\/yoast-seo-wordpress\/ -->\n<title>\u0130srail bas\u0131n\u0131na g\u00f6re, Netanyahu Suriye\u2019deki i\u015fgalin 2025 sonuna kadar s\u00fcrd\u00fcr\u00fclmesi emri verdi -<\/title>\n<meta name=\"robots\" content=\"index, follow, max-snippet:-1, max-image-preview:large, max-video-preview:-1\" \/>\n<link rel=\"canonical\" href=\"https:\/\/kibrisdakik.com\/?p=71858\" \/>\n<meta property=\"og:locale\" content=\"tr_TR\" \/>\n<meta property=\"og:type\" content=\"article\" \/>\n<meta property=\"og:title\" content=\"\u0130srail bas\u0131n\u0131na g\u00f6re, Netanyahu Suriye\u2019deki i\u015fgalin 2025 sonuna kadar s\u00fcrd\u00fcr\u00fclmesi emri verdi -\" \/>\n<meta property=\"og:description\" content=\"Kanal 12 televizyonunda yer alan haberde, Netanyahu\u2019nun d\u00fcn gitti\u011fi Hermon Da\u011f\u0131\u2019ndaki tampon b\u00f6lgede \u0130srail ordusuna baz\u0131 talimatlar verdi\u011fi belirtildi. Netanyahu\u2019nun orduya Hermon Da\u011f\u0131\u2019ndaki tampon b\u00f6lgede i\u015fgalin 2025 sonuna kadar s\u00fcrd\u00fcr\u00fclmesi talimat\u0131 verdi\u011fi ifade edildi. \u0130srail Ba\u015fbakan\u0131, d\u00fcn Savunma Bakan\u0131 Yisrael Katz ve Genelkurmay Ba\u015fkan\u0131 Herzi Halevi\u2019yle birlikte 7 Aral\u0131k sonras\u0131 i\u015fgal edilen Hermon Da\u011f\u0131\u2019ndaki tampon\" \/>\n<meta property=\"og:url\" content=\"https:\/\/kibrisdakik.com\/?p=71858\" \/>\n<meta property=\"article:published_time\" content=\"2024-12-18T12:04:31+00:00\" \/>\n<meta property=\"og:image\" content=\"https:\/\/kibrisdakik.com\/wp-content\/uploads\/2024\/12\/1734517579721israil-740x420.jpg\" \/>\n\t<meta property=\"og:image:width\" content=\"864\" \/>\n\t<meta property=\"og:image:height\" content=\"486\" \/>\n\t<meta property=\"og:image:type\" content=\"image\/jpeg\" \/>\n<meta name=\"author\" content=\"admin\" \/>\n<meta name=\"twitter:card\" content=\"summary_large_image\" \/>\n<meta name=\"twitter:label1\" content=\"Yazan:\" \/>\n\t<meta name=\"twitter:data1\" content=\"admin\" \/>\n\t<meta name=\"twitter:label2\" content=\"Tahmini okuma s\u00fcresi\" \/>\n\t<meta name=\"twitter:data2\" content=\"1 dakika\" \/>\n<script type=\"application\/ld+json\" class=\"yoast-schema-graph\">{\"@context\":\"https:\\\/\\\/schema.org\",\"@graph\":[{\"@type\":\"Article\",\"@id\":\"https:\\\/\\\/kibrisdakik.com\\\/?p=71858#article\",\"isPartOf\":{\"@id\":\"https:\\\/\\\/kibrisdakik.com\\\/?p=71858\"},\"author\":{\"name\":\"admin\",\"@id\":\"https:\\\/\\\/kibrisdakik.com\\\/#\\\/schema\\\/person\\\/9cd9d437bbb44f72b73ba127e06d8e79\"},\"headline\":\"\u0130srail bas\u0131n\u0131na g\u00f6re, Netanyahu Suriye\u2019deki i\u015fgalin 2025 sonuna kadar s\u00fcrd\u00fcr\u00fclmesi emri verdi\",\"datePublished\":\"2024-12-18T12:04:31+00:00\",\"mainEntityOfPage\":{\"@id\":\"https:\\\/\\\/kibrisdakik.com\\\/?p=71858\"},\"wordCount\":161,\"commentCount\":0,\"image\":{\"@id\":\"https:\\\/\\\/kibrisdakik.com\\\/?p=71858#primaryimage\"},\"thumbnailUrl\":\"https:\\\/\\\/kibrisdakik.com\\\/wp-content\\\/uploads\\\/2024\\\/12\\\/1734517579721israil-740x420.jpg\",\"articleSection\":[\"G\u00fcndem\"],\"inLanguage\":\"tr\",\"potentialAction\":[{\"@type\":\"CommentAction\",\"name\":\"Comment\",\"target\":[\"https:\\\/\\\/kibrisdakik.com\\\/?p=71858#respond\"]}]},{\"@type\":\"WebPage\",\"@id\":\"https:\\\/\\\/kibrisdakik.com\\\/?p=71858\",\"url\":\"https:\\\/\\\/kibrisdakik.com\\\/?p=71858\",\"name\":\"\u0130srail bas\u0131n\u0131na g\u00f6re, Netanyahu Suriye\u2019deki i\u015fgalin 2025 sonuna kadar s\u00fcrd\u00fcr\u00fclmesi emri verdi -\",\"isPartOf\":{\"@id\":\"https:\\\/\\\/kibrisdakik.com\\\/#website\"},\"primaryImageOfPage\":{\"@id\":\"https:\\\/\\\/kibrisdakik.com\\\/?p=71858#primaryimage\"},\"image\":{\"@id\":\"https:\\\/\\\/kibrisdakik.com\\\/?p=71858#primaryimage\"},\"thumbnailUrl\":\"https:\\\/\\\/kibrisdakik.com\\\/wp-content\\\/uploads\\\/2024\\\/12\\\/1734517579721israil-740x420.jpg\",\"datePublished\":\"2024-12-18T12:04:31+00:00\",\"author\":{\"@id\":\"https:\\\/\\\/kibrisdakik.com\\\/#\\\/schema\\\/person\\\/9cd9d437bbb44f72b73ba127e06d8e79\"},\"breadcrumb\":{\"@id\":\"https:\\\/\\\/kibrisdakik.com\\\/?p=71858#breadcrumb\"},\"inLanguage\":\"tr\",\"potentialAction\":[{\"@type\":\"ReadAction\",\"target\":[\"https:\\\/\\\/kibrisdakik.com\\\/?p=71858\"]}]},{\"@type\":\"ImageObject\",\"inLanguage\":\"tr\",\"@id\":\"https:\\\/\\\/kibrisdakik.com\\\/?p=71858#primaryimage\",\"url\":\"https:\\\/\\\/kibrisdakik.com\\\/wp-content\\\/uploads\\\/2024\\\/12\\\/1734517579721israil-740x420.jpg\",\"contentUrl\":\"https:\\\/\\\/kibrisdakik.com\\\/wp-content\\\/uploads\\\/2024\\\/12\\\/1734517579721israil-740x420.jpg\",\"width\":864,\"height\":486},{\"@type\":\"BreadcrumbList\",\"@id\":\"https:\\\/\\\/kibrisdakik.com\\\/?p=71858#breadcrumb\",\"itemListElement\":[{\"@type\":\"ListItem\",\"position\":1,\"name\":\"Home\",\"item\":\"https:\\\/\\\/kibrisdakik.com\\\/\"},{\"@type\":\"ListItem\",\"position\":2,\"name\":\"\u0130srail bas\u0131n\u0131na g\u00f6re, Netanyahu Suriye\u2019deki i\u015fgalin 2025 sonuna kadar s\u00fcrd\u00fcr\u00fclmesi emri verdi\"}]},{\"@type\":\"WebSite\",\"@id\":\"https:\\\/\\\/kibrisdakik.com\\\/#website\",\"url\":\"https:\\\/\\\/kibrisdakik.com\\\/\",\"name\":\"\",\"description\":\"Tam vaktinde haber\",\"potentialAction\":[{\"@type\":\"SearchAction\",\"target\":{\"@type\":\"EntryPoint\",\"urlTemplate\":\"https:\\\/\\\/kibrisdakik.com\\\/?s={search_term_string}\"},\"query-input\":{\"@type\":\"PropertyValueSpecification\",\"valueRequired\":true,\"valueName\":\"search_term_string\"}}],\"inLanguage\":\"tr\"},{\"@type\":\"Person\",\"@id\":\"https:\\\/\\\/kibrisdakik.com\\\/#\\\/schema\\\/person\\\/9cd9d437bbb44f72b73ba127e06d8e79\",\"name\":\"admin\",\"image\":{\"@type\":\"ImageObject\",\"inLanguage\":\"tr\",\"@id\":\"https:\\\/\\\/secure.gravatar.com\\\/avatar\\\/ccc17943b9d660506c869530f897617f7cb1c21a4bf30023f252596d83e1f007?s=96&d=mm&r=g\",\"url\":\"https:\\\/\\\/secure.gravatar.com\\\/avatar\\\/ccc17943b9d660506c869530f897617f7cb1c21a4bf30023f252596d83e1f007?s=96&d=mm&r=g\",\"contentUrl\":\"https:\\\/\\\/secure.gravatar.com\\\/avatar\\\/ccc17943b9d660506c869530f897617f7cb1c21a4bf30023f252596d83e1f007?s=96&d=mm&r=g\",\"caption\":\"admin\"},\"sameAs\":[\"https:\\\/\\\/kibrisdakik.com\"],\"url\":\"https:\\\/\\\/kibrisdakik.com\\\/?author=1\"}]}<\/script>\n<!-- \/ Yoast SEO plugin. -->","yoast_head_json":{"title":"\u0130srail bas\u0131n\u0131na g\u00f6re, Netanyahu Suriye\u2019deki i\u015fgalin 2025 sonuna kadar s\u00fcrd\u00fcr\u00fclmesi emri verdi -","robots":{"index":"index","follow":"follow","max-snippet":"max-snippet:-1","max-image-preview":"max-image-preview:large","max-video-preview":"max-video-preview:-1"},"canonical":"https:\/\/kibrisdakik.com\/?p=71858","og_locale":"tr_TR","og_type":"article","og_title":"\u0130srail bas\u0131n\u0131na g\u00f6re, Netanyahu Suriye\u2019deki i\u015fgalin 2025 sonuna kadar s\u00fcrd\u00fcr\u00fclmesi emri verdi -","og_description":"Kanal 12 televizyonunda yer alan haberde, Netanyahu\u2019nun d\u00fcn gitti\u011fi Hermon Da\u011f\u0131\u2019ndaki tampon b\u00f6lgede \u0130srail ordusuna baz\u0131 talimatlar verdi\u011fi belirtildi. Netanyahu\u2019nun orduya Hermon Da\u011f\u0131\u2019ndaki tampon b\u00f6lgede i\u015fgalin 2025 sonuna kadar s\u00fcrd\u00fcr\u00fclmesi talimat\u0131 verdi\u011fi ifade edildi. \u0130srail Ba\u015fbakan\u0131, d\u00fcn Savunma Bakan\u0131 Yisrael Katz ve Genelkurmay Ba\u015fkan\u0131 Herzi Halevi\u2019yle birlikte 7 Aral\u0131k sonras\u0131 i\u015fgal edilen Hermon Da\u011f\u0131\u2019ndaki tampon","og_url":"https:\/\/kibrisdakik.com\/?p=71858","article_published_time":"2024-12-18T12:04:31+00:00","og_image":[{"width":864,"height":486,"url":"https:\/\/kibrisdakik.com\/wp-content\/uploads\/2024\/12\/1734517579721israil-740x420.jpg","type":"image\/jpeg"}],"author":"admin","twitter_card":"summary_large_image","twitter_misc":{"Yazan:":"admin","Tahmini okuma s\u00fcresi":"1 dakika"},"schema":{"@context":"https:\/\/schema.org","@graph":[{"@type":"Article","@id":"https:\/\/kibrisdakik.com\/?p=71858#article","isPartOf":{"@id":"https:\/\/kibrisdakik.com\/?p=71858"},"author":{"name":"admin","@id":"https:\/\/kibrisdakik.com\/#\/schema\/person\/9cd9d437bbb44f72b73ba127e06d8e79"},"headline":"\u0130srail bas\u0131n\u0131na g\u00f6re, Netanyahu Suriye\u2019deki i\u015fgalin 2025 sonuna kadar s\u00fcrd\u00fcr\u00fclmesi emri verdi","datePublished":"2024-12-18T12:04:31+00:00","mainEntityOfPage":{"@id":"https:\/\/kibrisdakik.com\/?p=71858"},"wordCount":161,"commentCount":0,"image":{"@id":"https:\/\/kibrisdakik.com\/?p=71858#primaryimage"},"thumbnailUrl":"https:\/\/kibrisdakik.com\/wp-content\/uploads\/2024\/12\/1734517579721israil-740x420.jpg","articleSection":["G\u00fcndem"],"inLanguage":"tr","potentialAction":[{"@type":"CommentAction","name":"Comment","target":["https:\/\/kibrisdakik.com\/?p=71858#respond"]}]},{"@type":"WebPage","@id":"https:\/\/kibrisdakik.com\/?p=71858","url":"https:\/\/kibrisdakik.com\/?p=71858","name":"\u0130srail bas\u0131n\u0131na g\u00f6re, Netanyahu Suriye\u2019deki i\u015fgalin 2025 sonuna kadar s\u00fcrd\u00fcr\u00fclmesi emri verdi -","isPartOf":{"@id":"https:\/\/kibrisdakik.com\/#website"},"primaryImageOfPage":{"@id":"https:\/\/kibrisdakik.com\/?p=71858#primaryimage"},"image":{"@id":"https:\/\/kibrisdakik.com\/?p=71858#primaryimage"},"thumbnailUrl":"https:\/\/kibrisdakik.com\/wp-content\/uploads\/2024\/12\/1734517579721israil-740x420.jpg","datePublished":"2024-12-18T12:04:31+00:00","author":{"@id":"https:\/\/kibrisdakik.com\/#\/schema\/person\/9cd9d437bbb44f72b73ba127e06d8e79"},"breadcrumb":{"@id":"https:\/\/kibrisdakik.com\/?p=71858#breadcrumb"},"inLanguage":"tr","potentialAction":[{"@type":"ReadAction","target":["https:\/\/kibrisdakik.com\/?p=71858"]}]},{"@type":"ImageObject","inLanguage":"tr","@id":"https:\/\/kibrisdakik.com\/?p=71858#primaryimage","url":"https:\/\/kibrisdakik.com\/wp-content\/uploads\/2024\/12\/1734517579721israil-740x420.jpg","contentUrl":"https:\/\/kibrisdakik.com\/wp-content\/uploads\/2024\/12\/1734517579721israil-740x420.jpg","width":864,"height":486},{"@type":"BreadcrumbList","@id":"https:\/\/kibrisdakik.com\/?p=71858#breadcrumb","itemListElement":[{"@type":"ListItem","position":1,"name":"Home","item":"https:\/\/kibrisdakik.com\/"},{"@type":"ListItem","position":2,"name":"\u0130srail bas\u0131n\u0131na g\u00f6re, Netanyahu Suriye\u2019deki i\u015fgalin 2025 sonuna kadar s\u00fcrd\u00fcr\u00fclmesi emri verdi"}]},{"@type":"WebSite","@id":"https:\/\/kibrisdakik.com\/#website","url":"https:\/\/kibrisdakik.com\/","name":"","description":"Tam vaktinde haber","potentialAction":[{"@type":"SearchAction","target":{"@type":"EntryPoint","urlTemplate":"https:\/\/kibrisdakik.com\/?s={search_term_string}"},"query-input":{"@type":"PropertyValueSpecification","valueRequired":true,"valueName":"search_term_string"}}],"inLanguage":"tr"},{"@type":"Person","@id":"https:\/\/kibrisdakik.com\/#\/schema\/person\/9cd9d437bbb44f72b73ba127e06d8e79","name":"admin","image":{"@type":"ImageObject","inLanguage":"tr","@id":"https:\/\/secure.gravatar.com\/avatar\/ccc17943b9d660506c869530f897617f7cb1c21a4bf30023f252596d83e1f007?s=96&d=mm&r=g","url":"https:\/\/secure.gravatar.com\/avatar\/ccc17943b9d660506c869530f897617f7cb1c21a4bf30023f252596d83e1f007?s=96&d=mm&r=g","contentUrl":"https:\/\/secure.gravatar.com\/avatar\/ccc17943b9d660506c869530f897617f7cb1c21a4bf30023f252596d83e1f007?s=96&d=mm&r=g","caption":"admin"},"sameAs":["https:\/\/kibrisdakik.com"],"url":"https:\/\/kibrisdakik.com\/?author=1"}]}},"_links":{"self":[{"href":"https:\/\/kibrisdakik.com\/index.php?rest_route=\/wp\/v2\/posts\/71858","targetHints":{"allow":["GET"]}}],"collection":[{"href":"https:\/\/kibrisdakik.com\/index.php?rest_route=\/wp\/v2\/posts"}],"about":[{"href":"https:\/\/kibrisdakik.com\/index.php?rest_route=\/wp\/v2\/types\/post"}],"author":[{"embeddable":true,"href":"https:\/\/kibrisdakik.com\/index.php?rest_route=\/wp\/v2\/users\/1"}],"replies":[{"embeddable":true,"href":"https:\/\/kibrisdakik.com\/index.php?rest_route=%2Fwp%2Fv2%2Fcomments&post=71858"}],"version-history":[{"count":0,"href":"https:\/\/kibrisdakik.com\/index.php?rest_route=\/wp\/v2\/posts\/71858\/revisions"}],"wp:featuredmedia":[{"embeddable":true,"href":"https:\/\/kibrisdakik.com\/index.php?rest_route=\/wp\/v2\/media\/71859"}],"wp:attachment":[{"href":"https:\/\/kibrisdakik.com\/index.php?rest_route=%2Fwp%2Fv2%2Fmedia&parent=71858"}],"wp:term":[{"taxonomy":"category","embeddable":true,"href":"https:\/\/kibrisdakik.com\/index.php?rest_route=%2Fwp%2Fv2%2Fcategories&post=71858"},{"taxonomy":"post_tag","embeddable":true,"href":"https:\/\/kibrisdakik.com\/index.php?rest_route=%2Fwp%2Fv2%2Ftags&post=71858"}],"curies":[{"name":"wp","href":"https:\/\/api.w.org\/{rel}","templated":true}]}}