{"id":7191,"date":"2023-05-18T18:05:36","date_gmt":"2023-05-18T18:05:36","guid":{"rendered":"https:\/\/kibrisdakik.com\/index.php\/2023\/05\/18\/19-mayis-ataturku-anma-genclik-ve-spor-bayrami-nedeniyle-maliye-bakani-san-mesaj-yayimladi\/"},"modified":"2023-05-18T18:05:36","modified_gmt":"2023-05-18T18:05:36","slug":"19-mayis-ataturku-anma-genclik-ve-spor-bayrami-nedeniyle-maliye-bakani-san-mesaj-yayimladi","status":"publish","type":"post","link":"https:\/\/kibrisdakik.com\/?p=7191","title":{"rendered":"19 May\u0131s Atat\u00fcrk\u2019\u00fc Anma, Gen\u00e7lik ve Spor Bayram\u0131 nedeniyle Maliye Bakan\u0131 \u015ean mesaj yay\u0131mlad\u0131"},"content":{"rendered":"<p><\/p>\n<div>\n<div class=\"mariselle-image-container center\">\n                <img width=\"1024\" height=\"692\" class=\"lazy-image\" alt=\"\" decoding=\"async\" loading=\"lazy\" sizes=\"auto, (max-width: 1024px) 100vw, 1024px\" src=\"https:\/\/brtk.net\/wp-content\/uploads\/2023\/05\/18\/alisan-san7.jpg?ver=5a37083e27789eaca976d14355d3438b\" srcset=\"https:\/\/brtk.net\/wp-content\/uploads\/2023\/05\/18\/alisan-san7.jpg?ver=5a37083e27789eaca976d14355d3438b 1024w, https:\/\/brtk.net\/wp-content\/uploads\/2023\/05\/18\/alisan-san7-300x203.jpg?ver=e15e9734cfe3b756a2e56466df49b0d7 300w, https:\/\/brtk.net\/wp-content\/uploads\/2023\/05\/18\/alisan-san7-768x519.jpg?ver=e15e9734cfe3b756a2e56466df49b0d7 768w\"\/>                            <\/div>\n<p>Maliye Bakan\u0131 Ali\u015fan \u015ean, T\u00fcrkiye\u2019de ya\u015fanan deprem felaketi nedeniyle \u201819 May\u0131s Atat\u00fcrk\u2019\u00fc Anma, Gen\u00e7lik ve Spor Bayram\u0131\u2019n\u0131n da buruk ya\u015fand\u0131\u011f\u0131n\u0131 ifade ederek, \u015fubat ay\u0131nda meydana gelen depremlerde hayat\u0131n\u0131 kaybedenlerin, \u015eampiyon Meleklerin eksikli\u011finin y\u00fcrekten hissedildi\u011fi s\u00f6yledi.<\/p>\n<p>Maliye Bakan\u0131 Ali\u015fan \u015ean, \u201819 May\u0131s Atat\u00fcrk\u2019\u00fc Anma, Gen\u00e7lik ve Spor Bayram\u0131\u2019 dolay\u0131s\u0131yla mesaj yay\u0131mlad\u0131.<\/p>\n<p>\u015ean mesaj\u0131nda \u015funlar\u0131 kaydetti;<\/p>\n<p>\u201c19 May\u0131s 1919, T\u00fcrk Milletinin, istiklal ve istikbaline her ko\u015fulda sahip \u00e7\u0131kaca\u011f\u0131n\u0131 t\u00fcm d\u00fcnyaya ilan etti\u011fi, muazzam ve destans\u0131 bir uyan\u0131\u015f\u0131n tarihidir.<\/p>\n<p>104 y\u0131l \u00f6nce bug\u00fcn, Gazi Mustafa Kemal Atat\u00fcrk ve silah arkada\u015flar\u0131, Samsun\u2019a \u00e7\u0131karak Milli M\u00fccadele ate\u015fini yakm\u0131\u015f, cesaret, inan\u00e7, kararl\u0131l\u0131k ve verilen o e\u015fsiz m\u00fccadele, T\u00fcrkiye Cumhuriyeti\u2019nin kurulu\u015fuyla ta\u00e7lanm\u0131\u015ft\u0131r. Gazi Mustafa Kemal Atat\u00fcrk, bu \u015fanl\u0131 tarihi, daima g\u00fcvendi\u011fi ve inand\u0131\u011f\u0131 T\u00fcrk gen\u00e7li\u011fine bayram olarak arma\u011fan etmi\u015ftir.<\/p>\n<p>Sevgili Gen\u00e7ler!<\/p>\n<p>Aziz \u015eehitlerimizin canlar\u0131 pahas\u0131na savunduklar\u0131 Vatan topraklar\u0131 sizlere emanet. Bu de\u011ferli emaneti sonsuza kadar korumak ve gelecek nesillere en iyi \u015fekilde b\u0131rakmak i\u00e7in \u00f6zveriyle \u00e7al\u0131\u015faca\u011f\u0131n\u0131za y\u00fcrekten inan\u0131yorum.<\/p>\n<p>Ancak bu bayramda da buru\u011fuz. Anavatan T\u00fcrkiye Cumhuriyeti\u2019nde \u015eubat ay\u0131nda meydana gelen asr\u0131n felaketi depremlerde hayat\u0131n\u0131 kaybeden vatanda\u015flar\u0131m\u0131z\u0131n, ba\u015far\u0131l\u0131 sporcular\u0131m\u0131z \u015eampiyon Meleklerimizin eksikli\u011fini y\u00fcrekten hissediyoruz. Sizleri asla unutmayaca\u011f\u0131z.<\/p>\n<p>Bu duygu ve d\u00fc\u015f\u00fcncelerle, Gazi Mustafa Kemal Atat\u00fcrk ba\u015fta olmak \u00fczere; silah arkada\u015flar\u0131n\u0131, Aziz \u015eehitlerimizi, Kahraman Gazilerimizi, depremde hayat\u0131n\u0131 kaybeden vatanda\u015flar\u0131m\u0131z\u0131, \u015eampiyon Meleklerimizi \u00f6zlem, rahmet ve sayg\u0131yla an\u0131yor, b\u00f6ylesi anlaml\u0131 bir g\u00fcnde ba\u015fta gen\u00e7lerimiz olmak \u00fczere, t\u00fcm Milletimizin Bayram\u0131n\u0131 en i\u00e7ten duygular\u0131mla kutluyorum.\u201d<\/p>\n<\/p><\/div>\n<p><script async\n                    defer\n                    crossorigin=\"anonymous\"\n                    src=\"https:\/\/connect.facebook.net\/tr_TR\/sdk.js#xfbml=1&#038;version=v3.3\"\n            ><\/script><\/p>\n","protected":false},"excerpt":{"rendered":"<p>Maliye Bakan\u0131 Ali\u015fan \u015ean, T\u00fcrkiye\u2019de ya\u015fanan deprem felaketi nedeniyle \u201819 May\u0131s Atat\u00fcrk\u2019\u00fc Anma, Gen\u00e7lik ve Spor Bayram\u0131\u2019n\u0131n da buruk ya\u015fand\u0131\u011f\u0131n\u0131 ifade ederek, \u015fubat ay\u0131nda meydana gelen depremlerde hayat\u0131n\u0131 kaybedenlerin, \u015eampiyon Meleklerin eksikli\u011finin y\u00fcrekten hissedildi\u011fi s\u00f6yledi. Maliye Bakan\u0131 Ali\u015fan \u015ean, \u201819 May\u0131s Atat\u00fcrk\u2019\u00fc Anma, Gen\u00e7lik ve Spor Bayram\u0131\u2019 dolay\u0131s\u0131yla mesaj yay\u0131mlad\u0131. \u015ean mesaj\u0131nda \u015funlar\u0131 kaydetti; \u201c19<\/p>\n","protected":false},"author":1,"featured_media":7192,"comment_status":"open","ping_status":"open","sticky":false,"template":"","format":"standard","meta":{"footnotes":""},"categories":[1],"tags":[],"class_list":["post-7191","post","type-post","status-publish","format-standard","has-post-thumbnail","hentry","category-gundem"],"yoast_head":"<!-- This site is optimized with the Yoast SEO plugin v27.4 - https:\/\/yoast.com\/product\/yoast-seo-wordpress\/ -->\n<title>19 May\u0131s Atat\u00fcrk\u2019\u00fc Anma, Gen\u00e7lik ve Spor Bayram\u0131 nedeniyle Maliye Bakan\u0131 \u015ean mesaj yay\u0131mlad\u0131 -<\/title>\n<meta name=\"robots\" content=\"index, follow, max-snippet:-1, max-image-preview:large, max-video-preview:-1\" \/>\n<link rel=\"canonical\" href=\"https:\/\/kibrisdakik.com\/?p=7191\" \/>\n<meta property=\"og:locale\" content=\"tr_TR\" \/>\n<meta property=\"og:type\" content=\"article\" \/>\n<meta property=\"og:title\" content=\"19 May\u0131s Atat\u00fcrk\u2019\u00fc Anma, Gen\u00e7lik ve Spor Bayram\u0131 nedeniyle Maliye Bakan\u0131 \u015ean mesaj yay\u0131mlad\u0131 -\" \/>\n<meta property=\"og:description\" content=\"Maliye Bakan\u0131 Ali\u015fan \u015ean, T\u00fcrkiye\u2019de ya\u015fanan deprem felaketi nedeniyle \u201819 May\u0131s Atat\u00fcrk\u2019\u00fc Anma, Gen\u00e7lik ve Spor Bayram\u0131\u2019n\u0131n da buruk ya\u015fand\u0131\u011f\u0131n\u0131 ifade ederek, \u015fubat ay\u0131nda meydana gelen depremlerde hayat\u0131n\u0131 kaybedenlerin, \u015eampiyon Meleklerin eksikli\u011finin y\u00fcrekten hissedildi\u011fi s\u00f6yledi. Maliye Bakan\u0131 Ali\u015fan \u015ean, \u201819 May\u0131s Atat\u00fcrk\u2019\u00fc Anma, Gen\u00e7lik ve Spor Bayram\u0131\u2019 dolay\u0131s\u0131yla mesaj yay\u0131mlad\u0131. \u015ean mesaj\u0131nda \u015funlar\u0131 kaydetti; \u201c19\" \/>\n<meta property=\"og:url\" content=\"https:\/\/kibrisdakik.com\/?p=7191\" \/>\n<meta property=\"article:published_time\" content=\"2023-05-18T18:05:36+00:00\" \/>\n<meta property=\"og:image\" content=\"https:\/\/kibrisdakik.com\/wp-content\/uploads\/2023\/05\/alisan-san7-740x420.jpg\" \/>\n\t<meta property=\"og:image:width\" content=\"1024\" \/>\n\t<meta property=\"og:image:height\" content=\"692\" \/>\n\t<meta property=\"og:image:type\" content=\"image\/jpeg\" \/>\n<meta name=\"author\" content=\"admin\" \/>\n<meta name=\"twitter:card\" content=\"summary_large_image\" \/>\n<meta name=\"twitter:label1\" content=\"Yazan:\" \/>\n\t<meta name=\"twitter:data1\" content=\"admin\" \/>\n\t<meta name=\"twitter:label2\" content=\"Tahmini okuma s\u00fcresi\" \/>\n\t<meta name=\"twitter:data2\" content=\"2 dakika\" \/>\n<script type=\"application\/ld+json\" class=\"yoast-schema-graph\">{\"@context\":\"https:\\\/\\\/schema.org\",\"@graph\":[{\"@type\":\"Article\",\"@id\":\"https:\\\/\\\/kibrisdakik.com\\\/?p=7191#article\",\"isPartOf\":{\"@id\":\"https:\\\/\\\/kibrisdakik.com\\\/?p=7191\"},\"author\":{\"name\":\"admin\",\"@id\":\"https:\\\/\\\/kibrisdakik.com\\\/#\\\/schema\\\/person\\\/9cd9d437bbb44f72b73ba127e06d8e79\"},\"headline\":\"19 May\u0131s Atat\u00fcrk\u2019\u00fc Anma, Gen\u00e7lik ve Spor Bayram\u0131 nedeniyle Maliye Bakan\u0131 \u015ean mesaj yay\u0131mlad\u0131\",\"datePublished\":\"2023-05-18T18:05:36+00:00\",\"mainEntityOfPage\":{\"@id\":\"https:\\\/\\\/kibrisdakik.com\\\/?p=7191\"},\"wordCount\":338,\"commentCount\":0,\"image\":{\"@id\":\"https:\\\/\\\/kibrisdakik.com\\\/?p=7191#primaryimage\"},\"thumbnailUrl\":\"https:\\\/\\\/kibrisdakik.com\\\/wp-content\\\/uploads\\\/2023\\\/05\\\/alisan-san7-740x420.jpg\",\"articleSection\":[\"G\u00fcndem\"],\"inLanguage\":\"tr\",\"potentialAction\":[{\"@type\":\"CommentAction\",\"name\":\"Comment\",\"target\":[\"https:\\\/\\\/kibrisdakik.com\\\/?p=7191#respond\"]}]},{\"@type\":\"WebPage\",\"@id\":\"https:\\\/\\\/kibrisdakik.com\\\/?p=7191\",\"url\":\"https:\\\/\\\/kibrisdakik.com\\\/?p=7191\",\"name\":\"19 May\u0131s Atat\u00fcrk\u2019\u00fc Anma, Gen\u00e7lik ve Spor Bayram\u0131 nedeniyle Maliye Bakan\u0131 \u015ean mesaj yay\u0131mlad\u0131 -\",\"isPartOf\":{\"@id\":\"https:\\\/\\\/kibrisdakik.com\\\/#website\"},\"primaryImageOfPage\":{\"@id\":\"https:\\\/\\\/kibrisdakik.com\\\/?p=7191#primaryimage\"},\"image\":{\"@id\":\"https:\\\/\\\/kibrisdakik.com\\\/?p=7191#primaryimage\"},\"thumbnailUrl\":\"https:\\\/\\\/kibrisdakik.com\\\/wp-content\\\/uploads\\\/2023\\\/05\\\/alisan-san7-740x420.jpg\",\"datePublished\":\"2023-05-18T18:05:36+00:00\",\"author\":{\"@id\":\"https:\\\/\\\/kibrisdakik.com\\\/#\\\/schema\\\/person\\\/9cd9d437bbb44f72b73ba127e06d8e79\"},\"breadcrumb\":{\"@id\":\"https:\\\/\\\/kibrisdakik.com\\\/?p=7191#breadcrumb\"},\"inLanguage\":\"tr\",\"potentialAction\":[{\"@type\":\"ReadAction\",\"target\":[\"https:\\\/\\\/kibrisdakik.com\\\/?p=7191\"]}]},{\"@type\":\"ImageObject\",\"inLanguage\":\"tr\",\"@id\":\"https:\\\/\\\/kibrisdakik.com\\\/?p=7191#primaryimage\",\"url\":\"https:\\\/\\\/kibrisdakik.com\\\/wp-content\\\/uploads\\\/2023\\\/05\\\/alisan-san7-740x420.jpg\",\"contentUrl\":\"https:\\\/\\\/kibrisdakik.com\\\/wp-content\\\/uploads\\\/2023\\\/05\\\/alisan-san7-740x420.jpg\",\"width\":1024,\"height\":692},{\"@type\":\"BreadcrumbList\",\"@id\":\"https:\\\/\\\/kibrisdakik.com\\\/?p=7191#breadcrumb\",\"itemListElement\":[{\"@type\":\"ListItem\",\"position\":1,\"name\":\"Home\",\"item\":\"https:\\\/\\\/kibrisdakik.com\\\/\"},{\"@type\":\"ListItem\",\"position\":2,\"name\":\"19 May\u0131s Atat\u00fcrk\u2019\u00fc Anma, Gen\u00e7lik ve Spor Bayram\u0131 nedeniyle Maliye Bakan\u0131 \u015ean mesaj yay\u0131mlad\u0131\"}]},{\"@type\":\"WebSite\",\"@id\":\"https:\\\/\\\/kibrisdakik.com\\\/#website\",\"url\":\"https:\\\/\\\/kibrisdakik.com\\\/\",\"name\":\"\",\"description\":\"Tam vaktinde haber\",\"potentialAction\":[{\"@type\":\"SearchAction\",\"target\":{\"@type\":\"EntryPoint\",\"urlTemplate\":\"https:\\\/\\\/kibrisdakik.com\\\/?s={search_term_string}\"},\"query-input\":{\"@type\":\"PropertyValueSpecification\",\"valueRequired\":true,\"valueName\":\"search_term_string\"}}],\"inLanguage\":\"tr\"},{\"@type\":\"Person\",\"@id\":\"https:\\\/\\\/kibrisdakik.com\\\/#\\\/schema\\\/person\\\/9cd9d437bbb44f72b73ba127e06d8e79\",\"name\":\"admin\",\"image\":{\"@type\":\"ImageObject\",\"inLanguage\":\"tr\",\"@id\":\"https:\\\/\\\/secure.gravatar.com\\\/avatar\\\/ccc17943b9d660506c869530f897617f7cb1c21a4bf30023f252596d83e1f007?s=96&d=mm&r=g\",\"url\":\"https:\\\/\\\/secure.gravatar.com\\\/avatar\\\/ccc17943b9d660506c869530f897617f7cb1c21a4bf30023f252596d83e1f007?s=96&d=mm&r=g\",\"contentUrl\":\"https:\\\/\\\/secure.gravatar.com\\\/avatar\\\/ccc17943b9d660506c869530f897617f7cb1c21a4bf30023f252596d83e1f007?s=96&d=mm&r=g\",\"caption\":\"admin\"},\"sameAs\":[\"https:\\\/\\\/kibrisdakik.com\"],\"url\":\"https:\\\/\\\/kibrisdakik.com\\\/?author=1\"}]}<\/script>\n<!-- \/ Yoast SEO plugin. -->","yoast_head_json":{"title":"19 May\u0131s Atat\u00fcrk\u2019\u00fc Anma, Gen\u00e7lik ve Spor Bayram\u0131 nedeniyle Maliye Bakan\u0131 \u015ean mesaj yay\u0131mlad\u0131 -","robots":{"index":"index","follow":"follow","max-snippet":"max-snippet:-1","max-image-preview":"max-image-preview:large","max-video-preview":"max-video-preview:-1"},"canonical":"https:\/\/kibrisdakik.com\/?p=7191","og_locale":"tr_TR","og_type":"article","og_title":"19 May\u0131s Atat\u00fcrk\u2019\u00fc Anma, Gen\u00e7lik ve Spor Bayram\u0131 nedeniyle Maliye Bakan\u0131 \u015ean mesaj yay\u0131mlad\u0131 -","og_description":"Maliye Bakan\u0131 Ali\u015fan \u015ean, T\u00fcrkiye\u2019de ya\u015fanan deprem felaketi nedeniyle \u201819 May\u0131s Atat\u00fcrk\u2019\u00fc Anma, Gen\u00e7lik ve Spor Bayram\u0131\u2019n\u0131n da buruk ya\u015fand\u0131\u011f\u0131n\u0131 ifade ederek, \u015fubat ay\u0131nda meydana gelen depremlerde hayat\u0131n\u0131 kaybedenlerin, \u015eampiyon Meleklerin eksikli\u011finin y\u00fcrekten hissedildi\u011fi s\u00f6yledi. Maliye Bakan\u0131 Ali\u015fan \u015ean, \u201819 May\u0131s Atat\u00fcrk\u2019\u00fc Anma, Gen\u00e7lik ve Spor Bayram\u0131\u2019 dolay\u0131s\u0131yla mesaj yay\u0131mlad\u0131. \u015ean mesaj\u0131nda \u015funlar\u0131 kaydetti; \u201c19","og_url":"https:\/\/kibrisdakik.com\/?p=7191","article_published_time":"2023-05-18T18:05:36+00:00","og_image":[{"width":1024,"height":692,"url":"https:\/\/kibrisdakik.com\/wp-content\/uploads\/2023\/05\/alisan-san7-740x420.jpg","type":"image\/jpeg"}],"author":"admin","twitter_card":"summary_large_image","twitter_misc":{"Yazan:":"admin","Tahmini okuma s\u00fcresi":"2 dakika"},"schema":{"@context":"https:\/\/schema.org","@graph":[{"@type":"Article","@id":"https:\/\/kibrisdakik.com\/?p=7191#article","isPartOf":{"@id":"https:\/\/kibrisdakik.com\/?p=7191"},"author":{"name":"admin","@id":"https:\/\/kibrisdakik.com\/#\/schema\/person\/9cd9d437bbb44f72b73ba127e06d8e79"},"headline":"19 May\u0131s Atat\u00fcrk\u2019\u00fc Anma, Gen\u00e7lik ve Spor Bayram\u0131 nedeniyle Maliye Bakan\u0131 \u015ean mesaj yay\u0131mlad\u0131","datePublished":"2023-05-18T18:05:36+00:00","mainEntityOfPage":{"@id":"https:\/\/kibrisdakik.com\/?p=7191"},"wordCount":338,"commentCount":0,"image":{"@id":"https:\/\/kibrisdakik.com\/?p=7191#primaryimage"},"thumbnailUrl":"https:\/\/kibrisdakik.com\/wp-content\/uploads\/2023\/05\/alisan-san7-740x420.jpg","articleSection":["G\u00fcndem"],"inLanguage":"tr","potentialAction":[{"@type":"CommentAction","name":"Comment","target":["https:\/\/kibrisdakik.com\/?p=7191#respond"]}]},{"@type":"WebPage","@id":"https:\/\/kibrisdakik.com\/?p=7191","url":"https:\/\/kibrisdakik.com\/?p=7191","name":"19 May\u0131s Atat\u00fcrk\u2019\u00fc Anma, Gen\u00e7lik ve Spor Bayram\u0131 nedeniyle Maliye Bakan\u0131 \u015ean mesaj yay\u0131mlad\u0131 -","isPartOf":{"@id":"https:\/\/kibrisdakik.com\/#website"},"primaryImageOfPage":{"@id":"https:\/\/kibrisdakik.com\/?p=7191#primaryimage"},"image":{"@id":"https:\/\/kibrisdakik.com\/?p=7191#primaryimage"},"thumbnailUrl":"https:\/\/kibrisdakik.com\/wp-content\/uploads\/2023\/05\/alisan-san7-740x420.jpg","datePublished":"2023-05-18T18:05:36+00:00","author":{"@id":"https:\/\/kibrisdakik.com\/#\/schema\/person\/9cd9d437bbb44f72b73ba127e06d8e79"},"breadcrumb":{"@id":"https:\/\/kibrisdakik.com\/?p=7191#breadcrumb"},"inLanguage":"tr","potentialAction":[{"@type":"ReadAction","target":["https:\/\/kibrisdakik.com\/?p=7191"]}]},{"@type":"ImageObject","inLanguage":"tr","@id":"https:\/\/kibrisdakik.com\/?p=7191#primaryimage","url":"https:\/\/kibrisdakik.com\/wp-content\/uploads\/2023\/05\/alisan-san7-740x420.jpg","contentUrl":"https:\/\/kibrisdakik.com\/wp-content\/uploads\/2023\/05\/alisan-san7-740x420.jpg","width":1024,"height":692},{"@type":"BreadcrumbList","@id":"https:\/\/kibrisdakik.com\/?p=7191#breadcrumb","itemListElement":[{"@type":"ListItem","position":1,"name":"Home","item":"https:\/\/kibrisdakik.com\/"},{"@type":"ListItem","position":2,"name":"19 May\u0131s Atat\u00fcrk\u2019\u00fc Anma, Gen\u00e7lik ve Spor Bayram\u0131 nedeniyle Maliye Bakan\u0131 \u015ean mesaj yay\u0131mlad\u0131"}]},{"@type":"WebSite","@id":"https:\/\/kibrisdakik.com\/#website","url":"https:\/\/kibrisdakik.com\/","name":"","description":"Tam vaktinde haber","potentialAction":[{"@type":"SearchAction","target":{"@type":"EntryPoint","urlTemplate":"https:\/\/kibrisdakik.com\/?s={search_term_string}"},"query-input":{"@type":"PropertyValueSpecification","valueRequired":true,"valueName":"search_term_string"}}],"inLanguage":"tr"},{"@type":"Person","@id":"https:\/\/kibrisdakik.com\/#\/schema\/person\/9cd9d437bbb44f72b73ba127e06d8e79","name":"admin","image":{"@type":"ImageObject","inLanguage":"tr","@id":"https:\/\/secure.gravatar.com\/avatar\/ccc17943b9d660506c869530f897617f7cb1c21a4bf30023f252596d83e1f007?s=96&d=mm&r=g","url":"https:\/\/secure.gravatar.com\/avatar\/ccc17943b9d660506c869530f897617f7cb1c21a4bf30023f252596d83e1f007?s=96&d=mm&r=g","contentUrl":"https:\/\/secure.gravatar.com\/avatar\/ccc17943b9d660506c869530f897617f7cb1c21a4bf30023f252596d83e1f007?s=96&d=mm&r=g","caption":"admin"},"sameAs":["https:\/\/kibrisdakik.com"],"url":"https:\/\/kibrisdakik.com\/?author=1"}]}},"_links":{"self":[{"href":"https:\/\/kibrisdakik.com\/index.php?rest_route=\/wp\/v2\/posts\/7191","targetHints":{"allow":["GET"]}}],"collection":[{"href":"https:\/\/kibrisdakik.com\/index.php?rest_route=\/wp\/v2\/posts"}],"about":[{"href":"https:\/\/kibrisdakik.com\/index.php?rest_route=\/wp\/v2\/types\/post"}],"author":[{"embeddable":true,"href":"https:\/\/kibrisdakik.com\/index.php?rest_route=\/wp\/v2\/users\/1"}],"replies":[{"embeddable":true,"href":"https:\/\/kibrisdakik.com\/index.php?rest_route=%2Fwp%2Fv2%2Fcomments&post=7191"}],"version-history":[{"count":0,"href":"https:\/\/kibrisdakik.com\/index.php?rest_route=\/wp\/v2\/posts\/7191\/revisions"}],"wp:featuredmedia":[{"embeddable":true,"href":"https:\/\/kibrisdakik.com\/index.php?rest_route=\/wp\/v2\/media\/7192"}],"wp:attachment":[{"href":"https:\/\/kibrisdakik.com\/index.php?rest_route=%2Fwp%2Fv2%2Fmedia&parent=7191"}],"wp:term":[{"taxonomy":"category","embeddable":true,"href":"https:\/\/kibrisdakik.com\/index.php?rest_route=%2Fwp%2Fv2%2Fcategories&post=7191"},{"taxonomy":"post_tag","embeddable":true,"href":"https:\/\/kibrisdakik.com\/index.php?rest_route=%2Fwp%2Fv2%2Ftags&post=7191"}],"curies":[{"name":"wp","href":"https:\/\/api.w.org\/{rel}","templated":true}]}}