{"id":71975,"date":"2024-12-20T14:28:21","date_gmt":"2024-12-20T11:28:21","guid":{"rendered":"https:\/\/kibrisdakik.com\/index.php\/2024\/12\/20\/girnede-hafta-sonu-yeni-yil-pazari-ve-carsi-soleni-etkinlikleri-yapilacak\/"},"modified":"2024-12-20T14:28:21","modified_gmt":"2024-12-20T11:28:21","slug":"girnede-hafta-sonu-yeni-yil-pazari-ve-carsi-soleni-etkinlikleri-yapilacak","status":"publish","type":"post","link":"https:\/\/kibrisdakik.com\/?p=71975","title":{"rendered":"Girne\u2019de hafta sonu \u201cYeni Y\u0131l Pazar\u0131\u201d ve \u201c\u00c7ar\u015f\u0131 \u015e\u00f6leni\u201d etkinlikleri yap\u0131lacak"},"content":{"rendered":"<p> <br \/>\n<\/p>\n<div>\n<div class=\"mariselle-image-container center\">\n                <img loading=\"lazy\" decoding=\"async\" width=\"1282\" height=\"1600\" class=\"lazy-image\" alt=\"\" sizes=\"auto, (max-width: 1282px) 100vw, 1282px\" src=\"https:\/\/brtk.net\/wp-content\/uploads\/2024\/12\/20\/1734691084750GIRNE-BELEDIYESI-YENI-YIL-PAZARI1.jpg?ver=d25d143a8b4c2f5f84c35d223034c4ab\" srcset=\"https:\/\/brtk.net\/wp-content\/uploads\/2024\/12\/20\/1734691084750GIRNE-BELEDIYESI-YENI-YIL-PAZARI1.jpg?ver=d25d143a8b4c2f5f84c35d223034c4ab 1282w, https:\/\/brtk.net\/wp-content\/uploads\/2024\/12\/20\/1734691084750GIRNE-BELEDIYESI-YENI-YIL-PAZARI1-240x300.jpg?ver=1f61982bcf0ee705b7cea678a309c2a4 240w, https:\/\/brtk.net\/wp-content\/uploads\/2024\/12\/20\/1734691084750GIRNE-BELEDIYESI-YENI-YIL-PAZARI1-820x1024.jpg?ver=1f61982bcf0ee705b7cea678a309c2a4 820w, https:\/\/brtk.net\/wp-content\/uploads\/2024\/12\/20\/1734691084750GIRNE-BELEDIYESI-YENI-YIL-PAZARI1-768x959.jpg?ver=041a3bf0683556b5d22c350e583a2a7f 768w, https:\/\/brtk.net\/wp-content\/uploads\/2024\/12\/20\/1734691084750GIRNE-BELEDIYESI-YENI-YIL-PAZARI1-1231x1536.jpg?ver=4b4e27bfb75b884754acb70a1891290c 1231w\"\/>                            <\/div>\n<p>Girne Belediyesi, yeni y\u0131l kutlama etkinliklerine hafta sonu d\u00fczenleyece\u011fi  \u201cYeni Y\u0131l Pazar\u0131\u201d ve \u201c9. Girne \u00c7ar\u015f\u0131 \u015e\u00f6leni\u201d etkinlikleriyle ba\u015fl\u0131yor.<\/p>\n<p>Belediye\u2019den yap\u0131lan a\u00e7\u0131klamaya g\u00f6re, Ramadan Cemil Meydan\u0131\u2019nda ve Ziya R\u0131zk\u0131 Caddesi\u2019nde iki g\u00fcn boyunca e\u015f zamanl\u0131 devam edecek etkinliklerde, yerli ve yabanc\u0131 sanat\u00e7\u0131lar\u0131n yan\u0131 s\u0131ra hediyelik e\u015fya ile k\u00fclt\u00fcrel lezzetleri kat\u0131l\u0131mc\u0131lara sunacak bir\u00e7ok stant yer alacak.<\/p>\n<p>-Yeni Y\u0131l Pazar\u0131\u2026<\/p>\n<p>Yar\u0131n saat 10.00\u2019da stantlar\u0131n a\u00e7\u0131lmas\u0131yla ba\u015flayacak \u201cYeni Y\u0131l Pazar\u0131\u201d etkinlikleri kapsam\u0131nda 11.00\u2019de Girne Belediyesi \u00c7ocuk ve Gen\u00e7lik Korosu ve \u00e7ocuklar i\u00e7in bir y\u0131lba\u015f\u0131 el sanatlar\u0131 at\u00f6lyesi yer alacak. 11.45\u2019te Girne Belediyesi Zeybek Dans Grubu\u2019nun sahne alaca\u011f\u0131 etkinlikler, 12.15\u2019te \u00c7ocuklar ve \u00c7ocuk Kalanlarla Sandalye Oyunu ve ard\u0131ndan 13.00\u2019te Deniz Y\u0131ld\u0131zlar\u0131 Yard\u0131m Derne\u011fi ile Meydanda Dans etkinli\u011fi ile devam edecek. 14.00 \u2013 15.00 saatleri aras\u0131nda Noel Baba hediye da\u011f\u0131t\u0131m\u0131, 15.30\u2019da Family Band konseri, 18.00\u2019de Performans Show (Diba Turgut) ile devam edecek olan etkinlikler, 18.30\u2019da Serdar Tuksal Band konseri ile son bulacak.<\/p>\n<p>22 Aral\u0131k Pazar g\u00fcn\u00fc yine saat 10.00\u2019da stantlar\u0131n a\u00e7\u0131lmas\u0131 ile ba\u015flayacak etkinlikler kapsam\u0131nda 11.00\u2019de \u00e7ocuklar i\u00e7in bir y\u0131lba\u015f\u0131 el sanatlar\u0131 at\u00f6lyesi yer alacak. 11.30\u2019da Girne Belediyesi Kafkas Dans Grubu\u2019nun sahne alaca\u011f\u0131 etkinlikler, 12.00\u2019de Girne Belediyesi Arjantin Tango ve ard\u0131ndan 12.30\u2019da \u00c7ocuklar ve \u00c7ocuk Kalanlarla Meydanda Sandalye Oyunu etkinli\u011fi ile devam edecek. 14.00 \u2013 15.00 saatleri aras\u0131nda Noel Baba hediye da\u011f\u0131t\u0131m\u0131, 15.30\u2019da Family Band konseri, 17.30\u2019da K\u00fc\u00e7\u00fck S\u0131cac\u0131k Ad\u0131mlar Hediye \u00c7ekili\u015fi ile devam edecek etkinlikler, 18.30\u2019da Melisa Karanl\u0131k Band konseri ile sona erecek.<\/p>\n<p>-9. Girne \u00c7ar\u015f\u0131 \u015e\u00f6leni<\/p>\n<p>Girne \u00c7ar\u015f\u0131 \u015e\u00f6leni ise hafta sonu 09.30 \u2013 19.30 saatleri aras\u0131nda Ziya R\u0131zk\u0131 Caddesi\u2019nde yap\u0131lacak.<\/p>\n<p>\u015e\u00f6lende, al\u0131\u015fveri\u015fin yan\u0131 s\u0131ra yar\u0131n saat 14.30 \u2013 16.00 aras\u0131nda Hikmet Kurtar\u0131c\u0131o\u011fullar\u0131 Trio, pazar g\u00fcn\u00fc ise ayn\u0131 saatlerde Niyal \u00d6zt\u00fcrk Trio sahne alacak. M\u00fczik performanslar\u0131, performanslar \u00e7ar\u015f\u0131 merkez d\u00f6rt yolda yap\u0131lacak.<\/p>\n<\/p><\/div>\n<p><script async\n                    defer\n                    crossorigin=\"anonymous\"\n                    src=\"https:\/\/connect.facebook.net\/tr_TR\/sdk.js#xfbml=1&#038;version=v3.3\"\n            ><\/script><br \/>\n<br \/><br \/>\n<br \/><a href=\"https:\/\/brtk.net\/girnede-hafta-sonu-yeni-yil-pazari-ve-carsi-soleni-etkinlikleri-yapilacak\/\">kpostasi <\/a><\/p>\n","protected":false},"excerpt":{"rendered":"<p>Girne Belediyesi, yeni y\u0131l kutlama etkinliklerine hafta sonu d\u00fczenleyece\u011fi \u201cYeni Y\u0131l Pazar\u0131\u201d ve \u201c9. Girne \u00c7ar\u015f\u0131 \u015e\u00f6leni\u201d etkinlikleriyle ba\u015fl\u0131yor. Belediye\u2019den yap\u0131lan a\u00e7\u0131klamaya g\u00f6re, Ramadan Cemil Meydan\u0131\u2019nda ve Ziya R\u0131zk\u0131 Caddesi\u2019nde iki g\u00fcn boyunca e\u015f zamanl\u0131 devam edecek etkinliklerde, yerli ve yabanc\u0131 sanat\u00e7\u0131lar\u0131n yan\u0131 s\u0131ra hediyelik e\u015fya ile k\u00fclt\u00fcrel lezzetleri kat\u0131l\u0131mc\u0131lara sunacak bir\u00e7ok stant yer alacak.<\/p>\n","protected":false},"author":1,"featured_media":71789,"comment_status":"open","ping_status":"open","sticky":false,"template":"","format":"standard","meta":{"footnotes":""},"categories":[1,81],"tags":[],"class_list":["post-71975","post","type-post","status-publish","format-standard","has-post-thumbnail","hentry","category-gundem","category-kibris"],"yoast_head":"<!-- This site is optimized with the Yoast SEO plugin v27.5 - https:\/\/yoast.com\/product\/yoast-seo-wordpress\/ -->\n<title>Girne\u2019de hafta sonu \u201cYeni Y\u0131l Pazar\u0131\u201d ve \u201c\u00c7ar\u015f\u0131 \u015e\u00f6leni\u201d etkinlikleri yap\u0131lacak -<\/title>\n<meta name=\"robots\" content=\"index, follow, max-snippet:-1, max-image-preview:large, max-video-preview:-1\" \/>\n<link rel=\"canonical\" href=\"https:\/\/kibrisdakik.com\/?p=71975\" \/>\n<meta property=\"og:locale\" content=\"tr_TR\" \/>\n<meta property=\"og:type\" content=\"article\" \/>\n<meta property=\"og:title\" content=\"Girne\u2019de hafta sonu \u201cYeni Y\u0131l Pazar\u0131\u201d ve \u201c\u00c7ar\u015f\u0131 \u015e\u00f6leni\u201d etkinlikleri yap\u0131lacak -\" \/>\n<meta property=\"og:description\" content=\"Girne Belediyesi, yeni y\u0131l kutlama etkinliklerine hafta sonu d\u00fczenleyece\u011fi \u201cYeni Y\u0131l Pazar\u0131\u201d ve \u201c9. Girne \u00c7ar\u015f\u0131 \u015e\u00f6leni\u201d etkinlikleriyle ba\u015fl\u0131yor. Belediye\u2019den yap\u0131lan a\u00e7\u0131klamaya g\u00f6re, Ramadan Cemil Meydan\u0131\u2019nda ve Ziya R\u0131zk\u0131 Caddesi\u2019nde iki g\u00fcn boyunca e\u015f zamanl\u0131 devam edecek etkinliklerde, yerli ve yabanc\u0131 sanat\u00e7\u0131lar\u0131n yan\u0131 s\u0131ra hediyelik e\u015fya ile k\u00fclt\u00fcrel lezzetleri kat\u0131l\u0131mc\u0131lara sunacak bir\u00e7ok stant yer alacak.\" \/>\n<meta property=\"og:url\" content=\"https:\/\/kibrisdakik.com\/?p=71975\" \/>\n<meta property=\"article:published_time\" content=\"2024-12-20T11:28:21+00:00\" \/>\n<meta property=\"og:image\" content=\"https:\/\/kibrisdakik.com\/wp-content\/uploads\/2024\/12\/G-SOLEN.jpg\" \/>\n\t<meta property=\"og:image:width\" content=\"298\" \/>\n\t<meta property=\"og:image:height\" content=\"169\" \/>\n\t<meta property=\"og:image:type\" content=\"image\/jpeg\" \/>\n<meta name=\"author\" content=\"admin\" \/>\n<meta name=\"twitter:card\" content=\"summary_large_image\" \/>\n<meta name=\"twitter:label1\" content=\"Yazan:\" \/>\n\t<meta name=\"twitter:data1\" content=\"admin\" \/>\n\t<meta name=\"twitter:label2\" content=\"Tahmini okuma s\u00fcresi\" \/>\n\t<meta name=\"twitter:data2\" content=\"2 dakika\" \/>\n<script type=\"application\/ld+json\" class=\"yoast-schema-graph\">{\"@context\":\"https:\\\/\\\/schema.org\",\"@graph\":[{\"@type\":\"Article\",\"@id\":\"https:\\\/\\\/kibrisdakik.com\\\/?p=71975#article\",\"isPartOf\":{\"@id\":\"https:\\\/\\\/kibrisdakik.com\\\/?p=71975\"},\"author\":{\"name\":\"admin\",\"@id\":\"https:\\\/\\\/kibrisdakik.com\\\/#\\\/schema\\\/person\\\/9cd9d437bbb44f72b73ba127e06d8e79\"},\"headline\":\"Girne\u2019de hafta sonu \u201cYeni Y\u0131l Pazar\u0131\u201d ve \u201c\u00c7ar\u015f\u0131 \u015e\u00f6leni\u201d etkinlikleri yap\u0131lacak\",\"datePublished\":\"2024-12-20T11:28:21+00:00\",\"mainEntityOfPage\":{\"@id\":\"https:\\\/\\\/kibrisdakik.com\\\/?p=71975\"},\"wordCount\":366,\"commentCount\":0,\"image\":{\"@id\":\"https:\\\/\\\/kibrisdakik.com\\\/?p=71975#primaryimage\"},\"thumbnailUrl\":\"https:\\\/\\\/kibrisdakik.com\\\/wp-content\\\/uploads\\\/2024\\\/12\\\/G-SOLEN.jpg\",\"articleSection\":[\"G\u00fcndem\",\"K\u0131br\u0131s\"],\"inLanguage\":\"tr\",\"potentialAction\":[{\"@type\":\"CommentAction\",\"name\":\"Comment\",\"target\":[\"https:\\\/\\\/kibrisdakik.com\\\/?p=71975#respond\"]}]},{\"@type\":\"WebPage\",\"@id\":\"https:\\\/\\\/kibrisdakik.com\\\/?p=71975\",\"url\":\"https:\\\/\\\/kibrisdakik.com\\\/?p=71975\",\"name\":\"Girne\u2019de hafta sonu \u201cYeni Y\u0131l Pazar\u0131\u201d ve \u201c\u00c7ar\u015f\u0131 \u015e\u00f6leni\u201d etkinlikleri yap\u0131lacak -\",\"isPartOf\":{\"@id\":\"https:\\\/\\\/kibrisdakik.com\\\/#website\"},\"primaryImageOfPage\":{\"@id\":\"https:\\\/\\\/kibrisdakik.com\\\/?p=71975#primaryimage\"},\"image\":{\"@id\":\"https:\\\/\\\/kibrisdakik.com\\\/?p=71975#primaryimage\"},\"thumbnailUrl\":\"https:\\\/\\\/kibrisdakik.com\\\/wp-content\\\/uploads\\\/2024\\\/12\\\/G-SOLEN.jpg\",\"datePublished\":\"2024-12-20T11:28:21+00:00\",\"author\":{\"@id\":\"https:\\\/\\\/kibrisdakik.com\\\/#\\\/schema\\\/person\\\/9cd9d437bbb44f72b73ba127e06d8e79\"},\"breadcrumb\":{\"@id\":\"https:\\\/\\\/kibrisdakik.com\\\/?p=71975#breadcrumb\"},\"inLanguage\":\"tr\",\"potentialAction\":[{\"@type\":\"ReadAction\",\"target\":[\"https:\\\/\\\/kibrisdakik.com\\\/?p=71975\"]}]},{\"@type\":\"ImageObject\",\"inLanguage\":\"tr\",\"@id\":\"https:\\\/\\\/kibrisdakik.com\\\/?p=71975#primaryimage\",\"url\":\"https:\\\/\\\/kibrisdakik.com\\\/wp-content\\\/uploads\\\/2024\\\/12\\\/G-SOLEN.jpg\",\"contentUrl\":\"https:\\\/\\\/kibrisdakik.com\\\/wp-content\\\/uploads\\\/2024\\\/12\\\/G-SOLEN.jpg\",\"width\":298,\"height\":169},{\"@type\":\"BreadcrumbList\",\"@id\":\"https:\\\/\\\/kibrisdakik.com\\\/?p=71975#breadcrumb\",\"itemListElement\":[{\"@type\":\"ListItem\",\"position\":1,\"name\":\"Home\",\"item\":\"https:\\\/\\\/kibrisdakik.com\\\/\"},{\"@type\":\"ListItem\",\"position\":2,\"name\":\"Girne\u2019de hafta sonu \u201cYeni Y\u0131l Pazar\u0131\u201d ve \u201c\u00c7ar\u015f\u0131 \u015e\u00f6leni\u201d etkinlikleri yap\u0131lacak\"}]},{\"@type\":\"WebSite\",\"@id\":\"https:\\\/\\\/kibrisdakik.com\\\/#website\",\"url\":\"https:\\\/\\\/kibrisdakik.com\\\/\",\"name\":\"\",\"description\":\"Tam vaktinde haber\",\"potentialAction\":[{\"@type\":\"SearchAction\",\"target\":{\"@type\":\"EntryPoint\",\"urlTemplate\":\"https:\\\/\\\/kibrisdakik.com\\\/?s={search_term_string}\"},\"query-input\":{\"@type\":\"PropertyValueSpecification\",\"valueRequired\":true,\"valueName\":\"search_term_string\"}}],\"inLanguage\":\"tr\"},{\"@type\":\"Person\",\"@id\":\"https:\\\/\\\/kibrisdakik.com\\\/#\\\/schema\\\/person\\\/9cd9d437bbb44f72b73ba127e06d8e79\",\"name\":\"admin\",\"image\":{\"@type\":\"ImageObject\",\"inLanguage\":\"tr\",\"@id\":\"https:\\\/\\\/secure.gravatar.com\\\/avatar\\\/ccc17943b9d660506c869530f897617f7cb1c21a4bf30023f252596d83e1f007?s=96&d=mm&r=g\",\"url\":\"https:\\\/\\\/secure.gravatar.com\\\/avatar\\\/ccc17943b9d660506c869530f897617f7cb1c21a4bf30023f252596d83e1f007?s=96&d=mm&r=g\",\"contentUrl\":\"https:\\\/\\\/secure.gravatar.com\\\/avatar\\\/ccc17943b9d660506c869530f897617f7cb1c21a4bf30023f252596d83e1f007?s=96&d=mm&r=g\",\"caption\":\"admin\"},\"sameAs\":[\"https:\\\/\\\/kibrisdakik.com\"],\"url\":\"https:\\\/\\\/kibrisdakik.com\\\/?author=1\"}]}<\/script>\n<!-- \/ Yoast SEO plugin. -->","yoast_head_json":{"title":"Girne\u2019de hafta sonu \u201cYeni Y\u0131l Pazar\u0131\u201d ve \u201c\u00c7ar\u015f\u0131 \u015e\u00f6leni\u201d etkinlikleri yap\u0131lacak -","robots":{"index":"index","follow":"follow","max-snippet":"max-snippet:-1","max-image-preview":"max-image-preview:large","max-video-preview":"max-video-preview:-1"},"canonical":"https:\/\/kibrisdakik.com\/?p=71975","og_locale":"tr_TR","og_type":"article","og_title":"Girne\u2019de hafta sonu \u201cYeni Y\u0131l Pazar\u0131\u201d ve \u201c\u00c7ar\u015f\u0131 \u015e\u00f6leni\u201d etkinlikleri yap\u0131lacak -","og_description":"Girne Belediyesi, yeni y\u0131l kutlama etkinliklerine hafta sonu d\u00fczenleyece\u011fi \u201cYeni Y\u0131l Pazar\u0131\u201d ve \u201c9. Girne \u00c7ar\u015f\u0131 \u015e\u00f6leni\u201d etkinlikleriyle ba\u015fl\u0131yor. Belediye\u2019den yap\u0131lan a\u00e7\u0131klamaya g\u00f6re, Ramadan Cemil Meydan\u0131\u2019nda ve Ziya R\u0131zk\u0131 Caddesi\u2019nde iki g\u00fcn boyunca e\u015f zamanl\u0131 devam edecek etkinliklerde, yerli ve yabanc\u0131 sanat\u00e7\u0131lar\u0131n yan\u0131 s\u0131ra hediyelik e\u015fya ile k\u00fclt\u00fcrel lezzetleri kat\u0131l\u0131mc\u0131lara sunacak bir\u00e7ok stant yer alacak.","og_url":"https:\/\/kibrisdakik.com\/?p=71975","article_published_time":"2024-12-20T11:28:21+00:00","og_image":[{"width":298,"height":169,"url":"https:\/\/kibrisdakik.com\/wp-content\/uploads\/2024\/12\/G-SOLEN.jpg","type":"image\/jpeg"}],"author":"admin","twitter_card":"summary_large_image","twitter_misc":{"Yazan:":"admin","Tahmini okuma s\u00fcresi":"2 dakika"},"schema":{"@context":"https:\/\/schema.org","@graph":[{"@type":"Article","@id":"https:\/\/kibrisdakik.com\/?p=71975#article","isPartOf":{"@id":"https:\/\/kibrisdakik.com\/?p=71975"},"author":{"name":"admin","@id":"https:\/\/kibrisdakik.com\/#\/schema\/person\/9cd9d437bbb44f72b73ba127e06d8e79"},"headline":"Girne\u2019de hafta sonu \u201cYeni Y\u0131l Pazar\u0131\u201d ve \u201c\u00c7ar\u015f\u0131 \u015e\u00f6leni\u201d etkinlikleri yap\u0131lacak","datePublished":"2024-12-20T11:28:21+00:00","mainEntityOfPage":{"@id":"https:\/\/kibrisdakik.com\/?p=71975"},"wordCount":366,"commentCount":0,"image":{"@id":"https:\/\/kibrisdakik.com\/?p=71975#primaryimage"},"thumbnailUrl":"https:\/\/kibrisdakik.com\/wp-content\/uploads\/2024\/12\/G-SOLEN.jpg","articleSection":["G\u00fcndem","K\u0131br\u0131s"],"inLanguage":"tr","potentialAction":[{"@type":"CommentAction","name":"Comment","target":["https:\/\/kibrisdakik.com\/?p=71975#respond"]}]},{"@type":"WebPage","@id":"https:\/\/kibrisdakik.com\/?p=71975","url":"https:\/\/kibrisdakik.com\/?p=71975","name":"Girne\u2019de hafta sonu \u201cYeni Y\u0131l Pazar\u0131\u201d ve \u201c\u00c7ar\u015f\u0131 \u015e\u00f6leni\u201d etkinlikleri yap\u0131lacak -","isPartOf":{"@id":"https:\/\/kibrisdakik.com\/#website"},"primaryImageOfPage":{"@id":"https:\/\/kibrisdakik.com\/?p=71975#primaryimage"},"image":{"@id":"https:\/\/kibrisdakik.com\/?p=71975#primaryimage"},"thumbnailUrl":"https:\/\/kibrisdakik.com\/wp-content\/uploads\/2024\/12\/G-SOLEN.jpg","datePublished":"2024-12-20T11:28:21+00:00","author":{"@id":"https:\/\/kibrisdakik.com\/#\/schema\/person\/9cd9d437bbb44f72b73ba127e06d8e79"},"breadcrumb":{"@id":"https:\/\/kibrisdakik.com\/?p=71975#breadcrumb"},"inLanguage":"tr","potentialAction":[{"@type":"ReadAction","target":["https:\/\/kibrisdakik.com\/?p=71975"]}]},{"@type":"ImageObject","inLanguage":"tr","@id":"https:\/\/kibrisdakik.com\/?p=71975#primaryimage","url":"https:\/\/kibrisdakik.com\/wp-content\/uploads\/2024\/12\/G-SOLEN.jpg","contentUrl":"https:\/\/kibrisdakik.com\/wp-content\/uploads\/2024\/12\/G-SOLEN.jpg","width":298,"height":169},{"@type":"BreadcrumbList","@id":"https:\/\/kibrisdakik.com\/?p=71975#breadcrumb","itemListElement":[{"@type":"ListItem","position":1,"name":"Home","item":"https:\/\/kibrisdakik.com\/"},{"@type":"ListItem","position":2,"name":"Girne\u2019de hafta sonu \u201cYeni Y\u0131l Pazar\u0131\u201d ve \u201c\u00c7ar\u015f\u0131 \u015e\u00f6leni\u201d etkinlikleri yap\u0131lacak"}]},{"@type":"WebSite","@id":"https:\/\/kibrisdakik.com\/#website","url":"https:\/\/kibrisdakik.com\/","name":"","description":"Tam vaktinde haber","potentialAction":[{"@type":"SearchAction","target":{"@type":"EntryPoint","urlTemplate":"https:\/\/kibrisdakik.com\/?s={search_term_string}"},"query-input":{"@type":"PropertyValueSpecification","valueRequired":true,"valueName":"search_term_string"}}],"inLanguage":"tr"},{"@type":"Person","@id":"https:\/\/kibrisdakik.com\/#\/schema\/person\/9cd9d437bbb44f72b73ba127e06d8e79","name":"admin","image":{"@type":"ImageObject","inLanguage":"tr","@id":"https:\/\/secure.gravatar.com\/avatar\/ccc17943b9d660506c869530f897617f7cb1c21a4bf30023f252596d83e1f007?s=96&d=mm&r=g","url":"https:\/\/secure.gravatar.com\/avatar\/ccc17943b9d660506c869530f897617f7cb1c21a4bf30023f252596d83e1f007?s=96&d=mm&r=g","contentUrl":"https:\/\/secure.gravatar.com\/avatar\/ccc17943b9d660506c869530f897617f7cb1c21a4bf30023f252596d83e1f007?s=96&d=mm&r=g","caption":"admin"},"sameAs":["https:\/\/kibrisdakik.com"],"url":"https:\/\/kibrisdakik.com\/?author=1"}]}},"_links":{"self":[{"href":"https:\/\/kibrisdakik.com\/index.php?rest_route=\/wp\/v2\/posts\/71975","targetHints":{"allow":["GET"]}}],"collection":[{"href":"https:\/\/kibrisdakik.com\/index.php?rest_route=\/wp\/v2\/posts"}],"about":[{"href":"https:\/\/kibrisdakik.com\/index.php?rest_route=\/wp\/v2\/types\/post"}],"author":[{"embeddable":true,"href":"https:\/\/kibrisdakik.com\/index.php?rest_route=\/wp\/v2\/users\/1"}],"replies":[{"embeddable":true,"href":"https:\/\/kibrisdakik.com\/index.php?rest_route=%2Fwp%2Fv2%2Fcomments&post=71975"}],"version-history":[{"count":0,"href":"https:\/\/kibrisdakik.com\/index.php?rest_route=\/wp\/v2\/posts\/71975\/revisions"}],"wp:featuredmedia":[{"embeddable":true,"href":"https:\/\/kibrisdakik.com\/index.php?rest_route=\/wp\/v2\/media\/71789"}],"wp:attachment":[{"href":"https:\/\/kibrisdakik.com\/index.php?rest_route=%2Fwp%2Fv2%2Fmedia&parent=71975"}],"wp:term":[{"taxonomy":"category","embeddable":true,"href":"https:\/\/kibrisdakik.com\/index.php?rest_route=%2Fwp%2Fv2%2Fcategories&post=71975"},{"taxonomy":"post_tag","embeddable":true,"href":"https:\/\/kibrisdakik.com\/index.php?rest_route=%2Fwp%2Fv2%2Ftags&post=71975"}],"curies":[{"name":"wp","href":"https:\/\/api.w.org\/{rel}","templated":true}]}}