{"id":71976,"date":"2024-12-20T14:31:55","date_gmt":"2024-12-20T11:31:55","guid":{"rendered":"https:\/\/kibrisdakik.com\/index.php\/2024\/12\/20\/ataoglu-kktc-taekwondo-milli-takimini-kabul-etti\/"},"modified":"2024-12-20T14:31:55","modified_gmt":"2024-12-20T11:31:55","slug":"ataoglu-kktc-taekwondo-milli-takimini-kabul-etti","status":"publish","type":"post","link":"https:\/\/kibrisdakik.com\/?p=71976","title":{"rendered":"Atao\u011flu, KKTC Taekwondo Milli Tak\u0131m\u0131\u2019n\u0131 kabul etti"},"content":{"rendered":"<div>\n<div class=\"mariselle-image-container center\">\n                                            <\/div>\n<p>Ba\u015fbakan Yard\u0131mc\u0131s\u0131, Turizm K\u00fclt\u00fcr Gen\u00e7lik ve \u00c7evre Bakan\u0131 Fikri Atao\u011flu, G\u00fcney Afrika\u2019da yap\u0131lan Park Jung Tae Uluslararas\u0131 Tekvando M\u00fcsabakalar\u0131\u2019nda genel klasmanda ikinci, gen\u00e7ler kategorisinde ise \u015fampiyonluk elde eden KKTC Taekwondo Milli Tak\u0131m\u0131\u2019n\u0131 kabul etti.<\/p>\n<p>Yap\u0131lan a\u00e7\u0131klamaya g\u00f6re, Atao\u011flu, sergiledikleri \u00fcst\u00fcn performanstan \u00f6t\u00fcr\u00fc KKTC Taekwondo Milli Tak\u0131m\u0131\u2019n\u0131 kutlad\u0131, gen\u00e7lerinin bu ba\u015far\u0131lar\u0131ndan \u00f6t\u00fcr\u00fc gurur duyduklar\u0131n\u0131 belirtti.<\/p>\n<p>Atao\u011flu, KKTC Taekwondo Karate Judo Aikido Federasyon Ba\u015fkan\u0131 Ey\u00fcp Zafer G\u00f6kbilen\u2019e de b\u00f6ylesi gen\u00e7leri yeti\u015ftirdi\u011fi i\u00e7in te\u015fekk\u00fcr ederken, yeni ba\u015far\u0131lar\u0131n da devam\u0131n\u0131 diledi.<\/p>\n<\/p><\/div>\n<p><script async\n                    defer\n                    crossorigin=\"anonymous\"\n                    src=\"https:\/\/connect.facebook.net\/tr_TR\/sdk.js#xfbml=1&#038;version=v3.3\"\n            ><\/script><\/p>\n","protected":false},"excerpt":{"rendered":"<p>Ba\u015fbakan Yard\u0131mc\u0131s\u0131, Turizm K\u00fclt\u00fcr Gen\u00e7lik ve \u00c7evre Bakan\u0131 Fikri Atao\u011flu, G\u00fcney Afrika\u2019da yap\u0131lan Park Jung Tae Uluslararas\u0131 Tekvando M\u00fcsabakalar\u0131\u2019nda genel klasmanda ikinci, gen\u00e7ler kategorisinde ise \u015fampiyonluk elde eden KKTC Taekwondo Milli Tak\u0131m\u0131\u2019n\u0131 kabul etti. Yap\u0131lan a\u00e7\u0131klamaya g\u00f6re, Atao\u011flu, sergiledikleri \u00fcst\u00fcn performanstan \u00f6t\u00fcr\u00fc KKTC Taekwondo Milli Tak\u0131m\u0131\u2019n\u0131 kutlad\u0131, gen\u00e7lerinin bu ba\u015far\u0131lar\u0131ndan \u00f6t\u00fcr\u00fc gurur duyduklar\u0131n\u0131 belirtti. Atao\u011flu,<\/p>\n","protected":false},"author":1,"featured_media":71977,"comment_status":"open","ping_status":"open","sticky":false,"template":"","format":"standard","meta":{"footnotes":""},"categories":[81],"tags":[],"class_list":["post-71976","post","type-post","status-publish","format-standard","has-post-thumbnail","hentry","category-kibris"],"yoast_head":"<!-- This site is optimized with the Yoast SEO plugin v27.5 - https:\/\/yoast.com\/product\/yoast-seo-wordpress\/ -->\n<title>Atao\u011flu, KKTC Taekwondo Milli Tak\u0131m\u0131\u2019n\u0131 kabul etti -<\/title>\n<meta name=\"robots\" content=\"index, follow, max-snippet:-1, max-image-preview:large, max-video-preview:-1\" \/>\n<link rel=\"canonical\" href=\"https:\/\/kibrisdakik.com\/?p=71976\" \/>\n<meta property=\"og:locale\" content=\"tr_TR\" \/>\n<meta property=\"og:type\" content=\"article\" \/>\n<meta property=\"og:title\" content=\"Atao\u011flu, KKTC Taekwondo Milli Tak\u0131m\u0131\u2019n\u0131 kabul etti -\" \/>\n<meta property=\"og:description\" content=\"Ba\u015fbakan Yard\u0131mc\u0131s\u0131, Turizm K\u00fclt\u00fcr Gen\u00e7lik ve \u00c7evre Bakan\u0131 Fikri Atao\u011flu, G\u00fcney Afrika\u2019da yap\u0131lan Park Jung Tae Uluslararas\u0131 Tekvando M\u00fcsabakalar\u0131\u2019nda genel klasmanda ikinci, gen\u00e7ler kategorisinde ise \u015fampiyonluk elde eden KKTC Taekwondo Milli Tak\u0131m\u0131\u2019n\u0131 kabul etti. Yap\u0131lan a\u00e7\u0131klamaya g\u00f6re, Atao\u011flu, sergiledikleri \u00fcst\u00fcn performanstan \u00f6t\u00fcr\u00fc KKTC Taekwondo Milli Tak\u0131m\u0131\u2019n\u0131 kutlad\u0131, gen\u00e7lerinin bu ba\u015far\u0131lar\u0131ndan \u00f6t\u00fcr\u00fc gurur duyduklar\u0131n\u0131 belirtti. Atao\u011flu,\" \/>\n<meta property=\"og:url\" content=\"https:\/\/kibrisdakik.com\/?p=71976\" \/>\n<meta property=\"article:published_time\" content=\"2024-12-20T11:31:55+00:00\" \/>\n<meta property=\"og:image\" content=\"https:\/\/kibrisdakik.com\/wp-content\/uploads\/2024\/12\/1734689246033ATAOGLU-TEKVANDOCULAR2-scaled-740x420.jpg\" \/>\n\t<meta property=\"og:image:width\" content=\"2560\" \/>\n\t<meta property=\"og:image:height\" content=\"1711\" \/>\n\t<meta property=\"og:image:type\" content=\"image\/jpeg\" \/>\n<meta name=\"author\" content=\"admin\" \/>\n<meta name=\"twitter:card\" content=\"summary_large_image\" \/>\n<meta name=\"twitter:label1\" content=\"Yazan:\" \/>\n\t<meta name=\"twitter:data1\" content=\"admin\" \/>\n\t<meta name=\"twitter:label2\" content=\"Tahmini okuma s\u00fcresi\" \/>\n\t<meta name=\"twitter:data2\" content=\"1 dakika\" \/>\n<script type=\"application\/ld+json\" class=\"yoast-schema-graph\">{\"@context\":\"https:\\\/\\\/schema.org\",\"@graph\":[{\"@type\":\"Article\",\"@id\":\"https:\\\/\\\/kibrisdakik.com\\\/?p=71976#article\",\"isPartOf\":{\"@id\":\"https:\\\/\\\/kibrisdakik.com\\\/?p=71976\"},\"author\":{\"name\":\"admin\",\"@id\":\"https:\\\/\\\/kibrisdakik.com\\\/#\\\/schema\\\/person\\\/9cd9d437bbb44f72b73ba127e06d8e79\"},\"headline\":\"Atao\u011flu, KKTC Taekwondo Milli Tak\u0131m\u0131\u2019n\u0131 kabul etti\",\"datePublished\":\"2024-12-20T11:31:55+00:00\",\"mainEntityOfPage\":{\"@id\":\"https:\\\/\\\/kibrisdakik.com\\\/?p=71976\"},\"wordCount\":132,\"commentCount\":0,\"image\":{\"@id\":\"https:\\\/\\\/kibrisdakik.com\\\/?p=71976#primaryimage\"},\"thumbnailUrl\":\"https:\\\/\\\/kibrisdakik.com\\\/wp-content\\\/uploads\\\/2024\\\/12\\\/1734689246033ATAOGLU-TEKVANDOCULAR2-scaled-740x420.jpg\",\"articleSection\":[\"K\u0131br\u0131s\"],\"inLanguage\":\"tr\",\"potentialAction\":[{\"@type\":\"CommentAction\",\"name\":\"Comment\",\"target\":[\"https:\\\/\\\/kibrisdakik.com\\\/?p=71976#respond\"]}]},{\"@type\":\"WebPage\",\"@id\":\"https:\\\/\\\/kibrisdakik.com\\\/?p=71976\",\"url\":\"https:\\\/\\\/kibrisdakik.com\\\/?p=71976\",\"name\":\"Atao\u011flu, KKTC Taekwondo Milli Tak\u0131m\u0131\u2019n\u0131 kabul etti -\",\"isPartOf\":{\"@id\":\"https:\\\/\\\/kibrisdakik.com\\\/#website\"},\"primaryImageOfPage\":{\"@id\":\"https:\\\/\\\/kibrisdakik.com\\\/?p=71976#primaryimage\"},\"image\":{\"@id\":\"https:\\\/\\\/kibrisdakik.com\\\/?p=71976#primaryimage\"},\"thumbnailUrl\":\"https:\\\/\\\/kibrisdakik.com\\\/wp-content\\\/uploads\\\/2024\\\/12\\\/1734689246033ATAOGLU-TEKVANDOCULAR2-scaled-740x420.jpg\",\"datePublished\":\"2024-12-20T11:31:55+00:00\",\"author\":{\"@id\":\"https:\\\/\\\/kibrisdakik.com\\\/#\\\/schema\\\/person\\\/9cd9d437bbb44f72b73ba127e06d8e79\"},\"breadcrumb\":{\"@id\":\"https:\\\/\\\/kibrisdakik.com\\\/?p=71976#breadcrumb\"},\"inLanguage\":\"tr\",\"potentialAction\":[{\"@type\":\"ReadAction\",\"target\":[\"https:\\\/\\\/kibrisdakik.com\\\/?p=71976\"]}]},{\"@type\":\"ImageObject\",\"inLanguage\":\"tr\",\"@id\":\"https:\\\/\\\/kibrisdakik.com\\\/?p=71976#primaryimage\",\"url\":\"https:\\\/\\\/kibrisdakik.com\\\/wp-content\\\/uploads\\\/2024\\\/12\\\/1734689246033ATAOGLU-TEKVANDOCULAR2-scaled-740x420.jpg\",\"contentUrl\":\"https:\\\/\\\/kibrisdakik.com\\\/wp-content\\\/uploads\\\/2024\\\/12\\\/1734689246033ATAOGLU-TEKVANDOCULAR2-scaled-740x420.jpg\",\"width\":2560,\"height\":1711},{\"@type\":\"BreadcrumbList\",\"@id\":\"https:\\\/\\\/kibrisdakik.com\\\/?p=71976#breadcrumb\",\"itemListElement\":[{\"@type\":\"ListItem\",\"position\":1,\"name\":\"Home\",\"item\":\"https:\\\/\\\/kibrisdakik.com\\\/\"},{\"@type\":\"ListItem\",\"position\":2,\"name\":\"Atao\u011flu, KKTC Taekwondo Milli Tak\u0131m\u0131\u2019n\u0131 kabul etti\"}]},{\"@type\":\"WebSite\",\"@id\":\"https:\\\/\\\/kibrisdakik.com\\\/#website\",\"url\":\"https:\\\/\\\/kibrisdakik.com\\\/\",\"name\":\"\",\"description\":\"Tam vaktinde haber\",\"potentialAction\":[{\"@type\":\"SearchAction\",\"target\":{\"@type\":\"EntryPoint\",\"urlTemplate\":\"https:\\\/\\\/kibrisdakik.com\\\/?s={search_term_string}\"},\"query-input\":{\"@type\":\"PropertyValueSpecification\",\"valueRequired\":true,\"valueName\":\"search_term_string\"}}],\"inLanguage\":\"tr\"},{\"@type\":\"Person\",\"@id\":\"https:\\\/\\\/kibrisdakik.com\\\/#\\\/schema\\\/person\\\/9cd9d437bbb44f72b73ba127e06d8e79\",\"name\":\"admin\",\"image\":{\"@type\":\"ImageObject\",\"inLanguage\":\"tr\",\"@id\":\"https:\\\/\\\/secure.gravatar.com\\\/avatar\\\/ccc17943b9d660506c869530f897617f7cb1c21a4bf30023f252596d83e1f007?s=96&d=mm&r=g\",\"url\":\"https:\\\/\\\/secure.gravatar.com\\\/avatar\\\/ccc17943b9d660506c869530f897617f7cb1c21a4bf30023f252596d83e1f007?s=96&d=mm&r=g\",\"contentUrl\":\"https:\\\/\\\/secure.gravatar.com\\\/avatar\\\/ccc17943b9d660506c869530f897617f7cb1c21a4bf30023f252596d83e1f007?s=96&d=mm&r=g\",\"caption\":\"admin\"},\"sameAs\":[\"https:\\\/\\\/kibrisdakik.com\"],\"url\":\"https:\\\/\\\/kibrisdakik.com\\\/?author=1\"}]}<\/script>\n<!-- \/ Yoast SEO plugin. -->","yoast_head_json":{"title":"Atao\u011flu, KKTC Taekwondo Milli Tak\u0131m\u0131\u2019n\u0131 kabul etti -","robots":{"index":"index","follow":"follow","max-snippet":"max-snippet:-1","max-image-preview":"max-image-preview:large","max-video-preview":"max-video-preview:-1"},"canonical":"https:\/\/kibrisdakik.com\/?p=71976","og_locale":"tr_TR","og_type":"article","og_title":"Atao\u011flu, KKTC Taekwondo Milli Tak\u0131m\u0131\u2019n\u0131 kabul etti -","og_description":"Ba\u015fbakan Yard\u0131mc\u0131s\u0131, Turizm K\u00fclt\u00fcr Gen\u00e7lik ve \u00c7evre Bakan\u0131 Fikri Atao\u011flu, G\u00fcney Afrika\u2019da yap\u0131lan Park Jung Tae Uluslararas\u0131 Tekvando M\u00fcsabakalar\u0131\u2019nda genel klasmanda ikinci, gen\u00e7ler kategorisinde ise \u015fampiyonluk elde eden KKTC Taekwondo Milli Tak\u0131m\u0131\u2019n\u0131 kabul etti. Yap\u0131lan a\u00e7\u0131klamaya g\u00f6re, Atao\u011flu, sergiledikleri \u00fcst\u00fcn performanstan \u00f6t\u00fcr\u00fc KKTC Taekwondo Milli Tak\u0131m\u0131\u2019n\u0131 kutlad\u0131, gen\u00e7lerinin bu ba\u015far\u0131lar\u0131ndan \u00f6t\u00fcr\u00fc gurur duyduklar\u0131n\u0131 belirtti. Atao\u011flu,","og_url":"https:\/\/kibrisdakik.com\/?p=71976","article_published_time":"2024-12-20T11:31:55+00:00","og_image":[{"width":2560,"height":1711,"url":"https:\/\/kibrisdakik.com\/wp-content\/uploads\/2024\/12\/1734689246033ATAOGLU-TEKVANDOCULAR2-scaled-740x420.jpg","type":"image\/jpeg"}],"author":"admin","twitter_card":"summary_large_image","twitter_misc":{"Yazan:":"admin","Tahmini okuma s\u00fcresi":"1 dakika"},"schema":{"@context":"https:\/\/schema.org","@graph":[{"@type":"Article","@id":"https:\/\/kibrisdakik.com\/?p=71976#article","isPartOf":{"@id":"https:\/\/kibrisdakik.com\/?p=71976"},"author":{"name":"admin","@id":"https:\/\/kibrisdakik.com\/#\/schema\/person\/9cd9d437bbb44f72b73ba127e06d8e79"},"headline":"Atao\u011flu, KKTC Taekwondo Milli Tak\u0131m\u0131\u2019n\u0131 kabul etti","datePublished":"2024-12-20T11:31:55+00:00","mainEntityOfPage":{"@id":"https:\/\/kibrisdakik.com\/?p=71976"},"wordCount":132,"commentCount":0,"image":{"@id":"https:\/\/kibrisdakik.com\/?p=71976#primaryimage"},"thumbnailUrl":"https:\/\/kibrisdakik.com\/wp-content\/uploads\/2024\/12\/1734689246033ATAOGLU-TEKVANDOCULAR2-scaled-740x420.jpg","articleSection":["K\u0131br\u0131s"],"inLanguage":"tr","potentialAction":[{"@type":"CommentAction","name":"Comment","target":["https:\/\/kibrisdakik.com\/?p=71976#respond"]}]},{"@type":"WebPage","@id":"https:\/\/kibrisdakik.com\/?p=71976","url":"https:\/\/kibrisdakik.com\/?p=71976","name":"Atao\u011flu, KKTC Taekwondo Milli Tak\u0131m\u0131\u2019n\u0131 kabul etti -","isPartOf":{"@id":"https:\/\/kibrisdakik.com\/#website"},"primaryImageOfPage":{"@id":"https:\/\/kibrisdakik.com\/?p=71976#primaryimage"},"image":{"@id":"https:\/\/kibrisdakik.com\/?p=71976#primaryimage"},"thumbnailUrl":"https:\/\/kibrisdakik.com\/wp-content\/uploads\/2024\/12\/1734689246033ATAOGLU-TEKVANDOCULAR2-scaled-740x420.jpg","datePublished":"2024-12-20T11:31:55+00:00","author":{"@id":"https:\/\/kibrisdakik.com\/#\/schema\/person\/9cd9d437bbb44f72b73ba127e06d8e79"},"breadcrumb":{"@id":"https:\/\/kibrisdakik.com\/?p=71976#breadcrumb"},"inLanguage":"tr","potentialAction":[{"@type":"ReadAction","target":["https:\/\/kibrisdakik.com\/?p=71976"]}]},{"@type":"ImageObject","inLanguage":"tr","@id":"https:\/\/kibrisdakik.com\/?p=71976#primaryimage","url":"https:\/\/kibrisdakik.com\/wp-content\/uploads\/2024\/12\/1734689246033ATAOGLU-TEKVANDOCULAR2-scaled-740x420.jpg","contentUrl":"https:\/\/kibrisdakik.com\/wp-content\/uploads\/2024\/12\/1734689246033ATAOGLU-TEKVANDOCULAR2-scaled-740x420.jpg","width":2560,"height":1711},{"@type":"BreadcrumbList","@id":"https:\/\/kibrisdakik.com\/?p=71976#breadcrumb","itemListElement":[{"@type":"ListItem","position":1,"name":"Home","item":"https:\/\/kibrisdakik.com\/"},{"@type":"ListItem","position":2,"name":"Atao\u011flu, KKTC Taekwondo Milli Tak\u0131m\u0131\u2019n\u0131 kabul etti"}]},{"@type":"WebSite","@id":"https:\/\/kibrisdakik.com\/#website","url":"https:\/\/kibrisdakik.com\/","name":"","description":"Tam vaktinde haber","potentialAction":[{"@type":"SearchAction","target":{"@type":"EntryPoint","urlTemplate":"https:\/\/kibrisdakik.com\/?s={search_term_string}"},"query-input":{"@type":"PropertyValueSpecification","valueRequired":true,"valueName":"search_term_string"}}],"inLanguage":"tr"},{"@type":"Person","@id":"https:\/\/kibrisdakik.com\/#\/schema\/person\/9cd9d437bbb44f72b73ba127e06d8e79","name":"admin","image":{"@type":"ImageObject","inLanguage":"tr","@id":"https:\/\/secure.gravatar.com\/avatar\/ccc17943b9d660506c869530f897617f7cb1c21a4bf30023f252596d83e1f007?s=96&d=mm&r=g","url":"https:\/\/secure.gravatar.com\/avatar\/ccc17943b9d660506c869530f897617f7cb1c21a4bf30023f252596d83e1f007?s=96&d=mm&r=g","contentUrl":"https:\/\/secure.gravatar.com\/avatar\/ccc17943b9d660506c869530f897617f7cb1c21a4bf30023f252596d83e1f007?s=96&d=mm&r=g","caption":"admin"},"sameAs":["https:\/\/kibrisdakik.com"],"url":"https:\/\/kibrisdakik.com\/?author=1"}]}},"_links":{"self":[{"href":"https:\/\/kibrisdakik.com\/index.php?rest_route=\/wp\/v2\/posts\/71976","targetHints":{"allow":["GET"]}}],"collection":[{"href":"https:\/\/kibrisdakik.com\/index.php?rest_route=\/wp\/v2\/posts"}],"about":[{"href":"https:\/\/kibrisdakik.com\/index.php?rest_route=\/wp\/v2\/types\/post"}],"author":[{"embeddable":true,"href":"https:\/\/kibrisdakik.com\/index.php?rest_route=\/wp\/v2\/users\/1"}],"replies":[{"embeddable":true,"href":"https:\/\/kibrisdakik.com\/index.php?rest_route=%2Fwp%2Fv2%2Fcomments&post=71976"}],"version-history":[{"count":0,"href":"https:\/\/kibrisdakik.com\/index.php?rest_route=\/wp\/v2\/posts\/71976\/revisions"}],"wp:featuredmedia":[{"embeddable":true,"href":"https:\/\/kibrisdakik.com\/index.php?rest_route=\/wp\/v2\/media\/71977"}],"wp:attachment":[{"href":"https:\/\/kibrisdakik.com\/index.php?rest_route=%2Fwp%2Fv2%2Fmedia&parent=71976"}],"wp:term":[{"taxonomy":"category","embeddable":true,"href":"https:\/\/kibrisdakik.com\/index.php?rest_route=%2Fwp%2Fv2%2Fcategories&post=71976"},{"taxonomy":"post_tag","embeddable":true,"href":"https:\/\/kibrisdakik.com\/index.php?rest_route=%2Fwp%2Fv2%2Ftags&post=71976"}],"curies":[{"name":"wp","href":"https:\/\/api.w.org\/{rel}","templated":true}]}}