{"id":71988,"date":"2024-12-20T16:40:11","date_gmt":"2024-12-20T13:40:11","guid":{"rendered":"https:\/\/kibrisdakik.com\/index.php\/2024\/12\/20\/mecliste-hayat-pahaliligiyla-ilgili-duzenlemeye-iliskin-tasarilara-ivedilik-alindi\/"},"modified":"2024-12-20T16:40:11","modified_gmt":"2024-12-20T13:40:11","slug":"mecliste-hayat-pahaliligiyla-ilgili-duzenlemeye-iliskin-tasarilara-ivedilik-alindi","status":"publish","type":"post","link":"https:\/\/kibrisdakik.com\/?p=71988","title":{"rendered":"Meclis\u2019te hayat pahal\u0131l\u0131\u011f\u0131yla ilgili d\u00fczenlemeye ili\u015fkin tasar\u0131lara ivedilik al\u0131nd\u0131"},"content":{"rendered":"<div>\n<div class=\"mariselle-image-container center\">\n                                            <\/div>\n<p>Cumhuriyet Meclisi Genel Kurulu\u2019nda, h\u00fck\u00fcmetin, kamu \u00e7al\u0131\u015fanlar\u0131 ve emeklilerin maa\u015flar\u0131nda konsolideyi kald\u0131rarak hayat pahal\u0131l\u0131\u011f\u0131 uygulamas\u0131n\u0131 de\u011fi\u015ftirme karar\u0131n\u0131n ard\u0131ndan haz\u0131rlad\u0131\u011f\u0131 yasa tasar\u0131lar\u0131n\u0131n, ilgili Meclis komitesinde ivedilikle ele al\u0131nmas\u0131na ili\u015fkin tezkereler g\u00f6r\u00fc\u015f\u00fclerek oyland\u0131. Tezkereler oy \u00e7oklu\u011fuyla kabul edildi.<\/p>\n<p>Toplant\u0131n\u0131n sunu\u015flar b\u00f6l\u00fcm\u00fcnde G\u00fcvenlik Kamu G\u00f6revlileri (De\u011fi\u015fiklik) Yasa Tasar\u0131s\u0131, Vak\u0131flar \u00d6rg\u00fct\u00fc ve Din \u0130\u015fleri Dairesi (Kurulu\u015f G\u00f6rev ve \u00c7al\u0131\u015f\u0131na Esaslar\u0131) (De\u011fi\u015fiklik) Yasa Tasar\u0131s\u0131, Sivil Savunma Te\u015fkilat\u0131 Personel (De\u011fi\u015fiklik) Yasa Tasar\u0131s\u0131, Polis \u00d6rg\u00fct\u00fc (Kurulu\u015f, G\u00f6rev ve Yetkiler) (De\u011fi\u015fiklik) Yasa Tasar\u0131s\u0131, Kamu Sa\u011fl\u0131k \u00c7al\u0131\u015fanlar\u0131 (De\u011fi\u015fiklik) Yasas\u0131,  \u00d6\u011fretmenler (De\u011fi\u015fiklik) Yasa Tasar\u0131s\u0131, Emeklilik (De\u011fi\u015fiklik) Yasa Tasar\u0131s\u0131, Kamu G\u00f6revlileri (De\u011fi\u015fiklik) Yasa Tasar\u0131s\u0131, KT Sosyal Sigortalar de\u011fi\u015fiklik yasa tasar\u0131s\u0131, Sosyal G\u00fcvenlik de\u011fi\u015fiklik yasa tasar\u0131s\u0131, Atat\u00fcrk \u00d6\u011fretmen Akademisi Kurulu\u015f (De\u011fi\u015fiklik) Yasa Tasar\u0131s\u0131, Gelir Vergisi (De\u011fi\u015fiklik) Yasa Tasar\u0131s\u0131\u2019n\u0131n ivedilik tezkereleri onayland\u0131.<\/p>\n<p>G\u00fcvenlik Kamu G\u00f6revlileri (De\u011fi\u015fiklik) Yasa Tasar\u0131s\u0131\u2019yla ilgili tezkerenin okunmas\u0131n\u0131n ard\u0131ndan CTP Genel Ba\u015fkan\u0131 Tufan Erh\u00fcrman s\u00f6z ald\u0131.<\/p>\n<p>-Erh\u00fcrman: \u201cSorun al\u0131m g\u00fcc\u00fcn\u00fcn azalmas\u0131\u201d<\/p>\n<p>Erh\u00fcrman, bunun arkas\u0131ndan da di\u011fer yasa tasar\u0131lar\u0131yla ilgili ivedilik talebi gelece\u011fini belirterek, ekonomik ya\u015famdaki temel sorunun, piyasada istikrar olmamas\u0131 ve bunun al\u0131m g\u00fcc\u00fcnde eksilme olarak yans\u0131d\u0131\u011f\u0131n\u0131 s\u00f6yledi.<\/p>\n<p>Sorunun maa\u015flar\u0131n y\u00fckselmesi de\u011fil al\u0131m g\u00fcc\u00fcn\u00fcn azalmas\u0131 oldu\u011funu kaydeden Erh\u00fcrman, kendilerinin stabil para birimine ge\u00e7meyi \u00f6nerdiklerini ancak bunun kabul edilmeyerek hayat pahal\u0131l\u0131\u011f\u0131nda yeni uygulamaya ge\u00e7ildi\u011fini anlatt\u0131.<\/p>\n<p>Bunun bir \u00e7\u00f6z\u00fcm getirmedi\u011fini, hayat pahal\u0131l\u0131\u011f\u0131n\u0131n artmas\u0131yla, personel giderlerinin, asgari \u00fccretin de artt\u0131\u011f\u0131n\u0131 ve bu d\u00f6ng\u00fcn\u00fcn i\u00e7inde al\u0131m g\u00fcc\u00fcn\u00fcn d\u00fc\u015fmesine sebep oldu\u011funu anlattan Erh\u00fcrman, \u201cMaa\u015flar da artt\u0131 ancak al\u0131nabilirlik azald\u0131\u201d dedi.<\/p>\n<p>Erh\u00fcrman, bu tuhafl\u0131\u011f\u0131n insanlar\u0131n G\u00fcney K\u0131br\u0131s\u2019tan al\u0131\u015fveri\u015f yapma potansiyelinin art\u0131\u015f\u0131na sebep oldu\u011funu kaydederek, \u201dEkonominin k\u00f6t\u00fc y\u00f6netildi\u011finin kan\u0131t\u0131 oldu\u201d dedi.<\/p>\n<p>Erh\u00fcrman, \u201cSonu\u00e7 olarak ge\u00e7en senenin 3. \u00e7eyre\u011fiyle bu senenin 3. \u00e7eyre\u011finde kuzeyden g\u00fcneye ge\u00e7i\u015fler y\u00fczde 18 artarken g\u00fcneyden kuzeye ge\u00e7i\u015fler de y\u00fczde 11 azald\u0131\u201d diye konu\u015ftu.<\/p>\n<p>Bu rakamlar\u0131n kuzeydeki herkesin g\u00fcneye ge\u00e7me hakk\u0131 olmamas\u0131na ra\u011fmen ger\u00e7ekle\u015fti\u011finin de unutulmamas\u0131 gerekti\u011fini kaydeden Erh\u00fcrman, Ticaret Odas\u0131 Ba\u015fkan\u0131\u2019n\u0131n da \u201cg\u00fcneye ge\u00e7emeyenleri Allah korusun\u201d dedi\u011fini hat\u0131rlatt\u0131.<\/p>\n<p>Bunun tam bir felaket oldu\u011funa i\u015faret eden Erh\u00fcrman, kuzeydeki pahal\u0131la\u015fman\u0131n turistin de Yunan adalar\u0131na kaymas\u0131na neden oldu\u011funu savundu.<\/p>\n<p>Tufan Erh\u00fcrman, bug\u00fcn ge\u00e7irilmeye \u00e7al\u0131\u015f\u0131lan yasa tasar\u0131s\u0131n\u0131n da i\u015fe yaramayaca\u011f\u0131n\u0131 savunarak tasar\u0131yla ilgili ele\u015ftirilerini s\u0131ralad\u0131.<\/p>\n<p>Kuzeydekilerin ald\u0131klar\u0131 maa\u015f y\u00fckselmesine ra\u011fmen ald\u0131klar\u0131 hizmetin azald\u0131\u011f\u0131na dikkat \u00e7eken Erh\u00fcrman, konunun milletvekili maa\u015flar\u0131 \u00fczerinden de\u011fil sigorta emeklilerinin maa\u015flar\u0131 \u00fczerinden de\u011ferlendirilmesi gerekti\u011fini s\u00f6yledi.<\/p>\n<p>-\u201cYap\u0131lmaya \u00e7al\u0131\u015f\u0131lan sadece al\u0131m g\u00fcc\u00fcn\u00fcn daha da d\u00fc\u015fmesine sebep olacak bir ad\u0131m\u201d<\/p>\n<p>Erh\u00fcrman, piyasadaki istikrars\u0131zl\u0131\u011f\u0131n sebebinin bu tasar\u0131yla alakas\u0131 olmad\u0131\u011f\u0131n\u0131, insanlar ekonomik olarak s\u0131k\u0131nt\u0131dayken Maliye\u2019nin bir tek maa\u015flar\u0131 kald\u0131ramamas\u0131n\u0131 ele\u015ftirdi. Erh\u00fcrman, bug\u00fcn yap\u0131lmaya \u00e7al\u0131\u015f\u0131lan\u0131n sadece al\u0131m g\u00fcc\u00fcn\u00fcn daha da d\u00fc\u015fmesine sebep olacak bir ad\u0131m oldu\u011funu kaydetti.<\/p>\n<p>Erh\u00fcrman, yap\u0131lmak istenenin kabul edilebilir bir \u015fey olmad\u0131\u011f\u0131n\u0131, bu tasar\u0131n\u0131n komiteye gelmesiyle \u201cpaparalar\u0131n\u201d kopaca\u011f\u0131n\u0131 savunarak, \u201cGelirleri koruma ve giderleri azaltma y\u00f6n\u00fcnde bir giri\u015fim yap\u0131lmazken sigorta emeklilerinin \u201c\u00fcm\u00fc\u011f\u00fcn\u00fc s\u0131kma\u201d \u00e7al\u0131\u015fmas\u0131d\u0131r.\u201d diye konu\u015ftu.<\/p>\n<p>\u0130vedilik al\u0131nsa bile komitede rakamlar\u0131n konu\u015fulmas\u0131yla k\u0131yametin kopaca\u011f\u0131n\u0131, yap\u0131lacak olan\u0131n hi\u00e7bir kademeye ve sekt\u00f6re fayda sa\u011flamayaca\u011f\u0131n\u0131 savunan Erh\u00fcrman, 2026\u2019dan itibaren t\u00fcm \u00e7al\u0131\u015fanlar\u0131n kafa \u00fcst\u00fc \u00e7ak\u0131laca\u011f\u0131 varolu\u015fsal bir soruna ad\u0131m at\u0131laca\u011f\u0131n\u0131 belirtti.<\/p>\n<p>Akl\u0131n yolu bu mant\u0131ks\u0131z talebin ivedilikten ar\u0131nd\u0131r\u0131lmas\u0131 oldu\u011funu s\u00f6yleyen Erh\u00fcrman, di\u011fer tasar\u0131larla ilgili de oylar\u0131n\u0131n da redtolaca\u011f\u0131n\u0131 belirtti.<\/p>\n<p>-Berova: \u201cKazan\u00e7 g\u00fcneyle paralel\u201d<\/p>\n<p>Maliye Bakan\u0131 \u00d6zdemir Berova da, esas olan\u0131n al\u0131m g\u00fcc\u00fcn\u00fc korumak oldu\u011funu, bunu olu\u015fturan etmenlerin de kazan\u00e7 ve hizmet al\u0131m\u0131ndaki giderler oldu\u011funu s\u00f6yledi.<\/p>\n<p>Kazan\u00e7 olarak bak\u0131ld\u0131\u011f\u0131nda \u00fccretlilerin kazanc\u0131n\u0131n g\u00fcneyle paralel gitti\u011fini belirterek, y\u00fcksek enflasyondan ge\u00e7ildi\u011fini TC\u2019deki enflasyonun d\u00fc\u015fmeye ba\u015flad\u0131\u011f\u0131n\u0131 ve bu nedenle \u00f6ng\u00f6r\u00fclebilir bir maliye analizi yapmalar\u0131 gerekti\u011fini kaydetti.<\/p>\n<p>Berova, bu d\u00fczenlemeyle birlikte, hayat pahal\u0131l\u0131\u011f\u0131n\u0131n y\u0131lda iki kez verilmeye devam edilece\u011fini ve hayat pahal\u0131l\u0131\u011f\u0131 oran\u0131nda y\u00fckseltilece\u011fini anlatt\u0131. Berova, bu uygulaman\u0131n emeklilik maa\u015flar\u0131na negatif etki etmeyece\u011fini de vurgulad\u0131.<\/p>\n<p>Ekonominin ekmek fiyat\u0131 \u00fczerinden yorumlanmas\u0131n\u0131n olabilecek en mant\u0131ks\u0131z olgu oldu\u011funu s\u00f6yleyen Berova, 2023 y\u0131l\u0131nda asgari \u00fccretle 1938 ekmek al\u0131n\u0131rken, bug\u00fcn bunun 4680 ekmeye \u00e7\u0131kt\u0131\u011f\u0131n\u0131 ancak bunun al\u0131m g\u00fcc\u00fcn\u00fcn artt\u0131\u011f\u0131n\u0131 g\u00f6stermedi\u011fini belirtti.<\/p>\n<p>Bunun da muhalefetin yanl\u0131\u015f bir \u00f6rnekleme \u00fczerinden gitti\u011fini, amac\u0131n olu\u015facak hayat pahal\u0131l\u0131\u011f\u0131n\u0131n \u00e7ok y\u00fckselmedi\u011fini kaydeden Berova, \u00e7al\u0131\u015fan\u0131n maa\u015f\u0131n\u0131n hayat pahal\u0131l\u0131\u011f\u0131 oran\u0131nda artmas\u0131n\u0131 sa\u011flayaca\u011f\u0131n\u0131 s\u00f6yledi.<\/p>\n<p>Maliye Bakan\u0131 \u00d6zdemir Berova, g\u00fcneyle kuzey aras\u0131nda ge\u00e7i\u015fler konusunda Erh\u00fcrman\u2019\u0131n verdi\u011fi oranlar\u0131n do\u011fru oldu\u011funu, bunun da al\u0131m g\u00fcc\u00fcn\u00fc artt\u0131racak politikalar ortaya koymalar\u0131n\u0131n do\u011frulu\u011funu g\u00f6sterdi\u011fini s\u00f6yledi.<\/p>\n<p>2025 y\u0131l\u0131n\u0131n kolay ge\u00e7meyece\u011fini belirten Berova, ancak bu yap\u0131lanlar\u0131n kamu maliyesindeki a\u00e7\u0131\u011f\u0131 kapatmak i\u00e7in de\u011fil orta ve uzun vadede verilecek g\u00fcven mesaj\u0131yla piyasay\u0131 ucuzlatmay\u0131 hedeflediklerini anlatt\u0131.<\/p>\n<p>CTP Genel Ba\u015fkan\u0131 Erh\u00fcrman yeniden s\u00f6z alarak, kendisinin ekmek say\u0131s\u0131yla ilgili bir \u015fey s\u00f6ylemedi\u011fini sadece ithalat ve narh koyarak \u00e7\u00f6z\u00fcm \u00fcretilemedi\u011fine i\u015faret etti\u011fini, zaten Berova\u2019n\u0131n verdi\u011fi \u00f6rnekle de al\u0131m g\u00fcc\u00fcn\u00fcn artt\u0131\u011f\u0131 anlam\u0131na gelmedi\u011fini de a\u00e7\u0131klad\u0131\u011f\u0131n\u0131 hat\u0131rlatt\u0131.<\/p>\n<p>\u0130thalat rakam\u0131ndaki g\u00f6stergelerin n\u00fcfusla alakal\u0131 oldu\u011funu, turistlerin ba\u015fka yerlere kaymas\u0131yla kaybedilen gelirden bahsetti\u011fini vurgulayan Erh\u00fcrman, mevzuatta fiyatland\u0131rma \u00fczerinden bir cezaland\u0131rma olmad\u0131\u011f\u0131n\u0131 s\u00f6yledi.<\/p>\n<p>Fiyat tahribat\u0131n\u0131n bir y\u0131lda d\u00fczeltilemeyecek hale geldi\u011fini, i\u015f\u00e7i ve i\u015fveren say\u0131s\u0131n\u0131n denildi\u011fi gibi artmad\u0131\u011f\u0131n\u0131, 2025\u2019te bunun daha da azalaca\u011f\u0131n\u0131 savunan Erh\u00fcrman, emlak alan\u0131ndaki art\u0131\u015f\u0131n da devam etmeyece\u011finin belli oldu\u011funu, zaten artmas\u0131n\u0131n da mali art\u0131\u015fa i\u015faret etmeyece\u011fini anlatt\u0131.<\/p>\n<p>Erh\u00fcrman, Ekonomi ve Enerji Bakan\u0131 Olgun Amcao\u011fluyla yorumlama farkl\u0131l\u0131klar\u0131 oldu\u011funu ve bunun konu\u015fulmas\u0131 gerekti\u011fini belirterek, g\u00fcneyle maa\u015flar\u0131n e\u015fitlenmesini inkar etmediklerini, al\u0131nan para \u00e7o\u011fal\u0131rken kendisinin al\u0131m g\u00fcc\u00fcn\u00fcn d\u00fc\u015f\u00fc\u015f\u00fcne i\u015faret etmeye \u00e7al\u0131\u015ft\u0131\u011f\u0131n\u0131 yineledi.<\/p>\n<p>Bu d\u00fczenlemelerin al\u0131m g\u00fcc\u00fcnde bir art\u0131\u015f vadetmedi\u011fini, Maliye\u2019ye de bir katk\u0131s\u0131 olmayaca\u011f\u0131n\u0131 o zaman niye b\u00f6yle bir d\u00fczenlemeye gidildi\u011fini anlayamad\u0131\u011f\u0131n\u0131 kaydeden Erh\u00fcrman, piyasada \u00f6ng\u00f6r\u00fclebilirli\u011fin nas\u0131l sa\u011flanaca\u011f\u0131n\u0131 da anlayamad\u0131\u011f\u0131n\u0131 vurgulad\u0131.<\/p>\n<p>Erh\u00fcrman, Berova\u2019n\u0131n s\u00f6yledi\u011finden kuzeyden de\u011fil g\u00fcneyden al\u0131\u015fveri\u015f yapabilenlerin de gelirini azaltarak ya\u015fam\u0131 iki taraftan da zorla\u015ft\u0131raca\u011f\u0131 anlam\u0131na geldi\u011fini ileri s\u00fcrd\u00fc.<\/p>\n<p>Sorunun, al\u0131nan \u00fcr\u00fcn\u00fcn fiyat\u0131 de\u011fil, kimin o \u00fcr\u00fcnden ne kadar alabildi\u011fi oldu\u011funu ifade eden Erh\u00fcrman, burada yap\u0131lan \u015feyin tek sonucunun al\u0131m g\u00fcc\u00fcn\u00fc azaltmak oldu\u011funu, bunun ne faydas\u0131 olaca\u011f\u0131n\u0131 anlayamad\u0131\u011f\u0131n\u0131 s\u00f6yledi.<\/p>\n<p>Ekonomi ve Enerji Bakan\u0131 Olgun Amcao\u011flu, s\u0131k\u0131nt\u0131 olmad\u0131\u011f\u0131n\u0131 s\u00f6ylemenin safl\u0131k olaca\u011f\u0131n\u0131, iyiye gidilmedi\u011fini ancak ge\u00e7en y\u0131ldaki ithalat\u0131n \u00e7ok \u00fczerine \u00e7\u0131k\u0131ld\u0131\u011f\u0131n\u0131 s\u00f6yledi.<\/p>\n<p>Amcao\u011flu, i\u015f\u00e7i ve i\u015fveren say\u0131lar\u0131n\u0131n artmas\u0131, ihracat\u0131n artmas\u0131 i\u00e7in bunlar\u0131 iyi de\u011ferlendirmek gerekti\u011fini, herkesin gailesinin reel sekt\u00f6r\u00fcn ayakta kalmas\u0131n\u0131 sa\u011flamak oldu\u011funu kaydetti. Amcao\u011flu, marketlere giderek yap\u0131lan denetimlerin i\u015fe yaramad\u0131\u011f\u0131n\u0131 Erh\u00fcrman\u2019\u0131n ba\u015fbakanl\u0131\u011f\u0131 d\u00f6neminde g\u00f6rd\u00fcklerini de belirtti.<\/p>\n<p>Amcao\u011flu, bug\u00fcn \u00e7ok dikkatli ad\u0131m at\u0131lmas\u0131, denetimlerin teknolojiyle yap\u0131lmas\u0131 i\u00e7in \u00e7al\u0131\u015ft\u0131klar\u0131n\u0131, k\u0131sa s\u00fcre sonra anl\u0131k verilerle ekonomiyi izleyebilmeyi umduklar\u0131n\u0131 ifade etti.<\/p>\n<p>K\u0131br\u0131s T\u00fcrk Sosyal Sigortalar (De\u011fi\u015fiklik) Yasa Tasar\u0131s\u0131\u2019yla ilgili s\u00f6z alan CTP Milletvekili Erkut \u015eahali, bu tasar\u0131n\u0131n gerek\u00e7esinde hayat pahal\u0131l\u0131\u011f\u0131 \u00f6dene\u011finin konsolide yap\u0131lmaks\u0131z\u0131n verilmesi maddesinin sigortal\u0131lar\u0131n maa\u015f\u0131nda de\u011fi\u015fiklik \u00f6ng\u00f6rmedi\u011fini bu nedenle zaman harcamalar\u0131na sebep oldu\u011funu s\u00f6yleyerek bunun sebebini sordu.<\/p>\n<p>\u015eahali, bo\u015funa \u00fcmit beslediklerini, m\u00fcdahalenin yap\u0131laca\u011f\u0131n\u0131n kesin oldu\u011funu belirterek, h\u00fck\u00fcmeti, s\u00f6z konusu tasar\u0131lar\u0131 \u00f6zensiz haz\u0131rlamakla ele\u015ftirdi; her kelimenin bir dizi insan\u0131n hayat\u0131n\u0131 etkileyece\u011finin unutulmamas\u0131 gerekti\u011fini vurgulad\u0131.<\/p>\n<p>\u015eahali, bu de\u011fi\u015fikliklerin bedeli \u00f6denmesi gereken kay\u0131plara yol a\u00e7aca\u011f\u0131n\u0131 ifade etti.<\/p>\n<p>Yerinden s\u00f6z alan Maliye Bakan\u0131 Berova, \u015eahali\u2019nin okudu\u011funun do\u011fru oldu\u011funu, sehven bir hata yap\u0131ld\u0131\u011f\u0131n\u0131, torba yasa yapmaya uygun yasalar olmamas\u0131 nedeniyle hatan\u0131n komite safhas\u0131nda d\u00fczeltilece\u011fini kaydetti.<\/p>\n<p>Konu\u015fmas\u0131na devam eden Erkut \u015eahali, \u00f6nceki y\u0131lda uygulanan matrahlar\u0131n y\u00fczde 30\u2019dan 50\u2019ye \u00e7\u0131kart\u0131lmas\u0131n\u0131n sebebini anlamaya ihtiya\u00e7lar\u0131 oldu\u011funu s\u00f6yledi. \u015eahali, hayat pahal\u0131l\u0131\u011f\u0131 y\u00fczde 51 iken vergi diliminin y\u00fczde 50 artmas\u0131n\u0131n anlam\u0131n\u0131 \u00e7\u00f6zemedi\u011fini kaydetti.<\/p>\n<p>Yerinden cevap veren Maliye Bakan\u0131 Berova, \u015eahali\u2019nin hesaplama y\u00f6nteminin elmalarla armutlar\u0131 kar\u0131\u015ft\u0131rmak oldu\u011funu, bu d\u00fczenlemeye 5 sendikan\u0131n olumlu g\u00f6r\u00fc\u015f verdi\u011fini, ayr\u0131nt\u0131lar\u0131n b\u00fct\u00e7e g\u00f6r\u00fc\u015fmeleri s\u0131ras\u0131nda anlataca\u011f\u0131n\u0131 kaydetti.<\/p>\n<p>Meclis Genel Kurulu\u2019nda daha sonra yeniden olu\u015fturulan s\u00fcrekli komiteler milletvekillerinin bilgisine getirildi.<\/p>\n<\/p><\/div>\n<p><script async\n                    defer\n                    crossorigin=\"anonymous\"\n                    src=\"https:\/\/connect.facebook.net\/tr_TR\/sdk.js#xfbml=1&#038;version=v3.3\"\n            ><\/script><\/p>\n","protected":false},"excerpt":{"rendered":"<p>Cumhuriyet Meclisi Genel Kurulu\u2019nda, h\u00fck\u00fcmetin, kamu \u00e7al\u0131\u015fanlar\u0131 ve emeklilerin maa\u015flar\u0131nda konsolideyi kald\u0131rarak hayat pahal\u0131l\u0131\u011f\u0131 uygulamas\u0131n\u0131 de\u011fi\u015ftirme karar\u0131n\u0131n ard\u0131ndan haz\u0131rlad\u0131\u011f\u0131 yasa tasar\u0131lar\u0131n\u0131n, ilgili Meclis komitesinde ivedilikle ele al\u0131nmas\u0131na ili\u015fkin tezkereler g\u00f6r\u00fc\u015f\u00fclerek oyland\u0131. Tezkereler oy \u00e7oklu\u011fuyla kabul edildi. Toplant\u0131n\u0131n sunu\u015flar b\u00f6l\u00fcm\u00fcnde G\u00fcvenlik Kamu G\u00f6revlileri (De\u011fi\u015fiklik) Yasa Tasar\u0131s\u0131, Vak\u0131flar \u00d6rg\u00fct\u00fc ve Din \u0130\u015fleri Dairesi (Kurulu\u015f G\u00f6rev ve \u00c7al\u0131\u015f\u0131na<\/p>\n","protected":false},"author":1,"featured_media":71989,"comment_status":"open","ping_status":"open","sticky":false,"template":"","format":"standard","meta":{"footnotes":""},"categories":[81],"tags":[],"class_list":["post-71988","post","type-post","status-publish","format-standard","has-post-thumbnail","hentry","category-kibris"],"yoast_head":"<!-- This site is optimized with the Yoast SEO plugin v27.5 - https:\/\/yoast.com\/product\/yoast-seo-wordpress\/ -->\n<title>Meclis\u2019te hayat pahal\u0131l\u0131\u011f\u0131yla ilgili d\u00fczenlemeye ili\u015fkin tasar\u0131lara ivedilik al\u0131nd\u0131 -<\/title>\n<meta name=\"robots\" content=\"index, follow, max-snippet:-1, max-image-preview:large, max-video-preview:-1\" \/>\n<link rel=\"canonical\" href=\"https:\/\/kibrisdakik.com\/?p=71988\" \/>\n<meta property=\"og:locale\" content=\"tr_TR\" \/>\n<meta property=\"og:type\" content=\"article\" \/>\n<meta property=\"og:title\" content=\"Meclis\u2019te hayat pahal\u0131l\u0131\u011f\u0131yla ilgili d\u00fczenlemeye ili\u015fkin tasar\u0131lara ivedilik al\u0131nd\u0131 -\" \/>\n<meta property=\"og:description\" content=\"Cumhuriyet Meclisi Genel Kurulu\u2019nda, h\u00fck\u00fcmetin, kamu \u00e7al\u0131\u015fanlar\u0131 ve emeklilerin maa\u015flar\u0131nda konsolideyi kald\u0131rarak hayat pahal\u0131l\u0131\u011f\u0131 uygulamas\u0131n\u0131 de\u011fi\u015ftirme karar\u0131n\u0131n ard\u0131ndan haz\u0131rlad\u0131\u011f\u0131 yasa tasar\u0131lar\u0131n\u0131n, ilgili Meclis komitesinde ivedilikle ele al\u0131nmas\u0131na ili\u015fkin tezkereler g\u00f6r\u00fc\u015f\u00fclerek oyland\u0131. Tezkereler oy \u00e7oklu\u011fuyla kabul edildi. Toplant\u0131n\u0131n sunu\u015flar b\u00f6l\u00fcm\u00fcnde G\u00fcvenlik Kamu G\u00f6revlileri (De\u011fi\u015fiklik) Yasa Tasar\u0131s\u0131, Vak\u0131flar \u00d6rg\u00fct\u00fc ve Din \u0130\u015fleri Dairesi (Kurulu\u015f G\u00f6rev ve \u00c7al\u0131\u015f\u0131na\" \/>\n<meta property=\"og:url\" content=\"https:\/\/kibrisdakik.com\/?p=71988\" \/>\n<meta property=\"article:published_time\" content=\"2024-12-20T13:40:11+00:00\" \/>\n<meta property=\"og:image\" content=\"https:\/\/kibrisdakik.com\/wp-content\/uploads\/2024\/12\/1734696819582meclis-1-740x420.jpg\" \/>\n\t<meta property=\"og:image:width\" content=\"1800\" \/>\n\t<meta property=\"og:image:height\" content=\"1200\" \/>\n\t<meta property=\"og:image:type\" content=\"image\/jpeg\" \/>\n<meta name=\"author\" content=\"admin\" \/>\n<meta name=\"twitter:card\" content=\"summary_large_image\" \/>\n<meta name=\"twitter:label1\" content=\"Yazan:\" \/>\n\t<meta name=\"twitter:data1\" content=\"admin\" \/>\n\t<meta name=\"twitter:label2\" content=\"Tahmini okuma s\u00fcresi\" \/>\n\t<meta name=\"twitter:data2\" content=\"9 dakika\" \/>\n<script type=\"application\/ld+json\" class=\"yoast-schema-graph\">{\"@context\":\"https:\\\/\\\/schema.org\",\"@graph\":[{\"@type\":\"Article\",\"@id\":\"https:\\\/\\\/kibrisdakik.com\\\/?p=71988#article\",\"isPartOf\":{\"@id\":\"https:\\\/\\\/kibrisdakik.com\\\/?p=71988\"},\"author\":{\"name\":\"admin\",\"@id\":\"https:\\\/\\\/kibrisdakik.com\\\/#\\\/schema\\\/person\\\/9cd9d437bbb44f72b73ba127e06d8e79\"},\"headline\":\"Meclis\u2019te hayat pahal\u0131l\u0131\u011f\u0131yla ilgili d\u00fczenlemeye ili\u015fkin tasar\u0131lara ivedilik al\u0131nd\u0131\",\"datePublished\":\"2024-12-20T13:40:11+00:00\",\"mainEntityOfPage\":{\"@id\":\"https:\\\/\\\/kibrisdakik.com\\\/?p=71988\"},\"wordCount\":1821,\"commentCount\":0,\"image\":{\"@id\":\"https:\\\/\\\/kibrisdakik.com\\\/?p=71988#primaryimage\"},\"thumbnailUrl\":\"https:\\\/\\\/kibrisdakik.com\\\/wp-content\\\/uploads\\\/2024\\\/12\\\/1734696819582meclis-1-740x420.jpg\",\"articleSection\":[\"K\u0131br\u0131s\"],\"inLanguage\":\"tr\",\"potentialAction\":[{\"@type\":\"CommentAction\",\"name\":\"Comment\",\"target\":[\"https:\\\/\\\/kibrisdakik.com\\\/?p=71988#respond\"]}]},{\"@type\":\"WebPage\",\"@id\":\"https:\\\/\\\/kibrisdakik.com\\\/?p=71988\",\"url\":\"https:\\\/\\\/kibrisdakik.com\\\/?p=71988\",\"name\":\"Meclis\u2019te hayat pahal\u0131l\u0131\u011f\u0131yla ilgili d\u00fczenlemeye ili\u015fkin tasar\u0131lara ivedilik al\u0131nd\u0131 -\",\"isPartOf\":{\"@id\":\"https:\\\/\\\/kibrisdakik.com\\\/#website\"},\"primaryImageOfPage\":{\"@id\":\"https:\\\/\\\/kibrisdakik.com\\\/?p=71988#primaryimage\"},\"image\":{\"@id\":\"https:\\\/\\\/kibrisdakik.com\\\/?p=71988#primaryimage\"},\"thumbnailUrl\":\"https:\\\/\\\/kibrisdakik.com\\\/wp-content\\\/uploads\\\/2024\\\/12\\\/1734696819582meclis-1-740x420.jpg\",\"datePublished\":\"2024-12-20T13:40:11+00:00\",\"author\":{\"@id\":\"https:\\\/\\\/kibrisdakik.com\\\/#\\\/schema\\\/person\\\/9cd9d437bbb44f72b73ba127e06d8e79\"},\"breadcrumb\":{\"@id\":\"https:\\\/\\\/kibrisdakik.com\\\/?p=71988#breadcrumb\"},\"inLanguage\":\"tr\",\"potentialAction\":[{\"@type\":\"ReadAction\",\"target\":[\"https:\\\/\\\/kibrisdakik.com\\\/?p=71988\"]}]},{\"@type\":\"ImageObject\",\"inLanguage\":\"tr\",\"@id\":\"https:\\\/\\\/kibrisdakik.com\\\/?p=71988#primaryimage\",\"url\":\"https:\\\/\\\/kibrisdakik.com\\\/wp-content\\\/uploads\\\/2024\\\/12\\\/1734696819582meclis-1-740x420.jpg\",\"contentUrl\":\"https:\\\/\\\/kibrisdakik.com\\\/wp-content\\\/uploads\\\/2024\\\/12\\\/1734696819582meclis-1-740x420.jpg\",\"width\":1800,\"height\":1200},{\"@type\":\"BreadcrumbList\",\"@id\":\"https:\\\/\\\/kibrisdakik.com\\\/?p=71988#breadcrumb\",\"itemListElement\":[{\"@type\":\"ListItem\",\"position\":1,\"name\":\"Home\",\"item\":\"https:\\\/\\\/kibrisdakik.com\\\/\"},{\"@type\":\"ListItem\",\"position\":2,\"name\":\"Meclis\u2019te hayat pahal\u0131l\u0131\u011f\u0131yla ilgili d\u00fczenlemeye ili\u015fkin tasar\u0131lara ivedilik al\u0131nd\u0131\"}]},{\"@type\":\"WebSite\",\"@id\":\"https:\\\/\\\/kibrisdakik.com\\\/#website\",\"url\":\"https:\\\/\\\/kibrisdakik.com\\\/\",\"name\":\"\",\"description\":\"Tam vaktinde haber\",\"potentialAction\":[{\"@type\":\"SearchAction\",\"target\":{\"@type\":\"EntryPoint\",\"urlTemplate\":\"https:\\\/\\\/kibrisdakik.com\\\/?s={search_term_string}\"},\"query-input\":{\"@type\":\"PropertyValueSpecification\",\"valueRequired\":true,\"valueName\":\"search_term_string\"}}],\"inLanguage\":\"tr\"},{\"@type\":\"Person\",\"@id\":\"https:\\\/\\\/kibrisdakik.com\\\/#\\\/schema\\\/person\\\/9cd9d437bbb44f72b73ba127e06d8e79\",\"name\":\"admin\",\"image\":{\"@type\":\"ImageObject\",\"inLanguage\":\"tr\",\"@id\":\"https:\\\/\\\/secure.gravatar.com\\\/avatar\\\/ccc17943b9d660506c869530f897617f7cb1c21a4bf30023f252596d83e1f007?s=96&d=mm&r=g\",\"url\":\"https:\\\/\\\/secure.gravatar.com\\\/avatar\\\/ccc17943b9d660506c869530f897617f7cb1c21a4bf30023f252596d83e1f007?s=96&d=mm&r=g\",\"contentUrl\":\"https:\\\/\\\/secure.gravatar.com\\\/avatar\\\/ccc17943b9d660506c869530f897617f7cb1c21a4bf30023f252596d83e1f007?s=96&d=mm&r=g\",\"caption\":\"admin\"},\"sameAs\":[\"https:\\\/\\\/kibrisdakik.com\"],\"url\":\"https:\\\/\\\/kibrisdakik.com\\\/?author=1\"}]}<\/script>\n<!-- \/ Yoast SEO plugin. -->","yoast_head_json":{"title":"Meclis\u2019te hayat pahal\u0131l\u0131\u011f\u0131yla ilgili d\u00fczenlemeye ili\u015fkin tasar\u0131lara ivedilik al\u0131nd\u0131 -","robots":{"index":"index","follow":"follow","max-snippet":"max-snippet:-1","max-image-preview":"max-image-preview:large","max-video-preview":"max-video-preview:-1"},"canonical":"https:\/\/kibrisdakik.com\/?p=71988","og_locale":"tr_TR","og_type":"article","og_title":"Meclis\u2019te hayat pahal\u0131l\u0131\u011f\u0131yla ilgili d\u00fczenlemeye ili\u015fkin tasar\u0131lara ivedilik al\u0131nd\u0131 -","og_description":"Cumhuriyet Meclisi Genel Kurulu\u2019nda, h\u00fck\u00fcmetin, kamu \u00e7al\u0131\u015fanlar\u0131 ve emeklilerin maa\u015flar\u0131nda konsolideyi kald\u0131rarak hayat pahal\u0131l\u0131\u011f\u0131 uygulamas\u0131n\u0131 de\u011fi\u015ftirme karar\u0131n\u0131n ard\u0131ndan haz\u0131rlad\u0131\u011f\u0131 yasa tasar\u0131lar\u0131n\u0131n, ilgili Meclis komitesinde ivedilikle ele al\u0131nmas\u0131na ili\u015fkin tezkereler g\u00f6r\u00fc\u015f\u00fclerek oyland\u0131. Tezkereler oy \u00e7oklu\u011fuyla kabul edildi. Toplant\u0131n\u0131n sunu\u015flar b\u00f6l\u00fcm\u00fcnde G\u00fcvenlik Kamu G\u00f6revlileri (De\u011fi\u015fiklik) Yasa Tasar\u0131s\u0131, Vak\u0131flar \u00d6rg\u00fct\u00fc ve Din \u0130\u015fleri Dairesi (Kurulu\u015f G\u00f6rev ve \u00c7al\u0131\u015f\u0131na","og_url":"https:\/\/kibrisdakik.com\/?p=71988","article_published_time":"2024-12-20T13:40:11+00:00","og_image":[{"width":1800,"height":1200,"url":"https:\/\/kibrisdakik.com\/wp-content\/uploads\/2024\/12\/1734696819582meclis-1-740x420.jpg","type":"image\/jpeg"}],"author":"admin","twitter_card":"summary_large_image","twitter_misc":{"Yazan:":"admin","Tahmini okuma s\u00fcresi":"9 dakika"},"schema":{"@context":"https:\/\/schema.org","@graph":[{"@type":"Article","@id":"https:\/\/kibrisdakik.com\/?p=71988#article","isPartOf":{"@id":"https:\/\/kibrisdakik.com\/?p=71988"},"author":{"name":"admin","@id":"https:\/\/kibrisdakik.com\/#\/schema\/person\/9cd9d437bbb44f72b73ba127e06d8e79"},"headline":"Meclis\u2019te hayat pahal\u0131l\u0131\u011f\u0131yla ilgili d\u00fczenlemeye ili\u015fkin tasar\u0131lara ivedilik al\u0131nd\u0131","datePublished":"2024-12-20T13:40:11+00:00","mainEntityOfPage":{"@id":"https:\/\/kibrisdakik.com\/?p=71988"},"wordCount":1821,"commentCount":0,"image":{"@id":"https:\/\/kibrisdakik.com\/?p=71988#primaryimage"},"thumbnailUrl":"https:\/\/kibrisdakik.com\/wp-content\/uploads\/2024\/12\/1734696819582meclis-1-740x420.jpg","articleSection":["K\u0131br\u0131s"],"inLanguage":"tr","potentialAction":[{"@type":"CommentAction","name":"Comment","target":["https:\/\/kibrisdakik.com\/?p=71988#respond"]}]},{"@type":"WebPage","@id":"https:\/\/kibrisdakik.com\/?p=71988","url":"https:\/\/kibrisdakik.com\/?p=71988","name":"Meclis\u2019te hayat pahal\u0131l\u0131\u011f\u0131yla ilgili d\u00fczenlemeye ili\u015fkin tasar\u0131lara ivedilik al\u0131nd\u0131 -","isPartOf":{"@id":"https:\/\/kibrisdakik.com\/#website"},"primaryImageOfPage":{"@id":"https:\/\/kibrisdakik.com\/?p=71988#primaryimage"},"image":{"@id":"https:\/\/kibrisdakik.com\/?p=71988#primaryimage"},"thumbnailUrl":"https:\/\/kibrisdakik.com\/wp-content\/uploads\/2024\/12\/1734696819582meclis-1-740x420.jpg","datePublished":"2024-12-20T13:40:11+00:00","author":{"@id":"https:\/\/kibrisdakik.com\/#\/schema\/person\/9cd9d437bbb44f72b73ba127e06d8e79"},"breadcrumb":{"@id":"https:\/\/kibrisdakik.com\/?p=71988#breadcrumb"},"inLanguage":"tr","potentialAction":[{"@type":"ReadAction","target":["https:\/\/kibrisdakik.com\/?p=71988"]}]},{"@type":"ImageObject","inLanguage":"tr","@id":"https:\/\/kibrisdakik.com\/?p=71988#primaryimage","url":"https:\/\/kibrisdakik.com\/wp-content\/uploads\/2024\/12\/1734696819582meclis-1-740x420.jpg","contentUrl":"https:\/\/kibrisdakik.com\/wp-content\/uploads\/2024\/12\/1734696819582meclis-1-740x420.jpg","width":1800,"height":1200},{"@type":"BreadcrumbList","@id":"https:\/\/kibrisdakik.com\/?p=71988#breadcrumb","itemListElement":[{"@type":"ListItem","position":1,"name":"Home","item":"https:\/\/kibrisdakik.com\/"},{"@type":"ListItem","position":2,"name":"Meclis\u2019te hayat pahal\u0131l\u0131\u011f\u0131yla ilgili d\u00fczenlemeye ili\u015fkin tasar\u0131lara ivedilik al\u0131nd\u0131"}]},{"@type":"WebSite","@id":"https:\/\/kibrisdakik.com\/#website","url":"https:\/\/kibrisdakik.com\/","name":"","description":"Tam vaktinde haber","potentialAction":[{"@type":"SearchAction","target":{"@type":"EntryPoint","urlTemplate":"https:\/\/kibrisdakik.com\/?s={search_term_string}"},"query-input":{"@type":"PropertyValueSpecification","valueRequired":true,"valueName":"search_term_string"}}],"inLanguage":"tr"},{"@type":"Person","@id":"https:\/\/kibrisdakik.com\/#\/schema\/person\/9cd9d437bbb44f72b73ba127e06d8e79","name":"admin","image":{"@type":"ImageObject","inLanguage":"tr","@id":"https:\/\/secure.gravatar.com\/avatar\/ccc17943b9d660506c869530f897617f7cb1c21a4bf30023f252596d83e1f007?s=96&d=mm&r=g","url":"https:\/\/secure.gravatar.com\/avatar\/ccc17943b9d660506c869530f897617f7cb1c21a4bf30023f252596d83e1f007?s=96&d=mm&r=g","contentUrl":"https:\/\/secure.gravatar.com\/avatar\/ccc17943b9d660506c869530f897617f7cb1c21a4bf30023f252596d83e1f007?s=96&d=mm&r=g","caption":"admin"},"sameAs":["https:\/\/kibrisdakik.com"],"url":"https:\/\/kibrisdakik.com\/?author=1"}]}},"_links":{"self":[{"href":"https:\/\/kibrisdakik.com\/index.php?rest_route=\/wp\/v2\/posts\/71988","targetHints":{"allow":["GET"]}}],"collection":[{"href":"https:\/\/kibrisdakik.com\/index.php?rest_route=\/wp\/v2\/posts"}],"about":[{"href":"https:\/\/kibrisdakik.com\/index.php?rest_route=\/wp\/v2\/types\/post"}],"author":[{"embeddable":true,"href":"https:\/\/kibrisdakik.com\/index.php?rest_route=\/wp\/v2\/users\/1"}],"replies":[{"embeddable":true,"href":"https:\/\/kibrisdakik.com\/index.php?rest_route=%2Fwp%2Fv2%2Fcomments&post=71988"}],"version-history":[{"count":0,"href":"https:\/\/kibrisdakik.com\/index.php?rest_route=\/wp\/v2\/posts\/71988\/revisions"}],"wp:featuredmedia":[{"embeddable":true,"href":"https:\/\/kibrisdakik.com\/index.php?rest_route=\/wp\/v2\/media\/71989"}],"wp:attachment":[{"href":"https:\/\/kibrisdakik.com\/index.php?rest_route=%2Fwp%2Fv2%2Fmedia&parent=71988"}],"wp:term":[{"taxonomy":"category","embeddable":true,"href":"https:\/\/kibrisdakik.com\/index.php?rest_route=%2Fwp%2Fv2%2Fcategories&post=71988"},{"taxonomy":"post_tag","embeddable":true,"href":"https:\/\/kibrisdakik.com\/index.php?rest_route=%2Fwp%2Fv2%2Ftags&post=71988"}],"curies":[{"name":"wp","href":"https:\/\/api.w.org\/{rel}","templated":true}]}}