{"id":72000,"date":"2024-12-20T18:45:57","date_gmt":"2024-12-20T15:45:57","guid":{"rendered":"https:\/\/kibrisdakik.com\/index.php\/2024\/12\/20\/cumhurbaskani-tatar-21-aralik-milli-mucadele-tarihimizin-donum-noktalarindan-birisidir\/"},"modified":"2024-12-20T18:45:57","modified_gmt":"2024-12-20T15:45:57","slug":"cumhurbaskani-tatar-21-aralik-milli-mucadele-tarihimizin-donum-noktalarindan-birisidir","status":"publish","type":"post","link":"https:\/\/kibrisdakik.com\/?p=72000","title":{"rendered":"Cumhurba\u015fkan\u0131 Tatar: 21 Aral\u0131k, milli m\u00fccadele tarihimizin d\u00f6n\u00fcm noktalar\u0131ndan birisidir"},"content":{"rendered":"<div>\n<div class=\"mariselle-image-container center\">\n                                            <\/div>\n<p>Cumhurba\u015fkan\u0131 Ersin Tatar, \u201c21-25 Aral\u0131k Milli M\u00fccadele ve \u015eehitler Haftas\u0131\u201d dolay\u0131s\u0131yla yay\u0131mlad\u0131\u011f\u0131 mesaj\u0131nda, 21 Aral\u0131k\u2019\u0131n milli m\u00fccadele tarihinin d\u00f6n\u00fcm noktalar\u0131ndan biri oldu\u011funu ifade etti.<\/p>\n<p>Cumhurba\u015fkan\u0131 Ersin Tatar, mesaj\u0131nda, \u201cBug\u00fcn, K\u0131br\u0131s T\u00fcrk halk\u0131n\u0131n onur, \u00f6zg\u00fcrl\u00fck ve varolu\u015f m\u00fccadelesinde sergiledi\u011fi cesareti ve fedakarl\u0131\u011f\u0131 bir kez daha an\u0131yor; bu kutlu davada canlar\u0131n\u0131 feda eden aziz \u015fehitlerimizi rahmet, minnet ve sayg\u0131yla y\u00e2d ediyoruz.\u201d ifadelerini kulland\u0131.<\/p>\n<p>\u201c21 Aral\u0131k, milli m\u00fccadele tarihimizin d\u00f6n\u00fcm noktalar\u0131ndan birisidir. K\u0131br\u0131s T\u00fcrk halk\u0131n\u0131n bask\u0131lara, zulme ve haks\u0131zl\u0131\u011fa kar\u015f\u0131 direni\u015fi; kararl\u0131l\u0131\u011f\u0131 ve ba\u011f\u0131ms\u0131zl\u0131k tutkusu ile bu topraklara \u00f6zg\u00fcrl\u00fck ve onur kazand\u0131rd\u0131\u011f\u0131 bir m\u00fccadelenin sembol\u00fcd\u00fcr\u201d diyen Tatar, mesaj\u0131nda \u015fu ifadelere yer verdi:<\/p>\n<p>\u201cBu u\u011furda \u015fehit olan kahramanlar\u0131m\u0131z ve b\u00fcy\u00fck ac\u0131larla hayata tutunmu\u015f gazilerimiz, bizlere yaln\u0131zca bir vatan de\u011fil, ayn\u0131 zamanda birlik, dayan\u0131\u015fma ve fedakarl\u0131k ruhunu da miras b\u0131rakm\u0131\u015ft\u0131r. Onlar\u0131n d\u00f6kt\u00fc\u011f\u00fc kanlar, verdi\u011fi m\u00fccadele ve g\u00f6sterdi\u011fi kararl\u0131l\u0131k, bug\u00fcn \u00f6zg\u00fcrce ve g\u00fcven i\u00e7inde ya\u015famam\u0131z\u0131n temelini olu\u015fturmu\u015ftur. Bizler de bu miras\u0131 gelecek nesillere aktarmak, ge\u00e7mi\u015fte ya\u015fanan ac\u0131lardan ders \u00e7\u0131kararak daha g\u00fc\u00e7l\u00fc bir gelece\u011fi in\u015fa etmek i\u00e7in var g\u00fcc\u00fcm\u00fczle \u00e7al\u0131\u015fmaya devam edece\u011fiz. Ge\u00e7mi\u015fte oldu\u011fu gibi bug\u00fcn de, K\u0131br\u0131s T\u00fcrk halk\u0131n\u0131n haklar\u0131n\u0131 koruma kararl\u0131l\u0131\u011f\u0131m\u0131z tamd\u0131r. Aziz \u015fehitlerimizin bizlere emanet etti\u011fi bu topraklarda, onlar\u0131n fedakarl\u0131klar\u0131n\u0131 unutmadan huzur ve bar\u0131\u015f\u0131 daim k\u0131lmak en b\u00fcy\u00fck sorumlulu\u011fumuzdur.  Egemen e\u015fit, uluslararas\u0131 e\u015fit stat\u00fcye dayal\u0131 siyasetimizde \u0131srarc\u0131 olmam\u0131z\u0131n nedeni, bu ac\u0131lar\u0131n bir daha ya\u015fanmamas\u0131, K\u0131br\u0131s T\u00fcrk halk\u0131n\u0131n huzur, g\u00fcven ve uluslararas\u0131 insan haklar\u0131 \u00e7er\u00e7evesinde ya\u015fam s\u00fcrmesi i\u00e7indir. Bu ama\u00e7 do\u011frultusunda, T\u00fcrkiye Cumhuriyeti\u2019nin de tam deste\u011fi ile y\u00fcr\u00fctt\u00fc\u011f\u00fcm\u00fcz siyasetimize sonuna kadar sahip \u00e7\u0131kaca\u011f\u0131z.<\/p>\n<p>Bu anlaml\u0131 g\u00fcnde, aziz \u015fehitlerimize bir kez daha Allah\u2019tan rahmet diliyor, manevi huzurlar\u0131nda sayg\u0131yla e\u011filiyorum. Hayatta olan gazilerimize ise sa\u011fl\u0131k ve huzur diliyorum. Onlar\u0131n fedakarl\u0131klar\u0131 ve m\u00fccadele azmi, ebediyen yolumuzu ayd\u0131nlatacakt\u0131r.\u201d<\/p>\n<\/p><\/div>\n<p><script async\n                    defer\n                    crossorigin=\"anonymous\"\n                    src=\"https:\/\/connect.facebook.net\/tr_TR\/sdk.js#xfbml=1&#038;version=v3.3\"\n            ><\/script><\/p>\n","protected":false},"excerpt":{"rendered":"<p>Cumhurba\u015fkan\u0131 Ersin Tatar, \u201c21-25 Aral\u0131k Milli M\u00fccadele ve \u015eehitler Haftas\u0131\u201d dolay\u0131s\u0131yla yay\u0131mlad\u0131\u011f\u0131 mesaj\u0131nda, 21 Aral\u0131k\u2019\u0131n milli m\u00fccadele tarihinin d\u00f6n\u00fcm noktalar\u0131ndan biri oldu\u011funu ifade etti. Cumhurba\u015fkan\u0131 Ersin Tatar, mesaj\u0131nda, \u201cBug\u00fcn, K\u0131br\u0131s T\u00fcrk halk\u0131n\u0131n onur, \u00f6zg\u00fcrl\u00fck ve varolu\u015f m\u00fccadelesinde sergiledi\u011fi cesareti ve fedakarl\u0131\u011f\u0131 bir kez daha an\u0131yor; bu kutlu davada canlar\u0131n\u0131 feda eden aziz \u015fehitlerimizi rahmet, minnet<\/p>\n","protected":false},"author":1,"featured_media":72001,"comment_status":"open","ping_status":"open","sticky":false,"template":"","format":"standard","meta":{"footnotes":""},"categories":[81],"tags":[],"class_list":["post-72000","post","type-post","status-publish","format-standard","has-post-thumbnail","hentry","category-kibris"],"yoast_head":"<!-- This site is optimized with the Yoast SEO plugin v27.5 - https:\/\/yoast.com\/product\/yoast-seo-wordpress\/ -->\n<title>Cumhurba\u015fkan\u0131 Tatar: 21 Aral\u0131k, milli m\u00fccadele tarihimizin d\u00f6n\u00fcm noktalar\u0131ndan birisidir -<\/title>\n<meta name=\"robots\" content=\"index, follow, max-snippet:-1, max-image-preview:large, max-video-preview:-1\" \/>\n<link rel=\"canonical\" href=\"https:\/\/kibrisdakik.com\/?p=72000\" \/>\n<meta property=\"og:locale\" content=\"tr_TR\" \/>\n<meta property=\"og:type\" content=\"article\" \/>\n<meta property=\"og:title\" content=\"Cumhurba\u015fkan\u0131 Tatar: 21 Aral\u0131k, milli m\u00fccadele tarihimizin d\u00f6n\u00fcm noktalar\u0131ndan birisidir -\" \/>\n<meta property=\"og:description\" content=\"Cumhurba\u015fkan\u0131 Ersin Tatar, \u201c21-25 Aral\u0131k Milli M\u00fccadele ve \u015eehitler Haftas\u0131\u201d dolay\u0131s\u0131yla yay\u0131mlad\u0131\u011f\u0131 mesaj\u0131nda, 21 Aral\u0131k\u2019\u0131n milli m\u00fccadele tarihinin d\u00f6n\u00fcm noktalar\u0131ndan biri oldu\u011funu ifade etti. Cumhurba\u015fkan\u0131 Ersin Tatar, mesaj\u0131nda, \u201cBug\u00fcn, K\u0131br\u0131s T\u00fcrk halk\u0131n\u0131n onur, \u00f6zg\u00fcrl\u00fck ve varolu\u015f m\u00fccadelesinde sergiledi\u011fi cesareti ve fedakarl\u0131\u011f\u0131 bir kez daha an\u0131yor; bu kutlu davada canlar\u0131n\u0131 feda eden aziz \u015fehitlerimizi rahmet, minnet\" \/>\n<meta property=\"og:url\" content=\"https:\/\/kibrisdakik.com\/?p=72000\" \/>\n<meta property=\"article:published_time\" content=\"2024-12-20T15:45:57+00:00\" \/>\n<meta property=\"og:image\" content=\"https:\/\/kibrisdakik.com\/wp-content\/uploads\/2024\/12\/1734704776133tatar-21-aralik-mesaj-740x400.jpg\" \/>\n\t<meta property=\"og:image:width\" content=\"805\" \/>\n\t<meta property=\"og:image:height\" content=\"400\" \/>\n\t<meta property=\"og:image:type\" content=\"image\/jpeg\" \/>\n<meta name=\"author\" content=\"admin\" \/>\n<meta name=\"twitter:card\" content=\"summary_large_image\" \/>\n<meta name=\"twitter:label1\" content=\"Yazan:\" \/>\n\t<meta name=\"twitter:data1\" content=\"admin\" \/>\n\t<meta name=\"twitter:label2\" content=\"Tahmini okuma s\u00fcresi\" \/>\n\t<meta name=\"twitter:data2\" content=\"2 dakika\" \/>\n<script type=\"application\/ld+json\" class=\"yoast-schema-graph\">{\"@context\":\"https:\\\/\\\/schema.org\",\"@graph\":[{\"@type\":\"Article\",\"@id\":\"https:\\\/\\\/kibrisdakik.com\\\/?p=72000#article\",\"isPartOf\":{\"@id\":\"https:\\\/\\\/kibrisdakik.com\\\/?p=72000\"},\"author\":{\"name\":\"admin\",\"@id\":\"https:\\\/\\\/kibrisdakik.com\\\/#\\\/schema\\\/person\\\/9cd9d437bbb44f72b73ba127e06d8e79\"},\"headline\":\"Cumhurba\u015fkan\u0131 Tatar: 21 Aral\u0131k, milli m\u00fccadele tarihimizin d\u00f6n\u00fcm noktalar\u0131ndan birisidir\",\"datePublished\":\"2024-12-20T15:45:57+00:00\",\"mainEntityOfPage\":{\"@id\":\"https:\\\/\\\/kibrisdakik.com\\\/?p=72000\"},\"wordCount\":441,\"commentCount\":0,\"image\":{\"@id\":\"https:\\\/\\\/kibrisdakik.com\\\/?p=72000#primaryimage\"},\"thumbnailUrl\":\"https:\\\/\\\/kibrisdakik.com\\\/wp-content\\\/uploads\\\/2024\\\/12\\\/1734704776133tatar-21-aralik-mesaj-740x400.jpg\",\"articleSection\":[\"K\u0131br\u0131s\"],\"inLanguage\":\"tr\",\"potentialAction\":[{\"@type\":\"CommentAction\",\"name\":\"Comment\",\"target\":[\"https:\\\/\\\/kibrisdakik.com\\\/?p=72000#respond\"]}]},{\"@type\":\"WebPage\",\"@id\":\"https:\\\/\\\/kibrisdakik.com\\\/?p=72000\",\"url\":\"https:\\\/\\\/kibrisdakik.com\\\/?p=72000\",\"name\":\"Cumhurba\u015fkan\u0131 Tatar: 21 Aral\u0131k, milli m\u00fccadele tarihimizin d\u00f6n\u00fcm noktalar\u0131ndan birisidir -\",\"isPartOf\":{\"@id\":\"https:\\\/\\\/kibrisdakik.com\\\/#website\"},\"primaryImageOfPage\":{\"@id\":\"https:\\\/\\\/kibrisdakik.com\\\/?p=72000#primaryimage\"},\"image\":{\"@id\":\"https:\\\/\\\/kibrisdakik.com\\\/?p=72000#primaryimage\"},\"thumbnailUrl\":\"https:\\\/\\\/kibrisdakik.com\\\/wp-content\\\/uploads\\\/2024\\\/12\\\/1734704776133tatar-21-aralik-mesaj-740x400.jpg\",\"datePublished\":\"2024-12-20T15:45:57+00:00\",\"author\":{\"@id\":\"https:\\\/\\\/kibrisdakik.com\\\/#\\\/schema\\\/person\\\/9cd9d437bbb44f72b73ba127e06d8e79\"},\"breadcrumb\":{\"@id\":\"https:\\\/\\\/kibrisdakik.com\\\/?p=72000#breadcrumb\"},\"inLanguage\":\"tr\",\"potentialAction\":[{\"@type\":\"ReadAction\",\"target\":[\"https:\\\/\\\/kibrisdakik.com\\\/?p=72000\"]}]},{\"@type\":\"ImageObject\",\"inLanguage\":\"tr\",\"@id\":\"https:\\\/\\\/kibrisdakik.com\\\/?p=72000#primaryimage\",\"url\":\"https:\\\/\\\/kibrisdakik.com\\\/wp-content\\\/uploads\\\/2024\\\/12\\\/1734704776133tatar-21-aralik-mesaj-740x400.jpg\",\"contentUrl\":\"https:\\\/\\\/kibrisdakik.com\\\/wp-content\\\/uploads\\\/2024\\\/12\\\/1734704776133tatar-21-aralik-mesaj-740x400.jpg\",\"width\":805,\"height\":400},{\"@type\":\"BreadcrumbList\",\"@id\":\"https:\\\/\\\/kibrisdakik.com\\\/?p=72000#breadcrumb\",\"itemListElement\":[{\"@type\":\"ListItem\",\"position\":1,\"name\":\"Home\",\"item\":\"https:\\\/\\\/kibrisdakik.com\\\/\"},{\"@type\":\"ListItem\",\"position\":2,\"name\":\"Cumhurba\u015fkan\u0131 Tatar: 21 Aral\u0131k, milli m\u00fccadele tarihimizin d\u00f6n\u00fcm noktalar\u0131ndan birisidir\"}]},{\"@type\":\"WebSite\",\"@id\":\"https:\\\/\\\/kibrisdakik.com\\\/#website\",\"url\":\"https:\\\/\\\/kibrisdakik.com\\\/\",\"name\":\"\",\"description\":\"Tam vaktinde haber\",\"potentialAction\":[{\"@type\":\"SearchAction\",\"target\":{\"@type\":\"EntryPoint\",\"urlTemplate\":\"https:\\\/\\\/kibrisdakik.com\\\/?s={search_term_string}\"},\"query-input\":{\"@type\":\"PropertyValueSpecification\",\"valueRequired\":true,\"valueName\":\"search_term_string\"}}],\"inLanguage\":\"tr\"},{\"@type\":\"Person\",\"@id\":\"https:\\\/\\\/kibrisdakik.com\\\/#\\\/schema\\\/person\\\/9cd9d437bbb44f72b73ba127e06d8e79\",\"name\":\"admin\",\"image\":{\"@type\":\"ImageObject\",\"inLanguage\":\"tr\",\"@id\":\"https:\\\/\\\/secure.gravatar.com\\\/avatar\\\/ccc17943b9d660506c869530f897617f7cb1c21a4bf30023f252596d83e1f007?s=96&d=mm&r=g\",\"url\":\"https:\\\/\\\/secure.gravatar.com\\\/avatar\\\/ccc17943b9d660506c869530f897617f7cb1c21a4bf30023f252596d83e1f007?s=96&d=mm&r=g\",\"contentUrl\":\"https:\\\/\\\/secure.gravatar.com\\\/avatar\\\/ccc17943b9d660506c869530f897617f7cb1c21a4bf30023f252596d83e1f007?s=96&d=mm&r=g\",\"caption\":\"admin\"},\"sameAs\":[\"https:\\\/\\\/kibrisdakik.com\"],\"url\":\"https:\\\/\\\/kibrisdakik.com\\\/?author=1\"}]}<\/script>\n<!-- \/ Yoast SEO plugin. -->","yoast_head_json":{"title":"Cumhurba\u015fkan\u0131 Tatar: 21 Aral\u0131k, milli m\u00fccadele tarihimizin d\u00f6n\u00fcm noktalar\u0131ndan birisidir -","robots":{"index":"index","follow":"follow","max-snippet":"max-snippet:-1","max-image-preview":"max-image-preview:large","max-video-preview":"max-video-preview:-1"},"canonical":"https:\/\/kibrisdakik.com\/?p=72000","og_locale":"tr_TR","og_type":"article","og_title":"Cumhurba\u015fkan\u0131 Tatar: 21 Aral\u0131k, milli m\u00fccadele tarihimizin d\u00f6n\u00fcm noktalar\u0131ndan birisidir -","og_description":"Cumhurba\u015fkan\u0131 Ersin Tatar, \u201c21-25 Aral\u0131k Milli M\u00fccadele ve \u015eehitler Haftas\u0131\u201d dolay\u0131s\u0131yla yay\u0131mlad\u0131\u011f\u0131 mesaj\u0131nda, 21 Aral\u0131k\u2019\u0131n milli m\u00fccadele tarihinin d\u00f6n\u00fcm noktalar\u0131ndan biri oldu\u011funu ifade etti. Cumhurba\u015fkan\u0131 Ersin Tatar, mesaj\u0131nda, \u201cBug\u00fcn, K\u0131br\u0131s T\u00fcrk halk\u0131n\u0131n onur, \u00f6zg\u00fcrl\u00fck ve varolu\u015f m\u00fccadelesinde sergiledi\u011fi cesareti ve fedakarl\u0131\u011f\u0131 bir kez daha an\u0131yor; bu kutlu davada canlar\u0131n\u0131 feda eden aziz \u015fehitlerimizi rahmet, minnet","og_url":"https:\/\/kibrisdakik.com\/?p=72000","article_published_time":"2024-12-20T15:45:57+00:00","og_image":[{"width":805,"height":400,"url":"https:\/\/kibrisdakik.com\/wp-content\/uploads\/2024\/12\/1734704776133tatar-21-aralik-mesaj-740x400.jpg","type":"image\/jpeg"}],"author":"admin","twitter_card":"summary_large_image","twitter_misc":{"Yazan:":"admin","Tahmini okuma s\u00fcresi":"2 dakika"},"schema":{"@context":"https:\/\/schema.org","@graph":[{"@type":"Article","@id":"https:\/\/kibrisdakik.com\/?p=72000#article","isPartOf":{"@id":"https:\/\/kibrisdakik.com\/?p=72000"},"author":{"name":"admin","@id":"https:\/\/kibrisdakik.com\/#\/schema\/person\/9cd9d437bbb44f72b73ba127e06d8e79"},"headline":"Cumhurba\u015fkan\u0131 Tatar: 21 Aral\u0131k, milli m\u00fccadele tarihimizin d\u00f6n\u00fcm noktalar\u0131ndan birisidir","datePublished":"2024-12-20T15:45:57+00:00","mainEntityOfPage":{"@id":"https:\/\/kibrisdakik.com\/?p=72000"},"wordCount":441,"commentCount":0,"image":{"@id":"https:\/\/kibrisdakik.com\/?p=72000#primaryimage"},"thumbnailUrl":"https:\/\/kibrisdakik.com\/wp-content\/uploads\/2024\/12\/1734704776133tatar-21-aralik-mesaj-740x400.jpg","articleSection":["K\u0131br\u0131s"],"inLanguage":"tr","potentialAction":[{"@type":"CommentAction","name":"Comment","target":["https:\/\/kibrisdakik.com\/?p=72000#respond"]}]},{"@type":"WebPage","@id":"https:\/\/kibrisdakik.com\/?p=72000","url":"https:\/\/kibrisdakik.com\/?p=72000","name":"Cumhurba\u015fkan\u0131 Tatar: 21 Aral\u0131k, milli m\u00fccadele tarihimizin d\u00f6n\u00fcm noktalar\u0131ndan birisidir -","isPartOf":{"@id":"https:\/\/kibrisdakik.com\/#website"},"primaryImageOfPage":{"@id":"https:\/\/kibrisdakik.com\/?p=72000#primaryimage"},"image":{"@id":"https:\/\/kibrisdakik.com\/?p=72000#primaryimage"},"thumbnailUrl":"https:\/\/kibrisdakik.com\/wp-content\/uploads\/2024\/12\/1734704776133tatar-21-aralik-mesaj-740x400.jpg","datePublished":"2024-12-20T15:45:57+00:00","author":{"@id":"https:\/\/kibrisdakik.com\/#\/schema\/person\/9cd9d437bbb44f72b73ba127e06d8e79"},"breadcrumb":{"@id":"https:\/\/kibrisdakik.com\/?p=72000#breadcrumb"},"inLanguage":"tr","potentialAction":[{"@type":"ReadAction","target":["https:\/\/kibrisdakik.com\/?p=72000"]}]},{"@type":"ImageObject","inLanguage":"tr","@id":"https:\/\/kibrisdakik.com\/?p=72000#primaryimage","url":"https:\/\/kibrisdakik.com\/wp-content\/uploads\/2024\/12\/1734704776133tatar-21-aralik-mesaj-740x400.jpg","contentUrl":"https:\/\/kibrisdakik.com\/wp-content\/uploads\/2024\/12\/1734704776133tatar-21-aralik-mesaj-740x400.jpg","width":805,"height":400},{"@type":"BreadcrumbList","@id":"https:\/\/kibrisdakik.com\/?p=72000#breadcrumb","itemListElement":[{"@type":"ListItem","position":1,"name":"Home","item":"https:\/\/kibrisdakik.com\/"},{"@type":"ListItem","position":2,"name":"Cumhurba\u015fkan\u0131 Tatar: 21 Aral\u0131k, milli m\u00fccadele tarihimizin d\u00f6n\u00fcm noktalar\u0131ndan birisidir"}]},{"@type":"WebSite","@id":"https:\/\/kibrisdakik.com\/#website","url":"https:\/\/kibrisdakik.com\/","name":"","description":"Tam vaktinde haber","potentialAction":[{"@type":"SearchAction","target":{"@type":"EntryPoint","urlTemplate":"https:\/\/kibrisdakik.com\/?s={search_term_string}"},"query-input":{"@type":"PropertyValueSpecification","valueRequired":true,"valueName":"search_term_string"}}],"inLanguage":"tr"},{"@type":"Person","@id":"https:\/\/kibrisdakik.com\/#\/schema\/person\/9cd9d437bbb44f72b73ba127e06d8e79","name":"admin","image":{"@type":"ImageObject","inLanguage":"tr","@id":"https:\/\/secure.gravatar.com\/avatar\/ccc17943b9d660506c869530f897617f7cb1c21a4bf30023f252596d83e1f007?s=96&d=mm&r=g","url":"https:\/\/secure.gravatar.com\/avatar\/ccc17943b9d660506c869530f897617f7cb1c21a4bf30023f252596d83e1f007?s=96&d=mm&r=g","contentUrl":"https:\/\/secure.gravatar.com\/avatar\/ccc17943b9d660506c869530f897617f7cb1c21a4bf30023f252596d83e1f007?s=96&d=mm&r=g","caption":"admin"},"sameAs":["https:\/\/kibrisdakik.com"],"url":"https:\/\/kibrisdakik.com\/?author=1"}]}},"_links":{"self":[{"href":"https:\/\/kibrisdakik.com\/index.php?rest_route=\/wp\/v2\/posts\/72000","targetHints":{"allow":["GET"]}}],"collection":[{"href":"https:\/\/kibrisdakik.com\/index.php?rest_route=\/wp\/v2\/posts"}],"about":[{"href":"https:\/\/kibrisdakik.com\/index.php?rest_route=\/wp\/v2\/types\/post"}],"author":[{"embeddable":true,"href":"https:\/\/kibrisdakik.com\/index.php?rest_route=\/wp\/v2\/users\/1"}],"replies":[{"embeddable":true,"href":"https:\/\/kibrisdakik.com\/index.php?rest_route=%2Fwp%2Fv2%2Fcomments&post=72000"}],"version-history":[{"count":0,"href":"https:\/\/kibrisdakik.com\/index.php?rest_route=\/wp\/v2\/posts\/72000\/revisions"}],"wp:featuredmedia":[{"embeddable":true,"href":"https:\/\/kibrisdakik.com\/index.php?rest_route=\/wp\/v2\/media\/72001"}],"wp:attachment":[{"href":"https:\/\/kibrisdakik.com\/index.php?rest_route=%2Fwp%2Fv2%2Fmedia&parent=72000"}],"wp:term":[{"taxonomy":"category","embeddable":true,"href":"https:\/\/kibrisdakik.com\/index.php?rest_route=%2Fwp%2Fv2%2Fcategories&post=72000"},{"taxonomy":"post_tag","embeddable":true,"href":"https:\/\/kibrisdakik.com\/index.php?rest_route=%2Fwp%2Fv2%2Ftags&post=72000"}],"curies":[{"name":"wp","href":"https:\/\/api.w.org\/{rel}","templated":true}]}}