{"id":72002,"date":"2024-12-20T18:50:47","date_gmt":"2024-12-20T15:50:47","guid":{"rendered":"https:\/\/kibrisdakik.com\/index.php\/2024\/12\/20\/lefkosada-yarin-bisiklet-surusu-olacak-bazi-yollarda-guvenlik-onlemi-alinacak\/"},"modified":"2024-12-20T18:50:47","modified_gmt":"2024-12-20T15:50:47","slug":"lefkosada-yarin-bisiklet-surusu-olacak-bazi-yollarda-guvenlik-onlemi-alinacak","status":"publish","type":"post","link":"https:\/\/kibrisdakik.com\/?p=72002","title":{"rendered":"Lefko\u015fa\u2019da yar\u0131n bisiklet s\u00fcr\u00fc\u015f\u00fc olacak, baz\u0131 yollarda g\u00fcvenlik \u00f6nlemi al\u0131nacak"},"content":{"rendered":"<div>\n<div class=\"mariselle-image-container center\">\n                                            <\/div>\n<p>\nLefko\u015fa\u2019da yar\u0131n bisiklet s\u00fcr\u00fc\u015f\u00fc yap\u0131laca\u011f\u0131ndan baz\u0131 yollarda g\u00fcvenlik \u00f6nlemi al\u0131nacak.<\/p>\n<p>\u201c21-25 Aral\u0131k Milli M\u00fccadele ve \u015eehitleri Anma Haftas\u0131\u201d kapsam\u0131nda, Sivil Savunma Te\u015fkilat Ba\u015fkanl\u0131\u011f\u0131 ve Bisiklet Severler Derne\u011fi i\u015fbirli\u011finde ger\u00e7ekle\u015ftirilecek s\u00fcr\u00fc\u015f, yar\u0131n saat 8.30\u2019da Lefko\u015fa\u2019da Girne Kap\u0131s\u0131 (\u015eehitler An\u0131t\u0131) \u00f6n\u00fcnde ba\u015flayacak.<\/p>\n<p>Polis eskortunun e\u015flik edece\u011fi sporcular\u0131n ge\u00e7ece\u011fi g\u00fczergahtaki t\u00fcm kav\u015fak ve \u00e7emberler ge\u00e7ici olarak ara\u00e7 trafi\u011fine kapat\u0131lacak.<\/p>\n<p>\u0130zlenecek ve g\u00fcvenlik \u00f6nlemi al\u0131nacak g\u00fczergahlarla ilgili polisin yapt\u0131\u011f\u0131 a\u00e7\u0131klama \u015f\u00f6yle:<\/p>\n<p>\u201c08.30-12.30 saatlerinde ger\u00e7ekle\u015ftirilecek olan bisiklet s\u00fcr\u00fc\u015f\u00fc, Lefko\u015fa\u2019da Girne Kap\u0131s\u0131 (\u015eehitler An\u0131t\u0131) \u00f6n\u00fcnde ba\u015flayacak olup bisikletli sporcular; Lefko\u015fa \u015fehir i\u00e7i g\u00fczergah\u0131 ile Lefko\u015fa-Girne Anayolu g\u00fczergah\u0131n\u0131 takiben Bo\u011fazk\u00f6y Kav\u015fa\u011f\u0131\u2019na gelecek ve kav\u015faktan sa\u011fa d\u00f6n\u00fcp, Bo\u011faz \u015eehitli\u011fi-Dikmen Yolu-Ta\u015fkent Yolu-Haspolat \u00c7emberi-Gazima\u011fusa-Lefko\u015fa Anayolu ve yine Lefko\u015fa \u015fehir i\u00e7i g\u00fczergah\u0131 \u00fczerinden Lefko\u015fa Girne Kap\u0131s\u0131\u2019na gelecek. Bisiklet s\u00fcr\u00fc\u015f\u00fc bu noktada sona erecek.\u201d<\/p>\n<p>Polisin a\u00e7\u0131klamas\u0131nda, s\u00f6z konusu yol g\u00fczergah\u0131n\u0131 kullanacak s\u00fcr\u00fcc\u00fclerin yava\u015f ve dikkatli seyretmesi, trafik i\u015faret ve i\u015faret\u00e7ilerine uymas\u0131 istendi.<\/p>\n<\/p><\/div>\n<p><script async\n                    defer\n                    crossorigin=\"anonymous\"\n                    src=\"https:\/\/connect.facebook.net\/tr_TR\/sdk.js#xfbml=1&#038;version=v3.3\"\n            ><\/script><\/p>\n","protected":false},"excerpt":{"rendered":"<p>Lefko\u015fa\u2019da yar\u0131n bisiklet s\u00fcr\u00fc\u015f\u00fc yap\u0131laca\u011f\u0131ndan baz\u0131 yollarda g\u00fcvenlik \u00f6nlemi al\u0131nacak. \u201c21-25 Aral\u0131k Milli M\u00fccadele ve \u015eehitleri Anma Haftas\u0131\u201d kapsam\u0131nda, Sivil Savunma Te\u015fkilat Ba\u015fkanl\u0131\u011f\u0131 ve Bisiklet Severler Derne\u011fi i\u015fbirli\u011finde ger\u00e7ekle\u015ftirilecek s\u00fcr\u00fc\u015f, yar\u0131n saat 8.30\u2019da Lefko\u015fa\u2019da Girne Kap\u0131s\u0131 (\u015eehitler An\u0131t\u0131) \u00f6n\u00fcnde ba\u015flayacak. Polis eskortunun e\u015flik edece\u011fi sporcular\u0131n ge\u00e7ece\u011fi g\u00fczergahtaki t\u00fcm kav\u015fak ve \u00e7emberler ge\u00e7ici olarak ara\u00e7 trafi\u011fine<\/p>\n","protected":false},"author":1,"featured_media":72003,"comment_status":"open","ping_status":"open","sticky":false,"template":"","format":"standard","meta":{"footnotes":""},"categories":[81],"tags":[],"class_list":["post-72002","post","type-post","status-publish","format-standard","has-post-thumbnail","hentry","category-kibris"],"yoast_head":"<!-- This site is optimized with the Yoast SEO plugin v27.4 - https:\/\/yoast.com\/product\/yoast-seo-wordpress\/ -->\n<title>Lefko\u015fa\u2019da yar\u0131n bisiklet s\u00fcr\u00fc\u015f\u00fc olacak, baz\u0131 yollarda g\u00fcvenlik \u00f6nlemi al\u0131nacak -<\/title>\n<meta name=\"robots\" content=\"index, follow, max-snippet:-1, max-image-preview:large, max-video-preview:-1\" \/>\n<link rel=\"canonical\" href=\"https:\/\/kibrisdakik.com\/?p=72002\" \/>\n<meta property=\"og:locale\" content=\"tr_TR\" \/>\n<meta property=\"og:type\" content=\"article\" \/>\n<meta property=\"og:title\" content=\"Lefko\u015fa\u2019da yar\u0131n bisiklet s\u00fcr\u00fc\u015f\u00fc olacak, baz\u0131 yollarda g\u00fcvenlik \u00f6nlemi al\u0131nacak -\" \/>\n<meta property=\"og:description\" content=\"Lefko\u015fa\u2019da yar\u0131n bisiklet s\u00fcr\u00fc\u015f\u00fc yap\u0131laca\u011f\u0131ndan baz\u0131 yollarda g\u00fcvenlik \u00f6nlemi al\u0131nacak. \u201c21-25 Aral\u0131k Milli M\u00fccadele ve \u015eehitleri Anma Haftas\u0131\u201d kapsam\u0131nda, Sivil Savunma Te\u015fkilat Ba\u015fkanl\u0131\u011f\u0131 ve Bisiklet Severler Derne\u011fi i\u015fbirli\u011finde ger\u00e7ekle\u015ftirilecek s\u00fcr\u00fc\u015f, yar\u0131n saat 8.30\u2019da Lefko\u015fa\u2019da Girne Kap\u0131s\u0131 (\u015eehitler An\u0131t\u0131) \u00f6n\u00fcnde ba\u015flayacak. Polis eskortunun e\u015flik edece\u011fi sporcular\u0131n ge\u00e7ece\u011fi g\u00fczergahtaki t\u00fcm kav\u015fak ve \u00e7emberler ge\u00e7ici olarak ara\u00e7 trafi\u011fine\" \/>\n<meta property=\"og:url\" content=\"https:\/\/kibrisdakik.com\/?p=72002\" \/>\n<meta property=\"article:published_time\" content=\"2024-12-20T15:50:47+00:00\" \/>\n<meta property=\"og:image\" content=\"https:\/\/kibrisdakik.com\/wp-content\/uploads\/2024\/12\/FB_IMG_1734706287427-740x420.jpg\" \/>\n\t<meta property=\"og:image:width\" content=\"960\" \/>\n\t<meta property=\"og:image:height\" content=\"720\" \/>\n\t<meta property=\"og:image:type\" content=\"image\/jpeg\" \/>\n<meta name=\"author\" content=\"admin\" \/>\n<meta name=\"twitter:card\" content=\"summary_large_image\" \/>\n<meta name=\"twitter:label1\" content=\"Yazan:\" \/>\n\t<meta name=\"twitter:data1\" content=\"admin\" \/>\n\t<meta name=\"twitter:label2\" content=\"Tahmini okuma s\u00fcresi\" \/>\n\t<meta name=\"twitter:data2\" content=\"1 dakika\" \/>\n<script type=\"application\/ld+json\" class=\"yoast-schema-graph\">{\"@context\":\"https:\\\/\\\/schema.org\",\"@graph\":[{\"@type\":\"Article\",\"@id\":\"https:\\\/\\\/kibrisdakik.com\\\/?p=72002#article\",\"isPartOf\":{\"@id\":\"https:\\\/\\\/kibrisdakik.com\\\/?p=72002\"},\"author\":{\"name\":\"admin\",\"@id\":\"https:\\\/\\\/kibrisdakik.com\\\/#\\\/schema\\\/person\\\/9cd9d437bbb44f72b73ba127e06d8e79\"},\"headline\":\"Lefko\u015fa\u2019da yar\u0131n bisiklet s\u00fcr\u00fc\u015f\u00fc olacak, baz\u0131 yollarda g\u00fcvenlik \u00f6nlemi al\u0131nacak\",\"datePublished\":\"2024-12-20T15:50:47+00:00\",\"mainEntityOfPage\":{\"@id\":\"https:\\\/\\\/kibrisdakik.com\\\/?p=72002\"},\"wordCount\":243,\"commentCount\":0,\"image\":{\"@id\":\"https:\\\/\\\/kibrisdakik.com\\\/?p=72002#primaryimage\"},\"thumbnailUrl\":\"https:\\\/\\\/kibrisdakik.com\\\/wp-content\\\/uploads\\\/2024\\\/12\\\/FB_IMG_1734706287427-740x420.jpg\",\"articleSection\":[\"K\u0131br\u0131s\"],\"inLanguage\":\"tr\",\"potentialAction\":[{\"@type\":\"CommentAction\",\"name\":\"Comment\",\"target\":[\"https:\\\/\\\/kibrisdakik.com\\\/?p=72002#respond\"]}]},{\"@type\":\"WebPage\",\"@id\":\"https:\\\/\\\/kibrisdakik.com\\\/?p=72002\",\"url\":\"https:\\\/\\\/kibrisdakik.com\\\/?p=72002\",\"name\":\"Lefko\u015fa\u2019da yar\u0131n bisiklet s\u00fcr\u00fc\u015f\u00fc olacak, baz\u0131 yollarda g\u00fcvenlik \u00f6nlemi al\u0131nacak -\",\"isPartOf\":{\"@id\":\"https:\\\/\\\/kibrisdakik.com\\\/#website\"},\"primaryImageOfPage\":{\"@id\":\"https:\\\/\\\/kibrisdakik.com\\\/?p=72002#primaryimage\"},\"image\":{\"@id\":\"https:\\\/\\\/kibrisdakik.com\\\/?p=72002#primaryimage\"},\"thumbnailUrl\":\"https:\\\/\\\/kibrisdakik.com\\\/wp-content\\\/uploads\\\/2024\\\/12\\\/FB_IMG_1734706287427-740x420.jpg\",\"datePublished\":\"2024-12-20T15:50:47+00:00\",\"author\":{\"@id\":\"https:\\\/\\\/kibrisdakik.com\\\/#\\\/schema\\\/person\\\/9cd9d437bbb44f72b73ba127e06d8e79\"},\"breadcrumb\":{\"@id\":\"https:\\\/\\\/kibrisdakik.com\\\/?p=72002#breadcrumb\"},\"inLanguage\":\"tr\",\"potentialAction\":[{\"@type\":\"ReadAction\",\"target\":[\"https:\\\/\\\/kibrisdakik.com\\\/?p=72002\"]}]},{\"@type\":\"ImageObject\",\"inLanguage\":\"tr\",\"@id\":\"https:\\\/\\\/kibrisdakik.com\\\/?p=72002#primaryimage\",\"url\":\"https:\\\/\\\/kibrisdakik.com\\\/wp-content\\\/uploads\\\/2024\\\/12\\\/FB_IMG_1734706287427-740x420.jpg\",\"contentUrl\":\"https:\\\/\\\/kibrisdakik.com\\\/wp-content\\\/uploads\\\/2024\\\/12\\\/FB_IMG_1734706287427-740x420.jpg\",\"width\":960,\"height\":720},{\"@type\":\"BreadcrumbList\",\"@id\":\"https:\\\/\\\/kibrisdakik.com\\\/?p=72002#breadcrumb\",\"itemListElement\":[{\"@type\":\"ListItem\",\"position\":1,\"name\":\"Home\",\"item\":\"https:\\\/\\\/kibrisdakik.com\\\/\"},{\"@type\":\"ListItem\",\"position\":2,\"name\":\"Lefko\u015fa\u2019da yar\u0131n bisiklet s\u00fcr\u00fc\u015f\u00fc olacak, baz\u0131 yollarda g\u00fcvenlik \u00f6nlemi al\u0131nacak\"}]},{\"@type\":\"WebSite\",\"@id\":\"https:\\\/\\\/kibrisdakik.com\\\/#website\",\"url\":\"https:\\\/\\\/kibrisdakik.com\\\/\",\"name\":\"\",\"description\":\"Tam vaktinde haber\",\"potentialAction\":[{\"@type\":\"SearchAction\",\"target\":{\"@type\":\"EntryPoint\",\"urlTemplate\":\"https:\\\/\\\/kibrisdakik.com\\\/?s={search_term_string}\"},\"query-input\":{\"@type\":\"PropertyValueSpecification\",\"valueRequired\":true,\"valueName\":\"search_term_string\"}}],\"inLanguage\":\"tr\"},{\"@type\":\"Person\",\"@id\":\"https:\\\/\\\/kibrisdakik.com\\\/#\\\/schema\\\/person\\\/9cd9d437bbb44f72b73ba127e06d8e79\",\"name\":\"admin\",\"image\":{\"@type\":\"ImageObject\",\"inLanguage\":\"tr\",\"@id\":\"https:\\\/\\\/secure.gravatar.com\\\/avatar\\\/ccc17943b9d660506c869530f897617f7cb1c21a4bf30023f252596d83e1f007?s=96&d=mm&r=g\",\"url\":\"https:\\\/\\\/secure.gravatar.com\\\/avatar\\\/ccc17943b9d660506c869530f897617f7cb1c21a4bf30023f252596d83e1f007?s=96&d=mm&r=g\",\"contentUrl\":\"https:\\\/\\\/secure.gravatar.com\\\/avatar\\\/ccc17943b9d660506c869530f897617f7cb1c21a4bf30023f252596d83e1f007?s=96&d=mm&r=g\",\"caption\":\"admin\"},\"sameAs\":[\"https:\\\/\\\/kibrisdakik.com\"],\"url\":\"https:\\\/\\\/kibrisdakik.com\\\/?author=1\"}]}<\/script>\n<!-- \/ Yoast SEO plugin. -->","yoast_head_json":{"title":"Lefko\u015fa\u2019da yar\u0131n bisiklet s\u00fcr\u00fc\u015f\u00fc olacak, baz\u0131 yollarda g\u00fcvenlik \u00f6nlemi al\u0131nacak -","robots":{"index":"index","follow":"follow","max-snippet":"max-snippet:-1","max-image-preview":"max-image-preview:large","max-video-preview":"max-video-preview:-1"},"canonical":"https:\/\/kibrisdakik.com\/?p=72002","og_locale":"tr_TR","og_type":"article","og_title":"Lefko\u015fa\u2019da yar\u0131n bisiklet s\u00fcr\u00fc\u015f\u00fc olacak, baz\u0131 yollarda g\u00fcvenlik \u00f6nlemi al\u0131nacak -","og_description":"Lefko\u015fa\u2019da yar\u0131n bisiklet s\u00fcr\u00fc\u015f\u00fc yap\u0131laca\u011f\u0131ndan baz\u0131 yollarda g\u00fcvenlik \u00f6nlemi al\u0131nacak. \u201c21-25 Aral\u0131k Milli M\u00fccadele ve \u015eehitleri Anma Haftas\u0131\u201d kapsam\u0131nda, Sivil Savunma Te\u015fkilat Ba\u015fkanl\u0131\u011f\u0131 ve Bisiklet Severler Derne\u011fi i\u015fbirli\u011finde ger\u00e7ekle\u015ftirilecek s\u00fcr\u00fc\u015f, yar\u0131n saat 8.30\u2019da Lefko\u015fa\u2019da Girne Kap\u0131s\u0131 (\u015eehitler An\u0131t\u0131) \u00f6n\u00fcnde ba\u015flayacak. Polis eskortunun e\u015flik edece\u011fi sporcular\u0131n ge\u00e7ece\u011fi g\u00fczergahtaki t\u00fcm kav\u015fak ve \u00e7emberler ge\u00e7ici olarak ara\u00e7 trafi\u011fine","og_url":"https:\/\/kibrisdakik.com\/?p=72002","article_published_time":"2024-12-20T15:50:47+00:00","og_image":[{"width":960,"height":720,"url":"https:\/\/kibrisdakik.com\/wp-content\/uploads\/2024\/12\/FB_IMG_1734706287427-740x420.jpg","type":"image\/jpeg"}],"author":"admin","twitter_card":"summary_large_image","twitter_misc":{"Yazan:":"admin","Tahmini okuma s\u00fcresi":"1 dakika"},"schema":{"@context":"https:\/\/schema.org","@graph":[{"@type":"Article","@id":"https:\/\/kibrisdakik.com\/?p=72002#article","isPartOf":{"@id":"https:\/\/kibrisdakik.com\/?p=72002"},"author":{"name":"admin","@id":"https:\/\/kibrisdakik.com\/#\/schema\/person\/9cd9d437bbb44f72b73ba127e06d8e79"},"headline":"Lefko\u015fa\u2019da yar\u0131n bisiklet s\u00fcr\u00fc\u015f\u00fc olacak, baz\u0131 yollarda g\u00fcvenlik \u00f6nlemi al\u0131nacak","datePublished":"2024-12-20T15:50:47+00:00","mainEntityOfPage":{"@id":"https:\/\/kibrisdakik.com\/?p=72002"},"wordCount":243,"commentCount":0,"image":{"@id":"https:\/\/kibrisdakik.com\/?p=72002#primaryimage"},"thumbnailUrl":"https:\/\/kibrisdakik.com\/wp-content\/uploads\/2024\/12\/FB_IMG_1734706287427-740x420.jpg","articleSection":["K\u0131br\u0131s"],"inLanguage":"tr","potentialAction":[{"@type":"CommentAction","name":"Comment","target":["https:\/\/kibrisdakik.com\/?p=72002#respond"]}]},{"@type":"WebPage","@id":"https:\/\/kibrisdakik.com\/?p=72002","url":"https:\/\/kibrisdakik.com\/?p=72002","name":"Lefko\u015fa\u2019da yar\u0131n bisiklet s\u00fcr\u00fc\u015f\u00fc olacak, baz\u0131 yollarda g\u00fcvenlik \u00f6nlemi al\u0131nacak -","isPartOf":{"@id":"https:\/\/kibrisdakik.com\/#website"},"primaryImageOfPage":{"@id":"https:\/\/kibrisdakik.com\/?p=72002#primaryimage"},"image":{"@id":"https:\/\/kibrisdakik.com\/?p=72002#primaryimage"},"thumbnailUrl":"https:\/\/kibrisdakik.com\/wp-content\/uploads\/2024\/12\/FB_IMG_1734706287427-740x420.jpg","datePublished":"2024-12-20T15:50:47+00:00","author":{"@id":"https:\/\/kibrisdakik.com\/#\/schema\/person\/9cd9d437bbb44f72b73ba127e06d8e79"},"breadcrumb":{"@id":"https:\/\/kibrisdakik.com\/?p=72002#breadcrumb"},"inLanguage":"tr","potentialAction":[{"@type":"ReadAction","target":["https:\/\/kibrisdakik.com\/?p=72002"]}]},{"@type":"ImageObject","inLanguage":"tr","@id":"https:\/\/kibrisdakik.com\/?p=72002#primaryimage","url":"https:\/\/kibrisdakik.com\/wp-content\/uploads\/2024\/12\/FB_IMG_1734706287427-740x420.jpg","contentUrl":"https:\/\/kibrisdakik.com\/wp-content\/uploads\/2024\/12\/FB_IMG_1734706287427-740x420.jpg","width":960,"height":720},{"@type":"BreadcrumbList","@id":"https:\/\/kibrisdakik.com\/?p=72002#breadcrumb","itemListElement":[{"@type":"ListItem","position":1,"name":"Home","item":"https:\/\/kibrisdakik.com\/"},{"@type":"ListItem","position":2,"name":"Lefko\u015fa\u2019da yar\u0131n bisiklet s\u00fcr\u00fc\u015f\u00fc olacak, baz\u0131 yollarda g\u00fcvenlik \u00f6nlemi al\u0131nacak"}]},{"@type":"WebSite","@id":"https:\/\/kibrisdakik.com\/#website","url":"https:\/\/kibrisdakik.com\/","name":"","description":"Tam vaktinde haber","potentialAction":[{"@type":"SearchAction","target":{"@type":"EntryPoint","urlTemplate":"https:\/\/kibrisdakik.com\/?s={search_term_string}"},"query-input":{"@type":"PropertyValueSpecification","valueRequired":true,"valueName":"search_term_string"}}],"inLanguage":"tr"},{"@type":"Person","@id":"https:\/\/kibrisdakik.com\/#\/schema\/person\/9cd9d437bbb44f72b73ba127e06d8e79","name":"admin","image":{"@type":"ImageObject","inLanguage":"tr","@id":"https:\/\/secure.gravatar.com\/avatar\/ccc17943b9d660506c869530f897617f7cb1c21a4bf30023f252596d83e1f007?s=96&d=mm&r=g","url":"https:\/\/secure.gravatar.com\/avatar\/ccc17943b9d660506c869530f897617f7cb1c21a4bf30023f252596d83e1f007?s=96&d=mm&r=g","contentUrl":"https:\/\/secure.gravatar.com\/avatar\/ccc17943b9d660506c869530f897617f7cb1c21a4bf30023f252596d83e1f007?s=96&d=mm&r=g","caption":"admin"},"sameAs":["https:\/\/kibrisdakik.com"],"url":"https:\/\/kibrisdakik.com\/?author=1"}]}},"_links":{"self":[{"href":"https:\/\/kibrisdakik.com\/index.php?rest_route=\/wp\/v2\/posts\/72002","targetHints":{"allow":["GET"]}}],"collection":[{"href":"https:\/\/kibrisdakik.com\/index.php?rest_route=\/wp\/v2\/posts"}],"about":[{"href":"https:\/\/kibrisdakik.com\/index.php?rest_route=\/wp\/v2\/types\/post"}],"author":[{"embeddable":true,"href":"https:\/\/kibrisdakik.com\/index.php?rest_route=\/wp\/v2\/users\/1"}],"replies":[{"embeddable":true,"href":"https:\/\/kibrisdakik.com\/index.php?rest_route=%2Fwp%2Fv2%2Fcomments&post=72002"}],"version-history":[{"count":0,"href":"https:\/\/kibrisdakik.com\/index.php?rest_route=\/wp\/v2\/posts\/72002\/revisions"}],"wp:featuredmedia":[{"embeddable":true,"href":"https:\/\/kibrisdakik.com\/index.php?rest_route=\/wp\/v2\/media\/72003"}],"wp:attachment":[{"href":"https:\/\/kibrisdakik.com\/index.php?rest_route=%2Fwp%2Fv2%2Fmedia&parent=72002"}],"wp:term":[{"taxonomy":"category","embeddable":true,"href":"https:\/\/kibrisdakik.com\/index.php?rest_route=%2Fwp%2Fv2%2Fcategories&post=72002"},{"taxonomy":"post_tag","embeddable":true,"href":"https:\/\/kibrisdakik.com\/index.php?rest_route=%2Fwp%2Fv2%2Ftags&post=72002"}],"curies":[{"name":"wp","href":"https:\/\/api.w.org\/{rel}","templated":true}]}}