{"id":72015,"date":"2024-12-20T20:00:21","date_gmt":"2024-12-20T17:00:21","guid":{"rendered":"https:\/\/kibrisdakik.com\/index.php\/2024\/12\/20\/berova-genel-kurulda-vurguladi-hayat-pahaliligi-yilda-2-kez-verilmeye-devam-edilecek-bu-duzenleme-kesinti-icin-degil\/"},"modified":"2024-12-20T20:00:21","modified_gmt":"2024-12-20T17:00:21","slug":"berova-genel-kurulda-vurguladi-hayat-pahaliligi-yilda-2-kez-verilmeye-devam-edilecek-bu-duzenleme-kesinti-icin-degil","status":"publish","type":"post","link":"https:\/\/kibrisdakik.com\/?p=72015","title":{"rendered":"Berova Genel Kurulda vurgulad\u0131: \u201cHayat Pahal\u0131l\u0131\u011f\u0131 y\u0131lda 2 kez verilmeye devam edilecek. Bu d\u00fczenleme, kesinti i\u00e7in de\u011fil\u201d"},"content":{"rendered":"<div>\n<div class=\"mariselle-image-container center\">\n                                            <\/div>\n<p>Maliye Bakan\u0131 \u00d6zdemir Berova, 2025\u2019in kay\u0131t d\u0131\u015f\u0131l\u0131kla m\u00fccadele y\u0131l\u0131 olaca\u011f\u0131n\u0131 kaydetti. Genel Kuruldaki b\u00fct\u00e7e g\u00f6r\u00fc\u015fmelerinde s\u00f6z alan Berova, Hayat Pahal\u0131\u011f\u0131yla ilgili yasal d\u00fczenleme konusunda da konu\u015farak, \u201cBu, kesinti d\u00fczenlemesi de\u011fil. HP y\u0131lda 2 kez verilmeye devam edilecek. Verilecek HP, o d\u00f6nemdeki HP\u2019ye e\u015fit olarak verilecek\u201d dedi.<\/p>\n<p>2025 Mali Y\u0131l\u0131 Merkezi Devlet Y\u00f6netimi B\u00fct\u00e7e Yasas\u0131 Cumhuriyet Meclisi Genel Kurulu\u2019nda oylanmadan \u00f6nce, 68 Milyar 971 Milyon 69 Bin TL\u2019lik Maliye Bakanl\u0131\u011f\u0131 b\u00fct\u00e7esi ile gelirler b\u00fct\u00e7esi g\u00f6r\u00fc\u015f\u00fclerek oy \u00e7oklu\u011fuyla kabul edildi.<\/p>\n<p>K\u00fcrs\u00fcye \u00e7\u0131karak milletvekillerini yan\u0131tlayan Maliye Bakan\u0131 Berova, \u201c2025\u2019de kamu maliyesi olarak vermek istedi\u011fimiz net mesajlar var. 2025 y\u0131l\u0131 kay\u0131t d\u0131\u015f\u0131l\u0131kla m\u00fccadele y\u0131l\u0131 olacak. Saha denetimlerine ba\u015flad\u0131k. B\u00fct\u00e7e a\u00e7\u0131\u011f\u0131n\u0131n kapat\u0131lmas\u0131 i\u00e7in en \u00f6nemli unsurlardan biri de bu olacak\u201d diye konu\u015ftu.<\/p>\n<p>Mecliste olan yasalara i\u015faret eden ve bu konuda bilgi veren Berova, Ta\u015f\u0131nmaz Mal Komisyonu hakk\u0131nda da konu\u015ftu.<\/p>\n<p>\u00d6denmesi gereken y\u00fck\u00fcml\u00fcl\u00fcklerin 2020 sonuna kadar yerine getirildi\u011fini s\u00f6yleyen Berova, yasal d\u00fczenlemelerle ve Anavatan T\u00fcrkiye\u2019den gelen katk\u0131yla bu y\u0131lk\u0131 hedefin, 2021 sonuna kadar t\u00fcm y\u00fck\u00fcml\u00fcl\u00fckleri \u00f6demek oldu\u011funu kaydetti.<\/p>\n<p>Vergi aff\u0131yla ilgili de konu\u015fan Maliye Bakan\u0131 Berova, afla ilgili s\u00fcrenin 26 Aral\u0131k\u2019ta dolaca\u011f\u0131n\u0131 ve herhangi bir uzatma olmayaca\u011f\u0131n\u0131 kaydederek, Vergi Dairesi\u2019nin yar\u0131n ve pazar g\u00fcn\u00fc de a\u00e7\u0131k olaca\u011f\u0131n\u0131 aktard\u0131.<\/p>\n<p>Hayat Pahal\u0131l\u0131\u011f\u0131 konusundaki yasal d\u00fczenlemeyle ilgili ele\u015ftirileri de yan\u0131tlayan \u00d6zdemir Berova, \u201cBu, kesinti d\u00fczenlemesi de\u011fil. HP y\u0131lda 2 kez verilmeye devam edilecek. Verilecek HP, o d\u00f6nemdeki HP\u2019ye e\u015fit olarak verilecek\u201d dedi.<\/p>\n<p>\u201c2025 daha \u00f6ng\u00f6r\u00fclebilir bir y\u0131l olarak \u00f6n\u00fcm\u00fczde duruyor\u201d diyen Berova, pahal\u0131l\u0131kla m\u00fccadele enstr\u00fcmanlar\u0131n\u0131 do\u011fru \u015fekilde kullanmak i\u00e7in \u00e7al\u0131\u015facaklar\u0131n\u0131 belirtti.<\/p>\n<p>Gazima\u011fusa Liman\u0131\u2019ndaki ihale s\u00fcrecine de de\u011finen Berova, burada piyasaya yans\u0131yacak bir pahal\u0131l\u0131k olmayaca\u011f\u0131n\u0131 dile getirdi.<\/p>\n<p>Maliye Bakan\u0131 \u00d6zdemir Berova, 2025 b\u00fct\u00e7e g\u00f6r\u00fc\u015fmelerinin zorlu ve uzun ge\u00e7ti\u011fini de dile getirerek, ele\u015ftiriler yap\u0131ld\u0131\u011f\u0131n\u0131, \u00f6nerilerde bulunuldu\u011funu s\u00f6yledi. Berova, b\u00fct\u00e7enin haz\u0131rlanmas\u0131nda eme\u011fi ge\u00e7enlere ve Meclis \u00e7al\u0131\u015fanlar\u0131na te\u015fekk\u00fcr etti.<\/p>\n<p>Maliye Bakanl\u0131\u011f\u0131 b\u00fct\u00e7esi oy \u00e7oklu\u011fuyla oyland\u0131ktan sonra Gelirler b\u00fct\u00e7esi \u00fczerinde s\u00f6z alan CTP Milletvekili Devrim Bar\u00e7\u0131n, uzman askerlerin ve uzmanl\u0131ktan sivil i\u015f\u00e7ili\u011fe ge\u00e7en GKK personelinin hak ma\u011fduriyetlerin giderilmesi i\u00e7in haz\u0131rlanan yasa \u00e7al\u0131\u015fman\u0131n ne a\u015famada oldu\u011funu sordu.<\/p>\n<p>Maliye Bakan\u0131 Berova, askerlerle ilgili yasal d\u00fczenlemenin mecliste oldu\u011funu, Anavatanla g\u00f6r\u00fc\u015f\u00fcld\u00fc\u011f\u00fcn\u00fc ve notlar\u0131n al\u0131nd\u0131\u011f\u0131n\u0131, pazartesi g\u00fcn\u00fc yine ilgililerle konu\u015farak bu a\u00e7\u0131l\u0131m\u0131n nas\u0131l yap\u0131laca\u011f\u0131 konusunda g\u00f6r\u00fc\u015f al\u0131\u015fveri\u015finde bulunulaca\u011f\u0131n\u0131 aktard\u0131.<\/p>\n<p>Berova, Ba\u015fbakan \u00dcnal \u00dcstel\u2019in ocak ay\u0131n\u0131n ba\u015f\u0131nda T\u00fcrkiye\u2019ye giderek mali protokol\u00fc imzalayaca\u011f\u0131n\u0131, di\u011fer protokollerin de buna paralel \u015fekilde d\u00fczenlenece\u011fini kaydetti.<\/p>\n<p>Gelirler b\u00fct\u00e7esiyle 2025 Mali Y\u0131l\u0131 Merkezi Devlet Y\u00f6netimi B\u00fct\u00e7e Yasa Tasar\u0131s\u0131\u2019n\u0131n oylanmas\u0131n\u0131n ard\u0131ndan k\u0131sa bir konu\u015fma yapan Meclis Ba\u015fkan\u0131 Ziya \u00d6zt\u00fcrkler de, b\u00fct\u00e7enin haz\u0131rlanmas\u0131na katk\u0131 koyanlarla, milletvekillerine, divan \u00fcyelerine ve Meclis \u00e7al\u0131\u015fanlar\u0131na te\u015fekk\u00fcr etti.<\/p>\n<p>2025 i\u00e7in iyi dileklerini de payla\u015fan \u00d6zt\u00fcrkler, b\u00fct\u00e7e g\u00f6r\u00fc\u015fmeleri s\u0131ras\u0131ndan CTP Milletvekili As\u0131m Akansoy ile Ekonomi Bakan\u0131 Olgun Amcao\u011flu\u2019nun yak\u0131nlar\u0131n\u0131 kaybetti\u011fini ifade ederek, ba\u015f sa\u011fl\u0131\u011f\u0131 dileklerini yineledi.<\/p>\n<p>Cumhuriyet Meclisi Genel Kurulu\u2019nun yeni y\u0131ldaki ilk toplant\u0131s\u0131 6 Ocak\u2019ta yap\u0131lacak.<\/p>\n<\/p><\/div>\n<p><script async\n                    defer\n                    crossorigin=\"anonymous\"\n                    src=\"https:\/\/connect.facebook.net\/tr_TR\/sdk.js#xfbml=1&#038;version=v3.3\"\n            ><\/script><\/p>\n","protected":false},"excerpt":{"rendered":"<p>Maliye Bakan\u0131 \u00d6zdemir Berova, 2025\u2019in kay\u0131t d\u0131\u015f\u0131l\u0131kla m\u00fccadele y\u0131l\u0131 olaca\u011f\u0131n\u0131 kaydetti. Genel Kuruldaki b\u00fct\u00e7e g\u00f6r\u00fc\u015fmelerinde s\u00f6z alan Berova, Hayat Pahal\u0131\u011f\u0131yla ilgili yasal d\u00fczenleme konusunda da konu\u015farak, \u201cBu, kesinti d\u00fczenlemesi de\u011fil. HP y\u0131lda 2 kez verilmeye devam edilecek. Verilecek HP, o d\u00f6nemdeki HP\u2019ye e\u015fit olarak verilecek\u201d dedi. 2025 Mali Y\u0131l\u0131 Merkezi Devlet Y\u00f6netimi B\u00fct\u00e7e Yasas\u0131 Cumhuriyet<\/p>\n","protected":false},"author":1,"featured_media":72016,"comment_status":"open","ping_status":"open","sticky":false,"template":"","format":"standard","meta":{"footnotes":""},"categories":[81],"tags":[],"class_list":["post-72015","post","type-post","status-publish","format-standard","has-post-thumbnail","hentry","category-kibris"],"yoast_head":"<!-- This site is optimized with the Yoast SEO plugin v27.4 - https:\/\/yoast.com\/product\/yoast-seo-wordpress\/ -->\n<title>Berova Genel Kurulda vurgulad\u0131: \u201cHayat Pahal\u0131l\u0131\u011f\u0131 y\u0131lda 2 kez verilmeye devam edilecek. Bu d\u00fczenleme, kesinti i\u00e7in de\u011fil\u201d -<\/title>\n<meta name=\"robots\" content=\"index, follow, max-snippet:-1, max-image-preview:large, max-video-preview:-1\" \/>\n<link rel=\"canonical\" href=\"https:\/\/kibrisdakik.com\/?p=72015\" \/>\n<meta property=\"og:locale\" content=\"tr_TR\" \/>\n<meta property=\"og:type\" content=\"article\" \/>\n<meta property=\"og:title\" content=\"Berova Genel Kurulda vurgulad\u0131: \u201cHayat Pahal\u0131l\u0131\u011f\u0131 y\u0131lda 2 kez verilmeye devam edilecek. Bu d\u00fczenleme, kesinti i\u00e7in de\u011fil\u201d -\" \/>\n<meta property=\"og:description\" content=\"Maliye Bakan\u0131 \u00d6zdemir Berova, 2025\u2019in kay\u0131t d\u0131\u015f\u0131l\u0131kla m\u00fccadele y\u0131l\u0131 olaca\u011f\u0131n\u0131 kaydetti. Genel Kuruldaki b\u00fct\u00e7e g\u00f6r\u00fc\u015fmelerinde s\u00f6z alan Berova, Hayat Pahal\u0131\u011f\u0131yla ilgili yasal d\u00fczenleme konusunda da konu\u015farak, \u201cBu, kesinti d\u00fczenlemesi de\u011fil. HP y\u0131lda 2 kez verilmeye devam edilecek. Verilecek HP, o d\u00f6nemdeki HP\u2019ye e\u015fit olarak verilecek\u201d dedi. 2025 Mali Y\u0131l\u0131 Merkezi Devlet Y\u00f6netimi B\u00fct\u00e7e Yasas\u0131 Cumhuriyet\" \/>\n<meta property=\"og:url\" content=\"https:\/\/kibrisdakik.com\/?p=72015\" \/>\n<meta property=\"article:published_time\" content=\"2024-12-20T17:00:21+00:00\" \/>\n<meta property=\"og:image\" content=\"https:\/\/kibrisdakik.com\/wp-content\/uploads\/2024\/12\/1734709690985berova-meclis-kursu-740x420.jpeg\" \/>\n\t<meta property=\"og:image:width\" content=\"1600\" \/>\n\t<meta property=\"og:image:height\" content=\"1066\" \/>\n\t<meta property=\"og:image:type\" content=\"image\/jpeg\" \/>\n<meta name=\"author\" content=\"admin\" \/>\n<meta name=\"twitter:card\" content=\"summary_large_image\" \/>\n<meta name=\"twitter:label1\" content=\"Yazan:\" \/>\n\t<meta name=\"twitter:data1\" content=\"admin\" \/>\n\t<meta name=\"twitter:label2\" content=\"Tahmini okuma s\u00fcresi\" \/>\n\t<meta name=\"twitter:data2\" content=\"3 dakika\" \/>\n<script type=\"application\/ld+json\" class=\"yoast-schema-graph\">{\"@context\":\"https:\\\/\\\/schema.org\",\"@graph\":[{\"@type\":\"Article\",\"@id\":\"https:\\\/\\\/kibrisdakik.com\\\/?p=72015#article\",\"isPartOf\":{\"@id\":\"https:\\\/\\\/kibrisdakik.com\\\/?p=72015\"},\"author\":{\"name\":\"admin\",\"@id\":\"https:\\\/\\\/kibrisdakik.com\\\/#\\\/schema\\\/person\\\/9cd9d437bbb44f72b73ba127e06d8e79\"},\"headline\":\"Berova Genel Kurulda vurgulad\u0131: \u201cHayat Pahal\u0131l\u0131\u011f\u0131 y\u0131lda 2 kez verilmeye devam edilecek. Bu d\u00fczenleme, kesinti i\u00e7in de\u011fil\u201d\",\"datePublished\":\"2024-12-20T17:00:21+00:00\",\"mainEntityOfPage\":{\"@id\":\"https:\\\/\\\/kibrisdakik.com\\\/?p=72015\"},\"wordCount\":680,\"commentCount\":0,\"image\":{\"@id\":\"https:\\\/\\\/kibrisdakik.com\\\/?p=72015#primaryimage\"},\"thumbnailUrl\":\"https:\\\/\\\/kibrisdakik.com\\\/wp-content\\\/uploads\\\/2024\\\/12\\\/1734709690985berova-meclis-kursu-740x420.jpeg\",\"articleSection\":[\"K\u0131br\u0131s\"],\"inLanguage\":\"tr\",\"potentialAction\":[{\"@type\":\"CommentAction\",\"name\":\"Comment\",\"target\":[\"https:\\\/\\\/kibrisdakik.com\\\/?p=72015#respond\"]}]},{\"@type\":\"WebPage\",\"@id\":\"https:\\\/\\\/kibrisdakik.com\\\/?p=72015\",\"url\":\"https:\\\/\\\/kibrisdakik.com\\\/?p=72015\",\"name\":\"Berova Genel Kurulda vurgulad\u0131: \u201cHayat Pahal\u0131l\u0131\u011f\u0131 y\u0131lda 2 kez verilmeye devam edilecek. Bu d\u00fczenleme, kesinti i\u00e7in de\u011fil\u201d -\",\"isPartOf\":{\"@id\":\"https:\\\/\\\/kibrisdakik.com\\\/#website\"},\"primaryImageOfPage\":{\"@id\":\"https:\\\/\\\/kibrisdakik.com\\\/?p=72015#primaryimage\"},\"image\":{\"@id\":\"https:\\\/\\\/kibrisdakik.com\\\/?p=72015#primaryimage\"},\"thumbnailUrl\":\"https:\\\/\\\/kibrisdakik.com\\\/wp-content\\\/uploads\\\/2024\\\/12\\\/1734709690985berova-meclis-kursu-740x420.jpeg\",\"datePublished\":\"2024-12-20T17:00:21+00:00\",\"author\":{\"@id\":\"https:\\\/\\\/kibrisdakik.com\\\/#\\\/schema\\\/person\\\/9cd9d437bbb44f72b73ba127e06d8e79\"},\"breadcrumb\":{\"@id\":\"https:\\\/\\\/kibrisdakik.com\\\/?p=72015#breadcrumb\"},\"inLanguage\":\"tr\",\"potentialAction\":[{\"@type\":\"ReadAction\",\"target\":[\"https:\\\/\\\/kibrisdakik.com\\\/?p=72015\"]}]},{\"@type\":\"ImageObject\",\"inLanguage\":\"tr\",\"@id\":\"https:\\\/\\\/kibrisdakik.com\\\/?p=72015#primaryimage\",\"url\":\"https:\\\/\\\/kibrisdakik.com\\\/wp-content\\\/uploads\\\/2024\\\/12\\\/1734709690985berova-meclis-kursu-740x420.jpeg\",\"contentUrl\":\"https:\\\/\\\/kibrisdakik.com\\\/wp-content\\\/uploads\\\/2024\\\/12\\\/1734709690985berova-meclis-kursu-740x420.jpeg\",\"width\":1600,\"height\":1066},{\"@type\":\"BreadcrumbList\",\"@id\":\"https:\\\/\\\/kibrisdakik.com\\\/?p=72015#breadcrumb\",\"itemListElement\":[{\"@type\":\"ListItem\",\"position\":1,\"name\":\"Home\",\"item\":\"https:\\\/\\\/kibrisdakik.com\\\/\"},{\"@type\":\"ListItem\",\"position\":2,\"name\":\"Berova Genel Kurulda vurgulad\u0131: \u201cHayat Pahal\u0131l\u0131\u011f\u0131 y\u0131lda 2 kez verilmeye devam edilecek. Bu d\u00fczenleme, kesinti i\u00e7in de\u011fil\u201d\"}]},{\"@type\":\"WebSite\",\"@id\":\"https:\\\/\\\/kibrisdakik.com\\\/#website\",\"url\":\"https:\\\/\\\/kibrisdakik.com\\\/\",\"name\":\"\",\"description\":\"Tam vaktinde haber\",\"potentialAction\":[{\"@type\":\"SearchAction\",\"target\":{\"@type\":\"EntryPoint\",\"urlTemplate\":\"https:\\\/\\\/kibrisdakik.com\\\/?s={search_term_string}\"},\"query-input\":{\"@type\":\"PropertyValueSpecification\",\"valueRequired\":true,\"valueName\":\"search_term_string\"}}],\"inLanguage\":\"tr\"},{\"@type\":\"Person\",\"@id\":\"https:\\\/\\\/kibrisdakik.com\\\/#\\\/schema\\\/person\\\/9cd9d437bbb44f72b73ba127e06d8e79\",\"name\":\"admin\",\"image\":{\"@type\":\"ImageObject\",\"inLanguage\":\"tr\",\"@id\":\"https:\\\/\\\/secure.gravatar.com\\\/avatar\\\/ccc17943b9d660506c869530f897617f7cb1c21a4bf30023f252596d83e1f007?s=96&d=mm&r=g\",\"url\":\"https:\\\/\\\/secure.gravatar.com\\\/avatar\\\/ccc17943b9d660506c869530f897617f7cb1c21a4bf30023f252596d83e1f007?s=96&d=mm&r=g\",\"contentUrl\":\"https:\\\/\\\/secure.gravatar.com\\\/avatar\\\/ccc17943b9d660506c869530f897617f7cb1c21a4bf30023f252596d83e1f007?s=96&d=mm&r=g\",\"caption\":\"admin\"},\"sameAs\":[\"https:\\\/\\\/kibrisdakik.com\"],\"url\":\"https:\\\/\\\/kibrisdakik.com\\\/?author=1\"}]}<\/script>\n<!-- \/ Yoast SEO plugin. -->","yoast_head_json":{"title":"Berova Genel Kurulda vurgulad\u0131: \u201cHayat Pahal\u0131l\u0131\u011f\u0131 y\u0131lda 2 kez verilmeye devam edilecek. Bu d\u00fczenleme, kesinti i\u00e7in de\u011fil\u201d -","robots":{"index":"index","follow":"follow","max-snippet":"max-snippet:-1","max-image-preview":"max-image-preview:large","max-video-preview":"max-video-preview:-1"},"canonical":"https:\/\/kibrisdakik.com\/?p=72015","og_locale":"tr_TR","og_type":"article","og_title":"Berova Genel Kurulda vurgulad\u0131: \u201cHayat Pahal\u0131l\u0131\u011f\u0131 y\u0131lda 2 kez verilmeye devam edilecek. Bu d\u00fczenleme, kesinti i\u00e7in de\u011fil\u201d -","og_description":"Maliye Bakan\u0131 \u00d6zdemir Berova, 2025\u2019in kay\u0131t d\u0131\u015f\u0131l\u0131kla m\u00fccadele y\u0131l\u0131 olaca\u011f\u0131n\u0131 kaydetti. Genel Kuruldaki b\u00fct\u00e7e g\u00f6r\u00fc\u015fmelerinde s\u00f6z alan Berova, Hayat Pahal\u0131\u011f\u0131yla ilgili yasal d\u00fczenleme konusunda da konu\u015farak, \u201cBu, kesinti d\u00fczenlemesi de\u011fil. HP y\u0131lda 2 kez verilmeye devam edilecek. Verilecek HP, o d\u00f6nemdeki HP\u2019ye e\u015fit olarak verilecek\u201d dedi. 2025 Mali Y\u0131l\u0131 Merkezi Devlet Y\u00f6netimi B\u00fct\u00e7e Yasas\u0131 Cumhuriyet","og_url":"https:\/\/kibrisdakik.com\/?p=72015","article_published_time":"2024-12-20T17:00:21+00:00","og_image":[{"width":1600,"height":1066,"url":"https:\/\/kibrisdakik.com\/wp-content\/uploads\/2024\/12\/1734709690985berova-meclis-kursu-740x420.jpeg","type":"image\/jpeg"}],"author":"admin","twitter_card":"summary_large_image","twitter_misc":{"Yazan:":"admin","Tahmini okuma s\u00fcresi":"3 dakika"},"schema":{"@context":"https:\/\/schema.org","@graph":[{"@type":"Article","@id":"https:\/\/kibrisdakik.com\/?p=72015#article","isPartOf":{"@id":"https:\/\/kibrisdakik.com\/?p=72015"},"author":{"name":"admin","@id":"https:\/\/kibrisdakik.com\/#\/schema\/person\/9cd9d437bbb44f72b73ba127e06d8e79"},"headline":"Berova Genel Kurulda vurgulad\u0131: \u201cHayat Pahal\u0131l\u0131\u011f\u0131 y\u0131lda 2 kez verilmeye devam edilecek. Bu d\u00fczenleme, kesinti i\u00e7in de\u011fil\u201d","datePublished":"2024-12-20T17:00:21+00:00","mainEntityOfPage":{"@id":"https:\/\/kibrisdakik.com\/?p=72015"},"wordCount":680,"commentCount":0,"image":{"@id":"https:\/\/kibrisdakik.com\/?p=72015#primaryimage"},"thumbnailUrl":"https:\/\/kibrisdakik.com\/wp-content\/uploads\/2024\/12\/1734709690985berova-meclis-kursu-740x420.jpeg","articleSection":["K\u0131br\u0131s"],"inLanguage":"tr","potentialAction":[{"@type":"CommentAction","name":"Comment","target":["https:\/\/kibrisdakik.com\/?p=72015#respond"]}]},{"@type":"WebPage","@id":"https:\/\/kibrisdakik.com\/?p=72015","url":"https:\/\/kibrisdakik.com\/?p=72015","name":"Berova Genel Kurulda vurgulad\u0131: \u201cHayat Pahal\u0131l\u0131\u011f\u0131 y\u0131lda 2 kez verilmeye devam edilecek. Bu d\u00fczenleme, kesinti i\u00e7in de\u011fil\u201d -","isPartOf":{"@id":"https:\/\/kibrisdakik.com\/#website"},"primaryImageOfPage":{"@id":"https:\/\/kibrisdakik.com\/?p=72015#primaryimage"},"image":{"@id":"https:\/\/kibrisdakik.com\/?p=72015#primaryimage"},"thumbnailUrl":"https:\/\/kibrisdakik.com\/wp-content\/uploads\/2024\/12\/1734709690985berova-meclis-kursu-740x420.jpeg","datePublished":"2024-12-20T17:00:21+00:00","author":{"@id":"https:\/\/kibrisdakik.com\/#\/schema\/person\/9cd9d437bbb44f72b73ba127e06d8e79"},"breadcrumb":{"@id":"https:\/\/kibrisdakik.com\/?p=72015#breadcrumb"},"inLanguage":"tr","potentialAction":[{"@type":"ReadAction","target":["https:\/\/kibrisdakik.com\/?p=72015"]}]},{"@type":"ImageObject","inLanguage":"tr","@id":"https:\/\/kibrisdakik.com\/?p=72015#primaryimage","url":"https:\/\/kibrisdakik.com\/wp-content\/uploads\/2024\/12\/1734709690985berova-meclis-kursu-740x420.jpeg","contentUrl":"https:\/\/kibrisdakik.com\/wp-content\/uploads\/2024\/12\/1734709690985berova-meclis-kursu-740x420.jpeg","width":1600,"height":1066},{"@type":"BreadcrumbList","@id":"https:\/\/kibrisdakik.com\/?p=72015#breadcrumb","itemListElement":[{"@type":"ListItem","position":1,"name":"Home","item":"https:\/\/kibrisdakik.com\/"},{"@type":"ListItem","position":2,"name":"Berova Genel Kurulda vurgulad\u0131: \u201cHayat Pahal\u0131l\u0131\u011f\u0131 y\u0131lda 2 kez verilmeye devam edilecek. Bu d\u00fczenleme, kesinti i\u00e7in de\u011fil\u201d"}]},{"@type":"WebSite","@id":"https:\/\/kibrisdakik.com\/#website","url":"https:\/\/kibrisdakik.com\/","name":"","description":"Tam vaktinde haber","potentialAction":[{"@type":"SearchAction","target":{"@type":"EntryPoint","urlTemplate":"https:\/\/kibrisdakik.com\/?s={search_term_string}"},"query-input":{"@type":"PropertyValueSpecification","valueRequired":true,"valueName":"search_term_string"}}],"inLanguage":"tr"},{"@type":"Person","@id":"https:\/\/kibrisdakik.com\/#\/schema\/person\/9cd9d437bbb44f72b73ba127e06d8e79","name":"admin","image":{"@type":"ImageObject","inLanguage":"tr","@id":"https:\/\/secure.gravatar.com\/avatar\/ccc17943b9d660506c869530f897617f7cb1c21a4bf30023f252596d83e1f007?s=96&d=mm&r=g","url":"https:\/\/secure.gravatar.com\/avatar\/ccc17943b9d660506c869530f897617f7cb1c21a4bf30023f252596d83e1f007?s=96&d=mm&r=g","contentUrl":"https:\/\/secure.gravatar.com\/avatar\/ccc17943b9d660506c869530f897617f7cb1c21a4bf30023f252596d83e1f007?s=96&d=mm&r=g","caption":"admin"},"sameAs":["https:\/\/kibrisdakik.com"],"url":"https:\/\/kibrisdakik.com\/?author=1"}]}},"_links":{"self":[{"href":"https:\/\/kibrisdakik.com\/index.php?rest_route=\/wp\/v2\/posts\/72015","targetHints":{"allow":["GET"]}}],"collection":[{"href":"https:\/\/kibrisdakik.com\/index.php?rest_route=\/wp\/v2\/posts"}],"about":[{"href":"https:\/\/kibrisdakik.com\/index.php?rest_route=\/wp\/v2\/types\/post"}],"author":[{"embeddable":true,"href":"https:\/\/kibrisdakik.com\/index.php?rest_route=\/wp\/v2\/users\/1"}],"replies":[{"embeddable":true,"href":"https:\/\/kibrisdakik.com\/index.php?rest_route=%2Fwp%2Fv2%2Fcomments&post=72015"}],"version-history":[{"count":0,"href":"https:\/\/kibrisdakik.com\/index.php?rest_route=\/wp\/v2\/posts\/72015\/revisions"}],"wp:featuredmedia":[{"embeddable":true,"href":"https:\/\/kibrisdakik.com\/index.php?rest_route=\/wp\/v2\/media\/72016"}],"wp:attachment":[{"href":"https:\/\/kibrisdakik.com\/index.php?rest_route=%2Fwp%2Fv2%2Fmedia&parent=72015"}],"wp:term":[{"taxonomy":"category","embeddable":true,"href":"https:\/\/kibrisdakik.com\/index.php?rest_route=%2Fwp%2Fv2%2Fcategories&post=72015"},{"taxonomy":"post_tag","embeddable":true,"href":"https:\/\/kibrisdakik.com\/index.php?rest_route=%2Fwp%2Fv2%2Ftags&post=72015"}],"curies":[{"name":"wp","href":"https:\/\/api.w.org\/{rel}","templated":true}]}}