{"id":72023,"date":"2024-12-20T20:20:08","date_gmt":"2024-12-20T17:20:08","guid":{"rendered":"https:\/\/kibrisdakik.com\/index.php\/2024\/12\/20\/isiasortakdavamiz-karakayacocuklarimizi-oldurduler-cezasini-cekecekler\/"},"modified":"2024-12-20T20:20:08","modified_gmt":"2024-12-20T17:20:08","slug":"isiasortakdavamiz-karakayacocuklarimizi-oldurduler-cezasini-cekecekler","status":"publish","type":"post","link":"https:\/\/kibrisdakik.com\/?p=72023","title":{"rendered":"#isiasortakdavam\u0131z    Karakaya:\u00c7ocuklar\u0131m\u0131z\u0131 \u00f6ld\u00fcrd\u00fcler, cezas\u0131n\u0131 \u00e7ekecekler"},"content":{"rendered":"<div>\n<div class=\"mariselle-image-container center\">\n                                            <\/div>\n<p>\u015eampiyon Melekleri Ya\u015fatma Derne\u011fi taraf\u0131ndan Gazima\u011fusa Nam\u0131k Kemal Meydan\u0131\u2019nda \u201cAdalet \u0130\u00e7in Ses Ver\u201d etkinli\u011fi d\u00fczenlendi.<\/p>\n<p>Etkinlikte konu\u015fan \u015eampiyon Melekleri Ya\u015fatma Derne\u011fi Ba\u015fkan\u0131, \u015eampiyon Melek Selin Karakaya\u2019n\u0131n annesi Ru\u015fen Y\u00fccesoylu Karakaya, \u201cMeleklerimizin adaleti i\u00e7in buraday\u0131z. Bu ak\u015fam sesimizi t\u00fcm T\u00fcrkiye\u2019ye duyurmak zorunday\u0131z. \u00c7ocuklar\u0131m\u0131z\u0131 \u00f6ld\u00fcrd\u00fcler, cezas\u0131n\u0131 \u00e7ekecekler. \u00d6yle bir ba\u011f\u0131ral\u0131m ki olas\u0131 kasttan ba\u015fka \u00e7areleri kalmas\u0131n. Meleklerimize s\u00f6z verdik\u2026\u201d ifadelerini kulland\u0131.<\/p>\n<\/p><\/div>\n<p><script async\n                    defer\n                    crossorigin=\"anonymous\"\n                    src=\"https:\/\/connect.facebook.net\/tr_TR\/sdk.js#xfbml=1&#038;version=v3.3\"\n            ><\/script><\/p>\n","protected":false},"excerpt":{"rendered":"<p>\u015eampiyon Melekleri Ya\u015fatma Derne\u011fi taraf\u0131ndan Gazima\u011fusa Nam\u0131k Kemal Meydan\u0131\u2019nda \u201cAdalet \u0130\u00e7in Ses Ver\u201d etkinli\u011fi d\u00fczenlendi. Etkinlikte konu\u015fan \u015eampiyon Melekleri Ya\u015fatma Derne\u011fi Ba\u015fkan\u0131, \u015eampiyon Melek Selin Karakaya\u2019n\u0131n annesi Ru\u015fen Y\u00fccesoylu Karakaya, \u201cMeleklerimizin adaleti i\u00e7in buraday\u0131z. Bu ak\u015fam sesimizi t\u00fcm T\u00fcrkiye\u2019ye duyurmak zorunday\u0131z. \u00c7ocuklar\u0131m\u0131z\u0131 \u00f6ld\u00fcrd\u00fcler, cezas\u0131n\u0131 \u00e7ekecekler. \u00d6yle bir ba\u011f\u0131ral\u0131m ki olas\u0131 kasttan ba\u015fka \u00e7areleri kalmas\u0131n. Meleklerimize<\/p>\n","protected":false},"author":1,"featured_media":72024,"comment_status":"open","ping_status":"open","sticky":false,"template":"","format":"standard","meta":{"footnotes":""},"categories":[81],"tags":[],"class_list":["post-72023","post","type-post","status-publish","format-standard","has-post-thumbnail","hentry","category-kibris"],"yoast_head":"<!-- This site is optimized with the Yoast SEO plugin v27.4 - https:\/\/yoast.com\/product\/yoast-seo-wordpress\/ -->\n<title>#isiasortakdavam\u0131z  Karakaya:\u00c7ocuklar\u0131m\u0131z\u0131 \u00f6ld\u00fcrd\u00fcler, cezas\u0131n\u0131 \u00e7ekecekler -<\/title>\n<meta name=\"robots\" content=\"index, follow, max-snippet:-1, max-image-preview:large, max-video-preview:-1\" \/>\n<link rel=\"canonical\" href=\"https:\/\/kibrisdakik.com\/?p=72023\" \/>\n<meta property=\"og:locale\" content=\"tr_TR\" \/>\n<meta property=\"og:type\" content=\"article\" \/>\n<meta property=\"og:title\" content=\"#isiasortakdavam\u0131z  Karakaya:\u00c7ocuklar\u0131m\u0131z\u0131 \u00f6ld\u00fcrd\u00fcler, cezas\u0131n\u0131 \u00e7ekecekler -\" \/>\n<meta property=\"og:description\" content=\"\u015eampiyon Melekleri Ya\u015fatma Derne\u011fi taraf\u0131ndan Gazima\u011fusa Nam\u0131k Kemal Meydan\u0131\u2019nda \u201cAdalet \u0130\u00e7in Ses Ver\u201d etkinli\u011fi d\u00fczenlendi. Etkinlikte konu\u015fan \u015eampiyon Melekleri Ya\u015fatma Derne\u011fi Ba\u015fkan\u0131, \u015eampiyon Melek Selin Karakaya\u2019n\u0131n annesi Ru\u015fen Y\u00fccesoylu Karakaya, \u201cMeleklerimizin adaleti i\u00e7in buraday\u0131z. Bu ak\u015fam sesimizi t\u00fcm T\u00fcrkiye\u2019ye duyurmak zorunday\u0131z. \u00c7ocuklar\u0131m\u0131z\u0131 \u00f6ld\u00fcrd\u00fcler, cezas\u0131n\u0131 \u00e7ekecekler. \u00d6yle bir ba\u011f\u0131ral\u0131m ki olas\u0131 kasttan ba\u015fka \u00e7areleri kalmas\u0131n. Meleklerimize\" \/>\n<meta property=\"og:url\" content=\"https:\/\/kibrisdakik.com\/?p=72023\" \/>\n<meta property=\"article:published_time\" content=\"2024-12-20T17:20:08+00:00\" \/>\n<meta property=\"og:image\" content=\"https:\/\/kibrisdakik.com\/wp-content\/uploads\/2024\/12\/lakjdlaj-740x420.jpeg\" \/>\n\t<meta property=\"og:image:width\" content=\"2040\" \/>\n\t<meta property=\"og:image:height\" content=\"1530\" \/>\n\t<meta property=\"og:image:type\" content=\"image\/jpeg\" \/>\n<meta name=\"author\" content=\"admin\" \/>\n<meta name=\"twitter:card\" content=\"summary_large_image\" \/>\n<meta name=\"twitter:label1\" content=\"Yazan:\" \/>\n\t<meta name=\"twitter:data1\" content=\"admin\" \/>\n<script type=\"application\/ld+json\" class=\"yoast-schema-graph\">{\"@context\":\"https:\\\/\\\/schema.org\",\"@graph\":[{\"@type\":\"Article\",\"@id\":\"https:\\\/\\\/kibrisdakik.com\\\/?p=72023#article\",\"isPartOf\":{\"@id\":\"https:\\\/\\\/kibrisdakik.com\\\/?p=72023\"},\"author\":{\"name\":\"admin\",\"@id\":\"https:\\\/\\\/kibrisdakik.com\\\/#\\\/schema\\\/person\\\/9cd9d437bbb44f72b73ba127e06d8e79\"},\"headline\":\"#isiasortakdavam\u0131z Karakaya:\u00c7ocuklar\u0131m\u0131z\u0131 \u00f6ld\u00fcrd\u00fcler, cezas\u0131n\u0131 \u00e7ekecekler\",\"datePublished\":\"2024-12-20T17:20:08+00:00\",\"mainEntityOfPage\":{\"@id\":\"https:\\\/\\\/kibrisdakik.com\\\/?p=72023\"},\"wordCount\":104,\"commentCount\":0,\"image\":{\"@id\":\"https:\\\/\\\/kibrisdakik.com\\\/?p=72023#primaryimage\"},\"thumbnailUrl\":\"https:\\\/\\\/kibrisdakik.com\\\/wp-content\\\/uploads\\\/2024\\\/12\\\/lakjdlaj-740x420.jpeg\",\"articleSection\":[\"K\u0131br\u0131s\"],\"inLanguage\":\"tr\",\"potentialAction\":[{\"@type\":\"CommentAction\",\"name\":\"Comment\",\"target\":[\"https:\\\/\\\/kibrisdakik.com\\\/?p=72023#respond\"]}]},{\"@type\":\"WebPage\",\"@id\":\"https:\\\/\\\/kibrisdakik.com\\\/?p=72023\",\"url\":\"https:\\\/\\\/kibrisdakik.com\\\/?p=72023\",\"name\":\"#isiasortakdavam\u0131z Karakaya:\u00c7ocuklar\u0131m\u0131z\u0131 \u00f6ld\u00fcrd\u00fcler, cezas\u0131n\u0131 \u00e7ekecekler -\",\"isPartOf\":{\"@id\":\"https:\\\/\\\/kibrisdakik.com\\\/#website\"},\"primaryImageOfPage\":{\"@id\":\"https:\\\/\\\/kibrisdakik.com\\\/?p=72023#primaryimage\"},\"image\":{\"@id\":\"https:\\\/\\\/kibrisdakik.com\\\/?p=72023#primaryimage\"},\"thumbnailUrl\":\"https:\\\/\\\/kibrisdakik.com\\\/wp-content\\\/uploads\\\/2024\\\/12\\\/lakjdlaj-740x420.jpeg\",\"datePublished\":\"2024-12-20T17:20:08+00:00\",\"author\":{\"@id\":\"https:\\\/\\\/kibrisdakik.com\\\/#\\\/schema\\\/person\\\/9cd9d437bbb44f72b73ba127e06d8e79\"},\"breadcrumb\":{\"@id\":\"https:\\\/\\\/kibrisdakik.com\\\/?p=72023#breadcrumb\"},\"inLanguage\":\"tr\",\"potentialAction\":[{\"@type\":\"ReadAction\",\"target\":[\"https:\\\/\\\/kibrisdakik.com\\\/?p=72023\"]}]},{\"@type\":\"ImageObject\",\"inLanguage\":\"tr\",\"@id\":\"https:\\\/\\\/kibrisdakik.com\\\/?p=72023#primaryimage\",\"url\":\"https:\\\/\\\/kibrisdakik.com\\\/wp-content\\\/uploads\\\/2024\\\/12\\\/lakjdlaj-740x420.jpeg\",\"contentUrl\":\"https:\\\/\\\/kibrisdakik.com\\\/wp-content\\\/uploads\\\/2024\\\/12\\\/lakjdlaj-740x420.jpeg\",\"width\":2040,\"height\":1530},{\"@type\":\"BreadcrumbList\",\"@id\":\"https:\\\/\\\/kibrisdakik.com\\\/?p=72023#breadcrumb\",\"itemListElement\":[{\"@type\":\"ListItem\",\"position\":1,\"name\":\"Home\",\"item\":\"https:\\\/\\\/kibrisdakik.com\\\/\"},{\"@type\":\"ListItem\",\"position\":2,\"name\":\"#isiasortakdavam\u0131z Karakaya:\u00c7ocuklar\u0131m\u0131z\u0131 \u00f6ld\u00fcrd\u00fcler, cezas\u0131n\u0131 \u00e7ekecekler\"}]},{\"@type\":\"WebSite\",\"@id\":\"https:\\\/\\\/kibrisdakik.com\\\/#website\",\"url\":\"https:\\\/\\\/kibrisdakik.com\\\/\",\"name\":\"\",\"description\":\"Tam vaktinde haber\",\"potentialAction\":[{\"@type\":\"SearchAction\",\"target\":{\"@type\":\"EntryPoint\",\"urlTemplate\":\"https:\\\/\\\/kibrisdakik.com\\\/?s={search_term_string}\"},\"query-input\":{\"@type\":\"PropertyValueSpecification\",\"valueRequired\":true,\"valueName\":\"search_term_string\"}}],\"inLanguage\":\"tr\"},{\"@type\":\"Person\",\"@id\":\"https:\\\/\\\/kibrisdakik.com\\\/#\\\/schema\\\/person\\\/9cd9d437bbb44f72b73ba127e06d8e79\",\"name\":\"admin\",\"image\":{\"@type\":\"ImageObject\",\"inLanguage\":\"tr\",\"@id\":\"https:\\\/\\\/secure.gravatar.com\\\/avatar\\\/ccc17943b9d660506c869530f897617f7cb1c21a4bf30023f252596d83e1f007?s=96&d=mm&r=g\",\"url\":\"https:\\\/\\\/secure.gravatar.com\\\/avatar\\\/ccc17943b9d660506c869530f897617f7cb1c21a4bf30023f252596d83e1f007?s=96&d=mm&r=g\",\"contentUrl\":\"https:\\\/\\\/secure.gravatar.com\\\/avatar\\\/ccc17943b9d660506c869530f897617f7cb1c21a4bf30023f252596d83e1f007?s=96&d=mm&r=g\",\"caption\":\"admin\"},\"sameAs\":[\"https:\\\/\\\/kibrisdakik.com\"],\"url\":\"https:\\\/\\\/kibrisdakik.com\\\/?author=1\"}]}<\/script>\n<!-- \/ Yoast SEO plugin. -->","yoast_head_json":{"title":"#isiasortakdavam\u0131z  Karakaya:\u00c7ocuklar\u0131m\u0131z\u0131 \u00f6ld\u00fcrd\u00fcler, cezas\u0131n\u0131 \u00e7ekecekler -","robots":{"index":"index","follow":"follow","max-snippet":"max-snippet:-1","max-image-preview":"max-image-preview:large","max-video-preview":"max-video-preview:-1"},"canonical":"https:\/\/kibrisdakik.com\/?p=72023","og_locale":"tr_TR","og_type":"article","og_title":"#isiasortakdavam\u0131z  Karakaya:\u00c7ocuklar\u0131m\u0131z\u0131 \u00f6ld\u00fcrd\u00fcler, cezas\u0131n\u0131 \u00e7ekecekler -","og_description":"\u015eampiyon Melekleri Ya\u015fatma Derne\u011fi taraf\u0131ndan Gazima\u011fusa Nam\u0131k Kemal Meydan\u0131\u2019nda \u201cAdalet \u0130\u00e7in Ses Ver\u201d etkinli\u011fi d\u00fczenlendi. Etkinlikte konu\u015fan \u015eampiyon Melekleri Ya\u015fatma Derne\u011fi Ba\u015fkan\u0131, \u015eampiyon Melek Selin Karakaya\u2019n\u0131n annesi Ru\u015fen Y\u00fccesoylu Karakaya, \u201cMeleklerimizin adaleti i\u00e7in buraday\u0131z. Bu ak\u015fam sesimizi t\u00fcm T\u00fcrkiye\u2019ye duyurmak zorunday\u0131z. \u00c7ocuklar\u0131m\u0131z\u0131 \u00f6ld\u00fcrd\u00fcler, cezas\u0131n\u0131 \u00e7ekecekler. \u00d6yle bir ba\u011f\u0131ral\u0131m ki olas\u0131 kasttan ba\u015fka \u00e7areleri kalmas\u0131n. Meleklerimize","og_url":"https:\/\/kibrisdakik.com\/?p=72023","article_published_time":"2024-12-20T17:20:08+00:00","og_image":[{"width":2040,"height":1530,"url":"https:\/\/kibrisdakik.com\/wp-content\/uploads\/2024\/12\/lakjdlaj-740x420.jpeg","type":"image\/jpeg"}],"author":"admin","twitter_card":"summary_large_image","twitter_misc":{"Yazan:":"admin"},"schema":{"@context":"https:\/\/schema.org","@graph":[{"@type":"Article","@id":"https:\/\/kibrisdakik.com\/?p=72023#article","isPartOf":{"@id":"https:\/\/kibrisdakik.com\/?p=72023"},"author":{"name":"admin","@id":"https:\/\/kibrisdakik.com\/#\/schema\/person\/9cd9d437bbb44f72b73ba127e06d8e79"},"headline":"#isiasortakdavam\u0131z Karakaya:\u00c7ocuklar\u0131m\u0131z\u0131 \u00f6ld\u00fcrd\u00fcler, cezas\u0131n\u0131 \u00e7ekecekler","datePublished":"2024-12-20T17:20:08+00:00","mainEntityOfPage":{"@id":"https:\/\/kibrisdakik.com\/?p=72023"},"wordCount":104,"commentCount":0,"image":{"@id":"https:\/\/kibrisdakik.com\/?p=72023#primaryimage"},"thumbnailUrl":"https:\/\/kibrisdakik.com\/wp-content\/uploads\/2024\/12\/lakjdlaj-740x420.jpeg","articleSection":["K\u0131br\u0131s"],"inLanguage":"tr","potentialAction":[{"@type":"CommentAction","name":"Comment","target":["https:\/\/kibrisdakik.com\/?p=72023#respond"]}]},{"@type":"WebPage","@id":"https:\/\/kibrisdakik.com\/?p=72023","url":"https:\/\/kibrisdakik.com\/?p=72023","name":"#isiasortakdavam\u0131z Karakaya:\u00c7ocuklar\u0131m\u0131z\u0131 \u00f6ld\u00fcrd\u00fcler, cezas\u0131n\u0131 \u00e7ekecekler -","isPartOf":{"@id":"https:\/\/kibrisdakik.com\/#website"},"primaryImageOfPage":{"@id":"https:\/\/kibrisdakik.com\/?p=72023#primaryimage"},"image":{"@id":"https:\/\/kibrisdakik.com\/?p=72023#primaryimage"},"thumbnailUrl":"https:\/\/kibrisdakik.com\/wp-content\/uploads\/2024\/12\/lakjdlaj-740x420.jpeg","datePublished":"2024-12-20T17:20:08+00:00","author":{"@id":"https:\/\/kibrisdakik.com\/#\/schema\/person\/9cd9d437bbb44f72b73ba127e06d8e79"},"breadcrumb":{"@id":"https:\/\/kibrisdakik.com\/?p=72023#breadcrumb"},"inLanguage":"tr","potentialAction":[{"@type":"ReadAction","target":["https:\/\/kibrisdakik.com\/?p=72023"]}]},{"@type":"ImageObject","inLanguage":"tr","@id":"https:\/\/kibrisdakik.com\/?p=72023#primaryimage","url":"https:\/\/kibrisdakik.com\/wp-content\/uploads\/2024\/12\/lakjdlaj-740x420.jpeg","contentUrl":"https:\/\/kibrisdakik.com\/wp-content\/uploads\/2024\/12\/lakjdlaj-740x420.jpeg","width":2040,"height":1530},{"@type":"BreadcrumbList","@id":"https:\/\/kibrisdakik.com\/?p=72023#breadcrumb","itemListElement":[{"@type":"ListItem","position":1,"name":"Home","item":"https:\/\/kibrisdakik.com\/"},{"@type":"ListItem","position":2,"name":"#isiasortakdavam\u0131z Karakaya:\u00c7ocuklar\u0131m\u0131z\u0131 \u00f6ld\u00fcrd\u00fcler, cezas\u0131n\u0131 \u00e7ekecekler"}]},{"@type":"WebSite","@id":"https:\/\/kibrisdakik.com\/#website","url":"https:\/\/kibrisdakik.com\/","name":"","description":"Tam vaktinde haber","potentialAction":[{"@type":"SearchAction","target":{"@type":"EntryPoint","urlTemplate":"https:\/\/kibrisdakik.com\/?s={search_term_string}"},"query-input":{"@type":"PropertyValueSpecification","valueRequired":true,"valueName":"search_term_string"}}],"inLanguage":"tr"},{"@type":"Person","@id":"https:\/\/kibrisdakik.com\/#\/schema\/person\/9cd9d437bbb44f72b73ba127e06d8e79","name":"admin","image":{"@type":"ImageObject","inLanguage":"tr","@id":"https:\/\/secure.gravatar.com\/avatar\/ccc17943b9d660506c869530f897617f7cb1c21a4bf30023f252596d83e1f007?s=96&d=mm&r=g","url":"https:\/\/secure.gravatar.com\/avatar\/ccc17943b9d660506c869530f897617f7cb1c21a4bf30023f252596d83e1f007?s=96&d=mm&r=g","contentUrl":"https:\/\/secure.gravatar.com\/avatar\/ccc17943b9d660506c869530f897617f7cb1c21a4bf30023f252596d83e1f007?s=96&d=mm&r=g","caption":"admin"},"sameAs":["https:\/\/kibrisdakik.com"],"url":"https:\/\/kibrisdakik.com\/?author=1"}]}},"_links":{"self":[{"href":"https:\/\/kibrisdakik.com\/index.php?rest_route=\/wp\/v2\/posts\/72023","targetHints":{"allow":["GET"]}}],"collection":[{"href":"https:\/\/kibrisdakik.com\/index.php?rest_route=\/wp\/v2\/posts"}],"about":[{"href":"https:\/\/kibrisdakik.com\/index.php?rest_route=\/wp\/v2\/types\/post"}],"author":[{"embeddable":true,"href":"https:\/\/kibrisdakik.com\/index.php?rest_route=\/wp\/v2\/users\/1"}],"replies":[{"embeddable":true,"href":"https:\/\/kibrisdakik.com\/index.php?rest_route=%2Fwp%2Fv2%2Fcomments&post=72023"}],"version-history":[{"count":0,"href":"https:\/\/kibrisdakik.com\/index.php?rest_route=\/wp\/v2\/posts\/72023\/revisions"}],"wp:featuredmedia":[{"embeddable":true,"href":"https:\/\/kibrisdakik.com\/index.php?rest_route=\/wp\/v2\/media\/72024"}],"wp:attachment":[{"href":"https:\/\/kibrisdakik.com\/index.php?rest_route=%2Fwp%2Fv2%2Fmedia&parent=72023"}],"wp:term":[{"taxonomy":"category","embeddable":true,"href":"https:\/\/kibrisdakik.com\/index.php?rest_route=%2Fwp%2Fv2%2Fcategories&post=72023"},{"taxonomy":"post_tag","embeddable":true,"href":"https:\/\/kibrisdakik.com\/index.php?rest_route=%2Fwp%2Fv2%2Ftags&post=72023"}],"curies":[{"name":"wp","href":"https:\/\/api.w.org\/{rel}","templated":true}]}}