{"id":72089,"date":"2024-12-21T14:42:16","date_gmt":"2024-12-21T11:42:16","guid":{"rendered":"https:\/\/kibrisdakik.com\/?p=72089"},"modified":"2024-12-21T14:42:16","modified_gmt":"2024-12-21T11:42:16","slug":"ab-ve-natodan-almanyada-noel-pazarina-yapilan-saldiriya-tepki","status":"publish","type":"post","link":"https:\/\/kibrisdakik.com\/?p=72089","title":{"rendered":"AB ve NATO\u2019dan Almanya\u2019da Noel pazar\u0131na yap\u0131lan sald\u0131r\u0131ya tepki"},"content":{"rendered":"<p><\/p>\n<div>\n<div class=\"mariselle-image-container center\">\n                <img loading=\"lazy\" decoding=\"async\" width=\"1244\" height=\"700\" class=\"lazy-image\" alt=\"\" sizes=\"auto, (max-width: 1244px) 100vw, 1244px\" src=\"https:\/\/brtk.net\/wp-content\/uploads\/2024\/12\/21\/ab-ve-natodan-almanyada-n-819.webp?ver=02f2091896377465fb26d782805b493f\" srcset=\"https:\/\/brtk.net\/wp-content\/uploads\/2024\/12\/21\/ab-ve-natodan-almanyada-n-819.webp?ver=02f2091896377465fb26d782805b493f 1244w, https:\/\/brtk.net\/wp-content\/uploads\/2024\/12\/21\/ab-ve-natodan-almanyada-n-819-300x169.webp?ver=0683ec106b29c871d858131c61c9f5e8 300w, https:\/\/brtk.net\/wp-content\/uploads\/2024\/12\/21\/ab-ve-natodan-almanyada-n-819-1024x576.webp?ver=0683ec106b29c871d858131c61c9f5e8 1024w, https:\/\/brtk.net\/wp-content\/uploads\/2024\/12\/21\/ab-ve-natodan-almanyada-n-819-768x432.webp?ver=0683ec106b29c871d858131c61c9f5e8 768w\"\/>                            <\/div>\n<p>Avrupa Birli\u011fi (AB) ve NATO, Almanya\u2019da Noel pazar\u0131na yap\u0131lan sald\u0131r\u0131ya tepki g\u00f6stererek, Berlin ile dayan\u0131\u015fma mesaj\u0131 verdi.<\/p>\n<p>AB Komisyonu Ba\u015fkan\u0131 Ursula von der Leyen, sosyal medya hesab\u0131ndan yapt\u0131\u011f\u0131 a\u00e7\u0131klamada, \u201cD\u00fc\u015f\u00fcncelerim Magdeburg\u2019daki vah\u015fi ve korkak\u00e7a eylemin kurbanlar\u0131yla birlikte.\u201d ifadesini kulland\u0131.<\/p>\n<p>Alman siyaset\u00e7i, olay\u0131n ara\u015ft\u0131r\u0131lmas\u0131 ve sorumlular\u0131n cezaland\u0131r\u0131lmas\u0131 gerekti\u011fini belirtti.<\/p>\n<p>NATO Genel Sekreteri Mark Rutte de ba\u015fsa\u011fl\u0131\u011f\u0131 dileklerini ileterek, Almanya\u2019n\u0131n yan\u0131nda oldu\u011funu kaydetti.<\/p>\n<p>Almanya\u2019n\u0131n Magdeburg kentinde bir ki\u015finin arac\u0131n\u0131 Noel pazar\u0131nda kalabal\u0131\u011f\u0131n \u00fczerine s\u00fcrmesi sonucu ilk belirlemelere g\u00f6re 2 ki\u015finin \u00f6ld\u00fc\u011f\u00fc ve 60\u2019\u0131 a\u015fk\u0131n ki\u015finin yaraland\u0131\u011f\u0131 bildirilmi\u015fti.<\/p>\n<\/p><\/div>\n<p><script async\n                    defer\n                    crossorigin=\"anonymous\"\n                    src=\"https:\/\/connect.facebook.net\/tr_TR\/sdk.js#xfbml=1&#038;version=v3.3\"\n            ><\/script><\/p>\n","protected":false},"excerpt":{"rendered":"<p>Avrupa Birli\u011fi (AB) ve NATO, Almanya\u2019da Noel pazar\u0131na yap\u0131lan sald\u0131r\u0131ya tepki g\u00f6stererek, Berlin ile dayan\u0131\u015fma mesaj\u0131 verdi. AB Komisyonu Ba\u015fkan\u0131 Ursula von der Leyen, sosyal medya hesab\u0131ndan yapt\u0131\u011f\u0131 a\u00e7\u0131klamada, \u201cD\u00fc\u015f\u00fcncelerim Magdeburg\u2019daki vah\u015fi ve korkak\u00e7a eylemin kurbanlar\u0131yla birlikte.\u201d ifadesini kulland\u0131. Alman siyaset\u00e7i, olay\u0131n ara\u015ft\u0131r\u0131lmas\u0131 ve sorumlular\u0131n cezaland\u0131r\u0131lmas\u0131 gerekti\u011fini belirtti. NATO Genel Sekreteri Mark Rutte de ba\u015fsa\u011fl\u0131\u011f\u0131<\/p>\n","protected":false},"author":1,"featured_media":72090,"comment_status":"open","ping_status":"open","sticky":false,"template":"","format":"standard","meta":{"footnotes":""},"categories":[1],"tags":[],"class_list":["post-72089","post","type-post","status-publish","format-standard","has-post-thumbnail","hentry","category-gundem"],"yoast_head":"<!-- This site is optimized with the Yoast SEO plugin v27.5 - https:\/\/yoast.com\/product\/yoast-seo-wordpress\/ -->\n<title>AB ve NATO\u2019dan Almanya\u2019da Noel pazar\u0131na yap\u0131lan sald\u0131r\u0131ya tepki -<\/title>\n<meta name=\"robots\" content=\"index, follow, max-snippet:-1, max-image-preview:large, max-video-preview:-1\" \/>\n<link rel=\"canonical\" href=\"https:\/\/kibrisdakik.com\/?p=72089\" \/>\n<meta property=\"og:locale\" content=\"tr_TR\" \/>\n<meta property=\"og:type\" content=\"article\" \/>\n<meta property=\"og:title\" content=\"AB ve NATO\u2019dan Almanya\u2019da Noel pazar\u0131na yap\u0131lan sald\u0131r\u0131ya tepki -\" \/>\n<meta property=\"og:description\" content=\"Avrupa Birli\u011fi (AB) ve NATO, Almanya\u2019da Noel pazar\u0131na yap\u0131lan sald\u0131r\u0131ya tepki g\u00f6stererek, Berlin ile dayan\u0131\u015fma mesaj\u0131 verdi. AB Komisyonu Ba\u015fkan\u0131 Ursula von der Leyen, sosyal medya hesab\u0131ndan yapt\u0131\u011f\u0131 a\u00e7\u0131klamada, \u201cD\u00fc\u015f\u00fcncelerim Magdeburg\u2019daki vah\u015fi ve korkak\u00e7a eylemin kurbanlar\u0131yla birlikte.\u201d ifadesini kulland\u0131. Alman siyaset\u00e7i, olay\u0131n ara\u015ft\u0131r\u0131lmas\u0131 ve sorumlular\u0131n cezaland\u0131r\u0131lmas\u0131 gerekti\u011fini belirtti. NATO Genel Sekreteri Mark Rutte de ba\u015fsa\u011fl\u0131\u011f\u0131\" \/>\n<meta property=\"og:url\" content=\"https:\/\/kibrisdakik.com\/?p=72089\" \/>\n<meta property=\"article:published_time\" content=\"2024-12-21T11:42:16+00:00\" \/>\n<meta property=\"og:image\" content=\"https:\/\/kibrisdakik.com\/wp-content\/uploads\/2024\/12\/ab-ve-natodan-almanyada-n-819.webp-740x420.webp\" \/>\n\t<meta property=\"og:image:width\" content=\"1244\" \/>\n\t<meta property=\"og:image:height\" content=\"700\" \/>\n\t<meta property=\"og:image:type\" content=\"image\/webp\" \/>\n<meta name=\"author\" content=\"admin\" \/>\n<meta name=\"twitter:card\" content=\"summary_large_image\" \/>\n<meta name=\"twitter:label1\" content=\"Yazan:\" \/>\n\t<meta name=\"twitter:data1\" content=\"admin\" \/>\n\t<meta name=\"twitter:label2\" content=\"Tahmini okuma s\u00fcresi\" \/>\n\t<meta name=\"twitter:data2\" content=\"1 dakika\" \/>\n<script type=\"application\/ld+json\" class=\"yoast-schema-graph\">{\"@context\":\"https:\\\/\\\/schema.org\",\"@graph\":[{\"@type\":\"Article\",\"@id\":\"https:\\\/\\\/kibrisdakik.com\\\/?p=72089#article\",\"isPartOf\":{\"@id\":\"https:\\\/\\\/kibrisdakik.com\\\/?p=72089\"},\"author\":{\"name\":\"admin\",\"@id\":\"https:\\\/\\\/kibrisdakik.com\\\/#\\\/schema\\\/person\\\/9cd9d437bbb44f72b73ba127e06d8e79\"},\"headline\":\"AB ve NATO\u2019dan Almanya\u2019da Noel pazar\u0131na yap\u0131lan sald\u0131r\u0131ya tepki\",\"datePublished\":\"2024-12-21T11:42:16+00:00\",\"mainEntityOfPage\":{\"@id\":\"https:\\\/\\\/kibrisdakik.com\\\/?p=72089\"},\"wordCount\":142,\"commentCount\":0,\"image\":{\"@id\":\"https:\\\/\\\/kibrisdakik.com\\\/?p=72089#primaryimage\"},\"thumbnailUrl\":\"https:\\\/\\\/kibrisdakik.com\\\/wp-content\\\/uploads\\\/2024\\\/12\\\/ab-ve-natodan-almanyada-n-819.webp-740x420.webp\",\"articleSection\":[\"G\u00fcndem\"],\"inLanguage\":\"tr\",\"potentialAction\":[{\"@type\":\"CommentAction\",\"name\":\"Comment\",\"target\":[\"https:\\\/\\\/kibrisdakik.com\\\/?p=72089#respond\"]}]},{\"@type\":\"WebPage\",\"@id\":\"https:\\\/\\\/kibrisdakik.com\\\/?p=72089\",\"url\":\"https:\\\/\\\/kibrisdakik.com\\\/?p=72089\",\"name\":\"AB ve NATO\u2019dan Almanya\u2019da Noel pazar\u0131na yap\u0131lan sald\u0131r\u0131ya tepki -\",\"isPartOf\":{\"@id\":\"https:\\\/\\\/kibrisdakik.com\\\/#website\"},\"primaryImageOfPage\":{\"@id\":\"https:\\\/\\\/kibrisdakik.com\\\/?p=72089#primaryimage\"},\"image\":{\"@id\":\"https:\\\/\\\/kibrisdakik.com\\\/?p=72089#primaryimage\"},\"thumbnailUrl\":\"https:\\\/\\\/kibrisdakik.com\\\/wp-content\\\/uploads\\\/2024\\\/12\\\/ab-ve-natodan-almanyada-n-819.webp-740x420.webp\",\"datePublished\":\"2024-12-21T11:42:16+00:00\",\"author\":{\"@id\":\"https:\\\/\\\/kibrisdakik.com\\\/#\\\/schema\\\/person\\\/9cd9d437bbb44f72b73ba127e06d8e79\"},\"breadcrumb\":{\"@id\":\"https:\\\/\\\/kibrisdakik.com\\\/?p=72089#breadcrumb\"},\"inLanguage\":\"tr\",\"potentialAction\":[{\"@type\":\"ReadAction\",\"target\":[\"https:\\\/\\\/kibrisdakik.com\\\/?p=72089\"]}]},{\"@type\":\"ImageObject\",\"inLanguage\":\"tr\",\"@id\":\"https:\\\/\\\/kibrisdakik.com\\\/?p=72089#primaryimage\",\"url\":\"https:\\\/\\\/kibrisdakik.com\\\/wp-content\\\/uploads\\\/2024\\\/12\\\/ab-ve-natodan-almanyada-n-819.webp-740x420.webp\",\"contentUrl\":\"https:\\\/\\\/kibrisdakik.com\\\/wp-content\\\/uploads\\\/2024\\\/12\\\/ab-ve-natodan-almanyada-n-819.webp-740x420.webp\",\"width\":1244,\"height\":700},{\"@type\":\"BreadcrumbList\",\"@id\":\"https:\\\/\\\/kibrisdakik.com\\\/?p=72089#breadcrumb\",\"itemListElement\":[{\"@type\":\"ListItem\",\"position\":1,\"name\":\"Home\",\"item\":\"https:\\\/\\\/kibrisdakik.com\\\/\"},{\"@type\":\"ListItem\",\"position\":2,\"name\":\"AB ve NATO\u2019dan Almanya\u2019da Noel pazar\u0131na yap\u0131lan sald\u0131r\u0131ya tepki\"}]},{\"@type\":\"WebSite\",\"@id\":\"https:\\\/\\\/kibrisdakik.com\\\/#website\",\"url\":\"https:\\\/\\\/kibrisdakik.com\\\/\",\"name\":\"\",\"description\":\"Tam vaktinde haber\",\"potentialAction\":[{\"@type\":\"SearchAction\",\"target\":{\"@type\":\"EntryPoint\",\"urlTemplate\":\"https:\\\/\\\/kibrisdakik.com\\\/?s={search_term_string}\"},\"query-input\":{\"@type\":\"PropertyValueSpecification\",\"valueRequired\":true,\"valueName\":\"search_term_string\"}}],\"inLanguage\":\"tr\"},{\"@type\":\"Person\",\"@id\":\"https:\\\/\\\/kibrisdakik.com\\\/#\\\/schema\\\/person\\\/9cd9d437bbb44f72b73ba127e06d8e79\",\"name\":\"admin\",\"image\":{\"@type\":\"ImageObject\",\"inLanguage\":\"tr\",\"@id\":\"https:\\\/\\\/secure.gravatar.com\\\/avatar\\\/ccc17943b9d660506c869530f897617f7cb1c21a4bf30023f252596d83e1f007?s=96&d=mm&r=g\",\"url\":\"https:\\\/\\\/secure.gravatar.com\\\/avatar\\\/ccc17943b9d660506c869530f897617f7cb1c21a4bf30023f252596d83e1f007?s=96&d=mm&r=g\",\"contentUrl\":\"https:\\\/\\\/secure.gravatar.com\\\/avatar\\\/ccc17943b9d660506c869530f897617f7cb1c21a4bf30023f252596d83e1f007?s=96&d=mm&r=g\",\"caption\":\"admin\"},\"sameAs\":[\"https:\\\/\\\/kibrisdakik.com\"],\"url\":\"https:\\\/\\\/kibrisdakik.com\\\/?author=1\"}]}<\/script>\n<!-- \/ Yoast SEO plugin. -->","yoast_head_json":{"title":"AB ve NATO\u2019dan Almanya\u2019da Noel pazar\u0131na yap\u0131lan sald\u0131r\u0131ya tepki -","robots":{"index":"index","follow":"follow","max-snippet":"max-snippet:-1","max-image-preview":"max-image-preview:large","max-video-preview":"max-video-preview:-1"},"canonical":"https:\/\/kibrisdakik.com\/?p=72089","og_locale":"tr_TR","og_type":"article","og_title":"AB ve NATO\u2019dan Almanya\u2019da Noel pazar\u0131na yap\u0131lan sald\u0131r\u0131ya tepki -","og_description":"Avrupa Birli\u011fi (AB) ve NATO, Almanya\u2019da Noel pazar\u0131na yap\u0131lan sald\u0131r\u0131ya tepki g\u00f6stererek, Berlin ile dayan\u0131\u015fma mesaj\u0131 verdi. AB Komisyonu Ba\u015fkan\u0131 Ursula von der Leyen, sosyal medya hesab\u0131ndan yapt\u0131\u011f\u0131 a\u00e7\u0131klamada, \u201cD\u00fc\u015f\u00fcncelerim Magdeburg\u2019daki vah\u015fi ve korkak\u00e7a eylemin kurbanlar\u0131yla birlikte.\u201d ifadesini kulland\u0131. Alman siyaset\u00e7i, olay\u0131n ara\u015ft\u0131r\u0131lmas\u0131 ve sorumlular\u0131n cezaland\u0131r\u0131lmas\u0131 gerekti\u011fini belirtti. NATO Genel Sekreteri Mark Rutte de ba\u015fsa\u011fl\u0131\u011f\u0131","og_url":"https:\/\/kibrisdakik.com\/?p=72089","article_published_time":"2024-12-21T11:42:16+00:00","og_image":[{"width":1244,"height":700,"url":"https:\/\/kibrisdakik.com\/wp-content\/uploads\/2024\/12\/ab-ve-natodan-almanyada-n-819.webp-740x420.webp","type":"image\/webp"}],"author":"admin","twitter_card":"summary_large_image","twitter_misc":{"Yazan:":"admin","Tahmini okuma s\u00fcresi":"1 dakika"},"schema":{"@context":"https:\/\/schema.org","@graph":[{"@type":"Article","@id":"https:\/\/kibrisdakik.com\/?p=72089#article","isPartOf":{"@id":"https:\/\/kibrisdakik.com\/?p=72089"},"author":{"name":"admin","@id":"https:\/\/kibrisdakik.com\/#\/schema\/person\/9cd9d437bbb44f72b73ba127e06d8e79"},"headline":"AB ve NATO\u2019dan Almanya\u2019da Noel pazar\u0131na yap\u0131lan sald\u0131r\u0131ya tepki","datePublished":"2024-12-21T11:42:16+00:00","mainEntityOfPage":{"@id":"https:\/\/kibrisdakik.com\/?p=72089"},"wordCount":142,"commentCount":0,"image":{"@id":"https:\/\/kibrisdakik.com\/?p=72089#primaryimage"},"thumbnailUrl":"https:\/\/kibrisdakik.com\/wp-content\/uploads\/2024\/12\/ab-ve-natodan-almanyada-n-819.webp-740x420.webp","articleSection":["G\u00fcndem"],"inLanguage":"tr","potentialAction":[{"@type":"CommentAction","name":"Comment","target":["https:\/\/kibrisdakik.com\/?p=72089#respond"]}]},{"@type":"WebPage","@id":"https:\/\/kibrisdakik.com\/?p=72089","url":"https:\/\/kibrisdakik.com\/?p=72089","name":"AB ve NATO\u2019dan Almanya\u2019da Noel pazar\u0131na yap\u0131lan sald\u0131r\u0131ya tepki -","isPartOf":{"@id":"https:\/\/kibrisdakik.com\/#website"},"primaryImageOfPage":{"@id":"https:\/\/kibrisdakik.com\/?p=72089#primaryimage"},"image":{"@id":"https:\/\/kibrisdakik.com\/?p=72089#primaryimage"},"thumbnailUrl":"https:\/\/kibrisdakik.com\/wp-content\/uploads\/2024\/12\/ab-ve-natodan-almanyada-n-819.webp-740x420.webp","datePublished":"2024-12-21T11:42:16+00:00","author":{"@id":"https:\/\/kibrisdakik.com\/#\/schema\/person\/9cd9d437bbb44f72b73ba127e06d8e79"},"breadcrumb":{"@id":"https:\/\/kibrisdakik.com\/?p=72089#breadcrumb"},"inLanguage":"tr","potentialAction":[{"@type":"ReadAction","target":["https:\/\/kibrisdakik.com\/?p=72089"]}]},{"@type":"ImageObject","inLanguage":"tr","@id":"https:\/\/kibrisdakik.com\/?p=72089#primaryimage","url":"https:\/\/kibrisdakik.com\/wp-content\/uploads\/2024\/12\/ab-ve-natodan-almanyada-n-819.webp-740x420.webp","contentUrl":"https:\/\/kibrisdakik.com\/wp-content\/uploads\/2024\/12\/ab-ve-natodan-almanyada-n-819.webp-740x420.webp","width":1244,"height":700},{"@type":"BreadcrumbList","@id":"https:\/\/kibrisdakik.com\/?p=72089#breadcrumb","itemListElement":[{"@type":"ListItem","position":1,"name":"Home","item":"https:\/\/kibrisdakik.com\/"},{"@type":"ListItem","position":2,"name":"AB ve NATO\u2019dan Almanya\u2019da Noel pazar\u0131na yap\u0131lan sald\u0131r\u0131ya tepki"}]},{"@type":"WebSite","@id":"https:\/\/kibrisdakik.com\/#website","url":"https:\/\/kibrisdakik.com\/","name":"","description":"Tam vaktinde haber","potentialAction":[{"@type":"SearchAction","target":{"@type":"EntryPoint","urlTemplate":"https:\/\/kibrisdakik.com\/?s={search_term_string}"},"query-input":{"@type":"PropertyValueSpecification","valueRequired":true,"valueName":"search_term_string"}}],"inLanguage":"tr"},{"@type":"Person","@id":"https:\/\/kibrisdakik.com\/#\/schema\/person\/9cd9d437bbb44f72b73ba127e06d8e79","name":"admin","image":{"@type":"ImageObject","inLanguage":"tr","@id":"https:\/\/secure.gravatar.com\/avatar\/ccc17943b9d660506c869530f897617f7cb1c21a4bf30023f252596d83e1f007?s=96&d=mm&r=g","url":"https:\/\/secure.gravatar.com\/avatar\/ccc17943b9d660506c869530f897617f7cb1c21a4bf30023f252596d83e1f007?s=96&d=mm&r=g","contentUrl":"https:\/\/secure.gravatar.com\/avatar\/ccc17943b9d660506c869530f897617f7cb1c21a4bf30023f252596d83e1f007?s=96&d=mm&r=g","caption":"admin"},"sameAs":["https:\/\/kibrisdakik.com"],"url":"https:\/\/kibrisdakik.com\/?author=1"}]}},"_links":{"self":[{"href":"https:\/\/kibrisdakik.com\/index.php?rest_route=\/wp\/v2\/posts\/72089","targetHints":{"allow":["GET"]}}],"collection":[{"href":"https:\/\/kibrisdakik.com\/index.php?rest_route=\/wp\/v2\/posts"}],"about":[{"href":"https:\/\/kibrisdakik.com\/index.php?rest_route=\/wp\/v2\/types\/post"}],"author":[{"embeddable":true,"href":"https:\/\/kibrisdakik.com\/index.php?rest_route=\/wp\/v2\/users\/1"}],"replies":[{"embeddable":true,"href":"https:\/\/kibrisdakik.com\/index.php?rest_route=%2Fwp%2Fv2%2Fcomments&post=72089"}],"version-history":[{"count":1,"href":"https:\/\/kibrisdakik.com\/index.php?rest_route=\/wp\/v2\/posts\/72089\/revisions"}],"predecessor-version":[{"id":72099,"href":"https:\/\/kibrisdakik.com\/index.php?rest_route=\/wp\/v2\/posts\/72089\/revisions\/72099"}],"wp:featuredmedia":[{"embeddable":true,"href":"https:\/\/kibrisdakik.com\/index.php?rest_route=\/wp\/v2\/media\/72090"}],"wp:attachment":[{"href":"https:\/\/kibrisdakik.com\/index.php?rest_route=%2Fwp%2Fv2%2Fmedia&parent=72089"}],"wp:term":[{"taxonomy":"category","embeddable":true,"href":"https:\/\/kibrisdakik.com\/index.php?rest_route=%2Fwp%2Fv2%2Fcategories&post=72089"},{"taxonomy":"post_tag","embeddable":true,"href":"https:\/\/kibrisdakik.com\/index.php?rest_route=%2Fwp%2Fv2%2Ftags&post=72089"}],"curies":[{"name":"wp","href":"https:\/\/api.w.org\/{rel}","templated":true}]}}