{"id":72115,"date":"2024-12-21T11:40:29","date_gmt":"2024-12-21T08:40:29","guid":{"rendered":"https:\/\/kibrisdakik.com\/index.php\/2024\/12\/21\/almanyada-noel-pazarina-aracla-saldiri-iki-kisi-hayatini-kaybetti\/"},"modified":"2024-12-21T11:40:29","modified_gmt":"2024-12-21T08:40:29","slug":"almanyada-noel-pazarina-aracla-saldiri-iki-kisi-hayatini-kaybetti","status":"publish","type":"post","link":"https:\/\/kibrisdakik.com\/?p=72115","title":{"rendered":"Almanya\u2019da Noel pazar\u0131na ara\u00e7la sald\u0131r\u0131: \u0130ki ki\u015fi hayat\u0131n\u0131 kaybetti"},"content":{"rendered":"<p><\/p>\n<div>\n<div class=\"mariselle-image-container center\">\n                <img loading=\"lazy\" decoding=\"async\" width=\"2560\" height=\"1707\" class=\"lazy-image\" alt=\"\" sizes=\"auto, (max-width: 2560px) 100vw, 2560px\" src=\"https:\/\/brtk.net\/wp-content\/uploads\/2024\/12\/21\/llllllllllllllllllllllll-scaled.jpg?ver=21d24a8fa73931d31307131cc05e3b7f\" srcset=\"https:\/\/brtk.net\/wp-content\/uploads\/2024\/12\/21\/llllllllllllllllllllllll-scaled.jpg?ver=21d24a8fa73931d31307131cc05e3b7f 2560w, https:\/\/brtk.net\/wp-content\/uploads\/2024\/12\/21\/llllllllllllllllllllllll-300x200.jpg?ver=21d24a8fa73931d31307131cc05e3b7f 300w, https:\/\/brtk.net\/wp-content\/uploads\/2024\/12\/21\/llllllllllllllllllllllll-1024x683.jpg?ver=73e01252dc8b37526b70c2ccb226c80c 1024w, https:\/\/brtk.net\/wp-content\/uploads\/2024\/12\/21\/llllllllllllllllllllllll-768x512.jpg?ver=73e01252dc8b37526b70c2ccb226c80c 768w, https:\/\/brtk.net\/wp-content\/uploads\/2024\/12\/21\/llllllllllllllllllllllll-1536x1024.jpg?ver=d5ff7acb4894fc1eb7d723f15bcd8591 1536w, https:\/\/brtk.net\/wp-content\/uploads\/2024\/12\/21\/llllllllllllllllllllllll-2048x1365.jpg?ver=d45152e0d24e0d454af616d1526dc739 2048w\"\/>                            <\/div>\n<p>: Almanya\u2019n\u0131n Magdeburg kentinde bir ki\u015finin arac\u0131n\u0131 Noel pazar\u0131nda kalabal\u0131\u011f\u0131n \u00fczerine s\u00fcrmesi sonucu ilk belirlemelere g\u00f6re iki ki\u015finin \u00f6ld\u00fc\u011f\u00fc ve 60\u2019\u0131 a\u015fk\u0131n ki\u015finin yaraland\u0131\u011f\u0131 bildirildi.<\/p>\n<p>Saksonya-Anhalt Eyaleti Ba\u015fbakan\u0131 Reiner Haseloff, yapt\u0131\u011f\u0131 a\u00e7\u0131klamada sald\u0131r\u0131da 2 ki\u015finin hayat\u0131n\u0131 kaybetti\u011fini, \u00f6lenlerden birinin k\u00fc\u00e7\u00fck bir \u00e7ocuk oldu\u011funu belirtti.<\/p>\n<p>\u201cNoele yakla\u015ft\u0131\u011f\u0131m\u0131z \u015fu g\u00fcnlerde korkun\u00e7 bir olay.\u201d ifadesini kullanan Haseloff, sald\u0131r\u0131da baz\u0131lar\u0131 a\u011f\u0131r olmak \u00fczere 60\u2019\u0131n \u00fczerinde ki\u015finin yaraland\u0131\u011f\u0131n\u0131 bildirdi.<\/p>\n<p>Haslehoff, sald\u0131rgan\u0131n g\u00f6zalt\u0131na al\u0131nd\u0131\u011f\u0131n\u0131 belirterek, Suudi Arabistan k\u00f6kenli sald\u0131rgan\u0131n Saksonya-Anhalt eyaletinde \u00e7al\u0131\u015fan bir doktor oldu\u011funu ve 2006\u2019dan bu yana Almanya\u2019da ya\u015fad\u0131\u011f\u0131n\u0131 ifade etti.<\/p>\n<p>Welt gazetesi de polise dayand\u0131rd\u0131\u011f\u0131 haberinde sald\u0131rgan\u0131n 1974 do\u011fumlu Suudi Arabistan vatanda\u015f\u0131 oldu\u011funu ve g\u00f6zalt\u0131na al\u0131nd\u0131\u011f\u0131n\u0131 belirtti.<\/p>\n<p>Ulusal bas\u0131nda yer alan haberlere g\u00f6re, sald\u0131rgan, Noel pazar\u0131nda en az 400 metre boyunca BMW marka bir arac\u0131 kalabal\u0131\u011f\u0131n \u00fczerine s\u00fcrd\u00fc.<\/p>\n<p>Olay\u0131n ard\u0131ndan Noel pazar\u0131 kapat\u0131l\u0131rken, insanlardan \u015fehir merkezini terk etmeleri istendi.<\/p>\n<p>Sald\u0131r\u0131, Elbe Nehri\u2019nin yak\u0131n\u0131ndaki Magdeburg Belediye binas\u0131n\u0131n yan\u0131nda kurulan Noel pazar\u0131nda ya\u015fand\u0131.<\/p>\n<p>Cumhurba\u015fkan\u0131 Frank-Walter Steinmeier, yapt\u0131\u011f\u0131 yaz\u0131l\u0131 a\u00e7\u0131klamada, \u201cHuzurlu bir Noel beklentisi Magdeburg\u2019dan gelen haberlerle aniden kesintiye u\u011frad\u0131. Bu korkun\u00e7 su\u00e7un t\u00fcm arka plan\u0131 hen\u00fcz a\u00e7\u0131kl\u0131\u011fa kavu\u015fmu\u015f de\u011fil. D\u00fc\u015f\u00fcncelerim kurbanlar ve aileleriyle. T\u00fcm acil servislere \u00e7abalar\u0131 i\u00e7in te\u015fekk\u00fcr ediyorum.\u201d ifadesini kulland\u0131.<\/p>\n<p>Ba\u015fbakan Olaf Scholz da sosyal medya platformu X\u2019ten yapt\u0131\u011f\u0131 a\u00e7\u0131klamada, Magdeburg\u2019dan gelen haberlerin son derece \u00fcz\u00fcc\u00fc oldu\u011funu belirtti.<\/p>\n<p>Scholz, \u201cAcil servisler yaral\u0131larla ilgilenmek ve hayat kurtarmak i\u00e7in ellerinden gelen her \u015feyi yap\u0131yor. T\u00fcm d\u00fc\u015f\u00fcncelerimiz kurbanlar ve aileleriyle. G\u00fcvenlik makamlar\u0131 olay\u0131n arka plan\u0131n\u0131 a\u00e7\u0131kl\u0131\u011fa kavu\u015fturacakt\u0131r.\u201d de\u011ferlendirmesinde bulundu.<\/p>\n<\/p><\/div>\n<p><script async\n                    defer\n                    crossorigin=\"anonymous\"\n                    src=\"https:\/\/connect.facebook.net\/tr_TR\/sdk.js#xfbml=1&#038;version=v3.3\"\n            ><\/script><\/p>\n","protected":false},"excerpt":{"rendered":"<p>: Almanya\u2019n\u0131n Magdeburg kentinde bir ki\u015finin arac\u0131n\u0131 Noel pazar\u0131nda kalabal\u0131\u011f\u0131n \u00fczerine s\u00fcrmesi sonucu ilk belirlemelere g\u00f6re iki ki\u015finin \u00f6ld\u00fc\u011f\u00fc ve 60\u2019\u0131 a\u015fk\u0131n ki\u015finin yaraland\u0131\u011f\u0131 bildirildi. Saksonya-Anhalt Eyaleti Ba\u015fbakan\u0131 Reiner Haseloff, yapt\u0131\u011f\u0131 a\u00e7\u0131klamada sald\u0131r\u0131da 2 ki\u015finin hayat\u0131n\u0131 kaybetti\u011fini, \u00f6lenlerden birinin k\u00fc\u00e7\u00fck bir \u00e7ocuk oldu\u011funu belirtti. \u201cNoele yakla\u015ft\u0131\u011f\u0131m\u0131z \u015fu g\u00fcnlerde korkun\u00e7 bir olay.\u201d ifadesini kullanan Haseloff, sald\u0131r\u0131da<\/p>\n","protected":false},"author":1,"featured_media":72116,"comment_status":"open","ping_status":"open","sticky":false,"template":"","format":"standard","meta":{"footnotes":""},"categories":[1],"tags":[],"class_list":["post-72115","post","type-post","status-publish","format-standard","has-post-thumbnail","hentry","category-gundem"],"yoast_head":"<!-- This site is optimized with the Yoast SEO plugin v27.5 - https:\/\/yoast.com\/product\/yoast-seo-wordpress\/ -->\n<title>Almanya\u2019da Noel pazar\u0131na ara\u00e7la sald\u0131r\u0131: \u0130ki ki\u015fi hayat\u0131n\u0131 kaybetti -<\/title>\n<meta name=\"robots\" content=\"index, follow, max-snippet:-1, max-image-preview:large, max-video-preview:-1\" \/>\n<link rel=\"canonical\" href=\"https:\/\/kibrisdakik.com\/?p=72115\" \/>\n<meta property=\"og:locale\" content=\"tr_TR\" \/>\n<meta property=\"og:type\" content=\"article\" \/>\n<meta property=\"og:title\" content=\"Almanya\u2019da Noel pazar\u0131na ara\u00e7la sald\u0131r\u0131: \u0130ki ki\u015fi hayat\u0131n\u0131 kaybetti -\" \/>\n<meta property=\"og:description\" content=\": Almanya\u2019n\u0131n Magdeburg kentinde bir ki\u015finin arac\u0131n\u0131 Noel pazar\u0131nda kalabal\u0131\u011f\u0131n \u00fczerine s\u00fcrmesi sonucu ilk belirlemelere g\u00f6re iki ki\u015finin \u00f6ld\u00fc\u011f\u00fc ve 60\u2019\u0131 a\u015fk\u0131n ki\u015finin yaraland\u0131\u011f\u0131 bildirildi. Saksonya-Anhalt Eyaleti Ba\u015fbakan\u0131 Reiner Haseloff, yapt\u0131\u011f\u0131 a\u00e7\u0131klamada sald\u0131r\u0131da 2 ki\u015finin hayat\u0131n\u0131 kaybetti\u011fini, \u00f6lenlerden birinin k\u00fc\u00e7\u00fck bir \u00e7ocuk oldu\u011funu belirtti. \u201cNoele yakla\u015ft\u0131\u011f\u0131m\u0131z \u015fu g\u00fcnlerde korkun\u00e7 bir olay.\u201d ifadesini kullanan Haseloff, sald\u0131r\u0131da\" \/>\n<meta property=\"og:url\" content=\"https:\/\/kibrisdakik.com\/?p=72115\" \/>\n<meta property=\"article:published_time\" content=\"2024-12-21T08:40:29+00:00\" \/>\n<meta property=\"og:image\" content=\"https:\/\/kibrisdakik.com\/wp-content\/uploads\/2024\/12\/llllllllllllllllllllllll-scaled-740x420.jpg\" \/>\n\t<meta property=\"og:image:width\" content=\"2560\" \/>\n\t<meta property=\"og:image:height\" content=\"1707\" \/>\n\t<meta property=\"og:image:type\" content=\"image\/jpeg\" \/>\n<meta name=\"author\" content=\"admin\" \/>\n<meta name=\"twitter:card\" content=\"summary_large_image\" \/>\n<meta name=\"twitter:label1\" content=\"Yazan:\" \/>\n\t<meta name=\"twitter:data1\" content=\"admin\" \/>\n\t<meta name=\"twitter:label2\" content=\"Tahmini okuma s\u00fcresi\" \/>\n\t<meta name=\"twitter:data2\" content=\"2 dakika\" \/>\n<script type=\"application\/ld+json\" class=\"yoast-schema-graph\">{\"@context\":\"https:\\\/\\\/schema.org\",\"@graph\":[{\"@type\":\"Article\",\"@id\":\"https:\\\/\\\/kibrisdakik.com\\\/?p=72115#article\",\"isPartOf\":{\"@id\":\"https:\\\/\\\/kibrisdakik.com\\\/?p=72115\"},\"author\":{\"name\":\"admin\",\"@id\":\"https:\\\/\\\/kibrisdakik.com\\\/#\\\/schema\\\/person\\\/9cd9d437bbb44f72b73ba127e06d8e79\"},\"headline\":\"Almanya\u2019da Noel pazar\u0131na ara\u00e7la sald\u0131r\u0131: \u0130ki ki\u015fi hayat\u0131n\u0131 kaybetti\",\"datePublished\":\"2024-12-21T08:40:29+00:00\",\"mainEntityOfPage\":{\"@id\":\"https:\\\/\\\/kibrisdakik.com\\\/?p=72115\"},\"wordCount\":352,\"commentCount\":0,\"image\":{\"@id\":\"https:\\\/\\\/kibrisdakik.com\\\/?p=72115#primaryimage\"},\"thumbnailUrl\":\"https:\\\/\\\/kibrisdakik.com\\\/wp-content\\\/uploads\\\/2024\\\/12\\\/llllllllllllllllllllllll-scaled-740x420.jpg\",\"articleSection\":[\"G\u00fcndem\"],\"inLanguage\":\"tr\",\"potentialAction\":[{\"@type\":\"CommentAction\",\"name\":\"Comment\",\"target\":[\"https:\\\/\\\/kibrisdakik.com\\\/?p=72115#respond\"]}]},{\"@type\":\"WebPage\",\"@id\":\"https:\\\/\\\/kibrisdakik.com\\\/?p=72115\",\"url\":\"https:\\\/\\\/kibrisdakik.com\\\/?p=72115\",\"name\":\"Almanya\u2019da Noel pazar\u0131na ara\u00e7la sald\u0131r\u0131: \u0130ki ki\u015fi hayat\u0131n\u0131 kaybetti -\",\"isPartOf\":{\"@id\":\"https:\\\/\\\/kibrisdakik.com\\\/#website\"},\"primaryImageOfPage\":{\"@id\":\"https:\\\/\\\/kibrisdakik.com\\\/?p=72115#primaryimage\"},\"image\":{\"@id\":\"https:\\\/\\\/kibrisdakik.com\\\/?p=72115#primaryimage\"},\"thumbnailUrl\":\"https:\\\/\\\/kibrisdakik.com\\\/wp-content\\\/uploads\\\/2024\\\/12\\\/llllllllllllllllllllllll-scaled-740x420.jpg\",\"datePublished\":\"2024-12-21T08:40:29+00:00\",\"author\":{\"@id\":\"https:\\\/\\\/kibrisdakik.com\\\/#\\\/schema\\\/person\\\/9cd9d437bbb44f72b73ba127e06d8e79\"},\"breadcrumb\":{\"@id\":\"https:\\\/\\\/kibrisdakik.com\\\/?p=72115#breadcrumb\"},\"inLanguage\":\"tr\",\"potentialAction\":[{\"@type\":\"ReadAction\",\"target\":[\"https:\\\/\\\/kibrisdakik.com\\\/?p=72115\"]}]},{\"@type\":\"ImageObject\",\"inLanguage\":\"tr\",\"@id\":\"https:\\\/\\\/kibrisdakik.com\\\/?p=72115#primaryimage\",\"url\":\"https:\\\/\\\/kibrisdakik.com\\\/wp-content\\\/uploads\\\/2024\\\/12\\\/llllllllllllllllllllllll-scaled-740x420.jpg\",\"contentUrl\":\"https:\\\/\\\/kibrisdakik.com\\\/wp-content\\\/uploads\\\/2024\\\/12\\\/llllllllllllllllllllllll-scaled-740x420.jpg\",\"width\":2560,\"height\":1707},{\"@type\":\"BreadcrumbList\",\"@id\":\"https:\\\/\\\/kibrisdakik.com\\\/?p=72115#breadcrumb\",\"itemListElement\":[{\"@type\":\"ListItem\",\"position\":1,\"name\":\"Home\",\"item\":\"https:\\\/\\\/kibrisdakik.com\\\/\"},{\"@type\":\"ListItem\",\"position\":2,\"name\":\"Almanya\u2019da Noel pazar\u0131na ara\u00e7la sald\u0131r\u0131: \u0130ki ki\u015fi hayat\u0131n\u0131 kaybetti\"}]},{\"@type\":\"WebSite\",\"@id\":\"https:\\\/\\\/kibrisdakik.com\\\/#website\",\"url\":\"https:\\\/\\\/kibrisdakik.com\\\/\",\"name\":\"\",\"description\":\"Tam vaktinde haber\",\"potentialAction\":[{\"@type\":\"SearchAction\",\"target\":{\"@type\":\"EntryPoint\",\"urlTemplate\":\"https:\\\/\\\/kibrisdakik.com\\\/?s={search_term_string}\"},\"query-input\":{\"@type\":\"PropertyValueSpecification\",\"valueRequired\":true,\"valueName\":\"search_term_string\"}}],\"inLanguage\":\"tr\"},{\"@type\":\"Person\",\"@id\":\"https:\\\/\\\/kibrisdakik.com\\\/#\\\/schema\\\/person\\\/9cd9d437bbb44f72b73ba127e06d8e79\",\"name\":\"admin\",\"image\":{\"@type\":\"ImageObject\",\"inLanguage\":\"tr\",\"@id\":\"https:\\\/\\\/secure.gravatar.com\\\/avatar\\\/ccc17943b9d660506c869530f897617f7cb1c21a4bf30023f252596d83e1f007?s=96&d=mm&r=g\",\"url\":\"https:\\\/\\\/secure.gravatar.com\\\/avatar\\\/ccc17943b9d660506c869530f897617f7cb1c21a4bf30023f252596d83e1f007?s=96&d=mm&r=g\",\"contentUrl\":\"https:\\\/\\\/secure.gravatar.com\\\/avatar\\\/ccc17943b9d660506c869530f897617f7cb1c21a4bf30023f252596d83e1f007?s=96&d=mm&r=g\",\"caption\":\"admin\"},\"sameAs\":[\"https:\\\/\\\/kibrisdakik.com\"],\"url\":\"https:\\\/\\\/kibrisdakik.com\\\/?author=1\"}]}<\/script>\n<!-- \/ Yoast SEO plugin. -->","yoast_head_json":{"title":"Almanya\u2019da Noel pazar\u0131na ara\u00e7la sald\u0131r\u0131: \u0130ki ki\u015fi hayat\u0131n\u0131 kaybetti -","robots":{"index":"index","follow":"follow","max-snippet":"max-snippet:-1","max-image-preview":"max-image-preview:large","max-video-preview":"max-video-preview:-1"},"canonical":"https:\/\/kibrisdakik.com\/?p=72115","og_locale":"tr_TR","og_type":"article","og_title":"Almanya\u2019da Noel pazar\u0131na ara\u00e7la sald\u0131r\u0131: \u0130ki ki\u015fi hayat\u0131n\u0131 kaybetti -","og_description":": Almanya\u2019n\u0131n Magdeburg kentinde bir ki\u015finin arac\u0131n\u0131 Noel pazar\u0131nda kalabal\u0131\u011f\u0131n \u00fczerine s\u00fcrmesi sonucu ilk belirlemelere g\u00f6re iki ki\u015finin \u00f6ld\u00fc\u011f\u00fc ve 60\u2019\u0131 a\u015fk\u0131n ki\u015finin yaraland\u0131\u011f\u0131 bildirildi. Saksonya-Anhalt Eyaleti Ba\u015fbakan\u0131 Reiner Haseloff, yapt\u0131\u011f\u0131 a\u00e7\u0131klamada sald\u0131r\u0131da 2 ki\u015finin hayat\u0131n\u0131 kaybetti\u011fini, \u00f6lenlerden birinin k\u00fc\u00e7\u00fck bir \u00e7ocuk oldu\u011funu belirtti. \u201cNoele yakla\u015ft\u0131\u011f\u0131m\u0131z \u015fu g\u00fcnlerde korkun\u00e7 bir olay.\u201d ifadesini kullanan Haseloff, sald\u0131r\u0131da","og_url":"https:\/\/kibrisdakik.com\/?p=72115","article_published_time":"2024-12-21T08:40:29+00:00","og_image":[{"width":2560,"height":1707,"url":"https:\/\/kibrisdakik.com\/wp-content\/uploads\/2024\/12\/llllllllllllllllllllllll-scaled-740x420.jpg","type":"image\/jpeg"}],"author":"admin","twitter_card":"summary_large_image","twitter_misc":{"Yazan:":"admin","Tahmini okuma s\u00fcresi":"2 dakika"},"schema":{"@context":"https:\/\/schema.org","@graph":[{"@type":"Article","@id":"https:\/\/kibrisdakik.com\/?p=72115#article","isPartOf":{"@id":"https:\/\/kibrisdakik.com\/?p=72115"},"author":{"name":"admin","@id":"https:\/\/kibrisdakik.com\/#\/schema\/person\/9cd9d437bbb44f72b73ba127e06d8e79"},"headline":"Almanya\u2019da Noel pazar\u0131na ara\u00e7la sald\u0131r\u0131: \u0130ki ki\u015fi hayat\u0131n\u0131 kaybetti","datePublished":"2024-12-21T08:40:29+00:00","mainEntityOfPage":{"@id":"https:\/\/kibrisdakik.com\/?p=72115"},"wordCount":352,"commentCount":0,"image":{"@id":"https:\/\/kibrisdakik.com\/?p=72115#primaryimage"},"thumbnailUrl":"https:\/\/kibrisdakik.com\/wp-content\/uploads\/2024\/12\/llllllllllllllllllllllll-scaled-740x420.jpg","articleSection":["G\u00fcndem"],"inLanguage":"tr","potentialAction":[{"@type":"CommentAction","name":"Comment","target":["https:\/\/kibrisdakik.com\/?p=72115#respond"]}]},{"@type":"WebPage","@id":"https:\/\/kibrisdakik.com\/?p=72115","url":"https:\/\/kibrisdakik.com\/?p=72115","name":"Almanya\u2019da Noel pazar\u0131na ara\u00e7la sald\u0131r\u0131: \u0130ki ki\u015fi hayat\u0131n\u0131 kaybetti -","isPartOf":{"@id":"https:\/\/kibrisdakik.com\/#website"},"primaryImageOfPage":{"@id":"https:\/\/kibrisdakik.com\/?p=72115#primaryimage"},"image":{"@id":"https:\/\/kibrisdakik.com\/?p=72115#primaryimage"},"thumbnailUrl":"https:\/\/kibrisdakik.com\/wp-content\/uploads\/2024\/12\/llllllllllllllllllllllll-scaled-740x420.jpg","datePublished":"2024-12-21T08:40:29+00:00","author":{"@id":"https:\/\/kibrisdakik.com\/#\/schema\/person\/9cd9d437bbb44f72b73ba127e06d8e79"},"breadcrumb":{"@id":"https:\/\/kibrisdakik.com\/?p=72115#breadcrumb"},"inLanguage":"tr","potentialAction":[{"@type":"ReadAction","target":["https:\/\/kibrisdakik.com\/?p=72115"]}]},{"@type":"ImageObject","inLanguage":"tr","@id":"https:\/\/kibrisdakik.com\/?p=72115#primaryimage","url":"https:\/\/kibrisdakik.com\/wp-content\/uploads\/2024\/12\/llllllllllllllllllllllll-scaled-740x420.jpg","contentUrl":"https:\/\/kibrisdakik.com\/wp-content\/uploads\/2024\/12\/llllllllllllllllllllllll-scaled-740x420.jpg","width":2560,"height":1707},{"@type":"BreadcrumbList","@id":"https:\/\/kibrisdakik.com\/?p=72115#breadcrumb","itemListElement":[{"@type":"ListItem","position":1,"name":"Home","item":"https:\/\/kibrisdakik.com\/"},{"@type":"ListItem","position":2,"name":"Almanya\u2019da Noel pazar\u0131na ara\u00e7la sald\u0131r\u0131: \u0130ki ki\u015fi hayat\u0131n\u0131 kaybetti"}]},{"@type":"WebSite","@id":"https:\/\/kibrisdakik.com\/#website","url":"https:\/\/kibrisdakik.com\/","name":"","description":"Tam vaktinde haber","potentialAction":[{"@type":"SearchAction","target":{"@type":"EntryPoint","urlTemplate":"https:\/\/kibrisdakik.com\/?s={search_term_string}"},"query-input":{"@type":"PropertyValueSpecification","valueRequired":true,"valueName":"search_term_string"}}],"inLanguage":"tr"},{"@type":"Person","@id":"https:\/\/kibrisdakik.com\/#\/schema\/person\/9cd9d437bbb44f72b73ba127e06d8e79","name":"admin","image":{"@type":"ImageObject","inLanguage":"tr","@id":"https:\/\/secure.gravatar.com\/avatar\/ccc17943b9d660506c869530f897617f7cb1c21a4bf30023f252596d83e1f007?s=96&d=mm&r=g","url":"https:\/\/secure.gravatar.com\/avatar\/ccc17943b9d660506c869530f897617f7cb1c21a4bf30023f252596d83e1f007?s=96&d=mm&r=g","contentUrl":"https:\/\/secure.gravatar.com\/avatar\/ccc17943b9d660506c869530f897617f7cb1c21a4bf30023f252596d83e1f007?s=96&d=mm&r=g","caption":"admin"},"sameAs":["https:\/\/kibrisdakik.com"],"url":"https:\/\/kibrisdakik.com\/?author=1"}]}},"_links":{"self":[{"href":"https:\/\/kibrisdakik.com\/index.php?rest_route=\/wp\/v2\/posts\/72115","targetHints":{"allow":["GET"]}}],"collection":[{"href":"https:\/\/kibrisdakik.com\/index.php?rest_route=\/wp\/v2\/posts"}],"about":[{"href":"https:\/\/kibrisdakik.com\/index.php?rest_route=\/wp\/v2\/types\/post"}],"author":[{"embeddable":true,"href":"https:\/\/kibrisdakik.com\/index.php?rest_route=\/wp\/v2\/users\/1"}],"replies":[{"embeddable":true,"href":"https:\/\/kibrisdakik.com\/index.php?rest_route=%2Fwp%2Fv2%2Fcomments&post=72115"}],"version-history":[{"count":0,"href":"https:\/\/kibrisdakik.com\/index.php?rest_route=\/wp\/v2\/posts\/72115\/revisions"}],"wp:featuredmedia":[{"embeddable":true,"href":"https:\/\/kibrisdakik.com\/index.php?rest_route=\/wp\/v2\/media\/72116"}],"wp:attachment":[{"href":"https:\/\/kibrisdakik.com\/index.php?rest_route=%2Fwp%2Fv2%2Fmedia&parent=72115"}],"wp:term":[{"taxonomy":"category","embeddable":true,"href":"https:\/\/kibrisdakik.com\/index.php?rest_route=%2Fwp%2Fv2%2Fcategories&post=72115"},{"taxonomy":"post_tag","embeddable":true,"href":"https:\/\/kibrisdakik.com\/index.php?rest_route=%2Fwp%2Fv2%2Ftags&post=72115"}],"curies":[{"name":"wp","href":"https:\/\/api.w.org\/{rel}","templated":true}]}}