{"id":72128,"date":"2024-12-22T12:07:32","date_gmt":"2024-12-22T09:07:32","guid":{"rendered":"https:\/\/kibrisdakik.com\/index.php\/2024\/12\/22\/cavusgecmiste-yasanan-acilari-bir-daha-yasamamak-icin-mucadele-surecek\/"},"modified":"2024-12-22T12:07:32","modified_gmt":"2024-12-22T09:07:32","slug":"cavusgecmiste-yasanan-acilari-bir-daha-yasamamak-icin-mucadele-surecek","status":"publish","type":"post","link":"https:\/\/kibrisdakik.com\/?p=72128","title":{"rendered":"\u00c7avu\u015f:Ge\u00e7mi\u015fte ya\u015fanan ac\u0131lar\u0131 bir daha ya\u015famamak i\u00e7in m\u00fccadele s\u00fcrecek"},"content":{"rendered":"<div>\n<div class=\"mariselle-image-container center\">\n                                            <\/div>\n<p>Tar\u0131m ve Do\u011fal Kaynaklar Bakan\u0131 H\u00fcseyin \u00c7avu\u015f, 21-25 Aral\u0131k Milli M\u00fccadele ve \u015eehitler Haftas\u0131 nedeniyle yay\u0131mlad\u0131\u011f\u0131 mesajda, ge\u00e7mi\u015fte ya\u015fanan ac\u0131lar\u0131 bir daha ya\u015famamak ad\u0131na m\u00fccadeleyi s\u00fcrd\u00fcrmeye devam edeceklerini vurgulad\u0131.<\/p>\n<p>\u00c7avu\u015f, K\u0131br\u0131s T\u00fcrk halk\u0131n\u0131n varolu\u015f, onur ve \u00f6zg\u00fcrl\u00fck m\u00fccadelesinde sergiledi\u011fi b\u00fcy\u00fck fedakarl\u0131k ve cesareti bir kez daha anarak bu u\u011furda canlar\u0131n\u0131 feda eden aziz \u015fehitleri rahmet, minnet ve derin bir sayg\u0131yla y\u00e2d etti.<\/p>\n<p>21 Aral\u0131k 1963\u2019te ba\u015flayan ve tarihe \u201cKanl\u0131 Noel\u201d olarak ge\u00e7en kara g\u00fcnlerin, K\u0131br\u0131s T\u00fcrk halk\u0131n\u0131n benzersiz bir dayan\u0131\u015fma ve kararl\u0131l\u0131k \u00f6rne\u011fi sergileyerek varl\u0131\u011f\u0131n\u0131 korumak ve gelece\u011fini savunmak i\u00e7in verdi\u011fi m\u00fccadelenin simgesi oldu\u011funu kaydeden \u00c7avu\u015f, mesaj\u0131nda \u015funlar\u0131 da ifade etti:<\/p>\n<p>\u201cTopraklar\u0131m\u0131z\u0131 vatan yapan \u015fehitlerimiz, gazilerimiz ve kahraman halk\u0131m\u0131z sayesinde bug\u00fcn \u00f6zg\u00fcrce, huzur ve g\u00fcven i\u00e7inde ya\u015famaktay\u0131z.<\/p>\n<p>\u015eehitlerimizin d\u00f6k\u00fclen kanlar\u0131, gazilerimizin azmi ve halk\u0131m\u0131z\u0131n direni\u015fi, bizlere yaln\u0131zca bir vatan de\u011fil, ayn\u0131 zamanda birlik, dayan\u0131\u015fma ve fedakarl\u0131k ruhunu da miras b\u0131rakm\u0131\u015ft\u0131r. Bu onurlu varolu\u015f m\u00fccadelesi asla unutulmayacak, unutturulmayacakt\u0131r.<\/p>\n<p>Bug\u00fcn, egemen e\u015fitlik temelinde uluslararas\u0131 bir stat\u00fcyle K\u0131br\u0131s T\u00fcrk halk\u0131n\u0131n haklar\u0131n\u0131 koruma kararl\u0131l\u0131\u011f\u0131m\u0131z tamd\u0131r. Ge\u00e7mi\u015fte ya\u015fanan ac\u0131lar\u0131 bir daha ya\u015famamak ad\u0131na m\u00fccadelemizi s\u00fcrd\u00fcrmeye devam edece\u011fiz. Bu vesileyle, vatan\u0131m\u0131z u\u011fruna canlar\u0131n\u0131 feda eden aziz \u015fehitlerimizi bir kez daha rahmetle an\u0131yor, gazilerimize sa\u011fl\u0131k ve huzur diliyoruz. Ruhunuz \u015fad olsun.\u201d<\/p>\n<\/p><\/div>\n<p><script async\n                    defer\n                    crossorigin=\"anonymous\"\n                    src=\"https:\/\/connect.facebook.net\/tr_TR\/sdk.js#xfbml=1&#038;version=v3.3\"\n            ><\/script><\/p>\n","protected":false},"excerpt":{"rendered":"<p>Tar\u0131m ve Do\u011fal Kaynaklar Bakan\u0131 H\u00fcseyin \u00c7avu\u015f, 21-25 Aral\u0131k Milli M\u00fccadele ve \u015eehitler Haftas\u0131 nedeniyle yay\u0131mlad\u0131\u011f\u0131 mesajda, ge\u00e7mi\u015fte ya\u015fanan ac\u0131lar\u0131 bir daha ya\u015famamak ad\u0131na m\u00fccadeleyi s\u00fcrd\u00fcrmeye devam edeceklerini vurgulad\u0131. \u00c7avu\u015f, K\u0131br\u0131s T\u00fcrk halk\u0131n\u0131n varolu\u015f, onur ve \u00f6zg\u00fcrl\u00fck m\u00fccadelesinde sergiledi\u011fi b\u00fcy\u00fck fedakarl\u0131k ve cesareti bir kez daha anarak bu u\u011furda canlar\u0131n\u0131 feda eden aziz \u015fehitleri rahmet,<\/p>\n","protected":false},"author":1,"featured_media":72129,"comment_status":"open","ping_status":"open","sticky":false,"template":"","format":"standard","meta":{"footnotes":""},"categories":[81],"tags":[],"class_list":["post-72128","post","type-post","status-publish","format-standard","has-post-thumbnail","hentry","category-kibris"],"yoast_head":"<!-- This site is optimized with the Yoast SEO plugin v27.4 - https:\/\/yoast.com\/product\/yoast-seo-wordpress\/ -->\n<title>\u00c7avu\u015f:Ge\u00e7mi\u015fte ya\u015fanan ac\u0131lar\u0131 bir daha ya\u015famamak i\u00e7in m\u00fccadele s\u00fcrecek -<\/title>\n<meta name=\"robots\" content=\"index, follow, max-snippet:-1, max-image-preview:large, max-video-preview:-1\" \/>\n<link rel=\"canonical\" href=\"https:\/\/kibrisdakik.com\/?p=72128\" \/>\n<meta property=\"og:locale\" content=\"tr_TR\" \/>\n<meta property=\"og:type\" content=\"article\" \/>\n<meta property=\"og:title\" content=\"\u00c7avu\u015f:Ge\u00e7mi\u015fte ya\u015fanan ac\u0131lar\u0131 bir daha ya\u015famamak i\u00e7in m\u00fccadele s\u00fcrecek -\" \/>\n<meta property=\"og:description\" content=\"Tar\u0131m ve Do\u011fal Kaynaklar Bakan\u0131 H\u00fcseyin \u00c7avu\u015f, 21-25 Aral\u0131k Milli M\u00fccadele ve \u015eehitler Haftas\u0131 nedeniyle yay\u0131mlad\u0131\u011f\u0131 mesajda, ge\u00e7mi\u015fte ya\u015fanan ac\u0131lar\u0131 bir daha ya\u015famamak ad\u0131na m\u00fccadeleyi s\u00fcrd\u00fcrmeye devam edeceklerini vurgulad\u0131. \u00c7avu\u015f, K\u0131br\u0131s T\u00fcrk halk\u0131n\u0131n varolu\u015f, onur ve \u00f6zg\u00fcrl\u00fck m\u00fccadelesinde sergiledi\u011fi b\u00fcy\u00fck fedakarl\u0131k ve cesareti bir kez daha anarak bu u\u011furda canlar\u0131n\u0131 feda eden aziz \u015fehitleri rahmet,\" \/>\n<meta property=\"og:url\" content=\"https:\/\/kibrisdakik.com\/?p=72128\" \/>\n<meta property=\"article:published_time\" content=\"2024-12-22T09:07:32+00:00\" \/>\n<meta property=\"og:image\" content=\"https:\/\/kibrisdakik.com\/wp-content\/uploads\/2024\/12\/1734806150206cavus-740x420.jpeg\" \/>\n\t<meta property=\"og:image:width\" content=\"1024\" \/>\n\t<meta property=\"og:image:height\" content=\"680\" \/>\n\t<meta property=\"og:image:type\" content=\"image\/jpeg\" \/>\n<meta name=\"author\" content=\"admin\" \/>\n<meta name=\"twitter:card\" content=\"summary_large_image\" \/>\n<meta name=\"twitter:label1\" content=\"Yazan:\" \/>\n\t<meta name=\"twitter:data1\" content=\"admin\" \/>\n\t<meta name=\"twitter:label2\" content=\"Tahmini okuma s\u00fcresi\" \/>\n\t<meta name=\"twitter:data2\" content=\"1 dakika\" \/>\n<script type=\"application\/ld+json\" class=\"yoast-schema-graph\">{\"@context\":\"https:\\\/\\\/schema.org\",\"@graph\":[{\"@type\":\"Article\",\"@id\":\"https:\\\/\\\/kibrisdakik.com\\\/?p=72128#article\",\"isPartOf\":{\"@id\":\"https:\\\/\\\/kibrisdakik.com\\\/?p=72128\"},\"author\":{\"name\":\"admin\",\"@id\":\"https:\\\/\\\/kibrisdakik.com\\\/#\\\/schema\\\/person\\\/9cd9d437bbb44f72b73ba127e06d8e79\"},\"headline\":\"\u00c7avu\u015f:Ge\u00e7mi\u015fte ya\u015fanan ac\u0131lar\u0131 bir daha ya\u015famamak i\u00e7in m\u00fccadele s\u00fcrecek\",\"datePublished\":\"2024-12-22T09:07:32+00:00\",\"mainEntityOfPage\":{\"@id\":\"https:\\\/\\\/kibrisdakik.com\\\/?p=72128\"},\"wordCount\":317,\"commentCount\":0,\"image\":{\"@id\":\"https:\\\/\\\/kibrisdakik.com\\\/?p=72128#primaryimage\"},\"thumbnailUrl\":\"https:\\\/\\\/kibrisdakik.com\\\/wp-content\\\/uploads\\\/2024\\\/12\\\/1734806150206cavus-740x420.jpeg\",\"articleSection\":[\"K\u0131br\u0131s\"],\"inLanguage\":\"tr\",\"potentialAction\":[{\"@type\":\"CommentAction\",\"name\":\"Comment\",\"target\":[\"https:\\\/\\\/kibrisdakik.com\\\/?p=72128#respond\"]}]},{\"@type\":\"WebPage\",\"@id\":\"https:\\\/\\\/kibrisdakik.com\\\/?p=72128\",\"url\":\"https:\\\/\\\/kibrisdakik.com\\\/?p=72128\",\"name\":\"\u00c7avu\u015f:Ge\u00e7mi\u015fte ya\u015fanan ac\u0131lar\u0131 bir daha ya\u015famamak i\u00e7in m\u00fccadele s\u00fcrecek -\",\"isPartOf\":{\"@id\":\"https:\\\/\\\/kibrisdakik.com\\\/#website\"},\"primaryImageOfPage\":{\"@id\":\"https:\\\/\\\/kibrisdakik.com\\\/?p=72128#primaryimage\"},\"image\":{\"@id\":\"https:\\\/\\\/kibrisdakik.com\\\/?p=72128#primaryimage\"},\"thumbnailUrl\":\"https:\\\/\\\/kibrisdakik.com\\\/wp-content\\\/uploads\\\/2024\\\/12\\\/1734806150206cavus-740x420.jpeg\",\"datePublished\":\"2024-12-22T09:07:32+00:00\",\"author\":{\"@id\":\"https:\\\/\\\/kibrisdakik.com\\\/#\\\/schema\\\/person\\\/9cd9d437bbb44f72b73ba127e06d8e79\"},\"breadcrumb\":{\"@id\":\"https:\\\/\\\/kibrisdakik.com\\\/?p=72128#breadcrumb\"},\"inLanguage\":\"tr\",\"potentialAction\":[{\"@type\":\"ReadAction\",\"target\":[\"https:\\\/\\\/kibrisdakik.com\\\/?p=72128\"]}]},{\"@type\":\"ImageObject\",\"inLanguage\":\"tr\",\"@id\":\"https:\\\/\\\/kibrisdakik.com\\\/?p=72128#primaryimage\",\"url\":\"https:\\\/\\\/kibrisdakik.com\\\/wp-content\\\/uploads\\\/2024\\\/12\\\/1734806150206cavus-740x420.jpeg\",\"contentUrl\":\"https:\\\/\\\/kibrisdakik.com\\\/wp-content\\\/uploads\\\/2024\\\/12\\\/1734806150206cavus-740x420.jpeg\",\"width\":1024,\"height\":680},{\"@type\":\"BreadcrumbList\",\"@id\":\"https:\\\/\\\/kibrisdakik.com\\\/?p=72128#breadcrumb\",\"itemListElement\":[{\"@type\":\"ListItem\",\"position\":1,\"name\":\"Home\",\"item\":\"https:\\\/\\\/kibrisdakik.com\\\/\"},{\"@type\":\"ListItem\",\"position\":2,\"name\":\"\u00c7avu\u015f:Ge\u00e7mi\u015fte ya\u015fanan ac\u0131lar\u0131 bir daha ya\u015famamak i\u00e7in m\u00fccadele s\u00fcrecek\"}]},{\"@type\":\"WebSite\",\"@id\":\"https:\\\/\\\/kibrisdakik.com\\\/#website\",\"url\":\"https:\\\/\\\/kibrisdakik.com\\\/\",\"name\":\"\",\"description\":\"Tam vaktinde haber\",\"potentialAction\":[{\"@type\":\"SearchAction\",\"target\":{\"@type\":\"EntryPoint\",\"urlTemplate\":\"https:\\\/\\\/kibrisdakik.com\\\/?s={search_term_string}\"},\"query-input\":{\"@type\":\"PropertyValueSpecification\",\"valueRequired\":true,\"valueName\":\"search_term_string\"}}],\"inLanguage\":\"tr\"},{\"@type\":\"Person\",\"@id\":\"https:\\\/\\\/kibrisdakik.com\\\/#\\\/schema\\\/person\\\/9cd9d437bbb44f72b73ba127e06d8e79\",\"name\":\"admin\",\"image\":{\"@type\":\"ImageObject\",\"inLanguage\":\"tr\",\"@id\":\"https:\\\/\\\/secure.gravatar.com\\\/avatar\\\/ccc17943b9d660506c869530f897617f7cb1c21a4bf30023f252596d83e1f007?s=96&d=mm&r=g\",\"url\":\"https:\\\/\\\/secure.gravatar.com\\\/avatar\\\/ccc17943b9d660506c869530f897617f7cb1c21a4bf30023f252596d83e1f007?s=96&d=mm&r=g\",\"contentUrl\":\"https:\\\/\\\/secure.gravatar.com\\\/avatar\\\/ccc17943b9d660506c869530f897617f7cb1c21a4bf30023f252596d83e1f007?s=96&d=mm&r=g\",\"caption\":\"admin\"},\"sameAs\":[\"https:\\\/\\\/kibrisdakik.com\"],\"url\":\"https:\\\/\\\/kibrisdakik.com\\\/?author=1\"}]}<\/script>\n<!-- \/ Yoast SEO plugin. -->","yoast_head_json":{"title":"\u00c7avu\u015f:Ge\u00e7mi\u015fte ya\u015fanan ac\u0131lar\u0131 bir daha ya\u015famamak i\u00e7in m\u00fccadele s\u00fcrecek -","robots":{"index":"index","follow":"follow","max-snippet":"max-snippet:-1","max-image-preview":"max-image-preview:large","max-video-preview":"max-video-preview:-1"},"canonical":"https:\/\/kibrisdakik.com\/?p=72128","og_locale":"tr_TR","og_type":"article","og_title":"\u00c7avu\u015f:Ge\u00e7mi\u015fte ya\u015fanan ac\u0131lar\u0131 bir daha ya\u015famamak i\u00e7in m\u00fccadele s\u00fcrecek -","og_description":"Tar\u0131m ve Do\u011fal Kaynaklar Bakan\u0131 H\u00fcseyin \u00c7avu\u015f, 21-25 Aral\u0131k Milli M\u00fccadele ve \u015eehitler Haftas\u0131 nedeniyle yay\u0131mlad\u0131\u011f\u0131 mesajda, ge\u00e7mi\u015fte ya\u015fanan ac\u0131lar\u0131 bir daha ya\u015famamak ad\u0131na m\u00fccadeleyi s\u00fcrd\u00fcrmeye devam edeceklerini vurgulad\u0131. \u00c7avu\u015f, K\u0131br\u0131s T\u00fcrk halk\u0131n\u0131n varolu\u015f, onur ve \u00f6zg\u00fcrl\u00fck m\u00fccadelesinde sergiledi\u011fi b\u00fcy\u00fck fedakarl\u0131k ve cesareti bir kez daha anarak bu u\u011furda canlar\u0131n\u0131 feda eden aziz \u015fehitleri rahmet,","og_url":"https:\/\/kibrisdakik.com\/?p=72128","article_published_time":"2024-12-22T09:07:32+00:00","og_image":[{"width":1024,"height":680,"url":"https:\/\/kibrisdakik.com\/wp-content\/uploads\/2024\/12\/1734806150206cavus-740x420.jpeg","type":"image\/jpeg"}],"author":"admin","twitter_card":"summary_large_image","twitter_misc":{"Yazan:":"admin","Tahmini okuma s\u00fcresi":"1 dakika"},"schema":{"@context":"https:\/\/schema.org","@graph":[{"@type":"Article","@id":"https:\/\/kibrisdakik.com\/?p=72128#article","isPartOf":{"@id":"https:\/\/kibrisdakik.com\/?p=72128"},"author":{"name":"admin","@id":"https:\/\/kibrisdakik.com\/#\/schema\/person\/9cd9d437bbb44f72b73ba127e06d8e79"},"headline":"\u00c7avu\u015f:Ge\u00e7mi\u015fte ya\u015fanan ac\u0131lar\u0131 bir daha ya\u015famamak i\u00e7in m\u00fccadele s\u00fcrecek","datePublished":"2024-12-22T09:07:32+00:00","mainEntityOfPage":{"@id":"https:\/\/kibrisdakik.com\/?p=72128"},"wordCount":317,"commentCount":0,"image":{"@id":"https:\/\/kibrisdakik.com\/?p=72128#primaryimage"},"thumbnailUrl":"https:\/\/kibrisdakik.com\/wp-content\/uploads\/2024\/12\/1734806150206cavus-740x420.jpeg","articleSection":["K\u0131br\u0131s"],"inLanguage":"tr","potentialAction":[{"@type":"CommentAction","name":"Comment","target":["https:\/\/kibrisdakik.com\/?p=72128#respond"]}]},{"@type":"WebPage","@id":"https:\/\/kibrisdakik.com\/?p=72128","url":"https:\/\/kibrisdakik.com\/?p=72128","name":"\u00c7avu\u015f:Ge\u00e7mi\u015fte ya\u015fanan ac\u0131lar\u0131 bir daha ya\u015famamak i\u00e7in m\u00fccadele s\u00fcrecek -","isPartOf":{"@id":"https:\/\/kibrisdakik.com\/#website"},"primaryImageOfPage":{"@id":"https:\/\/kibrisdakik.com\/?p=72128#primaryimage"},"image":{"@id":"https:\/\/kibrisdakik.com\/?p=72128#primaryimage"},"thumbnailUrl":"https:\/\/kibrisdakik.com\/wp-content\/uploads\/2024\/12\/1734806150206cavus-740x420.jpeg","datePublished":"2024-12-22T09:07:32+00:00","author":{"@id":"https:\/\/kibrisdakik.com\/#\/schema\/person\/9cd9d437bbb44f72b73ba127e06d8e79"},"breadcrumb":{"@id":"https:\/\/kibrisdakik.com\/?p=72128#breadcrumb"},"inLanguage":"tr","potentialAction":[{"@type":"ReadAction","target":["https:\/\/kibrisdakik.com\/?p=72128"]}]},{"@type":"ImageObject","inLanguage":"tr","@id":"https:\/\/kibrisdakik.com\/?p=72128#primaryimage","url":"https:\/\/kibrisdakik.com\/wp-content\/uploads\/2024\/12\/1734806150206cavus-740x420.jpeg","contentUrl":"https:\/\/kibrisdakik.com\/wp-content\/uploads\/2024\/12\/1734806150206cavus-740x420.jpeg","width":1024,"height":680},{"@type":"BreadcrumbList","@id":"https:\/\/kibrisdakik.com\/?p=72128#breadcrumb","itemListElement":[{"@type":"ListItem","position":1,"name":"Home","item":"https:\/\/kibrisdakik.com\/"},{"@type":"ListItem","position":2,"name":"\u00c7avu\u015f:Ge\u00e7mi\u015fte ya\u015fanan ac\u0131lar\u0131 bir daha ya\u015famamak i\u00e7in m\u00fccadele s\u00fcrecek"}]},{"@type":"WebSite","@id":"https:\/\/kibrisdakik.com\/#website","url":"https:\/\/kibrisdakik.com\/","name":"","description":"Tam vaktinde haber","potentialAction":[{"@type":"SearchAction","target":{"@type":"EntryPoint","urlTemplate":"https:\/\/kibrisdakik.com\/?s={search_term_string}"},"query-input":{"@type":"PropertyValueSpecification","valueRequired":true,"valueName":"search_term_string"}}],"inLanguage":"tr"},{"@type":"Person","@id":"https:\/\/kibrisdakik.com\/#\/schema\/person\/9cd9d437bbb44f72b73ba127e06d8e79","name":"admin","image":{"@type":"ImageObject","inLanguage":"tr","@id":"https:\/\/secure.gravatar.com\/avatar\/ccc17943b9d660506c869530f897617f7cb1c21a4bf30023f252596d83e1f007?s=96&d=mm&r=g","url":"https:\/\/secure.gravatar.com\/avatar\/ccc17943b9d660506c869530f897617f7cb1c21a4bf30023f252596d83e1f007?s=96&d=mm&r=g","contentUrl":"https:\/\/secure.gravatar.com\/avatar\/ccc17943b9d660506c869530f897617f7cb1c21a4bf30023f252596d83e1f007?s=96&d=mm&r=g","caption":"admin"},"sameAs":["https:\/\/kibrisdakik.com"],"url":"https:\/\/kibrisdakik.com\/?author=1"}]}},"_links":{"self":[{"href":"https:\/\/kibrisdakik.com\/index.php?rest_route=\/wp\/v2\/posts\/72128","targetHints":{"allow":["GET"]}}],"collection":[{"href":"https:\/\/kibrisdakik.com\/index.php?rest_route=\/wp\/v2\/posts"}],"about":[{"href":"https:\/\/kibrisdakik.com\/index.php?rest_route=\/wp\/v2\/types\/post"}],"author":[{"embeddable":true,"href":"https:\/\/kibrisdakik.com\/index.php?rest_route=\/wp\/v2\/users\/1"}],"replies":[{"embeddable":true,"href":"https:\/\/kibrisdakik.com\/index.php?rest_route=%2Fwp%2Fv2%2Fcomments&post=72128"}],"version-history":[{"count":0,"href":"https:\/\/kibrisdakik.com\/index.php?rest_route=\/wp\/v2\/posts\/72128\/revisions"}],"wp:featuredmedia":[{"embeddable":true,"href":"https:\/\/kibrisdakik.com\/index.php?rest_route=\/wp\/v2\/media\/72129"}],"wp:attachment":[{"href":"https:\/\/kibrisdakik.com\/index.php?rest_route=%2Fwp%2Fv2%2Fmedia&parent=72128"}],"wp:term":[{"taxonomy":"category","embeddable":true,"href":"https:\/\/kibrisdakik.com\/index.php?rest_route=%2Fwp%2Fv2%2Fcategories&post=72128"},{"taxonomy":"post_tag","embeddable":true,"href":"https:\/\/kibrisdakik.com\/index.php?rest_route=%2Fwp%2Fv2%2Ftags&post=72128"}],"curies":[{"name":"wp","href":"https:\/\/api.w.org\/{rel}","templated":true}]}}