{"id":72142,"date":"2024-12-22T14:02:02","date_gmt":"2024-12-22T11:02:02","guid":{"rendered":"https:\/\/kibrisdakik.com\/index.php\/2024\/12\/22\/tatar-tekke-bahcesindeki-torende-vurguladi-kibris-turk-halki-acimasiz-saldirilari-sehitleri-unutmayacak\/"},"modified":"2024-12-22T14:02:02","modified_gmt":"2024-12-22T11:02:02","slug":"tatar-tekke-bahcesindeki-torende-vurguladi-kibris-turk-halki-acimasiz-saldirilari-sehitleri-unutmayacak","status":"publish","type":"post","link":"https:\/\/kibrisdakik.com\/?p=72142","title":{"rendered":"Tatar, Tekke Bah\u00e7esi\u2019ndeki t\u00f6rende vurgulad\u0131: \u201cK\u0131br\u0131s T\u00fcrk halk\u0131 ac\u0131mas\u0131z sald\u0131r\u0131lar\u0131, \u015fehitleri unutmayacak\u201d"},"content":{"rendered":"<div>\n<div class=\"mariselle-image-container center\">\n                                            <\/div>\n<p>Cumhurba\u015fkan\u0131 Ersin Tatar, T\u00fcrkiye Cumhuriyeti\u2019nin garant\u00f6rl\u00fc\u011f\u00fcn\u00fcn, T\u00fcrk askerinin adadaki varl\u0131\u011f\u0131n\u0131n K\u0131br\u0131s T\u00fcrk halk\u0131n\u0131n k\u0131rm\u0131z\u0131\u00e7izgisi oldu\u011funu vurgulayarak, \u201cD\u00fcnyaya verece\u011fimiz mesaj nettir; Ac\u0131mas\u0131z sald\u0131r\u0131lara maruz kalan K\u0131br\u0131s T\u00fcrk halk\u0131 ge\u00e7mi\u015fini, \u015fehitlerini unutmayacakt\u0131r\u201d dedi.<\/p>\n<p>Cumhurba\u015fkan\u0131 Tatar, 21-25 M\u00fccadele ve \u015eehitler Haftas\u0131 kapsam\u0131nda T\u00fcrkeli (Ayvas\u0131l) \u015fehitleri i\u00e7in bu sabah Lefko\u015fa Tekke Bah\u00e7esi\u2019nde d\u00fczenlenen anma t\u00f6renine kat\u0131ld\u0131. Tatar, \u201c\u00d6zg\u00fcrl\u00fc\u011f\u00fcm\u00fcz\u00fc, ba\u011f\u0131ms\u0131zl\u0131\u011f\u0131m\u0131z\u0131, bu g\u00fczel ya\u015fam\u0131, ac\u0131mas\u0131z sald\u0131r\u0131lara, zul\u00fcm ve vah\u015fete kar\u015f\u0131 kahramanca direnen \u015fehitlerimize bor\u00e7luyuz\u201d dedi.<\/p>\n<p>Hayatlar\u0131n\u0131 ac\u0131 ve \u00f6zlem i\u00e7inde ge\u00e7iren \u015fehit ailelerinin vatan, bayrak ve gelecek i\u00e7in m\u00fccadeleyi s\u00fcrd\u00fcrd\u00fc\u011f\u00fcn\u00fc de ifade eden Cumhurba\u015fkan\u0131 Tatar,  t\u00fcm \u015fehit yak\u0131nlar\u0131na sab\u0131r diledi.<\/p>\n<p>Tatar, K\u0131br\u0131s tarihine de\u011findi\u011fi konu\u015fmas\u0131nda, Rum-Yunan ikilisinin uluslararas\u0131 anla\u015fmalara ra\u011fmen, Akritas Plan\u0131\u2019n\u0131 hayata ge\u00e7irmek, adadaki T\u00fcrk varl\u0131\u011f\u0131n\u0131 yok etmek ve T\u00fcrkiye\u2019ye ba\u011flar\u0131 koparmak i\u00e7in savunmas\u0131z, silahs\u0131z sivil halk\u0131 hedef ald\u0131\u011f\u0131n\u0131 s\u00f6yledi.<\/p>\n<p>Garant\u00f6r \u00fclke \u0130ngiltere\u2019nin, uluslararas\u0131 camian\u0131n ve Birle\u015fmi\u015f Milletler G\u00fcvenlik Konseyi\u2019nin adada ya\u015fananlara seyirci kald\u0131\u011f\u0131n\u0131, 1963-74 y\u0131llar\u0131 aras\u0131nda 103 T\u00fcrk k\u00f6y\u00fcn\u00fcn yak\u0131l\u0131p y\u0131k\u0131ld\u0131\u011f\u0131n\u0131, y\u00fczlerce insan\u0131n katledildi\u011fini an\u0131msatan Tatar, K\u0131br\u0131s T\u00fcrk halk\u0131n\u0131n Anavatan T\u00fcrkiye ile ilgili umudunu hi\u00e7bir zaman yitirmedi\u011fini kaydetti.<\/p>\n<p>Cumhurba\u015fkan\u0131 Tatar, 20 Temmuz 1974\u2019te Mehmet\u00e7ik\u2019in adaya \u00e7\u0131kt\u0131\u011f\u0131n\u0131, m\u00fccahitlerle kahramanl\u0131k destan\u0131 yazd\u0131\u011f\u0131n\u0131, bunun K\u0131br\u0131s T\u00fcrk halk\u0131 i\u00e7in d\u00f6n\u00fcm noktas\u0131 oldu\u011funu s\u00f6yledi.<\/p>\n<p>\u00c7ocuklar\u0131n ge\u00e7mi\u015fini, tarihini bilmesi, \u00f6\u011frenmesi gerekti\u011fini de kaydeden Ersin Tatar,  \u201cAnavatan\u0131m\u0131z\u0131n tam deste\u011fiyle y\u00fcr\u00fctt\u00fc\u011f\u00fcm\u00fcz milli ve yeni siyasetimizin egemenlik temelinde oldu\u011fu, bunun Kurucu Cumhurba\u015fkan\u0131 Denkta\u015f\u2019\u0131n bir vasiyeti oldu\u011fu, egemenli\u011fimizden asla taviz vermeyece\u011fimiz bilinmeli\u201d dedi.<\/p>\n<p>Yak\u0131n co\u011frafyada ya\u015fanan geli\u015fmelere de i\u015faret eden Cumhurba\u015fkan\u0131 Tatar, \u201cG\u00fc\u00e7l\u00fc olmak durumday\u0131z. 1974\u2019te hem Rumlara hem T\u00fcrkler gelen bu bar\u0131\u015f\u0131n devam etmesini istiyorsak Anavatan T\u00fcrkiyesiz \u00e7\u00f6z\u00fcm olmaz\u201d diye konu\u015ftu.<\/p>\n<p>Tatar, Kuzey K\u0131br\u0131s T\u00fcrk Cumhuriyeti\u2019ni d\u00fcnyaya tan\u0131tmak i\u00e7in b\u00fcy\u00fck bir m\u00fccadele verdiklerini de vurgulad\u0131.<\/p>\n<\/p><\/div>\n<p><script async\n                    defer\n                    crossorigin=\"anonymous\"\n                    src=\"https:\/\/connect.facebook.net\/tr_TR\/sdk.js#xfbml=1&#038;version=v3.3\"\n            ><\/script><\/p>\n","protected":false},"excerpt":{"rendered":"<p>Cumhurba\u015fkan\u0131 Ersin Tatar, T\u00fcrkiye Cumhuriyeti\u2019nin garant\u00f6rl\u00fc\u011f\u00fcn\u00fcn, T\u00fcrk askerinin adadaki varl\u0131\u011f\u0131n\u0131n K\u0131br\u0131s T\u00fcrk halk\u0131n\u0131n k\u0131rm\u0131z\u0131\u00e7izgisi oldu\u011funu vurgulayarak, \u201cD\u00fcnyaya verece\u011fimiz mesaj nettir; Ac\u0131mas\u0131z sald\u0131r\u0131lara maruz kalan K\u0131br\u0131s T\u00fcrk halk\u0131 ge\u00e7mi\u015fini, \u015fehitlerini unutmayacakt\u0131r\u201d dedi. Cumhurba\u015fkan\u0131 Tatar, 21-25 M\u00fccadele ve \u015eehitler Haftas\u0131 kapsam\u0131nda T\u00fcrkeli (Ayvas\u0131l) \u015fehitleri i\u00e7in bu sabah Lefko\u015fa Tekke Bah\u00e7esi\u2019nde d\u00fczenlenen anma t\u00f6renine kat\u0131ld\u0131. Tatar, \u201c\u00d6zg\u00fcrl\u00fc\u011f\u00fcm\u00fcz\u00fc, ba\u011f\u0131ms\u0131zl\u0131\u011f\u0131m\u0131z\u0131,<\/p>\n","protected":false},"author":1,"featured_media":72143,"comment_status":"open","ping_status":"open","sticky":false,"template":"","format":"standard","meta":{"footnotes":""},"categories":[81],"tags":[],"class_list":["post-72142","post","type-post","status-publish","format-standard","has-post-thumbnail","hentry","category-kibris"],"yoast_head":"<!-- This site is optimized with the Yoast SEO plugin v27.4 - https:\/\/yoast.com\/product\/yoast-seo-wordpress\/ -->\n<title>Tatar, Tekke Bah\u00e7esi\u2019ndeki t\u00f6rende vurgulad\u0131: \u201cK\u0131br\u0131s T\u00fcrk halk\u0131 ac\u0131mas\u0131z sald\u0131r\u0131lar\u0131, \u015fehitleri unutmayacak\u201d -<\/title>\n<meta name=\"robots\" content=\"index, follow, max-snippet:-1, max-image-preview:large, max-video-preview:-1\" \/>\n<link rel=\"canonical\" href=\"https:\/\/kibrisdakik.com\/?p=72142\" \/>\n<meta property=\"og:locale\" content=\"tr_TR\" \/>\n<meta property=\"og:type\" content=\"article\" \/>\n<meta property=\"og:title\" content=\"Tatar, Tekke Bah\u00e7esi\u2019ndeki t\u00f6rende vurgulad\u0131: \u201cK\u0131br\u0131s T\u00fcrk halk\u0131 ac\u0131mas\u0131z sald\u0131r\u0131lar\u0131, \u015fehitleri unutmayacak\u201d -\" \/>\n<meta property=\"og:description\" content=\"Cumhurba\u015fkan\u0131 Ersin Tatar, T\u00fcrkiye Cumhuriyeti\u2019nin garant\u00f6rl\u00fc\u011f\u00fcn\u00fcn, T\u00fcrk askerinin adadaki varl\u0131\u011f\u0131n\u0131n K\u0131br\u0131s T\u00fcrk halk\u0131n\u0131n k\u0131rm\u0131z\u0131\u00e7izgisi oldu\u011funu vurgulayarak, \u201cD\u00fcnyaya verece\u011fimiz mesaj nettir; Ac\u0131mas\u0131z sald\u0131r\u0131lara maruz kalan K\u0131br\u0131s T\u00fcrk halk\u0131 ge\u00e7mi\u015fini, \u015fehitlerini unutmayacakt\u0131r\u201d dedi. Cumhurba\u015fkan\u0131 Tatar, 21-25 M\u00fccadele ve \u015eehitler Haftas\u0131 kapsam\u0131nda T\u00fcrkeli (Ayvas\u0131l) \u015fehitleri i\u00e7in bu sabah Lefko\u015fa Tekke Bah\u00e7esi\u2019nde d\u00fczenlenen anma t\u00f6renine kat\u0131ld\u0131. Tatar, \u201c\u00d6zg\u00fcrl\u00fc\u011f\u00fcm\u00fcz\u00fc, ba\u011f\u0131ms\u0131zl\u0131\u011f\u0131m\u0131z\u0131,\" \/>\n<meta property=\"og:url\" content=\"https:\/\/kibrisdakik.com\/?p=72142\" \/>\n<meta property=\"article:published_time\" content=\"2024-12-22T11:02:02+00:00\" \/>\n<meta property=\"og:image\" content=\"https:\/\/kibrisdakik.com\/wp-content\/uploads\/2024\/12\/1734859953133Ayvasil-Sehitleri-anildi-6-so-740x420.jpg\" \/>\n\t<meta property=\"og:image:width\" content=\"2480\" \/>\n\t<meta property=\"og:image:height\" content=\"1656\" \/>\n\t<meta property=\"og:image:type\" content=\"image\/jpeg\" \/>\n<meta name=\"author\" content=\"admin\" \/>\n<meta name=\"twitter:card\" content=\"summary_large_image\" \/>\n<meta name=\"twitter:label1\" content=\"Yazan:\" \/>\n\t<meta name=\"twitter:data1\" content=\"admin\" \/>\n\t<meta name=\"twitter:label2\" content=\"Tahmini okuma s\u00fcresi\" \/>\n\t<meta name=\"twitter:data2\" content=\"2 dakika\" \/>\n<script type=\"application\/ld+json\" class=\"yoast-schema-graph\">{\"@context\":\"https:\\\/\\\/schema.org\",\"@graph\":[{\"@type\":\"Article\",\"@id\":\"https:\\\/\\\/kibrisdakik.com\\\/?p=72142#article\",\"isPartOf\":{\"@id\":\"https:\\\/\\\/kibrisdakik.com\\\/?p=72142\"},\"author\":{\"name\":\"admin\",\"@id\":\"https:\\\/\\\/kibrisdakik.com\\\/#\\\/schema\\\/person\\\/9cd9d437bbb44f72b73ba127e06d8e79\"},\"headline\":\"Tatar, Tekke Bah\u00e7esi\u2019ndeki t\u00f6rende vurgulad\u0131: \u201cK\u0131br\u0131s T\u00fcrk halk\u0131 ac\u0131mas\u0131z sald\u0131r\u0131lar\u0131, \u015fehitleri unutmayacak\u201d\",\"datePublished\":\"2024-12-22T11:02:02+00:00\",\"mainEntityOfPage\":{\"@id\":\"https:\\\/\\\/kibrisdakik.com\\\/?p=72142\"},\"wordCount\":460,\"commentCount\":0,\"image\":{\"@id\":\"https:\\\/\\\/kibrisdakik.com\\\/?p=72142#primaryimage\"},\"thumbnailUrl\":\"https:\\\/\\\/kibrisdakik.com\\\/wp-content\\\/uploads\\\/2024\\\/12\\\/1734859953133Ayvasil-Sehitleri-anildi-6-so-740x420.jpg\",\"articleSection\":[\"K\u0131br\u0131s\"],\"inLanguage\":\"tr\",\"potentialAction\":[{\"@type\":\"CommentAction\",\"name\":\"Comment\",\"target\":[\"https:\\\/\\\/kibrisdakik.com\\\/?p=72142#respond\"]}]},{\"@type\":\"WebPage\",\"@id\":\"https:\\\/\\\/kibrisdakik.com\\\/?p=72142\",\"url\":\"https:\\\/\\\/kibrisdakik.com\\\/?p=72142\",\"name\":\"Tatar, Tekke Bah\u00e7esi\u2019ndeki t\u00f6rende vurgulad\u0131: \u201cK\u0131br\u0131s T\u00fcrk halk\u0131 ac\u0131mas\u0131z sald\u0131r\u0131lar\u0131, \u015fehitleri unutmayacak\u201d -\",\"isPartOf\":{\"@id\":\"https:\\\/\\\/kibrisdakik.com\\\/#website\"},\"primaryImageOfPage\":{\"@id\":\"https:\\\/\\\/kibrisdakik.com\\\/?p=72142#primaryimage\"},\"image\":{\"@id\":\"https:\\\/\\\/kibrisdakik.com\\\/?p=72142#primaryimage\"},\"thumbnailUrl\":\"https:\\\/\\\/kibrisdakik.com\\\/wp-content\\\/uploads\\\/2024\\\/12\\\/1734859953133Ayvasil-Sehitleri-anildi-6-so-740x420.jpg\",\"datePublished\":\"2024-12-22T11:02:02+00:00\",\"author\":{\"@id\":\"https:\\\/\\\/kibrisdakik.com\\\/#\\\/schema\\\/person\\\/9cd9d437bbb44f72b73ba127e06d8e79\"},\"breadcrumb\":{\"@id\":\"https:\\\/\\\/kibrisdakik.com\\\/?p=72142#breadcrumb\"},\"inLanguage\":\"tr\",\"potentialAction\":[{\"@type\":\"ReadAction\",\"target\":[\"https:\\\/\\\/kibrisdakik.com\\\/?p=72142\"]}]},{\"@type\":\"ImageObject\",\"inLanguage\":\"tr\",\"@id\":\"https:\\\/\\\/kibrisdakik.com\\\/?p=72142#primaryimage\",\"url\":\"https:\\\/\\\/kibrisdakik.com\\\/wp-content\\\/uploads\\\/2024\\\/12\\\/1734859953133Ayvasil-Sehitleri-anildi-6-so-740x420.jpg\",\"contentUrl\":\"https:\\\/\\\/kibrisdakik.com\\\/wp-content\\\/uploads\\\/2024\\\/12\\\/1734859953133Ayvasil-Sehitleri-anildi-6-so-740x420.jpg\",\"width\":2480,\"height\":1656},{\"@type\":\"BreadcrumbList\",\"@id\":\"https:\\\/\\\/kibrisdakik.com\\\/?p=72142#breadcrumb\",\"itemListElement\":[{\"@type\":\"ListItem\",\"position\":1,\"name\":\"Home\",\"item\":\"https:\\\/\\\/kibrisdakik.com\\\/\"},{\"@type\":\"ListItem\",\"position\":2,\"name\":\"Tatar, Tekke Bah\u00e7esi\u2019ndeki t\u00f6rende vurgulad\u0131: \u201cK\u0131br\u0131s T\u00fcrk halk\u0131 ac\u0131mas\u0131z sald\u0131r\u0131lar\u0131, \u015fehitleri unutmayacak\u201d\"}]},{\"@type\":\"WebSite\",\"@id\":\"https:\\\/\\\/kibrisdakik.com\\\/#website\",\"url\":\"https:\\\/\\\/kibrisdakik.com\\\/\",\"name\":\"\",\"description\":\"Tam vaktinde haber\",\"potentialAction\":[{\"@type\":\"SearchAction\",\"target\":{\"@type\":\"EntryPoint\",\"urlTemplate\":\"https:\\\/\\\/kibrisdakik.com\\\/?s={search_term_string}\"},\"query-input\":{\"@type\":\"PropertyValueSpecification\",\"valueRequired\":true,\"valueName\":\"search_term_string\"}}],\"inLanguage\":\"tr\"},{\"@type\":\"Person\",\"@id\":\"https:\\\/\\\/kibrisdakik.com\\\/#\\\/schema\\\/person\\\/9cd9d437bbb44f72b73ba127e06d8e79\",\"name\":\"admin\",\"image\":{\"@type\":\"ImageObject\",\"inLanguage\":\"tr\",\"@id\":\"https:\\\/\\\/secure.gravatar.com\\\/avatar\\\/ccc17943b9d660506c869530f897617f7cb1c21a4bf30023f252596d83e1f007?s=96&d=mm&r=g\",\"url\":\"https:\\\/\\\/secure.gravatar.com\\\/avatar\\\/ccc17943b9d660506c869530f897617f7cb1c21a4bf30023f252596d83e1f007?s=96&d=mm&r=g\",\"contentUrl\":\"https:\\\/\\\/secure.gravatar.com\\\/avatar\\\/ccc17943b9d660506c869530f897617f7cb1c21a4bf30023f252596d83e1f007?s=96&d=mm&r=g\",\"caption\":\"admin\"},\"sameAs\":[\"https:\\\/\\\/kibrisdakik.com\"],\"url\":\"https:\\\/\\\/kibrisdakik.com\\\/?author=1\"}]}<\/script>\n<!-- \/ Yoast SEO plugin. -->","yoast_head_json":{"title":"Tatar, Tekke Bah\u00e7esi\u2019ndeki t\u00f6rende vurgulad\u0131: \u201cK\u0131br\u0131s T\u00fcrk halk\u0131 ac\u0131mas\u0131z sald\u0131r\u0131lar\u0131, \u015fehitleri unutmayacak\u201d -","robots":{"index":"index","follow":"follow","max-snippet":"max-snippet:-1","max-image-preview":"max-image-preview:large","max-video-preview":"max-video-preview:-1"},"canonical":"https:\/\/kibrisdakik.com\/?p=72142","og_locale":"tr_TR","og_type":"article","og_title":"Tatar, Tekke Bah\u00e7esi\u2019ndeki t\u00f6rende vurgulad\u0131: \u201cK\u0131br\u0131s T\u00fcrk halk\u0131 ac\u0131mas\u0131z sald\u0131r\u0131lar\u0131, \u015fehitleri unutmayacak\u201d -","og_description":"Cumhurba\u015fkan\u0131 Ersin Tatar, T\u00fcrkiye Cumhuriyeti\u2019nin garant\u00f6rl\u00fc\u011f\u00fcn\u00fcn, T\u00fcrk askerinin adadaki varl\u0131\u011f\u0131n\u0131n K\u0131br\u0131s T\u00fcrk halk\u0131n\u0131n k\u0131rm\u0131z\u0131\u00e7izgisi oldu\u011funu vurgulayarak, \u201cD\u00fcnyaya verece\u011fimiz mesaj nettir; Ac\u0131mas\u0131z sald\u0131r\u0131lara maruz kalan K\u0131br\u0131s T\u00fcrk halk\u0131 ge\u00e7mi\u015fini, \u015fehitlerini unutmayacakt\u0131r\u201d dedi. Cumhurba\u015fkan\u0131 Tatar, 21-25 M\u00fccadele ve \u015eehitler Haftas\u0131 kapsam\u0131nda T\u00fcrkeli (Ayvas\u0131l) \u015fehitleri i\u00e7in bu sabah Lefko\u015fa Tekke Bah\u00e7esi\u2019nde d\u00fczenlenen anma t\u00f6renine kat\u0131ld\u0131. Tatar, \u201c\u00d6zg\u00fcrl\u00fc\u011f\u00fcm\u00fcz\u00fc, ba\u011f\u0131ms\u0131zl\u0131\u011f\u0131m\u0131z\u0131,","og_url":"https:\/\/kibrisdakik.com\/?p=72142","article_published_time":"2024-12-22T11:02:02+00:00","og_image":[{"width":2480,"height":1656,"url":"https:\/\/kibrisdakik.com\/wp-content\/uploads\/2024\/12\/1734859953133Ayvasil-Sehitleri-anildi-6-so-740x420.jpg","type":"image\/jpeg"}],"author":"admin","twitter_card":"summary_large_image","twitter_misc":{"Yazan:":"admin","Tahmini okuma s\u00fcresi":"2 dakika"},"schema":{"@context":"https:\/\/schema.org","@graph":[{"@type":"Article","@id":"https:\/\/kibrisdakik.com\/?p=72142#article","isPartOf":{"@id":"https:\/\/kibrisdakik.com\/?p=72142"},"author":{"name":"admin","@id":"https:\/\/kibrisdakik.com\/#\/schema\/person\/9cd9d437bbb44f72b73ba127e06d8e79"},"headline":"Tatar, Tekke Bah\u00e7esi\u2019ndeki t\u00f6rende vurgulad\u0131: \u201cK\u0131br\u0131s T\u00fcrk halk\u0131 ac\u0131mas\u0131z sald\u0131r\u0131lar\u0131, \u015fehitleri unutmayacak\u201d","datePublished":"2024-12-22T11:02:02+00:00","mainEntityOfPage":{"@id":"https:\/\/kibrisdakik.com\/?p=72142"},"wordCount":460,"commentCount":0,"image":{"@id":"https:\/\/kibrisdakik.com\/?p=72142#primaryimage"},"thumbnailUrl":"https:\/\/kibrisdakik.com\/wp-content\/uploads\/2024\/12\/1734859953133Ayvasil-Sehitleri-anildi-6-so-740x420.jpg","articleSection":["K\u0131br\u0131s"],"inLanguage":"tr","potentialAction":[{"@type":"CommentAction","name":"Comment","target":["https:\/\/kibrisdakik.com\/?p=72142#respond"]}]},{"@type":"WebPage","@id":"https:\/\/kibrisdakik.com\/?p=72142","url":"https:\/\/kibrisdakik.com\/?p=72142","name":"Tatar, Tekke Bah\u00e7esi\u2019ndeki t\u00f6rende vurgulad\u0131: \u201cK\u0131br\u0131s T\u00fcrk halk\u0131 ac\u0131mas\u0131z sald\u0131r\u0131lar\u0131, \u015fehitleri unutmayacak\u201d -","isPartOf":{"@id":"https:\/\/kibrisdakik.com\/#website"},"primaryImageOfPage":{"@id":"https:\/\/kibrisdakik.com\/?p=72142#primaryimage"},"image":{"@id":"https:\/\/kibrisdakik.com\/?p=72142#primaryimage"},"thumbnailUrl":"https:\/\/kibrisdakik.com\/wp-content\/uploads\/2024\/12\/1734859953133Ayvasil-Sehitleri-anildi-6-so-740x420.jpg","datePublished":"2024-12-22T11:02:02+00:00","author":{"@id":"https:\/\/kibrisdakik.com\/#\/schema\/person\/9cd9d437bbb44f72b73ba127e06d8e79"},"breadcrumb":{"@id":"https:\/\/kibrisdakik.com\/?p=72142#breadcrumb"},"inLanguage":"tr","potentialAction":[{"@type":"ReadAction","target":["https:\/\/kibrisdakik.com\/?p=72142"]}]},{"@type":"ImageObject","inLanguage":"tr","@id":"https:\/\/kibrisdakik.com\/?p=72142#primaryimage","url":"https:\/\/kibrisdakik.com\/wp-content\/uploads\/2024\/12\/1734859953133Ayvasil-Sehitleri-anildi-6-so-740x420.jpg","contentUrl":"https:\/\/kibrisdakik.com\/wp-content\/uploads\/2024\/12\/1734859953133Ayvasil-Sehitleri-anildi-6-so-740x420.jpg","width":2480,"height":1656},{"@type":"BreadcrumbList","@id":"https:\/\/kibrisdakik.com\/?p=72142#breadcrumb","itemListElement":[{"@type":"ListItem","position":1,"name":"Home","item":"https:\/\/kibrisdakik.com\/"},{"@type":"ListItem","position":2,"name":"Tatar, Tekke Bah\u00e7esi\u2019ndeki t\u00f6rende vurgulad\u0131: \u201cK\u0131br\u0131s T\u00fcrk halk\u0131 ac\u0131mas\u0131z sald\u0131r\u0131lar\u0131, \u015fehitleri unutmayacak\u201d"}]},{"@type":"WebSite","@id":"https:\/\/kibrisdakik.com\/#website","url":"https:\/\/kibrisdakik.com\/","name":"","description":"Tam vaktinde haber","potentialAction":[{"@type":"SearchAction","target":{"@type":"EntryPoint","urlTemplate":"https:\/\/kibrisdakik.com\/?s={search_term_string}"},"query-input":{"@type":"PropertyValueSpecification","valueRequired":true,"valueName":"search_term_string"}}],"inLanguage":"tr"},{"@type":"Person","@id":"https:\/\/kibrisdakik.com\/#\/schema\/person\/9cd9d437bbb44f72b73ba127e06d8e79","name":"admin","image":{"@type":"ImageObject","inLanguage":"tr","@id":"https:\/\/secure.gravatar.com\/avatar\/ccc17943b9d660506c869530f897617f7cb1c21a4bf30023f252596d83e1f007?s=96&d=mm&r=g","url":"https:\/\/secure.gravatar.com\/avatar\/ccc17943b9d660506c869530f897617f7cb1c21a4bf30023f252596d83e1f007?s=96&d=mm&r=g","contentUrl":"https:\/\/secure.gravatar.com\/avatar\/ccc17943b9d660506c869530f897617f7cb1c21a4bf30023f252596d83e1f007?s=96&d=mm&r=g","caption":"admin"},"sameAs":["https:\/\/kibrisdakik.com"],"url":"https:\/\/kibrisdakik.com\/?author=1"}]}},"_links":{"self":[{"href":"https:\/\/kibrisdakik.com\/index.php?rest_route=\/wp\/v2\/posts\/72142","targetHints":{"allow":["GET"]}}],"collection":[{"href":"https:\/\/kibrisdakik.com\/index.php?rest_route=\/wp\/v2\/posts"}],"about":[{"href":"https:\/\/kibrisdakik.com\/index.php?rest_route=\/wp\/v2\/types\/post"}],"author":[{"embeddable":true,"href":"https:\/\/kibrisdakik.com\/index.php?rest_route=\/wp\/v2\/users\/1"}],"replies":[{"embeddable":true,"href":"https:\/\/kibrisdakik.com\/index.php?rest_route=%2Fwp%2Fv2%2Fcomments&post=72142"}],"version-history":[{"count":0,"href":"https:\/\/kibrisdakik.com\/index.php?rest_route=\/wp\/v2\/posts\/72142\/revisions"}],"wp:featuredmedia":[{"embeddable":true,"href":"https:\/\/kibrisdakik.com\/index.php?rest_route=\/wp\/v2\/media\/72143"}],"wp:attachment":[{"href":"https:\/\/kibrisdakik.com\/index.php?rest_route=%2Fwp%2Fv2%2Fmedia&parent=72142"}],"wp:term":[{"taxonomy":"category","embeddable":true,"href":"https:\/\/kibrisdakik.com\/index.php?rest_route=%2Fwp%2Fv2%2Fcategories&post=72142"},{"taxonomy":"post_tag","embeddable":true,"href":"https:\/\/kibrisdakik.com\/index.php?rest_route=%2Fwp%2Fv2%2Ftags&post=72142"}],"curies":[{"name":"wp","href":"https:\/\/api.w.org\/{rel}","templated":true}]}}