{"id":7219,"date":"2023-05-19T10:27:08","date_gmt":"2023-05-19T10:27:08","guid":{"rendered":"https:\/\/kibrisdakik.com\/index.php\/2023\/05\/19\/cavusoglu-ataturkun-cizdigi-yolda-ilerlemek-en-onemli-gorevinizdir\/"},"modified":"2023-05-19T10:27:08","modified_gmt":"2023-05-19T10:27:08","slug":"cavusoglu-ataturkun-cizdigi-yolda-ilerlemek-en-onemli-gorevinizdir","status":"publish","type":"post","link":"https:\/\/kibrisdakik.com\/?p=7219","title":{"rendered":"\u00c7avu\u015fo\u011flu: Atat\u00fcrk\u2019\u00fcn \u00e7izdi\u011fi yolda ilerlemek en \u00f6nemli g\u00f6revinizdir"},"content":{"rendered":"<p><\/p>\n<div>\n<div class=\"mariselle-image-container center\">\n                <img width=\"780\" height=\"403\" class=\"lazy-image\" alt=\"\" decoding=\"async\" loading=\"lazy\" sizes=\"auto, (max-width: 780px) 100vw, 780px\" src=\"https:\/\/brtk.net\/wp-content\/uploads\/2023\/05\/19\/nazm.jpg?ver=c0d7965909f0774850745c73e8da9ab6\" srcset=\"https:\/\/brtk.net\/wp-content\/uploads\/2023\/05\/19\/nazm.jpg?ver=c0d7965909f0774850745c73e8da9ab6 780w, https:\/\/brtk.net\/wp-content\/uploads\/2023\/05\/19\/nazm-300x155.jpg?ver=c0d7965909f0774850745c73e8da9ab6 300w, https:\/\/brtk.net\/wp-content\/uploads\/2023\/05\/19\/nazm-768x397.jpg?ver=ab38b4988683e0affb991df30ac40b5e 768w\"\/>                            <\/div>\n<p>Bug\u00fcn 19 May\u0131s Atat\u00fcrk\u2019\u00fc Anma Gen\u00e7lik ve Spor Bayram\u0131.<\/p>\n<p>Kutlamalar, Milli E\u011fitim ve K\u00fclt\u00fcr Bakan\u0131 Naz\u0131m \u00c7avu\u015fo\u011flu\u2019nun saat 08.00\u2019de <a href=\"https:\/\/brtk.net\/\">BRT<\/a>\u2019den yapt\u0131\u011f\u0131 ulusa sesleni\u015f konu\u015fmas\u0131yla ba\u015flad\u0131.<\/p>\n<p>Bakan \u00c7avu\u015fo\u011flu, 19 May\u0131s 1919\u2019un, T\u00fcrk milletinin, tam ba\u011f\u0131ms\u0131zl\u0131k ve \u00f6zg\u00fcrl\u00fck umutlar\u0131n\u0131 inanca d\u00f6n\u00fc\u015ft\u00fcrecek kurtulu\u015f ate\u015finin yak\u0131l\u0131p, milli m\u00fccadelenin ba\u015flat\u0131ld\u0131\u011f\u0131 g\u00fcn oldu\u011funu vurgulad\u0131.<br \/>19 May\u0131s\u2019\u0131n, B\u00fcy\u00fck \u00d6nder Mustafa Kemal Atat\u00fcrk\u2019\u00fcn Samsun\u2019a \u00e7\u0131karak, tarihin ak\u0131\u015f\u0131na y\u00f6n veren bir s\u00fcrecin ba\u015flang\u0131\u00e7 tarihi ve T\u00fcrk Milletini ayd\u0131nl\u0131k yar\u0131nlara kavu\u015fturan, Cumhuriyet\u2019e ula\u015ft\u0131ran bir d\u00f6n\u00fcm noktas\u0131 oldu\u011funa i\u015faret eden \u00c7avu\u015fo\u011flu, konu\u015fmas\u0131nda gen\u00e7lere seslenerek cumhuriyete sahip \u00e7\u0131kma \u00e7a\u011fr\u0131s\u0131 yapt\u0131.<br \/>\u00c7avu\u015fo\u011flu \u201cHer f\u0131rsatta sizlere duydu\u011fu g\u00fcveni ve verdi\u011fi \u00f6nemi dile getiren Atat\u00fcrk\u2019\u00fcn \u00e7izdi\u011fi yolda ilerlemek, onun de\u011ferlerine ve Cumhuriyete sahip \u00e7\u0131kmak, en \u00f6nemli g\u00f6revinizdir.Ataca\u011f\u0131n\u0131z her ad\u0131mda bunlar\u0131 hat\u0131rlay\u0131p, onlar\u0131n bizlere b\u0131rakt\u0131\u011f\u0131 miras\u0131 korumal\u0131, ak\u0131l ve bilim yolunda \u00fclkemizi \u00e7a\u011fda\u015f uygarl\u0131k d\u00fczeyine \u00e7\u0131karmak i\u00e7in canla ba\u015fla \u00e7al\u0131\u015fmal\u0131, birlik ve beraberlik ruhunu ayn\u0131 kararl\u0131l\u0131kla s\u00fcrd\u00fcrerek, bunu bozmak isteyenlere asla f\u0131rsat vermemelisiniz.\u201d Dedi.<\/p>\n<p>\tMilli E\u011fitim Bakan\u0131 \u00c7avu\u015fo\u011flu\u2019nun konu\u015fmas\u0131yla ba\u015flayan 19 May\u0131s Atat\u00fcrk\u2019\u00fc Anma, Gen\u00e7lik ve Spor Bayram\u0131 etkinlikleri \u00e7er\u00e7evesinde, Lefko\u015fa Atat\u00fcrk An\u0131t\u0131 \u00f6n\u00fcnde devlet t\u00f6reni d\u00fczenlendi.<br \/>Lefko\u015fa\u2019daki merkez okullar\u0131ndan \u00f6\u011frenci ve \u00f6\u011fretmenlerin de yer ald\u0131\u011f\u0131 t\u00f6ren, \u00e7elenklerin an\u0131ta sunulmas\u0131 ile ba\u015flad\u0131.<br \/>Sayg\u0131 duru\u015fu ve \u0130stiklal Mar\u015f\u0131 e\u015fli\u011finde bayraklar\u0131n g\u00f6ndere \u00e7ekilmesinin ard\u0131ndan An\u0131tkabir\u2019den gelen toprak, T\u00fcrkiye Cumhuriyeti\u2019nin Lefko\u015fa B\u00fcy\u00fckel\u00e7isi Metin Feyzio\u011flu taraf\u0131ndan Cumhurba\u015fkan\u0131 <a href=\"https:\/\/brtk.net\/\" target=\"_blank\" rel=\"noopener\"><a href=\"https:\/\/brtk.net\/\" target=\"_blank\" rel=\"noopener\">Ersin <\/a><a href=\"https:\/\/brtk.net\/\"\/><a href=\"https:\/\/brtk.net\/\"\/><a href=\"https:\/\/brtk.net\/\"\/><a href=\"https:\/\/brtk.net\/\">Tatar<\/a>\u2019a sunuldu.<br \/>T\u00f6rende son olarak Cumhurba\u015fkan\u0131 <a href=\"https:\/\/brtk.net\/\" target=\"_blank\" rel=\"noopener\"><a href=\"https:\/\/brtk.net\/\" target=\"_blank\" rel=\"noopener\">Ersin <\/a><a href=\"https:\/\/brtk.net\/\"\/><a href=\"https:\/\/brtk.net\/\"\/><a href=\"https:\/\/brtk.net\/\"\/><a href=\"https:\/\/brtk.net\/\">Tatar<\/a> konu\u015fma yapt\u0131. <\/p>\n<div class=\"mariselle-image-container center\">\n                <img width=\"1654\" height=\"765\" class=\"lazy-image\" alt=\"\" decoding=\"async\" loading=\"lazy\" sizes=\"auto, (max-width: 1654px) 100vw, 1654px\" src=\"https:\/\/brtk.net\/wp-content\/uploads\/2023\/05\/19\/ataturk-aniti-toren-1-ero-1-2.jpg?ver=d6ed5b4abff4bd1af174bb38889640e7\" srcset=\"https:\/\/brtk.net\/wp-content\/uploads\/2023\/05\/19\/ataturk-aniti-toren-1-ero-1-2.jpg?ver=d6ed5b4abff4bd1af174bb38889640e7 1654w, https:\/\/brtk.net\/wp-content\/uploads\/2023\/05\/19\/ataturk-aniti-toren-1-ero-1-2-300x139.jpg?ver=d6ed5b4abff4bd1af174bb38889640e7 300w, https:\/\/brtk.net\/wp-content\/uploads\/2023\/05\/19\/ataturk-aniti-toren-1-ero-1-2-1024x474.jpg?ver=d6ed5b4abff4bd1af174bb38889640e7 1024w, https:\/\/brtk.net\/wp-content\/uploads\/2023\/05\/19\/ataturk-aniti-toren-1-ero-1-2-768x355.jpg?ver=7e9578cdd531d3400a08c9555bb542b4 768w, https:\/\/brtk.net\/wp-content\/uploads\/2023\/05\/19\/ataturk-aniti-toren-1-ero-1-2-1536x710.jpg?ver=7e9578cdd531d3400a08c9555bb542b4 1536w\"\/>                            <\/div>\n<p><a href=\"https:\/\/brtk.net\/\"\/><a href=\"https:\/\/brtk.net\/\"\/><a href=\"https:\/\/brtk.net\/\"\/><a href=\"https:\/\/brtk.net\/\">Tatar<\/a>, \u201cBa\u015fka milletlere nasip olmayan b\u00fcy\u00fck bir cesaret, \u00f6zg\u00fcven ve kahramanl\u0131klarla kazan\u0131lan zaferler, di\u011fer mazlum milletlere de \u00f6rnek ve cesaret kayna\u011f\u0131 olmu\u015ftu. O zamanlar \u0130ngiliz s\u00f6m\u00fcrge y\u00f6netimde ya\u015fayan K\u0131br\u0131s T\u00fcrk halk\u0131 da ulu \u00f6nder Mustafa Kemal Atat\u00fcrk\u2019\u00fcn zaferlerinden ald\u0131\u011f\u0131 ilham kayna\u011f\u0131yla buradaki ba\u011f\u0131ms\u0131zl\u0131k m\u00fccadelemizi devam ettirmekteydi\u201d diye konu\u015ftu. <\/p>\n<p>\tK\u0131br\u0131s T\u00fcrk gen\u00e7li\u011finin de <a href=\"https:\/\/brtk.net\/\">KKTC<\/a>\u2019nin kurulu\u015funa giden yolda gerekti\u011finde can\u0131n\u0131 feda ederek verdi\u011fi m\u00fccadeleyi anlatna Cumhurba\u015fkan\u0131 <a href=\"https:\/\/brtk.net\/\"\/><a href=\"https:\/\/brtk.net\/\"\/><a href=\"https:\/\/brtk.net\/\"\/><a href=\"https:\/\/brtk.net\/\">Tatar<\/a>, bug\u00fcnlerde de K\u0131br\u0131s T\u00fcrk gen\u00e7li\u011finin s\u0131nav vermeye devam etti\u011fini s\u00f6yledi.<br \/><a href=\"https:\/\/brtk.net\/\"\/><a href=\"https:\/\/brtk.net\/\"\/><a href=\"https:\/\/brtk.net\/\"\/><a href=\"https:\/\/brtk.net\/\">Tatar<\/a>, uygulanan ambargolar, k\u0131s\u0131tlamalar ve engellemelerin bir zul\u00fcm niteli\u011finde oldu\u011funu, kabul edilemeyece\u011fini ve uluslararas\u0131 camian\u0131n kendi ilkeleri ile \u00e7eli\u015fti\u011fini belirtti.<\/p>\n<p><a href=\"https:\/\/brtk.net\/\">BRT<\/a><\/p>\n<\/p><\/div>\n<p><script async\n                    defer\n                    crossorigin=\"anonymous\"\n                    src=\"https:\/\/connect.facebook.net\/tr_TR\/sdk.js#xfbml=1&#038;version=v3.3\"\n            ><\/script><\/p>\n","protected":false},"excerpt":{"rendered":"<p>Bug\u00fcn 19 May\u0131s Atat\u00fcrk\u2019\u00fc Anma Gen\u00e7lik ve Spor Bayram\u0131. Kutlamalar, Milli E\u011fitim ve K\u00fclt\u00fcr Bakan\u0131 Naz\u0131m \u00c7avu\u015fo\u011flu\u2019nun saat 08.00\u2019de BRT\u2019den yapt\u0131\u011f\u0131 ulusa sesleni\u015f konu\u015fmas\u0131yla ba\u015flad\u0131. Bakan \u00c7avu\u015fo\u011flu, 19 May\u0131s 1919\u2019un, T\u00fcrk milletinin, tam ba\u011f\u0131ms\u0131zl\u0131k ve \u00f6zg\u00fcrl\u00fck umutlar\u0131n\u0131 inanca d\u00f6n\u00fc\u015ft\u00fcrecek kurtulu\u015f ate\u015finin yak\u0131l\u0131p, milli m\u00fccadelenin ba\u015flat\u0131ld\u0131\u011f\u0131 g\u00fcn oldu\u011funu vurgulad\u0131.19 May\u0131s\u2019\u0131n, B\u00fcy\u00fck \u00d6nder Mustafa Kemal Atat\u00fcrk\u2019\u00fcn Samsun\u2019a<\/p>\n","protected":false},"author":1,"featured_media":7220,"comment_status":"open","ping_status":"open","sticky":false,"template":"","format":"standard","meta":{"footnotes":""},"categories":[1],"tags":[],"class_list":["post-7219","post","type-post","status-publish","format-standard","has-post-thumbnail","hentry","category-gundem"],"yoast_head":"<!-- This site is optimized with the Yoast SEO plugin v27.5 - https:\/\/yoast.com\/product\/yoast-seo-wordpress\/ -->\n<title>\u00c7avu\u015fo\u011flu: Atat\u00fcrk\u2019\u00fcn \u00e7izdi\u011fi yolda ilerlemek en \u00f6nemli g\u00f6revinizdir -<\/title>\n<meta name=\"robots\" content=\"index, follow, max-snippet:-1, max-image-preview:large, max-video-preview:-1\" \/>\n<link rel=\"canonical\" href=\"https:\/\/kibrisdakik.com\/?p=7219\" \/>\n<meta property=\"og:locale\" content=\"tr_TR\" \/>\n<meta property=\"og:type\" content=\"article\" \/>\n<meta property=\"og:title\" content=\"\u00c7avu\u015fo\u011flu: Atat\u00fcrk\u2019\u00fcn \u00e7izdi\u011fi yolda ilerlemek en \u00f6nemli g\u00f6revinizdir -\" \/>\n<meta property=\"og:description\" content=\"Bug\u00fcn 19 May\u0131s Atat\u00fcrk\u2019\u00fc Anma Gen\u00e7lik ve Spor Bayram\u0131. Kutlamalar, Milli E\u011fitim ve K\u00fclt\u00fcr Bakan\u0131 Naz\u0131m \u00c7avu\u015fo\u011flu\u2019nun saat 08.00\u2019de BRT\u2019den yapt\u0131\u011f\u0131 ulusa sesleni\u015f konu\u015fmas\u0131yla ba\u015flad\u0131. Bakan \u00c7avu\u015fo\u011flu, 19 May\u0131s 1919\u2019un, T\u00fcrk milletinin, tam ba\u011f\u0131ms\u0131zl\u0131k ve \u00f6zg\u00fcrl\u00fck umutlar\u0131n\u0131 inanca d\u00f6n\u00fc\u015ft\u00fcrecek kurtulu\u015f ate\u015finin yak\u0131l\u0131p, milli m\u00fccadelenin ba\u015flat\u0131ld\u0131\u011f\u0131 g\u00fcn oldu\u011funu vurgulad\u0131.19 May\u0131s\u2019\u0131n, B\u00fcy\u00fck \u00d6nder Mustafa Kemal Atat\u00fcrk\u2019\u00fcn Samsun\u2019a\" \/>\n<meta property=\"og:url\" content=\"https:\/\/kibrisdakik.com\/?p=7219\" \/>\n<meta property=\"article:published_time\" content=\"2023-05-19T10:27:08+00:00\" \/>\n<meta property=\"og:image\" content=\"https:\/\/kibrisdakik.com\/wp-content\/uploads\/2023\/05\/nazm-740x403.jpg\" \/>\n\t<meta property=\"og:image:width\" content=\"780\" \/>\n\t<meta property=\"og:image:height\" content=\"403\" \/>\n\t<meta property=\"og:image:type\" content=\"image\/jpeg\" \/>\n<meta name=\"author\" content=\"admin\" \/>\n<meta name=\"twitter:card\" content=\"summary_large_image\" \/>\n<meta name=\"twitter:label1\" content=\"Yazan:\" \/>\n\t<meta name=\"twitter:data1\" content=\"admin\" \/>\n\t<meta name=\"twitter:label2\" content=\"Tahmini okuma s\u00fcresi\" \/>\n\t<meta name=\"twitter:data2\" content=\"3 dakika\" \/>\n<script type=\"application\/ld+json\" class=\"yoast-schema-graph\">{\"@context\":\"https:\\\/\\\/schema.org\",\"@graph\":[{\"@type\":\"Article\",\"@id\":\"https:\\\/\\\/kibrisdakik.com\\\/?p=7219#article\",\"isPartOf\":{\"@id\":\"https:\\\/\\\/kibrisdakik.com\\\/?p=7219\"},\"author\":{\"name\":\"admin\",\"@id\":\"https:\\\/\\\/kibrisdakik.com\\\/#\\\/schema\\\/person\\\/9cd9d437bbb44f72b73ba127e06d8e79\"},\"headline\":\"\u00c7avu\u015fo\u011flu: Atat\u00fcrk\u2019\u00fcn \u00e7izdi\u011fi yolda ilerlemek en \u00f6nemli g\u00f6revinizdir\",\"datePublished\":\"2023-05-19T10:27:08+00:00\",\"mainEntityOfPage\":{\"@id\":\"https:\\\/\\\/kibrisdakik.com\\\/?p=7219\"},\"wordCount\":518,\"commentCount\":0,\"image\":{\"@id\":\"https:\\\/\\\/kibrisdakik.com\\\/?p=7219#primaryimage\"},\"thumbnailUrl\":\"https:\\\/\\\/kibrisdakik.com\\\/wp-content\\\/uploads\\\/2023\\\/05\\\/nazm-740x403.jpg\",\"articleSection\":[\"G\u00fcndem\"],\"inLanguage\":\"tr\",\"potentialAction\":[{\"@type\":\"CommentAction\",\"name\":\"Comment\",\"target\":[\"https:\\\/\\\/kibrisdakik.com\\\/?p=7219#respond\"]}]},{\"@type\":\"WebPage\",\"@id\":\"https:\\\/\\\/kibrisdakik.com\\\/?p=7219\",\"url\":\"https:\\\/\\\/kibrisdakik.com\\\/?p=7219\",\"name\":\"\u00c7avu\u015fo\u011flu: Atat\u00fcrk\u2019\u00fcn \u00e7izdi\u011fi yolda ilerlemek en \u00f6nemli g\u00f6revinizdir -\",\"isPartOf\":{\"@id\":\"https:\\\/\\\/kibrisdakik.com\\\/#website\"},\"primaryImageOfPage\":{\"@id\":\"https:\\\/\\\/kibrisdakik.com\\\/?p=7219#primaryimage\"},\"image\":{\"@id\":\"https:\\\/\\\/kibrisdakik.com\\\/?p=7219#primaryimage\"},\"thumbnailUrl\":\"https:\\\/\\\/kibrisdakik.com\\\/wp-content\\\/uploads\\\/2023\\\/05\\\/nazm-740x403.jpg\",\"datePublished\":\"2023-05-19T10:27:08+00:00\",\"author\":{\"@id\":\"https:\\\/\\\/kibrisdakik.com\\\/#\\\/schema\\\/person\\\/9cd9d437bbb44f72b73ba127e06d8e79\"},\"breadcrumb\":{\"@id\":\"https:\\\/\\\/kibrisdakik.com\\\/?p=7219#breadcrumb\"},\"inLanguage\":\"tr\",\"potentialAction\":[{\"@type\":\"ReadAction\",\"target\":[\"https:\\\/\\\/kibrisdakik.com\\\/?p=7219\"]}]},{\"@type\":\"ImageObject\",\"inLanguage\":\"tr\",\"@id\":\"https:\\\/\\\/kibrisdakik.com\\\/?p=7219#primaryimage\",\"url\":\"https:\\\/\\\/kibrisdakik.com\\\/wp-content\\\/uploads\\\/2023\\\/05\\\/nazm-740x403.jpg\",\"contentUrl\":\"https:\\\/\\\/kibrisdakik.com\\\/wp-content\\\/uploads\\\/2023\\\/05\\\/nazm-740x403.jpg\",\"width\":780,\"height\":403},{\"@type\":\"BreadcrumbList\",\"@id\":\"https:\\\/\\\/kibrisdakik.com\\\/?p=7219#breadcrumb\",\"itemListElement\":[{\"@type\":\"ListItem\",\"position\":1,\"name\":\"Home\",\"item\":\"https:\\\/\\\/kibrisdakik.com\\\/\"},{\"@type\":\"ListItem\",\"position\":2,\"name\":\"\u00c7avu\u015fo\u011flu: Atat\u00fcrk\u2019\u00fcn \u00e7izdi\u011fi yolda ilerlemek en \u00f6nemli g\u00f6revinizdir\"}]},{\"@type\":\"WebSite\",\"@id\":\"https:\\\/\\\/kibrisdakik.com\\\/#website\",\"url\":\"https:\\\/\\\/kibrisdakik.com\\\/\",\"name\":\"\",\"description\":\"Tam vaktinde haber\",\"potentialAction\":[{\"@type\":\"SearchAction\",\"target\":{\"@type\":\"EntryPoint\",\"urlTemplate\":\"https:\\\/\\\/kibrisdakik.com\\\/?s={search_term_string}\"},\"query-input\":{\"@type\":\"PropertyValueSpecification\",\"valueRequired\":true,\"valueName\":\"search_term_string\"}}],\"inLanguage\":\"tr\"},{\"@type\":\"Person\",\"@id\":\"https:\\\/\\\/kibrisdakik.com\\\/#\\\/schema\\\/person\\\/9cd9d437bbb44f72b73ba127e06d8e79\",\"name\":\"admin\",\"image\":{\"@type\":\"ImageObject\",\"inLanguage\":\"tr\",\"@id\":\"https:\\\/\\\/secure.gravatar.com\\\/avatar\\\/ccc17943b9d660506c869530f897617f7cb1c21a4bf30023f252596d83e1f007?s=96&d=mm&r=g\",\"url\":\"https:\\\/\\\/secure.gravatar.com\\\/avatar\\\/ccc17943b9d660506c869530f897617f7cb1c21a4bf30023f252596d83e1f007?s=96&d=mm&r=g\",\"contentUrl\":\"https:\\\/\\\/secure.gravatar.com\\\/avatar\\\/ccc17943b9d660506c869530f897617f7cb1c21a4bf30023f252596d83e1f007?s=96&d=mm&r=g\",\"caption\":\"admin\"},\"sameAs\":[\"https:\\\/\\\/kibrisdakik.com\"],\"url\":\"https:\\\/\\\/kibrisdakik.com\\\/?author=1\"}]}<\/script>\n<!-- \/ Yoast SEO plugin. -->","yoast_head_json":{"title":"\u00c7avu\u015fo\u011flu: Atat\u00fcrk\u2019\u00fcn \u00e7izdi\u011fi yolda ilerlemek en \u00f6nemli g\u00f6revinizdir -","robots":{"index":"index","follow":"follow","max-snippet":"max-snippet:-1","max-image-preview":"max-image-preview:large","max-video-preview":"max-video-preview:-1"},"canonical":"https:\/\/kibrisdakik.com\/?p=7219","og_locale":"tr_TR","og_type":"article","og_title":"\u00c7avu\u015fo\u011flu: Atat\u00fcrk\u2019\u00fcn \u00e7izdi\u011fi yolda ilerlemek en \u00f6nemli g\u00f6revinizdir -","og_description":"Bug\u00fcn 19 May\u0131s Atat\u00fcrk\u2019\u00fc Anma Gen\u00e7lik ve Spor Bayram\u0131. Kutlamalar, Milli E\u011fitim ve K\u00fclt\u00fcr Bakan\u0131 Naz\u0131m \u00c7avu\u015fo\u011flu\u2019nun saat 08.00\u2019de BRT\u2019den yapt\u0131\u011f\u0131 ulusa sesleni\u015f konu\u015fmas\u0131yla ba\u015flad\u0131. Bakan \u00c7avu\u015fo\u011flu, 19 May\u0131s 1919\u2019un, T\u00fcrk milletinin, tam ba\u011f\u0131ms\u0131zl\u0131k ve \u00f6zg\u00fcrl\u00fck umutlar\u0131n\u0131 inanca d\u00f6n\u00fc\u015ft\u00fcrecek kurtulu\u015f ate\u015finin yak\u0131l\u0131p, milli m\u00fccadelenin ba\u015flat\u0131ld\u0131\u011f\u0131 g\u00fcn oldu\u011funu vurgulad\u0131.19 May\u0131s\u2019\u0131n, B\u00fcy\u00fck \u00d6nder Mustafa Kemal Atat\u00fcrk\u2019\u00fcn Samsun\u2019a","og_url":"https:\/\/kibrisdakik.com\/?p=7219","article_published_time":"2023-05-19T10:27:08+00:00","og_image":[{"width":780,"height":403,"url":"https:\/\/kibrisdakik.com\/wp-content\/uploads\/2023\/05\/nazm-740x403.jpg","type":"image\/jpeg"}],"author":"admin","twitter_card":"summary_large_image","twitter_misc":{"Yazan:":"admin","Tahmini okuma s\u00fcresi":"3 dakika"},"schema":{"@context":"https:\/\/schema.org","@graph":[{"@type":"Article","@id":"https:\/\/kibrisdakik.com\/?p=7219#article","isPartOf":{"@id":"https:\/\/kibrisdakik.com\/?p=7219"},"author":{"name":"admin","@id":"https:\/\/kibrisdakik.com\/#\/schema\/person\/9cd9d437bbb44f72b73ba127e06d8e79"},"headline":"\u00c7avu\u015fo\u011flu: Atat\u00fcrk\u2019\u00fcn \u00e7izdi\u011fi yolda ilerlemek en \u00f6nemli g\u00f6revinizdir","datePublished":"2023-05-19T10:27:08+00:00","mainEntityOfPage":{"@id":"https:\/\/kibrisdakik.com\/?p=7219"},"wordCount":518,"commentCount":0,"image":{"@id":"https:\/\/kibrisdakik.com\/?p=7219#primaryimage"},"thumbnailUrl":"https:\/\/kibrisdakik.com\/wp-content\/uploads\/2023\/05\/nazm-740x403.jpg","articleSection":["G\u00fcndem"],"inLanguage":"tr","potentialAction":[{"@type":"CommentAction","name":"Comment","target":["https:\/\/kibrisdakik.com\/?p=7219#respond"]}]},{"@type":"WebPage","@id":"https:\/\/kibrisdakik.com\/?p=7219","url":"https:\/\/kibrisdakik.com\/?p=7219","name":"\u00c7avu\u015fo\u011flu: Atat\u00fcrk\u2019\u00fcn \u00e7izdi\u011fi yolda ilerlemek en \u00f6nemli g\u00f6revinizdir -","isPartOf":{"@id":"https:\/\/kibrisdakik.com\/#website"},"primaryImageOfPage":{"@id":"https:\/\/kibrisdakik.com\/?p=7219#primaryimage"},"image":{"@id":"https:\/\/kibrisdakik.com\/?p=7219#primaryimage"},"thumbnailUrl":"https:\/\/kibrisdakik.com\/wp-content\/uploads\/2023\/05\/nazm-740x403.jpg","datePublished":"2023-05-19T10:27:08+00:00","author":{"@id":"https:\/\/kibrisdakik.com\/#\/schema\/person\/9cd9d437bbb44f72b73ba127e06d8e79"},"breadcrumb":{"@id":"https:\/\/kibrisdakik.com\/?p=7219#breadcrumb"},"inLanguage":"tr","potentialAction":[{"@type":"ReadAction","target":["https:\/\/kibrisdakik.com\/?p=7219"]}]},{"@type":"ImageObject","inLanguage":"tr","@id":"https:\/\/kibrisdakik.com\/?p=7219#primaryimage","url":"https:\/\/kibrisdakik.com\/wp-content\/uploads\/2023\/05\/nazm-740x403.jpg","contentUrl":"https:\/\/kibrisdakik.com\/wp-content\/uploads\/2023\/05\/nazm-740x403.jpg","width":780,"height":403},{"@type":"BreadcrumbList","@id":"https:\/\/kibrisdakik.com\/?p=7219#breadcrumb","itemListElement":[{"@type":"ListItem","position":1,"name":"Home","item":"https:\/\/kibrisdakik.com\/"},{"@type":"ListItem","position":2,"name":"\u00c7avu\u015fo\u011flu: Atat\u00fcrk\u2019\u00fcn \u00e7izdi\u011fi yolda ilerlemek en \u00f6nemli g\u00f6revinizdir"}]},{"@type":"WebSite","@id":"https:\/\/kibrisdakik.com\/#website","url":"https:\/\/kibrisdakik.com\/","name":"","description":"Tam vaktinde haber","potentialAction":[{"@type":"SearchAction","target":{"@type":"EntryPoint","urlTemplate":"https:\/\/kibrisdakik.com\/?s={search_term_string}"},"query-input":{"@type":"PropertyValueSpecification","valueRequired":true,"valueName":"search_term_string"}}],"inLanguage":"tr"},{"@type":"Person","@id":"https:\/\/kibrisdakik.com\/#\/schema\/person\/9cd9d437bbb44f72b73ba127e06d8e79","name":"admin","image":{"@type":"ImageObject","inLanguage":"tr","@id":"https:\/\/secure.gravatar.com\/avatar\/ccc17943b9d660506c869530f897617f7cb1c21a4bf30023f252596d83e1f007?s=96&d=mm&r=g","url":"https:\/\/secure.gravatar.com\/avatar\/ccc17943b9d660506c869530f897617f7cb1c21a4bf30023f252596d83e1f007?s=96&d=mm&r=g","contentUrl":"https:\/\/secure.gravatar.com\/avatar\/ccc17943b9d660506c869530f897617f7cb1c21a4bf30023f252596d83e1f007?s=96&d=mm&r=g","caption":"admin"},"sameAs":["https:\/\/kibrisdakik.com"],"url":"https:\/\/kibrisdakik.com\/?author=1"}]}},"_links":{"self":[{"href":"https:\/\/kibrisdakik.com\/index.php?rest_route=\/wp\/v2\/posts\/7219","targetHints":{"allow":["GET"]}}],"collection":[{"href":"https:\/\/kibrisdakik.com\/index.php?rest_route=\/wp\/v2\/posts"}],"about":[{"href":"https:\/\/kibrisdakik.com\/index.php?rest_route=\/wp\/v2\/types\/post"}],"author":[{"embeddable":true,"href":"https:\/\/kibrisdakik.com\/index.php?rest_route=\/wp\/v2\/users\/1"}],"replies":[{"embeddable":true,"href":"https:\/\/kibrisdakik.com\/index.php?rest_route=%2Fwp%2Fv2%2Fcomments&post=7219"}],"version-history":[{"count":0,"href":"https:\/\/kibrisdakik.com\/index.php?rest_route=\/wp\/v2\/posts\/7219\/revisions"}],"wp:featuredmedia":[{"embeddable":true,"href":"https:\/\/kibrisdakik.com\/index.php?rest_route=\/wp\/v2\/media\/7220"}],"wp:attachment":[{"href":"https:\/\/kibrisdakik.com\/index.php?rest_route=%2Fwp%2Fv2%2Fmedia&parent=7219"}],"wp:term":[{"taxonomy":"category","embeddable":true,"href":"https:\/\/kibrisdakik.com\/index.php?rest_route=%2Fwp%2Fv2%2Fcategories&post=7219"},{"taxonomy":"post_tag","embeddable":true,"href":"https:\/\/kibrisdakik.com\/index.php?rest_route=%2Fwp%2Fv2%2Ftags&post=7219"}],"curies":[{"name":"wp","href":"https:\/\/api.w.org\/{rel}","templated":true}]}}