{"id":72215,"date":"2024-12-23T18:30:38","date_gmt":"2024-12-23T15:30:38","guid":{"rendered":"https:\/\/kibrisdakik.com\/index.php\/2024\/12\/23\/tmt-mucahitler-dernegi-taki-ziyaret-etti\/"},"modified":"2024-12-23T18:30:38","modified_gmt":"2024-12-23T15:30:38","slug":"tmt-mucahitler-dernegi-taki-ziyaret-etti","status":"publish","type":"post","link":"https:\/\/kibrisdakik.com\/?p=72215","title":{"rendered":"TMT M\u00fccahitler Derne\u011fi, TAK\u2019\u0131 ziyaret etti"},"content":{"rendered":"<div>\n<div class=\"mariselle-image-container center\">\n                                            <\/div>\n<p>T\u00fcrk Mukavemet Te\u015fkilat\u0131 (TMT), kurulu\u015funun 51\u2019inci y\u0131l d\u00f6n\u00fcm\u00fc nedeniyle T\u00fcrk Ajans\u0131 K\u0131br\u0131s\u2019\u0131 ziyaret etti.<\/p>\n<p>TMT M\u00fccahitler Derne\u011fi Ba\u015fkan\u0131 Celal Bayar, Genel Sekreter Y\u0131lmaz Hakverdi ile Y\u00f6netim Kurulu \u00fcyeleri G\u00fcrdal \u00c7uvalc\u0131o\u011flu ve H\u00fcseyin \u00c7ak\u0131r, TAK M\u00fcd\u00fcr\u00fc Fehmi G\u00fcrdall\u0131 ile g\u00f6r\u00fc\u015ft\u00fc.<\/p>\n<p>Celal Bayar, ziyaret s\u0131ras\u0131nda yapt\u0131\u011f\u0131 konu\u015fmada, milli varolu\u015f m\u00fccadelesine paralel olarak \u00f6nceleri T\u00fcrk Haberler B\u00fcrosu\u2019nun kuruldu\u011funu, ard\u0131ndan TAK\u2019\u0131n 21 Aral\u0131k 1973\u2019te yay\u0131na ba\u015flad\u0131\u011f\u0131n\u0131 belirtti. Bayar, bu s\u00fcre\u00e7te TAK\u2019\u0131n kurucusu Sait Terzio\u011flu ile kurumun ikinci m\u00fcd\u00fcr\u00fc olarak g\u00f6rev yapan Kemal A\u015f\u0131k\u2019\u0131n K\u0131br\u0131s T\u00fcrk\u00fc\u2019n\u00fcn sesini duyurmaya y\u00f6nelik hizmetlerinin unutulamayaca\u011f\u0131n\u0131 vurgulad\u0131.<\/p>\n<p>Bayar, TAK\u2019\u0131 yapt\u0131\u011f\u0131 \u00f6nemli hizmetlerden dolay\u0131 kutlayarak ba\u015far\u0131lar diledi.<\/p>\n<p>TAK M\u00fcd\u00fcr\u00fc G\u00fcrdall\u0131 da TMT M\u00fccahitler Derne\u011fi\u2019nin ger\u00e7ekle\u015ftirdi\u011fi ziyaretten onur duydu\u011funu belirtti.  TMT\u2019nin verdi\u011fi varolu\u015f m\u00fccadelesi olmasayd\u0131 bug\u00fcnlere gelinemeyece\u011fini kaydeden G\u00fcrdall\u0131, TAK\u2019\u0131n da bu verilen m\u00fccadeleyi yeni nesillere anlatma gayretine oldu\u011funu ifade etti.<\/p>\n<p>Ziyaret s\u0131ras\u0131nda TMT M\u00fccahitler Derne\u011fi Ba\u015fkan\u0131 Celal Bayar, TAK M\u00fcd\u00fcr\u00fc Fehmi G\u00fcrdall\u0131\u2019ya Bar\u0131\u015f Harekat\u0131\u2019n\u0131n 50\u2019inci y\u0131l\u0131 vesilesiyle haz\u0131rlanan plaketi ve Derne\u011fin 2025 y\u0131l\u0131 takvimini takdim etti.<\/p>\n<\/p><\/div>\n<p><script async\n                    defer\n                    crossorigin=\"anonymous\"\n                    src=\"https:\/\/connect.facebook.net\/tr_TR\/sdk.js#xfbml=1&#038;version=v3.3\"\n            ><\/script><\/p>\n","protected":false},"excerpt":{"rendered":"<p>T\u00fcrk Mukavemet Te\u015fkilat\u0131 (TMT), kurulu\u015funun 51\u2019inci y\u0131l d\u00f6n\u00fcm\u00fc nedeniyle T\u00fcrk Ajans\u0131 K\u0131br\u0131s\u2019\u0131 ziyaret etti. TMT M\u00fccahitler Derne\u011fi Ba\u015fkan\u0131 Celal Bayar, Genel Sekreter Y\u0131lmaz Hakverdi ile Y\u00f6netim Kurulu \u00fcyeleri G\u00fcrdal \u00c7uvalc\u0131o\u011flu ve H\u00fcseyin \u00c7ak\u0131r, TAK M\u00fcd\u00fcr\u00fc Fehmi G\u00fcrdall\u0131 ile g\u00f6r\u00fc\u015ft\u00fc. Celal Bayar, ziyaret s\u0131ras\u0131nda yapt\u0131\u011f\u0131 konu\u015fmada, milli varolu\u015f m\u00fccadelesine paralel olarak \u00f6nceleri T\u00fcrk Haberler B\u00fcrosu\u2019nun kuruldu\u011funu,<\/p>\n","protected":false},"author":1,"featured_media":72216,"comment_status":"open","ping_status":"open","sticky":false,"template":"","format":"standard","meta":{"footnotes":""},"categories":[81],"tags":[],"class_list":["post-72215","post","type-post","status-publish","format-standard","has-post-thumbnail","hentry","category-kibris"],"yoast_head":"<!-- This site is optimized with the Yoast SEO plugin v27.5 - https:\/\/yoast.com\/product\/yoast-seo-wordpress\/ -->\n<title>TMT M\u00fccahitler Derne\u011fi, TAK\u2019\u0131 ziyaret etti -<\/title>\n<meta name=\"robots\" content=\"index, follow, max-snippet:-1, max-image-preview:large, max-video-preview:-1\" \/>\n<link rel=\"canonical\" href=\"https:\/\/kibrisdakik.com\/?p=72215\" \/>\n<meta property=\"og:locale\" content=\"tr_TR\" \/>\n<meta property=\"og:type\" content=\"article\" \/>\n<meta property=\"og:title\" content=\"TMT M\u00fccahitler Derne\u011fi, TAK\u2019\u0131 ziyaret etti -\" \/>\n<meta property=\"og:description\" content=\"T\u00fcrk Mukavemet Te\u015fkilat\u0131 (TMT), kurulu\u015funun 51\u2019inci y\u0131l d\u00f6n\u00fcm\u00fc nedeniyle T\u00fcrk Ajans\u0131 K\u0131br\u0131s\u2019\u0131 ziyaret etti. TMT M\u00fccahitler Derne\u011fi Ba\u015fkan\u0131 Celal Bayar, Genel Sekreter Y\u0131lmaz Hakverdi ile Y\u00f6netim Kurulu \u00fcyeleri G\u00fcrdal \u00c7uvalc\u0131o\u011flu ve H\u00fcseyin \u00c7ak\u0131r, TAK M\u00fcd\u00fcr\u00fc Fehmi G\u00fcrdall\u0131 ile g\u00f6r\u00fc\u015ft\u00fc. Celal Bayar, ziyaret s\u0131ras\u0131nda yapt\u0131\u011f\u0131 konu\u015fmada, milli varolu\u015f m\u00fccadelesine paralel olarak \u00f6nceleri T\u00fcrk Haberler B\u00fcrosu\u2019nun kuruldu\u011funu,\" \/>\n<meta property=\"og:url\" content=\"https:\/\/kibrisdakik.com\/?p=72215\" \/>\n<meta property=\"article:published_time\" content=\"2024-12-23T15:30:38+00:00\" \/>\n<meta property=\"og:image\" content=\"https:\/\/kibrisdakik.com\/wp-content\/uploads\/2024\/12\/lksg-740x420.jpeg\" \/>\n\t<meta property=\"og:image:width\" content=\"1410\" \/>\n\t<meta property=\"og:image:height\" content=\"649\" \/>\n\t<meta property=\"og:image:type\" content=\"image\/jpeg\" \/>\n<meta name=\"author\" content=\"admin\" \/>\n<meta name=\"twitter:card\" content=\"summary_large_image\" \/>\n<meta name=\"twitter:label1\" content=\"Yazan:\" \/>\n\t<meta name=\"twitter:data1\" content=\"admin\" \/>\n\t<meta name=\"twitter:label2\" content=\"Tahmini okuma s\u00fcresi\" \/>\n\t<meta name=\"twitter:data2\" content=\"1 dakika\" \/>\n<script type=\"application\/ld+json\" class=\"yoast-schema-graph\">{\"@context\":\"https:\\\/\\\/schema.org\",\"@graph\":[{\"@type\":\"Article\",\"@id\":\"https:\\\/\\\/kibrisdakik.com\\\/?p=72215#article\",\"isPartOf\":{\"@id\":\"https:\\\/\\\/kibrisdakik.com\\\/?p=72215\"},\"author\":{\"name\":\"admin\",\"@id\":\"https:\\\/\\\/kibrisdakik.com\\\/#\\\/schema\\\/person\\\/9cd9d437bbb44f72b73ba127e06d8e79\"},\"headline\":\"TMT M\u00fccahitler Derne\u011fi, TAK\u2019\u0131 ziyaret etti\",\"datePublished\":\"2024-12-23T15:30:38+00:00\",\"mainEntityOfPage\":{\"@id\":\"https:\\\/\\\/kibrisdakik.com\\\/?p=72215\"},\"wordCount\":251,\"commentCount\":0,\"image\":{\"@id\":\"https:\\\/\\\/kibrisdakik.com\\\/?p=72215#primaryimage\"},\"thumbnailUrl\":\"https:\\\/\\\/kibrisdakik.com\\\/wp-content\\\/uploads\\\/2024\\\/12\\\/lksg-740x420.jpeg\",\"articleSection\":[\"K\u0131br\u0131s\"],\"inLanguage\":\"tr\",\"potentialAction\":[{\"@type\":\"CommentAction\",\"name\":\"Comment\",\"target\":[\"https:\\\/\\\/kibrisdakik.com\\\/?p=72215#respond\"]}]},{\"@type\":\"WebPage\",\"@id\":\"https:\\\/\\\/kibrisdakik.com\\\/?p=72215\",\"url\":\"https:\\\/\\\/kibrisdakik.com\\\/?p=72215\",\"name\":\"TMT M\u00fccahitler Derne\u011fi, TAK\u2019\u0131 ziyaret etti -\",\"isPartOf\":{\"@id\":\"https:\\\/\\\/kibrisdakik.com\\\/#website\"},\"primaryImageOfPage\":{\"@id\":\"https:\\\/\\\/kibrisdakik.com\\\/?p=72215#primaryimage\"},\"image\":{\"@id\":\"https:\\\/\\\/kibrisdakik.com\\\/?p=72215#primaryimage\"},\"thumbnailUrl\":\"https:\\\/\\\/kibrisdakik.com\\\/wp-content\\\/uploads\\\/2024\\\/12\\\/lksg-740x420.jpeg\",\"datePublished\":\"2024-12-23T15:30:38+00:00\",\"author\":{\"@id\":\"https:\\\/\\\/kibrisdakik.com\\\/#\\\/schema\\\/person\\\/9cd9d437bbb44f72b73ba127e06d8e79\"},\"breadcrumb\":{\"@id\":\"https:\\\/\\\/kibrisdakik.com\\\/?p=72215#breadcrumb\"},\"inLanguage\":\"tr\",\"potentialAction\":[{\"@type\":\"ReadAction\",\"target\":[\"https:\\\/\\\/kibrisdakik.com\\\/?p=72215\"]}]},{\"@type\":\"ImageObject\",\"inLanguage\":\"tr\",\"@id\":\"https:\\\/\\\/kibrisdakik.com\\\/?p=72215#primaryimage\",\"url\":\"https:\\\/\\\/kibrisdakik.com\\\/wp-content\\\/uploads\\\/2024\\\/12\\\/lksg-740x420.jpeg\",\"contentUrl\":\"https:\\\/\\\/kibrisdakik.com\\\/wp-content\\\/uploads\\\/2024\\\/12\\\/lksg-740x420.jpeg\",\"width\":1410,\"height\":649},{\"@type\":\"BreadcrumbList\",\"@id\":\"https:\\\/\\\/kibrisdakik.com\\\/?p=72215#breadcrumb\",\"itemListElement\":[{\"@type\":\"ListItem\",\"position\":1,\"name\":\"Home\",\"item\":\"https:\\\/\\\/kibrisdakik.com\\\/\"},{\"@type\":\"ListItem\",\"position\":2,\"name\":\"TMT M\u00fccahitler Derne\u011fi, TAK\u2019\u0131 ziyaret etti\"}]},{\"@type\":\"WebSite\",\"@id\":\"https:\\\/\\\/kibrisdakik.com\\\/#website\",\"url\":\"https:\\\/\\\/kibrisdakik.com\\\/\",\"name\":\"\",\"description\":\"Tam vaktinde haber\",\"potentialAction\":[{\"@type\":\"SearchAction\",\"target\":{\"@type\":\"EntryPoint\",\"urlTemplate\":\"https:\\\/\\\/kibrisdakik.com\\\/?s={search_term_string}\"},\"query-input\":{\"@type\":\"PropertyValueSpecification\",\"valueRequired\":true,\"valueName\":\"search_term_string\"}}],\"inLanguage\":\"tr\"},{\"@type\":\"Person\",\"@id\":\"https:\\\/\\\/kibrisdakik.com\\\/#\\\/schema\\\/person\\\/9cd9d437bbb44f72b73ba127e06d8e79\",\"name\":\"admin\",\"image\":{\"@type\":\"ImageObject\",\"inLanguage\":\"tr\",\"@id\":\"https:\\\/\\\/secure.gravatar.com\\\/avatar\\\/ccc17943b9d660506c869530f897617f7cb1c21a4bf30023f252596d83e1f007?s=96&d=mm&r=g\",\"url\":\"https:\\\/\\\/secure.gravatar.com\\\/avatar\\\/ccc17943b9d660506c869530f897617f7cb1c21a4bf30023f252596d83e1f007?s=96&d=mm&r=g\",\"contentUrl\":\"https:\\\/\\\/secure.gravatar.com\\\/avatar\\\/ccc17943b9d660506c869530f897617f7cb1c21a4bf30023f252596d83e1f007?s=96&d=mm&r=g\",\"caption\":\"admin\"},\"sameAs\":[\"https:\\\/\\\/kibrisdakik.com\"],\"url\":\"https:\\\/\\\/kibrisdakik.com\\\/?author=1\"}]}<\/script>\n<!-- \/ Yoast SEO plugin. -->","yoast_head_json":{"title":"TMT M\u00fccahitler Derne\u011fi, TAK\u2019\u0131 ziyaret etti -","robots":{"index":"index","follow":"follow","max-snippet":"max-snippet:-1","max-image-preview":"max-image-preview:large","max-video-preview":"max-video-preview:-1"},"canonical":"https:\/\/kibrisdakik.com\/?p=72215","og_locale":"tr_TR","og_type":"article","og_title":"TMT M\u00fccahitler Derne\u011fi, TAK\u2019\u0131 ziyaret etti -","og_description":"T\u00fcrk Mukavemet Te\u015fkilat\u0131 (TMT), kurulu\u015funun 51\u2019inci y\u0131l d\u00f6n\u00fcm\u00fc nedeniyle T\u00fcrk Ajans\u0131 K\u0131br\u0131s\u2019\u0131 ziyaret etti. TMT M\u00fccahitler Derne\u011fi Ba\u015fkan\u0131 Celal Bayar, Genel Sekreter Y\u0131lmaz Hakverdi ile Y\u00f6netim Kurulu \u00fcyeleri G\u00fcrdal \u00c7uvalc\u0131o\u011flu ve H\u00fcseyin \u00c7ak\u0131r, TAK M\u00fcd\u00fcr\u00fc Fehmi G\u00fcrdall\u0131 ile g\u00f6r\u00fc\u015ft\u00fc. Celal Bayar, ziyaret s\u0131ras\u0131nda yapt\u0131\u011f\u0131 konu\u015fmada, milli varolu\u015f m\u00fccadelesine paralel olarak \u00f6nceleri T\u00fcrk Haberler B\u00fcrosu\u2019nun kuruldu\u011funu,","og_url":"https:\/\/kibrisdakik.com\/?p=72215","article_published_time":"2024-12-23T15:30:38+00:00","og_image":[{"width":1410,"height":649,"url":"https:\/\/kibrisdakik.com\/wp-content\/uploads\/2024\/12\/lksg-740x420.jpeg","type":"image\/jpeg"}],"author":"admin","twitter_card":"summary_large_image","twitter_misc":{"Yazan:":"admin","Tahmini okuma s\u00fcresi":"1 dakika"},"schema":{"@context":"https:\/\/schema.org","@graph":[{"@type":"Article","@id":"https:\/\/kibrisdakik.com\/?p=72215#article","isPartOf":{"@id":"https:\/\/kibrisdakik.com\/?p=72215"},"author":{"name":"admin","@id":"https:\/\/kibrisdakik.com\/#\/schema\/person\/9cd9d437bbb44f72b73ba127e06d8e79"},"headline":"TMT M\u00fccahitler Derne\u011fi, TAK\u2019\u0131 ziyaret etti","datePublished":"2024-12-23T15:30:38+00:00","mainEntityOfPage":{"@id":"https:\/\/kibrisdakik.com\/?p=72215"},"wordCount":251,"commentCount":0,"image":{"@id":"https:\/\/kibrisdakik.com\/?p=72215#primaryimage"},"thumbnailUrl":"https:\/\/kibrisdakik.com\/wp-content\/uploads\/2024\/12\/lksg-740x420.jpeg","articleSection":["K\u0131br\u0131s"],"inLanguage":"tr","potentialAction":[{"@type":"CommentAction","name":"Comment","target":["https:\/\/kibrisdakik.com\/?p=72215#respond"]}]},{"@type":"WebPage","@id":"https:\/\/kibrisdakik.com\/?p=72215","url":"https:\/\/kibrisdakik.com\/?p=72215","name":"TMT M\u00fccahitler Derne\u011fi, TAK\u2019\u0131 ziyaret etti -","isPartOf":{"@id":"https:\/\/kibrisdakik.com\/#website"},"primaryImageOfPage":{"@id":"https:\/\/kibrisdakik.com\/?p=72215#primaryimage"},"image":{"@id":"https:\/\/kibrisdakik.com\/?p=72215#primaryimage"},"thumbnailUrl":"https:\/\/kibrisdakik.com\/wp-content\/uploads\/2024\/12\/lksg-740x420.jpeg","datePublished":"2024-12-23T15:30:38+00:00","author":{"@id":"https:\/\/kibrisdakik.com\/#\/schema\/person\/9cd9d437bbb44f72b73ba127e06d8e79"},"breadcrumb":{"@id":"https:\/\/kibrisdakik.com\/?p=72215#breadcrumb"},"inLanguage":"tr","potentialAction":[{"@type":"ReadAction","target":["https:\/\/kibrisdakik.com\/?p=72215"]}]},{"@type":"ImageObject","inLanguage":"tr","@id":"https:\/\/kibrisdakik.com\/?p=72215#primaryimage","url":"https:\/\/kibrisdakik.com\/wp-content\/uploads\/2024\/12\/lksg-740x420.jpeg","contentUrl":"https:\/\/kibrisdakik.com\/wp-content\/uploads\/2024\/12\/lksg-740x420.jpeg","width":1410,"height":649},{"@type":"BreadcrumbList","@id":"https:\/\/kibrisdakik.com\/?p=72215#breadcrumb","itemListElement":[{"@type":"ListItem","position":1,"name":"Home","item":"https:\/\/kibrisdakik.com\/"},{"@type":"ListItem","position":2,"name":"TMT M\u00fccahitler Derne\u011fi, TAK\u2019\u0131 ziyaret etti"}]},{"@type":"WebSite","@id":"https:\/\/kibrisdakik.com\/#website","url":"https:\/\/kibrisdakik.com\/","name":"","description":"Tam vaktinde haber","potentialAction":[{"@type":"SearchAction","target":{"@type":"EntryPoint","urlTemplate":"https:\/\/kibrisdakik.com\/?s={search_term_string}"},"query-input":{"@type":"PropertyValueSpecification","valueRequired":true,"valueName":"search_term_string"}}],"inLanguage":"tr"},{"@type":"Person","@id":"https:\/\/kibrisdakik.com\/#\/schema\/person\/9cd9d437bbb44f72b73ba127e06d8e79","name":"admin","image":{"@type":"ImageObject","inLanguage":"tr","@id":"https:\/\/secure.gravatar.com\/avatar\/ccc17943b9d660506c869530f897617f7cb1c21a4bf30023f252596d83e1f007?s=96&d=mm&r=g","url":"https:\/\/secure.gravatar.com\/avatar\/ccc17943b9d660506c869530f897617f7cb1c21a4bf30023f252596d83e1f007?s=96&d=mm&r=g","contentUrl":"https:\/\/secure.gravatar.com\/avatar\/ccc17943b9d660506c869530f897617f7cb1c21a4bf30023f252596d83e1f007?s=96&d=mm&r=g","caption":"admin"},"sameAs":["https:\/\/kibrisdakik.com"],"url":"https:\/\/kibrisdakik.com\/?author=1"}]}},"_links":{"self":[{"href":"https:\/\/kibrisdakik.com\/index.php?rest_route=\/wp\/v2\/posts\/72215","targetHints":{"allow":["GET"]}}],"collection":[{"href":"https:\/\/kibrisdakik.com\/index.php?rest_route=\/wp\/v2\/posts"}],"about":[{"href":"https:\/\/kibrisdakik.com\/index.php?rest_route=\/wp\/v2\/types\/post"}],"author":[{"embeddable":true,"href":"https:\/\/kibrisdakik.com\/index.php?rest_route=\/wp\/v2\/users\/1"}],"replies":[{"embeddable":true,"href":"https:\/\/kibrisdakik.com\/index.php?rest_route=%2Fwp%2Fv2%2Fcomments&post=72215"}],"version-history":[{"count":0,"href":"https:\/\/kibrisdakik.com\/index.php?rest_route=\/wp\/v2\/posts\/72215\/revisions"}],"wp:featuredmedia":[{"embeddable":true,"href":"https:\/\/kibrisdakik.com\/index.php?rest_route=\/wp\/v2\/media\/72216"}],"wp:attachment":[{"href":"https:\/\/kibrisdakik.com\/index.php?rest_route=%2Fwp%2Fv2%2Fmedia&parent=72215"}],"wp:term":[{"taxonomy":"category","embeddable":true,"href":"https:\/\/kibrisdakik.com\/index.php?rest_route=%2Fwp%2Fv2%2Fcategories&post=72215"},{"taxonomy":"post_tag","embeddable":true,"href":"https:\/\/kibrisdakik.com\/index.php?rest_route=%2Fwp%2Fv2%2Ftags&post=72215"}],"curies":[{"name":"wp","href":"https:\/\/api.w.org\/{rel}","templated":true}]}}