{"id":72223,"date":"2024-12-23T18:23:37","date_gmt":"2024-12-23T15:23:37","guid":{"rendered":"https:\/\/kibrisdakik.com\/index.php\/2024\/12\/23\/trafik-kazasi-yapip-olay-yerinden-kacan-sahis-tutuklandi\/"},"modified":"2024-12-23T18:23:37","modified_gmt":"2024-12-23T15:23:37","slug":"trafik-kazasi-yapip-olay-yerinden-kacan-sahis-tutuklandi","status":"publish","type":"post","link":"https:\/\/kibrisdakik.com\/?p=72223","title":{"rendered":"Trafik kazas\u0131 yap\u0131p olay yerinden ka\u00e7an \u015fah\u0131s tutukland\u0131"},"content":{"rendered":"<p><\/p>\n<div>\n<div class=\"mariselle-image-container center\">\n                <img loading=\"lazy\" decoding=\"async\" width=\"1280\" height=\"720\" class=\"lazy-image\" alt=\"\" sizes=\"auto, (max-width: 1280px) 100vw, 1280px\" src=\"https:\/\/brtk.net\/wp-content\/uploads\/2024\/02\/22\/tutuklu-34.webp?ver=dc6a8aca86965d925effaa6dd91b0940\" srcset=\"https:\/\/brtk.net\/wp-content\/uploads\/2024\/02\/22\/tutuklu-34.webp?ver=dc6a8aca86965d925effaa6dd91b0940 1280w, https:\/\/brtk.net\/wp-content\/uploads\/2024\/02\/22\/tutuklu-34-300x169.webp?ver=4cba05f6e8d18195a49da5645f1243d3 300w, https:\/\/brtk.net\/wp-content\/uploads\/2024\/02\/22\/tutuklu-34-1024x576.webp?ver=4cba05f6e8d18195a49da5645f1243d3 1024w, https:\/\/brtk.net\/wp-content\/uploads\/2024\/02\/22\/tutuklu-34-768x432.webp?ver=4cba05f6e8d18195a49da5645f1243d3 768w\"\/>                            <\/div>\n<p> G\u00fczelyurt-Lefko\u015fa ana yolu \u00fczerinde trafik kazas\u0131 yap\u0131p olay yerinden ka\u00e7an ara\u00e7 s\u00fcr\u00fcc\u00fcs\u00fc tespit edilip tutukland\u0131.<\/p>\n<p>Polis Bas\u0131n B\u00fclteni\u2019ne g\u00f6re, d\u00fcn gece kimli\u011fi me\u00e7hul ara\u00e7 s\u00fcr\u00fcc\u00fcs\u00fc, y\u00f6netimindeki MM 079 plakal\u0131 salon ara\u00e7 ile Lefko\u015fa istikametine do\u011fru seyretti\u011fi s\u0131rada Mevlevi \u015eahinler \u00e7emberine dikkatsizce  giri\u015f yapt\u0131 ve direksiyon hakimiyetini kaybederek, yolun solunda bulunan bord\u00fcr ta\u015flar\u0131na \u00e7arp\u0131p, yolun solundan \u00e7\u0131karak durdu. Kaza sonucu ara\u00e7 s\u00fcr\u00fcc\u00fcs\u00fc kaza yerinden ayr\u0131ld\u0131.<\/p>\n<p>Y\u00fcr\u00fct\u00fclen ileri soru\u015fturma kapsam\u0131nda kaza an\u0131nda MM 079 plakal\u0131 ara\u00e7 s\u00fcr\u00fcc\u00fcs\u00fcn\u00fcn Tolga Canova (E-34) oldu\u011fu belirlendi. Bahse konu \u015fah\u0131s tespit edilerek tutukland\u0131. Soru\u015fturma devam ediyor.<\/p>\n<p>Girne-De\u011firmenlik ana yolunda da d\u00fcn Mehmet Ali \u00d6zen (E-34) 99 miligram alkoll\u00fc i\u00e7ki tesiri alt\u0131nda, y\u00f6netimindeki RY 021 plakal\u0131 salon ara\u00e7 ile Lefko\u015fa istikametine do\u011fru seyretti\u011fi s\u0131rada sa\u011fa meyilli viraja geldi\u011finde, \u00f6n\u00fcnde ayn\u0131 istikamete do\u011fru seyreden plakas\u0131 ve s\u00fcr\u00fcc\u00fcs\u00fc me\u00e7hul arac\u0131 ge\u00e7mek i\u00e7in dikkatsizce sa\u011f \u015feride ge\u00e7mesi sonucu, o esnada kar\u015f\u0131 istikametten gelmekte olan Cuma Atlar (E-38) y\u00f6netimindeki PP 582 plakal\u0131 kamyonetin sa\u011f yan k\u0131sm\u0131na \u00e7arpt\u0131. Kaza sonucu yaralanan olmad\u0131. RY 021 plakal\u0131 ara\u00e7 s\u00fcr\u00fcc\u00fcs\u00fc Mehmet Ali \u00d6zen, alkoll\u00fc i\u00e7ki tesiri alt\u0131nda ara\u00e7 kullan\u0131p trafik kazas\u0131 yapmak su\u00e7lar\u0131ndan tutukland\u0131. Soru\u015fturma devam ediyor.<\/p>\n<p>Lefko\u015fa-Girne Caddesi \u00fczerinde de d\u00fcn gece Behnur Ba\u015fdan (E-29) 237 miligram alkoll\u00fc i\u00e7ki tesiri alt\u0131nda, y\u00f6netimindeki GL 402 plakal\u0131 salon ara\u00e7 ile g\u00fcney istikametine do\u011fru seyretti\u011fi s\u0131rada Re\u015fat Kuyumculuk \u00f6nlerine geldi\u011finde, dikkatsizli\u011fi sonucu direksiyon hakimiyetini kaybederek o esnada yolun sol taraf\u0131nda park halinde bulunan \u015eemsettin Akg\u00f6z (E-37) sorumlulu\u011fundaki SY 375 plakal\u0131 salon arac\u0131n sa\u011f arka k\u0131sm\u0131na \u00e7arpt\u0131. Kaza sonucu yaralanan olmad\u0131. GL 402 Plakal\u0131 ara\u00e7 s\u00fcr\u00fcc\u00fcs\u00fc Behnur Ba\u015fdan, alkoll\u00fc i\u00e7ki tesiri alt\u0131nda ara\u00e7 kullan\u0131p trafik kazas\u0131 yapmak su\u00e7lar\u0131ndan tutukland\u0131. Soru\u015fturma devam ediyor.<\/p>\n<\/p><\/div>\n<p><script async\n                    defer\n                    crossorigin=\"anonymous\"\n                    src=\"https:\/\/connect.facebook.net\/tr_TR\/sdk.js#xfbml=1&#038;version=v3.3\"\n            ><\/script><\/p>\n","protected":false},"excerpt":{"rendered":"<p>G\u00fczelyurt-Lefko\u015fa ana yolu \u00fczerinde trafik kazas\u0131 yap\u0131p olay yerinden ka\u00e7an ara\u00e7 s\u00fcr\u00fcc\u00fcs\u00fc tespit edilip tutukland\u0131. Polis Bas\u0131n B\u00fclteni\u2019ne g\u00f6re, d\u00fcn gece kimli\u011fi me\u00e7hul ara\u00e7 s\u00fcr\u00fcc\u00fcs\u00fc, y\u00f6netimindeki MM 079 plakal\u0131 salon ara\u00e7 ile Lefko\u015fa istikametine do\u011fru seyretti\u011fi s\u0131rada Mevlevi \u015eahinler \u00e7emberine dikkatsizce giri\u015f yapt\u0131 ve direksiyon hakimiyetini kaybederek, yolun solunda bulunan bord\u00fcr ta\u015flar\u0131na \u00e7arp\u0131p, yolun solundan<\/p>\n","protected":false},"author":1,"featured_media":51087,"comment_status":"open","ping_status":"open","sticky":false,"template":"","format":"standard","meta":{"footnotes":""},"categories":[1],"tags":[],"class_list":["post-72223","post","type-post","status-publish","format-standard","has-post-thumbnail","hentry","category-gundem"],"yoast_head":"<!-- This site is optimized with the Yoast SEO plugin v27.5 - https:\/\/yoast.com\/product\/yoast-seo-wordpress\/ -->\n<title>Trafik kazas\u0131 yap\u0131p olay yerinden ka\u00e7an \u015fah\u0131s tutukland\u0131 -<\/title>\n<meta name=\"robots\" content=\"index, follow, max-snippet:-1, max-image-preview:large, max-video-preview:-1\" \/>\n<link rel=\"canonical\" href=\"https:\/\/kibrisdakik.com\/?p=72223\" \/>\n<meta property=\"og:locale\" content=\"tr_TR\" \/>\n<meta property=\"og:type\" content=\"article\" \/>\n<meta property=\"og:title\" content=\"Trafik kazas\u0131 yap\u0131p olay yerinden ka\u00e7an \u015fah\u0131s tutukland\u0131 -\" \/>\n<meta property=\"og:description\" content=\"G\u00fczelyurt-Lefko\u015fa ana yolu \u00fczerinde trafik kazas\u0131 yap\u0131p olay yerinden ka\u00e7an ara\u00e7 s\u00fcr\u00fcc\u00fcs\u00fc tespit edilip tutukland\u0131. Polis Bas\u0131n B\u00fclteni\u2019ne g\u00f6re, d\u00fcn gece kimli\u011fi me\u00e7hul ara\u00e7 s\u00fcr\u00fcc\u00fcs\u00fc, y\u00f6netimindeki MM 079 plakal\u0131 salon ara\u00e7 ile Lefko\u015fa istikametine do\u011fru seyretti\u011fi s\u0131rada Mevlevi \u015eahinler \u00e7emberine dikkatsizce giri\u015f yapt\u0131 ve direksiyon hakimiyetini kaybederek, yolun solunda bulunan bord\u00fcr ta\u015flar\u0131na \u00e7arp\u0131p, yolun solundan\" \/>\n<meta property=\"og:url\" content=\"https:\/\/kibrisdakik.com\/?p=72223\" \/>\n<meta property=\"article:published_time\" content=\"2024-12-23T15:23:37+00:00\" \/>\n<meta property=\"og:image\" content=\"https:\/\/kibrisdakik.com\/wp-content\/uploads\/2024\/07\/tutuklu-34.webp-740x420.webp\" \/>\n\t<meta property=\"og:image:width\" content=\"1280\" \/>\n\t<meta property=\"og:image:height\" content=\"720\" \/>\n\t<meta property=\"og:image:type\" content=\"image\/webp\" \/>\n<meta name=\"author\" content=\"admin\" \/>\n<meta name=\"twitter:card\" content=\"summary_large_image\" \/>\n<meta name=\"twitter:label1\" content=\"Yazan:\" \/>\n\t<meta name=\"twitter:data1\" content=\"admin\" \/>\n\t<meta name=\"twitter:label2\" content=\"Tahmini okuma s\u00fcresi\" \/>\n\t<meta name=\"twitter:data2\" content=\"2 dakika\" \/>\n<script type=\"application\/ld+json\" class=\"yoast-schema-graph\">{\"@context\":\"https:\\\/\\\/schema.org\",\"@graph\":[{\"@type\":\"Article\",\"@id\":\"https:\\\/\\\/kibrisdakik.com\\\/?p=72223#article\",\"isPartOf\":{\"@id\":\"https:\\\/\\\/kibrisdakik.com\\\/?p=72223\"},\"author\":{\"name\":\"admin\",\"@id\":\"https:\\\/\\\/kibrisdakik.com\\\/#\\\/schema\\\/person\\\/9cd9d437bbb44f72b73ba127e06d8e79\"},\"headline\":\"Trafik kazas\u0131 yap\u0131p olay yerinden ka\u00e7an \u015fah\u0131s tutukland\u0131\",\"datePublished\":\"2024-12-23T15:23:37+00:00\",\"mainEntityOfPage\":{\"@id\":\"https:\\\/\\\/kibrisdakik.com\\\/?p=72223\"},\"wordCount\":369,\"commentCount\":0,\"image\":{\"@id\":\"https:\\\/\\\/kibrisdakik.com\\\/?p=72223#primaryimage\"},\"thumbnailUrl\":\"https:\\\/\\\/kibrisdakik.com\\\/wp-content\\\/uploads\\\/2024\\\/07\\\/tutuklu-34.webp-740x420.webp\",\"articleSection\":[\"G\u00fcndem\"],\"inLanguage\":\"tr\",\"potentialAction\":[{\"@type\":\"CommentAction\",\"name\":\"Comment\",\"target\":[\"https:\\\/\\\/kibrisdakik.com\\\/?p=72223#respond\"]}]},{\"@type\":\"WebPage\",\"@id\":\"https:\\\/\\\/kibrisdakik.com\\\/?p=72223\",\"url\":\"https:\\\/\\\/kibrisdakik.com\\\/?p=72223\",\"name\":\"Trafik kazas\u0131 yap\u0131p olay yerinden ka\u00e7an \u015fah\u0131s tutukland\u0131 -\",\"isPartOf\":{\"@id\":\"https:\\\/\\\/kibrisdakik.com\\\/#website\"},\"primaryImageOfPage\":{\"@id\":\"https:\\\/\\\/kibrisdakik.com\\\/?p=72223#primaryimage\"},\"image\":{\"@id\":\"https:\\\/\\\/kibrisdakik.com\\\/?p=72223#primaryimage\"},\"thumbnailUrl\":\"https:\\\/\\\/kibrisdakik.com\\\/wp-content\\\/uploads\\\/2024\\\/07\\\/tutuklu-34.webp-740x420.webp\",\"datePublished\":\"2024-12-23T15:23:37+00:00\",\"author\":{\"@id\":\"https:\\\/\\\/kibrisdakik.com\\\/#\\\/schema\\\/person\\\/9cd9d437bbb44f72b73ba127e06d8e79\"},\"breadcrumb\":{\"@id\":\"https:\\\/\\\/kibrisdakik.com\\\/?p=72223#breadcrumb\"},\"inLanguage\":\"tr\",\"potentialAction\":[{\"@type\":\"ReadAction\",\"target\":[\"https:\\\/\\\/kibrisdakik.com\\\/?p=72223\"]}]},{\"@type\":\"ImageObject\",\"inLanguage\":\"tr\",\"@id\":\"https:\\\/\\\/kibrisdakik.com\\\/?p=72223#primaryimage\",\"url\":\"https:\\\/\\\/kibrisdakik.com\\\/wp-content\\\/uploads\\\/2024\\\/07\\\/tutuklu-34.webp-740x420.webp\",\"contentUrl\":\"https:\\\/\\\/kibrisdakik.com\\\/wp-content\\\/uploads\\\/2024\\\/07\\\/tutuklu-34.webp-740x420.webp\",\"width\":1280,\"height\":720},{\"@type\":\"BreadcrumbList\",\"@id\":\"https:\\\/\\\/kibrisdakik.com\\\/?p=72223#breadcrumb\",\"itemListElement\":[{\"@type\":\"ListItem\",\"position\":1,\"name\":\"Home\",\"item\":\"https:\\\/\\\/kibrisdakik.com\\\/\"},{\"@type\":\"ListItem\",\"position\":2,\"name\":\"Trafik kazas\u0131 yap\u0131p olay yerinden ka\u00e7an \u015fah\u0131s tutukland\u0131\"}]},{\"@type\":\"WebSite\",\"@id\":\"https:\\\/\\\/kibrisdakik.com\\\/#website\",\"url\":\"https:\\\/\\\/kibrisdakik.com\\\/\",\"name\":\"\",\"description\":\"Tam vaktinde haber\",\"potentialAction\":[{\"@type\":\"SearchAction\",\"target\":{\"@type\":\"EntryPoint\",\"urlTemplate\":\"https:\\\/\\\/kibrisdakik.com\\\/?s={search_term_string}\"},\"query-input\":{\"@type\":\"PropertyValueSpecification\",\"valueRequired\":true,\"valueName\":\"search_term_string\"}}],\"inLanguage\":\"tr\"},{\"@type\":\"Person\",\"@id\":\"https:\\\/\\\/kibrisdakik.com\\\/#\\\/schema\\\/person\\\/9cd9d437bbb44f72b73ba127e06d8e79\",\"name\":\"admin\",\"image\":{\"@type\":\"ImageObject\",\"inLanguage\":\"tr\",\"@id\":\"https:\\\/\\\/secure.gravatar.com\\\/avatar\\\/ccc17943b9d660506c869530f897617f7cb1c21a4bf30023f252596d83e1f007?s=96&d=mm&r=g\",\"url\":\"https:\\\/\\\/secure.gravatar.com\\\/avatar\\\/ccc17943b9d660506c869530f897617f7cb1c21a4bf30023f252596d83e1f007?s=96&d=mm&r=g\",\"contentUrl\":\"https:\\\/\\\/secure.gravatar.com\\\/avatar\\\/ccc17943b9d660506c869530f897617f7cb1c21a4bf30023f252596d83e1f007?s=96&d=mm&r=g\",\"caption\":\"admin\"},\"sameAs\":[\"https:\\\/\\\/kibrisdakik.com\"],\"url\":\"https:\\\/\\\/kibrisdakik.com\\\/?author=1\"}]}<\/script>\n<!-- \/ Yoast SEO plugin. -->","yoast_head_json":{"title":"Trafik kazas\u0131 yap\u0131p olay yerinden ka\u00e7an \u015fah\u0131s tutukland\u0131 -","robots":{"index":"index","follow":"follow","max-snippet":"max-snippet:-1","max-image-preview":"max-image-preview:large","max-video-preview":"max-video-preview:-1"},"canonical":"https:\/\/kibrisdakik.com\/?p=72223","og_locale":"tr_TR","og_type":"article","og_title":"Trafik kazas\u0131 yap\u0131p olay yerinden ka\u00e7an \u015fah\u0131s tutukland\u0131 -","og_description":"G\u00fczelyurt-Lefko\u015fa ana yolu \u00fczerinde trafik kazas\u0131 yap\u0131p olay yerinden ka\u00e7an ara\u00e7 s\u00fcr\u00fcc\u00fcs\u00fc tespit edilip tutukland\u0131. Polis Bas\u0131n B\u00fclteni\u2019ne g\u00f6re, d\u00fcn gece kimli\u011fi me\u00e7hul ara\u00e7 s\u00fcr\u00fcc\u00fcs\u00fc, y\u00f6netimindeki MM 079 plakal\u0131 salon ara\u00e7 ile Lefko\u015fa istikametine do\u011fru seyretti\u011fi s\u0131rada Mevlevi \u015eahinler \u00e7emberine dikkatsizce giri\u015f yapt\u0131 ve direksiyon hakimiyetini kaybederek, yolun solunda bulunan bord\u00fcr ta\u015flar\u0131na \u00e7arp\u0131p, yolun solundan","og_url":"https:\/\/kibrisdakik.com\/?p=72223","article_published_time":"2024-12-23T15:23:37+00:00","og_image":[{"width":1280,"height":720,"url":"https:\/\/kibrisdakik.com\/wp-content\/uploads\/2024\/07\/tutuklu-34.webp-740x420.webp","type":"image\/webp"}],"author":"admin","twitter_card":"summary_large_image","twitter_misc":{"Yazan:":"admin","Tahmini okuma s\u00fcresi":"2 dakika"},"schema":{"@context":"https:\/\/schema.org","@graph":[{"@type":"Article","@id":"https:\/\/kibrisdakik.com\/?p=72223#article","isPartOf":{"@id":"https:\/\/kibrisdakik.com\/?p=72223"},"author":{"name":"admin","@id":"https:\/\/kibrisdakik.com\/#\/schema\/person\/9cd9d437bbb44f72b73ba127e06d8e79"},"headline":"Trafik kazas\u0131 yap\u0131p olay yerinden ka\u00e7an \u015fah\u0131s tutukland\u0131","datePublished":"2024-12-23T15:23:37+00:00","mainEntityOfPage":{"@id":"https:\/\/kibrisdakik.com\/?p=72223"},"wordCount":369,"commentCount":0,"image":{"@id":"https:\/\/kibrisdakik.com\/?p=72223#primaryimage"},"thumbnailUrl":"https:\/\/kibrisdakik.com\/wp-content\/uploads\/2024\/07\/tutuklu-34.webp-740x420.webp","articleSection":["G\u00fcndem"],"inLanguage":"tr","potentialAction":[{"@type":"CommentAction","name":"Comment","target":["https:\/\/kibrisdakik.com\/?p=72223#respond"]}]},{"@type":"WebPage","@id":"https:\/\/kibrisdakik.com\/?p=72223","url":"https:\/\/kibrisdakik.com\/?p=72223","name":"Trafik kazas\u0131 yap\u0131p olay yerinden ka\u00e7an \u015fah\u0131s tutukland\u0131 -","isPartOf":{"@id":"https:\/\/kibrisdakik.com\/#website"},"primaryImageOfPage":{"@id":"https:\/\/kibrisdakik.com\/?p=72223#primaryimage"},"image":{"@id":"https:\/\/kibrisdakik.com\/?p=72223#primaryimage"},"thumbnailUrl":"https:\/\/kibrisdakik.com\/wp-content\/uploads\/2024\/07\/tutuklu-34.webp-740x420.webp","datePublished":"2024-12-23T15:23:37+00:00","author":{"@id":"https:\/\/kibrisdakik.com\/#\/schema\/person\/9cd9d437bbb44f72b73ba127e06d8e79"},"breadcrumb":{"@id":"https:\/\/kibrisdakik.com\/?p=72223#breadcrumb"},"inLanguage":"tr","potentialAction":[{"@type":"ReadAction","target":["https:\/\/kibrisdakik.com\/?p=72223"]}]},{"@type":"ImageObject","inLanguage":"tr","@id":"https:\/\/kibrisdakik.com\/?p=72223#primaryimage","url":"https:\/\/kibrisdakik.com\/wp-content\/uploads\/2024\/07\/tutuklu-34.webp-740x420.webp","contentUrl":"https:\/\/kibrisdakik.com\/wp-content\/uploads\/2024\/07\/tutuklu-34.webp-740x420.webp","width":1280,"height":720},{"@type":"BreadcrumbList","@id":"https:\/\/kibrisdakik.com\/?p=72223#breadcrumb","itemListElement":[{"@type":"ListItem","position":1,"name":"Home","item":"https:\/\/kibrisdakik.com\/"},{"@type":"ListItem","position":2,"name":"Trafik kazas\u0131 yap\u0131p olay yerinden ka\u00e7an \u015fah\u0131s tutukland\u0131"}]},{"@type":"WebSite","@id":"https:\/\/kibrisdakik.com\/#website","url":"https:\/\/kibrisdakik.com\/","name":"","description":"Tam vaktinde haber","potentialAction":[{"@type":"SearchAction","target":{"@type":"EntryPoint","urlTemplate":"https:\/\/kibrisdakik.com\/?s={search_term_string}"},"query-input":{"@type":"PropertyValueSpecification","valueRequired":true,"valueName":"search_term_string"}}],"inLanguage":"tr"},{"@type":"Person","@id":"https:\/\/kibrisdakik.com\/#\/schema\/person\/9cd9d437bbb44f72b73ba127e06d8e79","name":"admin","image":{"@type":"ImageObject","inLanguage":"tr","@id":"https:\/\/secure.gravatar.com\/avatar\/ccc17943b9d660506c869530f897617f7cb1c21a4bf30023f252596d83e1f007?s=96&d=mm&r=g","url":"https:\/\/secure.gravatar.com\/avatar\/ccc17943b9d660506c869530f897617f7cb1c21a4bf30023f252596d83e1f007?s=96&d=mm&r=g","contentUrl":"https:\/\/secure.gravatar.com\/avatar\/ccc17943b9d660506c869530f897617f7cb1c21a4bf30023f252596d83e1f007?s=96&d=mm&r=g","caption":"admin"},"sameAs":["https:\/\/kibrisdakik.com"],"url":"https:\/\/kibrisdakik.com\/?author=1"}]}},"_links":{"self":[{"href":"https:\/\/kibrisdakik.com\/index.php?rest_route=\/wp\/v2\/posts\/72223","targetHints":{"allow":["GET"]}}],"collection":[{"href":"https:\/\/kibrisdakik.com\/index.php?rest_route=\/wp\/v2\/posts"}],"about":[{"href":"https:\/\/kibrisdakik.com\/index.php?rest_route=\/wp\/v2\/types\/post"}],"author":[{"embeddable":true,"href":"https:\/\/kibrisdakik.com\/index.php?rest_route=\/wp\/v2\/users\/1"}],"replies":[{"embeddable":true,"href":"https:\/\/kibrisdakik.com\/index.php?rest_route=%2Fwp%2Fv2%2Fcomments&post=72223"}],"version-history":[{"count":0,"href":"https:\/\/kibrisdakik.com\/index.php?rest_route=\/wp\/v2\/posts\/72223\/revisions"}],"wp:featuredmedia":[{"embeddable":true,"href":"https:\/\/kibrisdakik.com\/index.php?rest_route=\/wp\/v2\/media\/51087"}],"wp:attachment":[{"href":"https:\/\/kibrisdakik.com\/index.php?rest_route=%2Fwp%2Fv2%2Fmedia&parent=72223"}],"wp:term":[{"taxonomy":"category","embeddable":true,"href":"https:\/\/kibrisdakik.com\/index.php?rest_route=%2Fwp%2Fv2%2Fcategories&post=72223"},{"taxonomy":"post_tag","embeddable":true,"href":"https:\/\/kibrisdakik.com\/index.php?rest_route=%2Fwp%2Fv2%2Ftags&post=72223"}],"curies":[{"name":"wp","href":"https:\/\/api.w.org\/{rel}","templated":true}]}}