{"id":72239,"date":"2024-12-24T09:36:15","date_gmt":"2024-12-24T06:36:15","guid":{"rendered":"https:\/\/kibrisdakik.com\/index.php\/2024\/12\/24\/sampiyon-melekleri-yasatma-dernegi-baskani-karakayasorumlular-derhal-yargilanmalidir\/"},"modified":"2024-12-24T09:36:15","modified_gmt":"2024-12-24T06:36:15","slug":"sampiyon-melekleri-yasatma-dernegi-baskani-karakayasorumlular-derhal-yargilanmalidir","status":"publish","type":"post","link":"https:\/\/kibrisdakik.com\/?p=72239","title":{"rendered":"\u015eampiyon Melekleri Ya\u015fatma Derne\u011fi Ba\u015fkan\u0131 Karakaya:Sorumlular derhal yarg\u0131lanmal\u0131d\u0131r"},"content":{"rendered":"<div>\n<p>Ad\u0131yaman\u2019da 22 ay \u00f6nce meydana gelen depremde 72 cana mezar olan \u0130sias Otel davas\u0131 devam ediyor.<\/p>\n<p>Davan\u0131n alt\u0131nc\u0131 duru\u015fmas\u0131 Ad\u0131yaman 3. A\u011f\u0131r Ceza Mahkemesi\u2019nde ba\u015fl\u0131yor. \u0130ki g\u00fcn olarak planlanan duru\u015fma sonunda karar\u0131n a\u00e7\u0131klanmas\u0131 bekleniyor.<\/p>\n<p>\u015eampiyon Melekler ve tur rehberlerinin aileleri her davda oldu\u011fu gibi mahkeme \u00f6n\u00fcnde toplanarak, depremde kaybettikleri \u00e7ocuklar\u0131n\u0131n, sevdiklerinin  resimlerini giri\u015fe s\u0131ralad\u0131.<\/p>\n<p>Ellerinde; \u201cAdalet Olas\u0131 Kastla Gelecek\u201d, \u201cKamu G\u00f6revlileri Yarg\u0131lans\u0131n\u201d, \u201cKader De\u011fil Cinayet\u201d, \u201c \u0130sias Otel sekt\u00f6r\u00fcn\u00fcn felaketidir\u201d, \u201cTurist rehberleri adalet bekliyor\u201d, \u201c \u015eampiyon melekler adalet bekliyor\u201d, \u201c \u0130sias ortak davam\u0131z\u201d, \u201cDeprem Su\u00e7lular\u0131 Taksit De\u011fil olas\u0131 kast ile yarg\u0131lans\u0131n\u201d, yaz\u0131l\u0131 pankartlar ta\u015f\u0131yan aileler, \u015eampiyon Melekleri Ya\u015fatma Derne\u011fi ve Rehberler \u0130\u00e7in Adalet Platformu duru\u015fma \u00f6ncesi bas\u0131n ortak bas\u0131n a\u00e7\u0131klamas\u0131 yapt\u0131.<\/p>\n<p>\u015eampiyon Melekleri Ya\u015fatma Derne\u011fi Ba\u015fkan\u0131 Ru\u015fen Y\u00fccesoylu  Karakaya, 6 \u015eubat 2023 tarihinde meydana gelen depremde hayat\u0131n\u0131 kaybedenlerin haklar\u0131 i\u00e7in verilen adalet m\u00fccadelesinin \u00f6nemli bir d\u00f6n\u00fcm noktas\u0131na geldi\u011fini belirtti.<\/p>\n<p>Karakaya, \u201c\u0130sias Otel davas\u0131nda adalet ve hesap g\u00fcn\u00fc yakla\u015f\u0131yor. Bu dava, T\u00fcrkiye\u2019deki adaletin ve yap\u0131 g\u00fcvenli\u011finin sa\u011flanmas\u0131 i\u00e7in hayati \u00f6nem ta\u015f\u0131maktad\u0131r. Otelin mevzuata ayk\u0131r\u0131 \u015fekilde in\u015fa edildi\u011fi, usuls\u00fczce bilimden ve ahlaktan uzak bir \u015fekilde yap\u0131ld\u0131\u011f\u0131 ortaya konmu\u015ftur. San\u0131klar\u0131n bilin\u00e7li taksirle de\u011fil, olas\u0131 kastla yarg\u0131lanmas\u0131 gerekmektedir. Bu yap\u0131, bile bile \u00f6l\u00fcme davetiye \u00e7\u0131karm\u0131\u015ft\u0131r. Bu davan\u0131n sadece otel sahiplerinin cezaland\u0131r\u0131lmas\u0131yla s\u0131n\u0131rl\u0131 kalmamal\u0131, ayn\u0131 zamanda bu yap\u0131n\u0131n denetiminden sorumlu kamu g\u00f6revlileri de yarg\u0131lanmal\u0131d\u0131r. Sorumlular\u0131n derhal yarg\u0131lanmas\u0131 gerekti\u011fini istiyoruz. San\u0131klar\u0131n olas\u0131 kastla yarg\u0131lanmas\u0131 ve en a\u011f\u0131r cezalarla cezaland\u0131r\u0131lmas\u0131, ayr\u0131ca sorumlu kamu g\u00f6revlilerinin de yarg\u0131lanmas\u0131n\u0131 talep ediyoruz. Bu dava sadece kaybetti\u011fimiz canlar i\u00e7in de\u011fil, gelecekte ba\u015fka canlar\u0131n kaybedilmemesi i\u00e7in de kritik bir \u00f6neme sahiptir. Verdi\u011fimiz m\u00fccadele, nefesimiz t\u00fckenene kadar s\u00fcrecektir. Kamuoyunu, kurumlar\u0131 ve vicdan sahibi olan herkesi bu davada adaletin pe\u015finden gitmeye \u00e7a\u011f\u0131r\u0131yoruz. Adalet ertelenemez\u201d dedi.<\/p>\n<\/p><\/div>\n<p><script async\n                    defer\n                    crossorigin=\"anonymous\"\n                    src=\"https:\/\/connect.facebook.net\/tr_TR\/sdk.js#xfbml=1&#038;version=v3.3\"\n            ><\/script><\/p>\n","protected":false},"excerpt":{"rendered":"<p>Ad\u0131yaman\u2019da 22 ay \u00f6nce meydana gelen depremde 72 cana mezar olan \u0130sias Otel davas\u0131 devam ediyor. Davan\u0131n alt\u0131nc\u0131 duru\u015fmas\u0131 Ad\u0131yaman 3. A\u011f\u0131r Ceza Mahkemesi\u2019nde ba\u015fl\u0131yor. \u0130ki g\u00fcn olarak planlanan duru\u015fma sonunda karar\u0131n a\u00e7\u0131klanmas\u0131 bekleniyor. \u015eampiyon Melekler ve tur rehberlerinin aileleri her davda oldu\u011fu gibi mahkeme \u00f6n\u00fcnde toplanarak, depremde kaybettikleri \u00e7ocuklar\u0131n\u0131n, sevdiklerinin resimlerini giri\u015fe s\u0131ralad\u0131. Ellerinde;<\/p>\n","protected":false},"author":1,"featured_media":72240,"comment_status":"open","ping_status":"open","sticky":false,"template":"","format":"standard","meta":{"footnotes":""},"categories":[81],"tags":[],"class_list":["post-72239","post","type-post","status-publish","format-standard","has-post-thumbnail","hentry","category-kibris"],"yoast_head":"<!-- This site is optimized with the Yoast SEO plugin v27.5 - https:\/\/yoast.com\/product\/yoast-seo-wordpress\/ -->\n<title>\u015eampiyon Melekleri Ya\u015fatma Derne\u011fi Ba\u015fkan\u0131 Karakaya:Sorumlular derhal yarg\u0131lanmal\u0131d\u0131r -<\/title>\n<meta name=\"robots\" content=\"index, follow, max-snippet:-1, max-image-preview:large, max-video-preview:-1\" \/>\n<link rel=\"canonical\" href=\"https:\/\/kibrisdakik.com\/?p=72239\" \/>\n<meta property=\"og:locale\" content=\"tr_TR\" \/>\n<meta property=\"og:type\" content=\"article\" \/>\n<meta property=\"og:title\" content=\"\u015eampiyon Melekleri Ya\u015fatma Derne\u011fi Ba\u015fkan\u0131 Karakaya:Sorumlular derhal yarg\u0131lanmal\u0131d\u0131r -\" \/>\n<meta property=\"og:description\" content=\"Ad\u0131yaman\u2019da 22 ay \u00f6nce meydana gelen depremde 72 cana mezar olan \u0130sias Otel davas\u0131 devam ediyor. Davan\u0131n alt\u0131nc\u0131 duru\u015fmas\u0131 Ad\u0131yaman 3. A\u011f\u0131r Ceza Mahkemesi\u2019nde ba\u015fl\u0131yor. \u0130ki g\u00fcn olarak planlanan duru\u015fma sonunda karar\u0131n a\u00e7\u0131klanmas\u0131 bekleniyor. \u015eampiyon Melekler ve tur rehberlerinin aileleri her davda oldu\u011fu gibi mahkeme \u00f6n\u00fcnde toplanarak, depremde kaybettikleri \u00e7ocuklar\u0131n\u0131n, sevdiklerinin resimlerini giri\u015fe s\u0131ralad\u0131. Ellerinde;\" \/>\n<meta property=\"og:url\" content=\"https:\/\/kibrisdakik.com\/?p=72239\" \/>\n<meta property=\"article:published_time\" content=\"2024-12-24T06:36:15+00:00\" \/>\n<meta property=\"og:image\" content=\"https:\/\/kibrisdakik.com\/wp-content\/uploads\/2024\/12\/WhatsApp-Image-2024-12-24-at-09.07.56-scaled-740x420.jpeg\" \/>\n\t<meta property=\"og:image:width\" content=\"2560\" \/>\n\t<meta property=\"og:image:height\" content=\"1920\" \/>\n\t<meta property=\"og:image:type\" content=\"image\/jpeg\" \/>\n<meta name=\"author\" content=\"admin\" \/>\n<meta name=\"twitter:card\" content=\"summary_large_image\" \/>\n<meta name=\"twitter:label1\" content=\"Yazan:\" \/>\n\t<meta name=\"twitter:data1\" content=\"admin\" \/>\n\t<meta name=\"twitter:label2\" content=\"Tahmini okuma s\u00fcresi\" \/>\n\t<meta name=\"twitter:data2\" content=\"2 dakika\" \/>\n<script type=\"application\/ld+json\" class=\"yoast-schema-graph\">{\"@context\":\"https:\\\/\\\/schema.org\",\"@graph\":[{\"@type\":\"Article\",\"@id\":\"https:\\\/\\\/kibrisdakik.com\\\/?p=72239#article\",\"isPartOf\":{\"@id\":\"https:\\\/\\\/kibrisdakik.com\\\/?p=72239\"},\"author\":{\"name\":\"admin\",\"@id\":\"https:\\\/\\\/kibrisdakik.com\\\/#\\\/schema\\\/person\\\/9cd9d437bbb44f72b73ba127e06d8e79\"},\"headline\":\"\u015eampiyon Melekleri Ya\u015fatma Derne\u011fi Ba\u015fkan\u0131 Karakaya:Sorumlular derhal yarg\u0131lanmal\u0131d\u0131r\",\"datePublished\":\"2024-12-24T06:36:15+00:00\",\"mainEntityOfPage\":{\"@id\":\"https:\\\/\\\/kibrisdakik.com\\\/?p=72239\"},\"wordCount\":392,\"commentCount\":0,\"image\":{\"@id\":\"https:\\\/\\\/kibrisdakik.com\\\/?p=72239#primaryimage\"},\"thumbnailUrl\":\"https:\\\/\\\/kibrisdakik.com\\\/wp-content\\\/uploads\\\/2024\\\/12\\\/WhatsApp-Image-2024-12-24-at-09.07.56-scaled-740x420.jpeg\",\"articleSection\":[\"K\u0131br\u0131s\"],\"inLanguage\":\"tr\",\"potentialAction\":[{\"@type\":\"CommentAction\",\"name\":\"Comment\",\"target\":[\"https:\\\/\\\/kibrisdakik.com\\\/?p=72239#respond\"]}]},{\"@type\":\"WebPage\",\"@id\":\"https:\\\/\\\/kibrisdakik.com\\\/?p=72239\",\"url\":\"https:\\\/\\\/kibrisdakik.com\\\/?p=72239\",\"name\":\"\u015eampiyon Melekleri Ya\u015fatma Derne\u011fi Ba\u015fkan\u0131 Karakaya:Sorumlular derhal yarg\u0131lanmal\u0131d\u0131r -\",\"isPartOf\":{\"@id\":\"https:\\\/\\\/kibrisdakik.com\\\/#website\"},\"primaryImageOfPage\":{\"@id\":\"https:\\\/\\\/kibrisdakik.com\\\/?p=72239#primaryimage\"},\"image\":{\"@id\":\"https:\\\/\\\/kibrisdakik.com\\\/?p=72239#primaryimage\"},\"thumbnailUrl\":\"https:\\\/\\\/kibrisdakik.com\\\/wp-content\\\/uploads\\\/2024\\\/12\\\/WhatsApp-Image-2024-12-24-at-09.07.56-scaled-740x420.jpeg\",\"datePublished\":\"2024-12-24T06:36:15+00:00\",\"author\":{\"@id\":\"https:\\\/\\\/kibrisdakik.com\\\/#\\\/schema\\\/person\\\/9cd9d437bbb44f72b73ba127e06d8e79\"},\"breadcrumb\":{\"@id\":\"https:\\\/\\\/kibrisdakik.com\\\/?p=72239#breadcrumb\"},\"inLanguage\":\"tr\",\"potentialAction\":[{\"@type\":\"ReadAction\",\"target\":[\"https:\\\/\\\/kibrisdakik.com\\\/?p=72239\"]}]},{\"@type\":\"ImageObject\",\"inLanguage\":\"tr\",\"@id\":\"https:\\\/\\\/kibrisdakik.com\\\/?p=72239#primaryimage\",\"url\":\"https:\\\/\\\/kibrisdakik.com\\\/wp-content\\\/uploads\\\/2024\\\/12\\\/WhatsApp-Image-2024-12-24-at-09.07.56-scaled-740x420.jpeg\",\"contentUrl\":\"https:\\\/\\\/kibrisdakik.com\\\/wp-content\\\/uploads\\\/2024\\\/12\\\/WhatsApp-Image-2024-12-24-at-09.07.56-scaled-740x420.jpeg\",\"width\":2560,\"height\":1920},{\"@type\":\"BreadcrumbList\",\"@id\":\"https:\\\/\\\/kibrisdakik.com\\\/?p=72239#breadcrumb\",\"itemListElement\":[{\"@type\":\"ListItem\",\"position\":1,\"name\":\"Home\",\"item\":\"https:\\\/\\\/kibrisdakik.com\\\/\"},{\"@type\":\"ListItem\",\"position\":2,\"name\":\"\u015eampiyon Melekleri Ya\u015fatma Derne\u011fi Ba\u015fkan\u0131 Karakaya:Sorumlular derhal yarg\u0131lanmal\u0131d\u0131r\"}]},{\"@type\":\"WebSite\",\"@id\":\"https:\\\/\\\/kibrisdakik.com\\\/#website\",\"url\":\"https:\\\/\\\/kibrisdakik.com\\\/\",\"name\":\"\",\"description\":\"Tam vaktinde haber\",\"potentialAction\":[{\"@type\":\"SearchAction\",\"target\":{\"@type\":\"EntryPoint\",\"urlTemplate\":\"https:\\\/\\\/kibrisdakik.com\\\/?s={search_term_string}\"},\"query-input\":{\"@type\":\"PropertyValueSpecification\",\"valueRequired\":true,\"valueName\":\"search_term_string\"}}],\"inLanguage\":\"tr\"},{\"@type\":\"Person\",\"@id\":\"https:\\\/\\\/kibrisdakik.com\\\/#\\\/schema\\\/person\\\/9cd9d437bbb44f72b73ba127e06d8e79\",\"name\":\"admin\",\"image\":{\"@type\":\"ImageObject\",\"inLanguage\":\"tr\",\"@id\":\"https:\\\/\\\/secure.gravatar.com\\\/avatar\\\/ccc17943b9d660506c869530f897617f7cb1c21a4bf30023f252596d83e1f007?s=96&d=mm&r=g\",\"url\":\"https:\\\/\\\/secure.gravatar.com\\\/avatar\\\/ccc17943b9d660506c869530f897617f7cb1c21a4bf30023f252596d83e1f007?s=96&d=mm&r=g\",\"contentUrl\":\"https:\\\/\\\/secure.gravatar.com\\\/avatar\\\/ccc17943b9d660506c869530f897617f7cb1c21a4bf30023f252596d83e1f007?s=96&d=mm&r=g\",\"caption\":\"admin\"},\"sameAs\":[\"https:\\\/\\\/kibrisdakik.com\"],\"url\":\"https:\\\/\\\/kibrisdakik.com\\\/?author=1\"}]}<\/script>\n<!-- \/ Yoast SEO plugin. -->","yoast_head_json":{"title":"\u015eampiyon Melekleri Ya\u015fatma Derne\u011fi Ba\u015fkan\u0131 Karakaya:Sorumlular derhal yarg\u0131lanmal\u0131d\u0131r -","robots":{"index":"index","follow":"follow","max-snippet":"max-snippet:-1","max-image-preview":"max-image-preview:large","max-video-preview":"max-video-preview:-1"},"canonical":"https:\/\/kibrisdakik.com\/?p=72239","og_locale":"tr_TR","og_type":"article","og_title":"\u015eampiyon Melekleri Ya\u015fatma Derne\u011fi Ba\u015fkan\u0131 Karakaya:Sorumlular derhal yarg\u0131lanmal\u0131d\u0131r -","og_description":"Ad\u0131yaman\u2019da 22 ay \u00f6nce meydana gelen depremde 72 cana mezar olan \u0130sias Otel davas\u0131 devam ediyor. Davan\u0131n alt\u0131nc\u0131 duru\u015fmas\u0131 Ad\u0131yaman 3. A\u011f\u0131r Ceza Mahkemesi\u2019nde ba\u015fl\u0131yor. \u0130ki g\u00fcn olarak planlanan duru\u015fma sonunda karar\u0131n a\u00e7\u0131klanmas\u0131 bekleniyor. \u015eampiyon Melekler ve tur rehberlerinin aileleri her davda oldu\u011fu gibi mahkeme \u00f6n\u00fcnde toplanarak, depremde kaybettikleri \u00e7ocuklar\u0131n\u0131n, sevdiklerinin resimlerini giri\u015fe s\u0131ralad\u0131. Ellerinde;","og_url":"https:\/\/kibrisdakik.com\/?p=72239","article_published_time":"2024-12-24T06:36:15+00:00","og_image":[{"width":2560,"height":1920,"url":"https:\/\/kibrisdakik.com\/wp-content\/uploads\/2024\/12\/WhatsApp-Image-2024-12-24-at-09.07.56-scaled-740x420.jpeg","type":"image\/jpeg"}],"author":"admin","twitter_card":"summary_large_image","twitter_misc":{"Yazan:":"admin","Tahmini okuma s\u00fcresi":"2 dakika"},"schema":{"@context":"https:\/\/schema.org","@graph":[{"@type":"Article","@id":"https:\/\/kibrisdakik.com\/?p=72239#article","isPartOf":{"@id":"https:\/\/kibrisdakik.com\/?p=72239"},"author":{"name":"admin","@id":"https:\/\/kibrisdakik.com\/#\/schema\/person\/9cd9d437bbb44f72b73ba127e06d8e79"},"headline":"\u015eampiyon Melekleri Ya\u015fatma Derne\u011fi Ba\u015fkan\u0131 Karakaya:Sorumlular derhal yarg\u0131lanmal\u0131d\u0131r","datePublished":"2024-12-24T06:36:15+00:00","mainEntityOfPage":{"@id":"https:\/\/kibrisdakik.com\/?p=72239"},"wordCount":392,"commentCount":0,"image":{"@id":"https:\/\/kibrisdakik.com\/?p=72239#primaryimage"},"thumbnailUrl":"https:\/\/kibrisdakik.com\/wp-content\/uploads\/2024\/12\/WhatsApp-Image-2024-12-24-at-09.07.56-scaled-740x420.jpeg","articleSection":["K\u0131br\u0131s"],"inLanguage":"tr","potentialAction":[{"@type":"CommentAction","name":"Comment","target":["https:\/\/kibrisdakik.com\/?p=72239#respond"]}]},{"@type":"WebPage","@id":"https:\/\/kibrisdakik.com\/?p=72239","url":"https:\/\/kibrisdakik.com\/?p=72239","name":"\u015eampiyon Melekleri Ya\u015fatma Derne\u011fi Ba\u015fkan\u0131 Karakaya:Sorumlular derhal yarg\u0131lanmal\u0131d\u0131r -","isPartOf":{"@id":"https:\/\/kibrisdakik.com\/#website"},"primaryImageOfPage":{"@id":"https:\/\/kibrisdakik.com\/?p=72239#primaryimage"},"image":{"@id":"https:\/\/kibrisdakik.com\/?p=72239#primaryimage"},"thumbnailUrl":"https:\/\/kibrisdakik.com\/wp-content\/uploads\/2024\/12\/WhatsApp-Image-2024-12-24-at-09.07.56-scaled-740x420.jpeg","datePublished":"2024-12-24T06:36:15+00:00","author":{"@id":"https:\/\/kibrisdakik.com\/#\/schema\/person\/9cd9d437bbb44f72b73ba127e06d8e79"},"breadcrumb":{"@id":"https:\/\/kibrisdakik.com\/?p=72239#breadcrumb"},"inLanguage":"tr","potentialAction":[{"@type":"ReadAction","target":["https:\/\/kibrisdakik.com\/?p=72239"]}]},{"@type":"ImageObject","inLanguage":"tr","@id":"https:\/\/kibrisdakik.com\/?p=72239#primaryimage","url":"https:\/\/kibrisdakik.com\/wp-content\/uploads\/2024\/12\/WhatsApp-Image-2024-12-24-at-09.07.56-scaled-740x420.jpeg","contentUrl":"https:\/\/kibrisdakik.com\/wp-content\/uploads\/2024\/12\/WhatsApp-Image-2024-12-24-at-09.07.56-scaled-740x420.jpeg","width":2560,"height":1920},{"@type":"BreadcrumbList","@id":"https:\/\/kibrisdakik.com\/?p=72239#breadcrumb","itemListElement":[{"@type":"ListItem","position":1,"name":"Home","item":"https:\/\/kibrisdakik.com\/"},{"@type":"ListItem","position":2,"name":"\u015eampiyon Melekleri Ya\u015fatma Derne\u011fi Ba\u015fkan\u0131 Karakaya:Sorumlular derhal yarg\u0131lanmal\u0131d\u0131r"}]},{"@type":"WebSite","@id":"https:\/\/kibrisdakik.com\/#website","url":"https:\/\/kibrisdakik.com\/","name":"","description":"Tam vaktinde haber","potentialAction":[{"@type":"SearchAction","target":{"@type":"EntryPoint","urlTemplate":"https:\/\/kibrisdakik.com\/?s={search_term_string}"},"query-input":{"@type":"PropertyValueSpecification","valueRequired":true,"valueName":"search_term_string"}}],"inLanguage":"tr"},{"@type":"Person","@id":"https:\/\/kibrisdakik.com\/#\/schema\/person\/9cd9d437bbb44f72b73ba127e06d8e79","name":"admin","image":{"@type":"ImageObject","inLanguage":"tr","@id":"https:\/\/secure.gravatar.com\/avatar\/ccc17943b9d660506c869530f897617f7cb1c21a4bf30023f252596d83e1f007?s=96&d=mm&r=g","url":"https:\/\/secure.gravatar.com\/avatar\/ccc17943b9d660506c869530f897617f7cb1c21a4bf30023f252596d83e1f007?s=96&d=mm&r=g","contentUrl":"https:\/\/secure.gravatar.com\/avatar\/ccc17943b9d660506c869530f897617f7cb1c21a4bf30023f252596d83e1f007?s=96&d=mm&r=g","caption":"admin"},"sameAs":["https:\/\/kibrisdakik.com"],"url":"https:\/\/kibrisdakik.com\/?author=1"}]}},"_links":{"self":[{"href":"https:\/\/kibrisdakik.com\/index.php?rest_route=\/wp\/v2\/posts\/72239","targetHints":{"allow":["GET"]}}],"collection":[{"href":"https:\/\/kibrisdakik.com\/index.php?rest_route=\/wp\/v2\/posts"}],"about":[{"href":"https:\/\/kibrisdakik.com\/index.php?rest_route=\/wp\/v2\/types\/post"}],"author":[{"embeddable":true,"href":"https:\/\/kibrisdakik.com\/index.php?rest_route=\/wp\/v2\/users\/1"}],"replies":[{"embeddable":true,"href":"https:\/\/kibrisdakik.com\/index.php?rest_route=%2Fwp%2Fv2%2Fcomments&post=72239"}],"version-history":[{"count":0,"href":"https:\/\/kibrisdakik.com\/index.php?rest_route=\/wp\/v2\/posts\/72239\/revisions"}],"wp:featuredmedia":[{"embeddable":true,"href":"https:\/\/kibrisdakik.com\/index.php?rest_route=\/wp\/v2\/media\/72240"}],"wp:attachment":[{"href":"https:\/\/kibrisdakik.com\/index.php?rest_route=%2Fwp%2Fv2%2Fmedia&parent=72239"}],"wp:term":[{"taxonomy":"category","embeddable":true,"href":"https:\/\/kibrisdakik.com\/index.php?rest_route=%2Fwp%2Fv2%2Fcategories&post=72239"},{"taxonomy":"post_tag","embeddable":true,"href":"https:\/\/kibrisdakik.com\/index.php?rest_route=%2Fwp%2Fv2%2Ftags&post=72239"}],"curies":[{"name":"wp","href":"https:\/\/api.w.org\/{rel}","templated":true}]}}