{"id":72427,"date":"2024-12-25T20:20:51","date_gmt":"2024-12-25T17:20:51","guid":{"rendered":"https:\/\/kibrisdakik.com\/index.php\/2024\/12\/25\/basbakan-yardimcisi-ataoglu-brtknin-61-yildonumunu-kutladi\/"},"modified":"2024-12-25T20:20:51","modified_gmt":"2024-12-25T17:20:51","slug":"basbakan-yardimcisi-ataoglu-brtknin-61-yildonumunu-kutladi","status":"publish","type":"post","link":"https:\/\/kibrisdakik.com\/?p=72427","title":{"rendered":"Ba\u015fbakan Yard\u0131mc\u0131s\u0131 Atao\u011flu, BRTK\u2019n\u0131n 61. y\u0131ld\u00f6n\u00fcm\u00fcn\u00fc kutlad\u0131"},"content":{"rendered":"<div>\n<div class=\"mariselle-image-container center\">\n                                            <\/div>\n<p> Ba\u015fbakan Yard\u0131mc\u0131s\u0131, Turizm, K\u00fclt\u00fcr, Gen\u00e7lik ve \u00c7evre Bakan\u0131, DP Genel Ba\u015fkan\u0131 Fikri Atao\u011flu, Kuzey K\u0131br\u0131s T\u00fcrk Cumhuriyeti\u2019nin sesini d\u00fcnyaya duyuran Bayrak Radyo Televizyon Kurumu\u2019nun (BRTK) 61\u2019inci kurulu\u015f y\u0131ld\u00f6n\u00fcm\u00fcn\u00fc kutlad\u0131.<\/p>\n<p>Atao\u011flu, mesaj\u0131nda, \u201cBRTK, kurulu\u015fundan bu yana halk\u0131n haber alma \u00f6zg\u00fcrl\u00fc\u011f\u00fcn\u00fc en iyi \u015fekilde sa\u011flayarak, k\u00fclt\u00fcr\u00fcm\u00fcz\u00fc, tarihimizi ve de\u011ferlerimizi gelecek nesillere ta\u015f\u0131yan \u00f6nemli bir k\u00f6pr\u00fc olmu\u015ftur. 61 y\u0131ll\u0131k bu yolculukta \u00f6zveriyle \u00e7al\u0131\u015fan t\u00fcm y\u00f6netici ve \u00e7al\u0131\u015fanlar\u0131 kutluyor; ba\u015far\u0131lar\u0131n\u0131n artarak devam etmesini diliyorum. Nice ba\u015far\u0131l\u0131 y\u0131llara\u201d ifadelerini kulland\u0131.<\/p>\n<\/p><\/div>\n<p><script async\n                    defer\n                    crossorigin=\"anonymous\"\n                    src=\"https:\/\/connect.facebook.net\/tr_TR\/sdk.js#xfbml=1&#038;version=v3.3\"\n            ><\/script><\/p>\n","protected":false},"excerpt":{"rendered":"<p>Ba\u015fbakan Yard\u0131mc\u0131s\u0131, Turizm, K\u00fclt\u00fcr, Gen\u00e7lik ve \u00c7evre Bakan\u0131, DP Genel Ba\u015fkan\u0131 Fikri Atao\u011flu, Kuzey K\u0131br\u0131s T\u00fcrk Cumhuriyeti\u2019nin sesini d\u00fcnyaya duyuran Bayrak Radyo Televizyon Kurumu\u2019nun (BRTK) 61\u2019inci kurulu\u015f y\u0131ld\u00f6n\u00fcm\u00fcn\u00fc kutlad\u0131. Atao\u011flu, mesaj\u0131nda, \u201cBRTK, kurulu\u015fundan bu yana halk\u0131n haber alma \u00f6zg\u00fcrl\u00fc\u011f\u00fcn\u00fc en iyi \u015fekilde sa\u011flayarak, k\u00fclt\u00fcr\u00fcm\u00fcz\u00fc, tarihimizi ve de\u011ferlerimizi gelecek nesillere ta\u015f\u0131yan \u00f6nemli bir k\u00f6pr\u00fc olmu\u015ftur. 61<\/p>\n","protected":false},"author":1,"featured_media":72428,"comment_status":"open","ping_status":"open","sticky":false,"template":"","format":"standard","meta":{"footnotes":""},"categories":[81],"tags":[],"class_list":["post-72427","post","type-post","status-publish","format-standard","has-post-thumbnail","hentry","category-kibris"],"yoast_head":"<!-- This site is optimized with the Yoast SEO plugin v27.5 - https:\/\/yoast.com\/product\/yoast-seo-wordpress\/ -->\n<title>Ba\u015fbakan Yard\u0131mc\u0131s\u0131 Atao\u011flu, BRTK\u2019n\u0131n 61. y\u0131ld\u00f6n\u00fcm\u00fcn\u00fc kutlad\u0131 -<\/title>\n<meta name=\"robots\" content=\"index, follow, max-snippet:-1, max-image-preview:large, max-video-preview:-1\" \/>\n<link rel=\"canonical\" href=\"https:\/\/kibrisdakik.com\/?p=72427\" \/>\n<meta property=\"og:locale\" content=\"tr_TR\" \/>\n<meta property=\"og:type\" content=\"article\" \/>\n<meta property=\"og:title\" content=\"Ba\u015fbakan Yard\u0131mc\u0131s\u0131 Atao\u011flu, BRTK\u2019n\u0131n 61. y\u0131ld\u00f6n\u00fcm\u00fcn\u00fc kutlad\u0131 -\" \/>\n<meta property=\"og:description\" content=\"Ba\u015fbakan Yard\u0131mc\u0131s\u0131, Turizm, K\u00fclt\u00fcr, Gen\u00e7lik ve \u00c7evre Bakan\u0131, DP Genel Ba\u015fkan\u0131 Fikri Atao\u011flu, Kuzey K\u0131br\u0131s T\u00fcrk Cumhuriyeti\u2019nin sesini d\u00fcnyaya duyuran Bayrak Radyo Televizyon Kurumu\u2019nun (BRTK) 61\u2019inci kurulu\u015f y\u0131ld\u00f6n\u00fcm\u00fcn\u00fc kutlad\u0131. Atao\u011flu, mesaj\u0131nda, \u201cBRTK, kurulu\u015fundan bu yana halk\u0131n haber alma \u00f6zg\u00fcrl\u00fc\u011f\u00fcn\u00fc en iyi \u015fekilde sa\u011flayarak, k\u00fclt\u00fcr\u00fcm\u00fcz\u00fc, tarihimizi ve de\u011ferlerimizi gelecek nesillere ta\u015f\u0131yan \u00f6nemli bir k\u00f6pr\u00fc olmu\u015ftur. 61\" \/>\n<meta property=\"og:url\" content=\"https:\/\/kibrisdakik.com\/?p=72427\" \/>\n<meta property=\"article:published_time\" content=\"2024-12-25T17:20:51+00:00\" \/>\n<meta property=\"og:image\" content=\"https:\/\/kibrisdakik.com\/wp-content\/uploads\/2024\/12\/fikri-ataoglu-scaled-1.webp-740x420.webp\" \/>\n\t<meta property=\"og:image:width\" content=\"1280\" \/>\n\t<meta property=\"og:image:height\" content=\"720\" \/>\n\t<meta property=\"og:image:type\" content=\"image\/webp\" \/>\n<meta name=\"author\" content=\"admin\" \/>\n<meta name=\"twitter:card\" content=\"summary_large_image\" \/>\n<meta name=\"twitter:label1\" content=\"Yazan:\" \/>\n\t<meta name=\"twitter:data1\" content=\"admin\" \/>\n\t<meta name=\"twitter:label2\" content=\"Tahmini okuma s\u00fcresi\" \/>\n\t<meta name=\"twitter:data2\" content=\"1 dakika\" \/>\n<script type=\"application\/ld+json\" class=\"yoast-schema-graph\">{\"@context\":\"https:\\\/\\\/schema.org\",\"@graph\":[{\"@type\":\"Article\",\"@id\":\"https:\\\/\\\/kibrisdakik.com\\\/?p=72427#article\",\"isPartOf\":{\"@id\":\"https:\\\/\\\/kibrisdakik.com\\\/?p=72427\"},\"author\":{\"name\":\"admin\",\"@id\":\"https:\\\/\\\/kibrisdakik.com\\\/#\\\/schema\\\/person\\\/9cd9d437bbb44f72b73ba127e06d8e79\"},\"headline\":\"Ba\u015fbakan Yard\u0131mc\u0131s\u0131 Atao\u011flu, BRTK\u2019n\u0131n 61. y\u0131ld\u00f6n\u00fcm\u00fcn\u00fc kutlad\u0131\",\"datePublished\":\"2024-12-25T17:20:51+00:00\",\"mainEntityOfPage\":{\"@id\":\"https:\\\/\\\/kibrisdakik.com\\\/?p=72427\"},\"wordCount\":136,\"commentCount\":0,\"image\":{\"@id\":\"https:\\\/\\\/kibrisdakik.com\\\/?p=72427#primaryimage\"},\"thumbnailUrl\":\"https:\\\/\\\/kibrisdakik.com\\\/wp-content\\\/uploads\\\/2024\\\/12\\\/fikri-ataoglu-scaled-1.webp-740x420.webp\",\"articleSection\":[\"K\u0131br\u0131s\"],\"inLanguage\":\"tr\",\"potentialAction\":[{\"@type\":\"CommentAction\",\"name\":\"Comment\",\"target\":[\"https:\\\/\\\/kibrisdakik.com\\\/?p=72427#respond\"]}]},{\"@type\":\"WebPage\",\"@id\":\"https:\\\/\\\/kibrisdakik.com\\\/?p=72427\",\"url\":\"https:\\\/\\\/kibrisdakik.com\\\/?p=72427\",\"name\":\"Ba\u015fbakan Yard\u0131mc\u0131s\u0131 Atao\u011flu, BRTK\u2019n\u0131n 61. y\u0131ld\u00f6n\u00fcm\u00fcn\u00fc kutlad\u0131 -\",\"isPartOf\":{\"@id\":\"https:\\\/\\\/kibrisdakik.com\\\/#website\"},\"primaryImageOfPage\":{\"@id\":\"https:\\\/\\\/kibrisdakik.com\\\/?p=72427#primaryimage\"},\"image\":{\"@id\":\"https:\\\/\\\/kibrisdakik.com\\\/?p=72427#primaryimage\"},\"thumbnailUrl\":\"https:\\\/\\\/kibrisdakik.com\\\/wp-content\\\/uploads\\\/2024\\\/12\\\/fikri-ataoglu-scaled-1.webp-740x420.webp\",\"datePublished\":\"2024-12-25T17:20:51+00:00\",\"author\":{\"@id\":\"https:\\\/\\\/kibrisdakik.com\\\/#\\\/schema\\\/person\\\/9cd9d437bbb44f72b73ba127e06d8e79\"},\"breadcrumb\":{\"@id\":\"https:\\\/\\\/kibrisdakik.com\\\/?p=72427#breadcrumb\"},\"inLanguage\":\"tr\",\"potentialAction\":[{\"@type\":\"ReadAction\",\"target\":[\"https:\\\/\\\/kibrisdakik.com\\\/?p=72427\"]}]},{\"@type\":\"ImageObject\",\"inLanguage\":\"tr\",\"@id\":\"https:\\\/\\\/kibrisdakik.com\\\/?p=72427#primaryimage\",\"url\":\"https:\\\/\\\/kibrisdakik.com\\\/wp-content\\\/uploads\\\/2024\\\/12\\\/fikri-ataoglu-scaled-1.webp-740x420.webp\",\"contentUrl\":\"https:\\\/\\\/kibrisdakik.com\\\/wp-content\\\/uploads\\\/2024\\\/12\\\/fikri-ataoglu-scaled-1.webp-740x420.webp\",\"width\":1280,\"height\":720},{\"@type\":\"BreadcrumbList\",\"@id\":\"https:\\\/\\\/kibrisdakik.com\\\/?p=72427#breadcrumb\",\"itemListElement\":[{\"@type\":\"ListItem\",\"position\":1,\"name\":\"Home\",\"item\":\"https:\\\/\\\/kibrisdakik.com\\\/\"},{\"@type\":\"ListItem\",\"position\":2,\"name\":\"Ba\u015fbakan Yard\u0131mc\u0131s\u0131 Atao\u011flu, BRTK\u2019n\u0131n 61. y\u0131ld\u00f6n\u00fcm\u00fcn\u00fc kutlad\u0131\"}]},{\"@type\":\"WebSite\",\"@id\":\"https:\\\/\\\/kibrisdakik.com\\\/#website\",\"url\":\"https:\\\/\\\/kibrisdakik.com\\\/\",\"name\":\"\",\"description\":\"Tam vaktinde haber\",\"potentialAction\":[{\"@type\":\"SearchAction\",\"target\":{\"@type\":\"EntryPoint\",\"urlTemplate\":\"https:\\\/\\\/kibrisdakik.com\\\/?s={search_term_string}\"},\"query-input\":{\"@type\":\"PropertyValueSpecification\",\"valueRequired\":true,\"valueName\":\"search_term_string\"}}],\"inLanguage\":\"tr\"},{\"@type\":\"Person\",\"@id\":\"https:\\\/\\\/kibrisdakik.com\\\/#\\\/schema\\\/person\\\/9cd9d437bbb44f72b73ba127e06d8e79\",\"name\":\"admin\",\"image\":{\"@type\":\"ImageObject\",\"inLanguage\":\"tr\",\"@id\":\"https:\\\/\\\/secure.gravatar.com\\\/avatar\\\/ccc17943b9d660506c869530f897617f7cb1c21a4bf30023f252596d83e1f007?s=96&d=mm&r=g\",\"url\":\"https:\\\/\\\/secure.gravatar.com\\\/avatar\\\/ccc17943b9d660506c869530f897617f7cb1c21a4bf30023f252596d83e1f007?s=96&d=mm&r=g\",\"contentUrl\":\"https:\\\/\\\/secure.gravatar.com\\\/avatar\\\/ccc17943b9d660506c869530f897617f7cb1c21a4bf30023f252596d83e1f007?s=96&d=mm&r=g\",\"caption\":\"admin\"},\"sameAs\":[\"https:\\\/\\\/kibrisdakik.com\"],\"url\":\"https:\\\/\\\/kibrisdakik.com\\\/?author=1\"}]}<\/script>\n<!-- \/ Yoast SEO plugin. -->","yoast_head_json":{"title":"Ba\u015fbakan Yard\u0131mc\u0131s\u0131 Atao\u011flu, BRTK\u2019n\u0131n 61. y\u0131ld\u00f6n\u00fcm\u00fcn\u00fc kutlad\u0131 -","robots":{"index":"index","follow":"follow","max-snippet":"max-snippet:-1","max-image-preview":"max-image-preview:large","max-video-preview":"max-video-preview:-1"},"canonical":"https:\/\/kibrisdakik.com\/?p=72427","og_locale":"tr_TR","og_type":"article","og_title":"Ba\u015fbakan Yard\u0131mc\u0131s\u0131 Atao\u011flu, BRTK\u2019n\u0131n 61. y\u0131ld\u00f6n\u00fcm\u00fcn\u00fc kutlad\u0131 -","og_description":"Ba\u015fbakan Yard\u0131mc\u0131s\u0131, Turizm, K\u00fclt\u00fcr, Gen\u00e7lik ve \u00c7evre Bakan\u0131, DP Genel Ba\u015fkan\u0131 Fikri Atao\u011flu, Kuzey K\u0131br\u0131s T\u00fcrk Cumhuriyeti\u2019nin sesini d\u00fcnyaya duyuran Bayrak Radyo Televizyon Kurumu\u2019nun (BRTK) 61\u2019inci kurulu\u015f y\u0131ld\u00f6n\u00fcm\u00fcn\u00fc kutlad\u0131. Atao\u011flu, mesaj\u0131nda, \u201cBRTK, kurulu\u015fundan bu yana halk\u0131n haber alma \u00f6zg\u00fcrl\u00fc\u011f\u00fcn\u00fc en iyi \u015fekilde sa\u011flayarak, k\u00fclt\u00fcr\u00fcm\u00fcz\u00fc, tarihimizi ve de\u011ferlerimizi gelecek nesillere ta\u015f\u0131yan \u00f6nemli bir k\u00f6pr\u00fc olmu\u015ftur. 61","og_url":"https:\/\/kibrisdakik.com\/?p=72427","article_published_time":"2024-12-25T17:20:51+00:00","og_image":[{"width":1280,"height":720,"url":"https:\/\/kibrisdakik.com\/wp-content\/uploads\/2024\/12\/fikri-ataoglu-scaled-1.webp-740x420.webp","type":"image\/webp"}],"author":"admin","twitter_card":"summary_large_image","twitter_misc":{"Yazan:":"admin","Tahmini okuma s\u00fcresi":"1 dakika"},"schema":{"@context":"https:\/\/schema.org","@graph":[{"@type":"Article","@id":"https:\/\/kibrisdakik.com\/?p=72427#article","isPartOf":{"@id":"https:\/\/kibrisdakik.com\/?p=72427"},"author":{"name":"admin","@id":"https:\/\/kibrisdakik.com\/#\/schema\/person\/9cd9d437bbb44f72b73ba127e06d8e79"},"headline":"Ba\u015fbakan Yard\u0131mc\u0131s\u0131 Atao\u011flu, BRTK\u2019n\u0131n 61. y\u0131ld\u00f6n\u00fcm\u00fcn\u00fc kutlad\u0131","datePublished":"2024-12-25T17:20:51+00:00","mainEntityOfPage":{"@id":"https:\/\/kibrisdakik.com\/?p=72427"},"wordCount":136,"commentCount":0,"image":{"@id":"https:\/\/kibrisdakik.com\/?p=72427#primaryimage"},"thumbnailUrl":"https:\/\/kibrisdakik.com\/wp-content\/uploads\/2024\/12\/fikri-ataoglu-scaled-1.webp-740x420.webp","articleSection":["K\u0131br\u0131s"],"inLanguage":"tr","potentialAction":[{"@type":"CommentAction","name":"Comment","target":["https:\/\/kibrisdakik.com\/?p=72427#respond"]}]},{"@type":"WebPage","@id":"https:\/\/kibrisdakik.com\/?p=72427","url":"https:\/\/kibrisdakik.com\/?p=72427","name":"Ba\u015fbakan Yard\u0131mc\u0131s\u0131 Atao\u011flu, BRTK\u2019n\u0131n 61. y\u0131ld\u00f6n\u00fcm\u00fcn\u00fc kutlad\u0131 -","isPartOf":{"@id":"https:\/\/kibrisdakik.com\/#website"},"primaryImageOfPage":{"@id":"https:\/\/kibrisdakik.com\/?p=72427#primaryimage"},"image":{"@id":"https:\/\/kibrisdakik.com\/?p=72427#primaryimage"},"thumbnailUrl":"https:\/\/kibrisdakik.com\/wp-content\/uploads\/2024\/12\/fikri-ataoglu-scaled-1.webp-740x420.webp","datePublished":"2024-12-25T17:20:51+00:00","author":{"@id":"https:\/\/kibrisdakik.com\/#\/schema\/person\/9cd9d437bbb44f72b73ba127e06d8e79"},"breadcrumb":{"@id":"https:\/\/kibrisdakik.com\/?p=72427#breadcrumb"},"inLanguage":"tr","potentialAction":[{"@type":"ReadAction","target":["https:\/\/kibrisdakik.com\/?p=72427"]}]},{"@type":"ImageObject","inLanguage":"tr","@id":"https:\/\/kibrisdakik.com\/?p=72427#primaryimage","url":"https:\/\/kibrisdakik.com\/wp-content\/uploads\/2024\/12\/fikri-ataoglu-scaled-1.webp-740x420.webp","contentUrl":"https:\/\/kibrisdakik.com\/wp-content\/uploads\/2024\/12\/fikri-ataoglu-scaled-1.webp-740x420.webp","width":1280,"height":720},{"@type":"BreadcrumbList","@id":"https:\/\/kibrisdakik.com\/?p=72427#breadcrumb","itemListElement":[{"@type":"ListItem","position":1,"name":"Home","item":"https:\/\/kibrisdakik.com\/"},{"@type":"ListItem","position":2,"name":"Ba\u015fbakan Yard\u0131mc\u0131s\u0131 Atao\u011flu, BRTK\u2019n\u0131n 61. y\u0131ld\u00f6n\u00fcm\u00fcn\u00fc kutlad\u0131"}]},{"@type":"WebSite","@id":"https:\/\/kibrisdakik.com\/#website","url":"https:\/\/kibrisdakik.com\/","name":"","description":"Tam vaktinde haber","potentialAction":[{"@type":"SearchAction","target":{"@type":"EntryPoint","urlTemplate":"https:\/\/kibrisdakik.com\/?s={search_term_string}"},"query-input":{"@type":"PropertyValueSpecification","valueRequired":true,"valueName":"search_term_string"}}],"inLanguage":"tr"},{"@type":"Person","@id":"https:\/\/kibrisdakik.com\/#\/schema\/person\/9cd9d437bbb44f72b73ba127e06d8e79","name":"admin","image":{"@type":"ImageObject","inLanguage":"tr","@id":"https:\/\/secure.gravatar.com\/avatar\/ccc17943b9d660506c869530f897617f7cb1c21a4bf30023f252596d83e1f007?s=96&d=mm&r=g","url":"https:\/\/secure.gravatar.com\/avatar\/ccc17943b9d660506c869530f897617f7cb1c21a4bf30023f252596d83e1f007?s=96&d=mm&r=g","contentUrl":"https:\/\/secure.gravatar.com\/avatar\/ccc17943b9d660506c869530f897617f7cb1c21a4bf30023f252596d83e1f007?s=96&d=mm&r=g","caption":"admin"},"sameAs":["https:\/\/kibrisdakik.com"],"url":"https:\/\/kibrisdakik.com\/?author=1"}]}},"_links":{"self":[{"href":"https:\/\/kibrisdakik.com\/index.php?rest_route=\/wp\/v2\/posts\/72427","targetHints":{"allow":["GET"]}}],"collection":[{"href":"https:\/\/kibrisdakik.com\/index.php?rest_route=\/wp\/v2\/posts"}],"about":[{"href":"https:\/\/kibrisdakik.com\/index.php?rest_route=\/wp\/v2\/types\/post"}],"author":[{"embeddable":true,"href":"https:\/\/kibrisdakik.com\/index.php?rest_route=\/wp\/v2\/users\/1"}],"replies":[{"embeddable":true,"href":"https:\/\/kibrisdakik.com\/index.php?rest_route=%2Fwp%2Fv2%2Fcomments&post=72427"}],"version-history":[{"count":0,"href":"https:\/\/kibrisdakik.com\/index.php?rest_route=\/wp\/v2\/posts\/72427\/revisions"}],"wp:featuredmedia":[{"embeddable":true,"href":"https:\/\/kibrisdakik.com\/index.php?rest_route=\/wp\/v2\/media\/72428"}],"wp:attachment":[{"href":"https:\/\/kibrisdakik.com\/index.php?rest_route=%2Fwp%2Fv2%2Fmedia&parent=72427"}],"wp:term":[{"taxonomy":"category","embeddable":true,"href":"https:\/\/kibrisdakik.com\/index.php?rest_route=%2Fwp%2Fv2%2Fcategories&post=72427"},{"taxonomy":"post_tag","embeddable":true,"href":"https:\/\/kibrisdakik.com\/index.php?rest_route=%2Fwp%2Fv2%2Ftags&post=72427"}],"curies":[{"name":"wp","href":"https:\/\/api.w.org\/{rel}","templated":true}]}}