{"id":72460,"date":"2024-12-26T16:22:47","date_gmt":"2024-12-26T13:22:47","guid":{"rendered":"https:\/\/kibrisdakik.com\/index.php\/2024\/12\/26\/dincyurekbrtk-her-zaman-kibris-turkunun-hakli-davasini-en-etkili-sekilde-dunyaya-duyurmayi-surdurmus-en-zor-en-karanlik-gunlerinde-toplumun-sesi-olmustur\/"},"modified":"2024-12-26T16:22:47","modified_gmt":"2024-12-26T13:22:47","slug":"dincyurekbrtk-her-zaman-kibris-turkunun-hakli-davasini-en-etkili-sekilde-dunyaya-duyurmayi-surdurmus-en-zor-en-karanlik-gunlerinde-toplumun-sesi-olmustur","status":"publish","type":"post","link":"https:\/\/kibrisdakik.com\/?p=72460","title":{"rendered":"Din\u00e7y\u00fcrek:BRTK, her zaman K\u0131br\u0131s T\u00fcrk\u00fc\u2019n\u00fcn hakl\u0131 davas\u0131n\u0131 en etkili \u015fekilde d\u00fcnyaya duyurmay\u0131 s\u00fcrd\u00fcrm\u00fc\u015f, en zor en karanl\u0131k g\u00fcnlerinde toplumun sesi olmu\u015ftur"},"content":{"rendered":"<div>\n<div class=\"mariselle-image-container center\">\n                                            <\/div>\n<p>Sa\u011fl\u0131k Bakan\u0131 Dr. Hakan Din\u00e7y\u00fcrek, Bayrak Radyo Televizyon Kurumu\u2019nun 61.y\u0131l d\u00f6n\u00fcm\u00fc nedeniyle mesaj yay\u0131mlad\u0131. <\/p>\n<p>Bakan Din\u00e7y\u00fcrek, \u015fu ifadeleri kulland\u0131; <\/p>\n<p>\u201c Bayrak Radyo Televizyon Kurumu, kuruldu\u011fu g\u00fcnden bu yana K\u0131br\u0131s T\u00fcrk halk\u0131n\u0131n k\u00fclt\u00fcr\u00fcn\u00fc, tarihini ve de\u011ferlerini gelecek nesillere aktarma g\u00f6revini ba\u015far\u0131yla yerine getirmi\u015ftir. BRTK, her zaman K\u0131br\u0131s T\u00fcrk\u00fc\u2019n\u00fcn hakl\u0131 davas\u0131n\u0131 en etkili \u015fekilde d\u00fcnyaya duyurmay\u0131 s\u00fcrd\u00fcrm\u00fc\u015f, en zor en karanl\u0131k g\u00fcnlerinde toplumun sesi olmu\u015ftur. <\/p>\n<p>\u00c7a\u011f\u0131n gereklerine uygun \u015fekilde geli\u015fimini s\u00fcrd\u00fcren ve teknolojik yeniliklerle kendini s\u00fcrekli yenileyen kurum, tarafs\u0131z yay\u0131nc\u0131l\u0131\u011f\u0131yla topluma hizmet etmeye devam etmektedir. <\/p>\n<p>Bu vesileyle, BRTK\u2019n\u0131n kurulu\u015fundan bug\u00fcne emek veren, katk\u0131 sa\u011flayan ve aram\u0131zdan ayr\u0131lan t\u00fcm \u00e7al\u0131\u015fanlar\u0131n\u0131 ve y\u00f6neticilerini sayg\u0131yla an\u0131yor; halen bu g\u00f6revi s\u00fcrd\u00fcren t\u00fcm ekip \u00fcyelerini y\u00fcrekten tebrik ediyorum. Halk\u0131m\u0131z\u0131 bilgilendirmek, ayd\u0131nlatmak ve birle\u015ftirmek ad\u0131na \u00f6zveriyle \u00e7al\u0131\u015fan BRTK ailesine te\u015fekk\u00fcr eder, ba\u015far\u0131lar\u0131n\u0131n devam\u0131n\u0131 dilerim.\u201d<\/p>\n<\/p><\/div>\n<p><script async\n                    defer\n                    crossorigin=\"anonymous\"\n                    src=\"https:\/\/connect.facebook.net\/tr_TR\/sdk.js#xfbml=1&#038;version=v3.3\"\n            ><\/script><\/p>\n","protected":false},"excerpt":{"rendered":"<p>Sa\u011fl\u0131k Bakan\u0131 Dr. Hakan Din\u00e7y\u00fcrek, Bayrak Radyo Televizyon Kurumu\u2019nun 61.y\u0131l d\u00f6n\u00fcm\u00fc nedeniyle mesaj yay\u0131mlad\u0131. Bakan Din\u00e7y\u00fcrek, \u015fu ifadeleri kulland\u0131; \u201c Bayrak Radyo Televizyon Kurumu, kuruldu\u011fu g\u00fcnden bu yana K\u0131br\u0131s T\u00fcrk halk\u0131n\u0131n k\u00fclt\u00fcr\u00fcn\u00fc, tarihini ve de\u011ferlerini gelecek nesillere aktarma g\u00f6revini ba\u015far\u0131yla yerine getirmi\u015ftir. BRTK, her zaman K\u0131br\u0131s T\u00fcrk\u00fc\u2019n\u00fcn hakl\u0131 davas\u0131n\u0131 en etkili \u015fekilde d\u00fcnyaya duyurmay\u0131 s\u00fcrd\u00fcrm\u00fc\u015f,<\/p>\n","protected":false},"author":1,"featured_media":49912,"comment_status":"open","ping_status":"open","sticky":false,"template":"","format":"standard","meta":{"footnotes":""},"categories":[81],"tags":[],"class_list":["post-72460","post","type-post","status-publish","format-standard","has-post-thumbnail","hentry","category-kibris"],"yoast_head":"<!-- This site is optimized with the Yoast SEO plugin v27.5 - https:\/\/yoast.com\/product\/yoast-seo-wordpress\/ -->\n<title>Din\u00e7y\u00fcrek:BRTK, her zaman K\u0131br\u0131s T\u00fcrk\u00fc\u2019n\u00fcn hakl\u0131 davas\u0131n\u0131 en etkili \u015fekilde d\u00fcnyaya duyurmay\u0131 s\u00fcrd\u00fcrm\u00fc\u015f, en zor en karanl\u0131k g\u00fcnlerinde toplumun sesi olmu\u015ftur -<\/title>\n<meta name=\"robots\" content=\"index, follow, max-snippet:-1, max-image-preview:large, max-video-preview:-1\" \/>\n<link rel=\"canonical\" href=\"https:\/\/kibrisdakik.com\/?p=72460\" \/>\n<meta property=\"og:locale\" content=\"tr_TR\" \/>\n<meta property=\"og:type\" content=\"article\" \/>\n<meta property=\"og:title\" content=\"Din\u00e7y\u00fcrek:BRTK, her zaman K\u0131br\u0131s T\u00fcrk\u00fc\u2019n\u00fcn hakl\u0131 davas\u0131n\u0131 en etkili \u015fekilde d\u00fcnyaya duyurmay\u0131 s\u00fcrd\u00fcrm\u00fc\u015f, en zor en karanl\u0131k g\u00fcnlerinde toplumun sesi olmu\u015ftur -\" \/>\n<meta property=\"og:description\" content=\"Sa\u011fl\u0131k Bakan\u0131 Dr. Hakan Din\u00e7y\u00fcrek, Bayrak Radyo Televizyon Kurumu\u2019nun 61.y\u0131l d\u00f6n\u00fcm\u00fc nedeniyle mesaj yay\u0131mlad\u0131. Bakan Din\u00e7y\u00fcrek, \u015fu ifadeleri kulland\u0131; \u201c Bayrak Radyo Televizyon Kurumu, kuruldu\u011fu g\u00fcnden bu yana K\u0131br\u0131s T\u00fcrk halk\u0131n\u0131n k\u00fclt\u00fcr\u00fcn\u00fc, tarihini ve de\u011ferlerini gelecek nesillere aktarma g\u00f6revini ba\u015far\u0131yla yerine getirmi\u015ftir. BRTK, her zaman K\u0131br\u0131s T\u00fcrk\u00fc\u2019n\u00fcn hakl\u0131 davas\u0131n\u0131 en etkili \u015fekilde d\u00fcnyaya duyurmay\u0131 s\u00fcrd\u00fcrm\u00fc\u015f,\" \/>\n<meta property=\"og:url\" content=\"https:\/\/kibrisdakik.com\/?p=72460\" \/>\n<meta property=\"article:published_time\" content=\"2024-12-26T13:22:47+00:00\" \/>\n<meta property=\"og:image\" content=\"https:\/\/kibrisdakik.com\/wp-content\/uploads\/2024\/07\/7222qq3lsiok-hakan-dincyurek-.jpg\" \/>\n\t<meta property=\"og:image:width\" content=\"720\" \/>\n\t<meta property=\"og:image:height\" content=\"405\" \/>\n\t<meta property=\"og:image:type\" content=\"image\/jpeg\" \/>\n<meta name=\"author\" content=\"admin\" \/>\n<meta name=\"twitter:card\" content=\"summary_large_image\" \/>\n<meta name=\"twitter:label1\" content=\"Yazan:\" \/>\n\t<meta name=\"twitter:data1\" content=\"admin\" \/>\n\t<meta name=\"twitter:label2\" content=\"Tahmini okuma s\u00fcresi\" \/>\n\t<meta name=\"twitter:data2\" content=\"1 dakika\" \/>\n<script type=\"application\/ld+json\" class=\"yoast-schema-graph\">{\"@context\":\"https:\\\/\\\/schema.org\",\"@graph\":[{\"@type\":\"Article\",\"@id\":\"https:\\\/\\\/kibrisdakik.com\\\/?p=72460#article\",\"isPartOf\":{\"@id\":\"https:\\\/\\\/kibrisdakik.com\\\/?p=72460\"},\"author\":{\"name\":\"admin\",\"@id\":\"https:\\\/\\\/kibrisdakik.com\\\/#\\\/schema\\\/person\\\/9cd9d437bbb44f72b73ba127e06d8e79\"},\"headline\":\"Din\u00e7y\u00fcrek:BRTK, her zaman K\u0131br\u0131s T\u00fcrk\u00fc\u2019n\u00fcn hakl\u0131 davas\u0131n\u0131 en etkili \u015fekilde d\u00fcnyaya duyurmay\u0131 s\u00fcrd\u00fcrm\u00fc\u015f, en zor en karanl\u0131k g\u00fcnlerinde toplumun sesi olmu\u015ftur\",\"datePublished\":\"2024-12-26T13:22:47+00:00\",\"mainEntityOfPage\":{\"@id\":\"https:\\\/\\\/kibrisdakik.com\\\/?p=72460\"},\"wordCount\":239,\"commentCount\":0,\"image\":{\"@id\":\"https:\\\/\\\/kibrisdakik.com\\\/?p=72460#primaryimage\"},\"thumbnailUrl\":\"https:\\\/\\\/kibrisdakik.com\\\/wp-content\\\/uploads\\\/2024\\\/07\\\/7222qq3lsiok-hakan-dincyurek-.jpg\",\"articleSection\":[\"K\u0131br\u0131s\"],\"inLanguage\":\"tr\",\"potentialAction\":[{\"@type\":\"CommentAction\",\"name\":\"Comment\",\"target\":[\"https:\\\/\\\/kibrisdakik.com\\\/?p=72460#respond\"]}]},{\"@type\":\"WebPage\",\"@id\":\"https:\\\/\\\/kibrisdakik.com\\\/?p=72460\",\"url\":\"https:\\\/\\\/kibrisdakik.com\\\/?p=72460\",\"name\":\"Din\u00e7y\u00fcrek:BRTK, her zaman K\u0131br\u0131s T\u00fcrk\u00fc\u2019n\u00fcn hakl\u0131 davas\u0131n\u0131 en etkili \u015fekilde d\u00fcnyaya duyurmay\u0131 s\u00fcrd\u00fcrm\u00fc\u015f, en zor en karanl\u0131k g\u00fcnlerinde toplumun sesi olmu\u015ftur -\",\"isPartOf\":{\"@id\":\"https:\\\/\\\/kibrisdakik.com\\\/#website\"},\"primaryImageOfPage\":{\"@id\":\"https:\\\/\\\/kibrisdakik.com\\\/?p=72460#primaryimage\"},\"image\":{\"@id\":\"https:\\\/\\\/kibrisdakik.com\\\/?p=72460#primaryimage\"},\"thumbnailUrl\":\"https:\\\/\\\/kibrisdakik.com\\\/wp-content\\\/uploads\\\/2024\\\/07\\\/7222qq3lsiok-hakan-dincyurek-.jpg\",\"datePublished\":\"2024-12-26T13:22:47+00:00\",\"author\":{\"@id\":\"https:\\\/\\\/kibrisdakik.com\\\/#\\\/schema\\\/person\\\/9cd9d437bbb44f72b73ba127e06d8e79\"},\"breadcrumb\":{\"@id\":\"https:\\\/\\\/kibrisdakik.com\\\/?p=72460#breadcrumb\"},\"inLanguage\":\"tr\",\"potentialAction\":[{\"@type\":\"ReadAction\",\"target\":[\"https:\\\/\\\/kibrisdakik.com\\\/?p=72460\"]}]},{\"@type\":\"ImageObject\",\"inLanguage\":\"tr\",\"@id\":\"https:\\\/\\\/kibrisdakik.com\\\/?p=72460#primaryimage\",\"url\":\"https:\\\/\\\/kibrisdakik.com\\\/wp-content\\\/uploads\\\/2024\\\/07\\\/7222qq3lsiok-hakan-dincyurek-.jpg\",\"contentUrl\":\"https:\\\/\\\/kibrisdakik.com\\\/wp-content\\\/uploads\\\/2024\\\/07\\\/7222qq3lsiok-hakan-dincyurek-.jpg\",\"width\":720,\"height\":405},{\"@type\":\"BreadcrumbList\",\"@id\":\"https:\\\/\\\/kibrisdakik.com\\\/?p=72460#breadcrumb\",\"itemListElement\":[{\"@type\":\"ListItem\",\"position\":1,\"name\":\"Home\",\"item\":\"https:\\\/\\\/kibrisdakik.com\\\/\"},{\"@type\":\"ListItem\",\"position\":2,\"name\":\"Din\u00e7y\u00fcrek:BRTK, her zaman K\u0131br\u0131s T\u00fcrk\u00fc\u2019n\u00fcn hakl\u0131 davas\u0131n\u0131 en etkili \u015fekilde d\u00fcnyaya duyurmay\u0131 s\u00fcrd\u00fcrm\u00fc\u015f, en zor en karanl\u0131k g\u00fcnlerinde toplumun sesi olmu\u015ftur\"}]},{\"@type\":\"WebSite\",\"@id\":\"https:\\\/\\\/kibrisdakik.com\\\/#website\",\"url\":\"https:\\\/\\\/kibrisdakik.com\\\/\",\"name\":\"\",\"description\":\"Tam vaktinde haber\",\"potentialAction\":[{\"@type\":\"SearchAction\",\"target\":{\"@type\":\"EntryPoint\",\"urlTemplate\":\"https:\\\/\\\/kibrisdakik.com\\\/?s={search_term_string}\"},\"query-input\":{\"@type\":\"PropertyValueSpecification\",\"valueRequired\":true,\"valueName\":\"search_term_string\"}}],\"inLanguage\":\"tr\"},{\"@type\":\"Person\",\"@id\":\"https:\\\/\\\/kibrisdakik.com\\\/#\\\/schema\\\/person\\\/9cd9d437bbb44f72b73ba127e06d8e79\",\"name\":\"admin\",\"image\":{\"@type\":\"ImageObject\",\"inLanguage\":\"tr\",\"@id\":\"https:\\\/\\\/secure.gravatar.com\\\/avatar\\\/ccc17943b9d660506c869530f897617f7cb1c21a4bf30023f252596d83e1f007?s=96&d=mm&r=g\",\"url\":\"https:\\\/\\\/secure.gravatar.com\\\/avatar\\\/ccc17943b9d660506c869530f897617f7cb1c21a4bf30023f252596d83e1f007?s=96&d=mm&r=g\",\"contentUrl\":\"https:\\\/\\\/secure.gravatar.com\\\/avatar\\\/ccc17943b9d660506c869530f897617f7cb1c21a4bf30023f252596d83e1f007?s=96&d=mm&r=g\",\"caption\":\"admin\"},\"sameAs\":[\"https:\\\/\\\/kibrisdakik.com\"],\"url\":\"https:\\\/\\\/kibrisdakik.com\\\/?author=1\"}]}<\/script>\n<!-- \/ Yoast SEO plugin. -->","yoast_head_json":{"title":"Din\u00e7y\u00fcrek:BRTK, her zaman K\u0131br\u0131s T\u00fcrk\u00fc\u2019n\u00fcn hakl\u0131 davas\u0131n\u0131 en etkili \u015fekilde d\u00fcnyaya duyurmay\u0131 s\u00fcrd\u00fcrm\u00fc\u015f, en zor en karanl\u0131k g\u00fcnlerinde toplumun sesi olmu\u015ftur -","robots":{"index":"index","follow":"follow","max-snippet":"max-snippet:-1","max-image-preview":"max-image-preview:large","max-video-preview":"max-video-preview:-1"},"canonical":"https:\/\/kibrisdakik.com\/?p=72460","og_locale":"tr_TR","og_type":"article","og_title":"Din\u00e7y\u00fcrek:BRTK, her zaman K\u0131br\u0131s T\u00fcrk\u00fc\u2019n\u00fcn hakl\u0131 davas\u0131n\u0131 en etkili \u015fekilde d\u00fcnyaya duyurmay\u0131 s\u00fcrd\u00fcrm\u00fc\u015f, en zor en karanl\u0131k g\u00fcnlerinde toplumun sesi olmu\u015ftur -","og_description":"Sa\u011fl\u0131k Bakan\u0131 Dr. Hakan Din\u00e7y\u00fcrek, Bayrak Radyo Televizyon Kurumu\u2019nun 61.y\u0131l d\u00f6n\u00fcm\u00fc nedeniyle mesaj yay\u0131mlad\u0131. Bakan Din\u00e7y\u00fcrek, \u015fu ifadeleri kulland\u0131; \u201c Bayrak Radyo Televizyon Kurumu, kuruldu\u011fu g\u00fcnden bu yana K\u0131br\u0131s T\u00fcrk halk\u0131n\u0131n k\u00fclt\u00fcr\u00fcn\u00fc, tarihini ve de\u011ferlerini gelecek nesillere aktarma g\u00f6revini ba\u015far\u0131yla yerine getirmi\u015ftir. BRTK, her zaman K\u0131br\u0131s T\u00fcrk\u00fc\u2019n\u00fcn hakl\u0131 davas\u0131n\u0131 en etkili \u015fekilde d\u00fcnyaya duyurmay\u0131 s\u00fcrd\u00fcrm\u00fc\u015f,","og_url":"https:\/\/kibrisdakik.com\/?p=72460","article_published_time":"2024-12-26T13:22:47+00:00","og_image":[{"width":720,"height":405,"url":"https:\/\/kibrisdakik.com\/wp-content\/uploads\/2024\/07\/7222qq3lsiok-hakan-dincyurek-.jpg","type":"image\/jpeg"}],"author":"admin","twitter_card":"summary_large_image","twitter_misc":{"Yazan:":"admin","Tahmini okuma s\u00fcresi":"1 dakika"},"schema":{"@context":"https:\/\/schema.org","@graph":[{"@type":"Article","@id":"https:\/\/kibrisdakik.com\/?p=72460#article","isPartOf":{"@id":"https:\/\/kibrisdakik.com\/?p=72460"},"author":{"name":"admin","@id":"https:\/\/kibrisdakik.com\/#\/schema\/person\/9cd9d437bbb44f72b73ba127e06d8e79"},"headline":"Din\u00e7y\u00fcrek:BRTK, her zaman K\u0131br\u0131s T\u00fcrk\u00fc\u2019n\u00fcn hakl\u0131 davas\u0131n\u0131 en etkili \u015fekilde d\u00fcnyaya duyurmay\u0131 s\u00fcrd\u00fcrm\u00fc\u015f, en zor en karanl\u0131k g\u00fcnlerinde toplumun sesi olmu\u015ftur","datePublished":"2024-12-26T13:22:47+00:00","mainEntityOfPage":{"@id":"https:\/\/kibrisdakik.com\/?p=72460"},"wordCount":239,"commentCount":0,"image":{"@id":"https:\/\/kibrisdakik.com\/?p=72460#primaryimage"},"thumbnailUrl":"https:\/\/kibrisdakik.com\/wp-content\/uploads\/2024\/07\/7222qq3lsiok-hakan-dincyurek-.jpg","articleSection":["K\u0131br\u0131s"],"inLanguage":"tr","potentialAction":[{"@type":"CommentAction","name":"Comment","target":["https:\/\/kibrisdakik.com\/?p=72460#respond"]}]},{"@type":"WebPage","@id":"https:\/\/kibrisdakik.com\/?p=72460","url":"https:\/\/kibrisdakik.com\/?p=72460","name":"Din\u00e7y\u00fcrek:BRTK, her zaman K\u0131br\u0131s T\u00fcrk\u00fc\u2019n\u00fcn hakl\u0131 davas\u0131n\u0131 en etkili \u015fekilde d\u00fcnyaya duyurmay\u0131 s\u00fcrd\u00fcrm\u00fc\u015f, en zor en karanl\u0131k g\u00fcnlerinde toplumun sesi olmu\u015ftur -","isPartOf":{"@id":"https:\/\/kibrisdakik.com\/#website"},"primaryImageOfPage":{"@id":"https:\/\/kibrisdakik.com\/?p=72460#primaryimage"},"image":{"@id":"https:\/\/kibrisdakik.com\/?p=72460#primaryimage"},"thumbnailUrl":"https:\/\/kibrisdakik.com\/wp-content\/uploads\/2024\/07\/7222qq3lsiok-hakan-dincyurek-.jpg","datePublished":"2024-12-26T13:22:47+00:00","author":{"@id":"https:\/\/kibrisdakik.com\/#\/schema\/person\/9cd9d437bbb44f72b73ba127e06d8e79"},"breadcrumb":{"@id":"https:\/\/kibrisdakik.com\/?p=72460#breadcrumb"},"inLanguage":"tr","potentialAction":[{"@type":"ReadAction","target":["https:\/\/kibrisdakik.com\/?p=72460"]}]},{"@type":"ImageObject","inLanguage":"tr","@id":"https:\/\/kibrisdakik.com\/?p=72460#primaryimage","url":"https:\/\/kibrisdakik.com\/wp-content\/uploads\/2024\/07\/7222qq3lsiok-hakan-dincyurek-.jpg","contentUrl":"https:\/\/kibrisdakik.com\/wp-content\/uploads\/2024\/07\/7222qq3lsiok-hakan-dincyurek-.jpg","width":720,"height":405},{"@type":"BreadcrumbList","@id":"https:\/\/kibrisdakik.com\/?p=72460#breadcrumb","itemListElement":[{"@type":"ListItem","position":1,"name":"Home","item":"https:\/\/kibrisdakik.com\/"},{"@type":"ListItem","position":2,"name":"Din\u00e7y\u00fcrek:BRTK, her zaman K\u0131br\u0131s T\u00fcrk\u00fc\u2019n\u00fcn hakl\u0131 davas\u0131n\u0131 en etkili \u015fekilde d\u00fcnyaya duyurmay\u0131 s\u00fcrd\u00fcrm\u00fc\u015f, en zor en karanl\u0131k g\u00fcnlerinde toplumun sesi olmu\u015ftur"}]},{"@type":"WebSite","@id":"https:\/\/kibrisdakik.com\/#website","url":"https:\/\/kibrisdakik.com\/","name":"","description":"Tam vaktinde haber","potentialAction":[{"@type":"SearchAction","target":{"@type":"EntryPoint","urlTemplate":"https:\/\/kibrisdakik.com\/?s={search_term_string}"},"query-input":{"@type":"PropertyValueSpecification","valueRequired":true,"valueName":"search_term_string"}}],"inLanguage":"tr"},{"@type":"Person","@id":"https:\/\/kibrisdakik.com\/#\/schema\/person\/9cd9d437bbb44f72b73ba127e06d8e79","name":"admin","image":{"@type":"ImageObject","inLanguage":"tr","@id":"https:\/\/secure.gravatar.com\/avatar\/ccc17943b9d660506c869530f897617f7cb1c21a4bf30023f252596d83e1f007?s=96&d=mm&r=g","url":"https:\/\/secure.gravatar.com\/avatar\/ccc17943b9d660506c869530f897617f7cb1c21a4bf30023f252596d83e1f007?s=96&d=mm&r=g","contentUrl":"https:\/\/secure.gravatar.com\/avatar\/ccc17943b9d660506c869530f897617f7cb1c21a4bf30023f252596d83e1f007?s=96&d=mm&r=g","caption":"admin"},"sameAs":["https:\/\/kibrisdakik.com"],"url":"https:\/\/kibrisdakik.com\/?author=1"}]}},"_links":{"self":[{"href":"https:\/\/kibrisdakik.com\/index.php?rest_route=\/wp\/v2\/posts\/72460","targetHints":{"allow":["GET"]}}],"collection":[{"href":"https:\/\/kibrisdakik.com\/index.php?rest_route=\/wp\/v2\/posts"}],"about":[{"href":"https:\/\/kibrisdakik.com\/index.php?rest_route=\/wp\/v2\/types\/post"}],"author":[{"embeddable":true,"href":"https:\/\/kibrisdakik.com\/index.php?rest_route=\/wp\/v2\/users\/1"}],"replies":[{"embeddable":true,"href":"https:\/\/kibrisdakik.com\/index.php?rest_route=%2Fwp%2Fv2%2Fcomments&post=72460"}],"version-history":[{"count":0,"href":"https:\/\/kibrisdakik.com\/index.php?rest_route=\/wp\/v2\/posts\/72460\/revisions"}],"wp:featuredmedia":[{"embeddable":true,"href":"https:\/\/kibrisdakik.com\/index.php?rest_route=\/wp\/v2\/media\/49912"}],"wp:attachment":[{"href":"https:\/\/kibrisdakik.com\/index.php?rest_route=%2Fwp%2Fv2%2Fmedia&parent=72460"}],"wp:term":[{"taxonomy":"category","embeddable":true,"href":"https:\/\/kibrisdakik.com\/index.php?rest_route=%2Fwp%2Fv2%2Fcategories&post=72460"},{"taxonomy":"post_tag","embeddable":true,"href":"https:\/\/kibrisdakik.com\/index.php?rest_route=%2Fwp%2Fv2%2Ftags&post=72460"}],"curies":[{"name":"wp","href":"https:\/\/api.w.org\/{rel}","templated":true}]}}