{"id":72468,"date":"2024-12-26T17:44:09","date_gmt":"2024-12-26T14:44:09","guid":{"rendered":"https:\/\/kibrisdakik.com\/index.php\/2024\/12\/26\/cumhurbaskani-tatarsorumlularin-olasi-kastla-yargilanmalari-icin-istinaf-surecinde-mucadelemiz-devam-edecek\/"},"modified":"2024-12-26T17:44:09","modified_gmt":"2024-12-26T14:44:09","slug":"cumhurbaskani-tatarsorumlularin-olasi-kastla-yargilanmalari-icin-istinaf-surecinde-mucadelemiz-devam-edecek","status":"publish","type":"post","link":"https:\/\/kibrisdakik.com\/?p=72468","title":{"rendered":"Cumhurba\u015fkan\u0131 Tatar:Sorumlular\u0131n olas\u0131 kastla yarg\u0131lanmalar\u0131 i\u00e7in istinaf s\u00fcrecinde m\u00fccadelemiz devam edecek"},"content":{"rendered":"<div>\n<div class=\"mariselle-image-container center\">\n                                            <\/div>\n<p>Cumhurba\u015fkan\u0131 Tatar, T\u00fcrkiye Cumhurba\u015fkan\u0131 Recep Tayyip Erdo\u011fan ile g\u00f6r\u00fc\u015fmek i\u00e7in gitti\u011fi Ankara\u2019dan Kuzey K\u0131br\u0131s T\u00fcrk Cumhuriyeti\u2019ne<br \/>d\u00f6n\u00fc\u015f\u00fcnde Esenbo\u011fa Havaliman\u0131\u2019nda \u0130sias Otel davas\u0131 ile ilgili olarak BRT\u2019ye de\u011ferlendirmede bulundu.<\/p>\n<p>Cumhurba\u015fkan\u0131 Tatar, T\u00fcrkiye\u2019de 6 \u015eubat depremlerinden bu yana iki y\u0131l ge\u00e7ti\u011fini hat\u0131rlatarak, 50.000\u2019den fazla karde\u015flerinin hayat\u0131n\u0131<br \/>kaybetmesi ve farkl\u0131 boyutlar\u0131yla yarg\u0131 s\u00fcrecinin ba\u015flamas\u0131nda Kuzey K\u0131br\u0131s T\u00fcrk Cumhuriyeti olarak \u015eampiyon Melekler\u2019in aileleri ve<br \/>vatanda\u015flar\u0131n\u0131n yanlar\u0131nda olduklar\u0131n\u0131 s\u00f6yledi.<\/p>\n<p>Ba\u015fbakan, Bakanlar ve H\u00fck\u00fcmet yetkilileri, Barolar Birli\u011fi\u2019nin bir b\u00fct\u00fcn olarak Kuzey K\u0131br\u0131s T\u00fcrk Cumhuriyeti ad\u0131na gerekti\u011finde T\u00fcrkiye<br \/>Cumhuriyeti\u2019nin en \u00fcst d\u00fczeydeki yarg\u0131 organlar\u0131yla TC Adalet Bakan\u0131\u2019yla ve di\u011fer kurum ve kurulu\u015flarla ileti\u015fim i\u00e7inde olduklar\u0131n\u0131 vurgu yaparak, \u201cK\u0131br\u0131s T\u00fcrk halk\u0131n\u0131n bu feryad\u0131n\u0131 ve bir bak\u0131ma \u015eampiyon Melekler olarak Ad\u0131yaman\u2019da voleybol \u015fampiyonas\u0131na kat\u0131lan<br \/>yavrular\u0131m\u0131z\u0131n sabilerimizin \u015fehit olduklar\u0131n\u0131 ve bu \u015fehitlerimizin maneviyat bak\u0131m\u0131ndan sorumlular\u0131n gerekli cezalar\u0131 almalar\u0131 i\u00e7inde bu s\u00fcrecin takip\u00e7isi olduk\u201d dedi.<\/p>\n<p>Ge\u00e7en g\u00fcnlerde mahkemenin a\u00e7\u0131klad\u0131\u011f\u0131 kararda taksire dayal\u0131 cezalar verildi\u011fini hat\u0131rlatan Cumhurba\u015fkan\u0131 Tatar, istinaf s\u00fcrecinin bundan<br \/>sonra ba\u015flayaca\u011f\u0131n\u0131, istinaf s\u00fcrecinde olas\u0131 kast nas\u0131l g\u00fcndeme getirilir ve olas\u0131 kastla yarg\u0131lanmalar\u0131 i\u00e7in istinaf s\u00fcrecinde m\u00fccadelelerinin devam edece\u011fini aktararak, T\u00fcrk adaletine g\u00fcvendiklerini zor ko\u015fullarda bu s\u00fcrecin bu noktaya gelmesinde katk\u0131s\u0131 olan T\u00fcrkiye Cumhuriyeti\u2019nin yarg\u0131 organlar\u0131na te\u015fekk\u00fcr ederek \u015eampiyon Meleklere, hayat\u0131n\u0131 kaybedenlere rahmet ailelerine sab\u0131r ve<br \/>ba\u015fsa\u011fl\u0131\u011f\u0131 diledi.<\/p>\n<\/p><\/div>\n<p><script async\n                    defer\n                    crossorigin=\"anonymous\"\n                    src=\"https:\/\/connect.facebook.net\/tr_TR\/sdk.js#xfbml=1&#038;version=v3.3\"\n            ><\/script><\/p>\n","protected":false},"excerpt":{"rendered":"<p>Cumhurba\u015fkan\u0131 Tatar, T\u00fcrkiye Cumhurba\u015fkan\u0131 Recep Tayyip Erdo\u011fan ile g\u00f6r\u00fc\u015fmek i\u00e7in gitti\u011fi Ankara\u2019dan Kuzey K\u0131br\u0131s T\u00fcrk Cumhuriyeti\u2019ned\u00f6n\u00fc\u015f\u00fcnde Esenbo\u011fa Havaliman\u0131\u2019nda \u0130sias Otel davas\u0131 ile ilgili olarak BRT\u2019ye de\u011ferlendirmede bulundu. Cumhurba\u015fkan\u0131 Tatar, T\u00fcrkiye\u2019de 6 \u015eubat depremlerinden bu yana iki y\u0131l ge\u00e7ti\u011fini hat\u0131rlatarak, 50.000\u2019den fazla karde\u015flerinin hayat\u0131n\u0131kaybetmesi ve farkl\u0131 boyutlar\u0131yla yarg\u0131 s\u00fcrecinin ba\u015flamas\u0131nda Kuzey K\u0131br\u0131s T\u00fcrk Cumhuriyeti olarak \u015eampiyon<\/p>\n","protected":false},"author":1,"featured_media":72469,"comment_status":"open","ping_status":"open","sticky":false,"template":"","format":"standard","meta":{"footnotes":""},"categories":[81],"tags":[],"class_list":["post-72468","post","type-post","status-publish","format-standard","has-post-thumbnail","hentry","category-kibris"],"yoast_head":"<!-- This site is optimized with the Yoast SEO plugin v27.4 - https:\/\/yoast.com\/product\/yoast-seo-wordpress\/ -->\n<title>Cumhurba\u015fkan\u0131 Tatar:Sorumlular\u0131n olas\u0131 kastla yarg\u0131lanmalar\u0131 i\u00e7in istinaf s\u00fcrecinde m\u00fccadelemiz devam edecek -<\/title>\n<meta name=\"robots\" content=\"index, follow, max-snippet:-1, max-image-preview:large, max-video-preview:-1\" \/>\n<link rel=\"canonical\" href=\"https:\/\/kibrisdakik.com\/?p=72468\" \/>\n<meta property=\"og:locale\" content=\"tr_TR\" \/>\n<meta property=\"og:type\" content=\"article\" \/>\n<meta property=\"og:title\" content=\"Cumhurba\u015fkan\u0131 Tatar:Sorumlular\u0131n olas\u0131 kastla yarg\u0131lanmalar\u0131 i\u00e7in istinaf s\u00fcrecinde m\u00fccadelemiz devam edecek -\" \/>\n<meta property=\"og:description\" content=\"Cumhurba\u015fkan\u0131 Tatar, T\u00fcrkiye Cumhurba\u015fkan\u0131 Recep Tayyip Erdo\u011fan ile g\u00f6r\u00fc\u015fmek i\u00e7in gitti\u011fi Ankara\u2019dan Kuzey K\u0131br\u0131s T\u00fcrk Cumhuriyeti\u2019ned\u00f6n\u00fc\u015f\u00fcnde Esenbo\u011fa Havaliman\u0131\u2019nda \u0130sias Otel davas\u0131 ile ilgili olarak BRT\u2019ye de\u011ferlendirmede bulundu. Cumhurba\u015fkan\u0131 Tatar, T\u00fcrkiye\u2019de 6 \u015eubat depremlerinden bu yana iki y\u0131l ge\u00e7ti\u011fini hat\u0131rlatarak, 50.000\u2019den fazla karde\u015flerinin hayat\u0131n\u0131kaybetmesi ve farkl\u0131 boyutlar\u0131yla yarg\u0131 s\u00fcrecinin ba\u015flamas\u0131nda Kuzey K\u0131br\u0131s T\u00fcrk Cumhuriyeti olarak \u015eampiyon\" \/>\n<meta property=\"og:url\" content=\"https:\/\/kibrisdakik.com\/?p=72468\" \/>\n<meta property=\"article:published_time\" content=\"2024-12-26T14:44:09+00:00\" \/>\n<meta property=\"og:image\" content=\"https:\/\/kibrisdakik.com\/wp-content\/uploads\/2024\/12\/tatar-isias22-1.jpg\" \/>\n\t<meta property=\"og:image:width\" content=\"706\" \/>\n\t<meta property=\"og:image:height\" content=\"346\" \/>\n\t<meta property=\"og:image:type\" content=\"image\/jpeg\" \/>\n<meta name=\"author\" content=\"admin\" \/>\n<meta name=\"twitter:card\" content=\"summary_large_image\" \/>\n<meta name=\"twitter:label1\" content=\"Yazan:\" \/>\n\t<meta name=\"twitter:data1\" content=\"admin\" \/>\n\t<meta name=\"twitter:label2\" content=\"Tahmini okuma s\u00fcresi\" \/>\n\t<meta name=\"twitter:data2\" content=\"2 dakika\" \/>\n<script type=\"application\/ld+json\" class=\"yoast-schema-graph\">{\"@context\":\"https:\\\/\\\/schema.org\",\"@graph\":[{\"@type\":\"Article\",\"@id\":\"https:\\\/\\\/kibrisdakik.com\\\/?p=72468#article\",\"isPartOf\":{\"@id\":\"https:\\\/\\\/kibrisdakik.com\\\/?p=72468\"},\"author\":{\"name\":\"admin\",\"@id\":\"https:\\\/\\\/kibrisdakik.com\\\/#\\\/schema\\\/person\\\/9cd9d437bbb44f72b73ba127e06d8e79\"},\"headline\":\"Cumhurba\u015fkan\u0131 Tatar:Sorumlular\u0131n olas\u0131 kastla yarg\u0131lanmalar\u0131 i\u00e7in istinaf s\u00fcrecinde m\u00fccadelemiz devam edecek\",\"datePublished\":\"2024-12-26T14:44:09+00:00\",\"mainEntityOfPage\":{\"@id\":\"https:\\\/\\\/kibrisdakik.com\\\/?p=72468\"},\"wordCount\":324,\"commentCount\":0,\"image\":{\"@id\":\"https:\\\/\\\/kibrisdakik.com\\\/?p=72468#primaryimage\"},\"thumbnailUrl\":\"https:\\\/\\\/kibrisdakik.com\\\/wp-content\\\/uploads\\\/2024\\\/12\\\/tatar-isias22-1.jpg\",\"articleSection\":[\"K\u0131br\u0131s\"],\"inLanguage\":\"tr\",\"potentialAction\":[{\"@type\":\"CommentAction\",\"name\":\"Comment\",\"target\":[\"https:\\\/\\\/kibrisdakik.com\\\/?p=72468#respond\"]}]},{\"@type\":\"WebPage\",\"@id\":\"https:\\\/\\\/kibrisdakik.com\\\/?p=72468\",\"url\":\"https:\\\/\\\/kibrisdakik.com\\\/?p=72468\",\"name\":\"Cumhurba\u015fkan\u0131 Tatar:Sorumlular\u0131n olas\u0131 kastla yarg\u0131lanmalar\u0131 i\u00e7in istinaf s\u00fcrecinde m\u00fccadelemiz devam edecek -\",\"isPartOf\":{\"@id\":\"https:\\\/\\\/kibrisdakik.com\\\/#website\"},\"primaryImageOfPage\":{\"@id\":\"https:\\\/\\\/kibrisdakik.com\\\/?p=72468#primaryimage\"},\"image\":{\"@id\":\"https:\\\/\\\/kibrisdakik.com\\\/?p=72468#primaryimage\"},\"thumbnailUrl\":\"https:\\\/\\\/kibrisdakik.com\\\/wp-content\\\/uploads\\\/2024\\\/12\\\/tatar-isias22-1.jpg\",\"datePublished\":\"2024-12-26T14:44:09+00:00\",\"author\":{\"@id\":\"https:\\\/\\\/kibrisdakik.com\\\/#\\\/schema\\\/person\\\/9cd9d437bbb44f72b73ba127e06d8e79\"},\"breadcrumb\":{\"@id\":\"https:\\\/\\\/kibrisdakik.com\\\/?p=72468#breadcrumb\"},\"inLanguage\":\"tr\",\"potentialAction\":[{\"@type\":\"ReadAction\",\"target\":[\"https:\\\/\\\/kibrisdakik.com\\\/?p=72468\"]}]},{\"@type\":\"ImageObject\",\"inLanguage\":\"tr\",\"@id\":\"https:\\\/\\\/kibrisdakik.com\\\/?p=72468#primaryimage\",\"url\":\"https:\\\/\\\/kibrisdakik.com\\\/wp-content\\\/uploads\\\/2024\\\/12\\\/tatar-isias22-1.jpg\",\"contentUrl\":\"https:\\\/\\\/kibrisdakik.com\\\/wp-content\\\/uploads\\\/2024\\\/12\\\/tatar-isias22-1.jpg\",\"width\":706,\"height\":346},{\"@type\":\"BreadcrumbList\",\"@id\":\"https:\\\/\\\/kibrisdakik.com\\\/?p=72468#breadcrumb\",\"itemListElement\":[{\"@type\":\"ListItem\",\"position\":1,\"name\":\"Home\",\"item\":\"https:\\\/\\\/kibrisdakik.com\\\/\"},{\"@type\":\"ListItem\",\"position\":2,\"name\":\"Cumhurba\u015fkan\u0131 Tatar:Sorumlular\u0131n olas\u0131 kastla yarg\u0131lanmalar\u0131 i\u00e7in istinaf s\u00fcrecinde m\u00fccadelemiz devam edecek\"}]},{\"@type\":\"WebSite\",\"@id\":\"https:\\\/\\\/kibrisdakik.com\\\/#website\",\"url\":\"https:\\\/\\\/kibrisdakik.com\\\/\",\"name\":\"\",\"description\":\"Tam vaktinde haber\",\"potentialAction\":[{\"@type\":\"SearchAction\",\"target\":{\"@type\":\"EntryPoint\",\"urlTemplate\":\"https:\\\/\\\/kibrisdakik.com\\\/?s={search_term_string}\"},\"query-input\":{\"@type\":\"PropertyValueSpecification\",\"valueRequired\":true,\"valueName\":\"search_term_string\"}}],\"inLanguage\":\"tr\"},{\"@type\":\"Person\",\"@id\":\"https:\\\/\\\/kibrisdakik.com\\\/#\\\/schema\\\/person\\\/9cd9d437bbb44f72b73ba127e06d8e79\",\"name\":\"admin\",\"image\":{\"@type\":\"ImageObject\",\"inLanguage\":\"tr\",\"@id\":\"https:\\\/\\\/secure.gravatar.com\\\/avatar\\\/ccc17943b9d660506c869530f897617f7cb1c21a4bf30023f252596d83e1f007?s=96&d=mm&r=g\",\"url\":\"https:\\\/\\\/secure.gravatar.com\\\/avatar\\\/ccc17943b9d660506c869530f897617f7cb1c21a4bf30023f252596d83e1f007?s=96&d=mm&r=g\",\"contentUrl\":\"https:\\\/\\\/secure.gravatar.com\\\/avatar\\\/ccc17943b9d660506c869530f897617f7cb1c21a4bf30023f252596d83e1f007?s=96&d=mm&r=g\",\"caption\":\"admin\"},\"sameAs\":[\"https:\\\/\\\/kibrisdakik.com\"],\"url\":\"https:\\\/\\\/kibrisdakik.com\\\/?author=1\"}]}<\/script>\n<!-- \/ Yoast SEO plugin. -->","yoast_head_json":{"title":"Cumhurba\u015fkan\u0131 Tatar:Sorumlular\u0131n olas\u0131 kastla yarg\u0131lanmalar\u0131 i\u00e7in istinaf s\u00fcrecinde m\u00fccadelemiz devam edecek -","robots":{"index":"index","follow":"follow","max-snippet":"max-snippet:-1","max-image-preview":"max-image-preview:large","max-video-preview":"max-video-preview:-1"},"canonical":"https:\/\/kibrisdakik.com\/?p=72468","og_locale":"tr_TR","og_type":"article","og_title":"Cumhurba\u015fkan\u0131 Tatar:Sorumlular\u0131n olas\u0131 kastla yarg\u0131lanmalar\u0131 i\u00e7in istinaf s\u00fcrecinde m\u00fccadelemiz devam edecek -","og_description":"Cumhurba\u015fkan\u0131 Tatar, T\u00fcrkiye Cumhurba\u015fkan\u0131 Recep Tayyip Erdo\u011fan ile g\u00f6r\u00fc\u015fmek i\u00e7in gitti\u011fi Ankara\u2019dan Kuzey K\u0131br\u0131s T\u00fcrk Cumhuriyeti\u2019ned\u00f6n\u00fc\u015f\u00fcnde Esenbo\u011fa Havaliman\u0131\u2019nda \u0130sias Otel davas\u0131 ile ilgili olarak BRT\u2019ye de\u011ferlendirmede bulundu. Cumhurba\u015fkan\u0131 Tatar, T\u00fcrkiye\u2019de 6 \u015eubat depremlerinden bu yana iki y\u0131l ge\u00e7ti\u011fini hat\u0131rlatarak, 50.000\u2019den fazla karde\u015flerinin hayat\u0131n\u0131kaybetmesi ve farkl\u0131 boyutlar\u0131yla yarg\u0131 s\u00fcrecinin ba\u015flamas\u0131nda Kuzey K\u0131br\u0131s T\u00fcrk Cumhuriyeti olarak \u015eampiyon","og_url":"https:\/\/kibrisdakik.com\/?p=72468","article_published_time":"2024-12-26T14:44:09+00:00","og_image":[{"width":706,"height":346,"url":"https:\/\/kibrisdakik.com\/wp-content\/uploads\/2024\/12\/tatar-isias22-1.jpg","type":"image\/jpeg"}],"author":"admin","twitter_card":"summary_large_image","twitter_misc":{"Yazan:":"admin","Tahmini okuma s\u00fcresi":"2 dakika"},"schema":{"@context":"https:\/\/schema.org","@graph":[{"@type":"Article","@id":"https:\/\/kibrisdakik.com\/?p=72468#article","isPartOf":{"@id":"https:\/\/kibrisdakik.com\/?p=72468"},"author":{"name":"admin","@id":"https:\/\/kibrisdakik.com\/#\/schema\/person\/9cd9d437bbb44f72b73ba127e06d8e79"},"headline":"Cumhurba\u015fkan\u0131 Tatar:Sorumlular\u0131n olas\u0131 kastla yarg\u0131lanmalar\u0131 i\u00e7in istinaf s\u00fcrecinde m\u00fccadelemiz devam edecek","datePublished":"2024-12-26T14:44:09+00:00","mainEntityOfPage":{"@id":"https:\/\/kibrisdakik.com\/?p=72468"},"wordCount":324,"commentCount":0,"image":{"@id":"https:\/\/kibrisdakik.com\/?p=72468#primaryimage"},"thumbnailUrl":"https:\/\/kibrisdakik.com\/wp-content\/uploads\/2024\/12\/tatar-isias22-1.jpg","articleSection":["K\u0131br\u0131s"],"inLanguage":"tr","potentialAction":[{"@type":"CommentAction","name":"Comment","target":["https:\/\/kibrisdakik.com\/?p=72468#respond"]}]},{"@type":"WebPage","@id":"https:\/\/kibrisdakik.com\/?p=72468","url":"https:\/\/kibrisdakik.com\/?p=72468","name":"Cumhurba\u015fkan\u0131 Tatar:Sorumlular\u0131n olas\u0131 kastla yarg\u0131lanmalar\u0131 i\u00e7in istinaf s\u00fcrecinde m\u00fccadelemiz devam edecek -","isPartOf":{"@id":"https:\/\/kibrisdakik.com\/#website"},"primaryImageOfPage":{"@id":"https:\/\/kibrisdakik.com\/?p=72468#primaryimage"},"image":{"@id":"https:\/\/kibrisdakik.com\/?p=72468#primaryimage"},"thumbnailUrl":"https:\/\/kibrisdakik.com\/wp-content\/uploads\/2024\/12\/tatar-isias22-1.jpg","datePublished":"2024-12-26T14:44:09+00:00","author":{"@id":"https:\/\/kibrisdakik.com\/#\/schema\/person\/9cd9d437bbb44f72b73ba127e06d8e79"},"breadcrumb":{"@id":"https:\/\/kibrisdakik.com\/?p=72468#breadcrumb"},"inLanguage":"tr","potentialAction":[{"@type":"ReadAction","target":["https:\/\/kibrisdakik.com\/?p=72468"]}]},{"@type":"ImageObject","inLanguage":"tr","@id":"https:\/\/kibrisdakik.com\/?p=72468#primaryimage","url":"https:\/\/kibrisdakik.com\/wp-content\/uploads\/2024\/12\/tatar-isias22-1.jpg","contentUrl":"https:\/\/kibrisdakik.com\/wp-content\/uploads\/2024\/12\/tatar-isias22-1.jpg","width":706,"height":346},{"@type":"BreadcrumbList","@id":"https:\/\/kibrisdakik.com\/?p=72468#breadcrumb","itemListElement":[{"@type":"ListItem","position":1,"name":"Home","item":"https:\/\/kibrisdakik.com\/"},{"@type":"ListItem","position":2,"name":"Cumhurba\u015fkan\u0131 Tatar:Sorumlular\u0131n olas\u0131 kastla yarg\u0131lanmalar\u0131 i\u00e7in istinaf s\u00fcrecinde m\u00fccadelemiz devam edecek"}]},{"@type":"WebSite","@id":"https:\/\/kibrisdakik.com\/#website","url":"https:\/\/kibrisdakik.com\/","name":"","description":"Tam vaktinde haber","potentialAction":[{"@type":"SearchAction","target":{"@type":"EntryPoint","urlTemplate":"https:\/\/kibrisdakik.com\/?s={search_term_string}"},"query-input":{"@type":"PropertyValueSpecification","valueRequired":true,"valueName":"search_term_string"}}],"inLanguage":"tr"},{"@type":"Person","@id":"https:\/\/kibrisdakik.com\/#\/schema\/person\/9cd9d437bbb44f72b73ba127e06d8e79","name":"admin","image":{"@type":"ImageObject","inLanguage":"tr","@id":"https:\/\/secure.gravatar.com\/avatar\/ccc17943b9d660506c869530f897617f7cb1c21a4bf30023f252596d83e1f007?s=96&d=mm&r=g","url":"https:\/\/secure.gravatar.com\/avatar\/ccc17943b9d660506c869530f897617f7cb1c21a4bf30023f252596d83e1f007?s=96&d=mm&r=g","contentUrl":"https:\/\/secure.gravatar.com\/avatar\/ccc17943b9d660506c869530f897617f7cb1c21a4bf30023f252596d83e1f007?s=96&d=mm&r=g","caption":"admin"},"sameAs":["https:\/\/kibrisdakik.com"],"url":"https:\/\/kibrisdakik.com\/?author=1"}]}},"_links":{"self":[{"href":"https:\/\/kibrisdakik.com\/index.php?rest_route=\/wp\/v2\/posts\/72468","targetHints":{"allow":["GET"]}}],"collection":[{"href":"https:\/\/kibrisdakik.com\/index.php?rest_route=\/wp\/v2\/posts"}],"about":[{"href":"https:\/\/kibrisdakik.com\/index.php?rest_route=\/wp\/v2\/types\/post"}],"author":[{"embeddable":true,"href":"https:\/\/kibrisdakik.com\/index.php?rest_route=\/wp\/v2\/users\/1"}],"replies":[{"embeddable":true,"href":"https:\/\/kibrisdakik.com\/index.php?rest_route=%2Fwp%2Fv2%2Fcomments&post=72468"}],"version-history":[{"count":0,"href":"https:\/\/kibrisdakik.com\/index.php?rest_route=\/wp\/v2\/posts\/72468\/revisions"}],"wp:featuredmedia":[{"embeddable":true,"href":"https:\/\/kibrisdakik.com\/index.php?rest_route=\/wp\/v2\/media\/72469"}],"wp:attachment":[{"href":"https:\/\/kibrisdakik.com\/index.php?rest_route=%2Fwp%2Fv2%2Fmedia&parent=72468"}],"wp:term":[{"taxonomy":"category","embeddable":true,"href":"https:\/\/kibrisdakik.com\/index.php?rest_route=%2Fwp%2Fv2%2Fcategories&post=72468"},{"taxonomy":"post_tag","embeddable":true,"href":"https:\/\/kibrisdakik.com\/index.php?rest_route=%2Fwp%2Fv2%2Ftags&post=72468"}],"curies":[{"name":"wp","href":"https:\/\/api.w.org\/{rel}","templated":true}]}}