{"id":72483,"date":"2024-12-26T10:45:29","date_gmt":"2024-12-26T07:45:29","guid":{"rendered":"https:\/\/kibrisdakik.com\/index.php\/2024\/12\/26\/israil-yine-gazetecilere-saldirdi\/"},"modified":"2024-12-26T10:45:29","modified_gmt":"2024-12-26T07:45:29","slug":"israil-yine-gazetecilere-saldirdi","status":"publish","type":"post","link":"https:\/\/kibrisdakik.com\/?p=72483","title":{"rendered":"\u0130srail yine gazetecilere sald\u0131rd\u0131"},"content":{"rendered":"<p><\/p>\n<div>\n<div class=\"mariselle-image-container center\">\n                <img loading=\"lazy\" decoding=\"async\" width=\"747\" height=\"289\" class=\"lazy-image\" alt=\"\" sizes=\"auto, (max-width: 747px) 100vw, 747px\" src=\"https:\/\/brtk.net\/wp-content\/uploads\/2024\/12\/26\/sldkaslskda.jpg?ver=75a119e81cc02ed61c3af9c480abd051\" srcset=\"https:\/\/brtk.net\/wp-content\/uploads\/2024\/12\/26\/sldkaslskda.jpg?ver=75a119e81cc02ed61c3af9c480abd051 747w, https:\/\/brtk.net\/wp-content\/uploads\/2024\/12\/26\/sldkaslskda-300x116.jpg?ver=4788d0696c5a0504206a2a0b64f1d317 300w\"\/>                            <\/div>\n<p>\u0130srail\u2019in Gazze \u015eeridi\u2019nin orta kesimindeki Nusayrat M\u00fclteci Kamp\u0131\u2019nda El-Kuds el-Yevm (alqudstoday-tv) televizyonuna ait canl\u0131 yay\u0131n arac\u0131na d\u00fczenledi\u011fi bombal\u0131 sald\u0131r\u0131da 5 gazetecinin \u00f6ld\u00fc\u011f\u00fc bildirildi.<\/p>\n<p>Gazze\u2019deki h\u00fck\u00fcmetin Medya Ofisinden yap\u0131lan a\u00e7\u0131klamada, \u0130srail\u2019in Gazze \u015eeridi\u2019nin orta kesimindeki Nusayrat M\u00fclteci Kamp\u0131\u2019nda El-Kuds el-Yevm (alqudstoday-tv) televizyonuna ait canl\u0131 yay\u0131n arac\u0131na bombal\u0131 sald\u0131r\u0131 d\u00fczenledi\u011fi belirtildi.<\/p>\n<p>Sald\u0131r\u0131da televizyon \u00e7al\u0131\u015fanlar\u0131ndan 5\u2019inin hayat\u0131n\u0131 kaybetti\u011fi ifade edilen a\u00e7\u0131klamada, \u00f6lenlerin foto muhabiri Eymen el-Cedy ile gazeteciler Faysal Ebu el-Kumsan, \u0130brahim e\u015f-\u015eeyh Ali, Muhammed el-Led\u2019a ve Fadi Hassune oldu\u011fu kaydedildi.<\/p>\n<p>A\u00e7\u0131klamada, s\u00f6z konusu gazetecilerin \u00f6ld\u00fcr\u00fclmesiyle \u0130srail ordusunun, Gazze \u015eeridi\u2019ne d\u00fczenledi\u011fi sald\u0131r\u0131larda \u00f6ld\u00fcr\u00fclen gazeteci say\u0131s\u0131n\u0131n 201\u2019e \u00e7\u0131kt\u0131\u011f\u0131 ifade edildi.<\/p>\n<p>\u0130srail\u2019in Filistinli gazetecileri hedef almas\u0131, \u00f6ld\u00fcrmesi ve suikasta u\u011fratmas\u0131n\u0131n en g\u00fc\u00e7l\u00fc \u015fekilde k\u0131nand\u0131\u011f\u0131 a\u00e7\u0131klamada, Uluslararas\u0131 Gazeteciler Federasyonu, Arap Gazeteciler Federasyonu ve d\u00fcnyan\u0131n t\u00fcm \u00fclkelerindeki gazetecilik kurulu\u015flar\u0131na, Gazze \u015eeridi\u2019ndeki Filistinli gazetecilere ve medya \u00e7al\u0131\u015fanlar\u0131na y\u00f6nelik bu sistematik su\u00e7lar\u0131 k\u0131namalar\u0131 \u00e7a\u011fr\u0131s\u0131nda bulunuldu.<\/p>\n<p>A\u00e7\u0131klamada, \u201cBu i\u011fren\u00e7 ve vah\u015fi su\u00e7un i\u015flenmesinden\u201d tamamen \u0130srail ve soyk\u0131r\u0131m su\u00e7una i\u015ftirak eden ABD, \u0130ngiltere, Almanya ve Fransa gibi \u00fclkeler sorumlu tutuldu.<\/p>\n<p>Uluslararas\u0131 topluma, uluslararas\u0131 \u00f6rg\u00fctlere ve d\u00fcnyan\u0131n t\u00fcm \u00fclkelerindeki gazetecilik ve medya \u00e7al\u0131\u015fmalar\u0131yla ilgili \u00f6rg\u00fctlere \u0130srail\u2019in su\u00e7lar\u0131n\u0131 k\u0131namalar\u0131, onu cayd\u0131rmalar\u0131, devam eden su\u00e7lar\u0131ndan dolay\u0131 uluslararas\u0131 mahkemelerde yarg\u0131lamalar\u0131 ve \u0130srailli su\u00e7lular\u0131 adalete teslim etmeleri \u00e7a\u011fr\u0131s\u0131nda bulunulan a\u00e7\u0131klamada ayr\u0131ca soyk\u0131r\u0131m su\u00e7unu durdurmak, Filistin\u2019de ve \u00f6zelde Gazze \u015eeridi\u2019nde gazetecileri ve medya \u00e7al\u0131\u015fanlar\u0131n\u0131 korumak, onlar\u0131 \u00f6ld\u00fcrme ve suikast su\u00e7unu durdurmak i\u00e7in \u0130srail\u2019e ciddi ve etkili bask\u0131 uygulamalar\u0131 talep edildi.<\/p>\n<\/p><\/div>\n<p><script async\n                    defer\n                    crossorigin=\"anonymous\"\n                    src=\"https:\/\/connect.facebook.net\/tr_TR\/sdk.js#xfbml=1&#038;version=v3.3\"\n            ><\/script><\/p>\n","protected":false},"excerpt":{"rendered":"<p>\u0130srail\u2019in Gazze \u015eeridi\u2019nin orta kesimindeki Nusayrat M\u00fclteci Kamp\u0131\u2019nda El-Kuds el-Yevm (alqudstoday-tv) televizyonuna ait canl\u0131 yay\u0131n arac\u0131na d\u00fczenledi\u011fi bombal\u0131 sald\u0131r\u0131da 5 gazetecinin \u00f6ld\u00fc\u011f\u00fc bildirildi. Gazze\u2019deki h\u00fck\u00fcmetin Medya Ofisinden yap\u0131lan a\u00e7\u0131klamada, \u0130srail\u2019in Gazze \u015eeridi\u2019nin orta kesimindeki Nusayrat M\u00fclteci Kamp\u0131\u2019nda El-Kuds el-Yevm (alqudstoday-tv) televizyonuna ait canl\u0131 yay\u0131n arac\u0131na bombal\u0131 sald\u0131r\u0131 d\u00fczenledi\u011fi belirtildi. Sald\u0131r\u0131da televizyon \u00e7al\u0131\u015fanlar\u0131ndan 5\u2019inin hayat\u0131n\u0131 kaybetti\u011fi<\/p>\n","protected":false},"author":1,"featured_media":72484,"comment_status":"open","ping_status":"open","sticky":false,"template":"","format":"standard","meta":{"footnotes":""},"categories":[1],"tags":[],"class_list":["post-72483","post","type-post","status-publish","format-standard","has-post-thumbnail","hentry","category-gundem"],"yoast_head":"<!-- This site is optimized with the Yoast SEO plugin v27.5 - https:\/\/yoast.com\/product\/yoast-seo-wordpress\/ -->\n<title>\u0130srail yine gazetecilere sald\u0131rd\u0131 -<\/title>\n<meta name=\"robots\" content=\"index, follow, max-snippet:-1, max-image-preview:large, max-video-preview:-1\" \/>\n<link rel=\"canonical\" href=\"https:\/\/kibrisdakik.com\/?p=72483\" \/>\n<meta property=\"og:locale\" content=\"tr_TR\" \/>\n<meta property=\"og:type\" content=\"article\" \/>\n<meta property=\"og:title\" content=\"\u0130srail yine gazetecilere sald\u0131rd\u0131 -\" \/>\n<meta property=\"og:description\" content=\"\u0130srail\u2019in Gazze \u015eeridi\u2019nin orta kesimindeki Nusayrat M\u00fclteci Kamp\u0131\u2019nda El-Kuds el-Yevm (alqudstoday-tv) televizyonuna ait canl\u0131 yay\u0131n arac\u0131na d\u00fczenledi\u011fi bombal\u0131 sald\u0131r\u0131da 5 gazetecinin \u00f6ld\u00fc\u011f\u00fc bildirildi. Gazze\u2019deki h\u00fck\u00fcmetin Medya Ofisinden yap\u0131lan a\u00e7\u0131klamada, \u0130srail\u2019in Gazze \u015eeridi\u2019nin orta kesimindeki Nusayrat M\u00fclteci Kamp\u0131\u2019nda El-Kuds el-Yevm (alqudstoday-tv) televizyonuna ait canl\u0131 yay\u0131n arac\u0131na bombal\u0131 sald\u0131r\u0131 d\u00fczenledi\u011fi belirtildi. Sald\u0131r\u0131da televizyon \u00e7al\u0131\u015fanlar\u0131ndan 5\u2019inin hayat\u0131n\u0131 kaybetti\u011fi\" \/>\n<meta property=\"og:url\" content=\"https:\/\/kibrisdakik.com\/?p=72483\" \/>\n<meta property=\"article:published_time\" content=\"2024-12-26T07:45:29+00:00\" \/>\n<meta property=\"og:image\" content=\"https:\/\/kibrisdakik.com\/wp-content\/uploads\/2024\/12\/sldkaslskda-740x289.jpg\" \/>\n\t<meta property=\"og:image:width\" content=\"747\" \/>\n\t<meta property=\"og:image:height\" content=\"289\" \/>\n\t<meta property=\"og:image:type\" content=\"image\/jpeg\" \/>\n<meta name=\"author\" content=\"admin\" \/>\n<meta name=\"twitter:card\" content=\"summary_large_image\" \/>\n<meta name=\"twitter:label1\" content=\"Yazan:\" \/>\n\t<meta name=\"twitter:data1\" content=\"admin\" \/>\n\t<meta name=\"twitter:label2\" content=\"Tahmini okuma s\u00fcresi\" \/>\n\t<meta name=\"twitter:data2\" content=\"2 dakika\" \/>\n<script type=\"application\/ld+json\" class=\"yoast-schema-graph\">{\"@context\":\"https:\\\/\\\/schema.org\",\"@graph\":[{\"@type\":\"Article\",\"@id\":\"https:\\\/\\\/kibrisdakik.com\\\/?p=72483#article\",\"isPartOf\":{\"@id\":\"https:\\\/\\\/kibrisdakik.com\\\/?p=72483\"},\"author\":{\"name\":\"admin\",\"@id\":\"https:\\\/\\\/kibrisdakik.com\\\/#\\\/schema\\\/person\\\/9cd9d437bbb44f72b73ba127e06d8e79\"},\"headline\":\"\u0130srail yine gazetecilere sald\u0131rd\u0131\",\"datePublished\":\"2024-12-26T07:45:29+00:00\",\"mainEntityOfPage\":{\"@id\":\"https:\\\/\\\/kibrisdakik.com\\\/?p=72483\"},\"wordCount\":339,\"commentCount\":0,\"image\":{\"@id\":\"https:\\\/\\\/kibrisdakik.com\\\/?p=72483#primaryimage\"},\"thumbnailUrl\":\"https:\\\/\\\/kibrisdakik.com\\\/wp-content\\\/uploads\\\/2024\\\/12\\\/sldkaslskda-740x289.jpg\",\"articleSection\":[\"G\u00fcndem\"],\"inLanguage\":\"tr\",\"potentialAction\":[{\"@type\":\"CommentAction\",\"name\":\"Comment\",\"target\":[\"https:\\\/\\\/kibrisdakik.com\\\/?p=72483#respond\"]}]},{\"@type\":\"WebPage\",\"@id\":\"https:\\\/\\\/kibrisdakik.com\\\/?p=72483\",\"url\":\"https:\\\/\\\/kibrisdakik.com\\\/?p=72483\",\"name\":\"\u0130srail yine gazetecilere sald\u0131rd\u0131 -\",\"isPartOf\":{\"@id\":\"https:\\\/\\\/kibrisdakik.com\\\/#website\"},\"primaryImageOfPage\":{\"@id\":\"https:\\\/\\\/kibrisdakik.com\\\/?p=72483#primaryimage\"},\"image\":{\"@id\":\"https:\\\/\\\/kibrisdakik.com\\\/?p=72483#primaryimage\"},\"thumbnailUrl\":\"https:\\\/\\\/kibrisdakik.com\\\/wp-content\\\/uploads\\\/2024\\\/12\\\/sldkaslskda-740x289.jpg\",\"datePublished\":\"2024-12-26T07:45:29+00:00\",\"author\":{\"@id\":\"https:\\\/\\\/kibrisdakik.com\\\/#\\\/schema\\\/person\\\/9cd9d437bbb44f72b73ba127e06d8e79\"},\"breadcrumb\":{\"@id\":\"https:\\\/\\\/kibrisdakik.com\\\/?p=72483#breadcrumb\"},\"inLanguage\":\"tr\",\"potentialAction\":[{\"@type\":\"ReadAction\",\"target\":[\"https:\\\/\\\/kibrisdakik.com\\\/?p=72483\"]}]},{\"@type\":\"ImageObject\",\"inLanguage\":\"tr\",\"@id\":\"https:\\\/\\\/kibrisdakik.com\\\/?p=72483#primaryimage\",\"url\":\"https:\\\/\\\/kibrisdakik.com\\\/wp-content\\\/uploads\\\/2024\\\/12\\\/sldkaslskda-740x289.jpg\",\"contentUrl\":\"https:\\\/\\\/kibrisdakik.com\\\/wp-content\\\/uploads\\\/2024\\\/12\\\/sldkaslskda-740x289.jpg\",\"width\":747,\"height\":289},{\"@type\":\"BreadcrumbList\",\"@id\":\"https:\\\/\\\/kibrisdakik.com\\\/?p=72483#breadcrumb\",\"itemListElement\":[{\"@type\":\"ListItem\",\"position\":1,\"name\":\"Home\",\"item\":\"https:\\\/\\\/kibrisdakik.com\\\/\"},{\"@type\":\"ListItem\",\"position\":2,\"name\":\"\u0130srail yine gazetecilere sald\u0131rd\u0131\"}]},{\"@type\":\"WebSite\",\"@id\":\"https:\\\/\\\/kibrisdakik.com\\\/#website\",\"url\":\"https:\\\/\\\/kibrisdakik.com\\\/\",\"name\":\"\",\"description\":\"Tam vaktinde haber\",\"potentialAction\":[{\"@type\":\"SearchAction\",\"target\":{\"@type\":\"EntryPoint\",\"urlTemplate\":\"https:\\\/\\\/kibrisdakik.com\\\/?s={search_term_string}\"},\"query-input\":{\"@type\":\"PropertyValueSpecification\",\"valueRequired\":true,\"valueName\":\"search_term_string\"}}],\"inLanguage\":\"tr\"},{\"@type\":\"Person\",\"@id\":\"https:\\\/\\\/kibrisdakik.com\\\/#\\\/schema\\\/person\\\/9cd9d437bbb44f72b73ba127e06d8e79\",\"name\":\"admin\",\"image\":{\"@type\":\"ImageObject\",\"inLanguage\":\"tr\",\"@id\":\"https:\\\/\\\/secure.gravatar.com\\\/avatar\\\/ccc17943b9d660506c869530f897617f7cb1c21a4bf30023f252596d83e1f007?s=96&d=mm&r=g\",\"url\":\"https:\\\/\\\/secure.gravatar.com\\\/avatar\\\/ccc17943b9d660506c869530f897617f7cb1c21a4bf30023f252596d83e1f007?s=96&d=mm&r=g\",\"contentUrl\":\"https:\\\/\\\/secure.gravatar.com\\\/avatar\\\/ccc17943b9d660506c869530f897617f7cb1c21a4bf30023f252596d83e1f007?s=96&d=mm&r=g\",\"caption\":\"admin\"},\"sameAs\":[\"https:\\\/\\\/kibrisdakik.com\"],\"url\":\"https:\\\/\\\/kibrisdakik.com\\\/?author=1\"}]}<\/script>\n<!-- \/ Yoast SEO plugin. -->","yoast_head_json":{"title":"\u0130srail yine gazetecilere sald\u0131rd\u0131 -","robots":{"index":"index","follow":"follow","max-snippet":"max-snippet:-1","max-image-preview":"max-image-preview:large","max-video-preview":"max-video-preview:-1"},"canonical":"https:\/\/kibrisdakik.com\/?p=72483","og_locale":"tr_TR","og_type":"article","og_title":"\u0130srail yine gazetecilere sald\u0131rd\u0131 -","og_description":"\u0130srail\u2019in Gazze \u015eeridi\u2019nin orta kesimindeki Nusayrat M\u00fclteci Kamp\u0131\u2019nda El-Kuds el-Yevm (alqudstoday-tv) televizyonuna ait canl\u0131 yay\u0131n arac\u0131na d\u00fczenledi\u011fi bombal\u0131 sald\u0131r\u0131da 5 gazetecinin \u00f6ld\u00fc\u011f\u00fc bildirildi. Gazze\u2019deki h\u00fck\u00fcmetin Medya Ofisinden yap\u0131lan a\u00e7\u0131klamada, \u0130srail\u2019in Gazze \u015eeridi\u2019nin orta kesimindeki Nusayrat M\u00fclteci Kamp\u0131\u2019nda El-Kuds el-Yevm (alqudstoday-tv) televizyonuna ait canl\u0131 yay\u0131n arac\u0131na bombal\u0131 sald\u0131r\u0131 d\u00fczenledi\u011fi belirtildi. Sald\u0131r\u0131da televizyon \u00e7al\u0131\u015fanlar\u0131ndan 5\u2019inin hayat\u0131n\u0131 kaybetti\u011fi","og_url":"https:\/\/kibrisdakik.com\/?p=72483","article_published_time":"2024-12-26T07:45:29+00:00","og_image":[{"width":747,"height":289,"url":"https:\/\/kibrisdakik.com\/wp-content\/uploads\/2024\/12\/sldkaslskda-740x289.jpg","type":"image\/jpeg"}],"author":"admin","twitter_card":"summary_large_image","twitter_misc":{"Yazan:":"admin","Tahmini okuma s\u00fcresi":"2 dakika"},"schema":{"@context":"https:\/\/schema.org","@graph":[{"@type":"Article","@id":"https:\/\/kibrisdakik.com\/?p=72483#article","isPartOf":{"@id":"https:\/\/kibrisdakik.com\/?p=72483"},"author":{"name":"admin","@id":"https:\/\/kibrisdakik.com\/#\/schema\/person\/9cd9d437bbb44f72b73ba127e06d8e79"},"headline":"\u0130srail yine gazetecilere sald\u0131rd\u0131","datePublished":"2024-12-26T07:45:29+00:00","mainEntityOfPage":{"@id":"https:\/\/kibrisdakik.com\/?p=72483"},"wordCount":339,"commentCount":0,"image":{"@id":"https:\/\/kibrisdakik.com\/?p=72483#primaryimage"},"thumbnailUrl":"https:\/\/kibrisdakik.com\/wp-content\/uploads\/2024\/12\/sldkaslskda-740x289.jpg","articleSection":["G\u00fcndem"],"inLanguage":"tr","potentialAction":[{"@type":"CommentAction","name":"Comment","target":["https:\/\/kibrisdakik.com\/?p=72483#respond"]}]},{"@type":"WebPage","@id":"https:\/\/kibrisdakik.com\/?p=72483","url":"https:\/\/kibrisdakik.com\/?p=72483","name":"\u0130srail yine gazetecilere sald\u0131rd\u0131 -","isPartOf":{"@id":"https:\/\/kibrisdakik.com\/#website"},"primaryImageOfPage":{"@id":"https:\/\/kibrisdakik.com\/?p=72483#primaryimage"},"image":{"@id":"https:\/\/kibrisdakik.com\/?p=72483#primaryimage"},"thumbnailUrl":"https:\/\/kibrisdakik.com\/wp-content\/uploads\/2024\/12\/sldkaslskda-740x289.jpg","datePublished":"2024-12-26T07:45:29+00:00","author":{"@id":"https:\/\/kibrisdakik.com\/#\/schema\/person\/9cd9d437bbb44f72b73ba127e06d8e79"},"breadcrumb":{"@id":"https:\/\/kibrisdakik.com\/?p=72483#breadcrumb"},"inLanguage":"tr","potentialAction":[{"@type":"ReadAction","target":["https:\/\/kibrisdakik.com\/?p=72483"]}]},{"@type":"ImageObject","inLanguage":"tr","@id":"https:\/\/kibrisdakik.com\/?p=72483#primaryimage","url":"https:\/\/kibrisdakik.com\/wp-content\/uploads\/2024\/12\/sldkaslskda-740x289.jpg","contentUrl":"https:\/\/kibrisdakik.com\/wp-content\/uploads\/2024\/12\/sldkaslskda-740x289.jpg","width":747,"height":289},{"@type":"BreadcrumbList","@id":"https:\/\/kibrisdakik.com\/?p=72483#breadcrumb","itemListElement":[{"@type":"ListItem","position":1,"name":"Home","item":"https:\/\/kibrisdakik.com\/"},{"@type":"ListItem","position":2,"name":"\u0130srail yine gazetecilere sald\u0131rd\u0131"}]},{"@type":"WebSite","@id":"https:\/\/kibrisdakik.com\/#website","url":"https:\/\/kibrisdakik.com\/","name":"","description":"Tam vaktinde haber","potentialAction":[{"@type":"SearchAction","target":{"@type":"EntryPoint","urlTemplate":"https:\/\/kibrisdakik.com\/?s={search_term_string}"},"query-input":{"@type":"PropertyValueSpecification","valueRequired":true,"valueName":"search_term_string"}}],"inLanguage":"tr"},{"@type":"Person","@id":"https:\/\/kibrisdakik.com\/#\/schema\/person\/9cd9d437bbb44f72b73ba127e06d8e79","name":"admin","image":{"@type":"ImageObject","inLanguage":"tr","@id":"https:\/\/secure.gravatar.com\/avatar\/ccc17943b9d660506c869530f897617f7cb1c21a4bf30023f252596d83e1f007?s=96&d=mm&r=g","url":"https:\/\/secure.gravatar.com\/avatar\/ccc17943b9d660506c869530f897617f7cb1c21a4bf30023f252596d83e1f007?s=96&d=mm&r=g","contentUrl":"https:\/\/secure.gravatar.com\/avatar\/ccc17943b9d660506c869530f897617f7cb1c21a4bf30023f252596d83e1f007?s=96&d=mm&r=g","caption":"admin"},"sameAs":["https:\/\/kibrisdakik.com"],"url":"https:\/\/kibrisdakik.com\/?author=1"}]}},"_links":{"self":[{"href":"https:\/\/kibrisdakik.com\/index.php?rest_route=\/wp\/v2\/posts\/72483","targetHints":{"allow":["GET"]}}],"collection":[{"href":"https:\/\/kibrisdakik.com\/index.php?rest_route=\/wp\/v2\/posts"}],"about":[{"href":"https:\/\/kibrisdakik.com\/index.php?rest_route=\/wp\/v2\/types\/post"}],"author":[{"embeddable":true,"href":"https:\/\/kibrisdakik.com\/index.php?rest_route=\/wp\/v2\/users\/1"}],"replies":[{"embeddable":true,"href":"https:\/\/kibrisdakik.com\/index.php?rest_route=%2Fwp%2Fv2%2Fcomments&post=72483"}],"version-history":[{"count":0,"href":"https:\/\/kibrisdakik.com\/index.php?rest_route=\/wp\/v2\/posts\/72483\/revisions"}],"wp:featuredmedia":[{"embeddable":true,"href":"https:\/\/kibrisdakik.com\/index.php?rest_route=\/wp\/v2\/media\/72484"}],"wp:attachment":[{"href":"https:\/\/kibrisdakik.com\/index.php?rest_route=%2Fwp%2Fv2%2Fmedia&parent=72483"}],"wp:term":[{"taxonomy":"category","embeddable":true,"href":"https:\/\/kibrisdakik.com\/index.php?rest_route=%2Fwp%2Fv2%2Fcategories&post=72483"},{"taxonomy":"post_tag","embeddable":true,"href":"https:\/\/kibrisdakik.com\/index.php?rest_route=%2Fwp%2Fv2%2Ftags&post=72483"}],"curies":[{"name":"wp","href":"https:\/\/api.w.org\/{rel}","templated":true}]}}