{"id":72526,"date":"2024-12-27T23:12:26","date_gmt":"2024-12-27T20:12:26","guid":{"rendered":"https:\/\/kibrisdakik.com\/index.php\/2024\/12\/27\/cumhurbaskanliginda-basin-resepsiyonu-duzenlendi-2\/"},"modified":"2024-12-27T23:12:26","modified_gmt":"2024-12-27T20:12:26","slug":"cumhurbaskanliginda-basin-resepsiyonu-duzenlendi-2","status":"publish","type":"post","link":"https:\/\/kibrisdakik.com\/?p=72526","title":{"rendered":"Cumhurba\u015fkanl\u0131\u011f\u0131\u2019nda bas\u0131n resepsiyonu d\u00fczenlendi"},"content":{"rendered":"<div>\n<div class=\"mariselle-image-container center\">\n                                            <\/div>\n<p>Cumhurba\u015fkan\u0131 Ersin Tatar ve e\u015fi Sibel Tatar, yeni y\u0131l m\u00fcnasebetiyle bas\u0131na bir resepsiyon d\u00fczenledi.<\/p>\n<p>Cumhurba\u015fkan\u0131 Ersin Tatar resepsiyonda yapt\u0131\u011f\u0131 konu\u015fmada, 2024 y\u0131l\u0131n\u0131 geride b\u0131rak\u0131rken 2025 y\u0131l\u0131n\u0131n Kuzey K\u0131br\u0131s T\u00fcrk Cumhuriyeti\u2019ne, Anavatan T\u00fcrkiye Cumhuriyeti\u2019ne, T\u00fcrk D\u00fcnyas\u0131na ve insanl\u0131\u011fa hay\u0131rl\u0131lara vesile olmas\u0131n\u0131 diledi.<\/p>\n<p>T\u00fcrkmenk\u00f6y\u2019de bug\u00fcn \u015eampiyon Melekler\u2019in ad\u0131n\u0131 ya\u015fatmak i\u00e7in yap\u0131lan park\u0131n a\u00e7\u0131l\u0131\u015f\u0131nda duygulu anlar ya\u015fand\u0131\u011f\u0131n\u0131 anlatan Cumhurba\u015fkan\u0131 Tatar, gelecekte ne olaca\u011f\u0131n\u0131n belli olmad\u0131\u011f\u0131na i\u015faret etti ancak tek ger\u00e7e\u011fin Kuzey K\u0131br\u0131s T\u00fcrk Cumhuriyeti oldu\u011funa dikkat \u00e7ekti.<\/p>\n<p>Kuzey K\u0131br\u0131s T\u00fcrk Cumhuriyeti\u2019nde, bar\u0131\u015f ve huzur i\u00e7inde ya\u015fan\u0131ld\u0131\u011f\u0131n\u0131 aktaran Cumhurba\u015fkan\u0131 Tatar, g\u00fczel insanlar\u0131n\u0131n birlikte m\u00fccadele etti\u011fini ve hak aray\u0131\u015flar\u0131n\u0131n uzla\u015f\u0131yla sonu\u00e7land\u0131\u011f\u0131n\u0131, insanlar\u0131n birbirini sevdi\u011fi bir \u00fclkede ya\u015fan\u0131ld\u0131\u011f\u0131n\u0131 vurgulad\u0131.<\/p>\n<p>Cumhurba\u015fkan\u0131 Tatar konu\u015fmas\u0131n\u0131n devam\u0131nda kendi \u00f6z de\u011ferleri, kurum ve kurulu\u015flar\u0131yla Kuzey K\u0131br\u0131s T\u00fcrk Cumhuriyeti\u2019nin gelece\u011fe g\u00fc\u00e7lenerek y\u00fcr\u00fcmesinin herkesin temennisi oldu\u011funu kaydetti.<\/p>\n<p>\u0130\u00e7inde bulunulan ileti\u015fim \u00e7a\u011f\u0131nda habere an\u0131nda ula\u015fma ve yayma konusunda bas\u0131n \u00e7al\u0131\u015fanlar\u0131na b\u00fcy\u00fck g\u00f6revler d\u00fc\u015ft\u00fc\u011f\u00fcn\u00fc dile getiren Cumhurba\u015fkan\u0131 Tatar, ge\u00e7mi\u015fe g\u00f6re imkanlar\u0131n ve haber yay\u0131nlayanlar\u0131n say\u0131s\u0131n\u0131n artt\u0131\u011f\u0131n\u0131 dile getirdi.<\/p>\n<p>\u00c7ok seslili\u011fin \u00f6nemli oldu\u011funu aktaran Cumhurba\u015fkan\u0131 Tatar, ge\u00e7mi\u015f y\u0131llara g\u00f6re g\u00fcn\u00fcm\u00fczde bas\u0131n ve haber yapma \u00f6zg\u00fcrl\u00fc\u011f\u00fcn\u00fcn daha iyi bir durumda oldu\u011funu kaydetti. Cumhurba\u015fkan\u0131 Tatar, ileti\u015fim teknolojilerinin geli\u015fmesiyle K\u0131br\u0131s T\u00fcrk\u00fc\u2019n\u00fcn sesini d\u00fcnyaya duyurdu\u011funu ve \u00fclke kamuoyunun bilgilendirildi\u011fini vurgulad\u0131.<\/p>\n<p>Devlet yay\u0131n organlar\u0131 ve \u00f6zel medya kurulu\u015flar\u0131n\u0131n b\u00fcy\u00fck bir aile oldu\u011funu ifade eden Cumhurba\u015fkan\u0131 Tatar, bas\u0131n \u00e7al\u0131\u015fanlar\u0131n\u0131 yapt\u0131klar\u0131 \u00f6zverili \u00e7al\u0131\u015fmalardan dolay\u0131 kutlad\u0131 ve ba\u015far\u0131lar diledi.<\/p>\n<p>Cumhurba\u015fkan\u0131 se\u00e7ildikten sonra d\u00fcnyan\u0131n bir\u00e7ok \u00fclkesine gidip, K\u0131br\u0131s T\u00fcrk\u00fc\u2019n\u00fcn hakl\u0131 davas\u0131n\u0131 anlatt\u0131\u011f\u0131n\u0131 dile getiren Cumhurba\u015fkan\u0131 Tatar, \u00fclkemizde ise s\u00fcrekli halk\u0131yla bir araya geldi\u011fini belirtti.<\/p>\n<p>\u201c\u00dclk\u00fcm\u00fcz tek y\u00fcrek olmak. Devletimizi tan\u0131tmak ve d\u00fcnyaya kabul ettirmek\u201d diyen Cumhurba\u015fkan\u0131 Tatar, tan\u0131nma konusunda T\u00fcrk D\u00fcnyas\u0131\u2019nda ilerlemeler sa\u011fland\u0131\u011f\u0131n\u0131 aktard\u0131.<\/p>\n<p>K\u0131br\u0131s\u2019ta iki ayr\u0131 halk ve iki ayr\u0131 devlet oldu\u011funun d\u00fcnya taraf\u0131ndan bilindi\u011fini anlatan Cumhurba\u015fkan\u0131 Tatar, iki devletli \u00e7\u00f6z\u00fcm siyaseti ve K\u0131br\u0131s T\u00fcrk\u00fc\u2019n\u00fcn egemenli\u011fin tan\u0131nmas\u0131n\u0131n \u00f6nemine dikkat \u00e7ekti.<\/p>\n<p>Egemen e\u015fitlik ve e\u015fit uluslararas\u0131 stat\u00fcn\u00fcn tescil edilmesiyle yeni ve resmi m\u00fczakerelere ba\u015flamaya haz\u0131r oldu\u011funu ifade eden Cumhurba\u015fkan\u0131 Tatar, hi\u00e7bir zaman Rum taraf\u0131yla diyalogdan ka\u00e7mad\u0131\u011f\u0131na ve Cumhurba\u015fkanl\u0131\u011f\u0131nda 2 toplumun yarar\u0131na \u00e7al\u0131\u015fan teknik komiteler bulundu\u011funa vurgu yapt\u0131.<\/p>\n<p>Birle\u015fmi\u015f Milletler ev sahipli\u011finde ekim ay\u0131nda New York\u2019taki gayr\u0131 resmi yemekte yeni s\u0131n\u0131r kap\u0131s\u0131n\u0131n a\u00e7\u0131lmas\u0131n\u0131 g\u00fcndeme geldi\u011fini belirten Cumhurba\u015fkan\u0131 Tatar, Metehan trafi\u011finin rahatlamas\u0131 i\u00e7in Haspolat\u2019a bir s\u0131n\u0131r kap\u0131s\u0131 a\u00e7\u0131lmas\u0131n\u0131 \u00f6nerdi\u011fini ancak Rum taraf\u0131n\u0131n ba\u015fka b\u00f6lgede transit ge\u00e7i\u015f istedi\u011fini kaydetti.<\/p>\n<p>Cumhurba\u015fkan\u0131 Tatar konu\u015fmas\u0131n\u0131n sonunda Mart ay\u0131nda \u0130svi\u00e7re\u2019de K\u0131br\u0131s T\u00fcrk ve Rum taraf\u0131, T\u00fcrkiye, Yunanistan ve \u0130ngiltere\u2019nin kat\u0131laca\u011f\u0131 geni\u015f kat\u0131l\u0131ml\u0131 bir toplant\u0131 yap\u0131lmas\u0131n\u0131n beklendi\u011fini s\u00f6zlerine ekledi.<\/p>\n<\/p><\/div>\n<p><script async\n                    defer\n                    crossorigin=\"anonymous\"\n                    src=\"https:\/\/connect.facebook.net\/tr_TR\/sdk.js#xfbml=1&#038;version=v3.3\"\n            ><\/script><\/p>\n","protected":false},"excerpt":{"rendered":"<p>Cumhurba\u015fkan\u0131 Ersin Tatar ve e\u015fi Sibel Tatar, yeni y\u0131l m\u00fcnasebetiyle bas\u0131na bir resepsiyon d\u00fczenledi. Cumhurba\u015fkan\u0131 Ersin Tatar resepsiyonda yapt\u0131\u011f\u0131 konu\u015fmada, 2024 y\u0131l\u0131n\u0131 geride b\u0131rak\u0131rken 2025 y\u0131l\u0131n\u0131n Kuzey K\u0131br\u0131s T\u00fcrk Cumhuriyeti\u2019ne, Anavatan T\u00fcrkiye Cumhuriyeti\u2019ne, T\u00fcrk D\u00fcnyas\u0131na ve insanl\u0131\u011fa hay\u0131rl\u0131lara vesile olmas\u0131n\u0131 diledi. T\u00fcrkmenk\u00f6y\u2019de bug\u00fcn \u015eampiyon Melekler\u2019in ad\u0131n\u0131 ya\u015fatmak i\u00e7in yap\u0131lan park\u0131n a\u00e7\u0131l\u0131\u015f\u0131nda duygulu anlar ya\u015fand\u0131\u011f\u0131n\u0131 anlatan<\/p>\n","protected":false},"author":1,"featured_media":72527,"comment_status":"open","ping_status":"open","sticky":false,"template":"","format":"standard","meta":{"footnotes":""},"categories":[81],"tags":[],"class_list":["post-72526","post","type-post","status-publish","format-standard","has-post-thumbnail","hentry","category-kibris"],"yoast_head":"<!-- This site is optimized with the Yoast SEO plugin v27.5 - https:\/\/yoast.com\/product\/yoast-seo-wordpress\/ -->\n<title>Cumhurba\u015fkanl\u0131\u011f\u0131\u2019nda bas\u0131n resepsiyonu d\u00fczenlendi -<\/title>\n<meta name=\"robots\" content=\"index, follow, max-snippet:-1, max-image-preview:large, max-video-preview:-1\" \/>\n<link rel=\"canonical\" href=\"https:\/\/kibrisdakik.com\/?p=72526\" \/>\n<meta property=\"og:locale\" content=\"tr_TR\" \/>\n<meta property=\"og:type\" content=\"article\" \/>\n<meta property=\"og:title\" content=\"Cumhurba\u015fkanl\u0131\u011f\u0131\u2019nda bas\u0131n resepsiyonu d\u00fczenlendi -\" \/>\n<meta property=\"og:description\" content=\"Cumhurba\u015fkan\u0131 Ersin Tatar ve e\u015fi Sibel Tatar, yeni y\u0131l m\u00fcnasebetiyle bas\u0131na bir resepsiyon d\u00fczenledi. Cumhurba\u015fkan\u0131 Ersin Tatar resepsiyonda yapt\u0131\u011f\u0131 konu\u015fmada, 2024 y\u0131l\u0131n\u0131 geride b\u0131rak\u0131rken 2025 y\u0131l\u0131n\u0131n Kuzey K\u0131br\u0131s T\u00fcrk Cumhuriyeti\u2019ne, Anavatan T\u00fcrkiye Cumhuriyeti\u2019ne, T\u00fcrk D\u00fcnyas\u0131na ve insanl\u0131\u011fa hay\u0131rl\u0131lara vesile olmas\u0131n\u0131 diledi. T\u00fcrkmenk\u00f6y\u2019de bug\u00fcn \u015eampiyon Melekler\u2019in ad\u0131n\u0131 ya\u015fatmak i\u00e7in yap\u0131lan park\u0131n a\u00e7\u0131l\u0131\u015f\u0131nda duygulu anlar ya\u015fand\u0131\u011f\u0131n\u0131 anlatan\" \/>\n<meta property=\"og:url\" content=\"https:\/\/kibrisdakik.com\/?p=72526\" \/>\n<meta property=\"article:published_time\" content=\"2024-12-27T20:12:26+00:00\" \/>\n<meta property=\"og:image\" content=\"https:\/\/kibrisdakik.com\/wp-content\/uploads\/2024\/12\/InShot_20241227_222204827-scaled-740x420.jpg\" \/>\n\t<meta property=\"og:image:width\" content=\"2560\" \/>\n\t<meta property=\"og:image:height\" content=\"1439\" \/>\n\t<meta property=\"og:image:type\" content=\"image\/jpeg\" \/>\n<meta name=\"author\" content=\"admin\" \/>\n<meta name=\"twitter:card\" content=\"summary_large_image\" \/>\n<meta name=\"twitter:label1\" content=\"Yazan:\" \/>\n\t<meta name=\"twitter:data1\" content=\"admin\" \/>\n\t<meta name=\"twitter:label2\" content=\"Tahmini okuma s\u00fcresi\" \/>\n\t<meta name=\"twitter:data2\" content=\"3 dakika\" \/>\n<script type=\"application\/ld+json\" class=\"yoast-schema-graph\">{\"@context\":\"https:\\\/\\\/schema.org\",\"@graph\":[{\"@type\":\"Article\",\"@id\":\"https:\\\/\\\/kibrisdakik.com\\\/?p=72526#article\",\"isPartOf\":{\"@id\":\"https:\\\/\\\/kibrisdakik.com\\\/?p=72526\"},\"author\":{\"name\":\"admin\",\"@id\":\"https:\\\/\\\/kibrisdakik.com\\\/#\\\/schema\\\/person\\\/9cd9d437bbb44f72b73ba127e06d8e79\"},\"headline\":\"Cumhurba\u015fkanl\u0131\u011f\u0131\u2019nda bas\u0131n resepsiyonu d\u00fczenlendi\",\"datePublished\":\"2024-12-27T20:12:26+00:00\",\"mainEntityOfPage\":{\"@id\":\"https:\\\/\\\/kibrisdakik.com\\\/?p=72526\"},\"wordCount\":662,\"commentCount\":0,\"image\":{\"@id\":\"https:\\\/\\\/kibrisdakik.com\\\/?p=72526#primaryimage\"},\"thumbnailUrl\":\"https:\\\/\\\/kibrisdakik.com\\\/wp-content\\\/uploads\\\/2024\\\/12\\\/InShot_20241227_222204827-scaled-740x420.jpg\",\"articleSection\":[\"K\u0131br\u0131s\"],\"inLanguage\":\"tr\",\"potentialAction\":[{\"@type\":\"CommentAction\",\"name\":\"Comment\",\"target\":[\"https:\\\/\\\/kibrisdakik.com\\\/?p=72526#respond\"]}]},{\"@type\":\"WebPage\",\"@id\":\"https:\\\/\\\/kibrisdakik.com\\\/?p=72526\",\"url\":\"https:\\\/\\\/kibrisdakik.com\\\/?p=72526\",\"name\":\"Cumhurba\u015fkanl\u0131\u011f\u0131\u2019nda bas\u0131n resepsiyonu d\u00fczenlendi -\",\"isPartOf\":{\"@id\":\"https:\\\/\\\/kibrisdakik.com\\\/#website\"},\"primaryImageOfPage\":{\"@id\":\"https:\\\/\\\/kibrisdakik.com\\\/?p=72526#primaryimage\"},\"image\":{\"@id\":\"https:\\\/\\\/kibrisdakik.com\\\/?p=72526#primaryimage\"},\"thumbnailUrl\":\"https:\\\/\\\/kibrisdakik.com\\\/wp-content\\\/uploads\\\/2024\\\/12\\\/InShot_20241227_222204827-scaled-740x420.jpg\",\"datePublished\":\"2024-12-27T20:12:26+00:00\",\"author\":{\"@id\":\"https:\\\/\\\/kibrisdakik.com\\\/#\\\/schema\\\/person\\\/9cd9d437bbb44f72b73ba127e06d8e79\"},\"breadcrumb\":{\"@id\":\"https:\\\/\\\/kibrisdakik.com\\\/?p=72526#breadcrumb\"},\"inLanguage\":\"tr\",\"potentialAction\":[{\"@type\":\"ReadAction\",\"target\":[\"https:\\\/\\\/kibrisdakik.com\\\/?p=72526\"]}]},{\"@type\":\"ImageObject\",\"inLanguage\":\"tr\",\"@id\":\"https:\\\/\\\/kibrisdakik.com\\\/?p=72526#primaryimage\",\"url\":\"https:\\\/\\\/kibrisdakik.com\\\/wp-content\\\/uploads\\\/2024\\\/12\\\/InShot_20241227_222204827-scaled-740x420.jpg\",\"contentUrl\":\"https:\\\/\\\/kibrisdakik.com\\\/wp-content\\\/uploads\\\/2024\\\/12\\\/InShot_20241227_222204827-scaled-740x420.jpg\",\"width\":2560,\"height\":1439},{\"@type\":\"BreadcrumbList\",\"@id\":\"https:\\\/\\\/kibrisdakik.com\\\/?p=72526#breadcrumb\",\"itemListElement\":[{\"@type\":\"ListItem\",\"position\":1,\"name\":\"Home\",\"item\":\"https:\\\/\\\/kibrisdakik.com\\\/\"},{\"@type\":\"ListItem\",\"position\":2,\"name\":\"Cumhurba\u015fkanl\u0131\u011f\u0131\u2019nda bas\u0131n resepsiyonu d\u00fczenlendi\"}]},{\"@type\":\"WebSite\",\"@id\":\"https:\\\/\\\/kibrisdakik.com\\\/#website\",\"url\":\"https:\\\/\\\/kibrisdakik.com\\\/\",\"name\":\"\",\"description\":\"Tam vaktinde haber\",\"potentialAction\":[{\"@type\":\"SearchAction\",\"target\":{\"@type\":\"EntryPoint\",\"urlTemplate\":\"https:\\\/\\\/kibrisdakik.com\\\/?s={search_term_string}\"},\"query-input\":{\"@type\":\"PropertyValueSpecification\",\"valueRequired\":true,\"valueName\":\"search_term_string\"}}],\"inLanguage\":\"tr\"},{\"@type\":\"Person\",\"@id\":\"https:\\\/\\\/kibrisdakik.com\\\/#\\\/schema\\\/person\\\/9cd9d437bbb44f72b73ba127e06d8e79\",\"name\":\"admin\",\"image\":{\"@type\":\"ImageObject\",\"inLanguage\":\"tr\",\"@id\":\"https:\\\/\\\/secure.gravatar.com\\\/avatar\\\/ccc17943b9d660506c869530f897617f7cb1c21a4bf30023f252596d83e1f007?s=96&d=mm&r=g\",\"url\":\"https:\\\/\\\/secure.gravatar.com\\\/avatar\\\/ccc17943b9d660506c869530f897617f7cb1c21a4bf30023f252596d83e1f007?s=96&d=mm&r=g\",\"contentUrl\":\"https:\\\/\\\/secure.gravatar.com\\\/avatar\\\/ccc17943b9d660506c869530f897617f7cb1c21a4bf30023f252596d83e1f007?s=96&d=mm&r=g\",\"caption\":\"admin\"},\"sameAs\":[\"https:\\\/\\\/kibrisdakik.com\"],\"url\":\"https:\\\/\\\/kibrisdakik.com\\\/?author=1\"}]}<\/script>\n<!-- \/ Yoast SEO plugin. -->","yoast_head_json":{"title":"Cumhurba\u015fkanl\u0131\u011f\u0131\u2019nda bas\u0131n resepsiyonu d\u00fczenlendi -","robots":{"index":"index","follow":"follow","max-snippet":"max-snippet:-1","max-image-preview":"max-image-preview:large","max-video-preview":"max-video-preview:-1"},"canonical":"https:\/\/kibrisdakik.com\/?p=72526","og_locale":"tr_TR","og_type":"article","og_title":"Cumhurba\u015fkanl\u0131\u011f\u0131\u2019nda bas\u0131n resepsiyonu d\u00fczenlendi -","og_description":"Cumhurba\u015fkan\u0131 Ersin Tatar ve e\u015fi Sibel Tatar, yeni y\u0131l m\u00fcnasebetiyle bas\u0131na bir resepsiyon d\u00fczenledi. Cumhurba\u015fkan\u0131 Ersin Tatar resepsiyonda yapt\u0131\u011f\u0131 konu\u015fmada, 2024 y\u0131l\u0131n\u0131 geride b\u0131rak\u0131rken 2025 y\u0131l\u0131n\u0131n Kuzey K\u0131br\u0131s T\u00fcrk Cumhuriyeti\u2019ne, Anavatan T\u00fcrkiye Cumhuriyeti\u2019ne, T\u00fcrk D\u00fcnyas\u0131na ve insanl\u0131\u011fa hay\u0131rl\u0131lara vesile olmas\u0131n\u0131 diledi. T\u00fcrkmenk\u00f6y\u2019de bug\u00fcn \u015eampiyon Melekler\u2019in ad\u0131n\u0131 ya\u015fatmak i\u00e7in yap\u0131lan park\u0131n a\u00e7\u0131l\u0131\u015f\u0131nda duygulu anlar ya\u015fand\u0131\u011f\u0131n\u0131 anlatan","og_url":"https:\/\/kibrisdakik.com\/?p=72526","article_published_time":"2024-12-27T20:12:26+00:00","og_image":[{"width":2560,"height":1439,"url":"https:\/\/kibrisdakik.com\/wp-content\/uploads\/2024\/12\/InShot_20241227_222204827-scaled-740x420.jpg","type":"image\/jpeg"}],"author":"admin","twitter_card":"summary_large_image","twitter_misc":{"Yazan:":"admin","Tahmini okuma s\u00fcresi":"3 dakika"},"schema":{"@context":"https:\/\/schema.org","@graph":[{"@type":"Article","@id":"https:\/\/kibrisdakik.com\/?p=72526#article","isPartOf":{"@id":"https:\/\/kibrisdakik.com\/?p=72526"},"author":{"name":"admin","@id":"https:\/\/kibrisdakik.com\/#\/schema\/person\/9cd9d437bbb44f72b73ba127e06d8e79"},"headline":"Cumhurba\u015fkanl\u0131\u011f\u0131\u2019nda bas\u0131n resepsiyonu d\u00fczenlendi","datePublished":"2024-12-27T20:12:26+00:00","mainEntityOfPage":{"@id":"https:\/\/kibrisdakik.com\/?p=72526"},"wordCount":662,"commentCount":0,"image":{"@id":"https:\/\/kibrisdakik.com\/?p=72526#primaryimage"},"thumbnailUrl":"https:\/\/kibrisdakik.com\/wp-content\/uploads\/2024\/12\/InShot_20241227_222204827-scaled-740x420.jpg","articleSection":["K\u0131br\u0131s"],"inLanguage":"tr","potentialAction":[{"@type":"CommentAction","name":"Comment","target":["https:\/\/kibrisdakik.com\/?p=72526#respond"]}]},{"@type":"WebPage","@id":"https:\/\/kibrisdakik.com\/?p=72526","url":"https:\/\/kibrisdakik.com\/?p=72526","name":"Cumhurba\u015fkanl\u0131\u011f\u0131\u2019nda bas\u0131n resepsiyonu d\u00fczenlendi -","isPartOf":{"@id":"https:\/\/kibrisdakik.com\/#website"},"primaryImageOfPage":{"@id":"https:\/\/kibrisdakik.com\/?p=72526#primaryimage"},"image":{"@id":"https:\/\/kibrisdakik.com\/?p=72526#primaryimage"},"thumbnailUrl":"https:\/\/kibrisdakik.com\/wp-content\/uploads\/2024\/12\/InShot_20241227_222204827-scaled-740x420.jpg","datePublished":"2024-12-27T20:12:26+00:00","author":{"@id":"https:\/\/kibrisdakik.com\/#\/schema\/person\/9cd9d437bbb44f72b73ba127e06d8e79"},"breadcrumb":{"@id":"https:\/\/kibrisdakik.com\/?p=72526#breadcrumb"},"inLanguage":"tr","potentialAction":[{"@type":"ReadAction","target":["https:\/\/kibrisdakik.com\/?p=72526"]}]},{"@type":"ImageObject","inLanguage":"tr","@id":"https:\/\/kibrisdakik.com\/?p=72526#primaryimage","url":"https:\/\/kibrisdakik.com\/wp-content\/uploads\/2024\/12\/InShot_20241227_222204827-scaled-740x420.jpg","contentUrl":"https:\/\/kibrisdakik.com\/wp-content\/uploads\/2024\/12\/InShot_20241227_222204827-scaled-740x420.jpg","width":2560,"height":1439},{"@type":"BreadcrumbList","@id":"https:\/\/kibrisdakik.com\/?p=72526#breadcrumb","itemListElement":[{"@type":"ListItem","position":1,"name":"Home","item":"https:\/\/kibrisdakik.com\/"},{"@type":"ListItem","position":2,"name":"Cumhurba\u015fkanl\u0131\u011f\u0131\u2019nda bas\u0131n resepsiyonu d\u00fczenlendi"}]},{"@type":"WebSite","@id":"https:\/\/kibrisdakik.com\/#website","url":"https:\/\/kibrisdakik.com\/","name":"","description":"Tam vaktinde haber","potentialAction":[{"@type":"SearchAction","target":{"@type":"EntryPoint","urlTemplate":"https:\/\/kibrisdakik.com\/?s={search_term_string}"},"query-input":{"@type":"PropertyValueSpecification","valueRequired":true,"valueName":"search_term_string"}}],"inLanguage":"tr"},{"@type":"Person","@id":"https:\/\/kibrisdakik.com\/#\/schema\/person\/9cd9d437bbb44f72b73ba127e06d8e79","name":"admin","image":{"@type":"ImageObject","inLanguage":"tr","@id":"https:\/\/secure.gravatar.com\/avatar\/ccc17943b9d660506c869530f897617f7cb1c21a4bf30023f252596d83e1f007?s=96&d=mm&r=g","url":"https:\/\/secure.gravatar.com\/avatar\/ccc17943b9d660506c869530f897617f7cb1c21a4bf30023f252596d83e1f007?s=96&d=mm&r=g","contentUrl":"https:\/\/secure.gravatar.com\/avatar\/ccc17943b9d660506c869530f897617f7cb1c21a4bf30023f252596d83e1f007?s=96&d=mm&r=g","caption":"admin"},"sameAs":["https:\/\/kibrisdakik.com"],"url":"https:\/\/kibrisdakik.com\/?author=1"}]}},"_links":{"self":[{"href":"https:\/\/kibrisdakik.com\/index.php?rest_route=\/wp\/v2\/posts\/72526","targetHints":{"allow":["GET"]}}],"collection":[{"href":"https:\/\/kibrisdakik.com\/index.php?rest_route=\/wp\/v2\/posts"}],"about":[{"href":"https:\/\/kibrisdakik.com\/index.php?rest_route=\/wp\/v2\/types\/post"}],"author":[{"embeddable":true,"href":"https:\/\/kibrisdakik.com\/index.php?rest_route=\/wp\/v2\/users\/1"}],"replies":[{"embeddable":true,"href":"https:\/\/kibrisdakik.com\/index.php?rest_route=%2Fwp%2Fv2%2Fcomments&post=72526"}],"version-history":[{"count":0,"href":"https:\/\/kibrisdakik.com\/index.php?rest_route=\/wp\/v2\/posts\/72526\/revisions"}],"wp:featuredmedia":[{"embeddable":true,"href":"https:\/\/kibrisdakik.com\/index.php?rest_route=\/wp\/v2\/media\/72527"}],"wp:attachment":[{"href":"https:\/\/kibrisdakik.com\/index.php?rest_route=%2Fwp%2Fv2%2Fmedia&parent=72526"}],"wp:term":[{"taxonomy":"category","embeddable":true,"href":"https:\/\/kibrisdakik.com\/index.php?rest_route=%2Fwp%2Fv2%2Fcategories&post=72526"},{"taxonomy":"post_tag","embeddable":true,"href":"https:\/\/kibrisdakik.com\/index.php?rest_route=%2Fwp%2Fv2%2Ftags&post=72526"}],"curies":[{"name":"wp","href":"https:\/\/api.w.org\/{rel}","templated":true}]}}