{"id":72599,"date":"2024-12-29T15:24:51","date_gmt":"2024-12-29T12:24:51","guid":{"rendered":"https:\/\/kibrisdakik.com\/index.php\/2024\/12\/29\/gazeteciler-birligi2025te-gazeteciler-agir-cezada-yargilanmasin-diye-mucadelemizi-artiracagiz\/"},"modified":"2024-12-29T15:24:51","modified_gmt":"2024-12-29T12:24:51","slug":"gazeteciler-birligi2025te-gazeteciler-agir-cezada-yargilanmasin-diye-mucadelemizi-artiracagiz","status":"publish","type":"post","link":"https:\/\/kibrisdakik.com\/?p=72599","title":{"rendered":"Gazeteciler Birli\u011fi:2025\u2019te gazeteciler a\u011f\u0131r cezada yarg\u0131lanmas\u0131n diye m\u00fccadelemizi art\u0131raca\u011f\u0131z"},"content":{"rendered":"<div>\n<div class=\"mariselle-image-container center\">\n                                            <\/div>\n<p> K\u0131br\u0131s T\u00fcrk Gazeteciler Birli\u011fi (KTGB) Ba\u015fkan\u0131 Efdal Keser, 2025\u2019te gazetecilerin yazd\u0131klar\u0131ndan ve d\u00fc\u015f\u00fcnd\u00fcklerini ifade ettiklerinden dolay\u0131 a\u011f\u0131r ceza mahkemelerinde yarg\u0131lanmas\u0131n\u0131n \u00f6n\u00fcne ge\u00e7mek; etik kurallar\u0131n yayg\u0131nla\u015fmas\u0131n\u0131 sa\u011flamak ve k\u00fcnyesiz internet gazeteleriyle m\u00fccadele i\u00e7in giri\u015fimlerini art\u0131rarak etkinle\u015ftireceklerini vurgulad\u0131.<\/p>\n<p>Keser, KTGB ad\u0131na yay\u0131mlad\u0131\u011f\u0131 yeni y\u0131l mesaj\u0131nda, 2024\u2019\u00fcn genelde d\u00fcnyada, \u00f6zelde ise \u00fclkede ya\u015fayan herkes ve her kesim i\u00e7in pek de iyi bir y\u0131l olmad\u0131\u011f\u0131n\u0131 ifade etti.<\/p>\n<p>K\u0131br\u0131s T\u00fcrk Gazeteciler Birli\u011fi Y\u00f6netim Kurulu ad\u0131na yaz\u0131l\u0131 a\u00e7\u0131klama yapan Keser, \u201cYeni bir y\u0131la yeni umutlarla girmeye haz\u0131rlan\u0131yoruz. Geride b\u0131rakmak \u00fczere oldu\u011fumuz y\u0131l, genelde d\u00fcnyada \u00f6zelde ise \u00fclkemizde ya\u015fayan herkes ve her kesim i\u00e7in pek de iyi bir y\u0131l olmad\u0131. \u00dclkenin geneli ile ilgili de\u011ferlendirmeleri elbette ki \u00fclkeyi y\u00f6netenler yapacaklar veya yap\u0131yorlard\u0131r.\u201d ifadelerine yer verdi.<\/p>\n<p>K\u0131br\u0131s T\u00fcrk medyas\u0131 olarak 2024\u2019\u00fcn g\u00fczel haberleri payla\u015ft\u0131klar\u0131 bir y\u0131l olmad\u0131\u011f\u0131n\u0131 vurgulayan Keser, bas\u0131n\u0131n neden \u00f6zg\u00fcr olmas\u0131 gerekti\u011fini bir y\u0131l boyunca anlatmaya \u00e7al\u0131\u015ft\u0131klar\u0131n\u0131 ancak h\u00e2l\u00e2 bunun toplum i\u00e7in ne kadar gerekli oldu\u011funu anlamayanlar\u0131n bulundu\u011funu belirtti.<\/p>\n<p>\u2013 \u201cBizler h\u00e2l\u00e2 gazetecilerin A\u011f\u0131r Ceza Mahkemeleri\u2019nde yarg\u0131lanmamas\u0131 i\u00e7in m\u00fccadele veriyoruz\u201d<\/p>\n<p>Keser, \u201cBas\u0131n, d\u00fc\u015f\u00fcnce ve ifade \u00f6zg\u00fcrl\u00fckleri Anayasa\u2019n\u0131n 24, 26 ve 27\u2019nci maddelerinde g\u00fcvence alt\u0131na al\u0131nm\u0131\u015f olmas\u0131na ra\u011fmen, bizler h\u00e2l\u00e2 gazetecilerin a\u011f\u0131r ceza mahkemelerinde yarg\u0131lanmamas\u0131 i\u00e7in m\u00fccadele veriyoruz.\u201d dedi.<\/p>\n<p>\u0130lgili yasalarda yap\u0131lacak baz\u0131 de\u011fi\u015fikliklerle gazetecilerin a\u011f\u0131r cezalarda yarg\u0131lanmas\u0131n\u0131n \u00f6n\u00fcne ge\u00e7ilebilece\u011fi ger\u00e7e\u011fi ortada dururken, ilgili mercilerin bu konuda sessiz kalmalar\u0131n\u0131n olduk\u00e7a d\u00fc\u015f\u00fcnd\u00fcr\u00fcc\u00fc oldu\u011funu dile getiren Keser; topluma mal olmu\u015f, mevki ve makam sahibi ki\u015filerin \u00f6zellikle siyasilerin, herkesten daha \u00e7ok ho\u015f g\u00f6r\u00fcl\u00fc olmas\u0131 gerekti\u011fi g\u00f6r\u00fc\u015f\u00fcn\u00fcn ise Avrupa \u0130nsan Haklar\u0131 Mahkemesi duru\u015fmalar\u0131nda tutanaklarda yer ald\u0131\u011f\u0131n\u0131 hat\u0131rlatt\u0131.<\/p>\n<p>\u201cHaks\u0131zl\u0131\u011fa veya hakarete u\u011frad\u0131\u011f\u0131na inanan ya da ki\u015filik haklar\u0131n\u0131n zedelendi\u011fini iddia eden her ki\u015fi, mevki ve makam\u0131 ne olursa olsun Fas\u0131l 148 Haks\u0131z Fiiller Yasas\u0131\u2019n\u0131n 17\u2019nci maddesi gere\u011fince zem ve kadih davas\u0131 a\u00e7abilir.\u201d diyen Keser, buna ra\u011fmen toplumu bilgilendirerek toplum bek\u00e7ili\u011fi g\u00f6revi de olan gazetecilerin, a\u011f\u0131r ceza mahkemelerine sevk edilmesini veya polise \u00e7a\u011fr\u0131larak ifadesinin al\u0131nmas\u0131n\u0131 medyay\u0131 korkutmaya ve susturmaya y\u00f6nelik davran\u0131\u015flar olarak de\u011ferlendirdiklerini ifade etti.<\/p>\n<p>\u2013 \u201c2024\u2019te en fazla konu\u015ftu\u011fumuz konular aras\u0131nda yine etik kurallar vard\u0131\u201d<\/p>\n<p>2024 y\u0131l\u0131nda en fazla konu\u015ftuklar\u0131 konular aras\u0131nda yine etik kurallar oldu\u011funa dikkat \u00e7eken Keser, \u015f\u00f6yle devam etti:<\/p>\n<p>\u201cZanl\u0131 ve san\u0131k ay\u0131r\u0131m\u0131n\u0131n yap\u0131lmad\u0131\u011f\u0131, mahk\u00fbmiyeti kesinle\u015fmemi\u015f ki\u015filerin a\u00e7\u0131k isim ve g\u00f6r\u00fcnt\u00fcleriyle de\u015fifre edildi\u011fi, toplumda rahats\u0131zl\u0131k yaratacak g\u00f6r\u00fcnt\u00fclerin yer ald\u0131\u011f\u0131, 18 ya\u015f\u0131n alt\u0131nda re\u015fit olarak kabul edilmeyen zanl\u0131lar\u0131n g\u00f6r\u00fcnt\u00fclerinin ve isimlerinin yay\u0131mland\u0131\u011f\u0131 haberler nedeniyle tart\u0131\u015fmalar\u0131n ya\u015fand\u0131\u011f\u0131 bir y\u0131l\u0131 geride b\u0131rak\u0131yoruz. Bu noktada \u015fu \u00f6zele\u015ftiriyi yapmak durumunday\u0131m. Maalesef baz\u0131 yay\u0131n kurulu\u015flar\u0131m\u0131z su\u00e7u h\u00fckmen sabit oluncaya kadar ki\u015fi haklar\u0131n\u0131 zedeleyen ifadelerden ka\u00e7\u0131nmam\u0131\u015f ve \u2018su\u00e7u ispatlanana kadar herkes masumdur\u2019 ilkesini g\u00f6z \u00f6n\u00fcnde bulundurmam\u0131\u015ft\u0131r.<\/p>\n<p>\u0130nternet arac\u0131l\u0131\u011f\u0131yla k\u00fcnyesiz, kimin veya kimlerin hangi ama\u00e7la yay\u0131mlad\u0131\u011f\u0131 belli olmayan ancak her ge\u00e7en y\u0131l biraz daha fazlala\u015fan tek sayfal\u0131k gazetelerin topluma yarardan \u00e7ok zarar\u0131 dokundu\u011funu da yine 2024\u2019te i\u00e7inde ya\u015fad\u0131k. 2025\u2019te gazetecilerin yazd\u0131klar\u0131ndan, d\u00fc\u015f\u00fcnd\u00fcklerini ifade ettiklerinden dolay\u0131 a\u011f\u0131r cezalarda yarg\u0131lanmas\u0131n\u0131n \u00f6n\u00fcne ge\u00e7mek; etik kurallar\u0131n yayg\u0131nla\u015fmas\u0131n\u0131 sa\u011flamak ve k\u00fcnyesiz \u2018gazeteler\u2019 ile m\u00fccadele i\u00e7in KTGB olarak giri\u015fimlerimizi art\u0131rarak etkinle\u015ftirece\u011fiz. Bu m\u00fccadele elbette ki medyan\u0131n ve toplumun deste\u011fi ile olacak.\u201d<\/p>\n<p>-\u201cMedya \u00e7al\u0131\u015fanlar\u0131 uyra\u0131c\u0131 olmal\u0131\u201d<\/p>\n<p>2025\u2019e girerken gelenekselle\u015fen ate\u015fli silahla kutlamalarla ilgili olarak polisin sert uyar\u0131lar\u0131 oldu\u011funu hat\u0131rlatan Keser, \u201cBu t\u00fcr davran\u0131\u015flar\u0131n sonu\u00e7lar\u0131n\u0131n a\u011f\u0131r ve \u00fcz\u00fcc\u00fc olabilece\u011fi ger\u00e7e\u011fi ile t\u00fcm medya \u00e7al\u0131\u015fanlar\u0131m\u0131z\u0131n bu konuda da uyar\u0131c\u0131 rol oynamalar\u0131n\u0131n toplum yarar\u0131na olaca\u011f\u0131na inan\u0131yorum.\u201d ifadesini kulland\u0131.<\/p>\n<p>Keser, yeni y\u0131l\u0131n daha \u00f6zg\u00fcr insanlar\u0131n ya\u015fad\u0131\u011f\u0131 bir d\u00fcnyan\u0131n ilk y\u0131l\u0131 olmas\u0131n\u0131; herkese sa\u011fl\u0131k, huzur, bar\u0131\u015f ve mutluluk getirmesini de diledi.<\/p>\n<\/p><\/div>\n<p><script async\n                    defer\n                    crossorigin=\"anonymous\"\n                    src=\"https:\/\/connect.facebook.net\/tr_TR\/sdk.js#xfbml=1&#038;version=v3.3\"\n            ><\/script><\/p>\n","protected":false},"excerpt":{"rendered":"<p>K\u0131br\u0131s T\u00fcrk Gazeteciler Birli\u011fi (KTGB) Ba\u015fkan\u0131 Efdal Keser, 2025\u2019te gazetecilerin yazd\u0131klar\u0131ndan ve d\u00fc\u015f\u00fcnd\u00fcklerini ifade ettiklerinden dolay\u0131 a\u011f\u0131r ceza mahkemelerinde yarg\u0131lanmas\u0131n\u0131n \u00f6n\u00fcne ge\u00e7mek; etik kurallar\u0131n yayg\u0131nla\u015fmas\u0131n\u0131 sa\u011flamak ve k\u00fcnyesiz internet gazeteleriyle m\u00fccadele i\u00e7in giri\u015fimlerini art\u0131rarak etkinle\u015ftireceklerini vurgulad\u0131. Keser, KTGB ad\u0131na yay\u0131mlad\u0131\u011f\u0131 yeni y\u0131l mesaj\u0131nda, 2024\u2019\u00fcn genelde d\u00fcnyada, \u00f6zelde ise \u00fclkede ya\u015fayan herkes ve her kesim i\u00e7in<\/p>\n","protected":false},"author":1,"featured_media":40050,"comment_status":"open","ping_status":"open","sticky":false,"template":"","format":"standard","meta":{"footnotes":""},"categories":[81],"tags":[],"class_list":["post-72599","post","type-post","status-publish","format-standard","has-post-thumbnail","hentry","category-kibris"],"yoast_head":"<!-- This site is optimized with the Yoast SEO plugin v27.4 - https:\/\/yoast.com\/product\/yoast-seo-wordpress\/ -->\n<title>Gazeteciler Birli\u011fi:2025\u2019te gazeteciler a\u011f\u0131r cezada yarg\u0131lanmas\u0131n diye m\u00fccadelemizi art\u0131raca\u011f\u0131z -<\/title>\n<meta name=\"robots\" content=\"index, follow, max-snippet:-1, max-image-preview:large, max-video-preview:-1\" \/>\n<link rel=\"canonical\" href=\"https:\/\/kibrisdakik.com\/?p=72599\" \/>\n<meta property=\"og:locale\" content=\"tr_TR\" \/>\n<meta property=\"og:type\" content=\"article\" \/>\n<meta property=\"og:title\" content=\"Gazeteciler Birli\u011fi:2025\u2019te gazeteciler a\u011f\u0131r cezada yarg\u0131lanmas\u0131n diye m\u00fccadelemizi art\u0131raca\u011f\u0131z -\" \/>\n<meta property=\"og:description\" content=\"K\u0131br\u0131s T\u00fcrk Gazeteciler Birli\u011fi (KTGB) Ba\u015fkan\u0131 Efdal Keser, 2025\u2019te gazetecilerin yazd\u0131klar\u0131ndan ve d\u00fc\u015f\u00fcnd\u00fcklerini ifade ettiklerinden dolay\u0131 a\u011f\u0131r ceza mahkemelerinde yarg\u0131lanmas\u0131n\u0131n \u00f6n\u00fcne ge\u00e7mek; etik kurallar\u0131n yayg\u0131nla\u015fmas\u0131n\u0131 sa\u011flamak ve k\u00fcnyesiz internet gazeteleriyle m\u00fccadele i\u00e7in giri\u015fimlerini art\u0131rarak etkinle\u015ftireceklerini vurgulad\u0131. Keser, KTGB ad\u0131na yay\u0131mlad\u0131\u011f\u0131 yeni y\u0131l mesaj\u0131nda, 2024\u2019\u00fcn genelde d\u00fcnyada, \u00f6zelde ise \u00fclkede ya\u015fayan herkes ve her kesim i\u00e7in\" \/>\n<meta property=\"og:url\" content=\"https:\/\/kibrisdakik.com\/?p=72599\" \/>\n<meta property=\"article:published_time\" content=\"2024-12-29T12:24:51+00:00\" \/>\n<meta property=\"og:image\" content=\"https:\/\/kibrisdakik.com\/wp-content\/uploads\/2024\/05\/ktgb.jpg\" \/>\n\t<meta property=\"og:image:width\" content=\"620\" \/>\n\t<meta property=\"og:image:height\" content=\"350\" \/>\n\t<meta property=\"og:image:type\" content=\"image\/jpeg\" \/>\n<meta name=\"author\" content=\"admin\" \/>\n<meta name=\"twitter:card\" content=\"summary_large_image\" \/>\n<meta name=\"twitter:label1\" content=\"Yazan:\" \/>\n\t<meta name=\"twitter:data1\" content=\"admin\" \/>\n\t<meta name=\"twitter:label2\" content=\"Tahmini okuma s\u00fcresi\" \/>\n\t<meta name=\"twitter:data2\" content=\"4 dakika\" \/>\n<script type=\"application\/ld+json\" class=\"yoast-schema-graph\">{\"@context\":\"https:\\\/\\\/schema.org\",\"@graph\":[{\"@type\":\"Article\",\"@id\":\"https:\\\/\\\/kibrisdakik.com\\\/?p=72599#article\",\"isPartOf\":{\"@id\":\"https:\\\/\\\/kibrisdakik.com\\\/?p=72599\"},\"author\":{\"name\":\"admin\",\"@id\":\"https:\\\/\\\/kibrisdakik.com\\\/#\\\/schema\\\/person\\\/9cd9d437bbb44f72b73ba127e06d8e79\"},\"headline\":\"Gazeteciler Birli\u011fi:2025\u2019te gazeteciler a\u011f\u0131r cezada yarg\u0131lanmas\u0131n diye m\u00fccadelemizi art\u0131raca\u011f\u0131z\",\"datePublished\":\"2024-12-29T12:24:51+00:00\",\"mainEntityOfPage\":{\"@id\":\"https:\\\/\\\/kibrisdakik.com\\\/?p=72599\"},\"wordCount\":846,\"commentCount\":0,\"image\":{\"@id\":\"https:\\\/\\\/kibrisdakik.com\\\/?p=72599#primaryimage\"},\"thumbnailUrl\":\"https:\\\/\\\/kibrisdakik.com\\\/wp-content\\\/uploads\\\/2024\\\/05\\\/ktgb.jpg\",\"articleSection\":[\"K\u0131br\u0131s\"],\"inLanguage\":\"tr\",\"potentialAction\":[{\"@type\":\"CommentAction\",\"name\":\"Comment\",\"target\":[\"https:\\\/\\\/kibrisdakik.com\\\/?p=72599#respond\"]}]},{\"@type\":\"WebPage\",\"@id\":\"https:\\\/\\\/kibrisdakik.com\\\/?p=72599\",\"url\":\"https:\\\/\\\/kibrisdakik.com\\\/?p=72599\",\"name\":\"Gazeteciler Birli\u011fi:2025\u2019te gazeteciler a\u011f\u0131r cezada yarg\u0131lanmas\u0131n diye m\u00fccadelemizi art\u0131raca\u011f\u0131z -\",\"isPartOf\":{\"@id\":\"https:\\\/\\\/kibrisdakik.com\\\/#website\"},\"primaryImageOfPage\":{\"@id\":\"https:\\\/\\\/kibrisdakik.com\\\/?p=72599#primaryimage\"},\"image\":{\"@id\":\"https:\\\/\\\/kibrisdakik.com\\\/?p=72599#primaryimage\"},\"thumbnailUrl\":\"https:\\\/\\\/kibrisdakik.com\\\/wp-content\\\/uploads\\\/2024\\\/05\\\/ktgb.jpg\",\"datePublished\":\"2024-12-29T12:24:51+00:00\",\"author\":{\"@id\":\"https:\\\/\\\/kibrisdakik.com\\\/#\\\/schema\\\/person\\\/9cd9d437bbb44f72b73ba127e06d8e79\"},\"breadcrumb\":{\"@id\":\"https:\\\/\\\/kibrisdakik.com\\\/?p=72599#breadcrumb\"},\"inLanguage\":\"tr\",\"potentialAction\":[{\"@type\":\"ReadAction\",\"target\":[\"https:\\\/\\\/kibrisdakik.com\\\/?p=72599\"]}]},{\"@type\":\"ImageObject\",\"inLanguage\":\"tr\",\"@id\":\"https:\\\/\\\/kibrisdakik.com\\\/?p=72599#primaryimage\",\"url\":\"https:\\\/\\\/kibrisdakik.com\\\/wp-content\\\/uploads\\\/2024\\\/05\\\/ktgb.jpg\",\"contentUrl\":\"https:\\\/\\\/kibrisdakik.com\\\/wp-content\\\/uploads\\\/2024\\\/05\\\/ktgb.jpg\",\"width\":620,\"height\":350},{\"@type\":\"BreadcrumbList\",\"@id\":\"https:\\\/\\\/kibrisdakik.com\\\/?p=72599#breadcrumb\",\"itemListElement\":[{\"@type\":\"ListItem\",\"position\":1,\"name\":\"Home\",\"item\":\"https:\\\/\\\/kibrisdakik.com\\\/\"},{\"@type\":\"ListItem\",\"position\":2,\"name\":\"Gazeteciler Birli\u011fi:2025\u2019te gazeteciler a\u011f\u0131r cezada yarg\u0131lanmas\u0131n diye m\u00fccadelemizi art\u0131raca\u011f\u0131z\"}]},{\"@type\":\"WebSite\",\"@id\":\"https:\\\/\\\/kibrisdakik.com\\\/#website\",\"url\":\"https:\\\/\\\/kibrisdakik.com\\\/\",\"name\":\"\",\"description\":\"Tam vaktinde haber\",\"potentialAction\":[{\"@type\":\"SearchAction\",\"target\":{\"@type\":\"EntryPoint\",\"urlTemplate\":\"https:\\\/\\\/kibrisdakik.com\\\/?s={search_term_string}\"},\"query-input\":{\"@type\":\"PropertyValueSpecification\",\"valueRequired\":true,\"valueName\":\"search_term_string\"}}],\"inLanguage\":\"tr\"},{\"@type\":\"Person\",\"@id\":\"https:\\\/\\\/kibrisdakik.com\\\/#\\\/schema\\\/person\\\/9cd9d437bbb44f72b73ba127e06d8e79\",\"name\":\"admin\",\"image\":{\"@type\":\"ImageObject\",\"inLanguage\":\"tr\",\"@id\":\"https:\\\/\\\/secure.gravatar.com\\\/avatar\\\/ccc17943b9d660506c869530f897617f7cb1c21a4bf30023f252596d83e1f007?s=96&d=mm&r=g\",\"url\":\"https:\\\/\\\/secure.gravatar.com\\\/avatar\\\/ccc17943b9d660506c869530f897617f7cb1c21a4bf30023f252596d83e1f007?s=96&d=mm&r=g\",\"contentUrl\":\"https:\\\/\\\/secure.gravatar.com\\\/avatar\\\/ccc17943b9d660506c869530f897617f7cb1c21a4bf30023f252596d83e1f007?s=96&d=mm&r=g\",\"caption\":\"admin\"},\"sameAs\":[\"https:\\\/\\\/kibrisdakik.com\"],\"url\":\"https:\\\/\\\/kibrisdakik.com\\\/?author=1\"}]}<\/script>\n<!-- \/ Yoast SEO plugin. -->","yoast_head_json":{"title":"Gazeteciler Birli\u011fi:2025\u2019te gazeteciler a\u011f\u0131r cezada yarg\u0131lanmas\u0131n diye m\u00fccadelemizi art\u0131raca\u011f\u0131z -","robots":{"index":"index","follow":"follow","max-snippet":"max-snippet:-1","max-image-preview":"max-image-preview:large","max-video-preview":"max-video-preview:-1"},"canonical":"https:\/\/kibrisdakik.com\/?p=72599","og_locale":"tr_TR","og_type":"article","og_title":"Gazeteciler Birli\u011fi:2025\u2019te gazeteciler a\u011f\u0131r cezada yarg\u0131lanmas\u0131n diye m\u00fccadelemizi art\u0131raca\u011f\u0131z -","og_description":"K\u0131br\u0131s T\u00fcrk Gazeteciler Birli\u011fi (KTGB) Ba\u015fkan\u0131 Efdal Keser, 2025\u2019te gazetecilerin yazd\u0131klar\u0131ndan ve d\u00fc\u015f\u00fcnd\u00fcklerini ifade ettiklerinden dolay\u0131 a\u011f\u0131r ceza mahkemelerinde yarg\u0131lanmas\u0131n\u0131n \u00f6n\u00fcne ge\u00e7mek; etik kurallar\u0131n yayg\u0131nla\u015fmas\u0131n\u0131 sa\u011flamak ve k\u00fcnyesiz internet gazeteleriyle m\u00fccadele i\u00e7in giri\u015fimlerini art\u0131rarak etkinle\u015ftireceklerini vurgulad\u0131. Keser, KTGB ad\u0131na yay\u0131mlad\u0131\u011f\u0131 yeni y\u0131l mesaj\u0131nda, 2024\u2019\u00fcn genelde d\u00fcnyada, \u00f6zelde ise \u00fclkede ya\u015fayan herkes ve her kesim i\u00e7in","og_url":"https:\/\/kibrisdakik.com\/?p=72599","article_published_time":"2024-12-29T12:24:51+00:00","og_image":[{"width":620,"height":350,"url":"https:\/\/kibrisdakik.com\/wp-content\/uploads\/2024\/05\/ktgb.jpg","type":"image\/jpeg"}],"author":"admin","twitter_card":"summary_large_image","twitter_misc":{"Yazan:":"admin","Tahmini okuma s\u00fcresi":"4 dakika"},"schema":{"@context":"https:\/\/schema.org","@graph":[{"@type":"Article","@id":"https:\/\/kibrisdakik.com\/?p=72599#article","isPartOf":{"@id":"https:\/\/kibrisdakik.com\/?p=72599"},"author":{"name":"admin","@id":"https:\/\/kibrisdakik.com\/#\/schema\/person\/9cd9d437bbb44f72b73ba127e06d8e79"},"headline":"Gazeteciler Birli\u011fi:2025\u2019te gazeteciler a\u011f\u0131r cezada yarg\u0131lanmas\u0131n diye m\u00fccadelemizi art\u0131raca\u011f\u0131z","datePublished":"2024-12-29T12:24:51+00:00","mainEntityOfPage":{"@id":"https:\/\/kibrisdakik.com\/?p=72599"},"wordCount":846,"commentCount":0,"image":{"@id":"https:\/\/kibrisdakik.com\/?p=72599#primaryimage"},"thumbnailUrl":"https:\/\/kibrisdakik.com\/wp-content\/uploads\/2024\/05\/ktgb.jpg","articleSection":["K\u0131br\u0131s"],"inLanguage":"tr","potentialAction":[{"@type":"CommentAction","name":"Comment","target":["https:\/\/kibrisdakik.com\/?p=72599#respond"]}]},{"@type":"WebPage","@id":"https:\/\/kibrisdakik.com\/?p=72599","url":"https:\/\/kibrisdakik.com\/?p=72599","name":"Gazeteciler Birli\u011fi:2025\u2019te gazeteciler a\u011f\u0131r cezada yarg\u0131lanmas\u0131n diye m\u00fccadelemizi art\u0131raca\u011f\u0131z -","isPartOf":{"@id":"https:\/\/kibrisdakik.com\/#website"},"primaryImageOfPage":{"@id":"https:\/\/kibrisdakik.com\/?p=72599#primaryimage"},"image":{"@id":"https:\/\/kibrisdakik.com\/?p=72599#primaryimage"},"thumbnailUrl":"https:\/\/kibrisdakik.com\/wp-content\/uploads\/2024\/05\/ktgb.jpg","datePublished":"2024-12-29T12:24:51+00:00","author":{"@id":"https:\/\/kibrisdakik.com\/#\/schema\/person\/9cd9d437bbb44f72b73ba127e06d8e79"},"breadcrumb":{"@id":"https:\/\/kibrisdakik.com\/?p=72599#breadcrumb"},"inLanguage":"tr","potentialAction":[{"@type":"ReadAction","target":["https:\/\/kibrisdakik.com\/?p=72599"]}]},{"@type":"ImageObject","inLanguage":"tr","@id":"https:\/\/kibrisdakik.com\/?p=72599#primaryimage","url":"https:\/\/kibrisdakik.com\/wp-content\/uploads\/2024\/05\/ktgb.jpg","contentUrl":"https:\/\/kibrisdakik.com\/wp-content\/uploads\/2024\/05\/ktgb.jpg","width":620,"height":350},{"@type":"BreadcrumbList","@id":"https:\/\/kibrisdakik.com\/?p=72599#breadcrumb","itemListElement":[{"@type":"ListItem","position":1,"name":"Home","item":"https:\/\/kibrisdakik.com\/"},{"@type":"ListItem","position":2,"name":"Gazeteciler Birli\u011fi:2025\u2019te gazeteciler a\u011f\u0131r cezada yarg\u0131lanmas\u0131n diye m\u00fccadelemizi art\u0131raca\u011f\u0131z"}]},{"@type":"WebSite","@id":"https:\/\/kibrisdakik.com\/#website","url":"https:\/\/kibrisdakik.com\/","name":"","description":"Tam vaktinde haber","potentialAction":[{"@type":"SearchAction","target":{"@type":"EntryPoint","urlTemplate":"https:\/\/kibrisdakik.com\/?s={search_term_string}"},"query-input":{"@type":"PropertyValueSpecification","valueRequired":true,"valueName":"search_term_string"}}],"inLanguage":"tr"},{"@type":"Person","@id":"https:\/\/kibrisdakik.com\/#\/schema\/person\/9cd9d437bbb44f72b73ba127e06d8e79","name":"admin","image":{"@type":"ImageObject","inLanguage":"tr","@id":"https:\/\/secure.gravatar.com\/avatar\/ccc17943b9d660506c869530f897617f7cb1c21a4bf30023f252596d83e1f007?s=96&d=mm&r=g","url":"https:\/\/secure.gravatar.com\/avatar\/ccc17943b9d660506c869530f897617f7cb1c21a4bf30023f252596d83e1f007?s=96&d=mm&r=g","contentUrl":"https:\/\/secure.gravatar.com\/avatar\/ccc17943b9d660506c869530f897617f7cb1c21a4bf30023f252596d83e1f007?s=96&d=mm&r=g","caption":"admin"},"sameAs":["https:\/\/kibrisdakik.com"],"url":"https:\/\/kibrisdakik.com\/?author=1"}]}},"_links":{"self":[{"href":"https:\/\/kibrisdakik.com\/index.php?rest_route=\/wp\/v2\/posts\/72599","targetHints":{"allow":["GET"]}}],"collection":[{"href":"https:\/\/kibrisdakik.com\/index.php?rest_route=\/wp\/v2\/posts"}],"about":[{"href":"https:\/\/kibrisdakik.com\/index.php?rest_route=\/wp\/v2\/types\/post"}],"author":[{"embeddable":true,"href":"https:\/\/kibrisdakik.com\/index.php?rest_route=\/wp\/v2\/users\/1"}],"replies":[{"embeddable":true,"href":"https:\/\/kibrisdakik.com\/index.php?rest_route=%2Fwp%2Fv2%2Fcomments&post=72599"}],"version-history":[{"count":0,"href":"https:\/\/kibrisdakik.com\/index.php?rest_route=\/wp\/v2\/posts\/72599\/revisions"}],"wp:featuredmedia":[{"embeddable":true,"href":"https:\/\/kibrisdakik.com\/index.php?rest_route=\/wp\/v2\/media\/40050"}],"wp:attachment":[{"href":"https:\/\/kibrisdakik.com\/index.php?rest_route=%2Fwp%2Fv2%2Fmedia&parent=72599"}],"wp:term":[{"taxonomy":"category","embeddable":true,"href":"https:\/\/kibrisdakik.com\/index.php?rest_route=%2Fwp%2Fv2%2Fcategories&post=72599"},{"taxonomy":"post_tag","embeddable":true,"href":"https:\/\/kibrisdakik.com\/index.php?rest_route=%2Fwp%2Fv2%2Ftags&post=72599"}],"curies":[{"name":"wp","href":"https:\/\/api.w.org\/{rel}","templated":true}]}}