{"id":72600,"date":"2024-12-29T15:15:39","date_gmt":"2024-12-29T12:15:39","guid":{"rendered":"https:\/\/kibrisdakik.com\/index.php\/2024\/12\/29\/dogustan-bademcigi-ve-lenf-bezi-olmayan-cocuklarda-ltbr-eksikligi-hastaligi-uyarisi\/"},"modified":"2024-12-29T15:15:39","modified_gmt":"2024-12-29T12:15:39","slug":"dogustan-bademcigi-ve-lenf-bezi-olmayan-cocuklarda-ltbr-eksikligi-hastaligi-uyarisi","status":"publish","type":"post","link":"https:\/\/kibrisdakik.com\/?p=72600","title":{"rendered":"Do\u011fu\u015ftan bademci\u011fi ve lenf bezi olmayan \u00e7ocuklarda \u201cLTBR eksikli\u011fi\u201d hastal\u0131\u011f\u0131 uyar\u0131s\u0131"},"content":{"rendered":"<p><\/p>\n<div>\n<div class=\"mariselle-image-container center\">\n                <img loading=\"lazy\" decoding=\"async\" width=\"800\" height=\"450\" class=\"lazy-image\" alt=\"\" sizes=\"auto, (max-width: 800px) 100vw, 800px\" src=\"https:\/\/brtk.net\/wp-content\/uploads\/2024\/12\/29\/1735460641846hastalik.jpeg?ver=0073cb9869e16739e0f9c390a241a885\" srcset=\"https:\/\/brtk.net\/wp-content\/uploads\/2024\/12\/29\/1735460641846hastalik.jpeg?ver=0073cb9869e16739e0f9c390a241a885 800w, https:\/\/brtk.net\/wp-content\/uploads\/2024\/12\/29\/1735460641846hastalik-300x169.jpeg?ver=0073cb9869e16739e0f9c390a241a885 300w, https:\/\/brtk.net\/wp-content\/uploads\/2024\/12\/29\/1735460641846hastalik-768x432.jpeg?ver=2f39aba2c699b727c54a943fb082180c 768w\"\/>                            <\/div>\n<p>\nMarmara \u00dcniversitesi Pendik E\u011fitim ve Ara\u015ft\u0131rma Hastanesi \u00c7ocuk \u0130mm\u00fcnolojisi ve Alerji Hastal\u0131klar\u0131 Klini\u011finden Prof. Dr. Safa Bar\u0131\u015f, lenf bezi ve bademci\u011fi olmayan \u00e7ocuklar\u0131n do\u011fu\u015ftan ba\u011f\u0131\u015f\u0131kl\u0131k kusuruna neden olan \u201cLTBR eksikli\u011fi\u201d hastas\u0131 olabilece\u011fini bildirdi.<\/p>\n<p>Marmara \u00dcniversitesi \u00c7ocuk \u0130mm\u00fcnolojisi ve Alerjisi Bilim Dal\u0131 b\u00fcnyesindeki Prof. Dr. I\u015f\u0131l Berat Barlan Translasyonel T\u0131p Ara\u015ft\u0131rma Merkezi, St. Anna \u00c7ocuk Kanser Ara\u015ft\u0131rma Enstit\u00fcs\u00fc ve Can Sucak Translasyonel \u0130mm\u00fcnoloji Ara\u015ft\u0131rma Laboratuvar\u0131 ile yap\u0131lan ortak \u00e7al\u0131\u015fmalar sonucu lenf d\u00fc\u011f\u00fcmlerinin ve bademcik dokular\u0131n\u0131n geli\u015fiminde \u00f6neme sahip \u201cLTBR eksikli\u011fi\u201d hastal\u0131\u011f\u0131 tan\u0131mlad\u0131.<\/p>\n<p>Prof. Dr. Safa Bar\u0131\u015f\u2019\u0131n ekibiyle y\u00fcr\u00fctt\u00fc\u011f\u00fc \u00e7al\u0131\u015fma \u201cScience Immunology\u201d dergisinde yay\u0131mlanarak bilim d\u00fcnyas\u0131nda \u00f6nemli ba\u015far\u0131ya imza at\u0131ld\u0131.<\/p>\n<p>Bir\u00e7ok sebebi bilinmeyen imm\u00fcn yetmezliklerin tan\u0131mlanmas\u0131 ve tedavisinin bulunmas\u0131yla sonu\u00e7lanan \u00e7al\u0131\u015fmaya ili\u015fkin AA muhabirine a\u00e7\u0131klama yapan Bar\u0131\u015f, LTBR eksikli\u011fi hastal\u0131\u011f\u0131n\u0131n, ba\u011f\u0131\u015f\u0131kl\u0131k sistemi bozuklu\u011fuyla ortaya \u00e7\u0131kt\u0131\u011f\u0131n\u0131 s\u00f6yledi.<\/p>\n<p>Bar\u0131\u015f, \u201cBunlar, erken d\u00f6nemde s\u0131k enfeksiyonlar, akci\u011fer, solunum yolu, kulak enfeksiyonlar\u0131yla kar\u015f\u0131m\u0131za \u00e7\u0131kan hastalar. Hastalar\u0131m\u0131zdan b\u00fcy\u00fck olan\u0131nda ayr\u0131ca beyin zar\u0131n\u0131 tutan menenjit denen enfeksiyon olu\u015fumu saptand\u0131. Bir ailede 2 hastam\u0131z vard\u0131, hastal\u0131\u011f\u0131n ke\u015ffedilmesinde \u00e7ekirdek olan aileydi.\u201d dedi.<\/p>\n<p>Ankara Bilkent \u015eehir Hastanesinde Prof. Dr. Ay\u015fe Metin\u2019in takip etti\u011fi bir hastay\u0131 da \u00e7al\u0131\u015fmaya katt\u0131klar\u0131n\u0131 aktaran Bar\u0131\u015f, \u201c3 hastaya bu hastal\u0131\u011f\u0131 tan\u0131mlam\u0131\u015f olduk. Ankara\u2019daki vakam\u0131z\u0131n da di\u011fer hastalar\u0131m\u0131za benzer \u015fikayetleri vard\u0131. Orada da 2 karde\u015f vard\u0131. B\u00fcy\u00fck olan karde\u015f, tekrarlayan akci\u011fer enfeksiyonlar\u0131 olan bir hastayd\u0131. Ne yaz\u0131k ki tan\u0131 o d\u00f6nem koyulmad\u0131\u011f\u0131 i\u00e7in akci\u011fer enfeksiyonlar\u0131 sonucunda ilerleyen ya\u015flarda hayat\u0131n\u0131 kaybedilmi\u015fti. Bu hastal\u0131\u011f\u0131 bulduktan sonra tedavisine ba\u015flanan di\u011fer karde\u015fin durumu olduk\u00e7a iyi.\u201d diye konu\u015ftu.<\/p>\n<p>\u2013 Uzun s\u00fcren ve tekrarlanan enfeksiyonlar hastal\u0131\u011f\u0131n belirtisi<\/p>\n<p>Prof. Dr. Bar\u0131\u015f, hastal\u0131\u011f\u0131n nadir g\u00f6r\u00fcld\u00fc\u011f\u00fcn\u00fc, \u00e7ocuklarda ilk 6 ayda \u015fikayetlerin ba\u015flad\u0131\u011f\u0131n\u0131 ve ilerleyen ya\u015flarda da devam etti\u011fini vurgulayarak, \u015f\u00f6yle devam etti:<\/p>\n<p>\u201c\u00c7ocukluk d\u00f6neminin erken ya\u015flar\u0131nda \u015fikayetler \u00e7\u0131k\u0131yorsa, solunum yolu enfeksiyonlar\u0131 a\u011f\u0131r ve hastane yat\u0131\u015f\u0131 gerektiriyorsa, antibiyotik tedavisi almadan iyile\u015fmiyorsa, uzun s\u00fcren ve s\u0131k aral\u0131klarla tekrarl\u0131yorsa bu hastalarda mutlaka ba\u011f\u0131\u015f\u0131kl\u0131k sistemi kusurlar\u0131n\u0131 d\u00fc\u015f\u00fcnmemiz gerekiyor. B\u00f6yle bir hasta grubunda mutlaka bu hastal\u0131\u011f\u0131 akl\u0131m\u0131za getirmemiz gerekiyor. Erken te\u015fhis i\u00e7in gerekli tetkikleri yapmam\u0131z gerekiyor. Lenf d\u00fc\u011f\u00fcmleri normalde boynumuzda, koltuk alt\u0131m\u0131zda, kas\u0131klar\u0131m\u0131zda ele gelen bezeler ve bu bezeler sa\u011fl\u0131kl\u0131 bir insanda olmas\u0131 gerekiyor. Enfeksiyonlarla birlikte lenf ve bademcik olmamas\u0131, hastal\u0131\u011f\u0131n erken te\u015fhisinde bize olduk\u00e7a yol g\u00f6sterici. Buldu\u011fumuz proteinin eksikli\u011finden dolay\u0131 anne karn\u0131nda lenf bezleri ve bademcikler geli\u015fmiyor. Bu hastalarda antikor \u00fcretimiyle alakal\u0131 da s\u0131k\u0131nt\u0131lar var, bunlar bu hastalarda eksik. Bunlar\u0131n hastal\u0131\u011f\u0131n \u00f6n tan\u0131lar\u0131 aras\u0131na konulmas\u0131 gerekiyor.\u201d<\/p>\n<p>\u2013 Hasta, antikor takviyesi ve koruyucu antibiyotikle tedavi ediliyor<\/p>\n<p>Bar\u0131\u015f, bu hastal\u0131\u011f\u0131 ta\u015f\u0131yanlarda d\u0131\u015far\u0131dan antikor takviyesi yap\u0131ld\u0131\u011f\u0131n\u0131, bu \u015fekilde hastalar\u0131n enfeksiyonlar\u0131n\u0131n kontrol alt\u0131na al\u0131nd\u0131\u011f\u0131n\u0131 bildirdi.<\/p>\n<p>Bunun yan\u0131nda koruyucu antibiyotik tedavisinin de uyguland\u0131\u011f\u0131n\u0131 anlatan Bar\u0131\u015f, \u201cBuna erken d\u00f6nemde ba\u015fland\u0131\u011f\u0131nda ve altta yatan ba\u015fka bir kronik hasar olmad\u0131\u011f\u0131nda genelde tedavinin sonucu y\u00fcz g\u00fcld\u00fcr\u00fcc\u00fc oluyor ve hastalar\u0131n ya\u015fam kalitesi art\u0131yor. Bu do\u011fu\u015ftan gelen bir hastal\u0131k ve antikor \u00fcretimleri \u00f6m\u00fcr boyu s\u0131k\u0131nt\u0131l\u0131 olaca\u011f\u0131 i\u00e7in bu hastalar ya\u015fad\u0131\u011f\u0131 s\u00fcre boyunca bu tedaviyi almas\u0131 gerekiyor. \u00d6zellikle s\u0131k ve a\u011f\u0131r enfeksiyon, hastaneye yat\u0131\u015f\u0131n\u0131 gerektiren bu t\u00fcr hastalarda ailelerin daha bilin\u00e7li olmas\u0131 gerekir ve erken d\u00f6nemde hekimlere ba\u015fvurmalar\u0131n\u0131n erken tan\u0131 ve tedavide \u00f6nemli oldu\u011funu vurgulamak isterim.\u201d ifadelerini kulland\u0131.<\/p>\n<p>Nadir hastal\u0131klarla ilgili \u00e7al\u0131\u015fmalar yapan yurt d\u0131\u015f\u0131ndaki merkezlerle uzun zamand\u0131r ba\u011flant\u0131 i\u00e7inde olduklar\u0131n\u0131, proje al\u0131\u015fveri\u015fi yapt\u0131klar\u0131n\u0131 aktaran Bar\u0131\u015f, \u201cLTBR eksikli\u011fi\u201d hastal\u0131\u011f\u0131n\u0131n ba\u011f\u0131\u015f\u0131kl\u0131k sisteminde ba\u015fka ne t\u00fcr kusurlara yol a\u00e7t\u0131\u011f\u0131na ili\u015fkin \u00e7al\u0131\u015fmalar\u0131n\u0131 s\u00fcrd\u00fcr\u00fclece\u011fini dile getirdi.<\/p>\n<p>\u2013 \u201cEkibimiz 7 hastal\u0131\u011f\u0131 literat\u00fcre ilk kez tan\u0131mlam\u0131\u015f oldu\u201d<\/p>\n<p>Marmara \u00dcniversitesi Pendik E\u011fitim ve Ara\u015ft\u0131rma Hastanesi Ba\u015fhekimi Prof. Dr. Hakan G\u00fcnd\u00fcz ise hastane ekibinin ba\u015far\u0131s\u0131yla gurur duyduklar\u0131n\u0131 belirterek, \u015funlar\u0131 s\u00f6yledi:<\/p>\n<p>\u201cEkibimiz 7 hastal\u0131\u011f\u0131 literat\u00fcre ilk kez tan\u0131mlam\u0131\u015f oldu. Yani 7 hastal\u0131\u011f\u0131 ilk kez ke\u015ffetmi\u015f oldular. Ama ba\u015fka ekiplerle birlikte de toplam 20 hastal\u0131\u011f\u0131 tan\u0131mlad\u0131lar. \u00dclkemiz i\u00e7in hastanemiz i\u00e7in b\u00fcy\u00fck bir gurur. Hastanemiz bu anlamda ger\u00e7ekten \u00f6nde. Hastanenin akademik zenginli\u011fiyle birlikte Sa\u011fl\u0131k Bakanl\u0131\u011f\u0131n\u0131n verdi\u011fi imkanlar\u0131n ve olanaklar\u0131n birlikte \u00e7al\u0131\u015fmas\u0131n\u0131n b\u00fcy\u00fck bir etkisi oldu\u011funu d\u00fc\u015f\u00fcn\u00fcyorum. Bu g\u00fczel birliktelik bu t\u00fcr hastal\u0131klar\u0131n ke\u015ffine olanak sa\u011fl\u0131yor ve literat\u00fcrde ilk kez tan\u0131mlanmas\u0131n\u0131n \u00f6n\u00fcn\u00fc a\u00e7\u0131yor. Hem sa\u011fl\u0131k hizmeti sunmaya hem akademik olarak yay\u0131nlar yapmaya, bilimsel \u00e7al\u0131\u015fmalar yapmaya devam ediyoruz.\u201d<\/p>\n<\/p><\/div>\n<p><script async\n                    defer\n                    crossorigin=\"anonymous\"\n                    src=\"https:\/\/connect.facebook.net\/tr_TR\/sdk.js#xfbml=1&#038;version=v3.3\"\n            ><\/script><\/p>\n","protected":false},"excerpt":{"rendered":"<p>Marmara \u00dcniversitesi Pendik E\u011fitim ve Ara\u015ft\u0131rma Hastanesi \u00c7ocuk \u0130mm\u00fcnolojisi ve Alerji Hastal\u0131klar\u0131 Klini\u011finden Prof. Dr. Safa Bar\u0131\u015f, lenf bezi ve bademci\u011fi olmayan \u00e7ocuklar\u0131n do\u011fu\u015ftan ba\u011f\u0131\u015f\u0131kl\u0131k kusuruna neden olan \u201cLTBR eksikli\u011fi\u201d hastas\u0131 olabilece\u011fini bildirdi. Marmara \u00dcniversitesi \u00c7ocuk \u0130mm\u00fcnolojisi ve Alerjisi Bilim Dal\u0131 b\u00fcnyesindeki Prof. Dr. I\u015f\u0131l Berat Barlan Translasyonel T\u0131p Ara\u015ft\u0131rma Merkezi, St. Anna \u00c7ocuk Kanser<\/p>\n","protected":false},"author":1,"featured_media":72601,"comment_status":"open","ping_status":"open","sticky":false,"template":"","format":"standard","meta":{"footnotes":""},"categories":[1],"tags":[],"class_list":["post-72600","post","type-post","status-publish","format-standard","has-post-thumbnail","hentry","category-gundem"],"yoast_head":"<!-- This site is optimized with the Yoast SEO plugin v27.4 - https:\/\/yoast.com\/product\/yoast-seo-wordpress\/ -->\n<title>Do\u011fu\u015ftan bademci\u011fi ve lenf bezi olmayan \u00e7ocuklarda \u201cLTBR eksikli\u011fi\u201d hastal\u0131\u011f\u0131 uyar\u0131s\u0131 -<\/title>\n<meta name=\"robots\" content=\"index, follow, max-snippet:-1, max-image-preview:large, max-video-preview:-1\" \/>\n<link rel=\"canonical\" href=\"https:\/\/kibrisdakik.com\/?p=72600\" \/>\n<meta property=\"og:locale\" content=\"tr_TR\" \/>\n<meta property=\"og:type\" content=\"article\" \/>\n<meta property=\"og:title\" content=\"Do\u011fu\u015ftan bademci\u011fi ve lenf bezi olmayan \u00e7ocuklarda \u201cLTBR eksikli\u011fi\u201d hastal\u0131\u011f\u0131 uyar\u0131s\u0131 -\" \/>\n<meta property=\"og:description\" content=\"Marmara \u00dcniversitesi Pendik E\u011fitim ve Ara\u015ft\u0131rma Hastanesi \u00c7ocuk \u0130mm\u00fcnolojisi ve Alerji Hastal\u0131klar\u0131 Klini\u011finden Prof. Dr. Safa Bar\u0131\u015f, lenf bezi ve bademci\u011fi olmayan \u00e7ocuklar\u0131n do\u011fu\u015ftan ba\u011f\u0131\u015f\u0131kl\u0131k kusuruna neden olan \u201cLTBR eksikli\u011fi\u201d hastas\u0131 olabilece\u011fini bildirdi. Marmara \u00dcniversitesi \u00c7ocuk \u0130mm\u00fcnolojisi ve Alerjisi Bilim Dal\u0131 b\u00fcnyesindeki Prof. Dr. I\u015f\u0131l Berat Barlan Translasyonel T\u0131p Ara\u015ft\u0131rma Merkezi, St. Anna \u00c7ocuk Kanser\" \/>\n<meta property=\"og:url\" content=\"https:\/\/kibrisdakik.com\/?p=72600\" \/>\n<meta property=\"article:published_time\" content=\"2024-12-29T12:15:39+00:00\" \/>\n<meta property=\"og:image\" content=\"https:\/\/kibrisdakik.com\/wp-content\/uploads\/2024\/12\/1735460641846hastalik-740x420.jpeg\" \/>\n\t<meta property=\"og:image:width\" content=\"800\" \/>\n\t<meta property=\"og:image:height\" content=\"450\" \/>\n\t<meta property=\"og:image:type\" content=\"image\/jpeg\" \/>\n<meta name=\"author\" content=\"admin\" \/>\n<meta name=\"twitter:card\" content=\"summary_large_image\" \/>\n<meta name=\"twitter:label1\" content=\"Yazan:\" \/>\n\t<meta name=\"twitter:data1\" content=\"admin\" \/>\n\t<meta name=\"twitter:label2\" content=\"Tahmini okuma s\u00fcresi\" \/>\n\t<meta name=\"twitter:data2\" content=\"5 dakika\" \/>\n<script type=\"application\/ld+json\" class=\"yoast-schema-graph\">{\"@context\":\"https:\\\/\\\/schema.org\",\"@graph\":[{\"@type\":\"Article\",\"@id\":\"https:\\\/\\\/kibrisdakik.com\\\/?p=72600#article\",\"isPartOf\":{\"@id\":\"https:\\\/\\\/kibrisdakik.com\\\/?p=72600\"},\"author\":{\"name\":\"admin\",\"@id\":\"https:\\\/\\\/kibrisdakik.com\\\/#\\\/schema\\\/person\\\/9cd9d437bbb44f72b73ba127e06d8e79\"},\"headline\":\"Do\u011fu\u015ftan bademci\u011fi ve lenf bezi olmayan \u00e7ocuklarda \u201cLTBR eksikli\u011fi\u201d hastal\u0131\u011f\u0131 uyar\u0131s\u0131\",\"datePublished\":\"2024-12-29T12:15:39+00:00\",\"mainEntityOfPage\":{\"@id\":\"https:\\\/\\\/kibrisdakik.com\\\/?p=72600\"},\"wordCount\":923,\"commentCount\":0,\"image\":{\"@id\":\"https:\\\/\\\/kibrisdakik.com\\\/?p=72600#primaryimage\"},\"thumbnailUrl\":\"https:\\\/\\\/kibrisdakik.com\\\/wp-content\\\/uploads\\\/2024\\\/12\\\/1735460641846hastalik-740x420.jpeg\",\"articleSection\":[\"G\u00fcndem\"],\"inLanguage\":\"tr\",\"potentialAction\":[{\"@type\":\"CommentAction\",\"name\":\"Comment\",\"target\":[\"https:\\\/\\\/kibrisdakik.com\\\/?p=72600#respond\"]}]},{\"@type\":\"WebPage\",\"@id\":\"https:\\\/\\\/kibrisdakik.com\\\/?p=72600\",\"url\":\"https:\\\/\\\/kibrisdakik.com\\\/?p=72600\",\"name\":\"Do\u011fu\u015ftan bademci\u011fi ve lenf bezi olmayan \u00e7ocuklarda \u201cLTBR eksikli\u011fi\u201d hastal\u0131\u011f\u0131 uyar\u0131s\u0131 -\",\"isPartOf\":{\"@id\":\"https:\\\/\\\/kibrisdakik.com\\\/#website\"},\"primaryImageOfPage\":{\"@id\":\"https:\\\/\\\/kibrisdakik.com\\\/?p=72600#primaryimage\"},\"image\":{\"@id\":\"https:\\\/\\\/kibrisdakik.com\\\/?p=72600#primaryimage\"},\"thumbnailUrl\":\"https:\\\/\\\/kibrisdakik.com\\\/wp-content\\\/uploads\\\/2024\\\/12\\\/1735460641846hastalik-740x420.jpeg\",\"datePublished\":\"2024-12-29T12:15:39+00:00\",\"author\":{\"@id\":\"https:\\\/\\\/kibrisdakik.com\\\/#\\\/schema\\\/person\\\/9cd9d437bbb44f72b73ba127e06d8e79\"},\"breadcrumb\":{\"@id\":\"https:\\\/\\\/kibrisdakik.com\\\/?p=72600#breadcrumb\"},\"inLanguage\":\"tr\",\"potentialAction\":[{\"@type\":\"ReadAction\",\"target\":[\"https:\\\/\\\/kibrisdakik.com\\\/?p=72600\"]}]},{\"@type\":\"ImageObject\",\"inLanguage\":\"tr\",\"@id\":\"https:\\\/\\\/kibrisdakik.com\\\/?p=72600#primaryimage\",\"url\":\"https:\\\/\\\/kibrisdakik.com\\\/wp-content\\\/uploads\\\/2024\\\/12\\\/1735460641846hastalik-740x420.jpeg\",\"contentUrl\":\"https:\\\/\\\/kibrisdakik.com\\\/wp-content\\\/uploads\\\/2024\\\/12\\\/1735460641846hastalik-740x420.jpeg\",\"width\":800,\"height\":450},{\"@type\":\"BreadcrumbList\",\"@id\":\"https:\\\/\\\/kibrisdakik.com\\\/?p=72600#breadcrumb\",\"itemListElement\":[{\"@type\":\"ListItem\",\"position\":1,\"name\":\"Home\",\"item\":\"https:\\\/\\\/kibrisdakik.com\\\/\"},{\"@type\":\"ListItem\",\"position\":2,\"name\":\"Do\u011fu\u015ftan bademci\u011fi ve lenf bezi olmayan \u00e7ocuklarda \u201cLTBR eksikli\u011fi\u201d hastal\u0131\u011f\u0131 uyar\u0131s\u0131\"}]},{\"@type\":\"WebSite\",\"@id\":\"https:\\\/\\\/kibrisdakik.com\\\/#website\",\"url\":\"https:\\\/\\\/kibrisdakik.com\\\/\",\"name\":\"\",\"description\":\"Tam vaktinde haber\",\"potentialAction\":[{\"@type\":\"SearchAction\",\"target\":{\"@type\":\"EntryPoint\",\"urlTemplate\":\"https:\\\/\\\/kibrisdakik.com\\\/?s={search_term_string}\"},\"query-input\":{\"@type\":\"PropertyValueSpecification\",\"valueRequired\":true,\"valueName\":\"search_term_string\"}}],\"inLanguage\":\"tr\"},{\"@type\":\"Person\",\"@id\":\"https:\\\/\\\/kibrisdakik.com\\\/#\\\/schema\\\/person\\\/9cd9d437bbb44f72b73ba127e06d8e79\",\"name\":\"admin\",\"image\":{\"@type\":\"ImageObject\",\"inLanguage\":\"tr\",\"@id\":\"https:\\\/\\\/secure.gravatar.com\\\/avatar\\\/ccc17943b9d660506c869530f897617f7cb1c21a4bf30023f252596d83e1f007?s=96&d=mm&r=g\",\"url\":\"https:\\\/\\\/secure.gravatar.com\\\/avatar\\\/ccc17943b9d660506c869530f897617f7cb1c21a4bf30023f252596d83e1f007?s=96&d=mm&r=g\",\"contentUrl\":\"https:\\\/\\\/secure.gravatar.com\\\/avatar\\\/ccc17943b9d660506c869530f897617f7cb1c21a4bf30023f252596d83e1f007?s=96&d=mm&r=g\",\"caption\":\"admin\"},\"sameAs\":[\"https:\\\/\\\/kibrisdakik.com\"],\"url\":\"https:\\\/\\\/kibrisdakik.com\\\/?author=1\"}]}<\/script>\n<!-- \/ Yoast SEO plugin. -->","yoast_head_json":{"title":"Do\u011fu\u015ftan bademci\u011fi ve lenf bezi olmayan \u00e7ocuklarda \u201cLTBR eksikli\u011fi\u201d hastal\u0131\u011f\u0131 uyar\u0131s\u0131 -","robots":{"index":"index","follow":"follow","max-snippet":"max-snippet:-1","max-image-preview":"max-image-preview:large","max-video-preview":"max-video-preview:-1"},"canonical":"https:\/\/kibrisdakik.com\/?p=72600","og_locale":"tr_TR","og_type":"article","og_title":"Do\u011fu\u015ftan bademci\u011fi ve lenf bezi olmayan \u00e7ocuklarda \u201cLTBR eksikli\u011fi\u201d hastal\u0131\u011f\u0131 uyar\u0131s\u0131 -","og_description":"Marmara \u00dcniversitesi Pendik E\u011fitim ve Ara\u015ft\u0131rma Hastanesi \u00c7ocuk \u0130mm\u00fcnolojisi ve Alerji Hastal\u0131klar\u0131 Klini\u011finden Prof. Dr. Safa Bar\u0131\u015f, lenf bezi ve bademci\u011fi olmayan \u00e7ocuklar\u0131n do\u011fu\u015ftan ba\u011f\u0131\u015f\u0131kl\u0131k kusuruna neden olan \u201cLTBR eksikli\u011fi\u201d hastas\u0131 olabilece\u011fini bildirdi. Marmara \u00dcniversitesi \u00c7ocuk \u0130mm\u00fcnolojisi ve Alerjisi Bilim Dal\u0131 b\u00fcnyesindeki Prof. Dr. I\u015f\u0131l Berat Barlan Translasyonel T\u0131p Ara\u015ft\u0131rma Merkezi, St. Anna \u00c7ocuk Kanser","og_url":"https:\/\/kibrisdakik.com\/?p=72600","article_published_time":"2024-12-29T12:15:39+00:00","og_image":[{"width":800,"height":450,"url":"https:\/\/kibrisdakik.com\/wp-content\/uploads\/2024\/12\/1735460641846hastalik-740x420.jpeg","type":"image\/jpeg"}],"author":"admin","twitter_card":"summary_large_image","twitter_misc":{"Yazan:":"admin","Tahmini okuma s\u00fcresi":"5 dakika"},"schema":{"@context":"https:\/\/schema.org","@graph":[{"@type":"Article","@id":"https:\/\/kibrisdakik.com\/?p=72600#article","isPartOf":{"@id":"https:\/\/kibrisdakik.com\/?p=72600"},"author":{"name":"admin","@id":"https:\/\/kibrisdakik.com\/#\/schema\/person\/9cd9d437bbb44f72b73ba127e06d8e79"},"headline":"Do\u011fu\u015ftan bademci\u011fi ve lenf bezi olmayan \u00e7ocuklarda \u201cLTBR eksikli\u011fi\u201d hastal\u0131\u011f\u0131 uyar\u0131s\u0131","datePublished":"2024-12-29T12:15:39+00:00","mainEntityOfPage":{"@id":"https:\/\/kibrisdakik.com\/?p=72600"},"wordCount":923,"commentCount":0,"image":{"@id":"https:\/\/kibrisdakik.com\/?p=72600#primaryimage"},"thumbnailUrl":"https:\/\/kibrisdakik.com\/wp-content\/uploads\/2024\/12\/1735460641846hastalik-740x420.jpeg","articleSection":["G\u00fcndem"],"inLanguage":"tr","potentialAction":[{"@type":"CommentAction","name":"Comment","target":["https:\/\/kibrisdakik.com\/?p=72600#respond"]}]},{"@type":"WebPage","@id":"https:\/\/kibrisdakik.com\/?p=72600","url":"https:\/\/kibrisdakik.com\/?p=72600","name":"Do\u011fu\u015ftan bademci\u011fi ve lenf bezi olmayan \u00e7ocuklarda \u201cLTBR eksikli\u011fi\u201d hastal\u0131\u011f\u0131 uyar\u0131s\u0131 -","isPartOf":{"@id":"https:\/\/kibrisdakik.com\/#website"},"primaryImageOfPage":{"@id":"https:\/\/kibrisdakik.com\/?p=72600#primaryimage"},"image":{"@id":"https:\/\/kibrisdakik.com\/?p=72600#primaryimage"},"thumbnailUrl":"https:\/\/kibrisdakik.com\/wp-content\/uploads\/2024\/12\/1735460641846hastalik-740x420.jpeg","datePublished":"2024-12-29T12:15:39+00:00","author":{"@id":"https:\/\/kibrisdakik.com\/#\/schema\/person\/9cd9d437bbb44f72b73ba127e06d8e79"},"breadcrumb":{"@id":"https:\/\/kibrisdakik.com\/?p=72600#breadcrumb"},"inLanguage":"tr","potentialAction":[{"@type":"ReadAction","target":["https:\/\/kibrisdakik.com\/?p=72600"]}]},{"@type":"ImageObject","inLanguage":"tr","@id":"https:\/\/kibrisdakik.com\/?p=72600#primaryimage","url":"https:\/\/kibrisdakik.com\/wp-content\/uploads\/2024\/12\/1735460641846hastalik-740x420.jpeg","contentUrl":"https:\/\/kibrisdakik.com\/wp-content\/uploads\/2024\/12\/1735460641846hastalik-740x420.jpeg","width":800,"height":450},{"@type":"BreadcrumbList","@id":"https:\/\/kibrisdakik.com\/?p=72600#breadcrumb","itemListElement":[{"@type":"ListItem","position":1,"name":"Home","item":"https:\/\/kibrisdakik.com\/"},{"@type":"ListItem","position":2,"name":"Do\u011fu\u015ftan bademci\u011fi ve lenf bezi olmayan \u00e7ocuklarda \u201cLTBR eksikli\u011fi\u201d hastal\u0131\u011f\u0131 uyar\u0131s\u0131"}]},{"@type":"WebSite","@id":"https:\/\/kibrisdakik.com\/#website","url":"https:\/\/kibrisdakik.com\/","name":"","description":"Tam vaktinde haber","potentialAction":[{"@type":"SearchAction","target":{"@type":"EntryPoint","urlTemplate":"https:\/\/kibrisdakik.com\/?s={search_term_string}"},"query-input":{"@type":"PropertyValueSpecification","valueRequired":true,"valueName":"search_term_string"}}],"inLanguage":"tr"},{"@type":"Person","@id":"https:\/\/kibrisdakik.com\/#\/schema\/person\/9cd9d437bbb44f72b73ba127e06d8e79","name":"admin","image":{"@type":"ImageObject","inLanguage":"tr","@id":"https:\/\/secure.gravatar.com\/avatar\/ccc17943b9d660506c869530f897617f7cb1c21a4bf30023f252596d83e1f007?s=96&d=mm&r=g","url":"https:\/\/secure.gravatar.com\/avatar\/ccc17943b9d660506c869530f897617f7cb1c21a4bf30023f252596d83e1f007?s=96&d=mm&r=g","contentUrl":"https:\/\/secure.gravatar.com\/avatar\/ccc17943b9d660506c869530f897617f7cb1c21a4bf30023f252596d83e1f007?s=96&d=mm&r=g","caption":"admin"},"sameAs":["https:\/\/kibrisdakik.com"],"url":"https:\/\/kibrisdakik.com\/?author=1"}]}},"_links":{"self":[{"href":"https:\/\/kibrisdakik.com\/index.php?rest_route=\/wp\/v2\/posts\/72600","targetHints":{"allow":["GET"]}}],"collection":[{"href":"https:\/\/kibrisdakik.com\/index.php?rest_route=\/wp\/v2\/posts"}],"about":[{"href":"https:\/\/kibrisdakik.com\/index.php?rest_route=\/wp\/v2\/types\/post"}],"author":[{"embeddable":true,"href":"https:\/\/kibrisdakik.com\/index.php?rest_route=\/wp\/v2\/users\/1"}],"replies":[{"embeddable":true,"href":"https:\/\/kibrisdakik.com\/index.php?rest_route=%2Fwp%2Fv2%2Fcomments&post=72600"}],"version-history":[{"count":0,"href":"https:\/\/kibrisdakik.com\/index.php?rest_route=\/wp\/v2\/posts\/72600\/revisions"}],"wp:featuredmedia":[{"embeddable":true,"href":"https:\/\/kibrisdakik.com\/index.php?rest_route=\/wp\/v2\/media\/72601"}],"wp:attachment":[{"href":"https:\/\/kibrisdakik.com\/index.php?rest_route=%2Fwp%2Fv2%2Fmedia&parent=72600"}],"wp:term":[{"taxonomy":"category","embeddable":true,"href":"https:\/\/kibrisdakik.com\/index.php?rest_route=%2Fwp%2Fv2%2Fcategories&post=72600"},{"taxonomy":"post_tag","embeddable":true,"href":"https:\/\/kibrisdakik.com\/index.php?rest_route=%2Fwp%2Fv2%2Ftags&post=72600"}],"curies":[{"name":"wp","href":"https:\/\/api.w.org\/{rel}","templated":true}]}}