{"id":72605,"date":"2024-12-29T16:38:15","date_gmt":"2024-12-29T13:38:15","guid":{"rendered":"https:\/\/kibrisdakik.com\/index.php\/2024\/12\/29\/basbakan-ustelden-yeni-yil-mesaji2025-hedeflerimizi-buyuttugumuz-bir-yil-olacak-yeni-yilda-halkimizi-desteklemek-icin-ekonomik-paketlerimizi-genisletecegiz\/"},"modified":"2024-12-29T16:38:15","modified_gmt":"2024-12-29T13:38:15","slug":"basbakan-ustelden-yeni-yil-mesaji2025-hedeflerimizi-buyuttugumuz-bir-yil-olacak-yeni-yilda-halkimizi-desteklemek-icin-ekonomik-paketlerimizi-genisletecegiz","status":"publish","type":"post","link":"https:\/\/kibrisdakik.com\/?p=72605","title":{"rendered":"Ba\u015fbakan \u00dcstel\u2019den yeni y\u0131l mesaj\u0131:2025 hedeflerimizi b\u00fcy\u00fctt\u00fc\u011f\u00fcm\u00fcz bir y\u0131l olacak. Yeni y\u0131lda halk\u0131m\u0131z\u0131 desteklemek i\u00e7in ekonomik paketlerimizi geni\u015fletece\u011fiz"},"content":{"rendered":"<div>\n<div class=\"mariselle-image-container center\">\n                                            <\/div>\n<p>Ba\u015fbakan \u00dcnal \u00dcstel, 2024 y\u0131l\u0131n\u0131 geride b\u0131rakmaya haz\u0131rlan\u0131rken, yeni y\u0131l dolay\u0131s\u0131yla bir mesaj yay\u0131mlad\u0131. <\/p>\n<p>\u00dcstel mesaj\u0131nda,<br \/>\u201d De\u011ferli Vatanda\u015flar\u0131m,<\/p>\n<p>2024 y\u0131l\u0131n\u0131 geride b\u0131rak\u0131rken, umut ve heyecanla 2025 y\u0131l\u0131na merhaba demeye haz\u0131rlan\u0131yoruz. Bu vesileyle, t\u00fcm halk\u0131m\u0131z\u0131n ve milletimizin yeni y\u0131l\u0131n\u0131 en i\u00e7ten dileklerimle kutluyorum. 2025 y\u0131l\u0131n\u0131n, hepimiz i\u00e7in bar\u0131\u015f, sa\u011fl\u0131k, mutluluk ve refah dolu bir y\u0131l olmas\u0131n\u0131 temenni ediyorum.<\/p>\n<p>G\u00f6reve geldi\u011fimiz 2022 y\u0131l\u0131ndan bu yana, \u00fclkemizin gelece\u011fi i\u00e7in reformlar ger\u00e7ekle\u015ftirdik, y\u0131llarca tamamlanamayan projeleri hayata ge\u00e7irdik ve halk\u0131m\u0131za s\u00f6z verdi\u011fimiz her konuda \u00e7al\u0131\u015fmaya devam ettik. Ekonomik dalgalanmalar\u0131n etkisini hafifletmek i\u00e7in t\u00fcm kaynaklar\u0131m\u0131z\u0131 seferber ettik. Kamu \u00e7al\u0131\u015fanlar\u0131m\u0131z\u0131n ve \u00f6zel sekt\u00f6r \u00e7al\u0131\u015fanlar\u0131m\u0131z\u0131n maa\u015flar\u0131n\u0131 art\u0131rarak, halk\u0131m\u0131z\u0131 enflasyona ezdirmemek i\u00e7in kararl\u0131l\u0131kla hareket ettik.<\/p>\n<p>S\u00f6z verdi\u011fimiz gibi, hizmet \u00fcrettik.<\/p>\n<p>Bu s\u00fcre\u00e7te, y\u0131llard\u0131r beklenen Yerel Y\u00f6netimler Reformunu ger\u00e7ekle\u015ftirdik. Yeni yollar, okullar ve sa\u011fl\u0131k merkezleri in\u015fa ettik, Lefko\u015fa \u00c7evre Yolu\u2019nu ve Alsancak-Girne \u00c7evre Yolu\u2019nu tamamlad\u0131k. T\u00fcrkiye\u2019den kablo ile elektrik getirilmesi projesiyle ilgili tarihi bir ad\u0131m att\u0131k. E\u011fitimden sa\u011fl\u0131\u011fa, tar\u0131mdan teknolojik altyap\u0131ya kadar her alanda kal\u0131c\u0131 eserler b\u0131rakmaya devam ediyoruz.<\/p>\n<p>2025 Y\u0131l\u0131 \u0130\u00e7in Daha B\u00fcy\u00fck Ad\u0131mlar At\u0131yoruz<\/p>\n<p>De\u011ferli Vatanda\u015flar\u0131m\u0131z,<\/p>\n<p>2024 y\u0131l\u0131n\u0131 geride b\u0131rak\u0131rken, umut ve heyecanla 2025 y\u0131l\u0131na merhaba demeye haz\u0131rlan\u0131yoruz. Bu vesileyle, halk\u0131m\u0131z\u0131n ve milletimizin yeni y\u0131l\u0131n\u0131 en i\u00e7ten dileklerimle kutluyorum. 2025 y\u0131l\u0131n\u0131n, \u00fclkemize ve t\u00fcm insanl\u0131\u011fa bar\u0131\u015f, sa\u011fl\u0131k, mutluluk ve refah getirmesini temenni ediyorum.<\/p>\n<p>2022\u2019den Bu Yana B\u00fcy\u00fck Ad\u0131mlar Att\u0131k<\/p>\n<p>G\u00f6reve geldi\u011fimiz g\u00fcnden bu yana \u00fclkemizin kalk\u0131nmas\u0131, refah\u0131n\u0131n artmas\u0131 ve gelece\u011fe daha g\u00fc\u00e7l\u00fc ad\u0131mlarla ilerlemesi i\u00e7in kararl\u0131l\u0131kla \u00e7al\u0131\u015ft\u0131k. Halk\u0131m\u0131za verdi\u011fimiz s\u00f6zleri yerine getirme azmiyle; reformlar yapt\u0131k, y\u0131llard\u0131r tamamlanamayan projeleri hayata ge\u00e7irdik ve \u00fclkemizin ihtiya\u00e7 duydu\u011fu yat\u0131r\u0131mlar\u0131 ger\u00e7ekle\u015ftirdik. Ekonomik dalgalanmalar\u0131n halk\u0131m\u0131z \u00fczerindeki etkilerini hafifletmek ad\u0131na t\u00fcm kaynaklar\u0131m\u0131z\u0131 seferber ettik, maa\u015f iyile\u015ftirmeleri ve te\u015fviklerle \u00e7al\u0131\u015fanlar\u0131m\u0131z\u0131 enflasyona ezdirmedik.<\/p>\n<p>\u00d6nemli Reformlar ve Tamamlanan Projeler<\/p>\n<p>Bu s\u00fcre\u00e7te, y\u0131llard\u0131r ger\u00e7ekle\u015ftirilemeyen Yerel Y\u00f6netimler Reformu\u2019nu hayata ge\u00e7irdik. Uzun s\u00fcredir beklenen projeleri birer birer tamamlayarak halk\u0131m\u0131z\u0131n hizmetine sunduk:<br \/>\u2022\tYeni Havaliman\u0131, Lefke-G\u00fczelyurt ve Balalan-Yenierenk\u00f6y yollar\u0131 tamamland\u0131.<br \/>\u2022\tAlsancak-Girne \u00c7evre Yolu projesini tamamlayarak b\u00f6lgedeki trafi\u011fi rahatlatt\u0131k.<br \/>\u2022\tT\u00fcrkiye\u2019den kablo ile elektrik getirilmesi projesi i\u00e7in uluslararas\u0131 bir anla\u015fma imzalayarak tarihi bir ad\u0131m att\u0131k.<br \/>\u2022\tGirne Antik Liman\u0131\u2019n\u0131 asl\u0131na uygun \u015fekilde yeniledik.<br \/>\u2022\tLefko\u015fa \u00c7evre Yolu ba\u011flant\u0131 yollar\u0131 ve kav\u015fak projesini ba\u015flatt\u0131k ve tamaml\u0131yoruz.<br \/>\u2022\tE\u011fitim alan\u0131nda, 22 yeni okulu e\u011fitime kazand\u0131rd\u0131k, 5 yeni okul projesini s\u00fcrd\u00fcr\u00fcyoruz.<br \/>\u2022\t\u00c7eyrek as\u0131r sonra kamuya yap\u0131lan Engelli istihdamlar\u0131, gen\u00e7lerimize y\u00f6nelik \u201c\u0130lk Evim Kredisi\u201d ve sosyal konut projeleri gibi sosyal yard\u0131mlarla her kesimin yan\u0131nda durduk.<\/p>\n<p>Ekonomik alanda, \u00f6zel sekt\u00f6r\u00fcm\u00fcze 2 milyar TL\u2019nin \u00fczerinde prim deste\u011fi, tar\u0131msal \u00fcretim i\u00e7in ise milyarlarca liral\u0131k te\u015fvik sa\u011flad\u0131k. T\u00fcrkiye ile karde\u015flik hukukumuzu g\u00fc\u00e7lendirerek, tarihimizin en b\u00fcy\u00fck \u0130ktisadi ve Mali \u0130\u015fbirli\u011fi Protokollerine imza att\u0131k.<\/p>\n<p>2025: Hedeflerimizi B\u00fcy\u00fctt\u00fc\u011f\u00fcm\u00fcz Bir Y\u0131l Olacak<\/p>\n<p>Yeni y\u0131lda da insan odakl\u0131 hizmet anlay\u0131\u015f\u0131m\u0131zla \u00e7al\u0131\u015fmaya devam edece\u011fiz. Halk\u0131m\u0131z\u0131n refah seviyesini art\u0131rmak ve \u00fclkemizin gelece\u011fini in\u015fa etmek i\u00e7in b\u00fcy\u00fck hedefler koyduk:<br \/>\u2022\t\u00c7atalk\u00f6y-Girne \u00e7ift \u015ferit yolu, Karpaz-Zafer Burnu yolu ve Lefko\u015fa Kuzey \u00c7evre Yolu ba\u011flant\u0131 yollar\u0131 ve kav\u015faklar\u0131n\u0131 tamamlayaca\u011f\u0131z.<br \/>\u2022\tYeni Girne ve Yeni G\u00fczelyurt Hastane Projeleri ile sa\u011fl\u0131k altyap\u0131m\u0131z\u0131 g\u00fc\u00e7lendirece\u011fiz.<br \/>\u2022\tLapta, De\u011firmenlik ve Mara\u015f Sa\u011fl\u0131k Merkezlerini tamamlayaca\u011f\u0131z.<br \/>\u2022\tG\u00fczelyurt So\u011fuk Hava Deposu Projesini hayata ge\u00e7irece\u011fiz.<br \/>\u2022\tK\u0131rsal kesim arsalar\u0131n\u0131 gen\u00e7lerimize tahsis etmeye devam edece\u011fiz.<br \/>\u2022\tSosyal Konut Projelerinin ilk etaplar\u0131n\u0131 ba\u015flataca\u011f\u0131z.<br \/>\u2022\tKIBTEK\u2019e yeni jenerat\u00f6r al\u0131mlar\u0131 yaparak enerji altyap\u0131m\u0131z\u0131 g\u00fc\u00e7lendirece\u011fiz.<br \/>\u2022\t4.5G\u2019yi 5G\u2019ye y\u00fckseltme \u00e7al\u0131\u015fmalar\u0131n\u0131 ba\u015flataca\u011f\u0131z.<\/p>\n<p>Tar\u0131m alan\u0131nda, ya\u015fam suyunun daha \u00e7ok tar\u0131msal araziyle bulu\u015fmas\u0131n\u0131 sa\u011flayacak, te\u015fvikleri art\u0131rarak \u00e7ift\u00e7imizi destekleyece\u011fiz. Limanlar\u0131m\u0131z\u0131n yenilenmesi i\u00e7in \u00e7al\u0131\u015fmalar\u0131 ba\u015flataca\u011f\u0131z.<\/p>\n<p>2025: Ekonomik Destekler Y\u0131l\u0131<\/p>\n<p>Yeni y\u0131lda halk\u0131m\u0131z\u0131 desteklemek i\u00e7in ekonomik paketlerimizi geni\u015fletiyoruz:<br \/>1.\t\u0130lk Evim Kredisi: 2.2 milyon TL\u2019ye kadar, %21 faizle ve 10 y\u0131l vadeli.<br \/>2.\tTar\u0131msal Mekanizasyon Kredisi: \u015eubat ay\u0131nda \u00fcreticilerimize tar\u0131msal ara\u00e7 al\u0131m\u0131 i\u00e7in yeni destek.<br \/>3.\tDam\u0131zl\u0131k Hayvan Kredisi: K\u00fc\u00e7\u00fckba\u015f hayvanc\u0131l\u0131k i\u00e7in 300 hayvana kadar, 3 y\u0131l vadeli kredi.<br \/>4.\tSosyal Konut Kredisi: Uzun vadeli, d\u00fc\u015f\u00fck faizli yeni kredi paketi ba\u015fl\u0131yor.<br \/>5.\tToplu Ta\u015f\u0131ma Kredisi: Ara\u00e7lar\u0131n\u0131 yenilemek isteyen i\u015fverenlere \u00f6zel destek.<br \/>6.\t\u0130lk \u0130\u015fim Kredisi: 30 ya\u015f alt\u0131ndaki gen\u00e7 giri\u015fimcilere \u00f6zel kredi imkan\u0131.<br \/>Verilecek olan kredilere dair bilgiler ilgili bakanl\u0131klar taraf\u0131ndan verilecektir.<\/p>\n<p>Hedefimiz 2027 ve \u00d6tesi<\/p>\n<p>2025, ekonomik s\u0131k\u0131nt\u0131lar\u0131n hafifledi\u011fi, umut dolu projelerin hayata ge\u00e7ti\u011fi bir y\u0131l olacak. T\u00fcm gayretimiz, halk\u0131m\u0131z\u0131n refah\u0131n\u0131 art\u0131rmak ve gelece\u011fimizi g\u00fcvence alt\u0131na almak. \u0130deolojik siyaset yerine hizmet odakl\u0131 anlay\u0131\u015fla hareket etmeye, halk\u0131m\u0131za daha g\u00fczel bir gelecek sunmaya kararl\u0131y\u0131z.<\/p>\n<p>Birlikte Ba\u015fard\u0131k, Daha Fazlas\u0131n\u0131 Ba\u015faraca\u011f\u0131z, Bu duygularla, yeni y\u0131l\u0131n\u0131z\u0131 bir kez daha kutluyor; sa\u011fl\u0131k, bar\u0131\u015f, mutluluk ve huzur dolu bir 2025 y\u0131l\u0131 diliyorum. <\/p>\n<p>T\u00fcm vatanda\u015flar\u0131m\u0131za ve misafirlerimize sevgi ve sayg\u0131lar\u0131mla\u2026\u201d dedi.<\/p>\n<\/p><\/div>\n<p><script async\n                    defer\n                    crossorigin=\"anonymous\"\n                    src=\"https:\/\/connect.facebook.net\/tr_TR\/sdk.js#xfbml=1&#038;version=v3.3\"\n            ><\/script><\/p>\n","protected":false},"excerpt":{"rendered":"<p>Ba\u015fbakan \u00dcnal \u00dcstel, 2024 y\u0131l\u0131n\u0131 geride b\u0131rakmaya haz\u0131rlan\u0131rken, yeni y\u0131l dolay\u0131s\u0131yla bir mesaj yay\u0131mlad\u0131. \u00dcstel mesaj\u0131nda,\u201d De\u011ferli Vatanda\u015flar\u0131m, 2024 y\u0131l\u0131n\u0131 geride b\u0131rak\u0131rken, umut ve heyecanla 2025 y\u0131l\u0131na merhaba demeye haz\u0131rlan\u0131yoruz. Bu vesileyle, t\u00fcm halk\u0131m\u0131z\u0131n ve milletimizin yeni y\u0131l\u0131n\u0131 en i\u00e7ten dileklerimle kutluyorum. 2025 y\u0131l\u0131n\u0131n, hepimiz i\u00e7in bar\u0131\u015f, sa\u011fl\u0131k, mutluluk ve refah dolu bir y\u0131l olmas\u0131n\u0131<\/p>\n","protected":false},"author":1,"featured_media":72606,"comment_status":"open","ping_status":"open","sticky":false,"template":"","format":"standard","meta":{"footnotes":""},"categories":[81],"tags":[],"class_list":["post-72605","post","type-post","status-publish","format-standard","has-post-thumbnail","hentry","category-kibris"],"yoast_head":"<!-- This site is optimized with the Yoast SEO plugin v27.4 - https:\/\/yoast.com\/product\/yoast-seo-wordpress\/ -->\n<title>Ba\u015fbakan \u00dcstel\u2019den yeni y\u0131l mesaj\u0131:2025 hedeflerimizi b\u00fcy\u00fctt\u00fc\u011f\u00fcm\u00fcz bir y\u0131l olacak. Yeni y\u0131lda halk\u0131m\u0131z\u0131 desteklemek i\u00e7in ekonomik paketlerimizi geni\u015fletece\u011fiz -<\/title>\n<meta name=\"robots\" content=\"index, follow, max-snippet:-1, max-image-preview:large, max-video-preview:-1\" \/>\n<link rel=\"canonical\" href=\"https:\/\/kibrisdakik.com\/?p=72605\" \/>\n<meta property=\"og:locale\" content=\"tr_TR\" \/>\n<meta property=\"og:type\" content=\"article\" \/>\n<meta property=\"og:title\" content=\"Ba\u015fbakan \u00dcstel\u2019den yeni y\u0131l mesaj\u0131:2025 hedeflerimizi b\u00fcy\u00fctt\u00fc\u011f\u00fcm\u00fcz bir y\u0131l olacak. Yeni y\u0131lda halk\u0131m\u0131z\u0131 desteklemek i\u00e7in ekonomik paketlerimizi geni\u015fletece\u011fiz -\" \/>\n<meta property=\"og:description\" content=\"Ba\u015fbakan \u00dcnal \u00dcstel, 2024 y\u0131l\u0131n\u0131 geride b\u0131rakmaya haz\u0131rlan\u0131rken, yeni y\u0131l dolay\u0131s\u0131yla bir mesaj yay\u0131mlad\u0131. \u00dcstel mesaj\u0131nda,\u201d De\u011ferli Vatanda\u015flar\u0131m, 2024 y\u0131l\u0131n\u0131 geride b\u0131rak\u0131rken, umut ve heyecanla 2025 y\u0131l\u0131na merhaba demeye haz\u0131rlan\u0131yoruz. Bu vesileyle, t\u00fcm halk\u0131m\u0131z\u0131n ve milletimizin yeni y\u0131l\u0131n\u0131 en i\u00e7ten dileklerimle kutluyorum. 2025 y\u0131l\u0131n\u0131n, hepimiz i\u00e7in bar\u0131\u015f, sa\u011fl\u0131k, mutluluk ve refah dolu bir y\u0131l olmas\u0131n\u0131\" \/>\n<meta property=\"og:url\" content=\"https:\/\/kibrisdakik.com\/?p=72605\" \/>\n<meta property=\"article:published_time\" content=\"2024-12-29T13:38:15+00:00\" \/>\n<meta property=\"og:image\" content=\"https:\/\/kibrisdakik.com\/wp-content\/uploads\/2024\/12\/ustel-yeni25-740x420.jpg\" \/>\n\t<meta property=\"og:image:width\" content=\"1536\" \/>\n\t<meta property=\"og:image:height\" content=\"971\" \/>\n\t<meta property=\"og:image:type\" content=\"image\/jpeg\" \/>\n<meta name=\"author\" content=\"admin\" \/>\n<meta name=\"twitter:card\" content=\"summary_large_image\" \/>\n<meta name=\"twitter:label1\" content=\"Yazan:\" \/>\n\t<meta name=\"twitter:data1\" content=\"admin\" \/>\n\t<meta name=\"twitter:label2\" content=\"Tahmini okuma s\u00fcresi\" \/>\n\t<meta name=\"twitter:data2\" content=\"5 dakika\" \/>\n<script type=\"application\/ld+json\" class=\"yoast-schema-graph\">{\"@context\":\"https:\\\/\\\/schema.org\",\"@graph\":[{\"@type\":\"Article\",\"@id\":\"https:\\\/\\\/kibrisdakik.com\\\/?p=72605#article\",\"isPartOf\":{\"@id\":\"https:\\\/\\\/kibrisdakik.com\\\/?p=72605\"},\"author\":{\"name\":\"admin\",\"@id\":\"https:\\\/\\\/kibrisdakik.com\\\/#\\\/schema\\\/person\\\/9cd9d437bbb44f72b73ba127e06d8e79\"},\"headline\":\"Ba\u015fbakan \u00dcstel\u2019den yeni y\u0131l mesaj\u0131:2025 hedeflerimizi b\u00fcy\u00fctt\u00fc\u011f\u00fcm\u00fcz bir y\u0131l olacak. Yeni y\u0131lda halk\u0131m\u0131z\u0131 desteklemek i\u00e7in ekonomik paketlerimizi geni\u015fletece\u011fiz\",\"datePublished\":\"2024-12-29T13:38:15+00:00\",\"mainEntityOfPage\":{\"@id\":\"https:\\\/\\\/kibrisdakik.com\\\/?p=72605\"},\"wordCount\":1082,\"commentCount\":0,\"image\":{\"@id\":\"https:\\\/\\\/kibrisdakik.com\\\/?p=72605#primaryimage\"},\"thumbnailUrl\":\"https:\\\/\\\/kibrisdakik.com\\\/wp-content\\\/uploads\\\/2024\\\/12\\\/ustel-yeni25-740x420.jpg\",\"articleSection\":[\"K\u0131br\u0131s\"],\"inLanguage\":\"tr\",\"potentialAction\":[{\"@type\":\"CommentAction\",\"name\":\"Comment\",\"target\":[\"https:\\\/\\\/kibrisdakik.com\\\/?p=72605#respond\"]}]},{\"@type\":\"WebPage\",\"@id\":\"https:\\\/\\\/kibrisdakik.com\\\/?p=72605\",\"url\":\"https:\\\/\\\/kibrisdakik.com\\\/?p=72605\",\"name\":\"Ba\u015fbakan \u00dcstel\u2019den yeni y\u0131l mesaj\u0131:2025 hedeflerimizi b\u00fcy\u00fctt\u00fc\u011f\u00fcm\u00fcz bir y\u0131l olacak. Yeni y\u0131lda halk\u0131m\u0131z\u0131 desteklemek i\u00e7in ekonomik paketlerimizi geni\u015fletece\u011fiz -\",\"isPartOf\":{\"@id\":\"https:\\\/\\\/kibrisdakik.com\\\/#website\"},\"primaryImageOfPage\":{\"@id\":\"https:\\\/\\\/kibrisdakik.com\\\/?p=72605#primaryimage\"},\"image\":{\"@id\":\"https:\\\/\\\/kibrisdakik.com\\\/?p=72605#primaryimage\"},\"thumbnailUrl\":\"https:\\\/\\\/kibrisdakik.com\\\/wp-content\\\/uploads\\\/2024\\\/12\\\/ustel-yeni25-740x420.jpg\",\"datePublished\":\"2024-12-29T13:38:15+00:00\",\"author\":{\"@id\":\"https:\\\/\\\/kibrisdakik.com\\\/#\\\/schema\\\/person\\\/9cd9d437bbb44f72b73ba127e06d8e79\"},\"breadcrumb\":{\"@id\":\"https:\\\/\\\/kibrisdakik.com\\\/?p=72605#breadcrumb\"},\"inLanguage\":\"tr\",\"potentialAction\":[{\"@type\":\"ReadAction\",\"target\":[\"https:\\\/\\\/kibrisdakik.com\\\/?p=72605\"]}]},{\"@type\":\"ImageObject\",\"inLanguage\":\"tr\",\"@id\":\"https:\\\/\\\/kibrisdakik.com\\\/?p=72605#primaryimage\",\"url\":\"https:\\\/\\\/kibrisdakik.com\\\/wp-content\\\/uploads\\\/2024\\\/12\\\/ustel-yeni25-740x420.jpg\",\"contentUrl\":\"https:\\\/\\\/kibrisdakik.com\\\/wp-content\\\/uploads\\\/2024\\\/12\\\/ustel-yeni25-740x420.jpg\",\"width\":1536,\"height\":971},{\"@type\":\"BreadcrumbList\",\"@id\":\"https:\\\/\\\/kibrisdakik.com\\\/?p=72605#breadcrumb\",\"itemListElement\":[{\"@type\":\"ListItem\",\"position\":1,\"name\":\"Home\",\"item\":\"https:\\\/\\\/kibrisdakik.com\\\/\"},{\"@type\":\"ListItem\",\"position\":2,\"name\":\"Ba\u015fbakan \u00dcstel\u2019den yeni y\u0131l mesaj\u0131:2025 hedeflerimizi b\u00fcy\u00fctt\u00fc\u011f\u00fcm\u00fcz bir y\u0131l olacak. Yeni y\u0131lda halk\u0131m\u0131z\u0131 desteklemek i\u00e7in ekonomik paketlerimizi geni\u015fletece\u011fiz\"}]},{\"@type\":\"WebSite\",\"@id\":\"https:\\\/\\\/kibrisdakik.com\\\/#website\",\"url\":\"https:\\\/\\\/kibrisdakik.com\\\/\",\"name\":\"\",\"description\":\"Tam vaktinde haber\",\"potentialAction\":[{\"@type\":\"SearchAction\",\"target\":{\"@type\":\"EntryPoint\",\"urlTemplate\":\"https:\\\/\\\/kibrisdakik.com\\\/?s={search_term_string}\"},\"query-input\":{\"@type\":\"PropertyValueSpecification\",\"valueRequired\":true,\"valueName\":\"search_term_string\"}}],\"inLanguage\":\"tr\"},{\"@type\":\"Person\",\"@id\":\"https:\\\/\\\/kibrisdakik.com\\\/#\\\/schema\\\/person\\\/9cd9d437bbb44f72b73ba127e06d8e79\",\"name\":\"admin\",\"image\":{\"@type\":\"ImageObject\",\"inLanguage\":\"tr\",\"@id\":\"https:\\\/\\\/secure.gravatar.com\\\/avatar\\\/ccc17943b9d660506c869530f897617f7cb1c21a4bf30023f252596d83e1f007?s=96&d=mm&r=g\",\"url\":\"https:\\\/\\\/secure.gravatar.com\\\/avatar\\\/ccc17943b9d660506c869530f897617f7cb1c21a4bf30023f252596d83e1f007?s=96&d=mm&r=g\",\"contentUrl\":\"https:\\\/\\\/secure.gravatar.com\\\/avatar\\\/ccc17943b9d660506c869530f897617f7cb1c21a4bf30023f252596d83e1f007?s=96&d=mm&r=g\",\"caption\":\"admin\"},\"sameAs\":[\"https:\\\/\\\/kibrisdakik.com\"],\"url\":\"https:\\\/\\\/kibrisdakik.com\\\/?author=1\"}]}<\/script>\n<!-- \/ Yoast SEO plugin. -->","yoast_head_json":{"title":"Ba\u015fbakan \u00dcstel\u2019den yeni y\u0131l mesaj\u0131:2025 hedeflerimizi b\u00fcy\u00fctt\u00fc\u011f\u00fcm\u00fcz bir y\u0131l olacak. Yeni y\u0131lda halk\u0131m\u0131z\u0131 desteklemek i\u00e7in ekonomik paketlerimizi geni\u015fletece\u011fiz -","robots":{"index":"index","follow":"follow","max-snippet":"max-snippet:-1","max-image-preview":"max-image-preview:large","max-video-preview":"max-video-preview:-1"},"canonical":"https:\/\/kibrisdakik.com\/?p=72605","og_locale":"tr_TR","og_type":"article","og_title":"Ba\u015fbakan \u00dcstel\u2019den yeni y\u0131l mesaj\u0131:2025 hedeflerimizi b\u00fcy\u00fctt\u00fc\u011f\u00fcm\u00fcz bir y\u0131l olacak. Yeni y\u0131lda halk\u0131m\u0131z\u0131 desteklemek i\u00e7in ekonomik paketlerimizi geni\u015fletece\u011fiz -","og_description":"Ba\u015fbakan \u00dcnal \u00dcstel, 2024 y\u0131l\u0131n\u0131 geride b\u0131rakmaya haz\u0131rlan\u0131rken, yeni y\u0131l dolay\u0131s\u0131yla bir mesaj yay\u0131mlad\u0131. \u00dcstel mesaj\u0131nda,\u201d De\u011ferli Vatanda\u015flar\u0131m, 2024 y\u0131l\u0131n\u0131 geride b\u0131rak\u0131rken, umut ve heyecanla 2025 y\u0131l\u0131na merhaba demeye haz\u0131rlan\u0131yoruz. Bu vesileyle, t\u00fcm halk\u0131m\u0131z\u0131n ve milletimizin yeni y\u0131l\u0131n\u0131 en i\u00e7ten dileklerimle kutluyorum. 2025 y\u0131l\u0131n\u0131n, hepimiz i\u00e7in bar\u0131\u015f, sa\u011fl\u0131k, mutluluk ve refah dolu bir y\u0131l olmas\u0131n\u0131","og_url":"https:\/\/kibrisdakik.com\/?p=72605","article_published_time":"2024-12-29T13:38:15+00:00","og_image":[{"width":1536,"height":971,"url":"https:\/\/kibrisdakik.com\/wp-content\/uploads\/2024\/12\/ustel-yeni25-740x420.jpg","type":"image\/jpeg"}],"author":"admin","twitter_card":"summary_large_image","twitter_misc":{"Yazan:":"admin","Tahmini okuma s\u00fcresi":"5 dakika"},"schema":{"@context":"https:\/\/schema.org","@graph":[{"@type":"Article","@id":"https:\/\/kibrisdakik.com\/?p=72605#article","isPartOf":{"@id":"https:\/\/kibrisdakik.com\/?p=72605"},"author":{"name":"admin","@id":"https:\/\/kibrisdakik.com\/#\/schema\/person\/9cd9d437bbb44f72b73ba127e06d8e79"},"headline":"Ba\u015fbakan \u00dcstel\u2019den yeni y\u0131l mesaj\u0131:2025 hedeflerimizi b\u00fcy\u00fctt\u00fc\u011f\u00fcm\u00fcz bir y\u0131l olacak. Yeni y\u0131lda halk\u0131m\u0131z\u0131 desteklemek i\u00e7in ekonomik paketlerimizi geni\u015fletece\u011fiz","datePublished":"2024-12-29T13:38:15+00:00","mainEntityOfPage":{"@id":"https:\/\/kibrisdakik.com\/?p=72605"},"wordCount":1082,"commentCount":0,"image":{"@id":"https:\/\/kibrisdakik.com\/?p=72605#primaryimage"},"thumbnailUrl":"https:\/\/kibrisdakik.com\/wp-content\/uploads\/2024\/12\/ustel-yeni25-740x420.jpg","articleSection":["K\u0131br\u0131s"],"inLanguage":"tr","potentialAction":[{"@type":"CommentAction","name":"Comment","target":["https:\/\/kibrisdakik.com\/?p=72605#respond"]}]},{"@type":"WebPage","@id":"https:\/\/kibrisdakik.com\/?p=72605","url":"https:\/\/kibrisdakik.com\/?p=72605","name":"Ba\u015fbakan \u00dcstel\u2019den yeni y\u0131l mesaj\u0131:2025 hedeflerimizi b\u00fcy\u00fctt\u00fc\u011f\u00fcm\u00fcz bir y\u0131l olacak. Yeni y\u0131lda halk\u0131m\u0131z\u0131 desteklemek i\u00e7in ekonomik paketlerimizi geni\u015fletece\u011fiz -","isPartOf":{"@id":"https:\/\/kibrisdakik.com\/#website"},"primaryImageOfPage":{"@id":"https:\/\/kibrisdakik.com\/?p=72605#primaryimage"},"image":{"@id":"https:\/\/kibrisdakik.com\/?p=72605#primaryimage"},"thumbnailUrl":"https:\/\/kibrisdakik.com\/wp-content\/uploads\/2024\/12\/ustel-yeni25-740x420.jpg","datePublished":"2024-12-29T13:38:15+00:00","author":{"@id":"https:\/\/kibrisdakik.com\/#\/schema\/person\/9cd9d437bbb44f72b73ba127e06d8e79"},"breadcrumb":{"@id":"https:\/\/kibrisdakik.com\/?p=72605#breadcrumb"},"inLanguage":"tr","potentialAction":[{"@type":"ReadAction","target":["https:\/\/kibrisdakik.com\/?p=72605"]}]},{"@type":"ImageObject","inLanguage":"tr","@id":"https:\/\/kibrisdakik.com\/?p=72605#primaryimage","url":"https:\/\/kibrisdakik.com\/wp-content\/uploads\/2024\/12\/ustel-yeni25-740x420.jpg","contentUrl":"https:\/\/kibrisdakik.com\/wp-content\/uploads\/2024\/12\/ustel-yeni25-740x420.jpg","width":1536,"height":971},{"@type":"BreadcrumbList","@id":"https:\/\/kibrisdakik.com\/?p=72605#breadcrumb","itemListElement":[{"@type":"ListItem","position":1,"name":"Home","item":"https:\/\/kibrisdakik.com\/"},{"@type":"ListItem","position":2,"name":"Ba\u015fbakan \u00dcstel\u2019den yeni y\u0131l mesaj\u0131:2025 hedeflerimizi b\u00fcy\u00fctt\u00fc\u011f\u00fcm\u00fcz bir y\u0131l olacak. Yeni y\u0131lda halk\u0131m\u0131z\u0131 desteklemek i\u00e7in ekonomik paketlerimizi geni\u015fletece\u011fiz"}]},{"@type":"WebSite","@id":"https:\/\/kibrisdakik.com\/#website","url":"https:\/\/kibrisdakik.com\/","name":"","description":"Tam vaktinde haber","potentialAction":[{"@type":"SearchAction","target":{"@type":"EntryPoint","urlTemplate":"https:\/\/kibrisdakik.com\/?s={search_term_string}"},"query-input":{"@type":"PropertyValueSpecification","valueRequired":true,"valueName":"search_term_string"}}],"inLanguage":"tr"},{"@type":"Person","@id":"https:\/\/kibrisdakik.com\/#\/schema\/person\/9cd9d437bbb44f72b73ba127e06d8e79","name":"admin","image":{"@type":"ImageObject","inLanguage":"tr","@id":"https:\/\/secure.gravatar.com\/avatar\/ccc17943b9d660506c869530f897617f7cb1c21a4bf30023f252596d83e1f007?s=96&d=mm&r=g","url":"https:\/\/secure.gravatar.com\/avatar\/ccc17943b9d660506c869530f897617f7cb1c21a4bf30023f252596d83e1f007?s=96&d=mm&r=g","contentUrl":"https:\/\/secure.gravatar.com\/avatar\/ccc17943b9d660506c869530f897617f7cb1c21a4bf30023f252596d83e1f007?s=96&d=mm&r=g","caption":"admin"},"sameAs":["https:\/\/kibrisdakik.com"],"url":"https:\/\/kibrisdakik.com\/?author=1"}]}},"_links":{"self":[{"href":"https:\/\/kibrisdakik.com\/index.php?rest_route=\/wp\/v2\/posts\/72605","targetHints":{"allow":["GET"]}}],"collection":[{"href":"https:\/\/kibrisdakik.com\/index.php?rest_route=\/wp\/v2\/posts"}],"about":[{"href":"https:\/\/kibrisdakik.com\/index.php?rest_route=\/wp\/v2\/types\/post"}],"author":[{"embeddable":true,"href":"https:\/\/kibrisdakik.com\/index.php?rest_route=\/wp\/v2\/users\/1"}],"replies":[{"embeddable":true,"href":"https:\/\/kibrisdakik.com\/index.php?rest_route=%2Fwp%2Fv2%2Fcomments&post=72605"}],"version-history":[{"count":0,"href":"https:\/\/kibrisdakik.com\/index.php?rest_route=\/wp\/v2\/posts\/72605\/revisions"}],"wp:featuredmedia":[{"embeddable":true,"href":"https:\/\/kibrisdakik.com\/index.php?rest_route=\/wp\/v2\/media\/72606"}],"wp:attachment":[{"href":"https:\/\/kibrisdakik.com\/index.php?rest_route=%2Fwp%2Fv2%2Fmedia&parent=72605"}],"wp:term":[{"taxonomy":"category","embeddable":true,"href":"https:\/\/kibrisdakik.com\/index.php?rest_route=%2Fwp%2Fv2%2Fcategories&post=72605"},{"taxonomy":"post_tag","embeddable":true,"href":"https:\/\/kibrisdakik.com\/index.php?rest_route=%2Fwp%2Fv2%2Ftags&post=72605"}],"curies":[{"name":"wp","href":"https:\/\/api.w.org\/{rel}","templated":true}]}}