{"id":72613,"date":"2024-12-29T13:35:31","date_gmt":"2024-12-29T10:35:31","guid":{"rendered":"https:\/\/kibrisdakik.com\/index.php\/2024\/12\/29\/70-yasindaki-raif-abanoz-hayatini-kaybetti\/"},"modified":"2024-12-29T13:35:31","modified_gmt":"2024-12-29T10:35:31","slug":"70-yasindaki-raif-abanoz-hayatini-kaybetti","status":"publish","type":"post","link":"https:\/\/kibrisdakik.com\/?p=72613","title":{"rendered":"70 ya\u015f\u0131ndaki Raif Abanoz hayat\u0131n\u0131 kaybetti"},"content":{"rendered":"<p><\/p>\n<div>\n<div class=\"mariselle-image-container center\">\n                <img loading=\"lazy\" decoding=\"async\" width=\"460\" height=\"276\" class=\"lazy-image\" alt=\"\" sizes=\"auto, (max-width: 460px) 100vw, 460px\" src=\"https:\/\/brtk.net\/wp-content\/uploads\/2024\/12\/29\/1735457824207olum32.jpg?ver=c68a4d6847f388684b43eb4340dd73f9\" srcset=\"https:\/\/brtk.net\/wp-content\/uploads\/2024\/12\/29\/1735457824207olum32.jpg?ver=c68a4d6847f388684b43eb4340dd73f9 460w, https:\/\/brtk.net\/wp-content\/uploads\/2024\/12\/29\/1735457824207olum32-300x180.jpg?ver=c68a4d6847f388684b43eb4340dd73f9 300w\"\/>                            <\/div>\n<p>Esentepe\u2019de d\u00fcn saat 08.00 s\u0131ralar\u0131nda, 70 ya\u015f\u0131ndaki Raif Abanoz, evinin teras k\u0131sm\u0131nda ya\u015fam\u0131n\u0131 yitirmi\u015f \u015fekilde bulundu.<\/p>\n<p>Polis bas\u0131n b\u00fcltenine g\u00f6re, Abanoz\u2019un \u00f6l\u00fcm sebebi yap\u0131lacak otopsi sonucunda tespit edilecek.<\/p>\n<p>Polisin soru\u015fturmas\u0131 s\u00fcr\u00fcyor.<\/p>\n<\/p><\/div>\n<p><script async\n                    defer\n                    crossorigin=\"anonymous\"\n                    src=\"https:\/\/connect.facebook.net\/tr_TR\/sdk.js#xfbml=1&#038;version=v3.3\"\n            ><\/script><\/p>\n","protected":false},"excerpt":{"rendered":"<p>Esentepe\u2019de d\u00fcn saat 08.00 s\u0131ralar\u0131nda, 70 ya\u015f\u0131ndaki Raif Abanoz, evinin teras k\u0131sm\u0131nda ya\u015fam\u0131n\u0131 yitirmi\u015f \u015fekilde bulundu. Polis bas\u0131n b\u00fcltenine g\u00f6re, Abanoz\u2019un \u00f6l\u00fcm sebebi yap\u0131lacak otopsi sonucunda tespit edilecek. Polisin soru\u015fturmas\u0131 s\u00fcr\u00fcyor.<\/p>\n","protected":false},"author":1,"featured_media":72614,"comment_status":"open","ping_status":"open","sticky":false,"template":"","format":"standard","meta":{"footnotes":""},"categories":[1],"tags":[],"class_list":["post-72613","post","type-post","status-publish","format-standard","has-post-thumbnail","hentry","category-gundem"],"yoast_head":"<!-- This site is optimized with the Yoast SEO plugin v27.4 - https:\/\/yoast.com\/product\/yoast-seo-wordpress\/ -->\n<title>70 ya\u015f\u0131ndaki Raif Abanoz hayat\u0131n\u0131 kaybetti -<\/title>\n<meta name=\"robots\" content=\"index, follow, max-snippet:-1, max-image-preview:large, max-video-preview:-1\" \/>\n<link rel=\"canonical\" href=\"https:\/\/kibrisdakik.com\/?p=72613\" \/>\n<meta property=\"og:locale\" content=\"tr_TR\" \/>\n<meta property=\"og:type\" content=\"article\" \/>\n<meta property=\"og:title\" content=\"70 ya\u015f\u0131ndaki Raif Abanoz hayat\u0131n\u0131 kaybetti -\" \/>\n<meta property=\"og:description\" content=\"Esentepe\u2019de d\u00fcn saat 08.00 s\u0131ralar\u0131nda, 70 ya\u015f\u0131ndaki Raif Abanoz, evinin teras k\u0131sm\u0131nda ya\u015fam\u0131n\u0131 yitirmi\u015f \u015fekilde bulundu. Polis bas\u0131n b\u00fcltenine g\u00f6re, Abanoz\u2019un \u00f6l\u00fcm sebebi yap\u0131lacak otopsi sonucunda tespit edilecek. Polisin soru\u015fturmas\u0131 s\u00fcr\u00fcyor.\" \/>\n<meta property=\"og:url\" content=\"https:\/\/kibrisdakik.com\/?p=72613\" \/>\n<meta property=\"article:published_time\" content=\"2024-12-29T10:35:31+00:00\" \/>\n<meta property=\"og:image\" content=\"https:\/\/kibrisdakik.com\/wp-content\/uploads\/2024\/12\/1735457824207olum32.jpg\" \/>\n\t<meta property=\"og:image:width\" content=\"460\" \/>\n\t<meta property=\"og:image:height\" content=\"276\" \/>\n\t<meta property=\"og:image:type\" content=\"image\/jpeg\" \/>\n<meta name=\"author\" content=\"admin\" \/>\n<meta name=\"twitter:card\" content=\"summary_large_image\" \/>\n<meta name=\"twitter:label1\" content=\"Yazan:\" \/>\n\t<meta name=\"twitter:data1\" content=\"admin\" \/>\n<script type=\"application\/ld+json\" class=\"yoast-schema-graph\">{\"@context\":\"https:\\\/\\\/schema.org\",\"@graph\":[{\"@type\":\"Article\",\"@id\":\"https:\\\/\\\/kibrisdakik.com\\\/?p=72613#article\",\"isPartOf\":{\"@id\":\"https:\\\/\\\/kibrisdakik.com\\\/?p=72613\"},\"author\":{\"name\":\"admin\",\"@id\":\"https:\\\/\\\/kibrisdakik.com\\\/#\\\/schema\\\/person\\\/9cd9d437bbb44f72b73ba127e06d8e79\"},\"headline\":\"70 ya\u015f\u0131ndaki Raif Abanoz hayat\u0131n\u0131 kaybetti\",\"datePublished\":\"2024-12-29T10:35:31+00:00\",\"mainEntityOfPage\":{\"@id\":\"https:\\\/\\\/kibrisdakik.com\\\/?p=72613\"},\"wordCount\":54,\"commentCount\":0,\"image\":{\"@id\":\"https:\\\/\\\/kibrisdakik.com\\\/?p=72613#primaryimage\"},\"thumbnailUrl\":\"https:\\\/\\\/kibrisdakik.com\\\/wp-content\\\/uploads\\\/2024\\\/12\\\/1735457824207olum32.jpg\",\"articleSection\":[\"G\u00fcndem\"],\"inLanguage\":\"tr\",\"potentialAction\":[{\"@type\":\"CommentAction\",\"name\":\"Comment\",\"target\":[\"https:\\\/\\\/kibrisdakik.com\\\/?p=72613#respond\"]}]},{\"@type\":\"WebPage\",\"@id\":\"https:\\\/\\\/kibrisdakik.com\\\/?p=72613\",\"url\":\"https:\\\/\\\/kibrisdakik.com\\\/?p=72613\",\"name\":\"70 ya\u015f\u0131ndaki Raif Abanoz hayat\u0131n\u0131 kaybetti -\",\"isPartOf\":{\"@id\":\"https:\\\/\\\/kibrisdakik.com\\\/#website\"},\"primaryImageOfPage\":{\"@id\":\"https:\\\/\\\/kibrisdakik.com\\\/?p=72613#primaryimage\"},\"image\":{\"@id\":\"https:\\\/\\\/kibrisdakik.com\\\/?p=72613#primaryimage\"},\"thumbnailUrl\":\"https:\\\/\\\/kibrisdakik.com\\\/wp-content\\\/uploads\\\/2024\\\/12\\\/1735457824207olum32.jpg\",\"datePublished\":\"2024-12-29T10:35:31+00:00\",\"author\":{\"@id\":\"https:\\\/\\\/kibrisdakik.com\\\/#\\\/schema\\\/person\\\/9cd9d437bbb44f72b73ba127e06d8e79\"},\"breadcrumb\":{\"@id\":\"https:\\\/\\\/kibrisdakik.com\\\/?p=72613#breadcrumb\"},\"inLanguage\":\"tr\",\"potentialAction\":[{\"@type\":\"ReadAction\",\"target\":[\"https:\\\/\\\/kibrisdakik.com\\\/?p=72613\"]}]},{\"@type\":\"ImageObject\",\"inLanguage\":\"tr\",\"@id\":\"https:\\\/\\\/kibrisdakik.com\\\/?p=72613#primaryimage\",\"url\":\"https:\\\/\\\/kibrisdakik.com\\\/wp-content\\\/uploads\\\/2024\\\/12\\\/1735457824207olum32.jpg\",\"contentUrl\":\"https:\\\/\\\/kibrisdakik.com\\\/wp-content\\\/uploads\\\/2024\\\/12\\\/1735457824207olum32.jpg\",\"width\":460,\"height\":276},{\"@type\":\"BreadcrumbList\",\"@id\":\"https:\\\/\\\/kibrisdakik.com\\\/?p=72613#breadcrumb\",\"itemListElement\":[{\"@type\":\"ListItem\",\"position\":1,\"name\":\"Home\",\"item\":\"https:\\\/\\\/kibrisdakik.com\\\/\"},{\"@type\":\"ListItem\",\"position\":2,\"name\":\"70 ya\u015f\u0131ndaki Raif Abanoz hayat\u0131n\u0131 kaybetti\"}]},{\"@type\":\"WebSite\",\"@id\":\"https:\\\/\\\/kibrisdakik.com\\\/#website\",\"url\":\"https:\\\/\\\/kibrisdakik.com\\\/\",\"name\":\"\",\"description\":\"Tam vaktinde haber\",\"potentialAction\":[{\"@type\":\"SearchAction\",\"target\":{\"@type\":\"EntryPoint\",\"urlTemplate\":\"https:\\\/\\\/kibrisdakik.com\\\/?s={search_term_string}\"},\"query-input\":{\"@type\":\"PropertyValueSpecification\",\"valueRequired\":true,\"valueName\":\"search_term_string\"}}],\"inLanguage\":\"tr\"},{\"@type\":\"Person\",\"@id\":\"https:\\\/\\\/kibrisdakik.com\\\/#\\\/schema\\\/person\\\/9cd9d437bbb44f72b73ba127e06d8e79\",\"name\":\"admin\",\"image\":{\"@type\":\"ImageObject\",\"inLanguage\":\"tr\",\"@id\":\"https:\\\/\\\/secure.gravatar.com\\\/avatar\\\/ccc17943b9d660506c869530f897617f7cb1c21a4bf30023f252596d83e1f007?s=96&d=mm&r=g\",\"url\":\"https:\\\/\\\/secure.gravatar.com\\\/avatar\\\/ccc17943b9d660506c869530f897617f7cb1c21a4bf30023f252596d83e1f007?s=96&d=mm&r=g\",\"contentUrl\":\"https:\\\/\\\/secure.gravatar.com\\\/avatar\\\/ccc17943b9d660506c869530f897617f7cb1c21a4bf30023f252596d83e1f007?s=96&d=mm&r=g\",\"caption\":\"admin\"},\"sameAs\":[\"https:\\\/\\\/kibrisdakik.com\"],\"url\":\"https:\\\/\\\/kibrisdakik.com\\\/?author=1\"}]}<\/script>\n<!-- \/ Yoast SEO plugin. -->","yoast_head_json":{"title":"70 ya\u015f\u0131ndaki Raif Abanoz hayat\u0131n\u0131 kaybetti -","robots":{"index":"index","follow":"follow","max-snippet":"max-snippet:-1","max-image-preview":"max-image-preview:large","max-video-preview":"max-video-preview:-1"},"canonical":"https:\/\/kibrisdakik.com\/?p=72613","og_locale":"tr_TR","og_type":"article","og_title":"70 ya\u015f\u0131ndaki Raif Abanoz hayat\u0131n\u0131 kaybetti -","og_description":"Esentepe\u2019de d\u00fcn saat 08.00 s\u0131ralar\u0131nda, 70 ya\u015f\u0131ndaki Raif Abanoz, evinin teras k\u0131sm\u0131nda ya\u015fam\u0131n\u0131 yitirmi\u015f \u015fekilde bulundu. Polis bas\u0131n b\u00fcltenine g\u00f6re, Abanoz\u2019un \u00f6l\u00fcm sebebi yap\u0131lacak otopsi sonucunda tespit edilecek. Polisin soru\u015fturmas\u0131 s\u00fcr\u00fcyor.","og_url":"https:\/\/kibrisdakik.com\/?p=72613","article_published_time":"2024-12-29T10:35:31+00:00","og_image":[{"width":460,"height":276,"url":"https:\/\/kibrisdakik.com\/wp-content\/uploads\/2024\/12\/1735457824207olum32.jpg","type":"image\/jpeg"}],"author":"admin","twitter_card":"summary_large_image","twitter_misc":{"Yazan:":"admin"},"schema":{"@context":"https:\/\/schema.org","@graph":[{"@type":"Article","@id":"https:\/\/kibrisdakik.com\/?p=72613#article","isPartOf":{"@id":"https:\/\/kibrisdakik.com\/?p=72613"},"author":{"name":"admin","@id":"https:\/\/kibrisdakik.com\/#\/schema\/person\/9cd9d437bbb44f72b73ba127e06d8e79"},"headline":"70 ya\u015f\u0131ndaki Raif Abanoz hayat\u0131n\u0131 kaybetti","datePublished":"2024-12-29T10:35:31+00:00","mainEntityOfPage":{"@id":"https:\/\/kibrisdakik.com\/?p=72613"},"wordCount":54,"commentCount":0,"image":{"@id":"https:\/\/kibrisdakik.com\/?p=72613#primaryimage"},"thumbnailUrl":"https:\/\/kibrisdakik.com\/wp-content\/uploads\/2024\/12\/1735457824207olum32.jpg","articleSection":["G\u00fcndem"],"inLanguage":"tr","potentialAction":[{"@type":"CommentAction","name":"Comment","target":["https:\/\/kibrisdakik.com\/?p=72613#respond"]}]},{"@type":"WebPage","@id":"https:\/\/kibrisdakik.com\/?p=72613","url":"https:\/\/kibrisdakik.com\/?p=72613","name":"70 ya\u015f\u0131ndaki Raif Abanoz hayat\u0131n\u0131 kaybetti -","isPartOf":{"@id":"https:\/\/kibrisdakik.com\/#website"},"primaryImageOfPage":{"@id":"https:\/\/kibrisdakik.com\/?p=72613#primaryimage"},"image":{"@id":"https:\/\/kibrisdakik.com\/?p=72613#primaryimage"},"thumbnailUrl":"https:\/\/kibrisdakik.com\/wp-content\/uploads\/2024\/12\/1735457824207olum32.jpg","datePublished":"2024-12-29T10:35:31+00:00","author":{"@id":"https:\/\/kibrisdakik.com\/#\/schema\/person\/9cd9d437bbb44f72b73ba127e06d8e79"},"breadcrumb":{"@id":"https:\/\/kibrisdakik.com\/?p=72613#breadcrumb"},"inLanguage":"tr","potentialAction":[{"@type":"ReadAction","target":["https:\/\/kibrisdakik.com\/?p=72613"]}]},{"@type":"ImageObject","inLanguage":"tr","@id":"https:\/\/kibrisdakik.com\/?p=72613#primaryimage","url":"https:\/\/kibrisdakik.com\/wp-content\/uploads\/2024\/12\/1735457824207olum32.jpg","contentUrl":"https:\/\/kibrisdakik.com\/wp-content\/uploads\/2024\/12\/1735457824207olum32.jpg","width":460,"height":276},{"@type":"BreadcrumbList","@id":"https:\/\/kibrisdakik.com\/?p=72613#breadcrumb","itemListElement":[{"@type":"ListItem","position":1,"name":"Home","item":"https:\/\/kibrisdakik.com\/"},{"@type":"ListItem","position":2,"name":"70 ya\u015f\u0131ndaki Raif Abanoz hayat\u0131n\u0131 kaybetti"}]},{"@type":"WebSite","@id":"https:\/\/kibrisdakik.com\/#website","url":"https:\/\/kibrisdakik.com\/","name":"","description":"Tam vaktinde haber","potentialAction":[{"@type":"SearchAction","target":{"@type":"EntryPoint","urlTemplate":"https:\/\/kibrisdakik.com\/?s={search_term_string}"},"query-input":{"@type":"PropertyValueSpecification","valueRequired":true,"valueName":"search_term_string"}}],"inLanguage":"tr"},{"@type":"Person","@id":"https:\/\/kibrisdakik.com\/#\/schema\/person\/9cd9d437bbb44f72b73ba127e06d8e79","name":"admin","image":{"@type":"ImageObject","inLanguage":"tr","@id":"https:\/\/secure.gravatar.com\/avatar\/ccc17943b9d660506c869530f897617f7cb1c21a4bf30023f252596d83e1f007?s=96&d=mm&r=g","url":"https:\/\/secure.gravatar.com\/avatar\/ccc17943b9d660506c869530f897617f7cb1c21a4bf30023f252596d83e1f007?s=96&d=mm&r=g","contentUrl":"https:\/\/secure.gravatar.com\/avatar\/ccc17943b9d660506c869530f897617f7cb1c21a4bf30023f252596d83e1f007?s=96&d=mm&r=g","caption":"admin"},"sameAs":["https:\/\/kibrisdakik.com"],"url":"https:\/\/kibrisdakik.com\/?author=1"}]}},"_links":{"self":[{"href":"https:\/\/kibrisdakik.com\/index.php?rest_route=\/wp\/v2\/posts\/72613","targetHints":{"allow":["GET"]}}],"collection":[{"href":"https:\/\/kibrisdakik.com\/index.php?rest_route=\/wp\/v2\/posts"}],"about":[{"href":"https:\/\/kibrisdakik.com\/index.php?rest_route=\/wp\/v2\/types\/post"}],"author":[{"embeddable":true,"href":"https:\/\/kibrisdakik.com\/index.php?rest_route=\/wp\/v2\/users\/1"}],"replies":[{"embeddable":true,"href":"https:\/\/kibrisdakik.com\/index.php?rest_route=%2Fwp%2Fv2%2Fcomments&post=72613"}],"version-history":[{"count":0,"href":"https:\/\/kibrisdakik.com\/index.php?rest_route=\/wp\/v2\/posts\/72613\/revisions"}],"wp:featuredmedia":[{"embeddable":true,"href":"https:\/\/kibrisdakik.com\/index.php?rest_route=\/wp\/v2\/media\/72614"}],"wp:attachment":[{"href":"https:\/\/kibrisdakik.com\/index.php?rest_route=%2Fwp%2Fv2%2Fmedia&parent=72613"}],"wp:term":[{"taxonomy":"category","embeddable":true,"href":"https:\/\/kibrisdakik.com\/index.php?rest_route=%2Fwp%2Fv2%2Fcategories&post=72613"},{"taxonomy":"post_tag","embeddable":true,"href":"https:\/\/kibrisdakik.com\/index.php?rest_route=%2Fwp%2Fv2%2Ftags&post=72613"}],"curies":[{"name":"wp","href":"https:\/\/api.w.org\/{rel}","templated":true}]}}