{"id":72677,"date":"2024-12-30T19:51:40","date_gmt":"2024-12-30T16:51:40","guid":{"rendered":"https:\/\/kibrisdakik.com\/index.php\/2024\/12\/30\/cumhurbaskani-tatar-cumhurbaskanligi-deprem-komitesi-uyelerini-kabul-etti\/"},"modified":"2024-12-30T19:51:40","modified_gmt":"2024-12-30T16:51:40","slug":"cumhurbaskani-tatar-cumhurbaskanligi-deprem-komitesi-uyelerini-kabul-etti","status":"publish","type":"post","link":"https:\/\/kibrisdakik.com\/?p=72677","title":{"rendered":"Cumhurba\u015fkan\u0131 Tatar, Cumhurba\u015fkanl\u0131\u011f\u0131 Deprem Komitesi \u00fcyelerini kabul etti"},"content":{"rendered":"<div>\n<div class=\"mariselle-image-container center\">\n                                            <\/div>\n<p>Cumhurba\u015fkan\u0131 Ersin Tatar, Cumhurba\u015fkanl\u0131\u011f\u0131 Deprem Komitesi Ba\u015fkan\u0131, Jeoloji Y\u00fcksek M\u00fchendisi Prof. Dr. Cavit Atalar ve Cumhurba\u015fkanl\u0131\u011f\u0131 Deprem Komitesi \u00fcyelerini kabul etti.<\/p>\n<p>Cumhurba\u015fkan\u0131 Ersin Tatar kabulde yapt\u0131\u011f\u0131 konu\u015fmada, Cumhurba\u015fkanl\u0131\u011f\u0131 Deprem Komitesinin, T\u00fcrkiye\u2019de 6 \u015eubat\u2019ta deprem meydana gelmeden 15 ay \u00f6nce, 30 Aral\u0131k 2021\u2019de kuruldu\u011funu ve 31 Ocak 2022\u2019de ilk toplant\u0131s\u0131n\u0131 yapt\u0131\u011f\u0131n\u0131 an\u0131msatarak, deprem konusunu Cumhurba\u015fkanl\u0131\u011f\u0131 olarak ciddiye ald\u0131klar\u0131n\u0131 ifade etti.<\/p>\n<p>Cumhurba\u015fkan\u0131 Tatar, Cumhurba\u015fkanl\u0131\u011f\u0131 Deprem Komitesi Ba\u015fkan\u0131 Prof. Dr. Cavit Atalar ve komite \u00fcyelerine yap\u0131lan \u00e7al\u0131\u015fmalardan dolay\u0131 te\u015fekk\u00fcr etti.<\/p>\n<p>K\u0131br\u0131s\u2019ta ge\u00e7mi\u015fte ya\u015fanan depremler ve ileride ya\u015fanabilecek olas\u0131 depremlerle ilgili yap\u0131lan \u00e7al\u0131\u015fmalar\u0131 dikkate alman\u0131n \u00f6nemini dile getiren Cumhurba\u015fkan\u0131 Tatar, g\u00fcn\u00fcm\u00fczde y\u00fcr\u00fct\u00fclen bilimsel \u00e7al\u0131\u015fmalar\u0131n teknolojinin de geli\u015fmesi dolay\u0131s\u0131yla daha kesin sonu\u00e7lar verdi\u011fini s\u00f6yledi.<\/p>\n<p>Gerek yurt i\u00e7i gerekse yurt d\u0131\u015f\u0131ndan uzmanlar\u0131n tavsiyelerinin devlet kurumlar\u0131 ile payla\u015f\u0131ld\u0131\u011f\u0131n\u0131 anlatan Cumhurba\u015fkan\u0131 Tatar, T\u00fcrkiye\u2019de meydana gelen 6 \u015eubat depreminin ard\u0131ndan deprem konusunun ciddiye al\u0131nmas\u0131 gerekti\u011fi anlay\u0131\u015f\u0131n\u0131n geli\u015ftirildi\u011fini s\u00f6yledi. \u0130lim ve teknolojinin yard\u0131m\u0131 ile depremin y\u0131k\u0131c\u0131 etkilerini asgariye \u00e7ekebilmek i\u00e7in y\u00f6netmelik ve yasal d\u00fczenlemelerle in\u015faat yap\u0131m\u0131n\u0131n ger\u00e7ekle\u015fmesi gerekti\u011fini belirten Cumhurba\u015fkan\u0131 Tatar, \u201cSadece bug\u00fcn\u00fc de\u011fil gelece\u011fi de d\u00fc\u015f\u00fcnerek binalar\u0131n yap\u0131lmas\u0131 laz\u0131m\u201d dedi.  <\/p>\n<p>G\u00fcney K\u0131br\u0131s\u2019taki deprem uzmanlar\u0131 ile isti\u015farelerin oldu\u011funa i\u015faret eden Cumhurba\u015fkan\u0131 Tatar, teknik komiteleri bu konuda te\u015fvik etmeye devam etti\u011fini s\u00f6yledi.<\/p>\n<p>Yerel y\u00f6netimlerin, merkezi h\u00fck\u00fcmetin, mimar ve m\u00fchendislerin Prof. Dr. Cavit Atalar\u2019\u0131n telkinlerini dikkate almas\u0131 gerekti\u011fine vurgu yapan Cumhurba\u015fkan\u0131 Tatar, yeni kurallar uygulanarak daha sa\u011flam binalar\u0131n yap\u0131lmas\u0131 gerekti\u011fini kaydetti.<\/p>\n<p>Cumhurba\u015fkanl\u0131\u011f\u0131 Deprem Komitesi Ba\u015fkan\u0131 Prof. Dr. Cavit Atalar ise kabuldeki konu\u015fmas\u0131nda, 3 y\u0131l \u00f6nce kurulan deprem komitesinin 3 y\u0131ld\u0131r y\u00fcr\u00fctt\u00fc\u011f\u00fc \u00e7al\u0131\u015fmalar\u0131 hakk\u0131nda bilgi aktarmaya devam ettiklerini ve komitenin \u00fcyelerinin ald\u0131\u011f\u0131 kararlar\u0131n y\u00fcr\u00fct\u00fclmesi i\u00e7in devlet ile isti\u015fare edilmesi gerekti\u011fini ifade etti ve olas\u0131 bir depremde hasar g\u00f6rmemesi i\u00e7in okul, kamu binalar\u0131 ve hastanelerin yap\u0131lar\u0131n\u0131n g\u00fc\u00e7lendirilmesinin ve yeni yap\u0131lan in\u015faatlar\u0131n depreme dayan\u0131kl\u0131l\u0131\u011f\u0131n\u0131n \u00f6nemine dikkat \u00e7ekti.<\/p>\n<\/p><\/div>\n<p><script async\n                    defer\n                    crossorigin=\"anonymous\"\n                    src=\"https:\/\/connect.facebook.net\/tr_TR\/sdk.js#xfbml=1&#038;version=v3.3\"\n            ><\/script><\/p>\n","protected":false},"excerpt":{"rendered":"<p>Cumhurba\u015fkan\u0131 Ersin Tatar, Cumhurba\u015fkanl\u0131\u011f\u0131 Deprem Komitesi Ba\u015fkan\u0131, Jeoloji Y\u00fcksek M\u00fchendisi Prof. Dr. Cavit Atalar ve Cumhurba\u015fkanl\u0131\u011f\u0131 Deprem Komitesi \u00fcyelerini kabul etti. Cumhurba\u015fkan\u0131 Ersin Tatar kabulde yapt\u0131\u011f\u0131 konu\u015fmada, Cumhurba\u015fkanl\u0131\u011f\u0131 Deprem Komitesinin, T\u00fcrkiye\u2019de 6 \u015eubat\u2019ta deprem meydana gelmeden 15 ay \u00f6nce, 30 Aral\u0131k 2021\u2019de kuruldu\u011funu ve 31 Ocak 2022\u2019de ilk toplant\u0131s\u0131n\u0131 yapt\u0131\u011f\u0131n\u0131 an\u0131msatarak, deprem konusunu Cumhurba\u015fkanl\u0131\u011f\u0131 olarak<\/p>\n","protected":false},"author":1,"featured_media":72678,"comment_status":"open","ping_status":"open","sticky":false,"template":"","format":"standard","meta":{"footnotes":""},"categories":[81],"tags":[],"class_list":["post-72677","post","type-post","status-publish","format-standard","has-post-thumbnail","hentry","category-kibris"],"yoast_head":"<!-- This site is optimized with the Yoast SEO plugin v27.4 - https:\/\/yoast.com\/product\/yoast-seo-wordpress\/ -->\n<title>Cumhurba\u015fkan\u0131 Tatar, Cumhurba\u015fkanl\u0131\u011f\u0131 Deprem Komitesi \u00fcyelerini kabul etti -<\/title>\n<meta name=\"robots\" content=\"index, follow, max-snippet:-1, max-image-preview:large, max-video-preview:-1\" \/>\n<link rel=\"canonical\" href=\"https:\/\/kibrisdakik.com\/?p=72677\" \/>\n<meta property=\"og:locale\" content=\"tr_TR\" \/>\n<meta property=\"og:type\" content=\"article\" \/>\n<meta property=\"og:title\" content=\"Cumhurba\u015fkan\u0131 Tatar, Cumhurba\u015fkanl\u0131\u011f\u0131 Deprem Komitesi \u00fcyelerini kabul etti -\" \/>\n<meta property=\"og:description\" content=\"Cumhurba\u015fkan\u0131 Ersin Tatar, Cumhurba\u015fkanl\u0131\u011f\u0131 Deprem Komitesi Ba\u015fkan\u0131, Jeoloji Y\u00fcksek M\u00fchendisi Prof. Dr. Cavit Atalar ve Cumhurba\u015fkanl\u0131\u011f\u0131 Deprem Komitesi \u00fcyelerini kabul etti. Cumhurba\u015fkan\u0131 Ersin Tatar kabulde yapt\u0131\u011f\u0131 konu\u015fmada, Cumhurba\u015fkanl\u0131\u011f\u0131 Deprem Komitesinin, T\u00fcrkiye\u2019de 6 \u015eubat\u2019ta deprem meydana gelmeden 15 ay \u00f6nce, 30 Aral\u0131k 2021\u2019de kuruldu\u011funu ve 31 Ocak 2022\u2019de ilk toplant\u0131s\u0131n\u0131 yapt\u0131\u011f\u0131n\u0131 an\u0131msatarak, deprem konusunu Cumhurba\u015fkanl\u0131\u011f\u0131 olarak\" \/>\n<meta property=\"og:url\" content=\"https:\/\/kibrisdakik.com\/?p=72677\" \/>\n<meta property=\"article:published_time\" content=\"2024-12-30T16:51:40+00:00\" \/>\n<meta property=\"og:image\" content=\"https:\/\/kibrisdakik.com\/wp-content\/uploads\/2024\/12\/1000311951-scaled-740x420.jpg\" \/>\n\t<meta property=\"og:image:width\" content=\"2560\" \/>\n\t<meta property=\"og:image:height\" content=\"1219\" \/>\n\t<meta property=\"og:image:type\" content=\"image\/jpeg\" \/>\n<meta name=\"author\" content=\"admin\" \/>\n<meta name=\"twitter:card\" content=\"summary_large_image\" \/>\n<meta name=\"twitter:label1\" content=\"Yazan:\" \/>\n\t<meta name=\"twitter:data1\" content=\"admin\" \/>\n\t<meta name=\"twitter:label2\" content=\"Tahmini okuma s\u00fcresi\" \/>\n\t<meta name=\"twitter:data2\" content=\"2 dakika\" \/>\n<script type=\"application\/ld+json\" class=\"yoast-schema-graph\">{\"@context\":\"https:\\\/\\\/schema.org\",\"@graph\":[{\"@type\":\"Article\",\"@id\":\"https:\\\/\\\/kibrisdakik.com\\\/?p=72677#article\",\"isPartOf\":{\"@id\":\"https:\\\/\\\/kibrisdakik.com\\\/?p=72677\"},\"author\":{\"name\":\"admin\",\"@id\":\"https:\\\/\\\/kibrisdakik.com\\\/#\\\/schema\\\/person\\\/9cd9d437bbb44f72b73ba127e06d8e79\"},\"headline\":\"Cumhurba\u015fkan\u0131 Tatar, Cumhurba\u015fkanl\u0131\u011f\u0131 Deprem Komitesi \u00fcyelerini kabul etti\",\"datePublished\":\"2024-12-30T16:51:40+00:00\",\"mainEntityOfPage\":{\"@id\":\"https:\\\/\\\/kibrisdakik.com\\\/?p=72677\"},\"wordCount\":428,\"commentCount\":0,\"image\":{\"@id\":\"https:\\\/\\\/kibrisdakik.com\\\/?p=72677#primaryimage\"},\"thumbnailUrl\":\"https:\\\/\\\/kibrisdakik.com\\\/wp-content\\\/uploads\\\/2024\\\/12\\\/1000311951-scaled-740x420.jpg\",\"articleSection\":[\"K\u0131br\u0131s\"],\"inLanguage\":\"tr\",\"potentialAction\":[{\"@type\":\"CommentAction\",\"name\":\"Comment\",\"target\":[\"https:\\\/\\\/kibrisdakik.com\\\/?p=72677#respond\"]}]},{\"@type\":\"WebPage\",\"@id\":\"https:\\\/\\\/kibrisdakik.com\\\/?p=72677\",\"url\":\"https:\\\/\\\/kibrisdakik.com\\\/?p=72677\",\"name\":\"Cumhurba\u015fkan\u0131 Tatar, Cumhurba\u015fkanl\u0131\u011f\u0131 Deprem Komitesi \u00fcyelerini kabul etti -\",\"isPartOf\":{\"@id\":\"https:\\\/\\\/kibrisdakik.com\\\/#website\"},\"primaryImageOfPage\":{\"@id\":\"https:\\\/\\\/kibrisdakik.com\\\/?p=72677#primaryimage\"},\"image\":{\"@id\":\"https:\\\/\\\/kibrisdakik.com\\\/?p=72677#primaryimage\"},\"thumbnailUrl\":\"https:\\\/\\\/kibrisdakik.com\\\/wp-content\\\/uploads\\\/2024\\\/12\\\/1000311951-scaled-740x420.jpg\",\"datePublished\":\"2024-12-30T16:51:40+00:00\",\"author\":{\"@id\":\"https:\\\/\\\/kibrisdakik.com\\\/#\\\/schema\\\/person\\\/9cd9d437bbb44f72b73ba127e06d8e79\"},\"breadcrumb\":{\"@id\":\"https:\\\/\\\/kibrisdakik.com\\\/?p=72677#breadcrumb\"},\"inLanguage\":\"tr\",\"potentialAction\":[{\"@type\":\"ReadAction\",\"target\":[\"https:\\\/\\\/kibrisdakik.com\\\/?p=72677\"]}]},{\"@type\":\"ImageObject\",\"inLanguage\":\"tr\",\"@id\":\"https:\\\/\\\/kibrisdakik.com\\\/?p=72677#primaryimage\",\"url\":\"https:\\\/\\\/kibrisdakik.com\\\/wp-content\\\/uploads\\\/2024\\\/12\\\/1000311951-scaled-740x420.jpg\",\"contentUrl\":\"https:\\\/\\\/kibrisdakik.com\\\/wp-content\\\/uploads\\\/2024\\\/12\\\/1000311951-scaled-740x420.jpg\",\"width\":2560,\"height\":1219},{\"@type\":\"BreadcrumbList\",\"@id\":\"https:\\\/\\\/kibrisdakik.com\\\/?p=72677#breadcrumb\",\"itemListElement\":[{\"@type\":\"ListItem\",\"position\":1,\"name\":\"Home\",\"item\":\"https:\\\/\\\/kibrisdakik.com\\\/\"},{\"@type\":\"ListItem\",\"position\":2,\"name\":\"Cumhurba\u015fkan\u0131 Tatar, Cumhurba\u015fkanl\u0131\u011f\u0131 Deprem Komitesi \u00fcyelerini kabul etti\"}]},{\"@type\":\"WebSite\",\"@id\":\"https:\\\/\\\/kibrisdakik.com\\\/#website\",\"url\":\"https:\\\/\\\/kibrisdakik.com\\\/\",\"name\":\"\",\"description\":\"Tam vaktinde haber\",\"potentialAction\":[{\"@type\":\"SearchAction\",\"target\":{\"@type\":\"EntryPoint\",\"urlTemplate\":\"https:\\\/\\\/kibrisdakik.com\\\/?s={search_term_string}\"},\"query-input\":{\"@type\":\"PropertyValueSpecification\",\"valueRequired\":true,\"valueName\":\"search_term_string\"}}],\"inLanguage\":\"tr\"},{\"@type\":\"Person\",\"@id\":\"https:\\\/\\\/kibrisdakik.com\\\/#\\\/schema\\\/person\\\/9cd9d437bbb44f72b73ba127e06d8e79\",\"name\":\"admin\",\"image\":{\"@type\":\"ImageObject\",\"inLanguage\":\"tr\",\"@id\":\"https:\\\/\\\/secure.gravatar.com\\\/avatar\\\/ccc17943b9d660506c869530f897617f7cb1c21a4bf30023f252596d83e1f007?s=96&d=mm&r=g\",\"url\":\"https:\\\/\\\/secure.gravatar.com\\\/avatar\\\/ccc17943b9d660506c869530f897617f7cb1c21a4bf30023f252596d83e1f007?s=96&d=mm&r=g\",\"contentUrl\":\"https:\\\/\\\/secure.gravatar.com\\\/avatar\\\/ccc17943b9d660506c869530f897617f7cb1c21a4bf30023f252596d83e1f007?s=96&d=mm&r=g\",\"caption\":\"admin\"},\"sameAs\":[\"https:\\\/\\\/kibrisdakik.com\"],\"url\":\"https:\\\/\\\/kibrisdakik.com\\\/?author=1\"}]}<\/script>\n<!-- \/ Yoast SEO plugin. -->","yoast_head_json":{"title":"Cumhurba\u015fkan\u0131 Tatar, Cumhurba\u015fkanl\u0131\u011f\u0131 Deprem Komitesi \u00fcyelerini kabul etti -","robots":{"index":"index","follow":"follow","max-snippet":"max-snippet:-1","max-image-preview":"max-image-preview:large","max-video-preview":"max-video-preview:-1"},"canonical":"https:\/\/kibrisdakik.com\/?p=72677","og_locale":"tr_TR","og_type":"article","og_title":"Cumhurba\u015fkan\u0131 Tatar, Cumhurba\u015fkanl\u0131\u011f\u0131 Deprem Komitesi \u00fcyelerini kabul etti -","og_description":"Cumhurba\u015fkan\u0131 Ersin Tatar, Cumhurba\u015fkanl\u0131\u011f\u0131 Deprem Komitesi Ba\u015fkan\u0131, Jeoloji Y\u00fcksek M\u00fchendisi Prof. Dr. Cavit Atalar ve Cumhurba\u015fkanl\u0131\u011f\u0131 Deprem Komitesi \u00fcyelerini kabul etti. Cumhurba\u015fkan\u0131 Ersin Tatar kabulde yapt\u0131\u011f\u0131 konu\u015fmada, Cumhurba\u015fkanl\u0131\u011f\u0131 Deprem Komitesinin, T\u00fcrkiye\u2019de 6 \u015eubat\u2019ta deprem meydana gelmeden 15 ay \u00f6nce, 30 Aral\u0131k 2021\u2019de kuruldu\u011funu ve 31 Ocak 2022\u2019de ilk toplant\u0131s\u0131n\u0131 yapt\u0131\u011f\u0131n\u0131 an\u0131msatarak, deprem konusunu Cumhurba\u015fkanl\u0131\u011f\u0131 olarak","og_url":"https:\/\/kibrisdakik.com\/?p=72677","article_published_time":"2024-12-30T16:51:40+00:00","og_image":[{"width":2560,"height":1219,"url":"https:\/\/kibrisdakik.com\/wp-content\/uploads\/2024\/12\/1000311951-scaled-740x420.jpg","type":"image\/jpeg"}],"author":"admin","twitter_card":"summary_large_image","twitter_misc":{"Yazan:":"admin","Tahmini okuma s\u00fcresi":"2 dakika"},"schema":{"@context":"https:\/\/schema.org","@graph":[{"@type":"Article","@id":"https:\/\/kibrisdakik.com\/?p=72677#article","isPartOf":{"@id":"https:\/\/kibrisdakik.com\/?p=72677"},"author":{"name":"admin","@id":"https:\/\/kibrisdakik.com\/#\/schema\/person\/9cd9d437bbb44f72b73ba127e06d8e79"},"headline":"Cumhurba\u015fkan\u0131 Tatar, Cumhurba\u015fkanl\u0131\u011f\u0131 Deprem Komitesi \u00fcyelerini kabul etti","datePublished":"2024-12-30T16:51:40+00:00","mainEntityOfPage":{"@id":"https:\/\/kibrisdakik.com\/?p=72677"},"wordCount":428,"commentCount":0,"image":{"@id":"https:\/\/kibrisdakik.com\/?p=72677#primaryimage"},"thumbnailUrl":"https:\/\/kibrisdakik.com\/wp-content\/uploads\/2024\/12\/1000311951-scaled-740x420.jpg","articleSection":["K\u0131br\u0131s"],"inLanguage":"tr","potentialAction":[{"@type":"CommentAction","name":"Comment","target":["https:\/\/kibrisdakik.com\/?p=72677#respond"]}]},{"@type":"WebPage","@id":"https:\/\/kibrisdakik.com\/?p=72677","url":"https:\/\/kibrisdakik.com\/?p=72677","name":"Cumhurba\u015fkan\u0131 Tatar, Cumhurba\u015fkanl\u0131\u011f\u0131 Deprem Komitesi \u00fcyelerini kabul etti -","isPartOf":{"@id":"https:\/\/kibrisdakik.com\/#website"},"primaryImageOfPage":{"@id":"https:\/\/kibrisdakik.com\/?p=72677#primaryimage"},"image":{"@id":"https:\/\/kibrisdakik.com\/?p=72677#primaryimage"},"thumbnailUrl":"https:\/\/kibrisdakik.com\/wp-content\/uploads\/2024\/12\/1000311951-scaled-740x420.jpg","datePublished":"2024-12-30T16:51:40+00:00","author":{"@id":"https:\/\/kibrisdakik.com\/#\/schema\/person\/9cd9d437bbb44f72b73ba127e06d8e79"},"breadcrumb":{"@id":"https:\/\/kibrisdakik.com\/?p=72677#breadcrumb"},"inLanguage":"tr","potentialAction":[{"@type":"ReadAction","target":["https:\/\/kibrisdakik.com\/?p=72677"]}]},{"@type":"ImageObject","inLanguage":"tr","@id":"https:\/\/kibrisdakik.com\/?p=72677#primaryimage","url":"https:\/\/kibrisdakik.com\/wp-content\/uploads\/2024\/12\/1000311951-scaled-740x420.jpg","contentUrl":"https:\/\/kibrisdakik.com\/wp-content\/uploads\/2024\/12\/1000311951-scaled-740x420.jpg","width":2560,"height":1219},{"@type":"BreadcrumbList","@id":"https:\/\/kibrisdakik.com\/?p=72677#breadcrumb","itemListElement":[{"@type":"ListItem","position":1,"name":"Home","item":"https:\/\/kibrisdakik.com\/"},{"@type":"ListItem","position":2,"name":"Cumhurba\u015fkan\u0131 Tatar, Cumhurba\u015fkanl\u0131\u011f\u0131 Deprem Komitesi \u00fcyelerini kabul etti"}]},{"@type":"WebSite","@id":"https:\/\/kibrisdakik.com\/#website","url":"https:\/\/kibrisdakik.com\/","name":"","description":"Tam vaktinde haber","potentialAction":[{"@type":"SearchAction","target":{"@type":"EntryPoint","urlTemplate":"https:\/\/kibrisdakik.com\/?s={search_term_string}"},"query-input":{"@type":"PropertyValueSpecification","valueRequired":true,"valueName":"search_term_string"}}],"inLanguage":"tr"},{"@type":"Person","@id":"https:\/\/kibrisdakik.com\/#\/schema\/person\/9cd9d437bbb44f72b73ba127e06d8e79","name":"admin","image":{"@type":"ImageObject","inLanguage":"tr","@id":"https:\/\/secure.gravatar.com\/avatar\/ccc17943b9d660506c869530f897617f7cb1c21a4bf30023f252596d83e1f007?s=96&d=mm&r=g","url":"https:\/\/secure.gravatar.com\/avatar\/ccc17943b9d660506c869530f897617f7cb1c21a4bf30023f252596d83e1f007?s=96&d=mm&r=g","contentUrl":"https:\/\/secure.gravatar.com\/avatar\/ccc17943b9d660506c869530f897617f7cb1c21a4bf30023f252596d83e1f007?s=96&d=mm&r=g","caption":"admin"},"sameAs":["https:\/\/kibrisdakik.com"],"url":"https:\/\/kibrisdakik.com\/?author=1"}]}},"_links":{"self":[{"href":"https:\/\/kibrisdakik.com\/index.php?rest_route=\/wp\/v2\/posts\/72677","targetHints":{"allow":["GET"]}}],"collection":[{"href":"https:\/\/kibrisdakik.com\/index.php?rest_route=\/wp\/v2\/posts"}],"about":[{"href":"https:\/\/kibrisdakik.com\/index.php?rest_route=\/wp\/v2\/types\/post"}],"author":[{"embeddable":true,"href":"https:\/\/kibrisdakik.com\/index.php?rest_route=\/wp\/v2\/users\/1"}],"replies":[{"embeddable":true,"href":"https:\/\/kibrisdakik.com\/index.php?rest_route=%2Fwp%2Fv2%2Fcomments&post=72677"}],"version-history":[{"count":0,"href":"https:\/\/kibrisdakik.com\/index.php?rest_route=\/wp\/v2\/posts\/72677\/revisions"}],"wp:featuredmedia":[{"embeddable":true,"href":"https:\/\/kibrisdakik.com\/index.php?rest_route=\/wp\/v2\/media\/72678"}],"wp:attachment":[{"href":"https:\/\/kibrisdakik.com\/index.php?rest_route=%2Fwp%2Fv2%2Fmedia&parent=72677"}],"wp:term":[{"taxonomy":"category","embeddable":true,"href":"https:\/\/kibrisdakik.com\/index.php?rest_route=%2Fwp%2Fv2%2Fcategories&post=72677"},{"taxonomy":"post_tag","embeddable":true,"href":"https:\/\/kibrisdakik.com\/index.php?rest_route=%2Fwp%2Fv2%2Ftags&post=72677"}],"curies":[{"name":"wp","href":"https:\/\/api.w.org\/{rel}","templated":true}]}}