{"id":72681,"date":"2024-12-30T10:18:47","date_gmt":"2024-12-30T07:18:47","guid":{"rendered":"https:\/\/kibrisdakik.com\/index.php\/2024\/12\/30\/hirvatistanda-sandik-cikis-anketlerine-gore-milanovic-ikinci-kez-cumhurbaskani-oldu\/"},"modified":"2024-12-30T10:18:47","modified_gmt":"2024-12-30T07:18:47","slug":"hirvatistanda-sandik-cikis-anketlerine-gore-milanovic-ikinci-kez-cumhurbaskani-oldu","status":"publish","type":"post","link":"https:\/\/kibrisdakik.com\/?p=72681","title":{"rendered":"H\u0131rvatistan\u2019da sand\u0131k \u00e7\u0131k\u0131\u015f anketlerine g\u00f6re, Milanovic ikinci kez cumhurba\u015fkan\u0131 oldu"},"content":{"rendered":"<p><\/p>\n<div>\n<div class=\"mariselle-image-container center\">\n                <img loading=\"lazy\" decoding=\"async\" width=\"800\" height=\"450\" class=\"lazy-image\" alt=\"\" sizes=\"auto, (max-width: 800px) 100vw, 800px\" src=\"https:\/\/brtk.net\/wp-content\/uploads\/2024\/12\/30\/zoran-milanovic-ap-1717454_1.jpg?ver=9651338cb441c1eefcacb02f55b0a71b\" srcset=\"https:\/\/brtk.net\/wp-content\/uploads\/2024\/12\/30\/zoran-milanovic-ap-1717454_1.jpg?ver=9651338cb441c1eefcacb02f55b0a71b 800w, https:\/\/brtk.net\/wp-content\/uploads\/2024\/12\/30\/zoran-milanovic-ap-1717454_1-300x169.jpg?ver=9651338cb441c1eefcacb02f55b0a71b 300w, https:\/\/brtk.net\/wp-content\/uploads\/2024\/12\/30\/zoran-milanovic-ap-1717454_1-768x432.jpg?ver=9651338cb441c1eefcacb02f55b0a71b 768w\"\/>                            <\/div>\n<p>H\u0131rvatistan\u2019daki cumhurba\u015fkan\u0131 se\u00e7imini, sand\u0131k \u00e7\u0131k\u0131\u015f anketlerine g\u00f6re, Sosyal Demokrat Partinin (SDP) destekledi\u011fi Zoran Milanovic yeniden kazand\u0131.<\/p>\n<p>H\u0131rvatistan\u2019da yerel saatle 19.00\u2019da sand\u0131klar\u0131n kapanmas\u0131n\u0131n ard\u0131ndan Ipsos ara\u015ft\u0131rma \u015firketi, sand\u0131k \u00e7\u0131k\u0131\u015f anketleri yay\u0131mlad\u0131.<\/p>\n<p>Anketlere g\u00f6re, ilk turda Milanovic y\u00fczde 50,74 oy alarak ikinci kez cumhurba\u015fkan\u0131 se\u00e7ildi.<\/p>\n<p>Milanovic, sosyal medya hesab\u0131ndan yapt\u0131\u011f\u0131 payla\u015f\u0131mda \u201cTe\u015fekk\u00fcr ederim.\u201d ifadesini kulland\u0131.<\/p>\n<p>Sand\u0131k \u00e7\u0131k\u0131\u015f anketlerine g\u00f6re, Milanovic\u2019in en b\u00fcy\u00fck rakibi olarak g\u00f6sterilen iktidardaki merkez sa\u011f H\u0131rvat Demokrat Birli\u011finin (HDZ) aday\u0131 eski E\u011fitim Bakan\u0131 Dragan Primorac, oylar\u0131n y\u00fczde 19,04\u2019\u00fcn\u00fc alarak se\u00e7imi ikinci s\u0131rada bitirdi.<\/p>\n<p>Ba\u011f\u0131ms\u0131z aday Marija Selak Raspudic y\u00fczde 9,27, \u201cMozemo\u201d ittifak\u0131ndan Ivana Kekin y\u00fczde 8,76, Tomislav Jonjic y\u00fczde 3,90, \u201cMost\u201d ittifak\u0131ndan Miro Bulj y\u00fczde 3,67, Vatan ve Ulusal Toplanma Partisinden Branka Lozo y\u00fczde 2,47 ve Niko Tokic y\u00fczde 0,89 oy ald\u0131.<\/p>\n<p>Bu arada, HDZ Genel Ba\u015fkan\u0131 ve Ba\u015fbakan Andrej Plenkovic ile bir\u00e7ok s\u00f6yleminde kar\u015f\u0131 kar\u015f\u0131ya gelmesiyle bilinen Milanovic, daha \u00f6nce yapt\u0131\u011f\u0131 a\u00e7\u0131klamada, \u201cPlenkovic, senin \u00fclke demokrasisine tehdit olu\u015fturdu\u011funu biliyoruz. Aday g\u00f6sterdi\u011finiz isme de \u015fimdiden g\u00fcle g\u00fcle\u201d ifadelerini kullanm\u0131\u015ft\u0131.<\/p>\n<\/p><\/div>\n<p><script async\n                    defer\n                    crossorigin=\"anonymous\"\n                    src=\"https:\/\/connect.facebook.net\/tr_TR\/sdk.js#xfbml=1&#038;version=v3.3\"\n            ><\/script><\/p>\n","protected":false},"excerpt":{"rendered":"<p>H\u0131rvatistan\u2019daki cumhurba\u015fkan\u0131 se\u00e7imini, sand\u0131k \u00e7\u0131k\u0131\u015f anketlerine g\u00f6re, Sosyal Demokrat Partinin (SDP) destekledi\u011fi Zoran Milanovic yeniden kazand\u0131. H\u0131rvatistan\u2019da yerel saatle 19.00\u2019da sand\u0131klar\u0131n kapanmas\u0131n\u0131n ard\u0131ndan Ipsos ara\u015ft\u0131rma \u015firketi, sand\u0131k \u00e7\u0131k\u0131\u015f anketleri yay\u0131mlad\u0131. Anketlere g\u00f6re, ilk turda Milanovic y\u00fczde 50,74 oy alarak ikinci kez cumhurba\u015fkan\u0131 se\u00e7ildi. Milanovic, sosyal medya hesab\u0131ndan yapt\u0131\u011f\u0131 payla\u015f\u0131mda \u201cTe\u015fekk\u00fcr ederim.\u201d ifadesini kulland\u0131. Sand\u0131k \u00e7\u0131k\u0131\u015f<\/p>\n","protected":false},"author":1,"featured_media":72682,"comment_status":"open","ping_status":"open","sticky":false,"template":"","format":"standard","meta":{"footnotes":""},"categories":[1],"tags":[],"class_list":["post-72681","post","type-post","status-publish","format-standard","has-post-thumbnail","hentry","category-gundem"],"yoast_head":"<!-- This site is optimized with the Yoast SEO plugin v27.4 - https:\/\/yoast.com\/product\/yoast-seo-wordpress\/ -->\n<title>H\u0131rvatistan\u2019da sand\u0131k \u00e7\u0131k\u0131\u015f anketlerine g\u00f6re, Milanovic ikinci kez cumhurba\u015fkan\u0131 oldu -<\/title>\n<meta name=\"robots\" content=\"index, follow, max-snippet:-1, max-image-preview:large, max-video-preview:-1\" \/>\n<link rel=\"canonical\" href=\"https:\/\/kibrisdakik.com\/?p=72681\" \/>\n<meta property=\"og:locale\" content=\"tr_TR\" \/>\n<meta property=\"og:type\" content=\"article\" \/>\n<meta property=\"og:title\" content=\"H\u0131rvatistan\u2019da sand\u0131k \u00e7\u0131k\u0131\u015f anketlerine g\u00f6re, Milanovic ikinci kez cumhurba\u015fkan\u0131 oldu -\" \/>\n<meta property=\"og:description\" content=\"H\u0131rvatistan\u2019daki cumhurba\u015fkan\u0131 se\u00e7imini, sand\u0131k \u00e7\u0131k\u0131\u015f anketlerine g\u00f6re, Sosyal Demokrat Partinin (SDP) destekledi\u011fi Zoran Milanovic yeniden kazand\u0131. H\u0131rvatistan\u2019da yerel saatle 19.00\u2019da sand\u0131klar\u0131n kapanmas\u0131n\u0131n ard\u0131ndan Ipsos ara\u015ft\u0131rma \u015firketi, sand\u0131k \u00e7\u0131k\u0131\u015f anketleri yay\u0131mlad\u0131. Anketlere g\u00f6re, ilk turda Milanovic y\u00fczde 50,74 oy alarak ikinci kez cumhurba\u015fkan\u0131 se\u00e7ildi. Milanovic, sosyal medya hesab\u0131ndan yapt\u0131\u011f\u0131 payla\u015f\u0131mda \u201cTe\u015fekk\u00fcr ederim.\u201d ifadesini kulland\u0131. Sand\u0131k \u00e7\u0131k\u0131\u015f\" \/>\n<meta property=\"og:url\" content=\"https:\/\/kibrisdakik.com\/?p=72681\" \/>\n<meta property=\"article:published_time\" content=\"2024-12-30T07:18:47+00:00\" \/>\n<meta property=\"og:image\" content=\"https:\/\/kibrisdakik.com\/wp-content\/uploads\/2024\/12\/zoran-milanovic-ap-1717454_1-740x420.jpg\" \/>\n\t<meta property=\"og:image:width\" content=\"800\" \/>\n\t<meta property=\"og:image:height\" content=\"450\" \/>\n\t<meta property=\"og:image:type\" content=\"image\/jpeg\" \/>\n<meta name=\"author\" content=\"admin\" \/>\n<meta name=\"twitter:card\" content=\"summary_large_image\" \/>\n<meta name=\"twitter:label1\" content=\"Yazan:\" \/>\n\t<meta name=\"twitter:data1\" content=\"admin\" \/>\n\t<meta name=\"twitter:label2\" content=\"Tahmini okuma s\u00fcresi\" \/>\n\t<meta name=\"twitter:data2\" content=\"1 dakika\" \/>\n<script type=\"application\/ld+json\" class=\"yoast-schema-graph\">{\"@context\":\"https:\\\/\\\/schema.org\",\"@graph\":[{\"@type\":\"Article\",\"@id\":\"https:\\\/\\\/kibrisdakik.com\\\/?p=72681#article\",\"isPartOf\":{\"@id\":\"https:\\\/\\\/kibrisdakik.com\\\/?p=72681\"},\"author\":{\"name\":\"admin\",\"@id\":\"https:\\\/\\\/kibrisdakik.com\\\/#\\\/schema\\\/person\\\/9cd9d437bbb44f72b73ba127e06d8e79\"},\"headline\":\"H\u0131rvatistan\u2019da sand\u0131k \u00e7\u0131k\u0131\u015f anketlerine g\u00f6re, Milanovic ikinci kez cumhurba\u015fkan\u0131 oldu\",\"datePublished\":\"2024-12-30T07:18:47+00:00\",\"mainEntityOfPage\":{\"@id\":\"https:\\\/\\\/kibrisdakik.com\\\/?p=72681\"},\"wordCount\":230,\"commentCount\":0,\"image\":{\"@id\":\"https:\\\/\\\/kibrisdakik.com\\\/?p=72681#primaryimage\"},\"thumbnailUrl\":\"https:\\\/\\\/kibrisdakik.com\\\/wp-content\\\/uploads\\\/2024\\\/12\\\/zoran-milanovic-ap-1717454_1-740x420.jpg\",\"articleSection\":[\"G\u00fcndem\"],\"inLanguage\":\"tr\",\"potentialAction\":[{\"@type\":\"CommentAction\",\"name\":\"Comment\",\"target\":[\"https:\\\/\\\/kibrisdakik.com\\\/?p=72681#respond\"]}]},{\"@type\":\"WebPage\",\"@id\":\"https:\\\/\\\/kibrisdakik.com\\\/?p=72681\",\"url\":\"https:\\\/\\\/kibrisdakik.com\\\/?p=72681\",\"name\":\"H\u0131rvatistan\u2019da sand\u0131k \u00e7\u0131k\u0131\u015f anketlerine g\u00f6re, Milanovic ikinci kez cumhurba\u015fkan\u0131 oldu -\",\"isPartOf\":{\"@id\":\"https:\\\/\\\/kibrisdakik.com\\\/#website\"},\"primaryImageOfPage\":{\"@id\":\"https:\\\/\\\/kibrisdakik.com\\\/?p=72681#primaryimage\"},\"image\":{\"@id\":\"https:\\\/\\\/kibrisdakik.com\\\/?p=72681#primaryimage\"},\"thumbnailUrl\":\"https:\\\/\\\/kibrisdakik.com\\\/wp-content\\\/uploads\\\/2024\\\/12\\\/zoran-milanovic-ap-1717454_1-740x420.jpg\",\"datePublished\":\"2024-12-30T07:18:47+00:00\",\"author\":{\"@id\":\"https:\\\/\\\/kibrisdakik.com\\\/#\\\/schema\\\/person\\\/9cd9d437bbb44f72b73ba127e06d8e79\"},\"breadcrumb\":{\"@id\":\"https:\\\/\\\/kibrisdakik.com\\\/?p=72681#breadcrumb\"},\"inLanguage\":\"tr\",\"potentialAction\":[{\"@type\":\"ReadAction\",\"target\":[\"https:\\\/\\\/kibrisdakik.com\\\/?p=72681\"]}]},{\"@type\":\"ImageObject\",\"inLanguage\":\"tr\",\"@id\":\"https:\\\/\\\/kibrisdakik.com\\\/?p=72681#primaryimage\",\"url\":\"https:\\\/\\\/kibrisdakik.com\\\/wp-content\\\/uploads\\\/2024\\\/12\\\/zoran-milanovic-ap-1717454_1-740x420.jpg\",\"contentUrl\":\"https:\\\/\\\/kibrisdakik.com\\\/wp-content\\\/uploads\\\/2024\\\/12\\\/zoran-milanovic-ap-1717454_1-740x420.jpg\",\"width\":800,\"height\":450},{\"@type\":\"BreadcrumbList\",\"@id\":\"https:\\\/\\\/kibrisdakik.com\\\/?p=72681#breadcrumb\",\"itemListElement\":[{\"@type\":\"ListItem\",\"position\":1,\"name\":\"Home\",\"item\":\"https:\\\/\\\/kibrisdakik.com\\\/\"},{\"@type\":\"ListItem\",\"position\":2,\"name\":\"H\u0131rvatistan\u2019da sand\u0131k \u00e7\u0131k\u0131\u015f anketlerine g\u00f6re, Milanovic ikinci kez cumhurba\u015fkan\u0131 oldu\"}]},{\"@type\":\"WebSite\",\"@id\":\"https:\\\/\\\/kibrisdakik.com\\\/#website\",\"url\":\"https:\\\/\\\/kibrisdakik.com\\\/\",\"name\":\"\",\"description\":\"Tam vaktinde haber\",\"potentialAction\":[{\"@type\":\"SearchAction\",\"target\":{\"@type\":\"EntryPoint\",\"urlTemplate\":\"https:\\\/\\\/kibrisdakik.com\\\/?s={search_term_string}\"},\"query-input\":{\"@type\":\"PropertyValueSpecification\",\"valueRequired\":true,\"valueName\":\"search_term_string\"}}],\"inLanguage\":\"tr\"},{\"@type\":\"Person\",\"@id\":\"https:\\\/\\\/kibrisdakik.com\\\/#\\\/schema\\\/person\\\/9cd9d437bbb44f72b73ba127e06d8e79\",\"name\":\"admin\",\"image\":{\"@type\":\"ImageObject\",\"inLanguage\":\"tr\",\"@id\":\"https:\\\/\\\/secure.gravatar.com\\\/avatar\\\/ccc17943b9d660506c869530f897617f7cb1c21a4bf30023f252596d83e1f007?s=96&d=mm&r=g\",\"url\":\"https:\\\/\\\/secure.gravatar.com\\\/avatar\\\/ccc17943b9d660506c869530f897617f7cb1c21a4bf30023f252596d83e1f007?s=96&d=mm&r=g\",\"contentUrl\":\"https:\\\/\\\/secure.gravatar.com\\\/avatar\\\/ccc17943b9d660506c869530f897617f7cb1c21a4bf30023f252596d83e1f007?s=96&d=mm&r=g\",\"caption\":\"admin\"},\"sameAs\":[\"https:\\\/\\\/kibrisdakik.com\"],\"url\":\"https:\\\/\\\/kibrisdakik.com\\\/?author=1\"}]}<\/script>\n<!-- \/ Yoast SEO plugin. -->","yoast_head_json":{"title":"H\u0131rvatistan\u2019da sand\u0131k \u00e7\u0131k\u0131\u015f anketlerine g\u00f6re, Milanovic ikinci kez cumhurba\u015fkan\u0131 oldu -","robots":{"index":"index","follow":"follow","max-snippet":"max-snippet:-1","max-image-preview":"max-image-preview:large","max-video-preview":"max-video-preview:-1"},"canonical":"https:\/\/kibrisdakik.com\/?p=72681","og_locale":"tr_TR","og_type":"article","og_title":"H\u0131rvatistan\u2019da sand\u0131k \u00e7\u0131k\u0131\u015f anketlerine g\u00f6re, Milanovic ikinci kez cumhurba\u015fkan\u0131 oldu -","og_description":"H\u0131rvatistan\u2019daki cumhurba\u015fkan\u0131 se\u00e7imini, sand\u0131k \u00e7\u0131k\u0131\u015f anketlerine g\u00f6re, Sosyal Demokrat Partinin (SDP) destekledi\u011fi Zoran Milanovic yeniden kazand\u0131. H\u0131rvatistan\u2019da yerel saatle 19.00\u2019da sand\u0131klar\u0131n kapanmas\u0131n\u0131n ard\u0131ndan Ipsos ara\u015ft\u0131rma \u015firketi, sand\u0131k \u00e7\u0131k\u0131\u015f anketleri yay\u0131mlad\u0131. Anketlere g\u00f6re, ilk turda Milanovic y\u00fczde 50,74 oy alarak ikinci kez cumhurba\u015fkan\u0131 se\u00e7ildi. Milanovic, sosyal medya hesab\u0131ndan yapt\u0131\u011f\u0131 payla\u015f\u0131mda \u201cTe\u015fekk\u00fcr ederim.\u201d ifadesini kulland\u0131. Sand\u0131k \u00e7\u0131k\u0131\u015f","og_url":"https:\/\/kibrisdakik.com\/?p=72681","article_published_time":"2024-12-30T07:18:47+00:00","og_image":[{"width":800,"height":450,"url":"https:\/\/kibrisdakik.com\/wp-content\/uploads\/2024\/12\/zoran-milanovic-ap-1717454_1-740x420.jpg","type":"image\/jpeg"}],"author":"admin","twitter_card":"summary_large_image","twitter_misc":{"Yazan:":"admin","Tahmini okuma s\u00fcresi":"1 dakika"},"schema":{"@context":"https:\/\/schema.org","@graph":[{"@type":"Article","@id":"https:\/\/kibrisdakik.com\/?p=72681#article","isPartOf":{"@id":"https:\/\/kibrisdakik.com\/?p=72681"},"author":{"name":"admin","@id":"https:\/\/kibrisdakik.com\/#\/schema\/person\/9cd9d437bbb44f72b73ba127e06d8e79"},"headline":"H\u0131rvatistan\u2019da sand\u0131k \u00e7\u0131k\u0131\u015f anketlerine g\u00f6re, Milanovic ikinci kez cumhurba\u015fkan\u0131 oldu","datePublished":"2024-12-30T07:18:47+00:00","mainEntityOfPage":{"@id":"https:\/\/kibrisdakik.com\/?p=72681"},"wordCount":230,"commentCount":0,"image":{"@id":"https:\/\/kibrisdakik.com\/?p=72681#primaryimage"},"thumbnailUrl":"https:\/\/kibrisdakik.com\/wp-content\/uploads\/2024\/12\/zoran-milanovic-ap-1717454_1-740x420.jpg","articleSection":["G\u00fcndem"],"inLanguage":"tr","potentialAction":[{"@type":"CommentAction","name":"Comment","target":["https:\/\/kibrisdakik.com\/?p=72681#respond"]}]},{"@type":"WebPage","@id":"https:\/\/kibrisdakik.com\/?p=72681","url":"https:\/\/kibrisdakik.com\/?p=72681","name":"H\u0131rvatistan\u2019da sand\u0131k \u00e7\u0131k\u0131\u015f anketlerine g\u00f6re, Milanovic ikinci kez cumhurba\u015fkan\u0131 oldu -","isPartOf":{"@id":"https:\/\/kibrisdakik.com\/#website"},"primaryImageOfPage":{"@id":"https:\/\/kibrisdakik.com\/?p=72681#primaryimage"},"image":{"@id":"https:\/\/kibrisdakik.com\/?p=72681#primaryimage"},"thumbnailUrl":"https:\/\/kibrisdakik.com\/wp-content\/uploads\/2024\/12\/zoran-milanovic-ap-1717454_1-740x420.jpg","datePublished":"2024-12-30T07:18:47+00:00","author":{"@id":"https:\/\/kibrisdakik.com\/#\/schema\/person\/9cd9d437bbb44f72b73ba127e06d8e79"},"breadcrumb":{"@id":"https:\/\/kibrisdakik.com\/?p=72681#breadcrumb"},"inLanguage":"tr","potentialAction":[{"@type":"ReadAction","target":["https:\/\/kibrisdakik.com\/?p=72681"]}]},{"@type":"ImageObject","inLanguage":"tr","@id":"https:\/\/kibrisdakik.com\/?p=72681#primaryimage","url":"https:\/\/kibrisdakik.com\/wp-content\/uploads\/2024\/12\/zoran-milanovic-ap-1717454_1-740x420.jpg","contentUrl":"https:\/\/kibrisdakik.com\/wp-content\/uploads\/2024\/12\/zoran-milanovic-ap-1717454_1-740x420.jpg","width":800,"height":450},{"@type":"BreadcrumbList","@id":"https:\/\/kibrisdakik.com\/?p=72681#breadcrumb","itemListElement":[{"@type":"ListItem","position":1,"name":"Home","item":"https:\/\/kibrisdakik.com\/"},{"@type":"ListItem","position":2,"name":"H\u0131rvatistan\u2019da sand\u0131k \u00e7\u0131k\u0131\u015f anketlerine g\u00f6re, Milanovic ikinci kez cumhurba\u015fkan\u0131 oldu"}]},{"@type":"WebSite","@id":"https:\/\/kibrisdakik.com\/#website","url":"https:\/\/kibrisdakik.com\/","name":"","description":"Tam vaktinde haber","potentialAction":[{"@type":"SearchAction","target":{"@type":"EntryPoint","urlTemplate":"https:\/\/kibrisdakik.com\/?s={search_term_string}"},"query-input":{"@type":"PropertyValueSpecification","valueRequired":true,"valueName":"search_term_string"}}],"inLanguage":"tr"},{"@type":"Person","@id":"https:\/\/kibrisdakik.com\/#\/schema\/person\/9cd9d437bbb44f72b73ba127e06d8e79","name":"admin","image":{"@type":"ImageObject","inLanguage":"tr","@id":"https:\/\/secure.gravatar.com\/avatar\/ccc17943b9d660506c869530f897617f7cb1c21a4bf30023f252596d83e1f007?s=96&d=mm&r=g","url":"https:\/\/secure.gravatar.com\/avatar\/ccc17943b9d660506c869530f897617f7cb1c21a4bf30023f252596d83e1f007?s=96&d=mm&r=g","contentUrl":"https:\/\/secure.gravatar.com\/avatar\/ccc17943b9d660506c869530f897617f7cb1c21a4bf30023f252596d83e1f007?s=96&d=mm&r=g","caption":"admin"},"sameAs":["https:\/\/kibrisdakik.com"],"url":"https:\/\/kibrisdakik.com\/?author=1"}]}},"_links":{"self":[{"href":"https:\/\/kibrisdakik.com\/index.php?rest_route=\/wp\/v2\/posts\/72681","targetHints":{"allow":["GET"]}}],"collection":[{"href":"https:\/\/kibrisdakik.com\/index.php?rest_route=\/wp\/v2\/posts"}],"about":[{"href":"https:\/\/kibrisdakik.com\/index.php?rest_route=\/wp\/v2\/types\/post"}],"author":[{"embeddable":true,"href":"https:\/\/kibrisdakik.com\/index.php?rest_route=\/wp\/v2\/users\/1"}],"replies":[{"embeddable":true,"href":"https:\/\/kibrisdakik.com\/index.php?rest_route=%2Fwp%2Fv2%2Fcomments&post=72681"}],"version-history":[{"count":0,"href":"https:\/\/kibrisdakik.com\/index.php?rest_route=\/wp\/v2\/posts\/72681\/revisions"}],"wp:featuredmedia":[{"embeddable":true,"href":"https:\/\/kibrisdakik.com\/index.php?rest_route=\/wp\/v2\/media\/72682"}],"wp:attachment":[{"href":"https:\/\/kibrisdakik.com\/index.php?rest_route=%2Fwp%2Fv2%2Fmedia&parent=72681"}],"wp:term":[{"taxonomy":"category","embeddable":true,"href":"https:\/\/kibrisdakik.com\/index.php?rest_route=%2Fwp%2Fv2%2Fcategories&post=72681"},{"taxonomy":"post_tag","embeddable":true,"href":"https:\/\/kibrisdakik.com\/index.php?rest_route=%2Fwp%2Fv2%2Ftags&post=72681"}],"curies":[{"name":"wp","href":"https:\/\/api.w.org\/{rel}","templated":true}]}}